{"id":229261,"date":"2024-06-24T05:02:21","date_gmt":"2024-06-24T09:02:21","guid":{"rendered":"https:\/\/www.eldiario.net\/portal\/?p=229261"},"modified":"2024-06-24T05:02:21","modified_gmt":"2024-06-24T09:02:21","slug":"ordenan-a-vicepresidente-validar-7ma-sesion-de-alp","status":"publish","type":"post","link":"https:\/\/www.eldiario.net\/portal\/2024\/06\/24\/ordenan-a-vicepresidente-validar-7ma-sesion-de-alp\/","title":{"rendered":"Ordenan a Vicepresidente validar 7ma. sesi\u00f3n de ALP"},"content":{"rendered":"<p>En respuesta a una acci\u00f3n de libertad presentada por la diputada \u201cevista\u201d Lucy Escobar, una jueza de Cochabamba orden\u00f3 al presidente nato de la Asamblea, David Choquehuanca, convocar a sesi\u00f3n en un plazo de 72 horas para \u201cvalidar\u201d las leyes sancionadas en la s\u00e9ptima sesi\u00f3n legislativa presidida por Andr\u00f3nico Rodr\u00edguez, el 6 de junio.<br \/>\nLa acci\u00f3n de libertad de la legisladora \u201cevista\u201d fue presentada luego del Recurso Directo de Nulidad (RDN) interpuesto por el diputado \u201carcista\u201d Juan Jos\u00e9 J\u00e1uregui, en contra de la sesi\u00f3n presidida por Rodr\u00edguez, por la presunta comisi\u00f3n del delito de usurpaci\u00f3n de funciones en la convocatoria a esa reuni\u00f3n legislativa.<\/p>\n","protected":false},"excerpt":{"rendered":"<p>En respuesta a una acci\u00f3n de libertad presentada por la diputada \u201cevista\u201d Lucy Escobar, una jueza de Cochabamba orden\u00f3 al presidente nato de la Asamblea, David Choquehuanca, convocar a sesi\u00f3n en un plazo de 72 horas para \u201cvalidar\u201d las leyes sancionadas en la s\u00e9ptima sesi\u00f3n legislativa presidida por Andr\u00f3nico Rodr\u00edguez, el 6 de junio. La [&hellip;]<\/p>\n","protected":false},"author":1,"featured_media":229262,"comment_status":"open","ping_status":"open","sticky":false,"template":"","format":"standard","meta":{"_acf_changed":false,"footnotes":""},"categories":[15],"tags":[],"class_list":["post-229261","post","type-post","status-publish","format-standard","has-post-thumbnail","category-portada"],"acf":{"antetitulo":""},"yoast_head":"<!-- This site is optimized with the Yoast SEO plugin v28.3 - https:\/\/yoast.com\/product\/yoast-seo-wordpress\/ -->\n<title>Ordenan a Vicepresidente validar 7ma. sesi\u00f3n de ALP - El Diario - Bolivia<\/title>\n<meta name=\"robots\" content=\"index, follow, max-snippet:-1, max-image-preview:large, max-video-preview:-1\" \/>\n<link rel=\"canonical\" href=\"https:\/\/www.eldiario.net\/portal\/2024\/06\/24\/ordenan-a-vicepresidente-validar-7ma-sesion-de-alp\/\" \/>\n<meta property=\"og:locale\" content=\"es_ES\" \/>\n<meta property=\"og:type\" content=\"article\" \/>\n<meta property=\"og:title\" content=\"Ordenan a Vicepresidente validar 7ma. sesi\u00f3n de ALP - El Diario - Bolivia\" \/>\n<meta property=\"og:description\" content=\"En respuesta a una acci\u00f3n de libertad presentada por la diputada \u201cevista\u201d Lucy Escobar, una jueza de Cochabamba orden\u00f3 al presidente nato de la Asamblea, David Choquehuanca, convocar a sesi\u00f3n en un plazo de 72 horas para \u201cvalidar\u201d las leyes sancionadas en la s\u00e9ptima sesi\u00f3n legislativa presidida por Andr\u00f3nico Rodr\u00edguez, el 6 de junio. La [&hellip;]\" \/>\n<meta property=\"og:url\" content=\"https:\/\/www.eldiario.net\/portal\/2024\/06\/24\/ordenan-a-vicepresidente-validar-7ma-sesion-de-alp\/\" \/>\n<meta property=\"og:site_name\" content=\"El Diario - Bolivia\" \/>\n<meta property=\"article:publisher\" content=\"https:\/\/www.facebook.com\/eldiario.bolivia\/\" \/>\n<meta property=\"article:published_time\" content=\"2024-06-24T09:02:21+00:00\" \/>\n<meta property=\"og:image\" content=\"https:\/\/www.eldiario.net\/portal\/wp-content\/uploads\/2024\/06\/P-5.jpg\" \/>\n\t<meta property=\"og:image:width\" content=\"276\" \/>\n\t<meta property=\"og:image:height\" content=\"183\" \/>\n\t<meta property=\"og:image:type\" content=\"image\/jpeg\" \/>\n<meta name=\"author\" content=\"Jeanette\" \/>\n<meta name=\"twitter:card\" content=\"summary_large_image\" \/>\n<meta name=\"twitter:creator\" content=\"@eldiario_net\" \/>\n<meta name=\"twitter:site\" content=\"@eldiario_net\" \/>\n<meta name=\"twitter:label1\" content=\"Escrito por\" \/>\n\t<meta name=\"twitter:data1\" content=\"Jeanette\" \/>\n\t<meta name=\"twitter:label2\" content=\"Tiempo de lectura\" \/>\n\t<meta name=\"twitter:data2\" content=\"1 minuto\" \/>\n<script type=\"application\/ld+json\" class=\"yoast-schema-graph\">{\"@context\":\"https:\\\/\\\/schema.org\",\"@graph\":[{\"@type\":\"Article\",\"@id\":\"https:\\\/\\\/www.eldiario.net\\\/portal\\\/2024\\\/06\\\/24\\\/ordenan-a-vicepresidente-validar-7ma-sesion-de-alp\\\/#article\",\"isPartOf\":{\"@id\":\"https:\\\/\\\/www.eldiario.net\\\/portal\\\/2024\\\/06\\\/24\\\/ordenan-a-vicepresidente-validar-7ma-sesion-de-alp\\\/\"},\"author\":{\"name\":\"Jeanette\",\"@id\":\"https:\\\/\\\/www.eldiario.net\\\/portal\\\/#\\\/schema\\\/person\\\/f46445640444750d7d753ccd04ae01b7\"},\"headline\":\"Ordenan a Vicepresidente validar 7ma. sesi\u00f3n de ALP\",\"datePublished\":\"2024-06-24T09:02:21+00:00\",\"mainEntityOfPage\":{\"@id\":\"https:\\\/\\\/www.eldiario.net\\\/portal\\\/2024\\\/06\\\/24\\\/ordenan-a-vicepresidente-validar-7ma-sesion-de-alp\\\/\"},\"wordCount\":124,\"commentCount\":0,\"publisher\":{\"@id\":\"https:\\\/\\\/www.eldiario.net\\\/portal\\\/#organization\"},\"image\":{\"@id\":\"https:\\\/\\\/www.eldiario.net\\\/portal\\\/2024\\\/06\\\/24\\\/ordenan-a-vicepresidente-validar-7ma-sesion-de-alp\\\/#primaryimage\"},\"thumbnailUrl\":\"https:\\\/\\\/www.eldiario.net\\\/portal\\\/wp-content\\\/uploads\\\/2024\\\/06\\\/P-5.jpg\",\"articleSection\":[\"Portada\"],\"inLanguage\":\"es\",\"potentialAction\":[{\"@type\":\"CommentAction\",\"name\":\"Comment\",\"target\":[\"https:\\\/\\\/www.eldiario.net\\\/portal\\\/2024\\\/06\\\/24\\\/ordenan-a-vicepresidente-validar-7ma-sesion-de-alp\\\/#respond\"]}]},{\"@type\":\"WebPage\",\"@id\":\"https:\\\/\\\/www.eldiario.net\\\/portal\\\/2024\\\/06\\\/24\\\/ordenan-a-vicepresidente-validar-7ma-sesion-de-alp\\\/\",\"url\":\"https:\\\/\\\/www.eldiario.net\\\/portal\\\/2024\\\/06\\\/24\\\/ordenan-a-vicepresidente-validar-7ma-sesion-de-alp\\\/\",\"name\":\"Ordenan a Vicepresidente validar 7ma. sesi\u00f3n de ALP - El Diario - Bolivia\",\"isPartOf\":{\"@id\":\"https:\\\/\\\/www.eldiario.net\\\/portal\\\/#website\"},\"primaryImageOfPage\":{\"@id\":\"https:\\\/\\\/www.eldiario.net\\\/portal\\\/2024\\\/06\\\/24\\\/ordenan-a-vicepresidente-validar-7ma-sesion-de-alp\\\/#primaryimage\"},\"image\":{\"@id\":\"https:\\\/\\\/www.eldiario.net\\\/portal\\\/2024\\\/06\\\/24\\\/ordenan-a-vicepresidente-validar-7ma-sesion-de-alp\\\/#primaryimage\"},\"thumbnailUrl\":\"https:\\\/\\\/www.eldiario.net\\\/portal\\\/wp-content\\\/uploads\\\/2024\\\/06\\\/P-5.jpg\",\"datePublished\":\"2024-06-24T09:02:21+00:00\",\"breadcrumb\":{\"@id\":\"https:\\\/\\\/www.eldiario.net\\\/portal\\\/2024\\\/06\\\/24\\\/ordenan-a-vicepresidente-validar-7ma-sesion-de-alp\\\/#breadcrumb\"},\"inLanguage\":\"es\",\"potentialAction\":[{\"@type\":\"ReadAction\",\"target\":[\"https:\\\/\\\/www.eldiario.net\\\/portal\\\/2024\\\/06\\\/24\\\/ordenan-a-vicepresidente-validar-7ma-sesion-de-alp\\\/\"]}]},{\"@type\":\"ImageObject\",\"inLanguage\":\"es\",\"@id\":\"https:\\\/\\\/www.eldiario.net\\\/portal\\\/2024\\\/06\\\/24\\\/ordenan-a-vicepresidente-validar-7ma-sesion-de-alp\\\/#primaryimage\",\"url\":\"https:\\\/\\\/www.eldiario.net\\\/portal\\\/wp-content\\\/uploads\\\/2024\\\/06\\\/P-5.jpg\",\"contentUrl\":\"https:\\\/\\\/www.eldiario.net\\\/portal\\\/wp-content\\\/uploads\\\/2024\\\/06\\\/P-5.jpg\",\"width\":276,\"height\":183,\"caption\":\"DAVID CHOQUEHUANCA\"},{\"@type\":\"BreadcrumbList\",\"@id\":\"https:\\\/\\\/www.eldiario.net\\\/portal\\\/2024\\\/06\\\/24\\\/ordenan-a-vicepresidente-validar-7ma-sesion-de-alp\\\/#breadcrumb\",\"itemListElement\":[{\"@type\":\"ListItem\",\"position\":1,\"name\":\"Portada\",\"item\":\"https:\\\/\\\/www.eldiario.net\\\/portal\\\/\"},{\"@type\":\"ListItem\",\"position\":2,\"name\":\"Ordenan a Vicepresidente validar 7ma. sesi\u00f3n de ALP\"}]},{\"@type\":\"WebSite\",\"@id\":\"https:\\\/\\\/www.eldiario.net\\\/portal\\\/#website\",\"url\":\"https:\\\/\\\/www.eldiario.net\\\/portal\\\/\",\"name\":\"El Diario - Decano de la prensa nacional\",\"description\":\"El Diario - Decano de la prensa nacional\",\"publisher\":{\"@id\":\"https:\\\/\\\/www.eldiario.net\\\/portal\\\/#organization\"},\"potentialAction\":[{\"@type\":\"SearchAction\",\"target\":{\"@type\":\"EntryPoint\",\"urlTemplate\":\"https:\\\/\\\/www.eldiario.net\\\/portal\\\/?s={search_term_string}\"},\"query-input\":{\"@type\":\"PropertyValueSpecification\",\"valueRequired\":true,\"valueName\":\"search_term_string\"}}],\"inLanguage\":\"es\"},{\"@type\":\"Organization\",\"@id\":\"https:\\\/\\\/www.eldiario.net\\\/portal\\\/#organization\",\"name\":\"El Diario - Decano de la prensa nacional\",\"url\":\"https:\\\/\\\/www.eldiario.net\\\/portal\\\/\",\"logo\":{\"@type\":\"ImageObject\",\"inLanguage\":\"es\",\"@id\":\"https:\\\/\\\/www.eldiario.net\\\/portal\\\/#\\\/schema\\\/logo\\\/image\\\/\",\"url\":\"https:\\\/\\\/www.eldiario.net\\\/portal\\\/wp-content\\\/uploads\\\/2023\\\/07\\\/logo_ED.jpg\",\"contentUrl\":\"https:\\\/\\\/www.eldiario.net\\\/portal\\\/wp-content\\\/uploads\\\/2023\\\/07\\\/logo_ED.jpg\",\"width\":272,\"height\":52,\"caption\":\"El Diario - Decano de la prensa nacional\"},\"image\":{\"@id\":\"https:\\\/\\\/www.eldiario.net\\\/portal\\\/#\\\/schema\\\/logo\\\/image\\\/\"},\"sameAs\":[\"https:\\\/\\\/www.facebook.com\\\/eldiario.bolivia\\\/\",\"https:\\\/\\\/x.com\\\/eldiario_net\"]},{\"@type\":\"Person\",\"@id\":\"https:\\\/\\\/www.eldiario.net\\\/portal\\\/#\\\/schema\\\/person\\\/f46445640444750d7d753ccd04ae01b7\",\"name\":\"Jeanette\",\"image\":{\"@type\":\"ImageObject\",\"inLanguage\":\"es\",\"@id\":\"https:\\\/\\\/secure.gravatar.com\\\/avatar\\\/3ea2118a5f7dad2b7138b1187a6b7ee55f160b9968b66013c3a3ef39dd7e5798?s=96&d=mm&r=g\",\"url\":\"https:\\\/\\\/secure.gravatar.com\\\/avatar\\\/3ea2118a5f7dad2b7138b1187a6b7ee55f160b9968b66013c3a3ef39dd7e5798?s=96&d=mm&r=g\",\"contentUrl\":\"https:\\\/\\\/secure.gravatar.com\\\/avatar\\\/3ea2118a5f7dad2b7138b1187a6b7ee55f160b9968b66013c3a3ef39dd7e5798?s=96&d=mm&r=g\",\"caption\":\"Jeanette\"},\"sameAs\":[\"https:\\\/\\\/www.eldiario.net\\\/portal\"],\"url\":\"https:\\\/\\\/www.eldiario.net\\\/portal\\\/author\\\/jeanette\\\/\"}]}<\/script>\n<!-- \/ Yoast SEO plugin. -->","yoast_head_json":{"title":"Ordenan a Vicepresidente validar 7ma. sesi\u00f3n de ALP - El Diario - Bolivia","robots":{"index":"index","follow":"follow","max-snippet":"max-snippet:-1","max-image-preview":"max-image-preview:large","max-video-preview":"max-video-preview:-1"},"canonical":"https:\/\/www.eldiario.net\/portal\/2024\/06\/24\/ordenan-a-vicepresidente-validar-7ma-sesion-de-alp\/","og_locale":"es_ES","og_type":"article","og_title":"Ordenan a Vicepresidente validar 7ma. sesi\u00f3n de ALP - El Diario - Bolivia","og_description":"En respuesta a una acci\u00f3n de libertad presentada por la diputada \u201cevista\u201d Lucy Escobar, una jueza de Cochabamba orden\u00f3 al presidente nato de la Asamblea, David Choquehuanca, convocar a sesi\u00f3n en un plazo de 72 horas para \u201cvalidar\u201d las leyes sancionadas en la s\u00e9ptima sesi\u00f3n legislativa presidida por Andr\u00f3nico Rodr\u00edguez, el 6 de junio. La [&hellip;]","og_url":"https:\/\/www.eldiario.net\/portal\/2024\/06\/24\/ordenan-a-vicepresidente-validar-7ma-sesion-de-alp\/","og_site_name":"El Diario - Bolivia","article_publisher":"https:\/\/www.facebook.com\/eldiario.bolivia\/","article_published_time":"2024-06-24T09:02:21+00:00","og_image":[{"width":276,"height":183,"url":"https:\/\/www.eldiario.net\/portal\/wp-content\/uploads\/2024\/06\/P-5.jpg","type":"image\/jpeg"}],"author":"Jeanette","twitter_card":"summary_large_image","twitter_creator":"@eldiario_net","twitter_site":"@eldiario_net","twitter_misc":{"Escrito por":"Jeanette","Tiempo de lectura":"1 minuto"},"schema":{"@context":"https:\/\/schema.org","@graph":[{"@type":"Article","@id":"https:\/\/www.eldiario.net\/portal\/2024\/06\/24\/ordenan-a-vicepresidente-validar-7ma-sesion-de-alp\/#article","isPartOf":{"@id":"https:\/\/www.eldiario.net\/portal\/2024\/06\/24\/ordenan-a-vicepresidente-validar-7ma-sesion-de-alp\/"},"author":{"name":"Jeanette","@id":"https:\/\/www.eldiario.net\/portal\/#\/schema\/person\/f46445640444750d7d753ccd04ae01b7"},"headline":"Ordenan a Vicepresidente validar 7ma. sesi\u00f3n de ALP","datePublished":"2024-06-24T09:02:21+00:00","mainEntityOfPage":{"@id":"https:\/\/www.eldiario.net\/portal\/2024\/06\/24\/ordenan-a-vicepresidente-validar-7ma-sesion-de-alp\/"},"wordCount":124,"commentCount":0,"publisher":{"@id":"https:\/\/www.eldiario.net\/portal\/#organization"},"image":{"@id":"https:\/\/www.eldiario.net\/portal\/2024\/06\/24\/ordenan-a-vicepresidente-validar-7ma-sesion-de-alp\/#primaryimage"},"thumbnailUrl":"https:\/\/www.eldiario.net\/portal\/wp-content\/uploads\/2024\/06\/P-5.jpg","articleSection":["Portada"],"inLanguage":"es","potentialAction":[{"@type":"CommentAction","name":"Comment","target":["https:\/\/www.eldiario.net\/portal\/2024\/06\/24\/ordenan-a-vicepresidente-validar-7ma-sesion-de-alp\/#respond"]}]},{"@type":"WebPage","@id":"https:\/\/www.eldiario.net\/portal\/2024\/06\/24\/ordenan-a-vicepresidente-validar-7ma-sesion-de-alp\/","url":"https:\/\/www.eldiario.net\/portal\/2024\/06\/24\/ordenan-a-vicepresidente-validar-7ma-sesion-de-alp\/","name":"Ordenan a Vicepresidente validar 7ma. sesi\u00f3n de ALP - El Diario - Bolivia","isPartOf":{"@id":"https:\/\/www.eldiario.net\/portal\/#website"},"primaryImageOfPage":{"@id":"https:\/\/www.eldiario.net\/portal\/2024\/06\/24\/ordenan-a-vicepresidente-validar-7ma-sesion-de-alp\/#primaryimage"},"image":{"@id":"https:\/\/www.eldiario.net\/portal\/2024\/06\/24\/ordenan-a-vicepresidente-validar-7ma-sesion-de-alp\/#primaryimage"},"thumbnailUrl":"https:\/\/www.eldiario.net\/portal\/wp-content\/uploads\/2024\/06\/P-5.jpg","datePublished":"2024-06-24T09:02:21+00:00","breadcrumb":{"@id":"https:\/\/www.eldiario.net\/portal\/2024\/06\/24\/ordenan-a-vicepresidente-validar-7ma-sesion-de-alp\/#breadcrumb"},"inLanguage":"es","potentialAction":[{"@type":"ReadAction","target":["https:\/\/www.eldiario.net\/portal\/2024\/06\/24\/ordenan-a-vicepresidente-validar-7ma-sesion-de-alp\/"]}]},{"@type":"ImageObject","inLanguage":"es","@id":"https:\/\/www.eldiario.net\/portal\/2024\/06\/24\/ordenan-a-vicepresidente-validar-7ma-sesion-de-alp\/#primaryimage","url":"https:\/\/www.eldiario.net\/portal\/wp-content\/uploads\/2024\/06\/P-5.jpg","contentUrl":"https:\/\/www.eldiario.net\/portal\/wp-content\/uploads\/2024\/06\/P-5.jpg","width":276,"height":183,"caption":"DAVID CHOQUEHUANCA"},{"@type":"BreadcrumbList","@id":"https:\/\/www.eldiario.net\/portal\/2024\/06\/24\/ordenan-a-vicepresidente-validar-7ma-sesion-de-alp\/#breadcrumb","itemListElement":[{"@type":"ListItem","position":1,"name":"Portada","item":"https:\/\/www.eldiario.net\/portal\/"},{"@type":"ListItem","position":2,"name":"Ordenan a Vicepresidente validar 7ma. sesi\u00f3n de ALP"}]},{"@type":"WebSite","@id":"https:\/\/www.eldiario.net\/portal\/#website","url":"https:\/\/www.eldiario.net\/portal\/","name":"El Diario - Decano de la prensa nacional","description":"El Diario - Decano de la prensa nacional","publisher":{"@id":"https:\/\/www.eldiario.net\/portal\/#organization"},"potentialAction":[{"@type":"SearchAction","target":{"@type":"EntryPoint","urlTemplate":"https:\/\/www.eldiario.net\/portal\/?s={search_term_string}"},"query-input":{"@type":"PropertyValueSpecification","valueRequired":true,"valueName":"search_term_string"}}],"inLanguage":"es"},{"@type":"Organization","@id":"https:\/\/www.eldiario.net\/portal\/#organization","name":"El Diario - Decano de la prensa nacional","url":"https:\/\/www.eldiario.net\/portal\/","logo":{"@type":"ImageObject","inLanguage":"es","@id":"https:\/\/www.eldiario.net\/portal\/#\/schema\/logo\/image\/","url":"https:\/\/www.eldiario.net\/portal\/wp-content\/uploads\/2023\/07\/logo_ED.jpg","contentUrl":"https:\/\/www.eldiario.net\/portal\/wp-content\/uploads\/2023\/07\/logo_ED.jpg","width":272,"height":52,"caption":"El Diario - Decano de la prensa nacional"},"image":{"@id":"https:\/\/www.eldiario.net\/portal\/#\/schema\/logo\/image\/"},"sameAs":["https:\/\/www.facebook.com\/eldiario.bolivia\/","https:\/\/x.com\/eldiario_net"]},{"@type":"Person","@id":"https:\/\/www.eldiario.net\/portal\/#\/schema\/person\/f46445640444750d7d753ccd04ae01b7","name":"Jeanette","image":{"@type":"ImageObject","inLanguage":"es","@id":"https:\/\/secure.gravatar.com\/avatar\/3ea2118a5f7dad2b7138b1187a6b7ee55f160b9968b66013c3a3ef39dd7e5798?s=96&d=mm&r=g","url":"https:\/\/secure.gravatar.com\/avatar\/3ea2118a5f7dad2b7138b1187a6b7ee55f160b9968b66013c3a3ef39dd7e5798?s=96&d=mm&r=g","contentUrl":"https:\/\/secure.gravatar.com\/avatar\/3ea2118a5f7dad2b7138b1187a6b7ee55f160b9968b66013c3a3ef39dd7e5798?s=96&d=mm&r=g","caption":"Jeanette"},"sameAs":["https:\/\/www.eldiario.net\/portal"],"url":"https:\/\/www.eldiario.net\/portal\/author\/jeanette\/"}]}},"_links":{"self":[{"href":"https:\/\/www.eldiario.net\/portal\/wp-json\/wp\/v2\/posts\/229261","targetHints":{"allow":["GET"]}}],"collection":[{"href":"https:\/\/www.eldiario.net\/portal\/wp-json\/wp\/v2\/posts"}],"about":[{"href":"https:\/\/www.eldiario.net\/portal\/wp-json\/wp\/v2\/types\/post"}],"author":[{"embeddable":true,"href":"https:\/\/www.eldiario.net\/portal\/wp-json\/wp\/v2\/users\/1"}],"replies":[{"embeddable":true,"href":"https:\/\/www.eldiario.net\/portal\/wp-json\/wp\/v2\/comments?post=229261"}],"version-history":[{"count":1,"href":"https:\/\/www.eldiario.net\/portal\/wp-json\/wp\/v2\/posts\/229261\/revisions"}],"predecessor-version":[{"id":229263,"href":"https:\/\/www.eldiario.net\/portal\/wp-json\/wp\/v2\/posts\/229261\/revisions\/229263"}],"wp:featuredmedia":[{"embeddable":true,"href":"https:\/\/www.eldiario.net\/portal\/wp-json\/wp\/v2\/media\/229262"}],"wp:attachment":[{"href":"https:\/\/www.eldiario.net\/portal\/wp-json\/wp\/v2\/media?parent=229261"}],"wp:term":[{"taxonomy":"category","embeddable":true,"href":"https:\/\/www.eldiario.net\/portal\/wp-json\/wp\/v2\/categories?post=229261"},{"taxonomy":"post_tag","embeddable":true,"href":"https:\/\/www.eldiario.net\/portal\/wp-json\/wp\/v2\/tags?post=229261"}],"curies":[{"name":"wp","href":"https:\/\/api.w.org\/{rel}","templated":true}]}}