{"id":229226,"date":"2024-06-23T06:38:30","date_gmt":"2024-06-23T10:38:30","guid":{"rendered":"https:\/\/www.eldiario.net\/portal\/?p=229226"},"modified":"2024-06-23T06:38:30","modified_gmt":"2024-06-23T10:38:30","slug":"cuales-son-las-causas-de-la-infertilidad-masculina","status":"publish","type":"post","link":"https:\/\/www.eldiario.net\/portal\/2024\/06\/23\/cuales-son-las-causas-de-la-infertilidad-masculina\/","title":{"rendered":"\u00bfCU\u00c1LES SON LAS CAUSAS DE LA INFERTILIDAD MASCULINA?"},"content":{"rendered":"<p>Dr. Jos\u00e9 Manuel Michel Ram\u00edrez &#8211; Urolog\u00eda y Cirug\u00eda Urol\u00f3gica de M\u00ednima Invasi\u00f3n<\/p>\n<p>&nbsp;<\/p>\n<p>La incapacidad de concebir un hijo puede ser estresante y frustrante, un diagn\u00f3stico de infertilidad se da a una pareja que son incapaces de concebir en el transcurso de un a\u00f1o.<\/p>\n<p>Esta condici\u00f3n afecta aproximadamente a 1 de cada 6 parejas, cuando el problema radica en el hombre se refiere a infertilidad masculina y representa cerca de un tercio del total de los casos.<\/p>\n<p>La infertilidad masculina se debe a una baja producci\u00f3n de esperma, anomal\u00edas en la funci\u00f3n del esperma o a obstrucciones que impiden su salida. Las enfermedades, las lesiones, los problemas de salud cr\u00f3nicos, las elecciones de estilo de vida y otros factores contribuyen a padecerla.<\/p>\n<p>&nbsp;<\/p>\n<p><strong>\u00bfCu\u00e1les son las causas de la infertilidad masculina?<\/strong><\/p>\n<p>El esperma puede ser considerado anormal por dos posibles razones: Corto per\u00edodo de vida de los espermatozoides y\/o de baja movilidad.<\/p>\n<p>Las anormalidades en el esperma pueden ser causadas por uno o m\u00e1s de los siguientes factores:<\/p>\n<ul>\n<li>Inflamaci\u00f3n de los test\u00edculos.<\/li>\n<li>Venas hinchadas en el escroto.<\/li>\n<li>Test\u00edculos anormalmente desarrollados.<\/li>\n<\/ul>\n<p>Existen razones para un conteo bajo de espermatozoides o bien, la falta del mismo:<\/p>\n<ul>\n<li>Una condici\u00f3n gen\u00e9tica preexistente.<\/li>\n<li>El consumo de alcohol, tabaco u otras drogas.<\/li>\n<li>Infecci\u00f3n severa de paperas despu\u00e9s de la pubertad.<\/li>\n<li>Reparaciones de hernia.<\/li>\n<li>Trastorno hormonal.<\/li>\n<li>La exposici\u00f3n a sustancias qu\u00edmicas t\u00f3xicas y radiaci\u00f3n.<\/li>\n<li>La obstrucci\u00f3n causada por una infecci\u00f3n previa.<\/li>\n<\/ul>\n<p>La infertilidad masculina tambi\u00e9n puede ocurrir cuando hay problemas con la eyaculaci\u00f3n:<\/p>\n<ul>\n<li>Eyaculaci\u00f3n precoz.<\/li>\n<li>La eyaculaci\u00f3n retr\u00f3grada.<\/li>\n<li>Disfunciones de erecci\u00f3n.<\/li>\n<li>Las complicaciones de la radioterapia o la cirug\u00eda.<\/li>\n<\/ul>\n<p>La incapacidad de concebir de muchas parejas se debe a m\u00e1s de una causa, afortunadamente existen varios tratamientos para la infertilidad masculina.<\/p>\n<p>&nbsp;<\/p>\n","protected":false},"excerpt":{"rendered":"<p>Dr. Jos\u00e9 Manuel Michel Ram\u00edrez &#8211; Urolog\u00eda y Cirug\u00eda Urol\u00f3gica de M\u00ednima Invasi\u00f3n &nbsp; La incapacidad de concebir un hijo puede ser estresante y frustrante, un diagn\u00f3stico de infertilidad se da a una pareja que son incapaces de concebir en el transcurso de un a\u00f1o. Esta condici\u00f3n afecta aproximadamente a 1 de cada 6 parejas, [&hellip;]<\/p>\n","protected":false},"author":1,"featured_media":229227,"comment_status":"open","ping_status":"open","sticky":false,"template":"","format":"standard","meta":{"_acf_changed":false,"footnotes":""},"categories":[52],"tags":[],"class_list":["post-229226","post","type-post","status-publish","format-standard","has-post-thumbnail","category-de-salud-mas-vida"],"acf":{"antetitulo":""},"yoast_head":"<!-- This site is optimized with the Yoast SEO plugin v28.3 - https:\/\/yoast.com\/product\/yoast-seo-wordpress\/ -->\n<title>\u00bfCU\u00c1LES SON LAS CAUSAS DE LA INFERTILIDAD MASCULINA? - El Diario - Bolivia<\/title>\n<meta name=\"robots\" content=\"index, follow, max-snippet:-1, max-image-preview:large, max-video-preview:-1\" \/>\n<link rel=\"canonical\" href=\"https:\/\/www.eldiario.net\/portal\/2024\/06\/23\/cuales-son-las-causas-de-la-infertilidad-masculina\/\" \/>\n<meta property=\"og:locale\" content=\"es_ES\" \/>\n<meta property=\"og:type\" content=\"article\" \/>\n<meta property=\"og:title\" content=\"\u00bfCU\u00c1LES SON LAS CAUSAS DE LA INFERTILIDAD MASCULINA? - El Diario - Bolivia\" \/>\n<meta property=\"og:description\" content=\"Dr. Jos\u00e9 Manuel Michel Ram\u00edrez &#8211; Urolog\u00eda y Cirug\u00eda Urol\u00f3gica de M\u00ednima Invasi\u00f3n &nbsp; La incapacidad de concebir un hijo puede ser estresante y frustrante, un diagn\u00f3stico de infertilidad se da a una pareja que son incapaces de concebir en el transcurso de un a\u00f1o. Esta condici\u00f3n afecta aproximadamente a 1 de cada 6 parejas, [&hellip;]\" \/>\n<meta property=\"og:url\" content=\"https:\/\/www.eldiario.net\/portal\/2024\/06\/23\/cuales-son-las-causas-de-la-infertilidad-masculina\/\" \/>\n<meta property=\"og:site_name\" content=\"El Diario - Bolivia\" \/>\n<meta property=\"article:publisher\" content=\"https:\/\/www.facebook.com\/eldiario.bolivia\/\" \/>\n<meta property=\"article:published_time\" content=\"2024-06-23T10:38:30+00:00\" \/>\n<meta property=\"og:image\" content=\"https:\/\/www.eldiario.net\/portal\/wp-content\/uploads\/2024\/06\/\u00bfCUALES-SON-LAS-CAUSAS-DE-LA-INFERTILIDAD-MASCULINA.jpg\" \/>\n\t<meta property=\"og:image:width\" content=\"1200\" \/>\n\t<meta property=\"og:image:height\" content=\"825\" \/>\n\t<meta property=\"og:image:type\" content=\"image\/jpeg\" \/>\n<meta name=\"author\" content=\"Jeanette\" \/>\n<meta name=\"twitter:card\" content=\"summary_large_image\" \/>\n<meta name=\"twitter:creator\" content=\"@eldiario_net\" \/>\n<meta name=\"twitter:site\" content=\"@eldiario_net\" \/>\n<meta name=\"twitter:label1\" content=\"Escrito por\" \/>\n\t<meta name=\"twitter:data1\" content=\"Jeanette\" \/>\n\t<meta name=\"twitter:label2\" content=\"Tiempo de lectura\" \/>\n\t<meta name=\"twitter:data2\" content=\"2 minutos\" \/>\n<script type=\"application\/ld+json\" class=\"yoast-schema-graph\">{\"@context\":\"https:\\\/\\\/schema.org\",\"@graph\":[{\"@type\":\"Article\",\"@id\":\"https:\\\/\\\/www.eldiario.net\\\/portal\\\/2024\\\/06\\\/23\\\/cuales-son-las-causas-de-la-infertilidad-masculina\\\/#article\",\"isPartOf\":{\"@id\":\"https:\\\/\\\/www.eldiario.net\\\/portal\\\/2024\\\/06\\\/23\\\/cuales-son-las-causas-de-la-infertilidad-masculina\\\/\"},\"author\":{\"name\":\"Jeanette\",\"@id\":\"https:\\\/\\\/www.eldiario.net\\\/portal\\\/#\\\/schema\\\/person\\\/f46445640444750d7d753ccd04ae01b7\"},\"headline\":\"\u00bfCU\u00c1LES SON LAS CAUSAS DE LA INFERTILIDAD MASCULINA?\",\"datePublished\":\"2024-06-23T10:38:30+00:00\",\"mainEntityOfPage\":{\"@id\":\"https:\\\/\\\/www.eldiario.net\\\/portal\\\/2024\\\/06\\\/23\\\/cuales-son-las-causas-de-la-infertilidad-masculina\\\/\"},\"wordCount\":331,\"commentCount\":0,\"publisher\":{\"@id\":\"https:\\\/\\\/www.eldiario.net\\\/portal\\\/#organization\"},\"image\":{\"@id\":\"https:\\\/\\\/www.eldiario.net\\\/portal\\\/2024\\\/06\\\/23\\\/cuales-son-las-causas-de-la-infertilidad-masculina\\\/#primaryimage\"},\"thumbnailUrl\":\"https:\\\/\\\/www.eldiario.net\\\/portal\\\/wp-content\\\/uploads\\\/2024\\\/06\\\/\u00bfCUALES-SON-LAS-CAUSAS-DE-LA-INFERTILIDAD-MASCULINA.jpg\",\"articleSection\":[\"De Salud + vida\"],\"inLanguage\":\"es\",\"potentialAction\":[{\"@type\":\"CommentAction\",\"name\":\"Comment\",\"target\":[\"https:\\\/\\\/www.eldiario.net\\\/portal\\\/2024\\\/06\\\/23\\\/cuales-son-las-causas-de-la-infertilidad-masculina\\\/#respond\"]}]},{\"@type\":\"WebPage\",\"@id\":\"https:\\\/\\\/www.eldiario.net\\\/portal\\\/2024\\\/06\\\/23\\\/cuales-son-las-causas-de-la-infertilidad-masculina\\\/\",\"url\":\"https:\\\/\\\/www.eldiario.net\\\/portal\\\/2024\\\/06\\\/23\\\/cuales-son-las-causas-de-la-infertilidad-masculina\\\/\",\"name\":\"\u00bfCU\u00c1LES SON LAS CAUSAS DE LA INFERTILIDAD MASCULINA? - El Diario - Bolivia\",\"isPartOf\":{\"@id\":\"https:\\\/\\\/www.eldiario.net\\\/portal\\\/#website\"},\"primaryImageOfPage\":{\"@id\":\"https:\\\/\\\/www.eldiario.net\\\/portal\\\/2024\\\/06\\\/23\\\/cuales-son-las-causas-de-la-infertilidad-masculina\\\/#primaryimage\"},\"image\":{\"@id\":\"https:\\\/\\\/www.eldiario.net\\\/portal\\\/2024\\\/06\\\/23\\\/cuales-son-las-causas-de-la-infertilidad-masculina\\\/#primaryimage\"},\"thumbnailUrl\":\"https:\\\/\\\/www.eldiario.net\\\/portal\\\/wp-content\\\/uploads\\\/2024\\\/06\\\/\u00bfCUALES-SON-LAS-CAUSAS-DE-LA-INFERTILIDAD-MASCULINA.jpg\",\"datePublished\":\"2024-06-23T10:38:30+00:00\",\"breadcrumb\":{\"@id\":\"https:\\\/\\\/www.eldiario.net\\\/portal\\\/2024\\\/06\\\/23\\\/cuales-son-las-causas-de-la-infertilidad-masculina\\\/#breadcrumb\"},\"inLanguage\":\"es\",\"potentialAction\":[{\"@type\":\"ReadAction\",\"target\":[\"https:\\\/\\\/www.eldiario.net\\\/portal\\\/2024\\\/06\\\/23\\\/cuales-son-las-causas-de-la-infertilidad-masculina\\\/\"]}]},{\"@type\":\"ImageObject\",\"inLanguage\":\"es\",\"@id\":\"https:\\\/\\\/www.eldiario.net\\\/portal\\\/2024\\\/06\\\/23\\\/cuales-son-las-causas-de-la-infertilidad-masculina\\\/#primaryimage\",\"url\":\"https:\\\/\\\/www.eldiario.net\\\/portal\\\/wp-content\\\/uploads\\\/2024\\\/06\\\/\u00bfCUALES-SON-LAS-CAUSAS-DE-LA-INFERTILIDAD-MASCULINA.jpg\",\"contentUrl\":\"https:\\\/\\\/www.eldiario.net\\\/portal\\\/wp-content\\\/uploads\\\/2024\\\/06\\\/\u00bfCUALES-SON-LAS-CAUSAS-DE-LA-INFERTILIDAD-MASCULINA.jpg\",\"width\":1200,\"height\":825},{\"@type\":\"BreadcrumbList\",\"@id\":\"https:\\\/\\\/www.eldiario.net\\\/portal\\\/2024\\\/06\\\/23\\\/cuales-son-las-causas-de-la-infertilidad-masculina\\\/#breadcrumb\",\"itemListElement\":[{\"@type\":\"ListItem\",\"position\":1,\"name\":\"Portada\",\"item\":\"https:\\\/\\\/www.eldiario.net\\\/portal\\\/\"},{\"@type\":\"ListItem\",\"position\":2,\"name\":\"\u00bfCU\u00c1LES SON LAS CAUSAS DE LA INFERTILIDAD MASCULINA?\"}]},{\"@type\":\"WebSite\",\"@id\":\"https:\\\/\\\/www.eldiario.net\\\/portal\\\/#website\",\"url\":\"https:\\\/\\\/www.eldiario.net\\\/portal\\\/\",\"name\":\"El Diario - Decano de la prensa nacional\",\"description\":\"El Diario - Decano de la prensa nacional\",\"publisher\":{\"@id\":\"https:\\\/\\\/www.eldiario.net\\\/portal\\\/#organization\"},\"potentialAction\":[{\"@type\":\"SearchAction\",\"target\":{\"@type\":\"EntryPoint\",\"urlTemplate\":\"https:\\\/\\\/www.eldiario.net\\\/portal\\\/?s={search_term_string}\"},\"query-input\":{\"@type\":\"PropertyValueSpecification\",\"valueRequired\":true,\"valueName\":\"search_term_string\"}}],\"inLanguage\":\"es\"},{\"@type\":\"Organization\",\"@id\":\"https:\\\/\\\/www.eldiario.net\\\/portal\\\/#organization\",\"name\":\"El Diario - Decano de la prensa nacional\",\"url\":\"https:\\\/\\\/www.eldiario.net\\\/portal\\\/\",\"logo\":{\"@type\":\"ImageObject\",\"inLanguage\":\"es\",\"@id\":\"https:\\\/\\\/www.eldiario.net\\\/portal\\\/#\\\/schema\\\/logo\\\/image\\\/\",\"url\":\"https:\\\/\\\/www.eldiario.net\\\/portal\\\/wp-content\\\/uploads\\\/2023\\\/07\\\/logo_ED.jpg\",\"contentUrl\":\"https:\\\/\\\/www.eldiario.net\\\/portal\\\/wp-content\\\/uploads\\\/2023\\\/07\\\/logo_ED.jpg\",\"width\":272,\"height\":52,\"caption\":\"El Diario - Decano de la prensa nacional\"},\"image\":{\"@id\":\"https:\\\/\\\/www.eldiario.net\\\/portal\\\/#\\\/schema\\\/logo\\\/image\\\/\"},\"sameAs\":[\"https:\\\/\\\/www.facebook.com\\\/eldiario.bolivia\\\/\",\"https:\\\/\\\/x.com\\\/eldiario_net\"]},{\"@type\":\"Person\",\"@id\":\"https:\\\/\\\/www.eldiario.net\\\/portal\\\/#\\\/schema\\\/person\\\/f46445640444750d7d753ccd04ae01b7\",\"name\":\"Jeanette\",\"image\":{\"@type\":\"ImageObject\",\"inLanguage\":\"es\",\"@id\":\"https:\\\/\\\/secure.gravatar.com\\\/avatar\\\/3ea2118a5f7dad2b7138b1187a6b7ee55f160b9968b66013c3a3ef39dd7e5798?s=96&d=mm&r=g\",\"url\":\"https:\\\/\\\/secure.gravatar.com\\\/avatar\\\/3ea2118a5f7dad2b7138b1187a6b7ee55f160b9968b66013c3a3ef39dd7e5798?s=96&d=mm&r=g\",\"contentUrl\":\"https:\\\/\\\/secure.gravatar.com\\\/avatar\\\/3ea2118a5f7dad2b7138b1187a6b7ee55f160b9968b66013c3a3ef39dd7e5798?s=96&d=mm&r=g\",\"caption\":\"Jeanette\"},\"sameAs\":[\"https:\\\/\\\/www.eldiario.net\\\/portal\"],\"url\":\"https:\\\/\\\/www.eldiario.net\\\/portal\\\/author\\\/jeanette\\\/\"}]}<\/script>\n<!-- \/ Yoast SEO plugin. -->","yoast_head_json":{"title":"\u00bfCU\u00c1LES SON LAS CAUSAS DE LA INFERTILIDAD MASCULINA? - El Diario - Bolivia","robots":{"index":"index","follow":"follow","max-snippet":"max-snippet:-1","max-image-preview":"max-image-preview:large","max-video-preview":"max-video-preview:-1"},"canonical":"https:\/\/www.eldiario.net\/portal\/2024\/06\/23\/cuales-son-las-causas-de-la-infertilidad-masculina\/","og_locale":"es_ES","og_type":"article","og_title":"\u00bfCU\u00c1LES SON LAS CAUSAS DE LA INFERTILIDAD MASCULINA? - El Diario - Bolivia","og_description":"Dr. Jos\u00e9 Manuel Michel Ram\u00edrez &#8211; Urolog\u00eda y Cirug\u00eda Urol\u00f3gica de M\u00ednima Invasi\u00f3n &nbsp; La incapacidad de concebir un hijo puede ser estresante y frustrante, un diagn\u00f3stico de infertilidad se da a una pareja que son incapaces de concebir en el transcurso de un a\u00f1o. Esta condici\u00f3n afecta aproximadamente a 1 de cada 6 parejas, [&hellip;]","og_url":"https:\/\/www.eldiario.net\/portal\/2024\/06\/23\/cuales-son-las-causas-de-la-infertilidad-masculina\/","og_site_name":"El Diario - Bolivia","article_publisher":"https:\/\/www.facebook.com\/eldiario.bolivia\/","article_published_time":"2024-06-23T10:38:30+00:00","og_image":[{"width":1200,"height":825,"url":"https:\/\/www.eldiario.net\/portal\/wp-content\/uploads\/2024\/06\/\u00bfCUALES-SON-LAS-CAUSAS-DE-LA-INFERTILIDAD-MASCULINA.jpg","type":"image\/jpeg"}],"author":"Jeanette","twitter_card":"summary_large_image","twitter_creator":"@eldiario_net","twitter_site":"@eldiario_net","twitter_misc":{"Escrito por":"Jeanette","Tiempo de lectura":"2 minutos"},"schema":{"@context":"https:\/\/schema.org","@graph":[{"@type":"Article","@id":"https:\/\/www.eldiario.net\/portal\/2024\/06\/23\/cuales-son-las-causas-de-la-infertilidad-masculina\/#article","isPartOf":{"@id":"https:\/\/www.eldiario.net\/portal\/2024\/06\/23\/cuales-son-las-causas-de-la-infertilidad-masculina\/"},"author":{"name":"Jeanette","@id":"https:\/\/www.eldiario.net\/portal\/#\/schema\/person\/f46445640444750d7d753ccd04ae01b7"},"headline":"\u00bfCU\u00c1LES SON LAS CAUSAS DE LA INFERTILIDAD MASCULINA?","datePublished":"2024-06-23T10:38:30+00:00","mainEntityOfPage":{"@id":"https:\/\/www.eldiario.net\/portal\/2024\/06\/23\/cuales-son-las-causas-de-la-infertilidad-masculina\/"},"wordCount":331,"commentCount":0,"publisher":{"@id":"https:\/\/www.eldiario.net\/portal\/#organization"},"image":{"@id":"https:\/\/www.eldiario.net\/portal\/2024\/06\/23\/cuales-son-las-causas-de-la-infertilidad-masculina\/#primaryimage"},"thumbnailUrl":"https:\/\/www.eldiario.net\/portal\/wp-content\/uploads\/2024\/06\/\u00bfCUALES-SON-LAS-CAUSAS-DE-LA-INFERTILIDAD-MASCULINA.jpg","articleSection":["De Salud + vida"],"inLanguage":"es","potentialAction":[{"@type":"CommentAction","name":"Comment","target":["https:\/\/www.eldiario.net\/portal\/2024\/06\/23\/cuales-son-las-causas-de-la-infertilidad-masculina\/#respond"]}]},{"@type":"WebPage","@id":"https:\/\/www.eldiario.net\/portal\/2024\/06\/23\/cuales-son-las-causas-de-la-infertilidad-masculina\/","url":"https:\/\/www.eldiario.net\/portal\/2024\/06\/23\/cuales-son-las-causas-de-la-infertilidad-masculina\/","name":"\u00bfCU\u00c1LES SON LAS CAUSAS DE LA INFERTILIDAD MASCULINA? - El Diario - Bolivia","isPartOf":{"@id":"https:\/\/www.eldiario.net\/portal\/#website"},"primaryImageOfPage":{"@id":"https:\/\/www.eldiario.net\/portal\/2024\/06\/23\/cuales-son-las-causas-de-la-infertilidad-masculina\/#primaryimage"},"image":{"@id":"https:\/\/www.eldiario.net\/portal\/2024\/06\/23\/cuales-son-las-causas-de-la-infertilidad-masculina\/#primaryimage"},"thumbnailUrl":"https:\/\/www.eldiario.net\/portal\/wp-content\/uploads\/2024\/06\/\u00bfCUALES-SON-LAS-CAUSAS-DE-LA-INFERTILIDAD-MASCULINA.jpg","datePublished":"2024-06-23T10:38:30+00:00","breadcrumb":{"@id":"https:\/\/www.eldiario.net\/portal\/2024\/06\/23\/cuales-son-las-causas-de-la-infertilidad-masculina\/#breadcrumb"},"inLanguage":"es","potentialAction":[{"@type":"ReadAction","target":["https:\/\/www.eldiario.net\/portal\/2024\/06\/23\/cuales-son-las-causas-de-la-infertilidad-masculina\/"]}]},{"@type":"ImageObject","inLanguage":"es","@id":"https:\/\/www.eldiario.net\/portal\/2024\/06\/23\/cuales-son-las-causas-de-la-infertilidad-masculina\/#primaryimage","url":"https:\/\/www.eldiario.net\/portal\/wp-content\/uploads\/2024\/06\/\u00bfCUALES-SON-LAS-CAUSAS-DE-LA-INFERTILIDAD-MASCULINA.jpg","contentUrl":"https:\/\/www.eldiario.net\/portal\/wp-content\/uploads\/2024\/06\/\u00bfCUALES-SON-LAS-CAUSAS-DE-LA-INFERTILIDAD-MASCULINA.jpg","width":1200,"height":825},{"@type":"BreadcrumbList","@id":"https:\/\/www.eldiario.net\/portal\/2024\/06\/23\/cuales-son-las-causas-de-la-infertilidad-masculina\/#breadcrumb","itemListElement":[{"@type":"ListItem","position":1,"name":"Portada","item":"https:\/\/www.eldiario.net\/portal\/"},{"@type":"ListItem","position":2,"name":"\u00bfCU\u00c1LES SON LAS CAUSAS DE LA INFERTILIDAD MASCULINA?"}]},{"@type":"WebSite","@id":"https:\/\/www.eldiario.net\/portal\/#website","url":"https:\/\/www.eldiario.net\/portal\/","name":"El Diario - Decano de la prensa nacional","description":"El Diario - Decano de la prensa nacional","publisher":{"@id":"https:\/\/www.eldiario.net\/portal\/#organization"},"potentialAction":[{"@type":"SearchAction","target":{"@type":"EntryPoint","urlTemplate":"https:\/\/www.eldiario.net\/portal\/?s={search_term_string}"},"query-input":{"@type":"PropertyValueSpecification","valueRequired":true,"valueName":"search_term_string"}}],"inLanguage":"es"},{"@type":"Organization","@id":"https:\/\/www.eldiario.net\/portal\/#organization","name":"El Diario - Decano de la prensa nacional","url":"https:\/\/www.eldiario.net\/portal\/","logo":{"@type":"ImageObject","inLanguage":"es","@id":"https:\/\/www.eldiario.net\/portal\/#\/schema\/logo\/image\/","url":"https:\/\/www.eldiario.net\/portal\/wp-content\/uploads\/2023\/07\/logo_ED.jpg","contentUrl":"https:\/\/www.eldiario.net\/portal\/wp-content\/uploads\/2023\/07\/logo_ED.jpg","width":272,"height":52,"caption":"El Diario - Decano de la prensa nacional"},"image":{"@id":"https:\/\/www.eldiario.net\/portal\/#\/schema\/logo\/image\/"},"sameAs":["https:\/\/www.facebook.com\/eldiario.bolivia\/","https:\/\/x.com\/eldiario_net"]},{"@type":"Person","@id":"https:\/\/www.eldiario.net\/portal\/#\/schema\/person\/f46445640444750d7d753ccd04ae01b7","name":"Jeanette","image":{"@type":"ImageObject","inLanguage":"es","@id":"https:\/\/secure.gravatar.com\/avatar\/3ea2118a5f7dad2b7138b1187a6b7ee55f160b9968b66013c3a3ef39dd7e5798?s=96&d=mm&r=g","url":"https:\/\/secure.gravatar.com\/avatar\/3ea2118a5f7dad2b7138b1187a6b7ee55f160b9968b66013c3a3ef39dd7e5798?s=96&d=mm&r=g","contentUrl":"https:\/\/secure.gravatar.com\/avatar\/3ea2118a5f7dad2b7138b1187a6b7ee55f160b9968b66013c3a3ef39dd7e5798?s=96&d=mm&r=g","caption":"Jeanette"},"sameAs":["https:\/\/www.eldiario.net\/portal"],"url":"https:\/\/www.eldiario.net\/portal\/author\/jeanette\/"}]}},"_links":{"self":[{"href":"https:\/\/www.eldiario.net\/portal\/wp-json\/wp\/v2\/posts\/229226","targetHints":{"allow":["GET"]}}],"collection":[{"href":"https:\/\/www.eldiario.net\/portal\/wp-json\/wp\/v2\/posts"}],"about":[{"href":"https:\/\/www.eldiario.net\/portal\/wp-json\/wp\/v2\/types\/post"}],"author":[{"embeddable":true,"href":"https:\/\/www.eldiario.net\/portal\/wp-json\/wp\/v2\/users\/1"}],"replies":[{"embeddable":true,"href":"https:\/\/www.eldiario.net\/portal\/wp-json\/wp\/v2\/comments?post=229226"}],"version-history":[{"count":1,"href":"https:\/\/www.eldiario.net\/portal\/wp-json\/wp\/v2\/posts\/229226\/revisions"}],"predecessor-version":[{"id":229228,"href":"https:\/\/www.eldiario.net\/portal\/wp-json\/wp\/v2\/posts\/229226\/revisions\/229228"}],"wp:featuredmedia":[{"embeddable":true,"href":"https:\/\/www.eldiario.net\/portal\/wp-json\/wp\/v2\/media\/229227"}],"wp:attachment":[{"href":"https:\/\/www.eldiario.net\/portal\/wp-json\/wp\/v2\/media?parent=229226"}],"wp:term":[{"taxonomy":"category","embeddable":true,"href":"https:\/\/www.eldiario.net\/portal\/wp-json\/wp\/v2\/categories?post=229226"},{"taxonomy":"post_tag","embeddable":true,"href":"https:\/\/www.eldiario.net\/portal\/wp-json\/wp\/v2\/tags?post=229226"}],"curies":[{"name":"wp","href":"https:\/\/api.w.org\/{rel}","templated":true}]}}