{"id":229223,"date":"2024-06-23T06:38:06","date_gmt":"2024-06-23T10:38:06","guid":{"rendered":"https:\/\/www.eldiario.net\/portal\/?p=229223"},"modified":"2024-06-23T06:38:06","modified_gmt":"2024-06-23T10:38:06","slug":"que-es-la-dispepsia","status":"publish","type":"post","link":"https:\/\/www.eldiario.net\/portal\/2024\/06\/23\/que-es-la-dispepsia\/","title":{"rendered":"\u00bfQU\u00c9 ES LA DISPEPSIA?"},"content":{"rendered":"<p>Lic. Lupe L. Fern\u00e1ndez Calix \u2013 Enfermera.<\/p>\n<p>La dispepsia no es una enfermedad si no un conjunto de s\u00edntomas es un trastorn\u00f3 de la digesti\u00f3n est\u00e1s molestias se presentan en la parte alta del abdomen entre las costillas y el ombligo Epigastrio.<\/p>\n<p>Existen factores para padecer est\u00e1s \u00a0\u00a0molestia o trastorn\u00f3 es la edad, Obesidad, sedentarismo, masticar de manera incorrecta horario de comidas incorrecta, afecta la relajaci\u00f3n de la pared muscular del abdomen lo que causa estre\u00f1imiento, hinchaz\u00f3n, algunos pueden tener una herida o erosi\u00f3n denominada \u00falcera causada por la bacteria Helicobacter Pilory este trastorn\u00f3 puede estar asociado a otras patolog\u00edas como la Diabetes y otras patolog\u00edas.<\/p>\n<p>En muestro pa\u00eds m\u00e1s del 45% tiene est\u00e1 afecci\u00f3n ni\u00f1os, j\u00f3venes, mujeres embarazadas, adultos mayores.<\/p>\n<p><strong>\u00bfCAUSAS DE LA DISPEPSIA?<\/strong><\/p>\n<p>Estr\u00e9s, Ansiedad,<\/p>\n<p>Depresi\u00f3n<\/p>\n<p>Consumo excesivo de Alcohol<\/p>\n<p>Tabaquismo<\/p>\n<p>Ingesta de alimentos muy grasientas o picantes<\/p>\n<p>Ingesta de medicamentos (excesivos)<\/p>\n<p>Consumir demasiada Cafe\u00edna<\/p>\n<p>Presencia del Helicobacter Pilory (en est\u00f3mago o duodeno)<\/p>\n<p>&nbsp;<\/p>\n<p><strong>\u00bfCU\u00c1LES SON LOS SINTOMAS?<\/strong><\/p>\n<p>Mal estar general<\/p>\n<p>Dolor (calor o ardor en la parte del inferior del estern\u00f3n y en el ombligo)<\/p>\n<p>Sensaci\u00f3n de Hinchaz\u00f3n (al ingerir alimentos o despu\u00e9s)<\/p>\n<p>Distensi\u00f3n Abdominal<\/p>\n<p>Anorexia (falta de apetito)<\/p>\n<p>Nauseas<\/p>\n<p>Eructos<\/p>\n<p>Estre\u00f1imiento<\/p>\n<p>Diarrea<\/p>\n<p>Flatulencia<\/p>\n<p>Sangre en heces<\/p>\n<p>Perdida de peso<\/p>\n<p>La indigesti\u00f3n puede estar causada por una afecci\u00f3n del tracto digestivo Reflujo Gastro Esof\u00e1gico (ERGE), est\u00e9 trastorn\u00f3 puede \u00a0\u00a0ocasionar Dificultad Respiratoria, taquicardia, perdida de apetito, sangre en heces para un tratamiento efectivo es necesario acudir al Centro de Salud u Hospital para su tratamiento por Personal profesional M\u00e9dicos Endoscopia, Enfermeras, Laboratoristas. Es necesario la solicitud de ex\u00e1menes c\u00f3mo an\u00e1lisis de sangre, Ecograf\u00eda abdominal, Endoscopia para un tratamiento efectivo.<\/p>\n<p>\u201cAPRECIA Y VALORA TU SALUD TODOS LOS D\u00cdAS \u201c<\/p>\n","protected":false},"excerpt":{"rendered":"<p>Lic. Lupe L. Fern\u00e1ndez Calix \u2013 Enfermera. La dispepsia no es una enfermedad si no un conjunto de s\u00edntomas es un trastorn\u00f3 de la digesti\u00f3n est\u00e1s molestias se presentan en la parte alta del abdomen entre las costillas y el ombligo Epigastrio. Existen factores para padecer est\u00e1s \u00a0\u00a0molestia o trastorn\u00f3 es la edad, Obesidad, sedentarismo, [&hellip;]<\/p>\n","protected":false},"author":1,"featured_media":229224,"comment_status":"open","ping_status":"open","sticky":false,"template":"","format":"standard","meta":{"_acf_changed":false,"footnotes":""},"categories":[52],"tags":[],"class_list":["post-229223","post","type-post","status-publish","format-standard","has-post-thumbnail","category-de-salud-mas-vida"],"acf":{"antetitulo":""},"yoast_head":"<!-- This site is optimized with the Yoast SEO plugin v28.3 - https:\/\/yoast.com\/product\/yoast-seo-wordpress\/ -->\n<title>\u00bfQU\u00c9 ES LA DISPEPSIA? - El Diario - Bolivia<\/title>\n<meta name=\"robots\" content=\"index, follow, max-snippet:-1, max-image-preview:large, max-video-preview:-1\" \/>\n<link rel=\"canonical\" href=\"https:\/\/www.eldiario.net\/portal\/2024\/06\/23\/que-es-la-dispepsia\/\" \/>\n<meta property=\"og:locale\" content=\"es_ES\" \/>\n<meta property=\"og:type\" content=\"article\" \/>\n<meta property=\"og:title\" content=\"\u00bfQU\u00c9 ES LA DISPEPSIA? - El Diario - Bolivia\" \/>\n<meta property=\"og:description\" content=\"Lic. Lupe L. Fern\u00e1ndez Calix \u2013 Enfermera. La dispepsia no es una enfermedad si no un conjunto de s\u00edntomas es un trastorn\u00f3 de la digesti\u00f3n est\u00e1s molestias se presentan en la parte alta del abdomen entre las costillas y el ombligo Epigastrio. Existen factores para padecer est\u00e1s \u00a0\u00a0molestia o trastorn\u00f3 es la edad, Obesidad, sedentarismo, [&hellip;]\" \/>\n<meta property=\"og:url\" content=\"https:\/\/www.eldiario.net\/portal\/2024\/06\/23\/que-es-la-dispepsia\/\" \/>\n<meta property=\"og:site_name\" content=\"El Diario - Bolivia\" \/>\n<meta property=\"article:publisher\" content=\"https:\/\/www.facebook.com\/eldiario.bolivia\/\" \/>\n<meta property=\"article:published_time\" content=\"2024-06-23T10:38:06+00:00\" \/>\n<meta property=\"og:image\" content=\"https:\/\/www.eldiario.net\/portal\/wp-content\/uploads\/2024\/06\/\u00bfQUE-ES-LA-DISPEPSIA.jpg\" \/>\n\t<meta property=\"og:image:width\" content=\"1200\" \/>\n\t<meta property=\"og:image:height\" content=\"850\" \/>\n\t<meta property=\"og:image:type\" content=\"image\/jpeg\" \/>\n<meta name=\"author\" content=\"Jeanette\" \/>\n<meta name=\"twitter:card\" content=\"summary_large_image\" \/>\n<meta name=\"twitter:creator\" content=\"@eldiario_net\" \/>\n<meta name=\"twitter:site\" content=\"@eldiario_net\" \/>\n<meta name=\"twitter:label1\" content=\"Escrito por\" \/>\n\t<meta name=\"twitter:data1\" content=\"Jeanette\" \/>\n\t<meta name=\"twitter:label2\" content=\"Tiempo de lectura\" \/>\n\t<meta name=\"twitter:data2\" content=\"2 minutos\" \/>\n<script type=\"application\/ld+json\" class=\"yoast-schema-graph\">{\"@context\":\"https:\\\/\\\/schema.org\",\"@graph\":[{\"@type\":\"Article\",\"@id\":\"https:\\\/\\\/www.eldiario.net\\\/portal\\\/2024\\\/06\\\/23\\\/que-es-la-dispepsia\\\/#article\",\"isPartOf\":{\"@id\":\"https:\\\/\\\/www.eldiario.net\\\/portal\\\/2024\\\/06\\\/23\\\/que-es-la-dispepsia\\\/\"},\"author\":{\"name\":\"Jeanette\",\"@id\":\"https:\\\/\\\/www.eldiario.net\\\/portal\\\/#\\\/schema\\\/person\\\/f46445640444750d7d753ccd04ae01b7\"},\"headline\":\"\u00bfQU\u00c9 ES LA DISPEPSIA?\",\"datePublished\":\"2024-06-23T10:38:06+00:00\",\"mainEntityOfPage\":{\"@id\":\"https:\\\/\\\/www.eldiario.net\\\/portal\\\/2024\\\/06\\\/23\\\/que-es-la-dispepsia\\\/\"},\"wordCount\":317,\"commentCount\":0,\"publisher\":{\"@id\":\"https:\\\/\\\/www.eldiario.net\\\/portal\\\/#organization\"},\"image\":{\"@id\":\"https:\\\/\\\/www.eldiario.net\\\/portal\\\/2024\\\/06\\\/23\\\/que-es-la-dispepsia\\\/#primaryimage\"},\"thumbnailUrl\":\"https:\\\/\\\/www.eldiario.net\\\/portal\\\/wp-content\\\/uploads\\\/2024\\\/06\\\/\u00bfQUE-ES-LA-DISPEPSIA.jpg\",\"articleSection\":[\"De Salud + vida\"],\"inLanguage\":\"es\",\"potentialAction\":[{\"@type\":\"CommentAction\",\"name\":\"Comment\",\"target\":[\"https:\\\/\\\/www.eldiario.net\\\/portal\\\/2024\\\/06\\\/23\\\/que-es-la-dispepsia\\\/#respond\"]}]},{\"@type\":\"WebPage\",\"@id\":\"https:\\\/\\\/www.eldiario.net\\\/portal\\\/2024\\\/06\\\/23\\\/que-es-la-dispepsia\\\/\",\"url\":\"https:\\\/\\\/www.eldiario.net\\\/portal\\\/2024\\\/06\\\/23\\\/que-es-la-dispepsia\\\/\",\"name\":\"\u00bfQU\u00c9 ES LA DISPEPSIA? - El Diario - Bolivia\",\"isPartOf\":{\"@id\":\"https:\\\/\\\/www.eldiario.net\\\/portal\\\/#website\"},\"primaryImageOfPage\":{\"@id\":\"https:\\\/\\\/www.eldiario.net\\\/portal\\\/2024\\\/06\\\/23\\\/que-es-la-dispepsia\\\/#primaryimage\"},\"image\":{\"@id\":\"https:\\\/\\\/www.eldiario.net\\\/portal\\\/2024\\\/06\\\/23\\\/que-es-la-dispepsia\\\/#primaryimage\"},\"thumbnailUrl\":\"https:\\\/\\\/www.eldiario.net\\\/portal\\\/wp-content\\\/uploads\\\/2024\\\/06\\\/\u00bfQUE-ES-LA-DISPEPSIA.jpg\",\"datePublished\":\"2024-06-23T10:38:06+00:00\",\"breadcrumb\":{\"@id\":\"https:\\\/\\\/www.eldiario.net\\\/portal\\\/2024\\\/06\\\/23\\\/que-es-la-dispepsia\\\/#breadcrumb\"},\"inLanguage\":\"es\",\"potentialAction\":[{\"@type\":\"ReadAction\",\"target\":[\"https:\\\/\\\/www.eldiario.net\\\/portal\\\/2024\\\/06\\\/23\\\/que-es-la-dispepsia\\\/\"]}]},{\"@type\":\"ImageObject\",\"inLanguage\":\"es\",\"@id\":\"https:\\\/\\\/www.eldiario.net\\\/portal\\\/2024\\\/06\\\/23\\\/que-es-la-dispepsia\\\/#primaryimage\",\"url\":\"https:\\\/\\\/www.eldiario.net\\\/portal\\\/wp-content\\\/uploads\\\/2024\\\/06\\\/\u00bfQUE-ES-LA-DISPEPSIA.jpg\",\"contentUrl\":\"https:\\\/\\\/www.eldiario.net\\\/portal\\\/wp-content\\\/uploads\\\/2024\\\/06\\\/\u00bfQUE-ES-LA-DISPEPSIA.jpg\",\"width\":1200,\"height\":850},{\"@type\":\"BreadcrumbList\",\"@id\":\"https:\\\/\\\/www.eldiario.net\\\/portal\\\/2024\\\/06\\\/23\\\/que-es-la-dispepsia\\\/#breadcrumb\",\"itemListElement\":[{\"@type\":\"ListItem\",\"position\":1,\"name\":\"Portada\",\"item\":\"https:\\\/\\\/www.eldiario.net\\\/portal\\\/\"},{\"@type\":\"ListItem\",\"position\":2,\"name\":\"\u00bfQU\u00c9 ES LA DISPEPSIA?\"}]},{\"@type\":\"WebSite\",\"@id\":\"https:\\\/\\\/www.eldiario.net\\\/portal\\\/#website\",\"url\":\"https:\\\/\\\/www.eldiario.net\\\/portal\\\/\",\"name\":\"El Diario - Decano de la prensa nacional\",\"description\":\"El Diario - Decano de la prensa nacional\",\"publisher\":{\"@id\":\"https:\\\/\\\/www.eldiario.net\\\/portal\\\/#organization\"},\"potentialAction\":[{\"@type\":\"SearchAction\",\"target\":{\"@type\":\"EntryPoint\",\"urlTemplate\":\"https:\\\/\\\/www.eldiario.net\\\/portal\\\/?s={search_term_string}\"},\"query-input\":{\"@type\":\"PropertyValueSpecification\",\"valueRequired\":true,\"valueName\":\"search_term_string\"}}],\"inLanguage\":\"es\"},{\"@type\":\"Organization\",\"@id\":\"https:\\\/\\\/www.eldiario.net\\\/portal\\\/#organization\",\"name\":\"El Diario - Decano de la prensa nacional\",\"url\":\"https:\\\/\\\/www.eldiario.net\\\/portal\\\/\",\"logo\":{\"@type\":\"ImageObject\",\"inLanguage\":\"es\",\"@id\":\"https:\\\/\\\/www.eldiario.net\\\/portal\\\/#\\\/schema\\\/logo\\\/image\\\/\",\"url\":\"https:\\\/\\\/www.eldiario.net\\\/portal\\\/wp-content\\\/uploads\\\/2023\\\/07\\\/logo_ED.jpg\",\"contentUrl\":\"https:\\\/\\\/www.eldiario.net\\\/portal\\\/wp-content\\\/uploads\\\/2023\\\/07\\\/logo_ED.jpg\",\"width\":272,\"height\":52,\"caption\":\"El Diario - Decano de la prensa nacional\"},\"image\":{\"@id\":\"https:\\\/\\\/www.eldiario.net\\\/portal\\\/#\\\/schema\\\/logo\\\/image\\\/\"},\"sameAs\":[\"https:\\\/\\\/www.facebook.com\\\/eldiario.bolivia\\\/\",\"https:\\\/\\\/x.com\\\/eldiario_net\"]},{\"@type\":\"Person\",\"@id\":\"https:\\\/\\\/www.eldiario.net\\\/portal\\\/#\\\/schema\\\/person\\\/f46445640444750d7d753ccd04ae01b7\",\"name\":\"Jeanette\",\"image\":{\"@type\":\"ImageObject\",\"inLanguage\":\"es\",\"@id\":\"https:\\\/\\\/secure.gravatar.com\\\/avatar\\\/3ea2118a5f7dad2b7138b1187a6b7ee55f160b9968b66013c3a3ef39dd7e5798?s=96&d=mm&r=g\",\"url\":\"https:\\\/\\\/secure.gravatar.com\\\/avatar\\\/3ea2118a5f7dad2b7138b1187a6b7ee55f160b9968b66013c3a3ef39dd7e5798?s=96&d=mm&r=g\",\"contentUrl\":\"https:\\\/\\\/secure.gravatar.com\\\/avatar\\\/3ea2118a5f7dad2b7138b1187a6b7ee55f160b9968b66013c3a3ef39dd7e5798?s=96&d=mm&r=g\",\"caption\":\"Jeanette\"},\"sameAs\":[\"https:\\\/\\\/www.eldiario.net\\\/portal\"],\"url\":\"https:\\\/\\\/www.eldiario.net\\\/portal\\\/author\\\/jeanette\\\/\"}]}<\/script>\n<!-- \/ Yoast SEO plugin. -->","yoast_head_json":{"title":"\u00bfQU\u00c9 ES LA DISPEPSIA? - El Diario - Bolivia","robots":{"index":"index","follow":"follow","max-snippet":"max-snippet:-1","max-image-preview":"max-image-preview:large","max-video-preview":"max-video-preview:-1"},"canonical":"https:\/\/www.eldiario.net\/portal\/2024\/06\/23\/que-es-la-dispepsia\/","og_locale":"es_ES","og_type":"article","og_title":"\u00bfQU\u00c9 ES LA DISPEPSIA? - El Diario - Bolivia","og_description":"Lic. Lupe L. Fern\u00e1ndez Calix \u2013 Enfermera. La dispepsia no es una enfermedad si no un conjunto de s\u00edntomas es un trastorn\u00f3 de la digesti\u00f3n est\u00e1s molestias se presentan en la parte alta del abdomen entre las costillas y el ombligo Epigastrio. Existen factores para padecer est\u00e1s \u00a0\u00a0molestia o trastorn\u00f3 es la edad, Obesidad, sedentarismo, [&hellip;]","og_url":"https:\/\/www.eldiario.net\/portal\/2024\/06\/23\/que-es-la-dispepsia\/","og_site_name":"El Diario - Bolivia","article_publisher":"https:\/\/www.facebook.com\/eldiario.bolivia\/","article_published_time":"2024-06-23T10:38:06+00:00","og_image":[{"width":1200,"height":850,"url":"https:\/\/www.eldiario.net\/portal\/wp-content\/uploads\/2024\/06\/\u00bfQUE-ES-LA-DISPEPSIA.jpg","type":"image\/jpeg"}],"author":"Jeanette","twitter_card":"summary_large_image","twitter_creator":"@eldiario_net","twitter_site":"@eldiario_net","twitter_misc":{"Escrito por":"Jeanette","Tiempo de lectura":"2 minutos"},"schema":{"@context":"https:\/\/schema.org","@graph":[{"@type":"Article","@id":"https:\/\/www.eldiario.net\/portal\/2024\/06\/23\/que-es-la-dispepsia\/#article","isPartOf":{"@id":"https:\/\/www.eldiario.net\/portal\/2024\/06\/23\/que-es-la-dispepsia\/"},"author":{"name":"Jeanette","@id":"https:\/\/www.eldiario.net\/portal\/#\/schema\/person\/f46445640444750d7d753ccd04ae01b7"},"headline":"\u00bfQU\u00c9 ES LA DISPEPSIA?","datePublished":"2024-06-23T10:38:06+00:00","mainEntityOfPage":{"@id":"https:\/\/www.eldiario.net\/portal\/2024\/06\/23\/que-es-la-dispepsia\/"},"wordCount":317,"commentCount":0,"publisher":{"@id":"https:\/\/www.eldiario.net\/portal\/#organization"},"image":{"@id":"https:\/\/www.eldiario.net\/portal\/2024\/06\/23\/que-es-la-dispepsia\/#primaryimage"},"thumbnailUrl":"https:\/\/www.eldiario.net\/portal\/wp-content\/uploads\/2024\/06\/\u00bfQUE-ES-LA-DISPEPSIA.jpg","articleSection":["De Salud + vida"],"inLanguage":"es","potentialAction":[{"@type":"CommentAction","name":"Comment","target":["https:\/\/www.eldiario.net\/portal\/2024\/06\/23\/que-es-la-dispepsia\/#respond"]}]},{"@type":"WebPage","@id":"https:\/\/www.eldiario.net\/portal\/2024\/06\/23\/que-es-la-dispepsia\/","url":"https:\/\/www.eldiario.net\/portal\/2024\/06\/23\/que-es-la-dispepsia\/","name":"\u00bfQU\u00c9 ES LA DISPEPSIA? - El Diario - Bolivia","isPartOf":{"@id":"https:\/\/www.eldiario.net\/portal\/#website"},"primaryImageOfPage":{"@id":"https:\/\/www.eldiario.net\/portal\/2024\/06\/23\/que-es-la-dispepsia\/#primaryimage"},"image":{"@id":"https:\/\/www.eldiario.net\/portal\/2024\/06\/23\/que-es-la-dispepsia\/#primaryimage"},"thumbnailUrl":"https:\/\/www.eldiario.net\/portal\/wp-content\/uploads\/2024\/06\/\u00bfQUE-ES-LA-DISPEPSIA.jpg","datePublished":"2024-06-23T10:38:06+00:00","breadcrumb":{"@id":"https:\/\/www.eldiario.net\/portal\/2024\/06\/23\/que-es-la-dispepsia\/#breadcrumb"},"inLanguage":"es","potentialAction":[{"@type":"ReadAction","target":["https:\/\/www.eldiario.net\/portal\/2024\/06\/23\/que-es-la-dispepsia\/"]}]},{"@type":"ImageObject","inLanguage":"es","@id":"https:\/\/www.eldiario.net\/portal\/2024\/06\/23\/que-es-la-dispepsia\/#primaryimage","url":"https:\/\/www.eldiario.net\/portal\/wp-content\/uploads\/2024\/06\/\u00bfQUE-ES-LA-DISPEPSIA.jpg","contentUrl":"https:\/\/www.eldiario.net\/portal\/wp-content\/uploads\/2024\/06\/\u00bfQUE-ES-LA-DISPEPSIA.jpg","width":1200,"height":850},{"@type":"BreadcrumbList","@id":"https:\/\/www.eldiario.net\/portal\/2024\/06\/23\/que-es-la-dispepsia\/#breadcrumb","itemListElement":[{"@type":"ListItem","position":1,"name":"Portada","item":"https:\/\/www.eldiario.net\/portal\/"},{"@type":"ListItem","position":2,"name":"\u00bfQU\u00c9 ES LA DISPEPSIA?"}]},{"@type":"WebSite","@id":"https:\/\/www.eldiario.net\/portal\/#website","url":"https:\/\/www.eldiario.net\/portal\/","name":"El Diario - Decano de la prensa nacional","description":"El Diario - Decano de la prensa nacional","publisher":{"@id":"https:\/\/www.eldiario.net\/portal\/#organization"},"potentialAction":[{"@type":"SearchAction","target":{"@type":"EntryPoint","urlTemplate":"https:\/\/www.eldiario.net\/portal\/?s={search_term_string}"},"query-input":{"@type":"PropertyValueSpecification","valueRequired":true,"valueName":"search_term_string"}}],"inLanguage":"es"},{"@type":"Organization","@id":"https:\/\/www.eldiario.net\/portal\/#organization","name":"El Diario - Decano de la prensa nacional","url":"https:\/\/www.eldiario.net\/portal\/","logo":{"@type":"ImageObject","inLanguage":"es","@id":"https:\/\/www.eldiario.net\/portal\/#\/schema\/logo\/image\/","url":"https:\/\/www.eldiario.net\/portal\/wp-content\/uploads\/2023\/07\/logo_ED.jpg","contentUrl":"https:\/\/www.eldiario.net\/portal\/wp-content\/uploads\/2023\/07\/logo_ED.jpg","width":272,"height":52,"caption":"El Diario - Decano de la prensa nacional"},"image":{"@id":"https:\/\/www.eldiario.net\/portal\/#\/schema\/logo\/image\/"},"sameAs":["https:\/\/www.facebook.com\/eldiario.bolivia\/","https:\/\/x.com\/eldiario_net"]},{"@type":"Person","@id":"https:\/\/www.eldiario.net\/portal\/#\/schema\/person\/f46445640444750d7d753ccd04ae01b7","name":"Jeanette","image":{"@type":"ImageObject","inLanguage":"es","@id":"https:\/\/secure.gravatar.com\/avatar\/3ea2118a5f7dad2b7138b1187a6b7ee55f160b9968b66013c3a3ef39dd7e5798?s=96&d=mm&r=g","url":"https:\/\/secure.gravatar.com\/avatar\/3ea2118a5f7dad2b7138b1187a6b7ee55f160b9968b66013c3a3ef39dd7e5798?s=96&d=mm&r=g","contentUrl":"https:\/\/secure.gravatar.com\/avatar\/3ea2118a5f7dad2b7138b1187a6b7ee55f160b9968b66013c3a3ef39dd7e5798?s=96&d=mm&r=g","caption":"Jeanette"},"sameAs":["https:\/\/www.eldiario.net\/portal"],"url":"https:\/\/www.eldiario.net\/portal\/author\/jeanette\/"}]}},"_links":{"self":[{"href":"https:\/\/www.eldiario.net\/portal\/wp-json\/wp\/v2\/posts\/229223","targetHints":{"allow":["GET"]}}],"collection":[{"href":"https:\/\/www.eldiario.net\/portal\/wp-json\/wp\/v2\/posts"}],"about":[{"href":"https:\/\/www.eldiario.net\/portal\/wp-json\/wp\/v2\/types\/post"}],"author":[{"embeddable":true,"href":"https:\/\/www.eldiario.net\/portal\/wp-json\/wp\/v2\/users\/1"}],"replies":[{"embeddable":true,"href":"https:\/\/www.eldiario.net\/portal\/wp-json\/wp\/v2\/comments?post=229223"}],"version-history":[{"count":1,"href":"https:\/\/www.eldiario.net\/portal\/wp-json\/wp\/v2\/posts\/229223\/revisions"}],"predecessor-version":[{"id":229225,"href":"https:\/\/www.eldiario.net\/portal\/wp-json\/wp\/v2\/posts\/229223\/revisions\/229225"}],"wp:featuredmedia":[{"embeddable":true,"href":"https:\/\/www.eldiario.net\/portal\/wp-json\/wp\/v2\/media\/229224"}],"wp:attachment":[{"href":"https:\/\/www.eldiario.net\/portal\/wp-json\/wp\/v2\/media?parent=229223"}],"wp:term":[{"taxonomy":"category","embeddable":true,"href":"https:\/\/www.eldiario.net\/portal\/wp-json\/wp\/v2\/categories?post=229223"},{"taxonomy":"post_tag","embeddable":true,"href":"https:\/\/www.eldiario.net\/portal\/wp-json\/wp\/v2\/tags?post=229223"}],"curies":[{"name":"wp","href":"https:\/\/api.w.org\/{rel}","templated":true}]}}