{"id":229211,"date":"2024-06-23T06:34:06","date_gmt":"2024-06-23T10:34:06","guid":{"rendered":"https:\/\/www.eldiario.net\/portal\/?p=229211"},"modified":"2024-06-23T06:34:06","modified_gmt":"2024-06-23T10:34:06","slug":"infeccion-de-vias-urinarias-y-el-consumo-de-arandanos-rojos","status":"publish","type":"post","link":"https:\/\/www.eldiario.net\/portal\/2024\/06\/23\/infeccion-de-vias-urinarias-y-el-consumo-de-arandanos-rojos\/","title":{"rendered":"INFECCI\u00d3N DE V\u00cdAS URINARIAS Y EL CONSUMO DE AR\u00c1NDANOS ROJOS"},"content":{"rendered":"<p>Lic. Mar\u00eda LUISA Ticona Pardo \u2013 Nutricionista y dietista U.M.S.A. &#8211; Cel. 69969618<br \/>\nLas infecciones de las v\u00edas urinarias (IVU) son mucho m\u00e1s frecuente en mujeres que en varones por la menor longitud de la uretra femenina.<br \/>\nLas mujeres de edad avanzada presentan la m\u00e1xima incidencia de IVU, se cree que est\u00e1 relacionado con la perdida de estr\u00f3genos tras la menopausia.<br \/>\nQUE SUELE PRODUCIR: Ardor al orinar, frecuencia aumentada de orinar<br \/>\nCU\u00c1LES SON LOS G\u00c9RMENES CAUSANTES La bacteria m\u00e1s frecuente implicada es la escherichia coli (80 %) y otras bacterias., debido a la estrecha proximidad entre el ano y la uretra femenina.<br \/>\nQUE HACEMOS CUANDO CURSAMOS POR ESTE PROBLEMA<br \/>\n\uf0fc Consultar con su medico<br \/>\n\uf0fc Hacerse un uro cultivo, tomar muestra de chorro medio de orina<br \/>\nNo esperar resultados para iniciar con el tratamiento antibi\u00f3ticos que el medico determinara, generalmente el tratamiento es de 5 a 7 d\u00edas. En las infecciones urinarias son com\u00fan los procesos recurrentes, que significa? Que vuelve a aparecer el problema.<br \/>\nPuede controlarse con antibi\u00f3ticos, consumo de vitamina \u201cC\u201d o el consumo de ar\u00e1ndanos rojos.<\/p>\n<p>Los ar\u00e1ndanos acidifican la orina evitando que los g\u00e9rmenes se peguen a las v\u00edas urinarias el mismo que puede ser forma de prevenci\u00f3n no tratamiento, Los ar\u00e1ndano, conocido tambi\u00e9n como jugo de cranberry,(ar\u00e1ndano rojo) puede ser un excelente aliado para tratar y prevenir nuevas infecciones, el cranberry, cuyo nombre en espa\u00f1ol es ar\u00e1ndano rojo, tambi\u00e9n es rico en vitamina C y vitamina A, los cuales son nutrientes con acci\u00f3n antioxidante que fortalecen el sistema inmunol\u00f3gico, ayudando a prevenir enfermedades .<\/p>\n<p>Por otra es importante aumentar la ingesta de agua y de alimentos con propiedades diur\u00e9ticas, como la sand\u00eda, la pi\u00f1a, guan\u00e1bana, pepino y la zanahoria, pues estos favorecen la eliminaci\u00f3n de la bacteria a trav\u00e9s de la orina.<br \/>\nEvitar alimentos que irriten la vejiga, como el caf\u00e9 y bebidas con cafe\u00edna, bebidas alcoh\u00f3licas, gaseosas para colaborar con la recuperaci\u00f3n.<br \/>\nMencionar que para obtener todos los beneficios de los ar\u00e1ndanos debe incluirse dentro una dieta equilibrada y saludable.<br \/>\n\u201cNUTRICIONISTA CUIDANDO TU SALUD \u201c<\/p>\n\r\n                <style type=\"text\/css\">\r\n                    \r\n                    #tdi_1  .td-doubleSlider-2 .td-item1 {\r\n                        background: url(https:\/\/www.eldiario.net\/portal\/wp-content\/uploads\/2024\/06\/INFECCION-DE-VIAS-URINARIAS-Y-EL-CONSUMO-DE-ARANDANOS-ROJOS-80x60.jpg) 0 0 no-repeat;\r\n                    }\r\n                    #tdi_1  .td-doubleSlider-2 .td-item2 {\r\n                        background: url(https:\/\/www.eldiario.net\/portal\/wp-content\/uploads\/2024\/06\/INFECCION-DE-VIAS-URINARIAS-Y-EL-CONSUMO-DE-ARANDANOS-ROJOS-2-80x60.jpg) 0 0 no-repeat;\r\n                    }\r\n                <\/style>\r\n\r\n                <div id=\"tdi_1\" class=\"td-gallery td-slide-on-2-columns\">\r\n                    <div class=\"post_td_gallery\">\r\n                        <div class=\"td-gallery-slide-top\">\r\n                           <div class=\"td-gallery-title\"><\/div>\r\n\r\n                            <div class=\"td-gallery-controls-wrapper\">\r\n                                <div class=\"td-gallery-slide-count\"><span class=\"td-gallery-slide-item-focus\">1<\/span> de 2<\/div>\r\n                                <div class=\"td-gallery-slide-prev-next-but\">\r\n                                    <i class = \"td-icon-left doubleSliderPrevButton\"><\/i>\r\n                                    <i class = \"td-icon-right doubleSliderNextButton\"><\/i>\r\n                                <\/div>\r\n                            <\/div>\r\n                        <\/div>\r\n\r\n                        <div class = \"td-doubleSlider-1 \">\r\n                            <div class = \"td-slider\">\r\n                                \r\n                    <div class = \"td-slide-item td-item1\">\r\n                        <figure class=\"td-slide-galery-figure td-slide-popup-gallery\">\r\n                            <a class=\"slide-gallery-image-link\" href=\"https:\/\/www.eldiario.net\/portal\/wp-content\/uploads\/2024\/06\/INFECCION-DE-VIAS-URINARIAS-Y-EL-CONSUMO-DE-ARANDANOS-ROJOS.jpg\" title=\"INFECCI\u00d3N-DE-V\u00cdAS-URINARIAS-Y-EL-CONSUMO-DE-AR\u00c1NDANOS-ROJOS\"  data-caption=\"\"  data-description=\"\">\r\n                                <img decoding=\"async\" src=\"https:\/\/www.eldiario.net\/portal\/wp-content\/uploads\/2024\/06\/INFECCION-DE-VIAS-URINARIAS-Y-EL-CONSUMO-DE-ARANDANOS-ROJOS-761x420.jpg\" srcset=\"https:\/\/www.eldiario.net\/portal\/wp-content\/uploads\/2024\/06\/INFECCION-DE-VIAS-URINARIAS-Y-EL-CONSUMO-DE-ARANDANOS-ROJOS-761x420.jpg 761w, https:\/\/www.eldiario.net\/portal\/wp-content\/uploads\/2024\/06\/INFECCION-DE-VIAS-URINARIAS-Y-EL-CONSUMO-DE-ARANDANOS-ROJOS-300x166.jpg 300w, https:\/\/www.eldiario.net\/portal\/wp-content\/uploads\/2024\/06\/INFECCION-DE-VIAS-URINARIAS-Y-EL-CONSUMO-DE-ARANDANOS-ROJOS-1024x565.jpg 1024w, https:\/\/www.eldiario.net\/portal\/wp-content\/uploads\/2024\/06\/INFECCION-DE-VIAS-URINARIAS-Y-EL-CONSUMO-DE-ARANDANOS-ROJOS-768x424.jpg 768w, https:\/\/www.eldiario.net\/portal\/wp-content\/uploads\/2024\/06\/INFECCION-DE-VIAS-URINARIAS-Y-EL-CONSUMO-DE-ARANDANOS-ROJOS-696x384.jpg 696w, https:\/\/www.eldiario.net\/portal\/wp-content\/uploads\/2024\/06\/INFECCION-DE-VIAS-URINARIAS-Y-EL-CONSUMO-DE-ARANDANOS-ROJOS-1068x589.jpg 1068w, https:\/\/www.eldiario.net\/portal\/wp-content\/uploads\/2024\/06\/INFECCION-DE-VIAS-URINARIAS-Y-EL-CONSUMO-DE-ARANDANOS-ROJOS.jpg 1200w\" sizes=\"(max-width: 761px) 100vw, 761px\" alt=\"\">\r\n                            <\/a>\r\n                            \r\n                        <\/figure>\r\n                    <\/div>\r\n                    <div class = \"td-slide-item td-item2\">\r\n                        <figure class=\"td-slide-galery-figure td-slide-popup-gallery\">\r\n                            <a class=\"slide-gallery-image-link\" href=\"https:\/\/www.eldiario.net\/portal\/wp-content\/uploads\/2024\/06\/INFECCION-DE-VIAS-URINARIAS-Y-EL-CONSUMO-DE-ARANDANOS-ROJOS-2.jpg\" title=\"INFECCI\u00d3N-DE-V\u00cdAS-URINARIAS-Y-EL-CONSUMO-DE-AR\u00c1NDANOS-ROJOS-(2)\"  data-caption=\"\"  data-description=\"\">\r\n                                <img decoding=\"async\" src=\"https:\/\/www.eldiario.net\/portal\/wp-content\/uploads\/2024\/06\/INFECCION-DE-VIAS-URINARIAS-Y-EL-CONSUMO-DE-ARANDANOS-ROJOS-2-637x420.jpg\" srcset=\"https:\/\/www.eldiario.net\/portal\/wp-content\/uploads\/2024\/06\/INFECCION-DE-VIAS-URINARIAS-Y-EL-CONSUMO-DE-ARANDANOS-ROJOS-2-637x420.jpg 637w, https:\/\/www.eldiario.net\/portal\/wp-content\/uploads\/2024\/06\/INFECCION-DE-VIAS-URINARIAS-Y-EL-CONSUMO-DE-ARANDANOS-ROJOS-2-300x198.jpg 300w, https:\/\/www.eldiario.net\/portal\/wp-content\/uploads\/2024\/06\/INFECCION-DE-VIAS-URINARIAS-Y-EL-CONSUMO-DE-ARANDANOS-ROJOS-2-1024x675.jpg 1024w, https:\/\/www.eldiario.net\/portal\/wp-content\/uploads\/2024\/06\/INFECCION-DE-VIAS-URINARIAS-Y-EL-CONSUMO-DE-ARANDANOS-ROJOS-2-768x506.jpg 768w, https:\/\/www.eldiario.net\/portal\/wp-content\/uploads\/2024\/06\/INFECCION-DE-VIAS-URINARIAS-Y-EL-CONSUMO-DE-ARANDANOS-ROJOS-2-696x459.jpg 696w, https:\/\/www.eldiario.net\/portal\/wp-content\/uploads\/2024\/06\/INFECCION-DE-VIAS-URINARIAS-Y-EL-CONSUMO-DE-ARANDANOS-ROJOS-2-1068x704.jpg 1068w, https:\/\/www.eldiario.net\/portal\/wp-content\/uploads\/2024\/06\/INFECCION-DE-VIAS-URINARIAS-Y-EL-CONSUMO-DE-ARANDANOS-ROJOS-2.jpg 1200w\" sizes=\"(max-width: 637px) 100vw, 637px\" alt=\"\">\r\n                            <\/a>\r\n                            \r\n                        <\/figure>\r\n                    <\/div>\r\n                            <\/div>\r\n                        <\/div>\r\n\r\n                        <div class = \"td-doubleSlider-2\">\r\n                            <div class = \"td-slider\">\r\n                                \r\n                    <div class = \"td-button td-item1\">\r\n                        <div class = \"td-border\"><\/div>\r\n                    <\/div>\r\n                    <div class = \"td-button td-item2\">\r\n                        <div class = \"td-border\"><\/div>\r\n                    <\/div>\r\n                            <\/div>\r\n                        <\/div>\r\n\r\n                    <\/div>\r\n\r\n                <\/div>\r\n                \n","protected":false},"excerpt":{"rendered":"<p>Lic. Mar\u00eda LUISA Ticona Pardo \u2013 Nutricionista y dietista U.M.S.A. &#8211; Cel. 69969618 Las infecciones de las v\u00edas urinarias (IVU) son mucho m\u00e1s frecuente en mujeres que en varones por la menor longitud de la uretra femenina. Las mujeres de edad avanzada presentan la m\u00e1xima incidencia de IVU, se cree que est\u00e1 relacionado con la [&hellip;]<\/p>\n","protected":false},"author":1,"featured_media":229213,"comment_status":"open","ping_status":"open","sticky":false,"template":"","format":"standard","meta":{"_acf_changed":false,"footnotes":""},"categories":[52],"tags":[],"class_list":["post-229211","post","type-post","status-publish","format-standard","has-post-thumbnail","category-de-salud-mas-vida"],"acf":{"antetitulo":""},"yoast_head":"<!-- This site is optimized with the Yoast SEO plugin v28.4 - https:\/\/yoast.com\/product\/yoast-seo-wordpress\/ -->\n<title>INFECCI\u00d3N DE V\u00cdAS URINARIAS Y EL CONSUMO DE AR\u00c1NDANOS ROJOS - El Diario - Bolivia<\/title>\n<meta name=\"robots\" content=\"index, follow, max-snippet:-1, max-image-preview:large, max-video-preview:-1\" \/>\n<link rel=\"canonical\" href=\"https:\/\/www.eldiario.net\/portal\/2024\/06\/23\/infeccion-de-vias-urinarias-y-el-consumo-de-arandanos-rojos\/\" \/>\n<meta property=\"og:locale\" content=\"es_ES\" \/>\n<meta property=\"og:type\" content=\"article\" \/>\n<meta property=\"og:title\" content=\"INFECCI\u00d3N DE V\u00cdAS URINARIAS Y EL CONSUMO DE AR\u00c1NDANOS ROJOS - El Diario - Bolivia\" \/>\n<meta property=\"og:description\" content=\"Lic. Mar\u00eda LUISA Ticona Pardo \u2013 Nutricionista y dietista U.M.S.A. &#8211; Cel. 69969618 Las infecciones de las v\u00edas urinarias (IVU) son mucho m\u00e1s frecuente en mujeres que en varones por la menor longitud de la uretra femenina. Las mujeres de edad avanzada presentan la m\u00e1xima incidencia de IVU, se cree que est\u00e1 relacionado con la [&hellip;]\" \/>\n<meta property=\"og:url\" content=\"https:\/\/www.eldiario.net\/portal\/2024\/06\/23\/infeccion-de-vias-urinarias-y-el-consumo-de-arandanos-rojos\/\" \/>\n<meta property=\"og:site_name\" content=\"El Diario - Bolivia\" \/>\n<meta property=\"article:publisher\" content=\"https:\/\/www.facebook.com\/eldiario.bolivia\/\" \/>\n<meta property=\"article:published_time\" content=\"2024-06-23T10:34:06+00:00\" \/>\n<meta property=\"og:image\" content=\"https:\/\/www.eldiario.net\/portal\/wp-content\/uploads\/2024\/06\/INFECCION-DE-VIAS-URINARIAS-Y-EL-CONSUMO-DE-ARANDANOS-ROJOS-2.jpg\" \/>\n\t<meta property=\"og:image:width\" content=\"1200\" \/>\n\t<meta property=\"og:image:height\" content=\"791\" \/>\n\t<meta property=\"og:image:type\" content=\"image\/jpeg\" \/>\n<meta name=\"author\" content=\"Jeanette\" \/>\n<meta name=\"twitter:card\" content=\"summary_large_image\" \/>\n<meta name=\"twitter:creator\" content=\"@eldiario_net\" \/>\n<meta name=\"twitter:site\" content=\"@eldiario_net\" \/>\n<meta name=\"twitter:label1\" content=\"Escrito por\" \/>\n\t<meta name=\"twitter:data1\" content=\"Jeanette\" \/>\n\t<meta name=\"twitter:label2\" content=\"Tiempo de lectura\" \/>\n\t<meta name=\"twitter:data2\" content=\"2 minutos\" \/>\n<script type=\"application\/ld+json\" class=\"yoast-schema-graph\">{\"@context\":\"https:\\\/\\\/schema.org\",\"@graph\":[{\"@type\":\"Article\",\"@id\":\"https:\\\/\\\/www.eldiario.net\\\/portal\\\/2024\\\/06\\\/23\\\/infeccion-de-vias-urinarias-y-el-consumo-de-arandanos-rojos\\\/#article\",\"isPartOf\":{\"@id\":\"https:\\\/\\\/www.eldiario.net\\\/portal\\\/2024\\\/06\\\/23\\\/infeccion-de-vias-urinarias-y-el-consumo-de-arandanos-rojos\\\/\"},\"author\":{\"name\":\"Jeanette\",\"@id\":\"https:\\\/\\\/www.eldiario.net\\\/portal\\\/#\\\/schema\\\/person\\\/2c57cf2b7a7ae032e449e4c9b1019eac\"},\"headline\":\"INFECCI\u00d3N DE V\u00cdAS URINARIAS Y EL CONSUMO DE AR\u00c1NDANOS ROJOS\",\"datePublished\":\"2024-06-23T10:34:06+00:00\",\"mainEntityOfPage\":{\"@id\":\"https:\\\/\\\/www.eldiario.net\\\/portal\\\/2024\\\/06\\\/23\\\/infeccion-de-vias-urinarias-y-el-consumo-de-arandanos-rojos\\\/\"},\"wordCount\":392,\"commentCount\":0,\"publisher\":{\"@id\":\"https:\\\/\\\/www.eldiario.net\\\/portal\\\/#organization\"},\"image\":{\"@id\":\"https:\\\/\\\/www.eldiario.net\\\/portal\\\/2024\\\/06\\\/23\\\/infeccion-de-vias-urinarias-y-el-consumo-de-arandanos-rojos\\\/#primaryimage\"},\"thumbnailUrl\":\"https:\\\/\\\/www.eldiario.net\\\/portal\\\/wp-content\\\/uploads\\\/2024\\\/06\\\/INFECCION-DE-VIAS-URINARIAS-Y-EL-CONSUMO-DE-ARANDANOS-ROJOS-2.jpg\",\"articleSection\":[\"De Salud + vida\"],\"inLanguage\":\"es\",\"potentialAction\":[{\"@type\":\"CommentAction\",\"name\":\"Comment\",\"target\":[\"https:\\\/\\\/www.eldiario.net\\\/portal\\\/2024\\\/06\\\/23\\\/infeccion-de-vias-urinarias-y-el-consumo-de-arandanos-rojos\\\/#respond\"]}]},{\"@type\":\"WebPage\",\"@id\":\"https:\\\/\\\/www.eldiario.net\\\/portal\\\/2024\\\/06\\\/23\\\/infeccion-de-vias-urinarias-y-el-consumo-de-arandanos-rojos\\\/\",\"url\":\"https:\\\/\\\/www.eldiario.net\\\/portal\\\/2024\\\/06\\\/23\\\/infeccion-de-vias-urinarias-y-el-consumo-de-arandanos-rojos\\\/\",\"name\":\"INFECCI\u00d3N DE V\u00cdAS URINARIAS Y EL CONSUMO DE AR\u00c1NDANOS ROJOS - El Diario - Bolivia\",\"isPartOf\":{\"@id\":\"https:\\\/\\\/www.eldiario.net\\\/portal\\\/#website\"},\"primaryImageOfPage\":{\"@id\":\"https:\\\/\\\/www.eldiario.net\\\/portal\\\/2024\\\/06\\\/23\\\/infeccion-de-vias-urinarias-y-el-consumo-de-arandanos-rojos\\\/#primaryimage\"},\"image\":{\"@id\":\"https:\\\/\\\/www.eldiario.net\\\/portal\\\/2024\\\/06\\\/23\\\/infeccion-de-vias-urinarias-y-el-consumo-de-arandanos-rojos\\\/#primaryimage\"},\"thumbnailUrl\":\"https:\\\/\\\/www.eldiario.net\\\/portal\\\/wp-content\\\/uploads\\\/2024\\\/06\\\/INFECCION-DE-VIAS-URINARIAS-Y-EL-CONSUMO-DE-ARANDANOS-ROJOS-2.jpg\",\"datePublished\":\"2024-06-23T10:34:06+00:00\",\"breadcrumb\":{\"@id\":\"https:\\\/\\\/www.eldiario.net\\\/portal\\\/2024\\\/06\\\/23\\\/infeccion-de-vias-urinarias-y-el-consumo-de-arandanos-rojos\\\/#breadcrumb\"},\"inLanguage\":\"es\",\"potentialAction\":[{\"@type\":\"ReadAction\",\"target\":[\"https:\\\/\\\/www.eldiario.net\\\/portal\\\/2024\\\/06\\\/23\\\/infeccion-de-vias-urinarias-y-el-consumo-de-arandanos-rojos\\\/\"]}]},{\"@type\":\"ImageObject\",\"inLanguage\":\"es\",\"@id\":\"https:\\\/\\\/www.eldiario.net\\\/portal\\\/2024\\\/06\\\/23\\\/infeccion-de-vias-urinarias-y-el-consumo-de-arandanos-rojos\\\/#primaryimage\",\"url\":\"https:\\\/\\\/www.eldiario.net\\\/portal\\\/wp-content\\\/uploads\\\/2024\\\/06\\\/INFECCION-DE-VIAS-URINARIAS-Y-EL-CONSUMO-DE-ARANDANOS-ROJOS-2.jpg\",\"contentUrl\":\"https:\\\/\\\/www.eldiario.net\\\/portal\\\/wp-content\\\/uploads\\\/2024\\\/06\\\/INFECCION-DE-VIAS-URINARIAS-Y-EL-CONSUMO-DE-ARANDANOS-ROJOS-2.jpg\",\"width\":1200,\"height\":791},{\"@type\":\"BreadcrumbList\",\"@id\":\"https:\\\/\\\/www.eldiario.net\\\/portal\\\/2024\\\/06\\\/23\\\/infeccion-de-vias-urinarias-y-el-consumo-de-arandanos-rojos\\\/#breadcrumb\",\"itemListElement\":[{\"@type\":\"ListItem\",\"position\":1,\"name\":\"Portada\",\"item\":\"https:\\\/\\\/www.eldiario.net\\\/portal\\\/\"},{\"@type\":\"ListItem\",\"position\":2,\"name\":\"INFECCI\u00d3N DE V\u00cdAS URINARIAS Y EL CONSUMO DE AR\u00c1NDANOS ROJOS\"}]},{\"@type\":\"WebSite\",\"@id\":\"https:\\\/\\\/www.eldiario.net\\\/portal\\\/#website\",\"url\":\"https:\\\/\\\/www.eldiario.net\\\/portal\\\/\",\"name\":\"El Diario - Decano de la prensa nacional\",\"description\":\"El Diario - Decano de la prensa nacional\",\"publisher\":{\"@id\":\"https:\\\/\\\/www.eldiario.net\\\/portal\\\/#organization\"},\"potentialAction\":[{\"@type\":\"SearchAction\",\"target\":{\"@type\":\"EntryPoint\",\"urlTemplate\":\"https:\\\/\\\/www.eldiario.net\\\/portal\\\/?s={search_term_string}\"},\"query-input\":{\"@type\":\"PropertyValueSpecification\",\"valueRequired\":true,\"valueName\":\"search_term_string\"}}],\"inLanguage\":\"es\"},{\"@type\":\"Organization\",\"@id\":\"https:\\\/\\\/www.eldiario.net\\\/portal\\\/#organization\",\"name\":\"El Diario - Decano de la prensa nacional\",\"url\":\"https:\\\/\\\/www.eldiario.net\\\/portal\\\/\",\"logo\":{\"@type\":\"ImageObject\",\"inLanguage\":\"es\",\"@id\":\"https:\\\/\\\/www.eldiario.net\\\/portal\\\/#\\\/schema\\\/logo\\\/image\\\/\",\"url\":\"https:\\\/\\\/www.eldiario.net\\\/portal\\\/wp-content\\\/uploads\\\/2023\\\/07\\\/logo_ED.jpg\",\"contentUrl\":\"https:\\\/\\\/www.eldiario.net\\\/portal\\\/wp-content\\\/uploads\\\/2023\\\/07\\\/logo_ED.jpg\",\"width\":272,\"height\":52,\"caption\":\"El Diario - Decano de la prensa nacional\"},\"image\":{\"@id\":\"https:\\\/\\\/www.eldiario.net\\\/portal\\\/#\\\/schema\\\/logo\\\/image\\\/\"},\"sameAs\":[\"https:\\\/\\\/www.facebook.com\\\/eldiario.bolivia\\\/\",\"https:\\\/\\\/x.com\\\/eldiario_net\"]},{\"@type\":\"Person\",\"@id\":\"https:\\\/\\\/www.eldiario.net\\\/portal\\\/#\\\/schema\\\/person\\\/2c57cf2b7a7ae032e449e4c9b1019eac\",\"name\":\"Jeanette\",\"image\":{\"@type\":\"ImageObject\",\"inLanguage\":\"es\",\"@id\":\"https:\\\/\\\/secure.gravatar.com\\\/avatar\\\/3ea2118a5f7dad2b7138b1187a6b7ee55f160b9968b66013c3a3ef39dd7e5798?s=96&d=mm&r=g\",\"url\":\"https:\\\/\\\/secure.gravatar.com\\\/avatar\\\/3ea2118a5f7dad2b7138b1187a6b7ee55f160b9968b66013c3a3ef39dd7e5798?s=96&d=mm&r=g\",\"contentUrl\":\"https:\\\/\\\/secure.gravatar.com\\\/avatar\\\/3ea2118a5f7dad2b7138b1187a6b7ee55f160b9968b66013c3a3ef39dd7e5798?s=96&d=mm&r=g\",\"caption\":\"Jeanette\"},\"sameAs\":[\"https:\\\/\\\/www.eldiario.net\\\/portal\"],\"url\":\"https:\\\/\\\/www.eldiario.net\\\/portal\\\/author\\\/jeanette\\\/\"}]}<\/script>\n<!-- \/ Yoast SEO plugin. -->","yoast_head_json":{"title":"INFECCI\u00d3N DE V\u00cdAS URINARIAS Y EL CONSUMO DE AR\u00c1NDANOS ROJOS - El Diario - Bolivia","robots":{"index":"index","follow":"follow","max-snippet":"max-snippet:-1","max-image-preview":"max-image-preview:large","max-video-preview":"max-video-preview:-1"},"canonical":"https:\/\/www.eldiario.net\/portal\/2024\/06\/23\/infeccion-de-vias-urinarias-y-el-consumo-de-arandanos-rojos\/","og_locale":"es_ES","og_type":"article","og_title":"INFECCI\u00d3N DE V\u00cdAS URINARIAS Y EL CONSUMO DE AR\u00c1NDANOS ROJOS - El Diario - Bolivia","og_description":"Lic. Mar\u00eda LUISA Ticona Pardo \u2013 Nutricionista y dietista U.M.S.A. &#8211; Cel. 69969618 Las infecciones de las v\u00edas urinarias (IVU) son mucho m\u00e1s frecuente en mujeres que en varones por la menor longitud de la uretra femenina. Las mujeres de edad avanzada presentan la m\u00e1xima incidencia de IVU, se cree que est\u00e1 relacionado con la [&hellip;]","og_url":"https:\/\/www.eldiario.net\/portal\/2024\/06\/23\/infeccion-de-vias-urinarias-y-el-consumo-de-arandanos-rojos\/","og_site_name":"El Diario - Bolivia","article_publisher":"https:\/\/www.facebook.com\/eldiario.bolivia\/","article_published_time":"2024-06-23T10:34:06+00:00","og_image":[{"width":1200,"height":791,"url":"https:\/\/www.eldiario.net\/portal\/wp-content\/uploads\/2024\/06\/INFECCION-DE-VIAS-URINARIAS-Y-EL-CONSUMO-DE-ARANDANOS-ROJOS-2.jpg","type":"image\/jpeg"}],"author":"Jeanette","twitter_card":"summary_large_image","twitter_creator":"@eldiario_net","twitter_site":"@eldiario_net","twitter_misc":{"Escrito por":"Jeanette","Tiempo de lectura":"2 minutos"},"schema":{"@context":"https:\/\/schema.org","@graph":[{"@type":"Article","@id":"https:\/\/www.eldiario.net\/portal\/2024\/06\/23\/infeccion-de-vias-urinarias-y-el-consumo-de-arandanos-rojos\/#article","isPartOf":{"@id":"https:\/\/www.eldiario.net\/portal\/2024\/06\/23\/infeccion-de-vias-urinarias-y-el-consumo-de-arandanos-rojos\/"},"author":{"name":"Jeanette","@id":"https:\/\/www.eldiario.net\/portal\/#\/schema\/person\/2c57cf2b7a7ae032e449e4c9b1019eac"},"headline":"INFECCI\u00d3N DE V\u00cdAS URINARIAS Y EL CONSUMO DE AR\u00c1NDANOS ROJOS","datePublished":"2024-06-23T10:34:06+00:00","mainEntityOfPage":{"@id":"https:\/\/www.eldiario.net\/portal\/2024\/06\/23\/infeccion-de-vias-urinarias-y-el-consumo-de-arandanos-rojos\/"},"wordCount":392,"commentCount":0,"publisher":{"@id":"https:\/\/www.eldiario.net\/portal\/#organization"},"image":{"@id":"https:\/\/www.eldiario.net\/portal\/2024\/06\/23\/infeccion-de-vias-urinarias-y-el-consumo-de-arandanos-rojos\/#primaryimage"},"thumbnailUrl":"https:\/\/www.eldiario.net\/portal\/wp-content\/uploads\/2024\/06\/INFECCION-DE-VIAS-URINARIAS-Y-EL-CONSUMO-DE-ARANDANOS-ROJOS-2.jpg","articleSection":["De Salud + vida"],"inLanguage":"es","potentialAction":[{"@type":"CommentAction","name":"Comment","target":["https:\/\/www.eldiario.net\/portal\/2024\/06\/23\/infeccion-de-vias-urinarias-y-el-consumo-de-arandanos-rojos\/#respond"]}]},{"@type":"WebPage","@id":"https:\/\/www.eldiario.net\/portal\/2024\/06\/23\/infeccion-de-vias-urinarias-y-el-consumo-de-arandanos-rojos\/","url":"https:\/\/www.eldiario.net\/portal\/2024\/06\/23\/infeccion-de-vias-urinarias-y-el-consumo-de-arandanos-rojos\/","name":"INFECCI\u00d3N DE V\u00cdAS URINARIAS Y EL CONSUMO DE AR\u00c1NDANOS ROJOS - El Diario - Bolivia","isPartOf":{"@id":"https:\/\/www.eldiario.net\/portal\/#website"},"primaryImageOfPage":{"@id":"https:\/\/www.eldiario.net\/portal\/2024\/06\/23\/infeccion-de-vias-urinarias-y-el-consumo-de-arandanos-rojos\/#primaryimage"},"image":{"@id":"https:\/\/www.eldiario.net\/portal\/2024\/06\/23\/infeccion-de-vias-urinarias-y-el-consumo-de-arandanos-rojos\/#primaryimage"},"thumbnailUrl":"https:\/\/www.eldiario.net\/portal\/wp-content\/uploads\/2024\/06\/INFECCION-DE-VIAS-URINARIAS-Y-EL-CONSUMO-DE-ARANDANOS-ROJOS-2.jpg","datePublished":"2024-06-23T10:34:06+00:00","breadcrumb":{"@id":"https:\/\/www.eldiario.net\/portal\/2024\/06\/23\/infeccion-de-vias-urinarias-y-el-consumo-de-arandanos-rojos\/#breadcrumb"},"inLanguage":"es","potentialAction":[{"@type":"ReadAction","target":["https:\/\/www.eldiario.net\/portal\/2024\/06\/23\/infeccion-de-vias-urinarias-y-el-consumo-de-arandanos-rojos\/"]}]},{"@type":"ImageObject","inLanguage":"es","@id":"https:\/\/www.eldiario.net\/portal\/2024\/06\/23\/infeccion-de-vias-urinarias-y-el-consumo-de-arandanos-rojos\/#primaryimage","url":"https:\/\/www.eldiario.net\/portal\/wp-content\/uploads\/2024\/06\/INFECCION-DE-VIAS-URINARIAS-Y-EL-CONSUMO-DE-ARANDANOS-ROJOS-2.jpg","contentUrl":"https:\/\/www.eldiario.net\/portal\/wp-content\/uploads\/2024\/06\/INFECCION-DE-VIAS-URINARIAS-Y-EL-CONSUMO-DE-ARANDANOS-ROJOS-2.jpg","width":1200,"height":791},{"@type":"BreadcrumbList","@id":"https:\/\/www.eldiario.net\/portal\/2024\/06\/23\/infeccion-de-vias-urinarias-y-el-consumo-de-arandanos-rojos\/#breadcrumb","itemListElement":[{"@type":"ListItem","position":1,"name":"Portada","item":"https:\/\/www.eldiario.net\/portal\/"},{"@type":"ListItem","position":2,"name":"INFECCI\u00d3N DE V\u00cdAS URINARIAS Y EL CONSUMO DE AR\u00c1NDANOS ROJOS"}]},{"@type":"WebSite","@id":"https:\/\/www.eldiario.net\/portal\/#website","url":"https:\/\/www.eldiario.net\/portal\/","name":"El Diario - Decano de la prensa nacional","description":"El Diario - Decano de la prensa nacional","publisher":{"@id":"https:\/\/www.eldiario.net\/portal\/#organization"},"potentialAction":[{"@type":"SearchAction","target":{"@type":"EntryPoint","urlTemplate":"https:\/\/www.eldiario.net\/portal\/?s={search_term_string}"},"query-input":{"@type":"PropertyValueSpecification","valueRequired":true,"valueName":"search_term_string"}}],"inLanguage":"es"},{"@type":"Organization","@id":"https:\/\/www.eldiario.net\/portal\/#organization","name":"El Diario - Decano de la prensa nacional","url":"https:\/\/www.eldiario.net\/portal\/","logo":{"@type":"ImageObject","inLanguage":"es","@id":"https:\/\/www.eldiario.net\/portal\/#\/schema\/logo\/image\/","url":"https:\/\/www.eldiario.net\/portal\/wp-content\/uploads\/2023\/07\/logo_ED.jpg","contentUrl":"https:\/\/www.eldiario.net\/portal\/wp-content\/uploads\/2023\/07\/logo_ED.jpg","width":272,"height":52,"caption":"El Diario - Decano de la prensa nacional"},"image":{"@id":"https:\/\/www.eldiario.net\/portal\/#\/schema\/logo\/image\/"},"sameAs":["https:\/\/www.facebook.com\/eldiario.bolivia\/","https:\/\/x.com\/eldiario_net"]},{"@type":"Person","@id":"https:\/\/www.eldiario.net\/portal\/#\/schema\/person\/2c57cf2b7a7ae032e449e4c9b1019eac","name":"Jeanette","image":{"@type":"ImageObject","inLanguage":"es","@id":"https:\/\/secure.gravatar.com\/avatar\/3ea2118a5f7dad2b7138b1187a6b7ee55f160b9968b66013c3a3ef39dd7e5798?s=96&d=mm&r=g","url":"https:\/\/secure.gravatar.com\/avatar\/3ea2118a5f7dad2b7138b1187a6b7ee55f160b9968b66013c3a3ef39dd7e5798?s=96&d=mm&r=g","contentUrl":"https:\/\/secure.gravatar.com\/avatar\/3ea2118a5f7dad2b7138b1187a6b7ee55f160b9968b66013c3a3ef39dd7e5798?s=96&d=mm&r=g","caption":"Jeanette"},"sameAs":["https:\/\/www.eldiario.net\/portal"],"url":"https:\/\/www.eldiario.net\/portal\/author\/jeanette\/"}]}},"_links":{"self":[{"href":"https:\/\/www.eldiario.net\/portal\/wp-json\/wp\/v2\/posts\/229211","targetHints":{"allow":["GET"]}}],"collection":[{"href":"https:\/\/www.eldiario.net\/portal\/wp-json\/wp\/v2\/posts"}],"about":[{"href":"https:\/\/www.eldiario.net\/portal\/wp-json\/wp\/v2\/types\/post"}],"author":[{"embeddable":true,"href":"https:\/\/www.eldiario.net\/portal\/wp-json\/wp\/v2\/users\/1"}],"replies":[{"embeddable":true,"href":"https:\/\/www.eldiario.net\/portal\/wp-json\/wp\/v2\/comments?post=229211"}],"version-history":[{"count":1,"href":"https:\/\/www.eldiario.net\/portal\/wp-json\/wp\/v2\/posts\/229211\/revisions"}],"predecessor-version":[{"id":229214,"href":"https:\/\/www.eldiario.net\/portal\/wp-json\/wp\/v2\/posts\/229211\/revisions\/229214"}],"wp:featuredmedia":[{"embeddable":true,"href":"https:\/\/www.eldiario.net\/portal\/wp-json\/wp\/v2\/media\/229213"}],"wp:attachment":[{"href":"https:\/\/www.eldiario.net\/portal\/wp-json\/wp\/v2\/media?parent=229211"}],"wp:term":[{"taxonomy":"category","embeddable":true,"href":"https:\/\/www.eldiario.net\/portal\/wp-json\/wp\/v2\/categories?post=229211"},{"taxonomy":"post_tag","embeddable":true,"href":"https:\/\/www.eldiario.net\/portal\/wp-json\/wp\/v2\/tags?post=229211"}],"curies":[{"name":"wp","href":"https:\/\/api.w.org\/{rel}","templated":true}]}}