{"id":229145,"date":"2024-06-23T06:08:29","date_gmt":"2024-06-23T10:08:29","guid":{"rendered":"https:\/\/www.eldiario.net\/portal\/?p=229145"},"modified":"2024-06-23T06:08:29","modified_gmt":"2024-06-23T10:08:29","slug":"ni-izquierdas-ni-derechas","status":"publish","type":"post","link":"https:\/\/www.eldiario.net\/portal\/2024\/06\/23\/ni-izquierdas-ni-derechas\/","title":{"rendered":"Ni izquierdas ni derechas"},"content":{"rendered":"<p>Hace poco, en esta misma tribuna expres\u00e9 que una parte de culpa la tienen los electores para que accedan al poder pol\u00edtico reg\u00edmenes de tinte socialista autoritario, excepto en sistemas como los de Venezuela, Cuba o Nicaragua, donde la insolencia de la izquierda que detenta el control del Estado no permite otra alternativa que revalidarles el mandato. Por supuesto que existen otros factores para que muchos gobiernos socialistas tiranicen a sus pueblos, pero eso es motivo de otro comentario, as\u00ed como punto aparte son los sistemas socialistas de los pa\u00edses n\u00f3rdicos y por qu\u00e9 el socialismo es visto por ellos desde un \u00e1ngulo completamente diferente al resto del mundo, donde ser de izquierda parece ser sin\u00f3nimo de despilfarrador y corrupto.<br \/>\nY la verdad es que, conceptualmente hablando, no existe en el mundo ning\u00fan r\u00e9gimen enteramente socialista, porque \u2014hasta donde yo s\u00e9\u2014 ning\u00fan Estado ha conferido al pueblo el derecho de apropiarse de los medios de producci\u00f3n. Por eso el correlato de las izquierdas en el mundo no pasa de ser un enga\u00f1o, mucho en cuanto a la riqueza, pero mucho m\u00e1s en cuanto a las libertades. \u00bfAcaso no es f\u00e1cil comprobar, reduci\u00e9ndonos a un contexto m\u00e1s pr\u00f3ximo para nosotros, como es Am\u00e9rica Latina, la falacia de las peroratas de presidentes de izquierda que contrastan con la pobreza de sus adormecidos oyentes al pie de sus atriles, que siguen teniendo esperanzas en aquellos o bien no tienen posibilidad de abrir la boca?<br \/>\nEn Suecia, por ejemplo, que es el referente mundial del Estado de bienestar, a pesar de que el socialismo ha predominado durante muchos a\u00f1os, existe un pragmatismo que ni siquiera durante los gobiernos, que en las \u00faltimas d\u00e9cadas han interrumpido la hegemon\u00eda socialdem\u00f3crata, hizo revertir las medidas adoptadas en materia econ\u00f3mica, como el libre mercado o el control de muchos servicios p\u00fablicos por manos privadas, proscribiendo el Estado benefactor, una reducci\u00f3n sustancial del gasto p\u00fablico, que en los reg\u00edmenes socialistas en lo pol\u00edtico, es medida que est\u00e1 lejos de ser adoptada por los compromisos adquiridos con su militancia, como en Bolivia, que tiene un aparato burocr\u00e1tico de casi 600.000 funcionarios, pero con una tendencia del 10 por ciento de crecimiento anual.<br \/>\nEn consecuencia, en cualquier parte del mundo, con esas tendencias es pr\u00e1cticamente imposible que ellos puedan salir de sus crisis econ\u00f3micas, y entonces los hostigamientos que se originan desde ambos brazos de las doctrinas pol\u00edticas \u2014es decir desde la izquierda, pero tambi\u00e9n desde la derecha\u2014 al liberalismo, carecen de sustento, a pesar de que los dirigentes de aquellas corrientes con frecuencia hacen est\u00e9riles esfuerzos poni\u00e9ndose caretas de liberales, porque el valor supremo del liberalismo es la tolerancia y de ella dimanan todas las libertades fundamentales consagradas por la modernidad, as\u00ed como la flexibilidad de sus postulados en correspondencia con los contextos culturales, sociol\u00f3gicos y temporales en que se implemente la ideolog\u00eda.<br \/>\nVolviendo al caso de Suecia, donde se considera un lastre el nacionalismo y el uno por ciento de la poblaci\u00f3n es de empleados p\u00fablicos (y adem\u00e1s con una eficiencia impensable para nuestro medio), se ha producido una importante apertura a la inmigraci\u00f3n de extranjeros (aunque con ciertas controversias). Eso es la aplicaci\u00f3n de un liberalismo dentro de un sistema socialista moderado, por considerar que el nacionalismo es sin\u00f3nimo o de segregaci\u00f3n o de racismo, o de ambos. En el Estado moderno, esas concepciones est\u00e1n indiscutiblemente re\u00f1idas con la libertad, y si no hay libertad no hay democracia. Ambos conceptos solo son compatibles si se quiere vivir sin m\u00e1s restricciones que las que impone la ley, cuyo esp\u00edritu prioriza al individuo. Y no se confunda: el liberalismo no tolera la anarqu\u00eda, pero defiende a rajatabla un Estado que, sin traicionar sus postulados, pueda adecuarse a la realidad de las sociedades, respetando en cuanto fuere posible la educaci\u00f3n y la salud p\u00fablicas, pero promoviendo en estos campos la iniciativa privada tambi\u00e9n.<br \/>\nCon las derechas que aplican el racismo, la corrupci\u00f3n o el brutal capitalismo, o las izquierdas que implementan el totalitarismo, el intervencionismo, la planificaci\u00f3n del mercado, la eliminaci\u00f3n de la propiedad privada, el aborto o la violaci\u00f3n a los derechos humanos, el mundo se perder\u00eda. El ideario liberal, pese a sus dudas y discrepancias, es la doctrina m\u00e1s fruct\u00edfera y humanista para el resurgimiento de las sociedades, haci\u00e9ndolas pr\u00f3speras y abiertas.<\/p>\n<p>Augusto Vera Riveros es jurista y escritor.<\/p>\n","protected":false},"excerpt":{"rendered":"<p>Hace poco, en esta misma tribuna expres\u00e9 que una parte de culpa la tienen los electores para que accedan al poder pol\u00edtico reg\u00edmenes de tinte socialista autoritario, excepto en sistemas como los de Venezuela, Cuba o Nicaragua, donde la insolencia de la izquierda que detenta el control del Estado no permite otra alternativa que revalidarles [&hellip;]<\/p>\n","protected":false},"author":1,"featured_media":158120,"comment_status":"open","ping_status":"open","sticky":false,"template":"","format":"standard","meta":{"_acf_changed":false,"footnotes":""},"categories":[9],"tags":[],"class_list":["post-229145","post","type-post","status-publish","format-standard","has-post-thumbnail","category-opinion"],"acf":{"antetitulo":"Contra viento y marea"},"yoast_head":"<!-- This site is optimized with the Yoast SEO plugin v28.3 - https:\/\/yoast.com\/product\/yoast-seo-wordpress\/ -->\n<title>Ni izquierdas ni derechas - El Diario - Bolivia<\/title>\n<meta name=\"robots\" content=\"index, follow, max-snippet:-1, max-image-preview:large, max-video-preview:-1\" \/>\n<link rel=\"canonical\" href=\"https:\/\/www.eldiario.net\/portal\/2024\/06\/23\/ni-izquierdas-ni-derechas\/\" \/>\n<meta property=\"og:locale\" content=\"es_ES\" \/>\n<meta property=\"og:type\" content=\"article\" \/>\n<meta property=\"og:title\" content=\"Ni izquierdas ni derechas - El Diario - Bolivia\" \/>\n<meta property=\"og:description\" content=\"Hace poco, en esta misma tribuna expres\u00e9 que una parte de culpa la tienen los electores para que accedan al poder pol\u00edtico reg\u00edmenes de tinte socialista autoritario, excepto en sistemas como los de Venezuela, Cuba o Nicaragua, donde la insolencia de la izquierda que detenta el control del Estado no permite otra alternativa que revalidarles [&hellip;]\" \/>\n<meta property=\"og:url\" content=\"https:\/\/www.eldiario.net\/portal\/2024\/06\/23\/ni-izquierdas-ni-derechas\/\" \/>\n<meta property=\"og:site_name\" content=\"El Diario - Bolivia\" \/>\n<meta property=\"article:publisher\" content=\"https:\/\/www.facebook.com\/eldiario.bolivia\/\" \/>\n<meta property=\"article:published_time\" content=\"2024-06-23T10:08:29+00:00\" \/>\n<meta property=\"og:image\" content=\"https:\/\/www.eldiario.net\/portal\/wp-content\/uploads\/2023\/06\/Augusto-Vera-Riveros.jpg\" \/>\n\t<meta property=\"og:image:width\" content=\"1200\" \/>\n\t<meta property=\"og:image:height\" content=\"628\" \/>\n\t<meta property=\"og:image:type\" content=\"image\/jpeg\" \/>\n<meta name=\"author\" content=\"Jeanette\" \/>\n<meta name=\"twitter:card\" content=\"summary_large_image\" \/>\n<meta name=\"twitter:creator\" content=\"@eldiario_net\" \/>\n<meta name=\"twitter:site\" content=\"@eldiario_net\" \/>\n<meta name=\"twitter:label1\" content=\"Escrito por\" \/>\n\t<meta name=\"twitter:data1\" content=\"Jeanette\" \/>\n\t<meta name=\"twitter:label2\" content=\"Tiempo de lectura\" \/>\n\t<meta name=\"twitter:data2\" content=\"4 minutos\" \/>\n<script type=\"application\/ld+json\" class=\"yoast-schema-graph\">{\"@context\":\"https:\\\/\\\/schema.org\",\"@graph\":[{\"@type\":\"Article\",\"@id\":\"https:\\\/\\\/www.eldiario.net\\\/portal\\\/2024\\\/06\\\/23\\\/ni-izquierdas-ni-derechas\\\/#article\",\"isPartOf\":{\"@id\":\"https:\\\/\\\/www.eldiario.net\\\/portal\\\/2024\\\/06\\\/23\\\/ni-izquierdas-ni-derechas\\\/\"},\"author\":{\"name\":\"Jeanette\",\"@id\":\"https:\\\/\\\/www.eldiario.net\\\/portal\\\/#\\\/schema\\\/person\\\/f46445640444750d7d753ccd04ae01b7\"},\"headline\":\"Ni izquierdas ni derechas\",\"datePublished\":\"2024-06-23T10:08:29+00:00\",\"mainEntityOfPage\":{\"@id\":\"https:\\\/\\\/www.eldiario.net\\\/portal\\\/2024\\\/06\\\/23\\\/ni-izquierdas-ni-derechas\\\/\"},\"wordCount\":781,\"commentCount\":0,\"publisher\":{\"@id\":\"https:\\\/\\\/www.eldiario.net\\\/portal\\\/#organization\"},\"image\":{\"@id\":\"https:\\\/\\\/www.eldiario.net\\\/portal\\\/2024\\\/06\\\/23\\\/ni-izquierdas-ni-derechas\\\/#primaryimage\"},\"thumbnailUrl\":\"https:\\\/\\\/www.eldiario.net\\\/portal\\\/wp-content\\\/uploads\\\/2023\\\/06\\\/Augusto-Vera-Riveros.jpg\",\"articleSection\":[\"Opini\u00f3n\"],\"inLanguage\":\"es\",\"potentialAction\":[{\"@type\":\"CommentAction\",\"name\":\"Comment\",\"target\":[\"https:\\\/\\\/www.eldiario.net\\\/portal\\\/2024\\\/06\\\/23\\\/ni-izquierdas-ni-derechas\\\/#respond\"]}]},{\"@type\":\"WebPage\",\"@id\":\"https:\\\/\\\/www.eldiario.net\\\/portal\\\/2024\\\/06\\\/23\\\/ni-izquierdas-ni-derechas\\\/\",\"url\":\"https:\\\/\\\/www.eldiario.net\\\/portal\\\/2024\\\/06\\\/23\\\/ni-izquierdas-ni-derechas\\\/\",\"name\":\"Ni izquierdas ni derechas - El Diario - Bolivia\",\"isPartOf\":{\"@id\":\"https:\\\/\\\/www.eldiario.net\\\/portal\\\/#website\"},\"primaryImageOfPage\":{\"@id\":\"https:\\\/\\\/www.eldiario.net\\\/portal\\\/2024\\\/06\\\/23\\\/ni-izquierdas-ni-derechas\\\/#primaryimage\"},\"image\":{\"@id\":\"https:\\\/\\\/www.eldiario.net\\\/portal\\\/2024\\\/06\\\/23\\\/ni-izquierdas-ni-derechas\\\/#primaryimage\"},\"thumbnailUrl\":\"https:\\\/\\\/www.eldiario.net\\\/portal\\\/wp-content\\\/uploads\\\/2023\\\/06\\\/Augusto-Vera-Riveros.jpg\",\"datePublished\":\"2024-06-23T10:08:29+00:00\",\"breadcrumb\":{\"@id\":\"https:\\\/\\\/www.eldiario.net\\\/portal\\\/2024\\\/06\\\/23\\\/ni-izquierdas-ni-derechas\\\/#breadcrumb\"},\"inLanguage\":\"es\",\"potentialAction\":[{\"@type\":\"ReadAction\",\"target\":[\"https:\\\/\\\/www.eldiario.net\\\/portal\\\/2024\\\/06\\\/23\\\/ni-izquierdas-ni-derechas\\\/\"]}]},{\"@type\":\"ImageObject\",\"inLanguage\":\"es\",\"@id\":\"https:\\\/\\\/www.eldiario.net\\\/portal\\\/2024\\\/06\\\/23\\\/ni-izquierdas-ni-derechas\\\/#primaryimage\",\"url\":\"https:\\\/\\\/www.eldiario.net\\\/portal\\\/wp-content\\\/uploads\\\/2023\\\/06\\\/Augusto-Vera-Riveros.jpg\",\"contentUrl\":\"https:\\\/\\\/www.eldiario.net\\\/portal\\\/wp-content\\\/uploads\\\/2023\\\/06\\\/Augusto-Vera-Riveros.jpg\",\"width\":1200,\"height\":628},{\"@type\":\"BreadcrumbList\",\"@id\":\"https:\\\/\\\/www.eldiario.net\\\/portal\\\/2024\\\/06\\\/23\\\/ni-izquierdas-ni-derechas\\\/#breadcrumb\",\"itemListElement\":[{\"@type\":\"ListItem\",\"position\":1,\"name\":\"Portada\",\"item\":\"https:\\\/\\\/www.eldiario.net\\\/portal\\\/\"},{\"@type\":\"ListItem\",\"position\":2,\"name\":\"Ni izquierdas ni derechas\"}]},{\"@type\":\"WebSite\",\"@id\":\"https:\\\/\\\/www.eldiario.net\\\/portal\\\/#website\",\"url\":\"https:\\\/\\\/www.eldiario.net\\\/portal\\\/\",\"name\":\"El Diario - Decano de la prensa nacional\",\"description\":\"El Diario - Decano de la prensa nacional\",\"publisher\":{\"@id\":\"https:\\\/\\\/www.eldiario.net\\\/portal\\\/#organization\"},\"potentialAction\":[{\"@type\":\"SearchAction\",\"target\":{\"@type\":\"EntryPoint\",\"urlTemplate\":\"https:\\\/\\\/www.eldiario.net\\\/portal\\\/?s={search_term_string}\"},\"query-input\":{\"@type\":\"PropertyValueSpecification\",\"valueRequired\":true,\"valueName\":\"search_term_string\"}}],\"inLanguage\":\"es\"},{\"@type\":\"Organization\",\"@id\":\"https:\\\/\\\/www.eldiario.net\\\/portal\\\/#organization\",\"name\":\"El Diario - Decano de la prensa nacional\",\"url\":\"https:\\\/\\\/www.eldiario.net\\\/portal\\\/\",\"logo\":{\"@type\":\"ImageObject\",\"inLanguage\":\"es\",\"@id\":\"https:\\\/\\\/www.eldiario.net\\\/portal\\\/#\\\/schema\\\/logo\\\/image\\\/\",\"url\":\"https:\\\/\\\/www.eldiario.net\\\/portal\\\/wp-content\\\/uploads\\\/2023\\\/07\\\/logo_ED.jpg\",\"contentUrl\":\"https:\\\/\\\/www.eldiario.net\\\/portal\\\/wp-content\\\/uploads\\\/2023\\\/07\\\/logo_ED.jpg\",\"width\":272,\"height\":52,\"caption\":\"El Diario - Decano de la prensa nacional\"},\"image\":{\"@id\":\"https:\\\/\\\/www.eldiario.net\\\/portal\\\/#\\\/schema\\\/logo\\\/image\\\/\"},\"sameAs\":[\"https:\\\/\\\/www.facebook.com\\\/eldiario.bolivia\\\/\",\"https:\\\/\\\/x.com\\\/eldiario_net\"]},{\"@type\":\"Person\",\"@id\":\"https:\\\/\\\/www.eldiario.net\\\/portal\\\/#\\\/schema\\\/person\\\/f46445640444750d7d753ccd04ae01b7\",\"name\":\"Jeanette\",\"image\":{\"@type\":\"ImageObject\",\"inLanguage\":\"es\",\"@id\":\"https:\\\/\\\/secure.gravatar.com\\\/avatar\\\/3ea2118a5f7dad2b7138b1187a6b7ee55f160b9968b66013c3a3ef39dd7e5798?s=96&d=mm&r=g\",\"url\":\"https:\\\/\\\/secure.gravatar.com\\\/avatar\\\/3ea2118a5f7dad2b7138b1187a6b7ee55f160b9968b66013c3a3ef39dd7e5798?s=96&d=mm&r=g\",\"contentUrl\":\"https:\\\/\\\/secure.gravatar.com\\\/avatar\\\/3ea2118a5f7dad2b7138b1187a6b7ee55f160b9968b66013c3a3ef39dd7e5798?s=96&d=mm&r=g\",\"caption\":\"Jeanette\"},\"sameAs\":[\"https:\\\/\\\/www.eldiario.net\\\/portal\"],\"url\":\"https:\\\/\\\/www.eldiario.net\\\/portal\\\/author\\\/jeanette\\\/\"}]}<\/script>\n<!-- \/ Yoast SEO plugin. -->","yoast_head_json":{"title":"Ni izquierdas ni derechas - El Diario - Bolivia","robots":{"index":"index","follow":"follow","max-snippet":"max-snippet:-1","max-image-preview":"max-image-preview:large","max-video-preview":"max-video-preview:-1"},"canonical":"https:\/\/www.eldiario.net\/portal\/2024\/06\/23\/ni-izquierdas-ni-derechas\/","og_locale":"es_ES","og_type":"article","og_title":"Ni izquierdas ni derechas - El Diario - Bolivia","og_description":"Hace poco, en esta misma tribuna expres\u00e9 que una parte de culpa la tienen los electores para que accedan al poder pol\u00edtico reg\u00edmenes de tinte socialista autoritario, excepto en sistemas como los de Venezuela, Cuba o Nicaragua, donde la insolencia de la izquierda que detenta el control del Estado no permite otra alternativa que revalidarles [&hellip;]","og_url":"https:\/\/www.eldiario.net\/portal\/2024\/06\/23\/ni-izquierdas-ni-derechas\/","og_site_name":"El Diario - Bolivia","article_publisher":"https:\/\/www.facebook.com\/eldiario.bolivia\/","article_published_time":"2024-06-23T10:08:29+00:00","og_image":[{"width":1200,"height":628,"url":"https:\/\/www.eldiario.net\/portal\/wp-content\/uploads\/2023\/06\/Augusto-Vera-Riveros.jpg","type":"image\/jpeg"}],"author":"Jeanette","twitter_card":"summary_large_image","twitter_creator":"@eldiario_net","twitter_site":"@eldiario_net","twitter_misc":{"Escrito por":"Jeanette","Tiempo de lectura":"4 minutos"},"schema":{"@context":"https:\/\/schema.org","@graph":[{"@type":"Article","@id":"https:\/\/www.eldiario.net\/portal\/2024\/06\/23\/ni-izquierdas-ni-derechas\/#article","isPartOf":{"@id":"https:\/\/www.eldiario.net\/portal\/2024\/06\/23\/ni-izquierdas-ni-derechas\/"},"author":{"name":"Jeanette","@id":"https:\/\/www.eldiario.net\/portal\/#\/schema\/person\/f46445640444750d7d753ccd04ae01b7"},"headline":"Ni izquierdas ni derechas","datePublished":"2024-06-23T10:08:29+00:00","mainEntityOfPage":{"@id":"https:\/\/www.eldiario.net\/portal\/2024\/06\/23\/ni-izquierdas-ni-derechas\/"},"wordCount":781,"commentCount":0,"publisher":{"@id":"https:\/\/www.eldiario.net\/portal\/#organization"},"image":{"@id":"https:\/\/www.eldiario.net\/portal\/2024\/06\/23\/ni-izquierdas-ni-derechas\/#primaryimage"},"thumbnailUrl":"https:\/\/www.eldiario.net\/portal\/wp-content\/uploads\/2023\/06\/Augusto-Vera-Riveros.jpg","articleSection":["Opini\u00f3n"],"inLanguage":"es","potentialAction":[{"@type":"CommentAction","name":"Comment","target":["https:\/\/www.eldiario.net\/portal\/2024\/06\/23\/ni-izquierdas-ni-derechas\/#respond"]}]},{"@type":"WebPage","@id":"https:\/\/www.eldiario.net\/portal\/2024\/06\/23\/ni-izquierdas-ni-derechas\/","url":"https:\/\/www.eldiario.net\/portal\/2024\/06\/23\/ni-izquierdas-ni-derechas\/","name":"Ni izquierdas ni derechas - El Diario - Bolivia","isPartOf":{"@id":"https:\/\/www.eldiario.net\/portal\/#website"},"primaryImageOfPage":{"@id":"https:\/\/www.eldiario.net\/portal\/2024\/06\/23\/ni-izquierdas-ni-derechas\/#primaryimage"},"image":{"@id":"https:\/\/www.eldiario.net\/portal\/2024\/06\/23\/ni-izquierdas-ni-derechas\/#primaryimage"},"thumbnailUrl":"https:\/\/www.eldiario.net\/portal\/wp-content\/uploads\/2023\/06\/Augusto-Vera-Riveros.jpg","datePublished":"2024-06-23T10:08:29+00:00","breadcrumb":{"@id":"https:\/\/www.eldiario.net\/portal\/2024\/06\/23\/ni-izquierdas-ni-derechas\/#breadcrumb"},"inLanguage":"es","potentialAction":[{"@type":"ReadAction","target":["https:\/\/www.eldiario.net\/portal\/2024\/06\/23\/ni-izquierdas-ni-derechas\/"]}]},{"@type":"ImageObject","inLanguage":"es","@id":"https:\/\/www.eldiario.net\/portal\/2024\/06\/23\/ni-izquierdas-ni-derechas\/#primaryimage","url":"https:\/\/www.eldiario.net\/portal\/wp-content\/uploads\/2023\/06\/Augusto-Vera-Riveros.jpg","contentUrl":"https:\/\/www.eldiario.net\/portal\/wp-content\/uploads\/2023\/06\/Augusto-Vera-Riveros.jpg","width":1200,"height":628},{"@type":"BreadcrumbList","@id":"https:\/\/www.eldiario.net\/portal\/2024\/06\/23\/ni-izquierdas-ni-derechas\/#breadcrumb","itemListElement":[{"@type":"ListItem","position":1,"name":"Portada","item":"https:\/\/www.eldiario.net\/portal\/"},{"@type":"ListItem","position":2,"name":"Ni izquierdas ni derechas"}]},{"@type":"WebSite","@id":"https:\/\/www.eldiario.net\/portal\/#website","url":"https:\/\/www.eldiario.net\/portal\/","name":"El Diario - Decano de la prensa nacional","description":"El Diario - Decano de la prensa nacional","publisher":{"@id":"https:\/\/www.eldiario.net\/portal\/#organization"},"potentialAction":[{"@type":"SearchAction","target":{"@type":"EntryPoint","urlTemplate":"https:\/\/www.eldiario.net\/portal\/?s={search_term_string}"},"query-input":{"@type":"PropertyValueSpecification","valueRequired":true,"valueName":"search_term_string"}}],"inLanguage":"es"},{"@type":"Organization","@id":"https:\/\/www.eldiario.net\/portal\/#organization","name":"El Diario - Decano de la prensa nacional","url":"https:\/\/www.eldiario.net\/portal\/","logo":{"@type":"ImageObject","inLanguage":"es","@id":"https:\/\/www.eldiario.net\/portal\/#\/schema\/logo\/image\/","url":"https:\/\/www.eldiario.net\/portal\/wp-content\/uploads\/2023\/07\/logo_ED.jpg","contentUrl":"https:\/\/www.eldiario.net\/portal\/wp-content\/uploads\/2023\/07\/logo_ED.jpg","width":272,"height":52,"caption":"El Diario - Decano de la prensa nacional"},"image":{"@id":"https:\/\/www.eldiario.net\/portal\/#\/schema\/logo\/image\/"},"sameAs":["https:\/\/www.facebook.com\/eldiario.bolivia\/","https:\/\/x.com\/eldiario_net"]},{"@type":"Person","@id":"https:\/\/www.eldiario.net\/portal\/#\/schema\/person\/f46445640444750d7d753ccd04ae01b7","name":"Jeanette","image":{"@type":"ImageObject","inLanguage":"es","@id":"https:\/\/secure.gravatar.com\/avatar\/3ea2118a5f7dad2b7138b1187a6b7ee55f160b9968b66013c3a3ef39dd7e5798?s=96&d=mm&r=g","url":"https:\/\/secure.gravatar.com\/avatar\/3ea2118a5f7dad2b7138b1187a6b7ee55f160b9968b66013c3a3ef39dd7e5798?s=96&d=mm&r=g","contentUrl":"https:\/\/secure.gravatar.com\/avatar\/3ea2118a5f7dad2b7138b1187a6b7ee55f160b9968b66013c3a3ef39dd7e5798?s=96&d=mm&r=g","caption":"Jeanette"},"sameAs":["https:\/\/www.eldiario.net\/portal"],"url":"https:\/\/www.eldiario.net\/portal\/author\/jeanette\/"}]}},"_links":{"self":[{"href":"https:\/\/www.eldiario.net\/portal\/wp-json\/wp\/v2\/posts\/229145","targetHints":{"allow":["GET"]}}],"collection":[{"href":"https:\/\/www.eldiario.net\/portal\/wp-json\/wp\/v2\/posts"}],"about":[{"href":"https:\/\/www.eldiario.net\/portal\/wp-json\/wp\/v2\/types\/post"}],"author":[{"embeddable":true,"href":"https:\/\/www.eldiario.net\/portal\/wp-json\/wp\/v2\/users\/1"}],"replies":[{"embeddable":true,"href":"https:\/\/www.eldiario.net\/portal\/wp-json\/wp\/v2\/comments?post=229145"}],"version-history":[{"count":1,"href":"https:\/\/www.eldiario.net\/portal\/wp-json\/wp\/v2\/posts\/229145\/revisions"}],"predecessor-version":[{"id":229146,"href":"https:\/\/www.eldiario.net\/portal\/wp-json\/wp\/v2\/posts\/229145\/revisions\/229146"}],"wp:featuredmedia":[{"embeddable":true,"href":"https:\/\/www.eldiario.net\/portal\/wp-json\/wp\/v2\/media\/158120"}],"wp:attachment":[{"href":"https:\/\/www.eldiario.net\/portal\/wp-json\/wp\/v2\/media?parent=229145"}],"wp:term":[{"taxonomy":"category","embeddable":true,"href":"https:\/\/www.eldiario.net\/portal\/wp-json\/wp\/v2\/categories?post=229145"},{"taxonomy":"post_tag","embeddable":true,"href":"https:\/\/www.eldiario.net\/portal\/wp-json\/wp\/v2\/tags?post=229145"}],"curies":[{"name":"wp","href":"https:\/\/api.w.org\/{rel}","templated":true}]}}