{"id":229143,"date":"2024-06-23T06:07:59","date_gmt":"2024-06-23T10:07:59","guid":{"rendered":"https:\/\/www.eldiario.net\/portal\/?p=229143"},"modified":"2024-06-23T06:07:59","modified_gmt":"2024-06-23T10:07:59","slug":"negros-nubarrones-sobre-la-economia-y-el-futuro-de-bolivia","status":"publish","type":"post","link":"https:\/\/www.eldiario.net\/portal\/2024\/06\/23\/negros-nubarrones-sobre-la-economia-y-el-futuro-de-bolivia\/","title":{"rendered":"Negros nubarrones sobre la econom\u00eda y el futuro de Bolivia"},"content":{"rendered":"<p>La tozudez del presidente Luis Arce Catacora para no dar un giro de 180 grados en su pol\u00edtica econ\u00f3mica y tomar las medidas que el pa\u00eds necesita nos est\u00e1 llevando a la debacle productiva; el sector privado est\u00e1 buscando nuevos espacios para evitar la quiebra empresarial.<br \/>\nEl ralentizado sector exportador, que en 2023 aport\u00f3 al pa\u00eds con el 30% del Producto Interno Bruto (PIB) con la producci\u00f3n del 70% de los alimentos de consumo interno, ahora tiene la mirada puesta en otros escenarios que les permita trabajar con seguridad, entre ellos el vecino Paraguay, que inteligentemente abre interesantes oportunidades para hacer crecer su econom\u00eda.<br \/>\nSe avecina la migraci\u00f3n de numerosas empresas a otros pa\u00edses y a la par el cierre de otras, vienen negros nubarrones sobre la econom\u00eda del pa\u00eds, tormentas premeditadas por el gobierno de Arce Catacora por su insistencia de imponer su fracasado modelo de econom\u00eda socialista, sin importarle el costo que pagaremos los ciudadanos de a pie.<br \/>\nEl pa\u00eds ha perdido la confianza en el gobierno de Luis Arce y en el MAS porque fracas\u00f3 su experimento de administraci\u00f3n y modelo productivo. Su codicia, sus ambiciones pol\u00edticas e inoperancia sobrepasaron a las necesidades de generar econom\u00eda real, a producir m\u00e1s alimentos y retomar la producci\u00f3n de hidrocarburos que desde 2016 est\u00e1 a la baja y en 2024 somos dependientes del 86% de su importaci\u00f3n.<br \/>\nLa zozobra que ha generado la falta de di\u00e9sel y la disminuida producci\u00f3n de gas natural de 60 millones de metros c\u00fabicos por d\u00eda en 2014 a 36 millones de metros c\u00fabicos d\u00eda en 2023 y con tendencia a bajar a 31 millones de metros c\u00fabicos durante este 2024, deja una profunda preocupaci\u00f3n sobre los ductos y tuber\u00edas de gas domiciliario que tambi\u00e9n podr\u00edan quedar disminuidos, hasta casi vac\u00edos si no se rectifica la pol\u00edtica y leyes sobre hidrocarburos. Entonces, volver\u00edan las filas en las calles para conseguir una garrafa de Gas Licuado de Petr\u00f3leo (GLP).<br \/>\nNo es boicot de la oposici\u00f3n, como dice el gobierno, el d\u00e9ficit comercial de 460 millones de d\u00f3lares, ocho veces m\u00e1s que a abril del 2023, seg\u00fan el reporta el Instituto Boliviano de Comercio Exterior (IBCE), es la equivocada pol\u00edtica econ\u00f3mica.<br \/>\nHaciendo n\u00fameros a manera de ejemplo, por la falta de insumos que son importados con d\u00f3lares, s\u00f3lo en el rubro farmac\u00e9utico podr\u00eda ocurrir la p\u00e9rdida de, al menos, 2.000 fuentes de empleo, puestos laborales que ser\u00edan creados en otros pa\u00edses, donde los gobiernos trabajan para dar seguridad jur\u00eddica a las inversiones privadas, libertad de mercado e incentivos a iniciativas productivas.<br \/>\nEl rubro farmac\u00e9utico boliviano, requiere entre 10 y 14 millones de d\u00f3lares mensuales para el pago de insumos importados, el 99% importados de China e India. La situaci\u00f3n es verdaderamente compleja para este gobierno \u201csocial-comunitario\u201d.<br \/>\nAl mes de abril del 2024, el pa\u00eds registr\u00f3 un d\u00e9ficit comercial de 460 millones de d\u00f3lares, superando m\u00e1s de 8 veces al d\u00e9ficit obtenido a abril de 2023, seg\u00fan datos recientes del IBCE, este registro deja al pa\u00eds a punto estallar las alarmas.<br \/>\nPero la preocupaci\u00f3n en las calles va m\u00e1s all\u00e1, por el conjunto de desaciertos y conflictos. El descontento social es la mayor se\u00f1al del profundo deterioro de la econom\u00eda. Estudios t\u00e9cnico-econ\u00f3micos coinciden en identificar la falta de seguridad jur\u00eddica y el modelo de administraci\u00f3n como las mayores trabas econ\u00f3micas, esto ratifica el fracaso del plan socio-comunitario del MAS, y supone que el total de su modelo lleg\u00f3 a su fin.<br \/>\nDebe quedar claro, amable lector, que el empresariado privado por s\u00ed solo no puede resolver las carencias de la econom\u00eda interna, como tampoco es su responsabilidad, las respuestas pasan por cambios estructurales en la administraci\u00f3n y conformaci\u00f3n del Estado.<br \/>\nMientras el gobierno de Luis Arce Catacora no tenga la hidalgu\u00eda de admitir el fin de su ciclo econ\u00f3mico \u201ccomunitario-productivo\u201d, la crisis nos seguir\u00e1 carcomiendo.<\/p>\n<p>El autor es Diputado Nacional.<\/p>\n","protected":false},"excerpt":{"rendered":"<p>La tozudez del presidente Luis Arce Catacora para no dar un giro de 180 grados en su pol\u00edtica econ\u00f3mica y tomar las medidas que el pa\u00eds necesita nos est\u00e1 llevando a la debacle productiva; el sector privado est\u00e1 buscando nuevos espacios para evitar la quiebra empresarial. El ralentizado sector exportador, que en 2023 aport\u00f3 al [&hellip;]<\/p>\n","protected":false},"author":1,"featured_media":161259,"comment_status":"open","ping_status":"open","sticky":false,"template":"","format":"standard","meta":{"_acf_changed":false,"footnotes":""},"categories":[9],"tags":[],"class_list":["post-229143","post","type-post","status-publish","format-standard","has-post-thumbnail","category-opinion"],"acf":{"antetitulo":""},"yoast_head":"<!-- This site is optimized with the Yoast SEO plugin v28.3 - https:\/\/yoast.com\/product\/yoast-seo-wordpress\/ -->\n<title>Negros nubarrones sobre la econom\u00eda y el futuro de Bolivia - El Diario - Bolivia<\/title>\n<meta name=\"robots\" content=\"index, follow, max-snippet:-1, max-image-preview:large, max-video-preview:-1\" \/>\n<link rel=\"canonical\" href=\"https:\/\/www.eldiario.net\/portal\/2024\/06\/23\/negros-nubarrones-sobre-la-economia-y-el-futuro-de-bolivia\/\" \/>\n<meta property=\"og:locale\" content=\"es_ES\" \/>\n<meta property=\"og:type\" content=\"article\" \/>\n<meta property=\"og:title\" content=\"Negros nubarrones sobre la econom\u00eda y el futuro de Bolivia - El Diario - Bolivia\" \/>\n<meta property=\"og:description\" content=\"La tozudez del presidente Luis Arce Catacora para no dar un giro de 180 grados en su pol\u00edtica econ\u00f3mica y tomar las medidas que el pa\u00eds necesita nos est\u00e1 llevando a la debacle productiva; el sector privado est\u00e1 buscando nuevos espacios para evitar la quiebra empresarial. El ralentizado sector exportador, que en 2023 aport\u00f3 al [&hellip;]\" \/>\n<meta property=\"og:url\" content=\"https:\/\/www.eldiario.net\/portal\/2024\/06\/23\/negros-nubarrones-sobre-la-economia-y-el-futuro-de-bolivia\/\" \/>\n<meta property=\"og:site_name\" content=\"El Diario - Bolivia\" \/>\n<meta property=\"article:publisher\" content=\"https:\/\/www.facebook.com\/eldiario.bolivia\/\" \/>\n<meta property=\"article:published_time\" content=\"2024-06-23T10:07:59+00:00\" \/>\n<meta property=\"og:image\" content=\"https:\/\/www.eldiario.net\/portal\/wp-content\/uploads\/2023\/06\/Walthy-Mauricio-Eguez-Paz.jpg\" \/>\n\t<meta property=\"og:image:width\" content=\"1200\" \/>\n\t<meta property=\"og:image:height\" content=\"628\" \/>\n\t<meta property=\"og:image:type\" content=\"image\/jpeg\" \/>\n<meta name=\"author\" content=\"Jeanette\" \/>\n<meta name=\"twitter:card\" content=\"summary_large_image\" \/>\n<meta name=\"twitter:creator\" content=\"@eldiario_net\" \/>\n<meta name=\"twitter:site\" content=\"@eldiario_net\" \/>\n<meta name=\"twitter:label1\" content=\"Escrito por\" \/>\n\t<meta name=\"twitter:data1\" content=\"Jeanette\" \/>\n\t<meta name=\"twitter:label2\" content=\"Tiempo de lectura\" \/>\n\t<meta name=\"twitter:data2\" content=\"4 minutos\" \/>\n<script type=\"application\/ld+json\" class=\"yoast-schema-graph\">{\"@context\":\"https:\\\/\\\/schema.org\",\"@graph\":[{\"@type\":\"Article\",\"@id\":\"https:\\\/\\\/www.eldiario.net\\\/portal\\\/2024\\\/06\\\/23\\\/negros-nubarrones-sobre-la-economia-y-el-futuro-de-bolivia\\\/#article\",\"isPartOf\":{\"@id\":\"https:\\\/\\\/www.eldiario.net\\\/portal\\\/2024\\\/06\\\/23\\\/negros-nubarrones-sobre-la-economia-y-el-futuro-de-bolivia\\\/\"},\"author\":{\"name\":\"Jeanette\",\"@id\":\"https:\\\/\\\/www.eldiario.net\\\/portal\\\/#\\\/schema\\\/person\\\/f46445640444750d7d753ccd04ae01b7\"},\"headline\":\"Negros nubarrones sobre la econom\u00eda y el futuro de Bolivia\",\"datePublished\":\"2024-06-23T10:07:59+00:00\",\"mainEntityOfPage\":{\"@id\":\"https:\\\/\\\/www.eldiario.net\\\/portal\\\/2024\\\/06\\\/23\\\/negros-nubarrones-sobre-la-economia-y-el-futuro-de-bolivia\\\/\"},\"wordCount\":703,\"commentCount\":0,\"publisher\":{\"@id\":\"https:\\\/\\\/www.eldiario.net\\\/portal\\\/#organization\"},\"image\":{\"@id\":\"https:\\\/\\\/www.eldiario.net\\\/portal\\\/2024\\\/06\\\/23\\\/negros-nubarrones-sobre-la-economia-y-el-futuro-de-bolivia\\\/#primaryimage\"},\"thumbnailUrl\":\"https:\\\/\\\/www.eldiario.net\\\/portal\\\/wp-content\\\/uploads\\\/2023\\\/06\\\/Walthy-Mauricio-Eguez-Paz.jpg\",\"articleSection\":[\"Opini\u00f3n\"],\"inLanguage\":\"es\",\"potentialAction\":[{\"@type\":\"CommentAction\",\"name\":\"Comment\",\"target\":[\"https:\\\/\\\/www.eldiario.net\\\/portal\\\/2024\\\/06\\\/23\\\/negros-nubarrones-sobre-la-economia-y-el-futuro-de-bolivia\\\/#respond\"]}]},{\"@type\":\"WebPage\",\"@id\":\"https:\\\/\\\/www.eldiario.net\\\/portal\\\/2024\\\/06\\\/23\\\/negros-nubarrones-sobre-la-economia-y-el-futuro-de-bolivia\\\/\",\"url\":\"https:\\\/\\\/www.eldiario.net\\\/portal\\\/2024\\\/06\\\/23\\\/negros-nubarrones-sobre-la-economia-y-el-futuro-de-bolivia\\\/\",\"name\":\"Negros nubarrones sobre la econom\u00eda y el futuro de Bolivia - El Diario - Bolivia\",\"isPartOf\":{\"@id\":\"https:\\\/\\\/www.eldiario.net\\\/portal\\\/#website\"},\"primaryImageOfPage\":{\"@id\":\"https:\\\/\\\/www.eldiario.net\\\/portal\\\/2024\\\/06\\\/23\\\/negros-nubarrones-sobre-la-economia-y-el-futuro-de-bolivia\\\/#primaryimage\"},\"image\":{\"@id\":\"https:\\\/\\\/www.eldiario.net\\\/portal\\\/2024\\\/06\\\/23\\\/negros-nubarrones-sobre-la-economia-y-el-futuro-de-bolivia\\\/#primaryimage\"},\"thumbnailUrl\":\"https:\\\/\\\/www.eldiario.net\\\/portal\\\/wp-content\\\/uploads\\\/2023\\\/06\\\/Walthy-Mauricio-Eguez-Paz.jpg\",\"datePublished\":\"2024-06-23T10:07:59+00:00\",\"breadcrumb\":{\"@id\":\"https:\\\/\\\/www.eldiario.net\\\/portal\\\/2024\\\/06\\\/23\\\/negros-nubarrones-sobre-la-economia-y-el-futuro-de-bolivia\\\/#breadcrumb\"},\"inLanguage\":\"es\",\"potentialAction\":[{\"@type\":\"ReadAction\",\"target\":[\"https:\\\/\\\/www.eldiario.net\\\/portal\\\/2024\\\/06\\\/23\\\/negros-nubarrones-sobre-la-economia-y-el-futuro-de-bolivia\\\/\"]}]},{\"@type\":\"ImageObject\",\"inLanguage\":\"es\",\"@id\":\"https:\\\/\\\/www.eldiario.net\\\/portal\\\/2024\\\/06\\\/23\\\/negros-nubarrones-sobre-la-economia-y-el-futuro-de-bolivia\\\/#primaryimage\",\"url\":\"https:\\\/\\\/www.eldiario.net\\\/portal\\\/wp-content\\\/uploads\\\/2023\\\/06\\\/Walthy-Mauricio-Eguez-Paz.jpg\",\"contentUrl\":\"https:\\\/\\\/www.eldiario.net\\\/portal\\\/wp-content\\\/uploads\\\/2023\\\/06\\\/Walthy-Mauricio-Eguez-Paz.jpg\",\"width\":1200,\"height\":628,\"caption\":\"Walthy Mauricio Eg\u00fcez Paz\"},{\"@type\":\"BreadcrumbList\",\"@id\":\"https:\\\/\\\/www.eldiario.net\\\/portal\\\/2024\\\/06\\\/23\\\/negros-nubarrones-sobre-la-economia-y-el-futuro-de-bolivia\\\/#breadcrumb\",\"itemListElement\":[{\"@type\":\"ListItem\",\"position\":1,\"name\":\"Portada\",\"item\":\"https:\\\/\\\/www.eldiario.net\\\/portal\\\/\"},{\"@type\":\"ListItem\",\"position\":2,\"name\":\"Negros nubarrones sobre la econom\u00eda y el futuro de Bolivia\"}]},{\"@type\":\"WebSite\",\"@id\":\"https:\\\/\\\/www.eldiario.net\\\/portal\\\/#website\",\"url\":\"https:\\\/\\\/www.eldiario.net\\\/portal\\\/\",\"name\":\"El Diario - Decano de la prensa nacional\",\"description\":\"El Diario - Decano de la prensa nacional\",\"publisher\":{\"@id\":\"https:\\\/\\\/www.eldiario.net\\\/portal\\\/#organization\"},\"potentialAction\":[{\"@type\":\"SearchAction\",\"target\":{\"@type\":\"EntryPoint\",\"urlTemplate\":\"https:\\\/\\\/www.eldiario.net\\\/portal\\\/?s={search_term_string}\"},\"query-input\":{\"@type\":\"PropertyValueSpecification\",\"valueRequired\":true,\"valueName\":\"search_term_string\"}}],\"inLanguage\":\"es\"},{\"@type\":\"Organization\",\"@id\":\"https:\\\/\\\/www.eldiario.net\\\/portal\\\/#organization\",\"name\":\"El Diario - Decano de la prensa nacional\",\"url\":\"https:\\\/\\\/www.eldiario.net\\\/portal\\\/\",\"logo\":{\"@type\":\"ImageObject\",\"inLanguage\":\"es\",\"@id\":\"https:\\\/\\\/www.eldiario.net\\\/portal\\\/#\\\/schema\\\/logo\\\/image\\\/\",\"url\":\"https:\\\/\\\/www.eldiario.net\\\/portal\\\/wp-content\\\/uploads\\\/2023\\\/07\\\/logo_ED.jpg\",\"contentUrl\":\"https:\\\/\\\/www.eldiario.net\\\/portal\\\/wp-content\\\/uploads\\\/2023\\\/07\\\/logo_ED.jpg\",\"width\":272,\"height\":52,\"caption\":\"El Diario - Decano de la prensa nacional\"},\"image\":{\"@id\":\"https:\\\/\\\/www.eldiario.net\\\/portal\\\/#\\\/schema\\\/logo\\\/image\\\/\"},\"sameAs\":[\"https:\\\/\\\/www.facebook.com\\\/eldiario.bolivia\\\/\",\"https:\\\/\\\/x.com\\\/eldiario_net\"]},{\"@type\":\"Person\",\"@id\":\"https:\\\/\\\/www.eldiario.net\\\/portal\\\/#\\\/schema\\\/person\\\/f46445640444750d7d753ccd04ae01b7\",\"name\":\"Jeanette\",\"image\":{\"@type\":\"ImageObject\",\"inLanguage\":\"es\",\"@id\":\"https:\\\/\\\/secure.gravatar.com\\\/avatar\\\/3ea2118a5f7dad2b7138b1187a6b7ee55f160b9968b66013c3a3ef39dd7e5798?s=96&d=mm&r=g\",\"url\":\"https:\\\/\\\/secure.gravatar.com\\\/avatar\\\/3ea2118a5f7dad2b7138b1187a6b7ee55f160b9968b66013c3a3ef39dd7e5798?s=96&d=mm&r=g\",\"contentUrl\":\"https:\\\/\\\/secure.gravatar.com\\\/avatar\\\/3ea2118a5f7dad2b7138b1187a6b7ee55f160b9968b66013c3a3ef39dd7e5798?s=96&d=mm&r=g\",\"caption\":\"Jeanette\"},\"sameAs\":[\"https:\\\/\\\/www.eldiario.net\\\/portal\"],\"url\":\"https:\\\/\\\/www.eldiario.net\\\/portal\\\/author\\\/jeanette\\\/\"}]}<\/script>\n<!-- \/ Yoast SEO plugin. -->","yoast_head_json":{"title":"Negros nubarrones sobre la econom\u00eda y el futuro de Bolivia - El Diario - Bolivia","robots":{"index":"index","follow":"follow","max-snippet":"max-snippet:-1","max-image-preview":"max-image-preview:large","max-video-preview":"max-video-preview:-1"},"canonical":"https:\/\/www.eldiario.net\/portal\/2024\/06\/23\/negros-nubarrones-sobre-la-economia-y-el-futuro-de-bolivia\/","og_locale":"es_ES","og_type":"article","og_title":"Negros nubarrones sobre la econom\u00eda y el futuro de Bolivia - El Diario - Bolivia","og_description":"La tozudez del presidente Luis Arce Catacora para no dar un giro de 180 grados en su pol\u00edtica econ\u00f3mica y tomar las medidas que el pa\u00eds necesita nos est\u00e1 llevando a la debacle productiva; el sector privado est\u00e1 buscando nuevos espacios para evitar la quiebra empresarial. El ralentizado sector exportador, que en 2023 aport\u00f3 al [&hellip;]","og_url":"https:\/\/www.eldiario.net\/portal\/2024\/06\/23\/negros-nubarrones-sobre-la-economia-y-el-futuro-de-bolivia\/","og_site_name":"El Diario - Bolivia","article_publisher":"https:\/\/www.facebook.com\/eldiario.bolivia\/","article_published_time":"2024-06-23T10:07:59+00:00","og_image":[{"width":1200,"height":628,"url":"https:\/\/www.eldiario.net\/portal\/wp-content\/uploads\/2023\/06\/Walthy-Mauricio-Eguez-Paz.jpg","type":"image\/jpeg"}],"author":"Jeanette","twitter_card":"summary_large_image","twitter_creator":"@eldiario_net","twitter_site":"@eldiario_net","twitter_misc":{"Escrito por":"Jeanette","Tiempo de lectura":"4 minutos"},"schema":{"@context":"https:\/\/schema.org","@graph":[{"@type":"Article","@id":"https:\/\/www.eldiario.net\/portal\/2024\/06\/23\/negros-nubarrones-sobre-la-economia-y-el-futuro-de-bolivia\/#article","isPartOf":{"@id":"https:\/\/www.eldiario.net\/portal\/2024\/06\/23\/negros-nubarrones-sobre-la-economia-y-el-futuro-de-bolivia\/"},"author":{"name":"Jeanette","@id":"https:\/\/www.eldiario.net\/portal\/#\/schema\/person\/f46445640444750d7d753ccd04ae01b7"},"headline":"Negros nubarrones sobre la econom\u00eda y el futuro de Bolivia","datePublished":"2024-06-23T10:07:59+00:00","mainEntityOfPage":{"@id":"https:\/\/www.eldiario.net\/portal\/2024\/06\/23\/negros-nubarrones-sobre-la-economia-y-el-futuro-de-bolivia\/"},"wordCount":703,"commentCount":0,"publisher":{"@id":"https:\/\/www.eldiario.net\/portal\/#organization"},"image":{"@id":"https:\/\/www.eldiario.net\/portal\/2024\/06\/23\/negros-nubarrones-sobre-la-economia-y-el-futuro-de-bolivia\/#primaryimage"},"thumbnailUrl":"https:\/\/www.eldiario.net\/portal\/wp-content\/uploads\/2023\/06\/Walthy-Mauricio-Eguez-Paz.jpg","articleSection":["Opini\u00f3n"],"inLanguage":"es","potentialAction":[{"@type":"CommentAction","name":"Comment","target":["https:\/\/www.eldiario.net\/portal\/2024\/06\/23\/negros-nubarrones-sobre-la-economia-y-el-futuro-de-bolivia\/#respond"]}]},{"@type":"WebPage","@id":"https:\/\/www.eldiario.net\/portal\/2024\/06\/23\/negros-nubarrones-sobre-la-economia-y-el-futuro-de-bolivia\/","url":"https:\/\/www.eldiario.net\/portal\/2024\/06\/23\/negros-nubarrones-sobre-la-economia-y-el-futuro-de-bolivia\/","name":"Negros nubarrones sobre la econom\u00eda y el futuro de Bolivia - El Diario - Bolivia","isPartOf":{"@id":"https:\/\/www.eldiario.net\/portal\/#website"},"primaryImageOfPage":{"@id":"https:\/\/www.eldiario.net\/portal\/2024\/06\/23\/negros-nubarrones-sobre-la-economia-y-el-futuro-de-bolivia\/#primaryimage"},"image":{"@id":"https:\/\/www.eldiario.net\/portal\/2024\/06\/23\/negros-nubarrones-sobre-la-economia-y-el-futuro-de-bolivia\/#primaryimage"},"thumbnailUrl":"https:\/\/www.eldiario.net\/portal\/wp-content\/uploads\/2023\/06\/Walthy-Mauricio-Eguez-Paz.jpg","datePublished":"2024-06-23T10:07:59+00:00","breadcrumb":{"@id":"https:\/\/www.eldiario.net\/portal\/2024\/06\/23\/negros-nubarrones-sobre-la-economia-y-el-futuro-de-bolivia\/#breadcrumb"},"inLanguage":"es","potentialAction":[{"@type":"ReadAction","target":["https:\/\/www.eldiario.net\/portal\/2024\/06\/23\/negros-nubarrones-sobre-la-economia-y-el-futuro-de-bolivia\/"]}]},{"@type":"ImageObject","inLanguage":"es","@id":"https:\/\/www.eldiario.net\/portal\/2024\/06\/23\/negros-nubarrones-sobre-la-economia-y-el-futuro-de-bolivia\/#primaryimage","url":"https:\/\/www.eldiario.net\/portal\/wp-content\/uploads\/2023\/06\/Walthy-Mauricio-Eguez-Paz.jpg","contentUrl":"https:\/\/www.eldiario.net\/portal\/wp-content\/uploads\/2023\/06\/Walthy-Mauricio-Eguez-Paz.jpg","width":1200,"height":628,"caption":"Walthy Mauricio Eg\u00fcez Paz"},{"@type":"BreadcrumbList","@id":"https:\/\/www.eldiario.net\/portal\/2024\/06\/23\/negros-nubarrones-sobre-la-economia-y-el-futuro-de-bolivia\/#breadcrumb","itemListElement":[{"@type":"ListItem","position":1,"name":"Portada","item":"https:\/\/www.eldiario.net\/portal\/"},{"@type":"ListItem","position":2,"name":"Negros nubarrones sobre la econom\u00eda y el futuro de Bolivia"}]},{"@type":"WebSite","@id":"https:\/\/www.eldiario.net\/portal\/#website","url":"https:\/\/www.eldiario.net\/portal\/","name":"El Diario - Decano de la prensa nacional","description":"El Diario - Decano de la prensa nacional","publisher":{"@id":"https:\/\/www.eldiario.net\/portal\/#organization"},"potentialAction":[{"@type":"SearchAction","target":{"@type":"EntryPoint","urlTemplate":"https:\/\/www.eldiario.net\/portal\/?s={search_term_string}"},"query-input":{"@type":"PropertyValueSpecification","valueRequired":true,"valueName":"search_term_string"}}],"inLanguage":"es"},{"@type":"Organization","@id":"https:\/\/www.eldiario.net\/portal\/#organization","name":"El Diario - Decano de la prensa nacional","url":"https:\/\/www.eldiario.net\/portal\/","logo":{"@type":"ImageObject","inLanguage":"es","@id":"https:\/\/www.eldiario.net\/portal\/#\/schema\/logo\/image\/","url":"https:\/\/www.eldiario.net\/portal\/wp-content\/uploads\/2023\/07\/logo_ED.jpg","contentUrl":"https:\/\/www.eldiario.net\/portal\/wp-content\/uploads\/2023\/07\/logo_ED.jpg","width":272,"height":52,"caption":"El Diario - Decano de la prensa nacional"},"image":{"@id":"https:\/\/www.eldiario.net\/portal\/#\/schema\/logo\/image\/"},"sameAs":["https:\/\/www.facebook.com\/eldiario.bolivia\/","https:\/\/x.com\/eldiario_net"]},{"@type":"Person","@id":"https:\/\/www.eldiario.net\/portal\/#\/schema\/person\/f46445640444750d7d753ccd04ae01b7","name":"Jeanette","image":{"@type":"ImageObject","inLanguage":"es","@id":"https:\/\/secure.gravatar.com\/avatar\/3ea2118a5f7dad2b7138b1187a6b7ee55f160b9968b66013c3a3ef39dd7e5798?s=96&d=mm&r=g","url":"https:\/\/secure.gravatar.com\/avatar\/3ea2118a5f7dad2b7138b1187a6b7ee55f160b9968b66013c3a3ef39dd7e5798?s=96&d=mm&r=g","contentUrl":"https:\/\/secure.gravatar.com\/avatar\/3ea2118a5f7dad2b7138b1187a6b7ee55f160b9968b66013c3a3ef39dd7e5798?s=96&d=mm&r=g","caption":"Jeanette"},"sameAs":["https:\/\/www.eldiario.net\/portal"],"url":"https:\/\/www.eldiario.net\/portal\/author\/jeanette\/"}]}},"_links":{"self":[{"href":"https:\/\/www.eldiario.net\/portal\/wp-json\/wp\/v2\/posts\/229143","targetHints":{"allow":["GET"]}}],"collection":[{"href":"https:\/\/www.eldiario.net\/portal\/wp-json\/wp\/v2\/posts"}],"about":[{"href":"https:\/\/www.eldiario.net\/portal\/wp-json\/wp\/v2\/types\/post"}],"author":[{"embeddable":true,"href":"https:\/\/www.eldiario.net\/portal\/wp-json\/wp\/v2\/users\/1"}],"replies":[{"embeddable":true,"href":"https:\/\/www.eldiario.net\/portal\/wp-json\/wp\/v2\/comments?post=229143"}],"version-history":[{"count":1,"href":"https:\/\/www.eldiario.net\/portal\/wp-json\/wp\/v2\/posts\/229143\/revisions"}],"predecessor-version":[{"id":229144,"href":"https:\/\/www.eldiario.net\/portal\/wp-json\/wp\/v2\/posts\/229143\/revisions\/229144"}],"wp:featuredmedia":[{"embeddable":true,"href":"https:\/\/www.eldiario.net\/portal\/wp-json\/wp\/v2\/media\/161259"}],"wp:attachment":[{"href":"https:\/\/www.eldiario.net\/portal\/wp-json\/wp\/v2\/media?parent=229143"}],"wp:term":[{"taxonomy":"category","embeddable":true,"href":"https:\/\/www.eldiario.net\/portal\/wp-json\/wp\/v2\/categories?post=229143"},{"taxonomy":"post_tag","embeddable":true,"href":"https:\/\/www.eldiario.net\/portal\/wp-json\/wp\/v2\/tags?post=229143"}],"curies":[{"name":"wp","href":"https:\/\/api.w.org\/{rel}","templated":true}]}}