{"id":229137,"date":"2024-06-23T06:06:47","date_gmt":"2024-06-23T10:06:47","guid":{"rendered":"https:\/\/www.eldiario.net\/portal\/?p=229137"},"modified":"2024-06-23T06:06:47","modified_gmt":"2024-06-23T10:06:47","slug":"desindustrializacion-provoca-informalidad-y-en-bolivia-el-capitalismo-de-estado","status":"publish","type":"post","link":"https:\/\/www.eldiario.net\/portal\/2024\/06\/23\/desindustrializacion-provoca-informalidad-y-en-bolivia-el-capitalismo-de-estado\/","title":{"rendered":"Desindustrializaci\u00f3n provoca informalidad y en Bolivia el capitalismo de Estado"},"content":{"rendered":"<p>La informalidad ya es un problema en la regi\u00f3n Latinoamericana y en cada pa\u00eds los efectos son distintos, pero economistas manejan que la desindustrializaci\u00f3n ser\u00eda una de las causas; sin embargo, en Bolivia el capitalismo de Estado ser\u00eda el responsable, que no permite el aterrizaje de inversi\u00f3n privada.<br \/>\nEl empleo informal es un problema particularmente grave en Am\u00e9rica Latina, donde poco m\u00e1s de la mitad de la fuerza laboral se desempe\u00f1a en la informalidad. Trabajar en la informalidad augura pobreza pues el empleo informal se caracteriza por un salario inestable y bajo, as\u00ed como la ausencia de derechos laborales, de acuerdo a la rese\u00f1a del documento: Desindustrializaci\u00f3n prematura e informalidad laboral en Am\u00e9rica Latina, escrito por Jorge A. Casarreal P., Moritz Cruz, Isaac L. S\u00e1nchez J.<br \/>\n\u201cResulta fundamental investigar sus causas y determinantes. En esta obra, con base en el modelo de desindustrializaci\u00f3n de Kaldor, se propone que el empleo informal se explica por la desindustrializaci\u00f3n prematura. Usando datos del per\u00edodo 1989-2017 para una muestra de pa\u00edses latinoamericanos (Argentina, Bolivia, Brasil, Chile, Colombia, Costa Rica, M\u00e9xico, Per\u00fa y Venezuela), y empleando t\u00e9cnicas econom\u00e9tricas de panel de datos, se demuestra que en dichas econom\u00edas la informalidad laboral se explica por la desindustrializaci\u00f3n prematura. Este resultado sugiere que deben promoverse pol\u00edticas dirigidas a la reindustrializaci\u00f3n para alentar el crecimiento manufacturero y el empleo en el sector formal\u201d, se\u00f1alan.<br \/>\nLa evoluci\u00f3n del empleo informal urbano, entre 1950-1980 aument\u00f3, excepto para el caso de Chile, que registr\u00f3 un decremento; entre los factores que lo explican destacan el proceso de migraci\u00f3n hacia las grandes ciudades y la incapacidad de absorci\u00f3n por parte de las actividades productivas formales. Los pa\u00edses seleccionados de la muestra experimentaron importantes tasas de crecimiento promedio anual durante el per\u00edodo 1950-1980: Argentina, 3.5%; Brasil, 7.1%; Bolivia, 3.6%; Chile, 4.4%; Colombia, 5.3%; Costa Rica, 6.5%; M\u00e9xico, 6.2%; Per\u00fa, 5.2%; y Venezuela, 6.3%, seg\u00fan informaci\u00f3n de la Comisi\u00f3n Econ\u00f3mica para Am\u00e9rica Latina y el Caribe (Cepal), mencionan los autores del documento.<br \/>\nEscenario econ\u00f3mico<br \/>\nEl \u00faltimo informe macroecon\u00f3mico elaborado por el Banco Interamericano de Desarrollo (BID), estipula una panorama complejo y de grandes retos para los pa\u00edses de la regi\u00f3n en temas fiscales y monetarios, donde por ejemplo son cautos respecto a los tipos de inter\u00e9s de sus bancos centrales, los cuales est\u00e1n a la expectativa de lo que haga Estados Unidos, China y Europa.<br \/>\nRespecto a Bolivia, son varios organismos internacionales que proyectan que nuestra econom\u00eda tendr\u00e1 un crecimiento menor este 2024, y en a\u00f1os posteriores un mayor enfriamiento, estancamiento, tal vez, y hasta, posiblemente, entremos en un nuevo ciclo recesivo. Lo cual estar\u00e1 en funci\u00f3n de la resoluci\u00f3n de la escasez de d\u00f3lares, un tipo de un cambio paralelo elevado, presi\u00f3n inflacionaria, salir de la cr\u00f3nica fiscal y hasta de lo que pase en materia de pol\u00edtica nacional y la misma gobernabilidad que haya o no en el pa\u00eds en este 2do. semestre, detalla el presidente del Colegio Departamental de Economistas de Tarija, Fernando Romero.<br \/>\nMientras el Banco Mundial se\u00f1ala una estabilizaci\u00f3n del crecimiento, pero a un ritmo d\u00e9bil. \u201cA pesar de la mejora del panorama a corto plazo, las perspectivas mundiales siguen siendo moderadas en comparaci\u00f3n con los par\u00e1metros hist\u00f3ricos\u201d, indica la entidad internacional.<br \/>\nEn 2024-25, se prev\u00e9 que el crecimiento ser\u00e1 inferior al promedio de la d\u00e9cada de 2010 en casi el 60% de las econom\u00edas, que comprenden m\u00e1s del 80% de la poblaci\u00f3n mundial. Predominan los riesgos a la baja, como tensiones geopol\u00edticas, fragmentaci\u00f3n del comercio, tasas de inter\u00e9s m\u00e1s altas durante m\u00e1s tiempo y desastres relacionados con el clima, describe posibles escenarios que se presentar\u00e1n en los pr\u00f3ximos meses.<br \/>\nSe necesita la cooperaci\u00f3n mundial para salvaguardar el comercio, apoyar las transiciones verde y digital, aliviar la deuda de los pa\u00edses y mejorar la seguridad alimentaria. Las reformas fiscales integrales son esenciales para abordar los desaf\u00edos que enfrentan los peque\u00f1os Estados en el \u00e1mbito fiscal, como los problemas que surgen producto de una mayor exposici\u00f3n a conmociones externas, se\u00f1ala el informe del Banco Mundial.<br \/>\nCapitalismo de Estado<br \/>\nEl economista Dar\u00edo Monasterio explica que todas las econom\u00edas no son iguales, y Bolivia es distinto por el modelo aplicado en los \u00faltimos a\u00f1os, capitalismo de Estado, cuya implementaci\u00f3n habr\u00eda provocado un aumento de la informalidad en el pa\u00eds.<br \/>\nDe acuerdo a la Organizaci\u00f3n Internacional del Trabajo (OIT), la informalidad bordea el 70% en la regi\u00f3n, y en Bolivia, seg\u00fan los economistas y organismos internacionales, el porcentaje supera la cifra, llega al 80%.<br \/>\nSeg\u00fan los datos de la Cepal, la informalidad urbana creci\u00f3 en Bolivia desde 1950 a 1980, de 15% a 23,2%.<br \/>\nMonasterio sostiene que la injerencia del Estado en la econom\u00eda ha provocado mayor informalidad, debido a que no brinda seguridad, no hace cumplir las reglas existentes para proteger la propiedad privada.<br \/>\nReitera que no hay reglas claras sobre la protecci\u00f3n del derecho de la propiedad privada y esta situaci\u00f3n provoca que no se respeten a los consumidores ni a productores.<br \/>\nEn el caso de la industrializaci\u00f3n, se\u00f1ala que no hay incentivos para que las empresas privadas aterricen en el pa\u00eds, sino todo lo contrario se promueve la instalaci\u00f3n de compa\u00f1\u00edas p\u00fablicas ineficientes.<br \/>\nMientras el trabajo precario crece en el pa\u00eds, el Gobierno promueve un intento de industrializaci\u00f3n, con una participaci\u00f3n muy fuerte del Estado, y desincentiva al sector privado formal y fomenta la informalidad, reflexiona Monasterios.<br \/>\nInformal<br \/>\nRomero sostiene que el sector privado est\u00e1 cada vez m\u00e1s reprimido por un p\u00fablico creciente, fuerte y hegem\u00f3nico; las econom\u00edas sociales o populistas ven al empresariado como un rival y no como un aliado.<br \/>\n\u201cEl sector privado genera empleo formal, de calidad, con derechos laborales, seguros sociales, de salud y otros tipos de cobertura, es decir un empleo digno\u201d, asegura.<br \/>\nLamenta que Bolivia tenga el nivel de informalidad m\u00e1s alto del mundo, provocado por una presi\u00f3n fiscal grande, as\u00ed como impositiva, lo que promueve una econom\u00eda y un trabajo informal.<br \/>\nAdem\u00e1s, indica que la industrializaci\u00f3n en Bolivia es reducida y se evidencia porque casi el 75% importamos productos que consumimos, pues la cifra podr\u00eda aumentar si se tomar\u00e1 en cuenta los datos del contrabando.<br \/>\n\u201cUn pa\u00eds que no se industrializa, no crece\u201d, resalta y agrega que las empresas estatales deficitarias, la gran parte, compiten de manera desleal con el sector privado.<br \/>\nPor ello, apoya la idea de cambiar la normativa en el pa\u00eds para que prevalezca la seguridad jur\u00eddica y se eviten bloqueos de carreteras, que s\u00f3lo frenan la actividad econ\u00f3mica.<br \/>\nRecuerda que 1.000 empresarios fueron a Paraguay, y sostiene que se debe cambiar la normativa laboral e impositiva, as\u00ed como promover una nueva Ley de Inversiones, para dar las condiciones a la inversi\u00f3n privada, en especial a la extranjera.<\/p>\n<p><img loading=\"lazy\" decoding=\"async\" class=\"alignleft size-full wp-image-229139\" src=\"https:\/\/www.eldiario.net\/portal\/wp-content\/uploads\/2024\/06\/informal-2.jpg\" alt=\"\" width=\"1080\" height=\"920\" srcset=\"https:\/\/www.eldiario.net\/portal\/wp-content\/uploads\/2024\/06\/informal-2.jpg 1080w, https:\/\/www.eldiario.net\/portal\/wp-content\/uploads\/2024\/06\/informal-2-300x256.jpg 300w, https:\/\/www.eldiario.net\/portal\/wp-content\/uploads\/2024\/06\/informal-2-1024x872.jpg 1024w, https:\/\/www.eldiario.net\/portal\/wp-content\/uploads\/2024\/06\/informal-2-768x654.jpg 768w, https:\/\/www.eldiario.net\/portal\/wp-content\/uploads\/2024\/06\/informal-2-493x420.jpg 493w, https:\/\/www.eldiario.net\/portal\/wp-content\/uploads\/2024\/06\/informal-2-696x593.jpg 696w, https:\/\/www.eldiario.net\/portal\/wp-content\/uploads\/2024\/06\/informal-2-1068x910.jpg 1068w\" sizes=\"auto, (max-width: 1080px) 100vw, 1080px\" \/><\/p>\n","protected":false},"excerpt":{"rendered":"<p>La informalidad ya es un problema en la regi\u00f3n Latinoamericana y en cada pa\u00eds los efectos son distintos, pero economistas manejan que la desindustrializaci\u00f3n ser\u00eda una de las causas; sin embargo, en Bolivia el capitalismo de Estado ser\u00eda el responsable, que no permite el aterrizaje de inversi\u00f3n privada. El empleo informal es un problema particularmente [&hellip;]<\/p>\n","protected":false},"author":1,"featured_media":229138,"comment_status":"open","ping_status":"open","sticky":false,"template":"","format":"standard","meta":{"_acf_changed":false,"footnotes":""},"categories":[7],"tags":[],"class_list":["post-229137","post","type-post","status-publish","format-standard","has-post-thumbnail","category-economia"],"acf":{"antetitulo":""},"yoast_head":"<!-- This site is optimized with the Yoast SEO plugin v28.3 - https:\/\/yoast.com\/product\/yoast-seo-wordpress\/ -->\n<title>Desindustrializaci\u00f3n provoca informalidad y en Bolivia el capitalismo de Estado - El Diario - Bolivia<\/title>\n<meta name=\"robots\" content=\"index, follow, max-snippet:-1, max-image-preview:large, max-video-preview:-1\" \/>\n<link rel=\"canonical\" href=\"https:\/\/www.eldiario.net\/portal\/2024\/06\/23\/desindustrializacion-provoca-informalidad-y-en-bolivia-el-capitalismo-de-estado\/\" \/>\n<meta property=\"og:locale\" content=\"es_ES\" \/>\n<meta property=\"og:type\" content=\"article\" \/>\n<meta property=\"og:title\" content=\"Desindustrializaci\u00f3n provoca informalidad y en Bolivia el capitalismo de Estado - El Diario - Bolivia\" \/>\n<meta property=\"og:description\" content=\"La informalidad ya es un problema en la regi\u00f3n Latinoamericana y en cada pa\u00eds los efectos son distintos, pero economistas manejan que la desindustrializaci\u00f3n ser\u00eda una de las causas; sin embargo, en Bolivia el capitalismo de Estado ser\u00eda el responsable, que no permite el aterrizaje de inversi\u00f3n privada. El empleo informal es un problema particularmente [&hellip;]\" \/>\n<meta property=\"og:url\" content=\"https:\/\/www.eldiario.net\/portal\/2024\/06\/23\/desindustrializacion-provoca-informalidad-y-en-bolivia-el-capitalismo-de-estado\/\" \/>\n<meta property=\"og:site_name\" content=\"El Diario - Bolivia\" \/>\n<meta property=\"article:publisher\" content=\"https:\/\/www.facebook.com\/eldiario.bolivia\/\" \/>\n<meta property=\"article:published_time\" content=\"2024-06-23T10:06:47+00:00\" \/>\n<meta property=\"og:image\" content=\"https:\/\/www.eldiario.net\/portal\/wp-content\/uploads\/2024\/06\/informal.jpg\" \/>\n\t<meta property=\"og:image:width\" content=\"980\" \/>\n\t<meta property=\"og:image:height\" content=\"551\" \/>\n\t<meta property=\"og:image:type\" content=\"image\/jpeg\" \/>\n<meta name=\"author\" content=\"Jeanette\" \/>\n<meta name=\"twitter:card\" content=\"summary_large_image\" \/>\n<meta name=\"twitter:creator\" content=\"@eldiario_net\" \/>\n<meta name=\"twitter:site\" content=\"@eldiario_net\" \/>\n<meta name=\"twitter:label1\" content=\"Escrito por\" \/>\n\t<meta name=\"twitter:data1\" content=\"Jeanette\" \/>\n\t<meta name=\"twitter:label2\" content=\"Tiempo de lectura\" \/>\n\t<meta name=\"twitter:data2\" content=\"6 minutos\" \/>\n<script type=\"application\/ld+json\" class=\"yoast-schema-graph\">{\"@context\":\"https:\\\/\\\/schema.org\",\"@graph\":[{\"@type\":\"Article\",\"@id\":\"https:\\\/\\\/www.eldiario.net\\\/portal\\\/2024\\\/06\\\/23\\\/desindustrializacion-provoca-informalidad-y-en-bolivia-el-capitalismo-de-estado\\\/#article\",\"isPartOf\":{\"@id\":\"https:\\\/\\\/www.eldiario.net\\\/portal\\\/2024\\\/06\\\/23\\\/desindustrializacion-provoca-informalidad-y-en-bolivia-el-capitalismo-de-estado\\\/\"},\"author\":{\"name\":\"Jeanette\",\"@id\":\"https:\\\/\\\/www.eldiario.net\\\/portal\\\/#\\\/schema\\\/person\\\/f46445640444750d7d753ccd04ae01b7\"},\"headline\":\"Desindustrializaci\u00f3n provoca informalidad y en Bolivia el capitalismo de Estado\",\"datePublished\":\"2024-06-23T10:06:47+00:00\",\"mainEntityOfPage\":{\"@id\":\"https:\\\/\\\/www.eldiario.net\\\/portal\\\/2024\\\/06\\\/23\\\/desindustrializacion-provoca-informalidad-y-en-bolivia-el-capitalismo-de-estado\\\/\"},\"wordCount\":1209,\"commentCount\":0,\"publisher\":{\"@id\":\"https:\\\/\\\/www.eldiario.net\\\/portal\\\/#organization\"},\"image\":{\"@id\":\"https:\\\/\\\/www.eldiario.net\\\/portal\\\/2024\\\/06\\\/23\\\/desindustrializacion-provoca-informalidad-y-en-bolivia-el-capitalismo-de-estado\\\/#primaryimage\"},\"thumbnailUrl\":\"https:\\\/\\\/www.eldiario.net\\\/portal\\\/wp-content\\\/uploads\\\/2024\\\/06\\\/informal.jpg\",\"articleSection\":[\"Econom\u00eda\"],\"inLanguage\":\"es\",\"potentialAction\":[{\"@type\":\"CommentAction\",\"name\":\"Comment\",\"target\":[\"https:\\\/\\\/www.eldiario.net\\\/portal\\\/2024\\\/06\\\/23\\\/desindustrializacion-provoca-informalidad-y-en-bolivia-el-capitalismo-de-estado\\\/#respond\"]}]},{\"@type\":\"WebPage\",\"@id\":\"https:\\\/\\\/www.eldiario.net\\\/portal\\\/2024\\\/06\\\/23\\\/desindustrializacion-provoca-informalidad-y-en-bolivia-el-capitalismo-de-estado\\\/\",\"url\":\"https:\\\/\\\/www.eldiario.net\\\/portal\\\/2024\\\/06\\\/23\\\/desindustrializacion-provoca-informalidad-y-en-bolivia-el-capitalismo-de-estado\\\/\",\"name\":\"Desindustrializaci\u00f3n provoca informalidad y en Bolivia el capitalismo de Estado - El Diario - Bolivia\",\"isPartOf\":{\"@id\":\"https:\\\/\\\/www.eldiario.net\\\/portal\\\/#website\"},\"primaryImageOfPage\":{\"@id\":\"https:\\\/\\\/www.eldiario.net\\\/portal\\\/2024\\\/06\\\/23\\\/desindustrializacion-provoca-informalidad-y-en-bolivia-el-capitalismo-de-estado\\\/#primaryimage\"},\"image\":{\"@id\":\"https:\\\/\\\/www.eldiario.net\\\/portal\\\/2024\\\/06\\\/23\\\/desindustrializacion-provoca-informalidad-y-en-bolivia-el-capitalismo-de-estado\\\/#primaryimage\"},\"thumbnailUrl\":\"https:\\\/\\\/www.eldiario.net\\\/portal\\\/wp-content\\\/uploads\\\/2024\\\/06\\\/informal.jpg\",\"datePublished\":\"2024-06-23T10:06:47+00:00\",\"breadcrumb\":{\"@id\":\"https:\\\/\\\/www.eldiario.net\\\/portal\\\/2024\\\/06\\\/23\\\/desindustrializacion-provoca-informalidad-y-en-bolivia-el-capitalismo-de-estado\\\/#breadcrumb\"},\"inLanguage\":\"es\",\"potentialAction\":[{\"@type\":\"ReadAction\",\"target\":[\"https:\\\/\\\/www.eldiario.net\\\/portal\\\/2024\\\/06\\\/23\\\/desindustrializacion-provoca-informalidad-y-en-bolivia-el-capitalismo-de-estado\\\/\"]}]},{\"@type\":\"ImageObject\",\"inLanguage\":\"es\",\"@id\":\"https:\\\/\\\/www.eldiario.net\\\/portal\\\/2024\\\/06\\\/23\\\/desindustrializacion-provoca-informalidad-y-en-bolivia-el-capitalismo-de-estado\\\/#primaryimage\",\"url\":\"https:\\\/\\\/www.eldiario.net\\\/portal\\\/wp-content\\\/uploads\\\/2024\\\/06\\\/informal.jpg\",\"contentUrl\":\"https:\\\/\\\/www.eldiario.net\\\/portal\\\/wp-content\\\/uploads\\\/2024\\\/06\\\/informal.jpg\",\"width\":980,\"height\":551,\"caption\":\"la informalidad en Bolivia va en aumento.\"},{\"@type\":\"BreadcrumbList\",\"@id\":\"https:\\\/\\\/www.eldiario.net\\\/portal\\\/2024\\\/06\\\/23\\\/desindustrializacion-provoca-informalidad-y-en-bolivia-el-capitalismo-de-estado\\\/#breadcrumb\",\"itemListElement\":[{\"@type\":\"ListItem\",\"position\":1,\"name\":\"Portada\",\"item\":\"https:\\\/\\\/www.eldiario.net\\\/portal\\\/\"},{\"@type\":\"ListItem\",\"position\":2,\"name\":\"Desindustrializaci\u00f3n provoca informalidad y en Bolivia el capitalismo de Estado\"}]},{\"@type\":\"WebSite\",\"@id\":\"https:\\\/\\\/www.eldiario.net\\\/portal\\\/#website\",\"url\":\"https:\\\/\\\/www.eldiario.net\\\/portal\\\/\",\"name\":\"El Diario - Decano de la prensa nacional\",\"description\":\"El Diario - Decano de la prensa nacional\",\"publisher\":{\"@id\":\"https:\\\/\\\/www.eldiario.net\\\/portal\\\/#organization\"},\"potentialAction\":[{\"@type\":\"SearchAction\",\"target\":{\"@type\":\"EntryPoint\",\"urlTemplate\":\"https:\\\/\\\/www.eldiario.net\\\/portal\\\/?s={search_term_string}\"},\"query-input\":{\"@type\":\"PropertyValueSpecification\",\"valueRequired\":true,\"valueName\":\"search_term_string\"}}],\"inLanguage\":\"es\"},{\"@type\":\"Organization\",\"@id\":\"https:\\\/\\\/www.eldiario.net\\\/portal\\\/#organization\",\"name\":\"El Diario - Decano de la prensa nacional\",\"url\":\"https:\\\/\\\/www.eldiario.net\\\/portal\\\/\",\"logo\":{\"@type\":\"ImageObject\",\"inLanguage\":\"es\",\"@id\":\"https:\\\/\\\/www.eldiario.net\\\/portal\\\/#\\\/schema\\\/logo\\\/image\\\/\",\"url\":\"https:\\\/\\\/www.eldiario.net\\\/portal\\\/wp-content\\\/uploads\\\/2023\\\/07\\\/logo_ED.jpg\",\"contentUrl\":\"https:\\\/\\\/www.eldiario.net\\\/portal\\\/wp-content\\\/uploads\\\/2023\\\/07\\\/logo_ED.jpg\",\"width\":272,\"height\":52,\"caption\":\"El Diario - Decano de la prensa nacional\"},\"image\":{\"@id\":\"https:\\\/\\\/www.eldiario.net\\\/portal\\\/#\\\/schema\\\/logo\\\/image\\\/\"},\"sameAs\":[\"https:\\\/\\\/www.facebook.com\\\/eldiario.bolivia\\\/\",\"https:\\\/\\\/x.com\\\/eldiario_net\"]},{\"@type\":\"Person\",\"@id\":\"https:\\\/\\\/www.eldiario.net\\\/portal\\\/#\\\/schema\\\/person\\\/f46445640444750d7d753ccd04ae01b7\",\"name\":\"Jeanette\",\"image\":{\"@type\":\"ImageObject\",\"inLanguage\":\"es\",\"@id\":\"https:\\\/\\\/secure.gravatar.com\\\/avatar\\\/3ea2118a5f7dad2b7138b1187a6b7ee55f160b9968b66013c3a3ef39dd7e5798?s=96&d=mm&r=g\",\"url\":\"https:\\\/\\\/secure.gravatar.com\\\/avatar\\\/3ea2118a5f7dad2b7138b1187a6b7ee55f160b9968b66013c3a3ef39dd7e5798?s=96&d=mm&r=g\",\"contentUrl\":\"https:\\\/\\\/secure.gravatar.com\\\/avatar\\\/3ea2118a5f7dad2b7138b1187a6b7ee55f160b9968b66013c3a3ef39dd7e5798?s=96&d=mm&r=g\",\"caption\":\"Jeanette\"},\"sameAs\":[\"https:\\\/\\\/www.eldiario.net\\\/portal\"],\"url\":\"https:\\\/\\\/www.eldiario.net\\\/portal\\\/author\\\/jeanette\\\/\"}]}<\/script>\n<!-- \/ Yoast SEO plugin. -->","yoast_head_json":{"title":"Desindustrializaci\u00f3n provoca informalidad y en Bolivia el capitalismo de Estado - El Diario - Bolivia","robots":{"index":"index","follow":"follow","max-snippet":"max-snippet:-1","max-image-preview":"max-image-preview:large","max-video-preview":"max-video-preview:-1"},"canonical":"https:\/\/www.eldiario.net\/portal\/2024\/06\/23\/desindustrializacion-provoca-informalidad-y-en-bolivia-el-capitalismo-de-estado\/","og_locale":"es_ES","og_type":"article","og_title":"Desindustrializaci\u00f3n provoca informalidad y en Bolivia el capitalismo de Estado - El Diario - Bolivia","og_description":"La informalidad ya es un problema en la regi\u00f3n Latinoamericana y en cada pa\u00eds los efectos son distintos, pero economistas manejan que la desindustrializaci\u00f3n ser\u00eda una de las causas; sin embargo, en Bolivia el capitalismo de Estado ser\u00eda el responsable, que no permite el aterrizaje de inversi\u00f3n privada. El empleo informal es un problema particularmente [&hellip;]","og_url":"https:\/\/www.eldiario.net\/portal\/2024\/06\/23\/desindustrializacion-provoca-informalidad-y-en-bolivia-el-capitalismo-de-estado\/","og_site_name":"El Diario - Bolivia","article_publisher":"https:\/\/www.facebook.com\/eldiario.bolivia\/","article_published_time":"2024-06-23T10:06:47+00:00","og_image":[{"width":980,"height":551,"url":"https:\/\/www.eldiario.net\/portal\/wp-content\/uploads\/2024\/06\/informal.jpg","type":"image\/jpeg"}],"author":"Jeanette","twitter_card":"summary_large_image","twitter_creator":"@eldiario_net","twitter_site":"@eldiario_net","twitter_misc":{"Escrito por":"Jeanette","Tiempo de lectura":"6 minutos"},"schema":{"@context":"https:\/\/schema.org","@graph":[{"@type":"Article","@id":"https:\/\/www.eldiario.net\/portal\/2024\/06\/23\/desindustrializacion-provoca-informalidad-y-en-bolivia-el-capitalismo-de-estado\/#article","isPartOf":{"@id":"https:\/\/www.eldiario.net\/portal\/2024\/06\/23\/desindustrializacion-provoca-informalidad-y-en-bolivia-el-capitalismo-de-estado\/"},"author":{"name":"Jeanette","@id":"https:\/\/www.eldiario.net\/portal\/#\/schema\/person\/f46445640444750d7d753ccd04ae01b7"},"headline":"Desindustrializaci\u00f3n provoca informalidad y en Bolivia el capitalismo de Estado","datePublished":"2024-06-23T10:06:47+00:00","mainEntityOfPage":{"@id":"https:\/\/www.eldiario.net\/portal\/2024\/06\/23\/desindustrializacion-provoca-informalidad-y-en-bolivia-el-capitalismo-de-estado\/"},"wordCount":1209,"commentCount":0,"publisher":{"@id":"https:\/\/www.eldiario.net\/portal\/#organization"},"image":{"@id":"https:\/\/www.eldiario.net\/portal\/2024\/06\/23\/desindustrializacion-provoca-informalidad-y-en-bolivia-el-capitalismo-de-estado\/#primaryimage"},"thumbnailUrl":"https:\/\/www.eldiario.net\/portal\/wp-content\/uploads\/2024\/06\/informal.jpg","articleSection":["Econom\u00eda"],"inLanguage":"es","potentialAction":[{"@type":"CommentAction","name":"Comment","target":["https:\/\/www.eldiario.net\/portal\/2024\/06\/23\/desindustrializacion-provoca-informalidad-y-en-bolivia-el-capitalismo-de-estado\/#respond"]}]},{"@type":"WebPage","@id":"https:\/\/www.eldiario.net\/portal\/2024\/06\/23\/desindustrializacion-provoca-informalidad-y-en-bolivia-el-capitalismo-de-estado\/","url":"https:\/\/www.eldiario.net\/portal\/2024\/06\/23\/desindustrializacion-provoca-informalidad-y-en-bolivia-el-capitalismo-de-estado\/","name":"Desindustrializaci\u00f3n provoca informalidad y en Bolivia el capitalismo de Estado - El Diario - Bolivia","isPartOf":{"@id":"https:\/\/www.eldiario.net\/portal\/#website"},"primaryImageOfPage":{"@id":"https:\/\/www.eldiario.net\/portal\/2024\/06\/23\/desindustrializacion-provoca-informalidad-y-en-bolivia-el-capitalismo-de-estado\/#primaryimage"},"image":{"@id":"https:\/\/www.eldiario.net\/portal\/2024\/06\/23\/desindustrializacion-provoca-informalidad-y-en-bolivia-el-capitalismo-de-estado\/#primaryimage"},"thumbnailUrl":"https:\/\/www.eldiario.net\/portal\/wp-content\/uploads\/2024\/06\/informal.jpg","datePublished":"2024-06-23T10:06:47+00:00","breadcrumb":{"@id":"https:\/\/www.eldiario.net\/portal\/2024\/06\/23\/desindustrializacion-provoca-informalidad-y-en-bolivia-el-capitalismo-de-estado\/#breadcrumb"},"inLanguage":"es","potentialAction":[{"@type":"ReadAction","target":["https:\/\/www.eldiario.net\/portal\/2024\/06\/23\/desindustrializacion-provoca-informalidad-y-en-bolivia-el-capitalismo-de-estado\/"]}]},{"@type":"ImageObject","inLanguage":"es","@id":"https:\/\/www.eldiario.net\/portal\/2024\/06\/23\/desindustrializacion-provoca-informalidad-y-en-bolivia-el-capitalismo-de-estado\/#primaryimage","url":"https:\/\/www.eldiario.net\/portal\/wp-content\/uploads\/2024\/06\/informal.jpg","contentUrl":"https:\/\/www.eldiario.net\/portal\/wp-content\/uploads\/2024\/06\/informal.jpg","width":980,"height":551,"caption":"la informalidad en Bolivia va en aumento."},{"@type":"BreadcrumbList","@id":"https:\/\/www.eldiario.net\/portal\/2024\/06\/23\/desindustrializacion-provoca-informalidad-y-en-bolivia-el-capitalismo-de-estado\/#breadcrumb","itemListElement":[{"@type":"ListItem","position":1,"name":"Portada","item":"https:\/\/www.eldiario.net\/portal\/"},{"@type":"ListItem","position":2,"name":"Desindustrializaci\u00f3n provoca informalidad y en Bolivia el capitalismo de Estado"}]},{"@type":"WebSite","@id":"https:\/\/www.eldiario.net\/portal\/#website","url":"https:\/\/www.eldiario.net\/portal\/","name":"El Diario - Decano de la prensa nacional","description":"El Diario - Decano de la prensa nacional","publisher":{"@id":"https:\/\/www.eldiario.net\/portal\/#organization"},"potentialAction":[{"@type":"SearchAction","target":{"@type":"EntryPoint","urlTemplate":"https:\/\/www.eldiario.net\/portal\/?s={search_term_string}"},"query-input":{"@type":"PropertyValueSpecification","valueRequired":true,"valueName":"search_term_string"}}],"inLanguage":"es"},{"@type":"Organization","@id":"https:\/\/www.eldiario.net\/portal\/#organization","name":"El Diario - Decano de la prensa nacional","url":"https:\/\/www.eldiario.net\/portal\/","logo":{"@type":"ImageObject","inLanguage":"es","@id":"https:\/\/www.eldiario.net\/portal\/#\/schema\/logo\/image\/","url":"https:\/\/www.eldiario.net\/portal\/wp-content\/uploads\/2023\/07\/logo_ED.jpg","contentUrl":"https:\/\/www.eldiario.net\/portal\/wp-content\/uploads\/2023\/07\/logo_ED.jpg","width":272,"height":52,"caption":"El Diario - Decano de la prensa nacional"},"image":{"@id":"https:\/\/www.eldiario.net\/portal\/#\/schema\/logo\/image\/"},"sameAs":["https:\/\/www.facebook.com\/eldiario.bolivia\/","https:\/\/x.com\/eldiario_net"]},{"@type":"Person","@id":"https:\/\/www.eldiario.net\/portal\/#\/schema\/person\/f46445640444750d7d753ccd04ae01b7","name":"Jeanette","image":{"@type":"ImageObject","inLanguage":"es","@id":"https:\/\/secure.gravatar.com\/avatar\/3ea2118a5f7dad2b7138b1187a6b7ee55f160b9968b66013c3a3ef39dd7e5798?s=96&d=mm&r=g","url":"https:\/\/secure.gravatar.com\/avatar\/3ea2118a5f7dad2b7138b1187a6b7ee55f160b9968b66013c3a3ef39dd7e5798?s=96&d=mm&r=g","contentUrl":"https:\/\/secure.gravatar.com\/avatar\/3ea2118a5f7dad2b7138b1187a6b7ee55f160b9968b66013c3a3ef39dd7e5798?s=96&d=mm&r=g","caption":"Jeanette"},"sameAs":["https:\/\/www.eldiario.net\/portal"],"url":"https:\/\/www.eldiario.net\/portal\/author\/jeanette\/"}]}},"_links":{"self":[{"href":"https:\/\/www.eldiario.net\/portal\/wp-json\/wp\/v2\/posts\/229137","targetHints":{"allow":["GET"]}}],"collection":[{"href":"https:\/\/www.eldiario.net\/portal\/wp-json\/wp\/v2\/posts"}],"about":[{"href":"https:\/\/www.eldiario.net\/portal\/wp-json\/wp\/v2\/types\/post"}],"author":[{"embeddable":true,"href":"https:\/\/www.eldiario.net\/portal\/wp-json\/wp\/v2\/users\/1"}],"replies":[{"embeddable":true,"href":"https:\/\/www.eldiario.net\/portal\/wp-json\/wp\/v2\/comments?post=229137"}],"version-history":[{"count":1,"href":"https:\/\/www.eldiario.net\/portal\/wp-json\/wp\/v2\/posts\/229137\/revisions"}],"predecessor-version":[{"id":229140,"href":"https:\/\/www.eldiario.net\/portal\/wp-json\/wp\/v2\/posts\/229137\/revisions\/229140"}],"wp:featuredmedia":[{"embeddable":true,"href":"https:\/\/www.eldiario.net\/portal\/wp-json\/wp\/v2\/media\/229138"}],"wp:attachment":[{"href":"https:\/\/www.eldiario.net\/portal\/wp-json\/wp\/v2\/media?parent=229137"}],"wp:term":[{"taxonomy":"category","embeddable":true,"href":"https:\/\/www.eldiario.net\/portal\/wp-json\/wp\/v2\/categories?post=229137"},{"taxonomy":"post_tag","embeddable":true,"href":"https:\/\/www.eldiario.net\/portal\/wp-json\/wp\/v2\/tags?post=229137"}],"curies":[{"name":"wp","href":"https:\/\/api.w.org\/{rel}","templated":true}]}}