{"id":229134,"date":"2024-06-23T06:05:58","date_gmt":"2024-06-23T10:05:58","guid":{"rendered":"https:\/\/www.eldiario.net\/portal\/?p=229134"},"modified":"2024-06-23T06:05:58","modified_gmt":"2024-06-23T10:05:58","slug":"esperan-que-bonos-tematicos-lleguen-a-us-450-millones","status":"publish","type":"post","link":"https:\/\/www.eldiario.net\/portal\/2024\/06\/23\/esperan-que-bonos-tematicos-lleguen-a-us-450-millones\/","title":{"rendered":"Esperan que bonos tem\u00e1ticos  lleguen a $us 450 millones"},"content":{"rendered":"<p>Tras la emisi\u00f3n del primer bono tem\u00e1tico con enfoque de g\u00e9nero realizado por el BancoSol, por 205.6 millones de bolivianos, y en d\u00f3lares equivalente a 30 millones, la Bolsa Boliviana de Valores espera que en los pr\u00f3ximos a\u00f1os la cifra crezca y llegue a por lo menos 450 millones.<br \/>\nEn la regi\u00f3n se lanzaron 39 bonos tem\u00e1ticos y con la emisi\u00f3n de BancoSol la cifra llega a 40 en total, con apoyo del Banco Interamericano de Desarrollo (BID) Invest en Bolivia.<br \/>\nBancoSol emiti\u00f3 el primer bono social de g\u00e9nero en Bolivia por un monto de 205.800.000 de bolivianos (equivalente a $us 30 millones), con la calificaci\u00f3n AAA otorgada por Moody\u2019s Local PE Clasificadora de Riesgo S.A y AESA Ratings. La emisi\u00f3n se llev\u00f3 a cabo en el mercado de capitales boliviano y BID Invest respald\u00f3 con una garant\u00eda parcial de cr\u00e9dito cubriendo hasta el 50% del capital de la emisi\u00f3n, de acuerdo a la informaci\u00f3n de la entidad emisora.<br \/>\nLa gerente de Gesti\u00f3n Comercial en la Bolsa Boliviana de Valores (BBV), Ver\u00f3nica Arteaga, record\u00f3 que en 2019 una segunda instituci\u00f3n financiera en Panam\u00e1 lanz\u00f3 el primer bono de g\u00e9nero, colocando en el mercado, 50 millones de d\u00f3lares para financiar 311 PyMEs lideradas por mujeres.<br \/>\nCinco a\u00f1os despu\u00e9s, la colocaci\u00f3n de bonos tem\u00e1ticos se increment\u00f3 a 8 por un valor de 750 millones de d\u00f3lares, un crecimiento de 15 veces m\u00e1s.<br \/>\nAnhelamos que en cinco a\u00f1os en el mercado de valores se alcance a 450 millones de d\u00f3lares, una cifra posible, indic\u00f3.<br \/>\nColocaci\u00f3n<br \/>\nBancoSol coloc\u00f3 aproximadamente 205,8 millones de bolivianos en la primera emisi\u00f3n de bonos sociales en g\u00e9nero, denominada \u201cBonos Sociales Avanza Mujer BancoSol 1\u201d, habiendo alcanzado una demanda por 239,9 millones, es decir, con una sobredemanda del 16,5% del valor ofertado (bid to cover).<br \/>\nTras la colocaci\u00f3n del bono, los recursos permitir\u00e1n beneficiar con financiamiento a las micro y peque\u00f1as empresas lideradas por mujeres (MYPE Mujer) en el pa\u00eds, esperando financiar al menos a 4.500 MYPE Mujer.<br \/>\nLa transacci\u00f3n cuenta con el apoyo de la Iniciativa de Financiamiento de Mujeres Emprendedoras (We-Fi). BID Invest otorgar\u00e1 a BancoSol servicios de asesor\u00eda y una bonificaci\u00f3n monetaria de hasta 200,000 d\u00f3lares sujeta al cumplimiento de objetivos relacionados con el crecimiento de la cartera de PYME Mujer, incluyendo \u00e1reas rurales y la regi\u00f3n amaz\u00f3nica.<br \/>\nAdicionalmente, BID Invest brindar\u00e1 servicios de asesor\u00eda para fortalecer la estrategia de g\u00e9nero y diversidad del banco, evaluando la propuesta de valor para las MYPE lideradas por mujeres en tres cadenas productivas relevantes para el banco, as\u00ed tambi\u00e9n para fortalecer la medici\u00f3n de impacto generado en la cartera de BancoSol y la presentaci\u00f3n de informes correspondientes mediante la mejora de los sistemas de recopilaci\u00f3n de datos y de monitoreo.<br \/>\n\u201cLos recursos obtenidos nos permitir\u00e1n ampliar el acceso a financiamiento de los negocios liderados por mujeres bolivianas, aportando al cierre de brechas econ\u00f3micas y al desarrollo sostenible\u201d, afirm\u00f3 la gerente general adjunta de BancoSol, Ver\u00f3nica Gavilanes.<\/p>\n","protected":false},"excerpt":{"rendered":"<p>Tras la emisi\u00f3n del primer bono tem\u00e1tico con enfoque de g\u00e9nero realizado por el BancoSol, por 205.6 millones de bolivianos, y en d\u00f3lares equivalente a 30 millones, la Bolsa Boliviana de Valores espera que en los pr\u00f3ximos a\u00f1os la cifra crezca y llegue a por lo menos 450 millones. En la regi\u00f3n se lanzaron 39 [&hellip;]<\/p>\n","protected":false},"author":1,"featured_media":229135,"comment_status":"open","ping_status":"open","sticky":false,"template":"","format":"standard","meta":{"_acf_changed":false,"footnotes":""},"categories":[7],"tags":[],"class_list":["post-229134","post","type-post","status-publish","format-standard","has-post-thumbnail","category-economia"],"acf":{"antetitulo":"En los pr\u00f3ximos cinco a\u00f1os"},"yoast_head":"<!-- This site is optimized with the Yoast SEO plugin v28.3 - https:\/\/yoast.com\/product\/yoast-seo-wordpress\/ -->\n<title>Esperan que bonos tem\u00e1ticos lleguen a $us 450 millones - El Diario - Bolivia<\/title>\n<meta name=\"robots\" content=\"index, follow, max-snippet:-1, max-image-preview:large, max-video-preview:-1\" \/>\n<link rel=\"canonical\" href=\"https:\/\/www.eldiario.net\/portal\/2024\/06\/23\/esperan-que-bonos-tematicos-lleguen-a-us-450-millones\/\" \/>\n<meta property=\"og:locale\" content=\"es_ES\" \/>\n<meta property=\"og:type\" content=\"article\" \/>\n<meta property=\"og:title\" content=\"Esperan que bonos tem\u00e1ticos lleguen a $us 450 millones - El Diario - Bolivia\" \/>\n<meta property=\"og:description\" content=\"Tras la emisi\u00f3n del primer bono tem\u00e1tico con enfoque de g\u00e9nero realizado por el BancoSol, por 205.6 millones de bolivianos, y en d\u00f3lares equivalente a 30 millones, la Bolsa Boliviana de Valores espera que en los pr\u00f3ximos a\u00f1os la cifra crezca y llegue a por lo menos 450 millones. En la regi\u00f3n se lanzaron 39 [&hellip;]\" \/>\n<meta property=\"og:url\" content=\"https:\/\/www.eldiario.net\/portal\/2024\/06\/23\/esperan-que-bonos-tematicos-lleguen-a-us-450-millones\/\" \/>\n<meta property=\"og:site_name\" content=\"El Diario - Bolivia\" \/>\n<meta property=\"article:publisher\" content=\"https:\/\/www.facebook.com\/eldiario.bolivia\/\" \/>\n<meta property=\"article:published_time\" content=\"2024-06-23T10:05:58+00:00\" \/>\n<meta property=\"og:image\" content=\"https:\/\/www.eldiario.net\/portal\/wp-content\/uploads\/2024\/06\/bono.jpg\" \/>\n\t<meta property=\"og:image:width\" content=\"1200\" \/>\n\t<meta property=\"og:image:height\" content=\"800\" \/>\n\t<meta property=\"og:image:type\" content=\"image\/jpeg\" \/>\n<meta name=\"author\" content=\"Jeanette\" \/>\n<meta name=\"twitter:card\" content=\"summary_large_image\" \/>\n<meta name=\"twitter:creator\" content=\"@eldiario_net\" \/>\n<meta name=\"twitter:site\" content=\"@eldiario_net\" \/>\n<meta name=\"twitter:label1\" content=\"Escrito por\" \/>\n\t<meta name=\"twitter:data1\" content=\"Jeanette\" \/>\n\t<meta name=\"twitter:label2\" content=\"Tiempo de lectura\" \/>\n\t<meta name=\"twitter:data2\" content=\"3 minutos\" \/>\n<script type=\"application\/ld+json\" class=\"yoast-schema-graph\">{\"@context\":\"https:\\\/\\\/schema.org\",\"@graph\":[{\"@type\":\"Article\",\"@id\":\"https:\\\/\\\/www.eldiario.net\\\/portal\\\/2024\\\/06\\\/23\\\/esperan-que-bonos-tematicos-lleguen-a-us-450-millones\\\/#article\",\"isPartOf\":{\"@id\":\"https:\\\/\\\/www.eldiario.net\\\/portal\\\/2024\\\/06\\\/23\\\/esperan-que-bonos-tematicos-lleguen-a-us-450-millones\\\/\"},\"author\":{\"name\":\"Jeanette\",\"@id\":\"https:\\\/\\\/www.eldiario.net\\\/portal\\\/#\\\/schema\\\/person\\\/f46445640444750d7d753ccd04ae01b7\"},\"headline\":\"Esperan que bonos tem\u00e1ticos lleguen a $us 450 millones\",\"datePublished\":\"2024-06-23T10:05:58+00:00\",\"mainEntityOfPage\":{\"@id\":\"https:\\\/\\\/www.eldiario.net\\\/portal\\\/2024\\\/06\\\/23\\\/esperan-que-bonos-tematicos-lleguen-a-us-450-millones\\\/\"},\"wordCount\":527,\"commentCount\":0,\"publisher\":{\"@id\":\"https:\\\/\\\/www.eldiario.net\\\/portal\\\/#organization\"},\"image\":{\"@id\":\"https:\\\/\\\/www.eldiario.net\\\/portal\\\/2024\\\/06\\\/23\\\/esperan-que-bonos-tematicos-lleguen-a-us-450-millones\\\/#primaryimage\"},\"thumbnailUrl\":\"https:\\\/\\\/www.eldiario.net\\\/portal\\\/wp-content\\\/uploads\\\/2024\\\/06\\\/bono.jpg\",\"articleSection\":[\"Econom\u00eda\"],\"inLanguage\":\"es\",\"potentialAction\":[{\"@type\":\"CommentAction\",\"name\":\"Comment\",\"target\":[\"https:\\\/\\\/www.eldiario.net\\\/portal\\\/2024\\\/06\\\/23\\\/esperan-que-bonos-tematicos-lleguen-a-us-450-millones\\\/#respond\"]}]},{\"@type\":\"WebPage\",\"@id\":\"https:\\\/\\\/www.eldiario.net\\\/portal\\\/2024\\\/06\\\/23\\\/esperan-que-bonos-tematicos-lleguen-a-us-450-millones\\\/\",\"url\":\"https:\\\/\\\/www.eldiario.net\\\/portal\\\/2024\\\/06\\\/23\\\/esperan-que-bonos-tematicos-lleguen-a-us-450-millones\\\/\",\"name\":\"Esperan que bonos tem\u00e1ticos lleguen a $us 450 millones - El Diario - Bolivia\",\"isPartOf\":{\"@id\":\"https:\\\/\\\/www.eldiario.net\\\/portal\\\/#website\"},\"primaryImageOfPage\":{\"@id\":\"https:\\\/\\\/www.eldiario.net\\\/portal\\\/2024\\\/06\\\/23\\\/esperan-que-bonos-tematicos-lleguen-a-us-450-millones\\\/#primaryimage\"},\"image\":{\"@id\":\"https:\\\/\\\/www.eldiario.net\\\/portal\\\/2024\\\/06\\\/23\\\/esperan-que-bonos-tematicos-lleguen-a-us-450-millones\\\/#primaryimage\"},\"thumbnailUrl\":\"https:\\\/\\\/www.eldiario.net\\\/portal\\\/wp-content\\\/uploads\\\/2024\\\/06\\\/bono.jpg\",\"datePublished\":\"2024-06-23T10:05:58+00:00\",\"breadcrumb\":{\"@id\":\"https:\\\/\\\/www.eldiario.net\\\/portal\\\/2024\\\/06\\\/23\\\/esperan-que-bonos-tematicos-lleguen-a-us-450-millones\\\/#breadcrumb\"},\"inLanguage\":\"es\",\"potentialAction\":[{\"@type\":\"ReadAction\",\"target\":[\"https:\\\/\\\/www.eldiario.net\\\/portal\\\/2024\\\/06\\\/23\\\/esperan-que-bonos-tematicos-lleguen-a-us-450-millones\\\/\"]}]},{\"@type\":\"ImageObject\",\"inLanguage\":\"es\",\"@id\":\"https:\\\/\\\/www.eldiario.net\\\/portal\\\/2024\\\/06\\\/23\\\/esperan-que-bonos-tematicos-lleguen-a-us-450-millones\\\/#primaryimage\",\"url\":\"https:\\\/\\\/www.eldiario.net\\\/portal\\\/wp-content\\\/uploads\\\/2024\\\/06\\\/bono.jpg\",\"contentUrl\":\"https:\\\/\\\/www.eldiario.net\\\/portal\\\/wp-content\\\/uploads\\\/2024\\\/06\\\/bono.jpg\",\"width\":1200,\"height\":800,\"caption\":\"Un di\u00e1logo sobre las oportunidades que genera el lanzamiento del bono tem\u00e1tico.\"},{\"@type\":\"BreadcrumbList\",\"@id\":\"https:\\\/\\\/www.eldiario.net\\\/portal\\\/2024\\\/06\\\/23\\\/esperan-que-bonos-tematicos-lleguen-a-us-450-millones\\\/#breadcrumb\",\"itemListElement\":[{\"@type\":\"ListItem\",\"position\":1,\"name\":\"Portada\",\"item\":\"https:\\\/\\\/www.eldiario.net\\\/portal\\\/\"},{\"@type\":\"ListItem\",\"position\":2,\"name\":\"Esperan que bonos tem\u00e1ticos lleguen a $us 450 millones\"}]},{\"@type\":\"WebSite\",\"@id\":\"https:\\\/\\\/www.eldiario.net\\\/portal\\\/#website\",\"url\":\"https:\\\/\\\/www.eldiario.net\\\/portal\\\/\",\"name\":\"El Diario - Decano de la prensa nacional\",\"description\":\"El Diario - Decano de la prensa nacional\",\"publisher\":{\"@id\":\"https:\\\/\\\/www.eldiario.net\\\/portal\\\/#organization\"},\"potentialAction\":[{\"@type\":\"SearchAction\",\"target\":{\"@type\":\"EntryPoint\",\"urlTemplate\":\"https:\\\/\\\/www.eldiario.net\\\/portal\\\/?s={search_term_string}\"},\"query-input\":{\"@type\":\"PropertyValueSpecification\",\"valueRequired\":true,\"valueName\":\"search_term_string\"}}],\"inLanguage\":\"es\"},{\"@type\":\"Organization\",\"@id\":\"https:\\\/\\\/www.eldiario.net\\\/portal\\\/#organization\",\"name\":\"El Diario - Decano de la prensa nacional\",\"url\":\"https:\\\/\\\/www.eldiario.net\\\/portal\\\/\",\"logo\":{\"@type\":\"ImageObject\",\"inLanguage\":\"es\",\"@id\":\"https:\\\/\\\/www.eldiario.net\\\/portal\\\/#\\\/schema\\\/logo\\\/image\\\/\",\"url\":\"https:\\\/\\\/www.eldiario.net\\\/portal\\\/wp-content\\\/uploads\\\/2023\\\/07\\\/logo_ED.jpg\",\"contentUrl\":\"https:\\\/\\\/www.eldiario.net\\\/portal\\\/wp-content\\\/uploads\\\/2023\\\/07\\\/logo_ED.jpg\",\"width\":272,\"height\":52,\"caption\":\"El Diario - Decano de la prensa nacional\"},\"image\":{\"@id\":\"https:\\\/\\\/www.eldiario.net\\\/portal\\\/#\\\/schema\\\/logo\\\/image\\\/\"},\"sameAs\":[\"https:\\\/\\\/www.facebook.com\\\/eldiario.bolivia\\\/\",\"https:\\\/\\\/x.com\\\/eldiario_net\"]},{\"@type\":\"Person\",\"@id\":\"https:\\\/\\\/www.eldiario.net\\\/portal\\\/#\\\/schema\\\/person\\\/f46445640444750d7d753ccd04ae01b7\",\"name\":\"Jeanette\",\"image\":{\"@type\":\"ImageObject\",\"inLanguage\":\"es\",\"@id\":\"https:\\\/\\\/secure.gravatar.com\\\/avatar\\\/3ea2118a5f7dad2b7138b1187a6b7ee55f160b9968b66013c3a3ef39dd7e5798?s=96&d=mm&r=g\",\"url\":\"https:\\\/\\\/secure.gravatar.com\\\/avatar\\\/3ea2118a5f7dad2b7138b1187a6b7ee55f160b9968b66013c3a3ef39dd7e5798?s=96&d=mm&r=g\",\"contentUrl\":\"https:\\\/\\\/secure.gravatar.com\\\/avatar\\\/3ea2118a5f7dad2b7138b1187a6b7ee55f160b9968b66013c3a3ef39dd7e5798?s=96&d=mm&r=g\",\"caption\":\"Jeanette\"},\"sameAs\":[\"https:\\\/\\\/www.eldiario.net\\\/portal\"],\"url\":\"https:\\\/\\\/www.eldiario.net\\\/portal\\\/author\\\/jeanette\\\/\"}]}<\/script>\n<!-- \/ Yoast SEO plugin. -->","yoast_head_json":{"title":"Esperan que bonos tem\u00e1ticos lleguen a $us 450 millones - El Diario - Bolivia","robots":{"index":"index","follow":"follow","max-snippet":"max-snippet:-1","max-image-preview":"max-image-preview:large","max-video-preview":"max-video-preview:-1"},"canonical":"https:\/\/www.eldiario.net\/portal\/2024\/06\/23\/esperan-que-bonos-tematicos-lleguen-a-us-450-millones\/","og_locale":"es_ES","og_type":"article","og_title":"Esperan que bonos tem\u00e1ticos lleguen a $us 450 millones - El Diario - Bolivia","og_description":"Tras la emisi\u00f3n del primer bono tem\u00e1tico con enfoque de g\u00e9nero realizado por el BancoSol, por 205.6 millones de bolivianos, y en d\u00f3lares equivalente a 30 millones, la Bolsa Boliviana de Valores espera que en los pr\u00f3ximos a\u00f1os la cifra crezca y llegue a por lo menos 450 millones. En la regi\u00f3n se lanzaron 39 [&hellip;]","og_url":"https:\/\/www.eldiario.net\/portal\/2024\/06\/23\/esperan-que-bonos-tematicos-lleguen-a-us-450-millones\/","og_site_name":"El Diario - Bolivia","article_publisher":"https:\/\/www.facebook.com\/eldiario.bolivia\/","article_published_time":"2024-06-23T10:05:58+00:00","og_image":[{"width":1200,"height":800,"url":"https:\/\/www.eldiario.net\/portal\/wp-content\/uploads\/2024\/06\/bono.jpg","type":"image\/jpeg"}],"author":"Jeanette","twitter_card":"summary_large_image","twitter_creator":"@eldiario_net","twitter_site":"@eldiario_net","twitter_misc":{"Escrito por":"Jeanette","Tiempo de lectura":"3 minutos"},"schema":{"@context":"https:\/\/schema.org","@graph":[{"@type":"Article","@id":"https:\/\/www.eldiario.net\/portal\/2024\/06\/23\/esperan-que-bonos-tematicos-lleguen-a-us-450-millones\/#article","isPartOf":{"@id":"https:\/\/www.eldiario.net\/portal\/2024\/06\/23\/esperan-que-bonos-tematicos-lleguen-a-us-450-millones\/"},"author":{"name":"Jeanette","@id":"https:\/\/www.eldiario.net\/portal\/#\/schema\/person\/f46445640444750d7d753ccd04ae01b7"},"headline":"Esperan que bonos tem\u00e1ticos lleguen a $us 450 millones","datePublished":"2024-06-23T10:05:58+00:00","mainEntityOfPage":{"@id":"https:\/\/www.eldiario.net\/portal\/2024\/06\/23\/esperan-que-bonos-tematicos-lleguen-a-us-450-millones\/"},"wordCount":527,"commentCount":0,"publisher":{"@id":"https:\/\/www.eldiario.net\/portal\/#organization"},"image":{"@id":"https:\/\/www.eldiario.net\/portal\/2024\/06\/23\/esperan-que-bonos-tematicos-lleguen-a-us-450-millones\/#primaryimage"},"thumbnailUrl":"https:\/\/www.eldiario.net\/portal\/wp-content\/uploads\/2024\/06\/bono.jpg","articleSection":["Econom\u00eda"],"inLanguage":"es","potentialAction":[{"@type":"CommentAction","name":"Comment","target":["https:\/\/www.eldiario.net\/portal\/2024\/06\/23\/esperan-que-bonos-tematicos-lleguen-a-us-450-millones\/#respond"]}]},{"@type":"WebPage","@id":"https:\/\/www.eldiario.net\/portal\/2024\/06\/23\/esperan-que-bonos-tematicos-lleguen-a-us-450-millones\/","url":"https:\/\/www.eldiario.net\/portal\/2024\/06\/23\/esperan-que-bonos-tematicos-lleguen-a-us-450-millones\/","name":"Esperan que bonos tem\u00e1ticos lleguen a $us 450 millones - El Diario - Bolivia","isPartOf":{"@id":"https:\/\/www.eldiario.net\/portal\/#website"},"primaryImageOfPage":{"@id":"https:\/\/www.eldiario.net\/portal\/2024\/06\/23\/esperan-que-bonos-tematicos-lleguen-a-us-450-millones\/#primaryimage"},"image":{"@id":"https:\/\/www.eldiario.net\/portal\/2024\/06\/23\/esperan-que-bonos-tematicos-lleguen-a-us-450-millones\/#primaryimage"},"thumbnailUrl":"https:\/\/www.eldiario.net\/portal\/wp-content\/uploads\/2024\/06\/bono.jpg","datePublished":"2024-06-23T10:05:58+00:00","breadcrumb":{"@id":"https:\/\/www.eldiario.net\/portal\/2024\/06\/23\/esperan-que-bonos-tematicos-lleguen-a-us-450-millones\/#breadcrumb"},"inLanguage":"es","potentialAction":[{"@type":"ReadAction","target":["https:\/\/www.eldiario.net\/portal\/2024\/06\/23\/esperan-que-bonos-tematicos-lleguen-a-us-450-millones\/"]}]},{"@type":"ImageObject","inLanguage":"es","@id":"https:\/\/www.eldiario.net\/portal\/2024\/06\/23\/esperan-que-bonos-tematicos-lleguen-a-us-450-millones\/#primaryimage","url":"https:\/\/www.eldiario.net\/portal\/wp-content\/uploads\/2024\/06\/bono.jpg","contentUrl":"https:\/\/www.eldiario.net\/portal\/wp-content\/uploads\/2024\/06\/bono.jpg","width":1200,"height":800,"caption":"Un di\u00e1logo sobre las oportunidades que genera el lanzamiento del bono tem\u00e1tico."},{"@type":"BreadcrumbList","@id":"https:\/\/www.eldiario.net\/portal\/2024\/06\/23\/esperan-que-bonos-tematicos-lleguen-a-us-450-millones\/#breadcrumb","itemListElement":[{"@type":"ListItem","position":1,"name":"Portada","item":"https:\/\/www.eldiario.net\/portal\/"},{"@type":"ListItem","position":2,"name":"Esperan que bonos tem\u00e1ticos lleguen a $us 450 millones"}]},{"@type":"WebSite","@id":"https:\/\/www.eldiario.net\/portal\/#website","url":"https:\/\/www.eldiario.net\/portal\/","name":"El Diario - Decano de la prensa nacional","description":"El Diario - Decano de la prensa nacional","publisher":{"@id":"https:\/\/www.eldiario.net\/portal\/#organization"},"potentialAction":[{"@type":"SearchAction","target":{"@type":"EntryPoint","urlTemplate":"https:\/\/www.eldiario.net\/portal\/?s={search_term_string}"},"query-input":{"@type":"PropertyValueSpecification","valueRequired":true,"valueName":"search_term_string"}}],"inLanguage":"es"},{"@type":"Organization","@id":"https:\/\/www.eldiario.net\/portal\/#organization","name":"El Diario - Decano de la prensa nacional","url":"https:\/\/www.eldiario.net\/portal\/","logo":{"@type":"ImageObject","inLanguage":"es","@id":"https:\/\/www.eldiario.net\/portal\/#\/schema\/logo\/image\/","url":"https:\/\/www.eldiario.net\/portal\/wp-content\/uploads\/2023\/07\/logo_ED.jpg","contentUrl":"https:\/\/www.eldiario.net\/portal\/wp-content\/uploads\/2023\/07\/logo_ED.jpg","width":272,"height":52,"caption":"El Diario - Decano de la prensa nacional"},"image":{"@id":"https:\/\/www.eldiario.net\/portal\/#\/schema\/logo\/image\/"},"sameAs":["https:\/\/www.facebook.com\/eldiario.bolivia\/","https:\/\/x.com\/eldiario_net"]},{"@type":"Person","@id":"https:\/\/www.eldiario.net\/portal\/#\/schema\/person\/f46445640444750d7d753ccd04ae01b7","name":"Jeanette","image":{"@type":"ImageObject","inLanguage":"es","@id":"https:\/\/secure.gravatar.com\/avatar\/3ea2118a5f7dad2b7138b1187a6b7ee55f160b9968b66013c3a3ef39dd7e5798?s=96&d=mm&r=g","url":"https:\/\/secure.gravatar.com\/avatar\/3ea2118a5f7dad2b7138b1187a6b7ee55f160b9968b66013c3a3ef39dd7e5798?s=96&d=mm&r=g","contentUrl":"https:\/\/secure.gravatar.com\/avatar\/3ea2118a5f7dad2b7138b1187a6b7ee55f160b9968b66013c3a3ef39dd7e5798?s=96&d=mm&r=g","caption":"Jeanette"},"sameAs":["https:\/\/www.eldiario.net\/portal"],"url":"https:\/\/www.eldiario.net\/portal\/author\/jeanette\/"}]}},"_links":{"self":[{"href":"https:\/\/www.eldiario.net\/portal\/wp-json\/wp\/v2\/posts\/229134","targetHints":{"allow":["GET"]}}],"collection":[{"href":"https:\/\/www.eldiario.net\/portal\/wp-json\/wp\/v2\/posts"}],"about":[{"href":"https:\/\/www.eldiario.net\/portal\/wp-json\/wp\/v2\/types\/post"}],"author":[{"embeddable":true,"href":"https:\/\/www.eldiario.net\/portal\/wp-json\/wp\/v2\/users\/1"}],"replies":[{"embeddable":true,"href":"https:\/\/www.eldiario.net\/portal\/wp-json\/wp\/v2\/comments?post=229134"}],"version-history":[{"count":1,"href":"https:\/\/www.eldiario.net\/portal\/wp-json\/wp\/v2\/posts\/229134\/revisions"}],"predecessor-version":[{"id":229136,"href":"https:\/\/www.eldiario.net\/portal\/wp-json\/wp\/v2\/posts\/229134\/revisions\/229136"}],"wp:featuredmedia":[{"embeddable":true,"href":"https:\/\/www.eldiario.net\/portal\/wp-json\/wp\/v2\/media\/229135"}],"wp:attachment":[{"href":"https:\/\/www.eldiario.net\/portal\/wp-json\/wp\/v2\/media?parent=229134"}],"wp:term":[{"taxonomy":"category","embeddable":true,"href":"https:\/\/www.eldiario.net\/portal\/wp-json\/wp\/v2\/categories?post=229134"},{"taxonomy":"post_tag","embeddable":true,"href":"https:\/\/www.eldiario.net\/portal\/wp-json\/wp\/v2\/tags?post=229134"}],"curies":[{"name":"wp","href":"https:\/\/api.w.org\/{rel}","templated":true}]}}