{"id":229129,"date":"2024-06-23T06:03:28","date_gmt":"2024-06-23T10:03:28","guid":{"rendered":"https:\/\/www.eldiario.net\/portal\/?p=229129"},"modified":"2024-06-23T06:03:28","modified_gmt":"2024-06-23T10:03:28","slug":"cao-el-agro-es-la-solucion-para-la-crisis-economica","status":"publish","type":"post","link":"https:\/\/www.eldiario.net\/portal\/2024\/06\/23\/cao-el-agro-es-la-solucion-para-la-crisis-economica\/","title":{"rendered":"CAO: el agro es la soluci\u00f3n para la crisis econ\u00f3mica"},"content":{"rendered":"<p>La C\u00e1mara Agropecuaria del Oriente (CAO) representa los intereses del sector agropecuario en la regi\u00f3n oriental del pa\u00eds. Juega un papel fundamental en la promoci\u00f3n y defensa de los derechos y necesidades de los productores agr\u00edcolas y ganaderos orientales.<br \/>\nLa CAO act\u00faa como vocera y representante de los productores agropecuarios ante las autoridades gubernamentales, organizaciones internacionales y otros actores relevantes, defendiendo los intereses del sector y respondiendo a desaf\u00edos. Esta instituci\u00f3n trabaja para fomentar el desarrollo sostenible del sector agropecuario en la regi\u00f3n, impulsando pol\u00edticas y programas que favorezcan la producci\u00f3n agr\u00edcola y ganadera, la tecnificaci\u00f3n, la innovaci\u00f3n y la competitividad de los productores.<br \/>\nTambi\u00e9n ofrece asesor\u00eda, capacitaci\u00f3n y asistencia t\u00e9cnica a los productores asociados, para mejorar sus pr\u00e1cticas agr\u00edcolas y ganaderas, aumentar su productividad y rentabilidad, y promover la adopci\u00f3n de buenas pr\u00e1cticas ambientales. La CAO trabaja en conjunto con otras instituciones, empresas y organizaciones agropecuarias para generar sinergias, promover el intercambio de conocimientos y experiencias, y fortalecer la cadena productiva agropecuaria en la regi\u00f3n.<br \/>\nLa Misi\u00f3n de esta organizaci\u00f3n empresarial es \u201cpromover el desarrollo de las cadenas agroproductivas en el \u00e1mbito nacional, con capacidad de gesti\u00f3n para lograr la sostenibilidad de la unidad productiva de manera integrada con sus instituciones afiliadas\u201d. Su Visi\u00f3n plantea \u201cser la instituci\u00f3n l\u00edder, promotora del desarrollo alimentario y agropecuario, generadora del bienestar del sector agropecuario nacional\u201d.<br \/>\nEn un comunicado difundido a fines de abril de este a\u00f1o, la CAO remarca que el agro es la \u201csoluci\u00f3n para la crisis econ\u00f3mica\u201d en Bolivia, porque puede generar 1.000 millones de d\u00f3lares adicionales al a\u00f1o. Plante\u00f3 cinco pilares para generar estas divisas. Entre \u00e9stos, est\u00e1 el pedido de seguridad jur\u00eddica para evitar avasallamientos; aprobar un paquete tecnol\u00f3gico para la producci\u00f3n de alimentos, incluida la homologaci\u00f3n de semillas mejoradas o biotecnolog\u00eda para producir m\u00e1s y mejor en la misma superficie de tierras.<br \/>\nAdem\u00e1s, piden que el peque\u00f1o productor pueda, voluntariamente, hipotecar su terreno para invertir en tecnolog\u00eda. Y piden extremar los esfuerzos para controlar las fronteras y as\u00ed evitar el ingreso de productos de contrabando, \u201csensibles a nuestra producci\u00f3n\u201d.<br \/>\nLa CAO agrupa a 18 asociaciones de agricultores, pecuarios y agroindustrias, con m\u00e1s de 70 mil productores del departamento de Santa Cruz, de los cuales el 70% son peque\u00f1os productores, 24% medianos y 6% los grandes.<br \/>\nLa CAO fue fundada en 1964 y el 14 de octubre de este a\u00f1o celebrar\u00e1 sus 60 a\u00f1os de servicio al sector agropecuario cruce\u00f1o. A lo largo de estos a\u00f1os, se consolid\u00f3 como una instituci\u00f3n comprometida con el desarrollo del sector agropecuario, contribuyendo al progreso econ\u00f3mico y social de Santa Cruz y del pa\u00eds en su conjunto.<br \/>\nEl presidente de la CAO, Jos\u00e9 Luis Farah, manifest\u00f3 que este sector productivo es una gran familia, donde cada sector con identidad propia asume sus desaf\u00edos, los comparte y entre todos se ayudan a que se concrete, porque entienden que, si le va bien a uno, les va bien a todos.<br \/>\nEn la celebraci\u00f3n de su 59 aniversario, Farah fue enf\u00e1tico al afirmar: \u201cNuestro desaf\u00edo es avanzar sin complejos en una relaci\u00f3n de respeto mutuo con los diferentes niveles de gobierno, para que entiendan de una vez por todas que podemos ser la salvaci\u00f3n en momentos de crisis, cuando la tierra ya no da gas, la esperanza del pasado inmediato, o el litio, la esperanza futura, parece m\u00e1s un espejismo que un oasis\u201d.<br \/>\nNuestro pa\u00eds es el \u00fanico del continente muy retrasado en el uso de la biotecnolog\u00eda. Si queremos incrementar nuestra producci\u00f3n agr\u00edcola sin aumentar la superficie cultivada debemos recurrir a la biotecnolog\u00eda, como lo vine pidiendo la CAO hace a\u00f1os.<br \/>\nNuestras posibilidades en este sector de la econom\u00eda son grandes. Otro reciente ejemplo es que Bolivia ya es uno de los pa\u00edses exportadores de gen\u00e9tica bovina de alta calidad, referente en razas cebuinas a escala latinoamericana, para la producci\u00f3n de carne y leche. Brasil, Ecuador, M\u00e9xico y Cuba son los mercados de exportaci\u00f3n de animales vivos y embriones bolivianos.<br \/>\nLos empresarios, desde el sector productivo, podemos garantizar la seguridad alimentaria en los hogares bolivianos y traer las divisas que el pa\u00eds necesita. Solo necesitamos seguridad jur\u00eddica con reglas claras y que se abran mercados para la exportaci\u00f3n de los excedentes y sostener un proceso de industrializaci\u00f3n, que sea el marco para que los sectores p\u00fablico y privado puedan andar juntos buscando un mejor vivir para todos.<br \/>\nEl trabajo conjunto entre Gobierno y empresarios es esencial para enfrentar los desaf\u00edos y construir un futuro mejor para todos los bolivianos.<\/p>\n<p>El autor es economista, Acad\u00e9mico de N\u00famero de la ABCE y Presidente de la FEPLP.<\/p>\n","protected":false},"excerpt":{"rendered":"<p>La C\u00e1mara Agropecuaria del Oriente (CAO) representa los intereses del sector agropecuario en la regi\u00f3n oriental del pa\u00eds. Juega un papel fundamental en la promoci\u00f3n y defensa de los derechos y necesidades de los productores agr\u00edcolas y ganaderos orientales. La CAO act\u00faa como vocera y representante de los productores agropecuarios ante las autoridades gubernamentales, organizaciones [&hellip;]<\/p>\n","protected":false},"author":1,"featured_media":158113,"comment_status":"open","ping_status":"open","sticky":false,"template":"","format":"standard","meta":{"_acf_changed":false,"footnotes":""},"categories":[9],"tags":[],"class_list":["post-229129","post","type-post","status-publish","format-standard","has-post-thumbnail","category-opinion"],"acf":{"antetitulo":""},"yoast_head":"<!-- This site is optimized with the Yoast SEO plugin v28.4 - https:\/\/yoast.com\/product\/yoast-seo-wordpress\/ -->\n<title>CAO: el agro es la soluci\u00f3n para la crisis econ\u00f3mica - El Diario - Bolivia<\/title>\n<meta name=\"robots\" content=\"index, follow, max-snippet:-1, max-image-preview:large, max-video-preview:-1\" \/>\n<link rel=\"canonical\" href=\"https:\/\/www.eldiario.net\/portal\/2024\/06\/23\/cao-el-agro-es-la-solucion-para-la-crisis-economica\/\" \/>\n<meta property=\"og:locale\" content=\"es_ES\" \/>\n<meta property=\"og:type\" content=\"article\" \/>\n<meta property=\"og:title\" content=\"CAO: el agro es la soluci\u00f3n para la crisis econ\u00f3mica - El Diario - Bolivia\" \/>\n<meta property=\"og:description\" content=\"La C\u00e1mara Agropecuaria del Oriente (CAO) representa los intereses del sector agropecuario en la regi\u00f3n oriental del pa\u00eds. Juega un papel fundamental en la promoci\u00f3n y defensa de los derechos y necesidades de los productores agr\u00edcolas y ganaderos orientales. La CAO act\u00faa como vocera y representante de los productores agropecuarios ante las autoridades gubernamentales, organizaciones [&hellip;]\" \/>\n<meta property=\"og:url\" content=\"https:\/\/www.eldiario.net\/portal\/2024\/06\/23\/cao-el-agro-es-la-solucion-para-la-crisis-economica\/\" \/>\n<meta property=\"og:site_name\" content=\"El Diario - Bolivia\" \/>\n<meta property=\"article:publisher\" content=\"https:\/\/www.facebook.com\/eldiario.bolivia\/\" \/>\n<meta property=\"article:published_time\" content=\"2024-06-23T10:03:28+00:00\" \/>\n<meta property=\"og:image\" content=\"https:\/\/www.eldiario.net\/portal\/wp-content\/uploads\/2023\/06\/Rolando-Kempff-Bacigalupo2.jpg\" \/>\n\t<meta property=\"og:image:width\" content=\"1200\" \/>\n\t<meta property=\"og:image:height\" content=\"628\" \/>\n\t<meta property=\"og:image:type\" content=\"image\/jpeg\" \/>\n<meta name=\"author\" content=\"Jeanette\" \/>\n<meta name=\"twitter:card\" content=\"summary_large_image\" \/>\n<meta name=\"twitter:creator\" content=\"@eldiario_net\" \/>\n<meta name=\"twitter:site\" content=\"@eldiario_net\" \/>\n<meta name=\"twitter:label1\" content=\"Escrito por\" \/>\n\t<meta name=\"twitter:data1\" content=\"Jeanette\" \/>\n\t<meta name=\"twitter:label2\" content=\"Tiempo de lectura\" \/>\n\t<meta name=\"twitter:data2\" content=\"4 minutos\" \/>\n<script type=\"application\/ld+json\" class=\"yoast-schema-graph\">{\"@context\":\"https:\\\/\\\/schema.org\",\"@graph\":[{\"@type\":\"Article\",\"@id\":\"https:\\\/\\\/www.eldiario.net\\\/portal\\\/2024\\\/06\\\/23\\\/cao-el-agro-es-la-solucion-para-la-crisis-economica\\\/#article\",\"isPartOf\":{\"@id\":\"https:\\\/\\\/www.eldiario.net\\\/portal\\\/2024\\\/06\\\/23\\\/cao-el-agro-es-la-solucion-para-la-crisis-economica\\\/\"},\"author\":{\"name\":\"Jeanette\",\"@id\":\"https:\\\/\\\/www.eldiario.net\\\/portal\\\/#\\\/schema\\\/person\\\/f46445640444750d7d753ccd04ae01b7\"},\"headline\":\"CAO: el agro es la soluci\u00f3n para la crisis econ\u00f3mica\",\"datePublished\":\"2024-06-23T10:03:28+00:00\",\"mainEntityOfPage\":{\"@id\":\"https:\\\/\\\/www.eldiario.net\\\/portal\\\/2024\\\/06\\\/23\\\/cao-el-agro-es-la-solucion-para-la-crisis-economica\\\/\"},\"wordCount\":842,\"commentCount\":0,\"publisher\":{\"@id\":\"https:\\\/\\\/www.eldiario.net\\\/portal\\\/#organization\"},\"image\":{\"@id\":\"https:\\\/\\\/www.eldiario.net\\\/portal\\\/2024\\\/06\\\/23\\\/cao-el-agro-es-la-solucion-para-la-crisis-economica\\\/#primaryimage\"},\"thumbnailUrl\":\"https:\\\/\\\/www.eldiario.net\\\/portal\\\/wp-content\\\/uploads\\\/2023\\\/06\\\/Rolando-Kempff-Bacigalupo2.jpg\",\"articleSection\":[\"Opini\u00f3n\"],\"inLanguage\":\"es\",\"potentialAction\":[{\"@type\":\"CommentAction\",\"name\":\"Comment\",\"target\":[\"https:\\\/\\\/www.eldiario.net\\\/portal\\\/2024\\\/06\\\/23\\\/cao-el-agro-es-la-solucion-para-la-crisis-economica\\\/#respond\"]}]},{\"@type\":\"WebPage\",\"@id\":\"https:\\\/\\\/www.eldiario.net\\\/portal\\\/2024\\\/06\\\/23\\\/cao-el-agro-es-la-solucion-para-la-crisis-economica\\\/\",\"url\":\"https:\\\/\\\/www.eldiario.net\\\/portal\\\/2024\\\/06\\\/23\\\/cao-el-agro-es-la-solucion-para-la-crisis-economica\\\/\",\"name\":\"CAO: el agro es la soluci\u00f3n para la crisis econ\u00f3mica - El Diario - Bolivia\",\"isPartOf\":{\"@id\":\"https:\\\/\\\/www.eldiario.net\\\/portal\\\/#website\"},\"primaryImageOfPage\":{\"@id\":\"https:\\\/\\\/www.eldiario.net\\\/portal\\\/2024\\\/06\\\/23\\\/cao-el-agro-es-la-solucion-para-la-crisis-economica\\\/#primaryimage\"},\"image\":{\"@id\":\"https:\\\/\\\/www.eldiario.net\\\/portal\\\/2024\\\/06\\\/23\\\/cao-el-agro-es-la-solucion-para-la-crisis-economica\\\/#primaryimage\"},\"thumbnailUrl\":\"https:\\\/\\\/www.eldiario.net\\\/portal\\\/wp-content\\\/uploads\\\/2023\\\/06\\\/Rolando-Kempff-Bacigalupo2.jpg\",\"datePublished\":\"2024-06-23T10:03:28+00:00\",\"breadcrumb\":{\"@id\":\"https:\\\/\\\/www.eldiario.net\\\/portal\\\/2024\\\/06\\\/23\\\/cao-el-agro-es-la-solucion-para-la-crisis-economica\\\/#breadcrumb\"},\"inLanguage\":\"es\",\"potentialAction\":[{\"@type\":\"ReadAction\",\"target\":[\"https:\\\/\\\/www.eldiario.net\\\/portal\\\/2024\\\/06\\\/23\\\/cao-el-agro-es-la-solucion-para-la-crisis-economica\\\/\"]}]},{\"@type\":\"ImageObject\",\"inLanguage\":\"es\",\"@id\":\"https:\\\/\\\/www.eldiario.net\\\/portal\\\/2024\\\/06\\\/23\\\/cao-el-agro-es-la-solucion-para-la-crisis-economica\\\/#primaryimage\",\"url\":\"https:\\\/\\\/www.eldiario.net\\\/portal\\\/wp-content\\\/uploads\\\/2023\\\/06\\\/Rolando-Kempff-Bacigalupo2.jpg\",\"contentUrl\":\"https:\\\/\\\/www.eldiario.net\\\/portal\\\/wp-content\\\/uploads\\\/2023\\\/06\\\/Rolando-Kempff-Bacigalupo2.jpg\",\"width\":1200,\"height\":628},{\"@type\":\"BreadcrumbList\",\"@id\":\"https:\\\/\\\/www.eldiario.net\\\/portal\\\/2024\\\/06\\\/23\\\/cao-el-agro-es-la-solucion-para-la-crisis-economica\\\/#breadcrumb\",\"itemListElement\":[{\"@type\":\"ListItem\",\"position\":1,\"name\":\"Portada\",\"item\":\"https:\\\/\\\/www.eldiario.net\\\/portal\\\/\"},{\"@type\":\"ListItem\",\"position\":2,\"name\":\"CAO: el agro es la soluci\u00f3n para la crisis econ\u00f3mica\"}]},{\"@type\":\"WebSite\",\"@id\":\"https:\\\/\\\/www.eldiario.net\\\/portal\\\/#website\",\"url\":\"https:\\\/\\\/www.eldiario.net\\\/portal\\\/\",\"name\":\"El Diario - Decano de la prensa nacional\",\"description\":\"El Diario - Decano de la prensa nacional\",\"publisher\":{\"@id\":\"https:\\\/\\\/www.eldiario.net\\\/portal\\\/#organization\"},\"potentialAction\":[{\"@type\":\"SearchAction\",\"target\":{\"@type\":\"EntryPoint\",\"urlTemplate\":\"https:\\\/\\\/www.eldiario.net\\\/portal\\\/?s={search_term_string}\"},\"query-input\":{\"@type\":\"PropertyValueSpecification\",\"valueRequired\":true,\"valueName\":\"search_term_string\"}}],\"inLanguage\":\"es\"},{\"@type\":\"Organization\",\"@id\":\"https:\\\/\\\/www.eldiario.net\\\/portal\\\/#organization\",\"name\":\"El Diario - Decano de la prensa nacional\",\"url\":\"https:\\\/\\\/www.eldiario.net\\\/portal\\\/\",\"logo\":{\"@type\":\"ImageObject\",\"inLanguage\":\"es\",\"@id\":\"https:\\\/\\\/www.eldiario.net\\\/portal\\\/#\\\/schema\\\/logo\\\/image\\\/\",\"url\":\"https:\\\/\\\/www.eldiario.net\\\/portal\\\/wp-content\\\/uploads\\\/2023\\\/07\\\/logo_ED.jpg\",\"contentUrl\":\"https:\\\/\\\/www.eldiario.net\\\/portal\\\/wp-content\\\/uploads\\\/2023\\\/07\\\/logo_ED.jpg\",\"width\":272,\"height\":52,\"caption\":\"El Diario - Decano de la prensa nacional\"},\"image\":{\"@id\":\"https:\\\/\\\/www.eldiario.net\\\/portal\\\/#\\\/schema\\\/logo\\\/image\\\/\"},\"sameAs\":[\"https:\\\/\\\/www.facebook.com\\\/eldiario.bolivia\\\/\",\"https:\\\/\\\/x.com\\\/eldiario_net\"]},{\"@type\":\"Person\",\"@id\":\"https:\\\/\\\/www.eldiario.net\\\/portal\\\/#\\\/schema\\\/person\\\/f46445640444750d7d753ccd04ae01b7\",\"name\":\"Jeanette\",\"image\":{\"@type\":\"ImageObject\",\"inLanguage\":\"es\",\"@id\":\"https:\\\/\\\/secure.gravatar.com\\\/avatar\\\/3ea2118a5f7dad2b7138b1187a6b7ee55f160b9968b66013c3a3ef39dd7e5798?s=96&d=mm&r=g\",\"url\":\"https:\\\/\\\/secure.gravatar.com\\\/avatar\\\/3ea2118a5f7dad2b7138b1187a6b7ee55f160b9968b66013c3a3ef39dd7e5798?s=96&d=mm&r=g\",\"contentUrl\":\"https:\\\/\\\/secure.gravatar.com\\\/avatar\\\/3ea2118a5f7dad2b7138b1187a6b7ee55f160b9968b66013c3a3ef39dd7e5798?s=96&d=mm&r=g\",\"caption\":\"Jeanette\"},\"sameAs\":[\"https:\\\/\\\/www.eldiario.net\\\/portal\"],\"url\":\"https:\\\/\\\/www.eldiario.net\\\/portal\\\/author\\\/jeanette\\\/\"}]}<\/script>\n<!-- \/ Yoast SEO plugin. -->","yoast_head_json":{"title":"CAO: el agro es la soluci\u00f3n para la crisis econ\u00f3mica - El Diario - Bolivia","robots":{"index":"index","follow":"follow","max-snippet":"max-snippet:-1","max-image-preview":"max-image-preview:large","max-video-preview":"max-video-preview:-1"},"canonical":"https:\/\/www.eldiario.net\/portal\/2024\/06\/23\/cao-el-agro-es-la-solucion-para-la-crisis-economica\/","og_locale":"es_ES","og_type":"article","og_title":"CAO: el agro es la soluci\u00f3n para la crisis econ\u00f3mica - El Diario - Bolivia","og_description":"La C\u00e1mara Agropecuaria del Oriente (CAO) representa los intereses del sector agropecuario en la regi\u00f3n oriental del pa\u00eds. Juega un papel fundamental en la promoci\u00f3n y defensa de los derechos y necesidades de los productores agr\u00edcolas y ganaderos orientales. La CAO act\u00faa como vocera y representante de los productores agropecuarios ante las autoridades gubernamentales, organizaciones [&hellip;]","og_url":"https:\/\/www.eldiario.net\/portal\/2024\/06\/23\/cao-el-agro-es-la-solucion-para-la-crisis-economica\/","og_site_name":"El Diario - Bolivia","article_publisher":"https:\/\/www.facebook.com\/eldiario.bolivia\/","article_published_time":"2024-06-23T10:03:28+00:00","og_image":[{"width":1200,"height":628,"url":"https:\/\/www.eldiario.net\/portal\/wp-content\/uploads\/2023\/06\/Rolando-Kempff-Bacigalupo2.jpg","type":"image\/jpeg"}],"author":"Jeanette","twitter_card":"summary_large_image","twitter_creator":"@eldiario_net","twitter_site":"@eldiario_net","twitter_misc":{"Escrito por":"Jeanette","Tiempo de lectura":"4 minutos"},"schema":{"@context":"https:\/\/schema.org","@graph":[{"@type":"Article","@id":"https:\/\/www.eldiario.net\/portal\/2024\/06\/23\/cao-el-agro-es-la-solucion-para-la-crisis-economica\/#article","isPartOf":{"@id":"https:\/\/www.eldiario.net\/portal\/2024\/06\/23\/cao-el-agro-es-la-solucion-para-la-crisis-economica\/"},"author":{"name":"Jeanette","@id":"https:\/\/www.eldiario.net\/portal\/#\/schema\/person\/f46445640444750d7d753ccd04ae01b7"},"headline":"CAO: el agro es la soluci\u00f3n para la crisis econ\u00f3mica","datePublished":"2024-06-23T10:03:28+00:00","mainEntityOfPage":{"@id":"https:\/\/www.eldiario.net\/portal\/2024\/06\/23\/cao-el-agro-es-la-solucion-para-la-crisis-economica\/"},"wordCount":842,"commentCount":0,"publisher":{"@id":"https:\/\/www.eldiario.net\/portal\/#organization"},"image":{"@id":"https:\/\/www.eldiario.net\/portal\/2024\/06\/23\/cao-el-agro-es-la-solucion-para-la-crisis-economica\/#primaryimage"},"thumbnailUrl":"https:\/\/www.eldiario.net\/portal\/wp-content\/uploads\/2023\/06\/Rolando-Kempff-Bacigalupo2.jpg","articleSection":["Opini\u00f3n"],"inLanguage":"es","potentialAction":[{"@type":"CommentAction","name":"Comment","target":["https:\/\/www.eldiario.net\/portal\/2024\/06\/23\/cao-el-agro-es-la-solucion-para-la-crisis-economica\/#respond"]}]},{"@type":"WebPage","@id":"https:\/\/www.eldiario.net\/portal\/2024\/06\/23\/cao-el-agro-es-la-solucion-para-la-crisis-economica\/","url":"https:\/\/www.eldiario.net\/portal\/2024\/06\/23\/cao-el-agro-es-la-solucion-para-la-crisis-economica\/","name":"CAO: el agro es la soluci\u00f3n para la crisis econ\u00f3mica - El Diario - Bolivia","isPartOf":{"@id":"https:\/\/www.eldiario.net\/portal\/#website"},"primaryImageOfPage":{"@id":"https:\/\/www.eldiario.net\/portal\/2024\/06\/23\/cao-el-agro-es-la-solucion-para-la-crisis-economica\/#primaryimage"},"image":{"@id":"https:\/\/www.eldiario.net\/portal\/2024\/06\/23\/cao-el-agro-es-la-solucion-para-la-crisis-economica\/#primaryimage"},"thumbnailUrl":"https:\/\/www.eldiario.net\/portal\/wp-content\/uploads\/2023\/06\/Rolando-Kempff-Bacigalupo2.jpg","datePublished":"2024-06-23T10:03:28+00:00","breadcrumb":{"@id":"https:\/\/www.eldiario.net\/portal\/2024\/06\/23\/cao-el-agro-es-la-solucion-para-la-crisis-economica\/#breadcrumb"},"inLanguage":"es","potentialAction":[{"@type":"ReadAction","target":["https:\/\/www.eldiario.net\/portal\/2024\/06\/23\/cao-el-agro-es-la-solucion-para-la-crisis-economica\/"]}]},{"@type":"ImageObject","inLanguage":"es","@id":"https:\/\/www.eldiario.net\/portal\/2024\/06\/23\/cao-el-agro-es-la-solucion-para-la-crisis-economica\/#primaryimage","url":"https:\/\/www.eldiario.net\/portal\/wp-content\/uploads\/2023\/06\/Rolando-Kempff-Bacigalupo2.jpg","contentUrl":"https:\/\/www.eldiario.net\/portal\/wp-content\/uploads\/2023\/06\/Rolando-Kempff-Bacigalupo2.jpg","width":1200,"height":628},{"@type":"BreadcrumbList","@id":"https:\/\/www.eldiario.net\/portal\/2024\/06\/23\/cao-el-agro-es-la-solucion-para-la-crisis-economica\/#breadcrumb","itemListElement":[{"@type":"ListItem","position":1,"name":"Portada","item":"https:\/\/www.eldiario.net\/portal\/"},{"@type":"ListItem","position":2,"name":"CAO: el agro es la soluci\u00f3n para la crisis econ\u00f3mica"}]},{"@type":"WebSite","@id":"https:\/\/www.eldiario.net\/portal\/#website","url":"https:\/\/www.eldiario.net\/portal\/","name":"El Diario - Decano de la prensa nacional","description":"El Diario - Decano de la prensa nacional","publisher":{"@id":"https:\/\/www.eldiario.net\/portal\/#organization"},"potentialAction":[{"@type":"SearchAction","target":{"@type":"EntryPoint","urlTemplate":"https:\/\/www.eldiario.net\/portal\/?s={search_term_string}"},"query-input":{"@type":"PropertyValueSpecification","valueRequired":true,"valueName":"search_term_string"}}],"inLanguage":"es"},{"@type":"Organization","@id":"https:\/\/www.eldiario.net\/portal\/#organization","name":"El Diario - Decano de la prensa nacional","url":"https:\/\/www.eldiario.net\/portal\/","logo":{"@type":"ImageObject","inLanguage":"es","@id":"https:\/\/www.eldiario.net\/portal\/#\/schema\/logo\/image\/","url":"https:\/\/www.eldiario.net\/portal\/wp-content\/uploads\/2023\/07\/logo_ED.jpg","contentUrl":"https:\/\/www.eldiario.net\/portal\/wp-content\/uploads\/2023\/07\/logo_ED.jpg","width":272,"height":52,"caption":"El Diario - Decano de la prensa nacional"},"image":{"@id":"https:\/\/www.eldiario.net\/portal\/#\/schema\/logo\/image\/"},"sameAs":["https:\/\/www.facebook.com\/eldiario.bolivia\/","https:\/\/x.com\/eldiario_net"]},{"@type":"Person","@id":"https:\/\/www.eldiario.net\/portal\/#\/schema\/person\/f46445640444750d7d753ccd04ae01b7","name":"Jeanette","image":{"@type":"ImageObject","inLanguage":"es","@id":"https:\/\/secure.gravatar.com\/avatar\/3ea2118a5f7dad2b7138b1187a6b7ee55f160b9968b66013c3a3ef39dd7e5798?s=96&d=mm&r=g","url":"https:\/\/secure.gravatar.com\/avatar\/3ea2118a5f7dad2b7138b1187a6b7ee55f160b9968b66013c3a3ef39dd7e5798?s=96&d=mm&r=g","contentUrl":"https:\/\/secure.gravatar.com\/avatar\/3ea2118a5f7dad2b7138b1187a6b7ee55f160b9968b66013c3a3ef39dd7e5798?s=96&d=mm&r=g","caption":"Jeanette"},"sameAs":["https:\/\/www.eldiario.net\/portal"],"url":"https:\/\/www.eldiario.net\/portal\/author\/jeanette\/"}]}},"_links":{"self":[{"href":"https:\/\/www.eldiario.net\/portal\/wp-json\/wp\/v2\/posts\/229129","targetHints":{"allow":["GET"]}}],"collection":[{"href":"https:\/\/www.eldiario.net\/portal\/wp-json\/wp\/v2\/posts"}],"about":[{"href":"https:\/\/www.eldiario.net\/portal\/wp-json\/wp\/v2\/types\/post"}],"author":[{"embeddable":true,"href":"https:\/\/www.eldiario.net\/portal\/wp-json\/wp\/v2\/users\/1"}],"replies":[{"embeddable":true,"href":"https:\/\/www.eldiario.net\/portal\/wp-json\/wp\/v2\/comments?post=229129"}],"version-history":[{"count":1,"href":"https:\/\/www.eldiario.net\/portal\/wp-json\/wp\/v2\/posts\/229129\/revisions"}],"predecessor-version":[{"id":229130,"href":"https:\/\/www.eldiario.net\/portal\/wp-json\/wp\/v2\/posts\/229129\/revisions\/229130"}],"wp:featuredmedia":[{"embeddable":true,"href":"https:\/\/www.eldiario.net\/portal\/wp-json\/wp\/v2\/media\/158113"}],"wp:attachment":[{"href":"https:\/\/www.eldiario.net\/portal\/wp-json\/wp\/v2\/media?parent=229129"}],"wp:term":[{"taxonomy":"category","embeddable":true,"href":"https:\/\/www.eldiario.net\/portal\/wp-json\/wp\/v2\/categories?post=229129"},{"taxonomy":"post_tag","embeddable":true,"href":"https:\/\/www.eldiario.net\/portal\/wp-json\/wp\/v2\/tags?post=229129"}],"curies":[{"name":"wp","href":"https:\/\/api.w.org\/{rel}","templated":true}]}}