{"id":229113,"date":"2024-06-23T05:59:15","date_gmt":"2024-06-23T09:59:15","guid":{"rendered":"https:\/\/www.eldiario.net\/portal\/?p=229113"},"modified":"2024-06-23T05:59:15","modified_gmt":"2024-06-23T09:59:15","slug":"inundaciones-en-china-dejan-47-fallecidos-y-dos-desaparecidos","status":"publish","type":"post","link":"https:\/\/www.eldiario.net\/portal\/2024\/06\/23\/inundaciones-en-china-dejan-47-fallecidos-y-dos-desaparecidos\/","title":{"rendered":"Inundaciones en China dejan 47  fallecidos y dos desaparecidos"},"content":{"rendered":"<p>Al menos 47 personas fallecieron y dos se encuentran desaparecidas tras las \u00faltimas inundaciones por las lluvias torrenciales que sacudieron el sur de China, en particular a la provincia de Cant\u00f3n y la regi\u00f3n aut\u00f3noma de Guangxi, seg\u00fan el \u00faltimo balance publicado por medios oficiales del pa\u00eds.<br \/>\nDe esta manera 38 fallecidos fueron identificados en solo un condado de Cant\u00f3n, el de Pingyuan, y otras nueve personas tambi\u00e9n identificadas en Meizhou, pero el balance publicado por la agencia oficial de noticias china, Xinhua, y la cadena estatal de TV, CCTV, podr\u00eda aumentar en las pr\u00f3ximas horas a la espera de conocer el coste en vidas de las inundaciones en otras regiones del sur del pa\u00eds, como Fujian, debido a que la b\u00fasqueda de desaparecidos y posibles fallecidos contin\u00faan en las diferentes regiones afectadas.<br \/>\nSeg\u00fan las estad\u00edsticas preliminares de las autoridades locales, aproximadamente 55.300 habitantes del condado se vieron afectados de una forma u otra por las inundaciones, que lograron provocar el colapso de 2.247 domicilios y da\u00f1os materiales por un valor de aproximadamente 800 millones de euros, montos y da\u00f1os materiales que todav\u00eda se contin\u00faan cuantificando.<br \/>\nAdem\u00e1s, las autoridades del condado tambi\u00e9n constataron da\u00f1os catastr\u00f3ficos en 697 carreteras de la zona, los cuales afectaron en el transporte a otras poblaciones aleda\u00f1as perjudicando a los pobladores de estas regiones, en 111 puentes, en 651 kil\u00f3metros de l\u00edneas de comunicaci\u00f3n y 450 estaciones de suministro el\u00e9ctrico.<br \/>\nLa ciudad de Guilin, en Guanxi, uno de los principales puntos tur\u00edsticos de la regi\u00f3n, se encuentra particularmente afectada por las inundaciones m\u00e1s graves registradas desde 1998. El r\u00edo Lijiang, que atraviesa la ciudad, creci\u00f3 s\u00fabitamente el pasado mi\u00e9rcoles 2,5 metros por encima del nivel de alerta m\u00e1xima, inundando la principal zona urbana de la ciudad.<br \/>\nLos pron\u00f3sticos aventuran horas dif\u00edciles a lo largo del fin de semana, con lluvias entre moderadas y fuertes que comenzaron desde el pasado viernes y proseguir\u00e1n hasta el pr\u00f3ximo lunes, de acuerdo a los pron\u00f3sticos. (Europa Press)<\/p>\n","protected":false},"excerpt":{"rendered":"<p>Al menos 47 personas fallecieron y dos se encuentran desaparecidas tras las \u00faltimas inundaciones por las lluvias torrenciales que sacudieron el sur de China, en particular a la provincia de Cant\u00f3n y la regi\u00f3n aut\u00f3noma de Guangxi, seg\u00fan el \u00faltimo balance publicado por medios oficiales del pa\u00eds. De esta manera 38 fallecidos fueron identificados en [&hellip;]<\/p>\n","protected":false},"author":1,"featured_media":229114,"comment_status":"open","ping_status":"open","sticky":false,"template":"","format":"standard","meta":{"_acf_changed":false,"footnotes":""},"categories":[3],"tags":[],"class_list":["post-229113","post","type-post","status-publish","format-standard","has-post-thumbnail","category-internacional"],"acf":{"antetitulo":"Seg\u00fan los \u00faltimos balances "},"yoast_head":"<!-- This site is optimized with the Yoast SEO plugin v28.4 - https:\/\/yoast.com\/product\/yoast-seo-wordpress\/ -->\n<title>Inundaciones en China dejan 47 fallecidos y dos desaparecidos - El Diario - Bolivia<\/title>\n<meta name=\"robots\" content=\"index, follow, max-snippet:-1, max-image-preview:large, max-video-preview:-1\" \/>\n<link rel=\"canonical\" href=\"https:\/\/www.eldiario.net\/portal\/2024\/06\/23\/inundaciones-en-china-dejan-47-fallecidos-y-dos-desaparecidos\/\" \/>\n<meta property=\"og:locale\" content=\"es_ES\" \/>\n<meta property=\"og:type\" content=\"article\" \/>\n<meta property=\"og:title\" content=\"Inundaciones en China dejan 47 fallecidos y dos desaparecidos - El Diario - Bolivia\" \/>\n<meta property=\"og:description\" content=\"Al menos 47 personas fallecieron y dos se encuentran desaparecidas tras las \u00faltimas inundaciones por las lluvias torrenciales que sacudieron el sur de China, en particular a la provincia de Cant\u00f3n y la regi\u00f3n aut\u00f3noma de Guangxi, seg\u00fan el \u00faltimo balance publicado por medios oficiales del pa\u00eds. De esta manera 38 fallecidos fueron identificados en [&hellip;]\" \/>\n<meta property=\"og:url\" content=\"https:\/\/www.eldiario.net\/portal\/2024\/06\/23\/inundaciones-en-china-dejan-47-fallecidos-y-dos-desaparecidos\/\" \/>\n<meta property=\"og:site_name\" content=\"El Diario - Bolivia\" \/>\n<meta property=\"article:publisher\" content=\"https:\/\/www.facebook.com\/eldiario.bolivia\/\" \/>\n<meta property=\"article:published_time\" content=\"2024-06-23T09:59:15+00:00\" \/>\n<meta property=\"og:image\" content=\"https:\/\/www.eldiario.net\/portal\/wp-content\/uploads\/2024\/06\/AGUAS-1.jpg\" \/>\n\t<meta property=\"og:image:width\" content=\"1200\" \/>\n\t<meta property=\"og:image:height\" content=\"770\" \/>\n\t<meta property=\"og:image:type\" content=\"image\/jpeg\" \/>\n<meta name=\"author\" content=\"Jeanette\" \/>\n<meta name=\"twitter:card\" content=\"summary_large_image\" \/>\n<meta name=\"twitter:creator\" content=\"@eldiario_net\" \/>\n<meta name=\"twitter:site\" content=\"@eldiario_net\" \/>\n<meta name=\"twitter:label1\" content=\"Escrito por\" \/>\n\t<meta name=\"twitter:data1\" content=\"Jeanette\" \/>\n\t<meta name=\"twitter:label2\" content=\"Tiempo de lectura\" \/>\n\t<meta name=\"twitter:data2\" content=\"2 minutos\" \/>\n<script type=\"application\/ld+json\" class=\"yoast-schema-graph\">{\"@context\":\"https:\\\/\\\/schema.org\",\"@graph\":[{\"@type\":\"Article\",\"@id\":\"https:\\\/\\\/www.eldiario.net\\\/portal\\\/2024\\\/06\\\/23\\\/inundaciones-en-china-dejan-47-fallecidos-y-dos-desaparecidos\\\/#article\",\"isPartOf\":{\"@id\":\"https:\\\/\\\/www.eldiario.net\\\/portal\\\/2024\\\/06\\\/23\\\/inundaciones-en-china-dejan-47-fallecidos-y-dos-desaparecidos\\\/\"},\"author\":{\"name\":\"Jeanette\",\"@id\":\"https:\\\/\\\/www.eldiario.net\\\/portal\\\/#\\\/schema\\\/person\\\/2c57cf2b7a7ae032e449e4c9b1019eac\"},\"headline\":\"Inundaciones en China dejan 47 fallecidos y dos desaparecidos\",\"datePublished\":\"2024-06-23T09:59:15+00:00\",\"mainEntityOfPage\":{\"@id\":\"https:\\\/\\\/www.eldiario.net\\\/portal\\\/2024\\\/06\\\/23\\\/inundaciones-en-china-dejan-47-fallecidos-y-dos-desaparecidos\\\/\"},\"wordCount\":363,\"commentCount\":0,\"publisher\":{\"@id\":\"https:\\\/\\\/www.eldiario.net\\\/portal\\\/#organization\"},\"image\":{\"@id\":\"https:\\\/\\\/www.eldiario.net\\\/portal\\\/2024\\\/06\\\/23\\\/inundaciones-en-china-dejan-47-fallecidos-y-dos-desaparecidos\\\/#primaryimage\"},\"thumbnailUrl\":\"https:\\\/\\\/www.eldiario.net\\\/portal\\\/wp-content\\\/uploads\\\/2024\\\/06\\\/AGUAS-1.jpg\",\"articleSection\":[\"Internacional\"],\"inLanguage\":\"es\",\"potentialAction\":[{\"@type\":\"CommentAction\",\"name\":\"Comment\",\"target\":[\"https:\\\/\\\/www.eldiario.net\\\/portal\\\/2024\\\/06\\\/23\\\/inundaciones-en-china-dejan-47-fallecidos-y-dos-desaparecidos\\\/#respond\"]}]},{\"@type\":\"WebPage\",\"@id\":\"https:\\\/\\\/www.eldiario.net\\\/portal\\\/2024\\\/06\\\/23\\\/inundaciones-en-china-dejan-47-fallecidos-y-dos-desaparecidos\\\/\",\"url\":\"https:\\\/\\\/www.eldiario.net\\\/portal\\\/2024\\\/06\\\/23\\\/inundaciones-en-china-dejan-47-fallecidos-y-dos-desaparecidos\\\/\",\"name\":\"Inundaciones en China dejan 47 fallecidos y dos desaparecidos - El Diario - Bolivia\",\"isPartOf\":{\"@id\":\"https:\\\/\\\/www.eldiario.net\\\/portal\\\/#website\"},\"primaryImageOfPage\":{\"@id\":\"https:\\\/\\\/www.eldiario.net\\\/portal\\\/2024\\\/06\\\/23\\\/inundaciones-en-china-dejan-47-fallecidos-y-dos-desaparecidos\\\/#primaryimage\"},\"image\":{\"@id\":\"https:\\\/\\\/www.eldiario.net\\\/portal\\\/2024\\\/06\\\/23\\\/inundaciones-en-china-dejan-47-fallecidos-y-dos-desaparecidos\\\/#primaryimage\"},\"thumbnailUrl\":\"https:\\\/\\\/www.eldiario.net\\\/portal\\\/wp-content\\\/uploads\\\/2024\\\/06\\\/AGUAS-1.jpg\",\"datePublished\":\"2024-06-23T09:59:15+00:00\",\"breadcrumb\":{\"@id\":\"https:\\\/\\\/www.eldiario.net\\\/portal\\\/2024\\\/06\\\/23\\\/inundaciones-en-china-dejan-47-fallecidos-y-dos-desaparecidos\\\/#breadcrumb\"},\"inLanguage\":\"es\",\"potentialAction\":[{\"@type\":\"ReadAction\",\"target\":[\"https:\\\/\\\/www.eldiario.net\\\/portal\\\/2024\\\/06\\\/23\\\/inundaciones-en-china-dejan-47-fallecidos-y-dos-desaparecidos\\\/\"]}]},{\"@type\":\"ImageObject\",\"inLanguage\":\"es\",\"@id\":\"https:\\\/\\\/www.eldiario.net\\\/portal\\\/2024\\\/06\\\/23\\\/inundaciones-en-china-dejan-47-fallecidos-y-dos-desaparecidos\\\/#primaryimage\",\"url\":\"https:\\\/\\\/www.eldiario.net\\\/portal\\\/wp-content\\\/uploads\\\/2024\\\/06\\\/AGUAS-1.jpg\",\"contentUrl\":\"https:\\\/\\\/www.eldiario.net\\\/portal\\\/wp-content\\\/uploads\\\/2024\\\/06\\\/AGUAS-1.jpg\",\"width\":1200,\"height\":770,\"caption\":\"LA B\u00daSQUEDA DE DESAPARECIDOS Y POSIBLES FALLECIDOS CONTIN\u00daA. El Periodista\"},{\"@type\":\"BreadcrumbList\",\"@id\":\"https:\\\/\\\/www.eldiario.net\\\/portal\\\/2024\\\/06\\\/23\\\/inundaciones-en-china-dejan-47-fallecidos-y-dos-desaparecidos\\\/#breadcrumb\",\"itemListElement\":[{\"@type\":\"ListItem\",\"position\":1,\"name\":\"Portada\",\"item\":\"https:\\\/\\\/www.eldiario.net\\\/portal\\\/\"},{\"@type\":\"ListItem\",\"position\":2,\"name\":\"Inundaciones en China dejan 47 fallecidos y dos desaparecidos\"}]},{\"@type\":\"WebSite\",\"@id\":\"https:\\\/\\\/www.eldiario.net\\\/portal\\\/#website\",\"url\":\"https:\\\/\\\/www.eldiario.net\\\/portal\\\/\",\"name\":\"El Diario - Decano de la prensa nacional\",\"description\":\"El Diario - Decano de la prensa nacional\",\"publisher\":{\"@id\":\"https:\\\/\\\/www.eldiario.net\\\/portal\\\/#organization\"},\"potentialAction\":[{\"@type\":\"SearchAction\",\"target\":{\"@type\":\"EntryPoint\",\"urlTemplate\":\"https:\\\/\\\/www.eldiario.net\\\/portal\\\/?s={search_term_string}\"},\"query-input\":{\"@type\":\"PropertyValueSpecification\",\"valueRequired\":true,\"valueName\":\"search_term_string\"}}],\"inLanguage\":\"es\"},{\"@type\":\"Organization\",\"@id\":\"https:\\\/\\\/www.eldiario.net\\\/portal\\\/#organization\",\"name\":\"El Diario - Decano de la prensa nacional\",\"url\":\"https:\\\/\\\/www.eldiario.net\\\/portal\\\/\",\"logo\":{\"@type\":\"ImageObject\",\"inLanguage\":\"es\",\"@id\":\"https:\\\/\\\/www.eldiario.net\\\/portal\\\/#\\\/schema\\\/logo\\\/image\\\/\",\"url\":\"https:\\\/\\\/www.eldiario.net\\\/portal\\\/wp-content\\\/uploads\\\/2023\\\/07\\\/logo_ED.jpg\",\"contentUrl\":\"https:\\\/\\\/www.eldiario.net\\\/portal\\\/wp-content\\\/uploads\\\/2023\\\/07\\\/logo_ED.jpg\",\"width\":272,\"height\":52,\"caption\":\"El Diario - Decano de la prensa nacional\"},\"image\":{\"@id\":\"https:\\\/\\\/www.eldiario.net\\\/portal\\\/#\\\/schema\\\/logo\\\/image\\\/\"},\"sameAs\":[\"https:\\\/\\\/www.facebook.com\\\/eldiario.bolivia\\\/\",\"https:\\\/\\\/x.com\\\/eldiario_net\"]},{\"@type\":\"Person\",\"@id\":\"https:\\\/\\\/www.eldiario.net\\\/portal\\\/#\\\/schema\\\/person\\\/2c57cf2b7a7ae032e449e4c9b1019eac\",\"name\":\"Jeanette\",\"image\":{\"@type\":\"ImageObject\",\"inLanguage\":\"es\",\"@id\":\"https:\\\/\\\/secure.gravatar.com\\\/avatar\\\/3ea2118a5f7dad2b7138b1187a6b7ee55f160b9968b66013c3a3ef39dd7e5798?s=96&d=mm&r=g\",\"url\":\"https:\\\/\\\/secure.gravatar.com\\\/avatar\\\/3ea2118a5f7dad2b7138b1187a6b7ee55f160b9968b66013c3a3ef39dd7e5798?s=96&d=mm&r=g\",\"contentUrl\":\"https:\\\/\\\/secure.gravatar.com\\\/avatar\\\/3ea2118a5f7dad2b7138b1187a6b7ee55f160b9968b66013c3a3ef39dd7e5798?s=96&d=mm&r=g\",\"caption\":\"Jeanette\"},\"sameAs\":[\"https:\\\/\\\/www.eldiario.net\\\/portal\"],\"url\":\"https:\\\/\\\/www.eldiario.net\\\/portal\\\/author\\\/jeanette\\\/\"}]}<\/script>\n<!-- \/ Yoast SEO plugin. -->","yoast_head_json":{"title":"Inundaciones en China dejan 47 fallecidos y dos desaparecidos - El Diario - Bolivia","robots":{"index":"index","follow":"follow","max-snippet":"max-snippet:-1","max-image-preview":"max-image-preview:large","max-video-preview":"max-video-preview:-1"},"canonical":"https:\/\/www.eldiario.net\/portal\/2024\/06\/23\/inundaciones-en-china-dejan-47-fallecidos-y-dos-desaparecidos\/","og_locale":"es_ES","og_type":"article","og_title":"Inundaciones en China dejan 47 fallecidos y dos desaparecidos - El Diario - Bolivia","og_description":"Al menos 47 personas fallecieron y dos se encuentran desaparecidas tras las \u00faltimas inundaciones por las lluvias torrenciales que sacudieron el sur de China, en particular a la provincia de Cant\u00f3n y la regi\u00f3n aut\u00f3noma de Guangxi, seg\u00fan el \u00faltimo balance publicado por medios oficiales del pa\u00eds. De esta manera 38 fallecidos fueron identificados en [&hellip;]","og_url":"https:\/\/www.eldiario.net\/portal\/2024\/06\/23\/inundaciones-en-china-dejan-47-fallecidos-y-dos-desaparecidos\/","og_site_name":"El Diario - Bolivia","article_publisher":"https:\/\/www.facebook.com\/eldiario.bolivia\/","article_published_time":"2024-06-23T09:59:15+00:00","og_image":[{"width":1200,"height":770,"url":"https:\/\/www.eldiario.net\/portal\/wp-content\/uploads\/2024\/06\/AGUAS-1.jpg","type":"image\/jpeg"}],"author":"Jeanette","twitter_card":"summary_large_image","twitter_creator":"@eldiario_net","twitter_site":"@eldiario_net","twitter_misc":{"Escrito por":"Jeanette","Tiempo de lectura":"2 minutos"},"schema":{"@context":"https:\/\/schema.org","@graph":[{"@type":"Article","@id":"https:\/\/www.eldiario.net\/portal\/2024\/06\/23\/inundaciones-en-china-dejan-47-fallecidos-y-dos-desaparecidos\/#article","isPartOf":{"@id":"https:\/\/www.eldiario.net\/portal\/2024\/06\/23\/inundaciones-en-china-dejan-47-fallecidos-y-dos-desaparecidos\/"},"author":{"name":"Jeanette","@id":"https:\/\/www.eldiario.net\/portal\/#\/schema\/person\/2c57cf2b7a7ae032e449e4c9b1019eac"},"headline":"Inundaciones en China dejan 47 fallecidos y dos desaparecidos","datePublished":"2024-06-23T09:59:15+00:00","mainEntityOfPage":{"@id":"https:\/\/www.eldiario.net\/portal\/2024\/06\/23\/inundaciones-en-china-dejan-47-fallecidos-y-dos-desaparecidos\/"},"wordCount":363,"commentCount":0,"publisher":{"@id":"https:\/\/www.eldiario.net\/portal\/#organization"},"image":{"@id":"https:\/\/www.eldiario.net\/portal\/2024\/06\/23\/inundaciones-en-china-dejan-47-fallecidos-y-dos-desaparecidos\/#primaryimage"},"thumbnailUrl":"https:\/\/www.eldiario.net\/portal\/wp-content\/uploads\/2024\/06\/AGUAS-1.jpg","articleSection":["Internacional"],"inLanguage":"es","potentialAction":[{"@type":"CommentAction","name":"Comment","target":["https:\/\/www.eldiario.net\/portal\/2024\/06\/23\/inundaciones-en-china-dejan-47-fallecidos-y-dos-desaparecidos\/#respond"]}]},{"@type":"WebPage","@id":"https:\/\/www.eldiario.net\/portal\/2024\/06\/23\/inundaciones-en-china-dejan-47-fallecidos-y-dos-desaparecidos\/","url":"https:\/\/www.eldiario.net\/portal\/2024\/06\/23\/inundaciones-en-china-dejan-47-fallecidos-y-dos-desaparecidos\/","name":"Inundaciones en China dejan 47 fallecidos y dos desaparecidos - El Diario - Bolivia","isPartOf":{"@id":"https:\/\/www.eldiario.net\/portal\/#website"},"primaryImageOfPage":{"@id":"https:\/\/www.eldiario.net\/portal\/2024\/06\/23\/inundaciones-en-china-dejan-47-fallecidos-y-dos-desaparecidos\/#primaryimage"},"image":{"@id":"https:\/\/www.eldiario.net\/portal\/2024\/06\/23\/inundaciones-en-china-dejan-47-fallecidos-y-dos-desaparecidos\/#primaryimage"},"thumbnailUrl":"https:\/\/www.eldiario.net\/portal\/wp-content\/uploads\/2024\/06\/AGUAS-1.jpg","datePublished":"2024-06-23T09:59:15+00:00","breadcrumb":{"@id":"https:\/\/www.eldiario.net\/portal\/2024\/06\/23\/inundaciones-en-china-dejan-47-fallecidos-y-dos-desaparecidos\/#breadcrumb"},"inLanguage":"es","potentialAction":[{"@type":"ReadAction","target":["https:\/\/www.eldiario.net\/portal\/2024\/06\/23\/inundaciones-en-china-dejan-47-fallecidos-y-dos-desaparecidos\/"]}]},{"@type":"ImageObject","inLanguage":"es","@id":"https:\/\/www.eldiario.net\/portal\/2024\/06\/23\/inundaciones-en-china-dejan-47-fallecidos-y-dos-desaparecidos\/#primaryimage","url":"https:\/\/www.eldiario.net\/portal\/wp-content\/uploads\/2024\/06\/AGUAS-1.jpg","contentUrl":"https:\/\/www.eldiario.net\/portal\/wp-content\/uploads\/2024\/06\/AGUAS-1.jpg","width":1200,"height":770,"caption":"LA B\u00daSQUEDA DE DESAPARECIDOS Y POSIBLES FALLECIDOS CONTIN\u00daA. El Periodista"},{"@type":"BreadcrumbList","@id":"https:\/\/www.eldiario.net\/portal\/2024\/06\/23\/inundaciones-en-china-dejan-47-fallecidos-y-dos-desaparecidos\/#breadcrumb","itemListElement":[{"@type":"ListItem","position":1,"name":"Portada","item":"https:\/\/www.eldiario.net\/portal\/"},{"@type":"ListItem","position":2,"name":"Inundaciones en China dejan 47 fallecidos y dos desaparecidos"}]},{"@type":"WebSite","@id":"https:\/\/www.eldiario.net\/portal\/#website","url":"https:\/\/www.eldiario.net\/portal\/","name":"El Diario - Decano de la prensa nacional","description":"El Diario - Decano de la prensa nacional","publisher":{"@id":"https:\/\/www.eldiario.net\/portal\/#organization"},"potentialAction":[{"@type":"SearchAction","target":{"@type":"EntryPoint","urlTemplate":"https:\/\/www.eldiario.net\/portal\/?s={search_term_string}"},"query-input":{"@type":"PropertyValueSpecification","valueRequired":true,"valueName":"search_term_string"}}],"inLanguage":"es"},{"@type":"Organization","@id":"https:\/\/www.eldiario.net\/portal\/#organization","name":"El Diario - Decano de la prensa nacional","url":"https:\/\/www.eldiario.net\/portal\/","logo":{"@type":"ImageObject","inLanguage":"es","@id":"https:\/\/www.eldiario.net\/portal\/#\/schema\/logo\/image\/","url":"https:\/\/www.eldiario.net\/portal\/wp-content\/uploads\/2023\/07\/logo_ED.jpg","contentUrl":"https:\/\/www.eldiario.net\/portal\/wp-content\/uploads\/2023\/07\/logo_ED.jpg","width":272,"height":52,"caption":"El Diario - Decano de la prensa nacional"},"image":{"@id":"https:\/\/www.eldiario.net\/portal\/#\/schema\/logo\/image\/"},"sameAs":["https:\/\/www.facebook.com\/eldiario.bolivia\/","https:\/\/x.com\/eldiario_net"]},{"@type":"Person","@id":"https:\/\/www.eldiario.net\/portal\/#\/schema\/person\/2c57cf2b7a7ae032e449e4c9b1019eac","name":"Jeanette","image":{"@type":"ImageObject","inLanguage":"es","@id":"https:\/\/secure.gravatar.com\/avatar\/3ea2118a5f7dad2b7138b1187a6b7ee55f160b9968b66013c3a3ef39dd7e5798?s=96&d=mm&r=g","url":"https:\/\/secure.gravatar.com\/avatar\/3ea2118a5f7dad2b7138b1187a6b7ee55f160b9968b66013c3a3ef39dd7e5798?s=96&d=mm&r=g","contentUrl":"https:\/\/secure.gravatar.com\/avatar\/3ea2118a5f7dad2b7138b1187a6b7ee55f160b9968b66013c3a3ef39dd7e5798?s=96&d=mm&r=g","caption":"Jeanette"},"sameAs":["https:\/\/www.eldiario.net\/portal"],"url":"https:\/\/www.eldiario.net\/portal\/author\/jeanette\/"}]}},"_links":{"self":[{"href":"https:\/\/www.eldiario.net\/portal\/wp-json\/wp\/v2\/posts\/229113","targetHints":{"allow":["GET"]}}],"collection":[{"href":"https:\/\/www.eldiario.net\/portal\/wp-json\/wp\/v2\/posts"}],"about":[{"href":"https:\/\/www.eldiario.net\/portal\/wp-json\/wp\/v2\/types\/post"}],"author":[{"embeddable":true,"href":"https:\/\/www.eldiario.net\/portal\/wp-json\/wp\/v2\/users\/1"}],"replies":[{"embeddable":true,"href":"https:\/\/www.eldiario.net\/portal\/wp-json\/wp\/v2\/comments?post=229113"}],"version-history":[{"count":1,"href":"https:\/\/www.eldiario.net\/portal\/wp-json\/wp\/v2\/posts\/229113\/revisions"}],"predecessor-version":[{"id":229115,"href":"https:\/\/www.eldiario.net\/portal\/wp-json\/wp\/v2\/posts\/229113\/revisions\/229115"}],"wp:featuredmedia":[{"embeddable":true,"href":"https:\/\/www.eldiario.net\/portal\/wp-json\/wp\/v2\/media\/229114"}],"wp:attachment":[{"href":"https:\/\/www.eldiario.net\/portal\/wp-json\/wp\/v2\/media?parent=229113"}],"wp:term":[{"taxonomy":"category","embeddable":true,"href":"https:\/\/www.eldiario.net\/portal\/wp-json\/wp\/v2\/categories?post=229113"},{"taxonomy":"post_tag","embeddable":true,"href":"https:\/\/www.eldiario.net\/portal\/wp-json\/wp\/v2\/tags?post=229113"}],"curies":[{"name":"wp","href":"https:\/\/api.w.org\/{rel}","templated":true}]}}