{"id":229110,"date":"2024-06-23T05:58:40","date_gmt":"2024-06-23T09:58:40","guid":{"rendered":"https:\/\/www.eldiario.net\/portal\/?p=229110"},"modified":"2024-06-23T05:58:40","modified_gmt":"2024-06-23T09:58:40","slug":"protestas-contra-gobierno-peruano","status":"publish","type":"post","link":"https:\/\/www.eldiario.net\/portal\/2024\/06\/23\/protestas-contra-gobierno-peruano\/","title":{"rendered":"Protestas contra Gobierno peruano"},"content":{"rendered":"<p>Miles de manifestantes protestaron contra las pol\u00edticas del Gobierno de la presidenta peruana, Dina Boluarte, en una multitudinaria marcha en Lima convocada por diversas organizaciones sociales.<br \/>\nLa marcha estuvo encabezada por la organizaci\u00f3n ind\u00edgena Asociaci\u00f3n Inter\u00e9tnica de Desarrollo de la Selva Peruana (Aidesep) y cont\u00f3 con la presencia de estudiantes, sindicatos y organizaciones culturales que denuncian el \u201cgrave deterioro de la democracia\u201d en el pa\u00eds.<br \/>\nLa marcha parti\u00f3 de la sede del Palacio de Justicia y termin\u00f3 frente al Congreso de la Rep\u00fablica entre pancartas pidiendo la dimisi\u00f3n de los ministros de Educaci\u00f3n y Cultura, entre otras demandas.<br \/>\n\u201cNo matar\u00e1s ni con hambre ni con bala\u201d, \u201cEl agua es un derecho, no se privatiza\u201d, \u201cNo a la censura de nuestras voces\u201d, \u201cEn defensa de nuestros derechos y territorios\u201d, \u201cDemocracia con derechos humanos para todos\u201d, \u201cLos universitarios tambi\u00e9n te repudiamos\u201d, \u201cEn defensa del cine ind\u00edgena\u201d, clamaron durante la movilizaci\u00f3n.<br \/>\nEl presidente de Aidesep, Jorge P\u00e9rez Rubio, explic\u00f3 que los pueblos ind\u00edgenas amaz\u00f3nicos se desplazaron hasta Lima para defender sus derechos y el territorio amaz\u00f3nico ante las leyes que aprob\u00f3 recientemente el Congreso.<br \/>\n\u201cHemos venido a protestar por las leyes que est\u00e1 dando el Congreso de la Rep\u00fablica en contra de los derechos colectivos y fundamentales de los pueblos, como por ejemplo la Ley Forestal que trata de debilitar el control del territorio de los pueblos ind\u00edgenas. Tambi\u00e9n la ley mordaza que a trav\u00e9s de APCI quiere controlar a las organizaciones ind\u00edgenas que defendemos derechos humanos\u201d, indic\u00f3 P\u00e9rez en declaraciones a La Rep\u00fablica.<br \/>\nTambi\u00e9n exigi\u00f3 que no haya impunidad por los m\u00e1s de 30 l\u00edderes ind\u00edgenas asesinados y cuestion\u00f3 a los ministros de Educaci\u00f3n y de la Mujer por minimizar la violaci\u00f3n de ni\u00f1as awaj\u00fan en Condorcanqui, regi\u00f3n Amazonas, tras calificar estas violaciones de pr\u00e1ctica cultural.<br \/>\nMientras, la organizaci\u00f3n Convenci\u00f3n Plurinacional de la Regiones del Per\u00fa (Conalrep) reclam\u00f3 el agua como derecho, mientras que la Confederaci\u00f3n Nacional Agraria (CNA) defendi\u00f3 los recursos gen\u00e9ticos y la seguridad alimentaria. Estudiantes de la Universidad Nacional Mayor de San Marcos plantearon el lema: \u201cSin bosque no hay agua, sin agua no hay vida\u201d. (Europa Press)<\/p>\n","protected":false},"excerpt":{"rendered":"<p>Miles de manifestantes protestaron contra las pol\u00edticas del Gobierno de la presidenta peruana, Dina Boluarte, en una multitudinaria marcha en Lima convocada por diversas organizaciones sociales. La marcha estuvo encabezada por la organizaci\u00f3n ind\u00edgena Asociaci\u00f3n Inter\u00e9tnica de Desarrollo de la Selva Peruana (Aidesep) y cont\u00f3 con la presencia de estudiantes, sindicatos y organizaciones culturales que [&hellip;]<\/p>\n","protected":false},"author":1,"featured_media":229111,"comment_status":"open","ping_status":"open","sticky":false,"template":"","format":"standard","meta":{"_acf_changed":false,"footnotes":""},"categories":[3],"tags":[],"class_list":["post-229110","post","type-post","status-publish","format-standard","has-post-thumbnail","category-internacional"],"acf":{"antetitulo":"Movilizados exigen cumplimiento de demandas"},"yoast_head":"<!-- This site is optimized with the Yoast SEO plugin v28.4 - https:\/\/yoast.com\/product\/yoast-seo-wordpress\/ -->\n<title>Protestas contra Gobierno peruano - El Diario - Bolivia<\/title>\n<meta name=\"robots\" content=\"index, follow, max-snippet:-1, max-image-preview:large, max-video-preview:-1\" \/>\n<link rel=\"canonical\" href=\"https:\/\/www.eldiario.net\/portal\/2024\/06\/23\/protestas-contra-gobierno-peruano\/\" \/>\n<meta property=\"og:locale\" content=\"es_ES\" \/>\n<meta property=\"og:type\" content=\"article\" \/>\n<meta property=\"og:title\" content=\"Protestas contra Gobierno peruano - El Diario - Bolivia\" \/>\n<meta property=\"og:description\" content=\"Miles de manifestantes protestaron contra las pol\u00edticas del Gobierno de la presidenta peruana, Dina Boluarte, en una multitudinaria marcha en Lima convocada por diversas organizaciones sociales. La marcha estuvo encabezada por la organizaci\u00f3n ind\u00edgena Asociaci\u00f3n Inter\u00e9tnica de Desarrollo de la Selva Peruana (Aidesep) y cont\u00f3 con la presencia de estudiantes, sindicatos y organizaciones culturales que [&hellip;]\" \/>\n<meta property=\"og:url\" content=\"https:\/\/www.eldiario.net\/portal\/2024\/06\/23\/protestas-contra-gobierno-peruano\/\" \/>\n<meta property=\"og:site_name\" content=\"El Diario - Bolivia\" \/>\n<meta property=\"article:publisher\" content=\"https:\/\/www.facebook.com\/eldiario.bolivia\/\" \/>\n<meta property=\"article:published_time\" content=\"2024-06-23T09:58:40+00:00\" \/>\n<meta property=\"og:image\" content=\"https:\/\/www.eldiario.net\/portal\/wp-content\/uploads\/2024\/06\/BANDERA.jpg\" \/>\n\t<meta property=\"og:image:width\" content=\"1200\" \/>\n\t<meta property=\"og:image:height\" content=\"800\" \/>\n\t<meta property=\"og:image:type\" content=\"image\/jpeg\" \/>\n<meta name=\"author\" content=\"Jeanette\" \/>\n<meta name=\"twitter:card\" content=\"summary_large_image\" \/>\n<meta name=\"twitter:creator\" content=\"@eldiario_net\" \/>\n<meta name=\"twitter:site\" content=\"@eldiario_net\" \/>\n<meta name=\"twitter:label1\" content=\"Escrito por\" \/>\n\t<meta name=\"twitter:data1\" content=\"Jeanette\" \/>\n\t<meta name=\"twitter:label2\" content=\"Tiempo de lectura\" \/>\n\t<meta name=\"twitter:data2\" content=\"2 minutos\" \/>\n<script type=\"application\/ld+json\" class=\"yoast-schema-graph\">{\"@context\":\"https:\\\/\\\/schema.org\",\"@graph\":[{\"@type\":\"Article\",\"@id\":\"https:\\\/\\\/www.eldiario.net\\\/portal\\\/2024\\\/06\\\/23\\\/protestas-contra-gobierno-peruano\\\/#article\",\"isPartOf\":{\"@id\":\"https:\\\/\\\/www.eldiario.net\\\/portal\\\/2024\\\/06\\\/23\\\/protestas-contra-gobierno-peruano\\\/\"},\"author\":{\"name\":\"Jeanette\",\"@id\":\"https:\\\/\\\/www.eldiario.net\\\/portal\\\/#\\\/schema\\\/person\\\/2c57cf2b7a7ae032e449e4c9b1019eac\"},\"headline\":\"Protestas contra Gobierno peruano\",\"datePublished\":\"2024-06-23T09:58:40+00:00\",\"mainEntityOfPage\":{\"@id\":\"https:\\\/\\\/www.eldiario.net\\\/portal\\\/2024\\\/06\\\/23\\\/protestas-contra-gobierno-peruano\\\/\"},\"wordCount\":390,\"commentCount\":0,\"publisher\":{\"@id\":\"https:\\\/\\\/www.eldiario.net\\\/portal\\\/#organization\"},\"image\":{\"@id\":\"https:\\\/\\\/www.eldiario.net\\\/portal\\\/2024\\\/06\\\/23\\\/protestas-contra-gobierno-peruano\\\/#primaryimage\"},\"thumbnailUrl\":\"https:\\\/\\\/www.eldiario.net\\\/portal\\\/wp-content\\\/uploads\\\/2024\\\/06\\\/BANDERA.jpg\",\"articleSection\":[\"Internacional\"],\"inLanguage\":\"es\",\"potentialAction\":[{\"@type\":\"CommentAction\",\"name\":\"Comment\",\"target\":[\"https:\\\/\\\/www.eldiario.net\\\/portal\\\/2024\\\/06\\\/23\\\/protestas-contra-gobierno-peruano\\\/#respond\"]}]},{\"@type\":\"WebPage\",\"@id\":\"https:\\\/\\\/www.eldiario.net\\\/portal\\\/2024\\\/06\\\/23\\\/protestas-contra-gobierno-peruano\\\/\",\"url\":\"https:\\\/\\\/www.eldiario.net\\\/portal\\\/2024\\\/06\\\/23\\\/protestas-contra-gobierno-peruano\\\/\",\"name\":\"Protestas contra Gobierno peruano - El Diario - Bolivia\",\"isPartOf\":{\"@id\":\"https:\\\/\\\/www.eldiario.net\\\/portal\\\/#website\"},\"primaryImageOfPage\":{\"@id\":\"https:\\\/\\\/www.eldiario.net\\\/portal\\\/2024\\\/06\\\/23\\\/protestas-contra-gobierno-peruano\\\/#primaryimage\"},\"image\":{\"@id\":\"https:\\\/\\\/www.eldiario.net\\\/portal\\\/2024\\\/06\\\/23\\\/protestas-contra-gobierno-peruano\\\/#primaryimage\"},\"thumbnailUrl\":\"https:\\\/\\\/www.eldiario.net\\\/portal\\\/wp-content\\\/uploads\\\/2024\\\/06\\\/BANDERA.jpg\",\"datePublished\":\"2024-06-23T09:58:40+00:00\",\"breadcrumb\":{\"@id\":\"https:\\\/\\\/www.eldiario.net\\\/portal\\\/2024\\\/06\\\/23\\\/protestas-contra-gobierno-peruano\\\/#breadcrumb\"},\"inLanguage\":\"es\",\"potentialAction\":[{\"@type\":\"ReadAction\",\"target\":[\"https:\\\/\\\/www.eldiario.net\\\/portal\\\/2024\\\/06\\\/23\\\/protestas-contra-gobierno-peruano\\\/\"]}]},{\"@type\":\"ImageObject\",\"inLanguage\":\"es\",\"@id\":\"https:\\\/\\\/www.eldiario.net\\\/portal\\\/2024\\\/06\\\/23\\\/protestas-contra-gobierno-peruano\\\/#primaryimage\",\"url\":\"https:\\\/\\\/www.eldiario.net\\\/portal\\\/wp-content\\\/uploads\\\/2024\\\/06\\\/BANDERA.jpg\",\"contentUrl\":\"https:\\\/\\\/www.eldiario.net\\\/portal\\\/wp-content\\\/uploads\\\/2024\\\/06\\\/BANDERA.jpg\",\"width\":1200,\"height\":800,\"caption\":\"LA MARCHA ESTUVO ENCABEZADA POR las DIFERENTES ORGANIZACIONES, COMO LA AIDESEP. Nueva Sociedad\"},{\"@type\":\"BreadcrumbList\",\"@id\":\"https:\\\/\\\/www.eldiario.net\\\/portal\\\/2024\\\/06\\\/23\\\/protestas-contra-gobierno-peruano\\\/#breadcrumb\",\"itemListElement\":[{\"@type\":\"ListItem\",\"position\":1,\"name\":\"Portada\",\"item\":\"https:\\\/\\\/www.eldiario.net\\\/portal\\\/\"},{\"@type\":\"ListItem\",\"position\":2,\"name\":\"Protestas contra Gobierno peruano\"}]},{\"@type\":\"WebSite\",\"@id\":\"https:\\\/\\\/www.eldiario.net\\\/portal\\\/#website\",\"url\":\"https:\\\/\\\/www.eldiario.net\\\/portal\\\/\",\"name\":\"El Diario - Decano de la prensa nacional\",\"description\":\"El Diario - Decano de la prensa nacional\",\"publisher\":{\"@id\":\"https:\\\/\\\/www.eldiario.net\\\/portal\\\/#organization\"},\"potentialAction\":[{\"@type\":\"SearchAction\",\"target\":{\"@type\":\"EntryPoint\",\"urlTemplate\":\"https:\\\/\\\/www.eldiario.net\\\/portal\\\/?s={search_term_string}\"},\"query-input\":{\"@type\":\"PropertyValueSpecification\",\"valueRequired\":true,\"valueName\":\"search_term_string\"}}],\"inLanguage\":\"es\"},{\"@type\":\"Organization\",\"@id\":\"https:\\\/\\\/www.eldiario.net\\\/portal\\\/#organization\",\"name\":\"El Diario - Decano de la prensa nacional\",\"url\":\"https:\\\/\\\/www.eldiario.net\\\/portal\\\/\",\"logo\":{\"@type\":\"ImageObject\",\"inLanguage\":\"es\",\"@id\":\"https:\\\/\\\/www.eldiario.net\\\/portal\\\/#\\\/schema\\\/logo\\\/image\\\/\",\"url\":\"https:\\\/\\\/www.eldiario.net\\\/portal\\\/wp-content\\\/uploads\\\/2023\\\/07\\\/logo_ED.jpg\",\"contentUrl\":\"https:\\\/\\\/www.eldiario.net\\\/portal\\\/wp-content\\\/uploads\\\/2023\\\/07\\\/logo_ED.jpg\",\"width\":272,\"height\":52,\"caption\":\"El Diario - Decano de la prensa nacional\"},\"image\":{\"@id\":\"https:\\\/\\\/www.eldiario.net\\\/portal\\\/#\\\/schema\\\/logo\\\/image\\\/\"},\"sameAs\":[\"https:\\\/\\\/www.facebook.com\\\/eldiario.bolivia\\\/\",\"https:\\\/\\\/x.com\\\/eldiario_net\"]},{\"@type\":\"Person\",\"@id\":\"https:\\\/\\\/www.eldiario.net\\\/portal\\\/#\\\/schema\\\/person\\\/2c57cf2b7a7ae032e449e4c9b1019eac\",\"name\":\"Jeanette\",\"image\":{\"@type\":\"ImageObject\",\"inLanguage\":\"es\",\"@id\":\"https:\\\/\\\/secure.gravatar.com\\\/avatar\\\/3ea2118a5f7dad2b7138b1187a6b7ee55f160b9968b66013c3a3ef39dd7e5798?s=96&d=mm&r=g\",\"url\":\"https:\\\/\\\/secure.gravatar.com\\\/avatar\\\/3ea2118a5f7dad2b7138b1187a6b7ee55f160b9968b66013c3a3ef39dd7e5798?s=96&d=mm&r=g\",\"contentUrl\":\"https:\\\/\\\/secure.gravatar.com\\\/avatar\\\/3ea2118a5f7dad2b7138b1187a6b7ee55f160b9968b66013c3a3ef39dd7e5798?s=96&d=mm&r=g\",\"caption\":\"Jeanette\"},\"sameAs\":[\"https:\\\/\\\/www.eldiario.net\\\/portal\"],\"url\":\"https:\\\/\\\/www.eldiario.net\\\/portal\\\/author\\\/jeanette\\\/\"}]}<\/script>\n<!-- \/ Yoast SEO plugin. -->","yoast_head_json":{"title":"Protestas contra Gobierno peruano - El Diario - Bolivia","robots":{"index":"index","follow":"follow","max-snippet":"max-snippet:-1","max-image-preview":"max-image-preview:large","max-video-preview":"max-video-preview:-1"},"canonical":"https:\/\/www.eldiario.net\/portal\/2024\/06\/23\/protestas-contra-gobierno-peruano\/","og_locale":"es_ES","og_type":"article","og_title":"Protestas contra Gobierno peruano - El Diario - Bolivia","og_description":"Miles de manifestantes protestaron contra las pol\u00edticas del Gobierno de la presidenta peruana, Dina Boluarte, en una multitudinaria marcha en Lima convocada por diversas organizaciones sociales. La marcha estuvo encabezada por la organizaci\u00f3n ind\u00edgena Asociaci\u00f3n Inter\u00e9tnica de Desarrollo de la Selva Peruana (Aidesep) y cont\u00f3 con la presencia de estudiantes, sindicatos y organizaciones culturales que [&hellip;]","og_url":"https:\/\/www.eldiario.net\/portal\/2024\/06\/23\/protestas-contra-gobierno-peruano\/","og_site_name":"El Diario - Bolivia","article_publisher":"https:\/\/www.facebook.com\/eldiario.bolivia\/","article_published_time":"2024-06-23T09:58:40+00:00","og_image":[{"width":1200,"height":800,"url":"https:\/\/www.eldiario.net\/portal\/wp-content\/uploads\/2024\/06\/BANDERA.jpg","type":"image\/jpeg"}],"author":"Jeanette","twitter_card":"summary_large_image","twitter_creator":"@eldiario_net","twitter_site":"@eldiario_net","twitter_misc":{"Escrito por":"Jeanette","Tiempo de lectura":"2 minutos"},"schema":{"@context":"https:\/\/schema.org","@graph":[{"@type":"Article","@id":"https:\/\/www.eldiario.net\/portal\/2024\/06\/23\/protestas-contra-gobierno-peruano\/#article","isPartOf":{"@id":"https:\/\/www.eldiario.net\/portal\/2024\/06\/23\/protestas-contra-gobierno-peruano\/"},"author":{"name":"Jeanette","@id":"https:\/\/www.eldiario.net\/portal\/#\/schema\/person\/2c57cf2b7a7ae032e449e4c9b1019eac"},"headline":"Protestas contra Gobierno peruano","datePublished":"2024-06-23T09:58:40+00:00","mainEntityOfPage":{"@id":"https:\/\/www.eldiario.net\/portal\/2024\/06\/23\/protestas-contra-gobierno-peruano\/"},"wordCount":390,"commentCount":0,"publisher":{"@id":"https:\/\/www.eldiario.net\/portal\/#organization"},"image":{"@id":"https:\/\/www.eldiario.net\/portal\/2024\/06\/23\/protestas-contra-gobierno-peruano\/#primaryimage"},"thumbnailUrl":"https:\/\/www.eldiario.net\/portal\/wp-content\/uploads\/2024\/06\/BANDERA.jpg","articleSection":["Internacional"],"inLanguage":"es","potentialAction":[{"@type":"CommentAction","name":"Comment","target":["https:\/\/www.eldiario.net\/portal\/2024\/06\/23\/protestas-contra-gobierno-peruano\/#respond"]}]},{"@type":"WebPage","@id":"https:\/\/www.eldiario.net\/portal\/2024\/06\/23\/protestas-contra-gobierno-peruano\/","url":"https:\/\/www.eldiario.net\/portal\/2024\/06\/23\/protestas-contra-gobierno-peruano\/","name":"Protestas contra Gobierno peruano - El Diario - Bolivia","isPartOf":{"@id":"https:\/\/www.eldiario.net\/portal\/#website"},"primaryImageOfPage":{"@id":"https:\/\/www.eldiario.net\/portal\/2024\/06\/23\/protestas-contra-gobierno-peruano\/#primaryimage"},"image":{"@id":"https:\/\/www.eldiario.net\/portal\/2024\/06\/23\/protestas-contra-gobierno-peruano\/#primaryimage"},"thumbnailUrl":"https:\/\/www.eldiario.net\/portal\/wp-content\/uploads\/2024\/06\/BANDERA.jpg","datePublished":"2024-06-23T09:58:40+00:00","breadcrumb":{"@id":"https:\/\/www.eldiario.net\/portal\/2024\/06\/23\/protestas-contra-gobierno-peruano\/#breadcrumb"},"inLanguage":"es","potentialAction":[{"@type":"ReadAction","target":["https:\/\/www.eldiario.net\/portal\/2024\/06\/23\/protestas-contra-gobierno-peruano\/"]}]},{"@type":"ImageObject","inLanguage":"es","@id":"https:\/\/www.eldiario.net\/portal\/2024\/06\/23\/protestas-contra-gobierno-peruano\/#primaryimage","url":"https:\/\/www.eldiario.net\/portal\/wp-content\/uploads\/2024\/06\/BANDERA.jpg","contentUrl":"https:\/\/www.eldiario.net\/portal\/wp-content\/uploads\/2024\/06\/BANDERA.jpg","width":1200,"height":800,"caption":"LA MARCHA ESTUVO ENCABEZADA POR las DIFERENTES ORGANIZACIONES, COMO LA AIDESEP. Nueva Sociedad"},{"@type":"BreadcrumbList","@id":"https:\/\/www.eldiario.net\/portal\/2024\/06\/23\/protestas-contra-gobierno-peruano\/#breadcrumb","itemListElement":[{"@type":"ListItem","position":1,"name":"Portada","item":"https:\/\/www.eldiario.net\/portal\/"},{"@type":"ListItem","position":2,"name":"Protestas contra Gobierno peruano"}]},{"@type":"WebSite","@id":"https:\/\/www.eldiario.net\/portal\/#website","url":"https:\/\/www.eldiario.net\/portal\/","name":"El Diario - Decano de la prensa nacional","description":"El Diario - Decano de la prensa nacional","publisher":{"@id":"https:\/\/www.eldiario.net\/portal\/#organization"},"potentialAction":[{"@type":"SearchAction","target":{"@type":"EntryPoint","urlTemplate":"https:\/\/www.eldiario.net\/portal\/?s={search_term_string}"},"query-input":{"@type":"PropertyValueSpecification","valueRequired":true,"valueName":"search_term_string"}}],"inLanguage":"es"},{"@type":"Organization","@id":"https:\/\/www.eldiario.net\/portal\/#organization","name":"El Diario - Decano de la prensa nacional","url":"https:\/\/www.eldiario.net\/portal\/","logo":{"@type":"ImageObject","inLanguage":"es","@id":"https:\/\/www.eldiario.net\/portal\/#\/schema\/logo\/image\/","url":"https:\/\/www.eldiario.net\/portal\/wp-content\/uploads\/2023\/07\/logo_ED.jpg","contentUrl":"https:\/\/www.eldiario.net\/portal\/wp-content\/uploads\/2023\/07\/logo_ED.jpg","width":272,"height":52,"caption":"El Diario - Decano de la prensa nacional"},"image":{"@id":"https:\/\/www.eldiario.net\/portal\/#\/schema\/logo\/image\/"},"sameAs":["https:\/\/www.facebook.com\/eldiario.bolivia\/","https:\/\/x.com\/eldiario_net"]},{"@type":"Person","@id":"https:\/\/www.eldiario.net\/portal\/#\/schema\/person\/2c57cf2b7a7ae032e449e4c9b1019eac","name":"Jeanette","image":{"@type":"ImageObject","inLanguage":"es","@id":"https:\/\/secure.gravatar.com\/avatar\/3ea2118a5f7dad2b7138b1187a6b7ee55f160b9968b66013c3a3ef39dd7e5798?s=96&d=mm&r=g","url":"https:\/\/secure.gravatar.com\/avatar\/3ea2118a5f7dad2b7138b1187a6b7ee55f160b9968b66013c3a3ef39dd7e5798?s=96&d=mm&r=g","contentUrl":"https:\/\/secure.gravatar.com\/avatar\/3ea2118a5f7dad2b7138b1187a6b7ee55f160b9968b66013c3a3ef39dd7e5798?s=96&d=mm&r=g","caption":"Jeanette"},"sameAs":["https:\/\/www.eldiario.net\/portal"],"url":"https:\/\/www.eldiario.net\/portal\/author\/jeanette\/"}]}},"_links":{"self":[{"href":"https:\/\/www.eldiario.net\/portal\/wp-json\/wp\/v2\/posts\/229110","targetHints":{"allow":["GET"]}}],"collection":[{"href":"https:\/\/www.eldiario.net\/portal\/wp-json\/wp\/v2\/posts"}],"about":[{"href":"https:\/\/www.eldiario.net\/portal\/wp-json\/wp\/v2\/types\/post"}],"author":[{"embeddable":true,"href":"https:\/\/www.eldiario.net\/portal\/wp-json\/wp\/v2\/users\/1"}],"replies":[{"embeddable":true,"href":"https:\/\/www.eldiario.net\/portal\/wp-json\/wp\/v2\/comments?post=229110"}],"version-history":[{"count":1,"href":"https:\/\/www.eldiario.net\/portal\/wp-json\/wp\/v2\/posts\/229110\/revisions"}],"predecessor-version":[{"id":229112,"href":"https:\/\/www.eldiario.net\/portal\/wp-json\/wp\/v2\/posts\/229110\/revisions\/229112"}],"wp:featuredmedia":[{"embeddable":true,"href":"https:\/\/www.eldiario.net\/portal\/wp-json\/wp\/v2\/media\/229111"}],"wp:attachment":[{"href":"https:\/\/www.eldiario.net\/portal\/wp-json\/wp\/v2\/media?parent=229110"}],"wp:term":[{"taxonomy":"category","embeddable":true,"href":"https:\/\/www.eldiario.net\/portal\/wp-json\/wp\/v2\/categories?post=229110"},{"taxonomy":"post_tag","embeddable":true,"href":"https:\/\/www.eldiario.net\/portal\/wp-json\/wp\/v2\/tags?post=229110"}],"curies":[{"name":"wp","href":"https:\/\/api.w.org\/{rel}","templated":true}]}}