{"id":22909,"date":"2021-08-12T05:49:06","date_gmt":"2021-08-12T09:49:06","guid":{"rendered":"https:\/\/www.eldiario.net\/portal\/?p=22909"},"modified":"2021-08-12T05:49:06","modified_gmt":"2021-08-12T09:49:06","slug":"zago-los-balones-no-entraron-y-erramos-goles","status":"publish","type":"post","link":"https:\/\/www.eldiario.net\/portal\/2021\/08\/12\/zago-los-balones-no-entraron-y-erramos-goles\/","title":{"rendered":"Zago: \u201cLos balones no entraron y erramos goles\u201d"},"content":{"rendered":"<p>El director t\u00e9cnico de Bol\u00edvar, Antonio Carlos Zago, tras el empate ante Nacional Potos\u00ed (1-1), lament\u00f3 que la Academia no haya podido capitalizar todas las opciones de gol que tuvo en ese cotejo y se\u00f1al\u00f3 como un problema a solucionar los goles que recibe su equipo en balones detenidos.<\/p>\n<p>\u201cDominamos el partido, infelizmente los balones no entraron y erramos muchos goles en el primer y segundo tiempo. Lo peor es que tomamos un gol de bal\u00f3n detenido, algo que viene pasando hace mucho tiempo. No hemos tenido tiempo para entrenar los balones detenidos, pero voy a pensar para el pr\u00f3ximo partido si cambiaremos algo porque no podemos encajar goles as\u00ed\u201d, dijo Zago a FM Bol\u00edvar.<\/p>\n<p>Pese al resultado los celestes se vieron s\u00f3lidos en defensa con una l\u00ednea de tres que anul\u00f3 todo ataque de Nacional. Ante esto Zago indic\u00f3 que seguir\u00e1 apostado por esta propuesta futbol\u00edstica. \u201cEstuvo s\u00f3lida (la l\u00ednea de tres) porque ellos (Nacional) no crearon nada en el primer tiempo y en el segundo solo patearon desde afuera. Los jugadores se est\u00e1n adaptando bien a la l\u00ednea de tres\u201d, rescat\u00f3 el DT brasile\u00f1o.<\/p>\n<p>El pr\u00f3ximo partido de Bol\u00edvar ser\u00e1 el domingo cuando desde las 19.30 horas se mida contra Royal Pari en Santa Cruz. \u201cAl hincha le pido que contin\u00fae apoyando que contin\u00fae creyendo en el grupo tenemos 15 partidos adelante. El equipo viene mejorando (\u2026) los jugadores est\u00e1n peleando. Un poco de paciencia para que podamos conseguir los objetivos\u201d, finaliz\u00f3 Zago. (Foto APG)<\/p>\n<p>&nbsp;<\/p>\n","protected":false},"excerpt":{"rendered":"<p>El director t\u00e9cnico de Bol\u00edvar, Antonio Carlos Zago, tras el empate ante Nacional Potos\u00ed (1-1), lament\u00f3 que la Academia no haya podido capitalizar todas las opciones de gol que tuvo en ese cotejo y se\u00f1al\u00f3 como un problema a solucionar los goles que recibe su equipo en balones detenidos. \u201cDominamos el partido, infelizmente los balones [&hellip;]<\/p>\n","protected":false},"author":1,"featured_media":22910,"comment_status":"closed","ping_status":"closed","sticky":false,"template":"","format":"standard","meta":{"_acf_changed":false,"footnotes":""},"categories":[6],"tags":[],"class_list":["post-22909","post","type-post","status-publish","format-standard","has-post-thumbnail","category-deportes"],"acf":{"antetitulo":""},"yoast_head":"<!-- This site is optimized with the Yoast SEO plugin v28.3 - https:\/\/yoast.com\/product\/yoast-seo-wordpress\/ -->\n<title>Zago: \u201cLos balones no entraron y erramos goles\u201d - El Diario - Bolivia<\/title>\n<meta name=\"robots\" content=\"index, follow, max-snippet:-1, max-image-preview:large, max-video-preview:-1\" \/>\n<link rel=\"canonical\" href=\"https:\/\/www.eldiario.net\/portal\/2021\/08\/12\/zago-los-balones-no-entraron-y-erramos-goles\/\" \/>\n<meta property=\"og:locale\" content=\"es_ES\" \/>\n<meta property=\"og:type\" content=\"article\" \/>\n<meta property=\"og:title\" content=\"Zago: \u201cLos balones no entraron y erramos goles\u201d - El Diario - Bolivia\" \/>\n<meta property=\"og:description\" content=\"El director t\u00e9cnico de Bol\u00edvar, Antonio Carlos Zago, tras el empate ante Nacional Potos\u00ed (1-1), lament\u00f3 que la Academia no haya podido capitalizar todas las opciones de gol que tuvo en ese cotejo y se\u00f1al\u00f3 como un problema a solucionar los goles que recibe su equipo en balones detenidos. \u201cDominamos el partido, infelizmente los balones [&hellip;]\" \/>\n<meta property=\"og:url\" content=\"https:\/\/www.eldiario.net\/portal\/2021\/08\/12\/zago-los-balones-no-entraron-y-erramos-goles\/\" \/>\n<meta property=\"og:site_name\" content=\"El Diario - Bolivia\" \/>\n<meta property=\"article:publisher\" content=\"https:\/\/www.facebook.com\/eldiario.bolivia\/\" \/>\n<meta property=\"article:published_time\" content=\"2021-08-12T09:49:06+00:00\" \/>\n<meta name=\"author\" content=\"Jeanette\" \/>\n<meta name=\"twitter:card\" content=\"summary_large_image\" \/>\n<meta name=\"twitter:creator\" content=\"@eldiario_net\" \/>\n<meta name=\"twitter:site\" content=\"@eldiario_net\" \/>\n<meta name=\"twitter:label1\" content=\"Escrito por\" \/>\n\t<meta name=\"twitter:data1\" content=\"Jeanette\" \/>\n\t<meta name=\"twitter:label2\" content=\"Tiempo de lectura\" \/>\n\t<meta name=\"twitter:data2\" content=\"2 minutos\" \/>\n<script type=\"application\/ld+json\" class=\"yoast-schema-graph\">{\"@context\":\"https:\\\/\\\/schema.org\",\"@graph\":[{\"@type\":\"Article\",\"@id\":\"https:\\\/\\\/www.eldiario.net\\\/portal\\\/2021\\\/08\\\/12\\\/zago-los-balones-no-entraron-y-erramos-goles\\\/#article\",\"isPartOf\":{\"@id\":\"https:\\\/\\\/www.eldiario.net\\\/portal\\\/2021\\\/08\\\/12\\\/zago-los-balones-no-entraron-y-erramos-goles\\\/\"},\"author\":{\"name\":\"Jeanette\",\"@id\":\"https:\\\/\\\/www.eldiario.net\\\/portal\\\/#\\\/schema\\\/person\\\/f46445640444750d7d753ccd04ae01b7\"},\"headline\":\"Zago: \u201cLos balones no entraron y erramos goles\u201d\",\"datePublished\":\"2021-08-12T09:49:06+00:00\",\"mainEntityOfPage\":{\"@id\":\"https:\\\/\\\/www.eldiario.net\\\/portal\\\/2021\\\/08\\\/12\\\/zago-los-balones-no-entraron-y-erramos-goles\\\/\"},\"wordCount\":272,\"publisher\":{\"@id\":\"https:\\\/\\\/www.eldiario.net\\\/portal\\\/#organization\"},\"image\":{\"@id\":\"https:\\\/\\\/www.eldiario.net\\\/portal\\\/2021\\\/08\\\/12\\\/zago-los-balones-no-entraron-y-erramos-goles\\\/#primaryimage\"},\"thumbnailUrl\":\"\",\"articleSection\":[\"Deportes\"],\"inLanguage\":\"es\"},{\"@type\":\"WebPage\",\"@id\":\"https:\\\/\\\/www.eldiario.net\\\/portal\\\/2021\\\/08\\\/12\\\/zago-los-balones-no-entraron-y-erramos-goles\\\/\",\"url\":\"https:\\\/\\\/www.eldiario.net\\\/portal\\\/2021\\\/08\\\/12\\\/zago-los-balones-no-entraron-y-erramos-goles\\\/\",\"name\":\"Zago: \u201cLos balones no entraron y erramos goles\u201d - El Diario - Bolivia\",\"isPartOf\":{\"@id\":\"https:\\\/\\\/www.eldiario.net\\\/portal\\\/#website\"},\"primaryImageOfPage\":{\"@id\":\"https:\\\/\\\/www.eldiario.net\\\/portal\\\/2021\\\/08\\\/12\\\/zago-los-balones-no-entraron-y-erramos-goles\\\/#primaryimage\"},\"image\":{\"@id\":\"https:\\\/\\\/www.eldiario.net\\\/portal\\\/2021\\\/08\\\/12\\\/zago-los-balones-no-entraron-y-erramos-goles\\\/#primaryimage\"},\"thumbnailUrl\":\"\",\"datePublished\":\"2021-08-12T09:49:06+00:00\",\"breadcrumb\":{\"@id\":\"https:\\\/\\\/www.eldiario.net\\\/portal\\\/2021\\\/08\\\/12\\\/zago-los-balones-no-entraron-y-erramos-goles\\\/#breadcrumb\"},\"inLanguage\":\"es\",\"potentialAction\":[{\"@type\":\"ReadAction\",\"target\":[\"https:\\\/\\\/www.eldiario.net\\\/portal\\\/2021\\\/08\\\/12\\\/zago-los-balones-no-entraron-y-erramos-goles\\\/\"]}]},{\"@type\":\"ImageObject\",\"inLanguage\":\"es\",\"@id\":\"https:\\\/\\\/www.eldiario.net\\\/portal\\\/2021\\\/08\\\/12\\\/zago-los-balones-no-entraron-y-erramos-goles\\\/#primaryimage\",\"url\":\"\",\"contentUrl\":\"\"},{\"@type\":\"BreadcrumbList\",\"@id\":\"https:\\\/\\\/www.eldiario.net\\\/portal\\\/2021\\\/08\\\/12\\\/zago-los-balones-no-entraron-y-erramos-goles\\\/#breadcrumb\",\"itemListElement\":[{\"@type\":\"ListItem\",\"position\":1,\"name\":\"Portada\",\"item\":\"https:\\\/\\\/www.eldiario.net\\\/portal\\\/\"},{\"@type\":\"ListItem\",\"position\":2,\"name\":\"Zago: \u201cLos balones no entraron y erramos goles\u201d\"}]},{\"@type\":\"WebSite\",\"@id\":\"https:\\\/\\\/www.eldiario.net\\\/portal\\\/#website\",\"url\":\"https:\\\/\\\/www.eldiario.net\\\/portal\\\/\",\"name\":\"El Diario - Decano de la prensa nacional\",\"description\":\"El Diario - Decano de la prensa nacional\",\"publisher\":{\"@id\":\"https:\\\/\\\/www.eldiario.net\\\/portal\\\/#organization\"},\"potentialAction\":[{\"@type\":\"SearchAction\",\"target\":{\"@type\":\"EntryPoint\",\"urlTemplate\":\"https:\\\/\\\/www.eldiario.net\\\/portal\\\/?s={search_term_string}\"},\"query-input\":{\"@type\":\"PropertyValueSpecification\",\"valueRequired\":true,\"valueName\":\"search_term_string\"}}],\"inLanguage\":\"es\"},{\"@type\":\"Organization\",\"@id\":\"https:\\\/\\\/www.eldiario.net\\\/portal\\\/#organization\",\"name\":\"El Diario - Decano de la prensa nacional\",\"url\":\"https:\\\/\\\/www.eldiario.net\\\/portal\\\/\",\"logo\":{\"@type\":\"ImageObject\",\"inLanguage\":\"es\",\"@id\":\"https:\\\/\\\/www.eldiario.net\\\/portal\\\/#\\\/schema\\\/logo\\\/image\\\/\",\"url\":\"https:\\\/\\\/www.eldiario.net\\\/portal\\\/wp-content\\\/uploads\\\/2023\\\/07\\\/logo_ED.jpg\",\"contentUrl\":\"https:\\\/\\\/www.eldiario.net\\\/portal\\\/wp-content\\\/uploads\\\/2023\\\/07\\\/logo_ED.jpg\",\"width\":272,\"height\":52,\"caption\":\"El Diario - Decano de la prensa nacional\"},\"image\":{\"@id\":\"https:\\\/\\\/www.eldiario.net\\\/portal\\\/#\\\/schema\\\/logo\\\/image\\\/\"},\"sameAs\":[\"https:\\\/\\\/www.facebook.com\\\/eldiario.bolivia\\\/\",\"https:\\\/\\\/x.com\\\/eldiario_net\"]},{\"@type\":\"Person\",\"@id\":\"https:\\\/\\\/www.eldiario.net\\\/portal\\\/#\\\/schema\\\/person\\\/f46445640444750d7d753ccd04ae01b7\",\"name\":\"Jeanette\",\"image\":{\"@type\":\"ImageObject\",\"inLanguage\":\"es\",\"@id\":\"https:\\\/\\\/secure.gravatar.com\\\/avatar\\\/3ea2118a5f7dad2b7138b1187a6b7ee55f160b9968b66013c3a3ef39dd7e5798?s=96&d=mm&r=g\",\"url\":\"https:\\\/\\\/secure.gravatar.com\\\/avatar\\\/3ea2118a5f7dad2b7138b1187a6b7ee55f160b9968b66013c3a3ef39dd7e5798?s=96&d=mm&r=g\",\"contentUrl\":\"https:\\\/\\\/secure.gravatar.com\\\/avatar\\\/3ea2118a5f7dad2b7138b1187a6b7ee55f160b9968b66013c3a3ef39dd7e5798?s=96&d=mm&r=g\",\"caption\":\"Jeanette\"},\"sameAs\":[\"https:\\\/\\\/www.eldiario.net\\\/portal\"],\"url\":\"https:\\\/\\\/www.eldiario.net\\\/portal\\\/author\\\/jeanette\\\/\"}]}<\/script>\n<!-- \/ Yoast SEO plugin. -->","yoast_head_json":{"title":"Zago: \u201cLos balones no entraron y erramos goles\u201d - El Diario - Bolivia","robots":{"index":"index","follow":"follow","max-snippet":"max-snippet:-1","max-image-preview":"max-image-preview:large","max-video-preview":"max-video-preview:-1"},"canonical":"https:\/\/www.eldiario.net\/portal\/2021\/08\/12\/zago-los-balones-no-entraron-y-erramos-goles\/","og_locale":"es_ES","og_type":"article","og_title":"Zago: \u201cLos balones no entraron y erramos goles\u201d - El Diario - Bolivia","og_description":"El director t\u00e9cnico de Bol\u00edvar, Antonio Carlos Zago, tras el empate ante Nacional Potos\u00ed (1-1), lament\u00f3 que la Academia no haya podido capitalizar todas las opciones de gol que tuvo en ese cotejo y se\u00f1al\u00f3 como un problema a solucionar los goles que recibe su equipo en balones detenidos. \u201cDominamos el partido, infelizmente los balones [&hellip;]","og_url":"https:\/\/www.eldiario.net\/portal\/2021\/08\/12\/zago-los-balones-no-entraron-y-erramos-goles\/","og_site_name":"El Diario - Bolivia","article_publisher":"https:\/\/www.facebook.com\/eldiario.bolivia\/","article_published_time":"2021-08-12T09:49:06+00:00","author":"Jeanette","twitter_card":"summary_large_image","twitter_creator":"@eldiario_net","twitter_site":"@eldiario_net","twitter_misc":{"Escrito por":"Jeanette","Tiempo de lectura":"2 minutos"},"schema":{"@context":"https:\/\/schema.org","@graph":[{"@type":"Article","@id":"https:\/\/www.eldiario.net\/portal\/2021\/08\/12\/zago-los-balones-no-entraron-y-erramos-goles\/#article","isPartOf":{"@id":"https:\/\/www.eldiario.net\/portal\/2021\/08\/12\/zago-los-balones-no-entraron-y-erramos-goles\/"},"author":{"name":"Jeanette","@id":"https:\/\/www.eldiario.net\/portal\/#\/schema\/person\/f46445640444750d7d753ccd04ae01b7"},"headline":"Zago: \u201cLos balones no entraron y erramos goles\u201d","datePublished":"2021-08-12T09:49:06+00:00","mainEntityOfPage":{"@id":"https:\/\/www.eldiario.net\/portal\/2021\/08\/12\/zago-los-balones-no-entraron-y-erramos-goles\/"},"wordCount":272,"publisher":{"@id":"https:\/\/www.eldiario.net\/portal\/#organization"},"image":{"@id":"https:\/\/www.eldiario.net\/portal\/2021\/08\/12\/zago-los-balones-no-entraron-y-erramos-goles\/#primaryimage"},"thumbnailUrl":"","articleSection":["Deportes"],"inLanguage":"es"},{"@type":"WebPage","@id":"https:\/\/www.eldiario.net\/portal\/2021\/08\/12\/zago-los-balones-no-entraron-y-erramos-goles\/","url":"https:\/\/www.eldiario.net\/portal\/2021\/08\/12\/zago-los-balones-no-entraron-y-erramos-goles\/","name":"Zago: \u201cLos balones no entraron y erramos goles\u201d - El Diario - Bolivia","isPartOf":{"@id":"https:\/\/www.eldiario.net\/portal\/#website"},"primaryImageOfPage":{"@id":"https:\/\/www.eldiario.net\/portal\/2021\/08\/12\/zago-los-balones-no-entraron-y-erramos-goles\/#primaryimage"},"image":{"@id":"https:\/\/www.eldiario.net\/portal\/2021\/08\/12\/zago-los-balones-no-entraron-y-erramos-goles\/#primaryimage"},"thumbnailUrl":"","datePublished":"2021-08-12T09:49:06+00:00","breadcrumb":{"@id":"https:\/\/www.eldiario.net\/portal\/2021\/08\/12\/zago-los-balones-no-entraron-y-erramos-goles\/#breadcrumb"},"inLanguage":"es","potentialAction":[{"@type":"ReadAction","target":["https:\/\/www.eldiario.net\/portal\/2021\/08\/12\/zago-los-balones-no-entraron-y-erramos-goles\/"]}]},{"@type":"ImageObject","inLanguage":"es","@id":"https:\/\/www.eldiario.net\/portal\/2021\/08\/12\/zago-los-balones-no-entraron-y-erramos-goles\/#primaryimage","url":"","contentUrl":""},{"@type":"BreadcrumbList","@id":"https:\/\/www.eldiario.net\/portal\/2021\/08\/12\/zago-los-balones-no-entraron-y-erramos-goles\/#breadcrumb","itemListElement":[{"@type":"ListItem","position":1,"name":"Portada","item":"https:\/\/www.eldiario.net\/portal\/"},{"@type":"ListItem","position":2,"name":"Zago: \u201cLos balones no entraron y erramos goles\u201d"}]},{"@type":"WebSite","@id":"https:\/\/www.eldiario.net\/portal\/#website","url":"https:\/\/www.eldiario.net\/portal\/","name":"El Diario - Decano de la prensa nacional","description":"El Diario - Decano de la prensa nacional","publisher":{"@id":"https:\/\/www.eldiario.net\/portal\/#organization"},"potentialAction":[{"@type":"SearchAction","target":{"@type":"EntryPoint","urlTemplate":"https:\/\/www.eldiario.net\/portal\/?s={search_term_string}"},"query-input":{"@type":"PropertyValueSpecification","valueRequired":true,"valueName":"search_term_string"}}],"inLanguage":"es"},{"@type":"Organization","@id":"https:\/\/www.eldiario.net\/portal\/#organization","name":"El Diario - Decano de la prensa nacional","url":"https:\/\/www.eldiario.net\/portal\/","logo":{"@type":"ImageObject","inLanguage":"es","@id":"https:\/\/www.eldiario.net\/portal\/#\/schema\/logo\/image\/","url":"https:\/\/www.eldiario.net\/portal\/wp-content\/uploads\/2023\/07\/logo_ED.jpg","contentUrl":"https:\/\/www.eldiario.net\/portal\/wp-content\/uploads\/2023\/07\/logo_ED.jpg","width":272,"height":52,"caption":"El Diario - Decano de la prensa nacional"},"image":{"@id":"https:\/\/www.eldiario.net\/portal\/#\/schema\/logo\/image\/"},"sameAs":["https:\/\/www.facebook.com\/eldiario.bolivia\/","https:\/\/x.com\/eldiario_net"]},{"@type":"Person","@id":"https:\/\/www.eldiario.net\/portal\/#\/schema\/person\/f46445640444750d7d753ccd04ae01b7","name":"Jeanette","image":{"@type":"ImageObject","inLanguage":"es","@id":"https:\/\/secure.gravatar.com\/avatar\/3ea2118a5f7dad2b7138b1187a6b7ee55f160b9968b66013c3a3ef39dd7e5798?s=96&d=mm&r=g","url":"https:\/\/secure.gravatar.com\/avatar\/3ea2118a5f7dad2b7138b1187a6b7ee55f160b9968b66013c3a3ef39dd7e5798?s=96&d=mm&r=g","contentUrl":"https:\/\/secure.gravatar.com\/avatar\/3ea2118a5f7dad2b7138b1187a6b7ee55f160b9968b66013c3a3ef39dd7e5798?s=96&d=mm&r=g","caption":"Jeanette"},"sameAs":["https:\/\/www.eldiario.net\/portal"],"url":"https:\/\/www.eldiario.net\/portal\/author\/jeanette\/"}]}},"_links":{"self":[{"href":"https:\/\/www.eldiario.net\/portal\/wp-json\/wp\/v2\/posts\/22909","targetHints":{"allow":["GET"]}}],"collection":[{"href":"https:\/\/www.eldiario.net\/portal\/wp-json\/wp\/v2\/posts"}],"about":[{"href":"https:\/\/www.eldiario.net\/portal\/wp-json\/wp\/v2\/types\/post"}],"author":[{"embeddable":true,"href":"https:\/\/www.eldiario.net\/portal\/wp-json\/wp\/v2\/users\/1"}],"replies":[{"embeddable":true,"href":"https:\/\/www.eldiario.net\/portal\/wp-json\/wp\/v2\/comments?post=22909"}],"version-history":[{"count":0,"href":"https:\/\/www.eldiario.net\/portal\/wp-json\/wp\/v2\/posts\/22909\/revisions"}],"wp:attachment":[{"href":"https:\/\/www.eldiario.net\/portal\/wp-json\/wp\/v2\/media?parent=22909"}],"wp:term":[{"taxonomy":"category","embeddable":true,"href":"https:\/\/www.eldiario.net\/portal\/wp-json\/wp\/v2\/categories?post=22909"},{"taxonomy":"post_tag","embeddable":true,"href":"https:\/\/www.eldiario.net\/portal\/wp-json\/wp\/v2\/tags?post=22909"}],"curies":[{"name":"wp","href":"https:\/\/api.w.org\/{rel}","templated":true}]}}