{"id":22903,"date":"2021-08-12T05:47:38","date_gmt":"2021-08-12T09:47:38","guid":{"rendered":"https:\/\/www.eldiario.net\/portal\/?p=22903"},"modified":"2021-08-12T05:47:38","modified_gmt":"2021-08-12T09:47:38","slug":"el-club-blitz-se-expande-con-una-nueva-sucursal-en-la-paz","status":"publish","type":"post","link":"https:\/\/www.eldiario.net\/portal\/2021\/08\/12\/el-club-blitz-se-expande-con-una-nueva-sucursal-en-la-paz\/","title":{"rendered":"El Club Blitz se expande con una nueva sucursal en La Paz"},"content":{"rendered":"<p>El Club Blitz de La Paz, especializado en la ense\u00f1anza y difusi\u00f3n del ajedrez, ampliar\u00e1 sus horizontes al abrir una nueva sucursal en la zona de Sopocachi, donde contar\u00e1 con el mismo servicio que ofrece al sur de la ciudad, aunque el objetivo a largo plazo es expandirse a todo el territorio nacional.<\/p>\n<p>Este jueves se realizar\u00e1 la inauguraci\u00f3n oficial de su nueva sucursal que est\u00e1 ubicada en la calle Belisario Salinas, edificio Belisario Salinas, oficina 11.<\/p>\n<p>\u201cNos sentimos muy contentos por esta inauguraci\u00f3n porque es un sentimiento muy fuerte al trabajo que venimos realizando y a todo lo que queremos transmitir y difundir con el ajedrez\u201d, sostuvo el Maestro Nacional (MN) Kevin Celis y representante del club.<\/p>\n<p>En diciembre del a\u00f1o pasado fue inaugurado el Club Blitz en Calacoto por los mismos due\u00f1os de la Cafeter\u00eda Typica, que ofrece un men\u00fa de bebidas y s\u00e1ndwiches para las personas que acuden al establecimiento de ajedrez.<\/p>\n<p>Ese mismo servicio habr\u00e1 en su nueva sucursal para que \u201cm\u00e1s personas se animen a aprender del deporte ciencia. Contamos con cocina propia y estaremos con el men\u00fa de Typica\u201d.<\/p>\n<p>La inauguraci\u00f3n est\u00e1 prevista para las 16.00 y estar\u00e1n presentes varias personalidades del ajedrez, como el Gran Maestro (GM) y presidente de la federaci\u00f3n nacional, Osvaldo Zambrana.<\/p>\n<p>\u201cTendremos bastante actividad durante ese fin de semana por nuestra inauguraci\u00f3n. El s\u00e1bado haremos un torneo en homenaje al gran artesano del ajedrez boliviano Esteban Justiniano Laura\u201d, adelant\u00f3 Celis.<\/p>\n<p>El club se volvi\u00f3 un referente por las instalaciones que tiene. En su nueva sucursal tiene espacio para hasta 11 mesas y gracias a ello alberg\u00f3 a mediados de julio el primer Clasificatorio Nacional Mayores Femenino.<\/p>\n<p>Por ello es que se para el futuro se apunta a tener m\u00e1s sucursales en otros departamentos.<\/p>\n<p>\u201cPero esto no se queda ah\u00ed, ya que apuntamos a abrir nuestro club en otras ciudades, eso es lo que queremos para m\u00e1s adelante. Queremos que los ni\u00f1os aprendan de este deporte y lo bueno es que tuvimos una buena recepci\u00f3n de nuestras clases presenciales que ofrecemos\u201d, recalc\u00f3. (FBA)<\/p>\n<p>&nbsp;<\/p>\n","protected":false},"excerpt":{"rendered":"<p>El Club Blitz de La Paz, especializado en la ense\u00f1anza y difusi\u00f3n del ajedrez, ampliar\u00e1 sus horizontes al abrir una nueva sucursal en la zona de Sopocachi, donde contar\u00e1 con el mismo servicio que ofrece al sur de la ciudad, aunque el objetivo a largo plazo es expandirse a todo el territorio nacional. Este jueves [&hellip;]<\/p>\n","protected":false},"author":1,"featured_media":22904,"comment_status":"closed","ping_status":"closed","sticky":false,"template":"","format":"standard","meta":{"_acf_changed":false,"footnotes":""},"categories":[6],"tags":[],"class_list":["post-22903","post","type-post","status-publish","format-standard","has-post-thumbnail","category-deportes"],"acf":{"antetitulo":""},"yoast_head":"<!-- This site is optimized with the Yoast SEO plugin v28.3 - https:\/\/yoast.com\/product\/yoast-seo-wordpress\/ -->\n<title>El Club Blitz se expande con una nueva sucursal en La Paz - El Diario - Bolivia<\/title>\n<meta name=\"robots\" content=\"index, follow, max-snippet:-1, max-image-preview:large, max-video-preview:-1\" \/>\n<link rel=\"canonical\" href=\"https:\/\/www.eldiario.net\/portal\/2021\/08\/12\/el-club-blitz-se-expande-con-una-nueva-sucursal-en-la-paz\/\" \/>\n<meta property=\"og:locale\" content=\"es_ES\" \/>\n<meta property=\"og:type\" content=\"article\" \/>\n<meta property=\"og:title\" content=\"El Club Blitz se expande con una nueva sucursal en La Paz - El Diario - Bolivia\" \/>\n<meta property=\"og:description\" content=\"El Club Blitz de La Paz, especializado en la ense\u00f1anza y difusi\u00f3n del ajedrez, ampliar\u00e1 sus horizontes al abrir una nueva sucursal en la zona de Sopocachi, donde contar\u00e1 con el mismo servicio que ofrece al sur de la ciudad, aunque el objetivo a largo plazo es expandirse a todo el territorio nacional. Este jueves [&hellip;]\" \/>\n<meta property=\"og:url\" content=\"https:\/\/www.eldiario.net\/portal\/2021\/08\/12\/el-club-blitz-se-expande-con-una-nueva-sucursal-en-la-paz\/\" \/>\n<meta property=\"og:site_name\" content=\"El Diario - Bolivia\" \/>\n<meta property=\"article:publisher\" content=\"https:\/\/www.facebook.com\/eldiario.bolivia\/\" \/>\n<meta property=\"article:published_time\" content=\"2021-08-12T09:47:38+00:00\" \/>\n<meta name=\"author\" content=\"Jeanette\" \/>\n<meta name=\"twitter:card\" content=\"summary_large_image\" \/>\n<meta name=\"twitter:creator\" content=\"@eldiario_net\" \/>\n<meta name=\"twitter:site\" content=\"@eldiario_net\" \/>\n<meta name=\"twitter:label1\" content=\"Escrito por\" \/>\n\t<meta name=\"twitter:data1\" content=\"Jeanette\" \/>\n\t<meta name=\"twitter:label2\" content=\"Tiempo de lectura\" \/>\n\t<meta name=\"twitter:data2\" content=\"2 minutos\" \/>\n<script type=\"application\/ld+json\" class=\"yoast-schema-graph\">{\"@context\":\"https:\\\/\\\/schema.org\",\"@graph\":[{\"@type\":\"Article\",\"@id\":\"https:\\\/\\\/www.eldiario.net\\\/portal\\\/2021\\\/08\\\/12\\\/el-club-blitz-se-expande-con-una-nueva-sucursal-en-la-paz\\\/#article\",\"isPartOf\":{\"@id\":\"https:\\\/\\\/www.eldiario.net\\\/portal\\\/2021\\\/08\\\/12\\\/el-club-blitz-se-expande-con-una-nueva-sucursal-en-la-paz\\\/\"},\"author\":{\"name\":\"Jeanette\",\"@id\":\"https:\\\/\\\/www.eldiario.net\\\/portal\\\/#\\\/schema\\\/person\\\/f46445640444750d7d753ccd04ae01b7\"},\"headline\":\"El Club Blitz se expande con una nueva sucursal en La Paz\",\"datePublished\":\"2021-08-12T09:47:38+00:00\",\"mainEntityOfPage\":{\"@id\":\"https:\\\/\\\/www.eldiario.net\\\/portal\\\/2021\\\/08\\\/12\\\/el-club-blitz-se-expande-con-una-nueva-sucursal-en-la-paz\\\/\"},\"wordCount\":371,\"publisher\":{\"@id\":\"https:\\\/\\\/www.eldiario.net\\\/portal\\\/#organization\"},\"image\":{\"@id\":\"https:\\\/\\\/www.eldiario.net\\\/portal\\\/2021\\\/08\\\/12\\\/el-club-blitz-se-expande-con-una-nueva-sucursal-en-la-paz\\\/#primaryimage\"},\"thumbnailUrl\":\"\",\"articleSection\":[\"Deportes\"],\"inLanguage\":\"es\"},{\"@type\":\"WebPage\",\"@id\":\"https:\\\/\\\/www.eldiario.net\\\/portal\\\/2021\\\/08\\\/12\\\/el-club-blitz-se-expande-con-una-nueva-sucursal-en-la-paz\\\/\",\"url\":\"https:\\\/\\\/www.eldiario.net\\\/portal\\\/2021\\\/08\\\/12\\\/el-club-blitz-se-expande-con-una-nueva-sucursal-en-la-paz\\\/\",\"name\":\"El Club Blitz se expande con una nueva sucursal en La Paz - El Diario - Bolivia\",\"isPartOf\":{\"@id\":\"https:\\\/\\\/www.eldiario.net\\\/portal\\\/#website\"},\"primaryImageOfPage\":{\"@id\":\"https:\\\/\\\/www.eldiario.net\\\/portal\\\/2021\\\/08\\\/12\\\/el-club-blitz-se-expande-con-una-nueva-sucursal-en-la-paz\\\/#primaryimage\"},\"image\":{\"@id\":\"https:\\\/\\\/www.eldiario.net\\\/portal\\\/2021\\\/08\\\/12\\\/el-club-blitz-se-expande-con-una-nueva-sucursal-en-la-paz\\\/#primaryimage\"},\"thumbnailUrl\":\"\",\"datePublished\":\"2021-08-12T09:47:38+00:00\",\"breadcrumb\":{\"@id\":\"https:\\\/\\\/www.eldiario.net\\\/portal\\\/2021\\\/08\\\/12\\\/el-club-blitz-se-expande-con-una-nueva-sucursal-en-la-paz\\\/#breadcrumb\"},\"inLanguage\":\"es\",\"potentialAction\":[{\"@type\":\"ReadAction\",\"target\":[\"https:\\\/\\\/www.eldiario.net\\\/portal\\\/2021\\\/08\\\/12\\\/el-club-blitz-se-expande-con-una-nueva-sucursal-en-la-paz\\\/\"]}]},{\"@type\":\"ImageObject\",\"inLanguage\":\"es\",\"@id\":\"https:\\\/\\\/www.eldiario.net\\\/portal\\\/2021\\\/08\\\/12\\\/el-club-blitz-se-expande-con-una-nueva-sucursal-en-la-paz\\\/#primaryimage\",\"url\":\"\",\"contentUrl\":\"\"},{\"@type\":\"BreadcrumbList\",\"@id\":\"https:\\\/\\\/www.eldiario.net\\\/portal\\\/2021\\\/08\\\/12\\\/el-club-blitz-se-expande-con-una-nueva-sucursal-en-la-paz\\\/#breadcrumb\",\"itemListElement\":[{\"@type\":\"ListItem\",\"position\":1,\"name\":\"Portada\",\"item\":\"https:\\\/\\\/www.eldiario.net\\\/portal\\\/\"},{\"@type\":\"ListItem\",\"position\":2,\"name\":\"El Club Blitz se expande con una nueva sucursal en La Paz\"}]},{\"@type\":\"WebSite\",\"@id\":\"https:\\\/\\\/www.eldiario.net\\\/portal\\\/#website\",\"url\":\"https:\\\/\\\/www.eldiario.net\\\/portal\\\/\",\"name\":\"El Diario - Decano de la prensa nacional\",\"description\":\"El Diario - Decano de la prensa nacional\",\"publisher\":{\"@id\":\"https:\\\/\\\/www.eldiario.net\\\/portal\\\/#organization\"},\"potentialAction\":[{\"@type\":\"SearchAction\",\"target\":{\"@type\":\"EntryPoint\",\"urlTemplate\":\"https:\\\/\\\/www.eldiario.net\\\/portal\\\/?s={search_term_string}\"},\"query-input\":{\"@type\":\"PropertyValueSpecification\",\"valueRequired\":true,\"valueName\":\"search_term_string\"}}],\"inLanguage\":\"es\"},{\"@type\":\"Organization\",\"@id\":\"https:\\\/\\\/www.eldiario.net\\\/portal\\\/#organization\",\"name\":\"El Diario - Decano de la prensa nacional\",\"url\":\"https:\\\/\\\/www.eldiario.net\\\/portal\\\/\",\"logo\":{\"@type\":\"ImageObject\",\"inLanguage\":\"es\",\"@id\":\"https:\\\/\\\/www.eldiario.net\\\/portal\\\/#\\\/schema\\\/logo\\\/image\\\/\",\"url\":\"https:\\\/\\\/www.eldiario.net\\\/portal\\\/wp-content\\\/uploads\\\/2023\\\/07\\\/logo_ED.jpg\",\"contentUrl\":\"https:\\\/\\\/www.eldiario.net\\\/portal\\\/wp-content\\\/uploads\\\/2023\\\/07\\\/logo_ED.jpg\",\"width\":272,\"height\":52,\"caption\":\"El Diario - Decano de la prensa nacional\"},\"image\":{\"@id\":\"https:\\\/\\\/www.eldiario.net\\\/portal\\\/#\\\/schema\\\/logo\\\/image\\\/\"},\"sameAs\":[\"https:\\\/\\\/www.facebook.com\\\/eldiario.bolivia\\\/\",\"https:\\\/\\\/x.com\\\/eldiario_net\"]},{\"@type\":\"Person\",\"@id\":\"https:\\\/\\\/www.eldiario.net\\\/portal\\\/#\\\/schema\\\/person\\\/f46445640444750d7d753ccd04ae01b7\",\"name\":\"Jeanette\",\"image\":{\"@type\":\"ImageObject\",\"inLanguage\":\"es\",\"@id\":\"https:\\\/\\\/secure.gravatar.com\\\/avatar\\\/3ea2118a5f7dad2b7138b1187a6b7ee55f160b9968b66013c3a3ef39dd7e5798?s=96&d=mm&r=g\",\"url\":\"https:\\\/\\\/secure.gravatar.com\\\/avatar\\\/3ea2118a5f7dad2b7138b1187a6b7ee55f160b9968b66013c3a3ef39dd7e5798?s=96&d=mm&r=g\",\"contentUrl\":\"https:\\\/\\\/secure.gravatar.com\\\/avatar\\\/3ea2118a5f7dad2b7138b1187a6b7ee55f160b9968b66013c3a3ef39dd7e5798?s=96&d=mm&r=g\",\"caption\":\"Jeanette\"},\"sameAs\":[\"https:\\\/\\\/www.eldiario.net\\\/portal\"],\"url\":\"https:\\\/\\\/www.eldiario.net\\\/portal\\\/author\\\/jeanette\\\/\"}]}<\/script>\n<!-- \/ Yoast SEO plugin. -->","yoast_head_json":{"title":"El Club Blitz se expande con una nueva sucursal en La Paz - El Diario - Bolivia","robots":{"index":"index","follow":"follow","max-snippet":"max-snippet:-1","max-image-preview":"max-image-preview:large","max-video-preview":"max-video-preview:-1"},"canonical":"https:\/\/www.eldiario.net\/portal\/2021\/08\/12\/el-club-blitz-se-expande-con-una-nueva-sucursal-en-la-paz\/","og_locale":"es_ES","og_type":"article","og_title":"El Club Blitz se expande con una nueva sucursal en La Paz - El Diario - Bolivia","og_description":"El Club Blitz de La Paz, especializado en la ense\u00f1anza y difusi\u00f3n del ajedrez, ampliar\u00e1 sus horizontes al abrir una nueva sucursal en la zona de Sopocachi, donde contar\u00e1 con el mismo servicio que ofrece al sur de la ciudad, aunque el objetivo a largo plazo es expandirse a todo el territorio nacional. Este jueves [&hellip;]","og_url":"https:\/\/www.eldiario.net\/portal\/2021\/08\/12\/el-club-blitz-se-expande-con-una-nueva-sucursal-en-la-paz\/","og_site_name":"El Diario - Bolivia","article_publisher":"https:\/\/www.facebook.com\/eldiario.bolivia\/","article_published_time":"2021-08-12T09:47:38+00:00","author":"Jeanette","twitter_card":"summary_large_image","twitter_creator":"@eldiario_net","twitter_site":"@eldiario_net","twitter_misc":{"Escrito por":"Jeanette","Tiempo de lectura":"2 minutos"},"schema":{"@context":"https:\/\/schema.org","@graph":[{"@type":"Article","@id":"https:\/\/www.eldiario.net\/portal\/2021\/08\/12\/el-club-blitz-se-expande-con-una-nueva-sucursal-en-la-paz\/#article","isPartOf":{"@id":"https:\/\/www.eldiario.net\/portal\/2021\/08\/12\/el-club-blitz-se-expande-con-una-nueva-sucursal-en-la-paz\/"},"author":{"name":"Jeanette","@id":"https:\/\/www.eldiario.net\/portal\/#\/schema\/person\/f46445640444750d7d753ccd04ae01b7"},"headline":"El Club Blitz se expande con una nueva sucursal en La Paz","datePublished":"2021-08-12T09:47:38+00:00","mainEntityOfPage":{"@id":"https:\/\/www.eldiario.net\/portal\/2021\/08\/12\/el-club-blitz-se-expande-con-una-nueva-sucursal-en-la-paz\/"},"wordCount":371,"publisher":{"@id":"https:\/\/www.eldiario.net\/portal\/#organization"},"image":{"@id":"https:\/\/www.eldiario.net\/portal\/2021\/08\/12\/el-club-blitz-se-expande-con-una-nueva-sucursal-en-la-paz\/#primaryimage"},"thumbnailUrl":"","articleSection":["Deportes"],"inLanguage":"es"},{"@type":"WebPage","@id":"https:\/\/www.eldiario.net\/portal\/2021\/08\/12\/el-club-blitz-se-expande-con-una-nueva-sucursal-en-la-paz\/","url":"https:\/\/www.eldiario.net\/portal\/2021\/08\/12\/el-club-blitz-se-expande-con-una-nueva-sucursal-en-la-paz\/","name":"El Club Blitz se expande con una nueva sucursal en La Paz - El Diario - Bolivia","isPartOf":{"@id":"https:\/\/www.eldiario.net\/portal\/#website"},"primaryImageOfPage":{"@id":"https:\/\/www.eldiario.net\/portal\/2021\/08\/12\/el-club-blitz-se-expande-con-una-nueva-sucursal-en-la-paz\/#primaryimage"},"image":{"@id":"https:\/\/www.eldiario.net\/portal\/2021\/08\/12\/el-club-blitz-se-expande-con-una-nueva-sucursal-en-la-paz\/#primaryimage"},"thumbnailUrl":"","datePublished":"2021-08-12T09:47:38+00:00","breadcrumb":{"@id":"https:\/\/www.eldiario.net\/portal\/2021\/08\/12\/el-club-blitz-se-expande-con-una-nueva-sucursal-en-la-paz\/#breadcrumb"},"inLanguage":"es","potentialAction":[{"@type":"ReadAction","target":["https:\/\/www.eldiario.net\/portal\/2021\/08\/12\/el-club-blitz-se-expande-con-una-nueva-sucursal-en-la-paz\/"]}]},{"@type":"ImageObject","inLanguage":"es","@id":"https:\/\/www.eldiario.net\/portal\/2021\/08\/12\/el-club-blitz-se-expande-con-una-nueva-sucursal-en-la-paz\/#primaryimage","url":"","contentUrl":""},{"@type":"BreadcrumbList","@id":"https:\/\/www.eldiario.net\/portal\/2021\/08\/12\/el-club-blitz-se-expande-con-una-nueva-sucursal-en-la-paz\/#breadcrumb","itemListElement":[{"@type":"ListItem","position":1,"name":"Portada","item":"https:\/\/www.eldiario.net\/portal\/"},{"@type":"ListItem","position":2,"name":"El Club Blitz se expande con una nueva sucursal en La Paz"}]},{"@type":"WebSite","@id":"https:\/\/www.eldiario.net\/portal\/#website","url":"https:\/\/www.eldiario.net\/portal\/","name":"El Diario - Decano de la prensa nacional","description":"El Diario - Decano de la prensa nacional","publisher":{"@id":"https:\/\/www.eldiario.net\/portal\/#organization"},"potentialAction":[{"@type":"SearchAction","target":{"@type":"EntryPoint","urlTemplate":"https:\/\/www.eldiario.net\/portal\/?s={search_term_string}"},"query-input":{"@type":"PropertyValueSpecification","valueRequired":true,"valueName":"search_term_string"}}],"inLanguage":"es"},{"@type":"Organization","@id":"https:\/\/www.eldiario.net\/portal\/#organization","name":"El Diario - Decano de la prensa nacional","url":"https:\/\/www.eldiario.net\/portal\/","logo":{"@type":"ImageObject","inLanguage":"es","@id":"https:\/\/www.eldiario.net\/portal\/#\/schema\/logo\/image\/","url":"https:\/\/www.eldiario.net\/portal\/wp-content\/uploads\/2023\/07\/logo_ED.jpg","contentUrl":"https:\/\/www.eldiario.net\/portal\/wp-content\/uploads\/2023\/07\/logo_ED.jpg","width":272,"height":52,"caption":"El Diario - Decano de la prensa nacional"},"image":{"@id":"https:\/\/www.eldiario.net\/portal\/#\/schema\/logo\/image\/"},"sameAs":["https:\/\/www.facebook.com\/eldiario.bolivia\/","https:\/\/x.com\/eldiario_net"]},{"@type":"Person","@id":"https:\/\/www.eldiario.net\/portal\/#\/schema\/person\/f46445640444750d7d753ccd04ae01b7","name":"Jeanette","image":{"@type":"ImageObject","inLanguage":"es","@id":"https:\/\/secure.gravatar.com\/avatar\/3ea2118a5f7dad2b7138b1187a6b7ee55f160b9968b66013c3a3ef39dd7e5798?s=96&d=mm&r=g","url":"https:\/\/secure.gravatar.com\/avatar\/3ea2118a5f7dad2b7138b1187a6b7ee55f160b9968b66013c3a3ef39dd7e5798?s=96&d=mm&r=g","contentUrl":"https:\/\/secure.gravatar.com\/avatar\/3ea2118a5f7dad2b7138b1187a6b7ee55f160b9968b66013c3a3ef39dd7e5798?s=96&d=mm&r=g","caption":"Jeanette"},"sameAs":["https:\/\/www.eldiario.net\/portal"],"url":"https:\/\/www.eldiario.net\/portal\/author\/jeanette\/"}]}},"_links":{"self":[{"href":"https:\/\/www.eldiario.net\/portal\/wp-json\/wp\/v2\/posts\/22903","targetHints":{"allow":["GET"]}}],"collection":[{"href":"https:\/\/www.eldiario.net\/portal\/wp-json\/wp\/v2\/posts"}],"about":[{"href":"https:\/\/www.eldiario.net\/portal\/wp-json\/wp\/v2\/types\/post"}],"author":[{"embeddable":true,"href":"https:\/\/www.eldiario.net\/portal\/wp-json\/wp\/v2\/users\/1"}],"replies":[{"embeddable":true,"href":"https:\/\/www.eldiario.net\/portal\/wp-json\/wp\/v2\/comments?post=22903"}],"version-history":[{"count":0,"href":"https:\/\/www.eldiario.net\/portal\/wp-json\/wp\/v2\/posts\/22903\/revisions"}],"wp:attachment":[{"href":"https:\/\/www.eldiario.net\/portal\/wp-json\/wp\/v2\/media?parent=22903"}],"wp:term":[{"taxonomy":"category","embeddable":true,"href":"https:\/\/www.eldiario.net\/portal\/wp-json\/wp\/v2\/categories?post=22903"},{"taxonomy":"post_tag","embeddable":true,"href":"https:\/\/www.eldiario.net\/portal\/wp-json\/wp\/v2\/tags?post=22903"}],"curies":[{"name":"wp","href":"https:\/\/api.w.org\/{rel}","templated":true}]}}