{"id":22900,"date":"2021-08-12T05:46:57","date_gmt":"2021-08-12T09:46:57","guid":{"rendered":"https:\/\/www.eldiario.net\/portal\/?p=22900"},"modified":"2021-08-12T05:46:57","modified_gmt":"2021-08-12T09:46:57","slug":"pena-ilusionado-y-orgulloso-de-dirigir-a-tomayapo","status":"publish","type":"post","link":"https:\/\/www.eldiario.net\/portal\/2021\/08\/12\/pena-ilusionado-y-orgulloso-de-dirigir-a-tomayapo\/","title":{"rendered":"Pe\u00f1a: Ilusionado y orgulloso de dirigir a Tomayapo"},"content":{"rendered":"<p>\u00abComo cuerpo t\u00e9cnico venimos a aportar, tenemos una ilusi\u00f3n y me siento orgulloso por estar aqu\u00ed (en Tarija). Para enfrentar este campeonato tenemos un buen equipo, vemos que este plantel no fue avasallado por otro equipo, estamos para sumar y buscar resultados porque el f\u00fatbol es de resultados\u00bb, expres\u00f3 Guillermo \u00c1lvaro Pe\u00f1a.<\/p>\n<p>El exjugador de la Selecci\u00f3n Boliviana y entrenador, a partir de este mi\u00e9rcoles tom\u00f3 el mando del plantel de Real Tomayapo, equipo que el d\u00eda domingo se qued\u00f3 sin su t\u00e9cnico Horacio Pacheco, quien dio un paso al costado debido a que los resultados no los acompa\u00f1aron y est\u00e1 ubicado de la mitad de la tabla para abajo.<\/p>\n<p>\u00abYa comenzamos a trabajar, entre el jueves y viernes vamos a bajar las cargas\u00bb, a\u00f1adi\u00f3 el t\u00e9cnico cruce\u00f1o a quien se le aproxima su primer reto al mando del Benjam\u00edn, el d\u00eda s\u00e1bado el elenco visitar\u00e1 a Mcepal Vinto Palmaflor con el que jugar\u00e1 en el estadio F\u00e9lix Capriles, de Cochabamba desde las 17:15 y corresponde a la d\u00e9cima quinta fecha del Campeonato \u00danico de la Divisi\u00f3n Profesional.<\/p>\n<p>Pe\u00f1a, de 56 a\u00f1os de edad, recientemente estaba vinculado en el plantel de Nacional Potos\u00ed, aunque su ciclo no fue como esperaba debido a que los resultados no fueron sus mejores aliados tanto en la Copa Sudamericana como el torneo local, por lo que los dirigentes cambiaron de tim\u00f3n. Despu\u00e9s se fue rumbo a Santa Cruz desde donde fue convocado.<\/p>\n<p>\u00abEl s\u00e1bado tenemos que ir a Cochabamba a buscar un buen resultado\u00bb, destac\u00f3 el entrenador quien fue presentado este mi\u00e9rcoles por la dirigencia de Real Tomayapo a la cabeza de Danitza Soliz. \u00abSoy un t\u00e9cnico que da la oportunidad de hacer debutar a jugadores j\u00f3venes, si hay condiciones entonces hay que darles confianza, soy nacionalista\u00bb.<\/p>\n<p>Guillermo Pe\u00f1a, dirigir\u00e1 a un plantel que est\u00e1 ubicado en el d\u00e9cimo segundo puesto de la tabla de posiciones con 17 puntos. \u00abComo cuerpo t\u00e9cnico tenemos que ver quienes est\u00e1n bien y con quienes hay que trabajar, no quiero jugadores con un rendimiento de 80 por ciento, busco a futbolistas que rindan el 100 por ciento. Vengo a conformar a un equipo profesional, que sume si hay jugadores que no sirven los cambiamos con los de la reserva\u00bb.<\/p>\n<p>Pe\u00f1a, subray\u00f3 que tiene su forma de trabajo y seguir\u00e1 en ese camino, el Benjam\u00edn despu\u00e9s de jugar en Cochabamba el s\u00e1bado, voltear\u00e1 la hoja para enfrentar a Always Ready con el que jugar\u00e1 el d\u00eda martes en el estadio Municipal, de El Alto por la d\u00e9cima sexta fecha del Campeonato \u00danico de la Divisi\u00f3n Profesional.<\/p>\n","protected":false},"excerpt":{"rendered":"<p>\u00abComo cuerpo t\u00e9cnico venimos a aportar, tenemos una ilusi\u00f3n y me siento orgulloso por estar aqu\u00ed (en Tarija). Para enfrentar este campeonato tenemos un buen equipo, vemos que este plantel no fue avasallado por otro equipo, estamos para sumar y buscar resultados porque el f\u00fatbol es de resultados\u00bb, expres\u00f3 Guillermo \u00c1lvaro Pe\u00f1a. El exjugador de [&hellip;]<\/p>\n","protected":false},"author":1,"featured_media":22901,"comment_status":"closed","ping_status":"closed","sticky":false,"template":"","format":"standard","meta":{"_acf_changed":false,"footnotes":""},"categories":[6],"tags":[],"class_list":["post-22900","post","type-post","status-publish","format-standard","has-post-thumbnail","category-deportes"],"acf":{"antetitulo":""},"yoast_head":"<!-- This site is optimized with the Yoast SEO plugin v28.3 - https:\/\/yoast.com\/product\/yoast-seo-wordpress\/ -->\n<title>Pe\u00f1a: Ilusionado y orgulloso de dirigir a Tomayapo - El Diario - Bolivia<\/title>\n<meta name=\"robots\" content=\"index, follow, max-snippet:-1, max-image-preview:large, max-video-preview:-1\" \/>\n<link rel=\"canonical\" href=\"https:\/\/www.eldiario.net\/portal\/2021\/08\/12\/pena-ilusionado-y-orgulloso-de-dirigir-a-tomayapo\/\" \/>\n<meta property=\"og:locale\" content=\"es_ES\" \/>\n<meta property=\"og:type\" content=\"article\" \/>\n<meta property=\"og:title\" content=\"Pe\u00f1a: Ilusionado y orgulloso de dirigir a Tomayapo - El Diario - Bolivia\" \/>\n<meta property=\"og:description\" content=\"\u00abComo cuerpo t\u00e9cnico venimos a aportar, tenemos una ilusi\u00f3n y me siento orgulloso por estar aqu\u00ed (en Tarija). Para enfrentar este campeonato tenemos un buen equipo, vemos que este plantel no fue avasallado por otro equipo, estamos para sumar y buscar resultados porque el f\u00fatbol es de resultados\u00bb, expres\u00f3 Guillermo \u00c1lvaro Pe\u00f1a. El exjugador de [&hellip;]\" \/>\n<meta property=\"og:url\" content=\"https:\/\/www.eldiario.net\/portal\/2021\/08\/12\/pena-ilusionado-y-orgulloso-de-dirigir-a-tomayapo\/\" \/>\n<meta property=\"og:site_name\" content=\"El Diario - Bolivia\" \/>\n<meta property=\"article:publisher\" content=\"https:\/\/www.facebook.com\/eldiario.bolivia\/\" \/>\n<meta property=\"article:published_time\" content=\"2021-08-12T09:46:57+00:00\" \/>\n<meta name=\"author\" content=\"Jeanette\" \/>\n<meta name=\"twitter:card\" content=\"summary_large_image\" \/>\n<meta name=\"twitter:creator\" content=\"@eldiario_net\" \/>\n<meta name=\"twitter:site\" content=\"@eldiario_net\" \/>\n<meta name=\"twitter:label1\" content=\"Escrito por\" \/>\n\t<meta name=\"twitter:data1\" content=\"Jeanette\" \/>\n\t<meta name=\"twitter:label2\" content=\"Tiempo de lectura\" \/>\n\t<meta name=\"twitter:data2\" content=\"2 minutos\" \/>\n<script type=\"application\/ld+json\" class=\"yoast-schema-graph\">{\"@context\":\"https:\\\/\\\/schema.org\",\"@graph\":[{\"@type\":\"Article\",\"@id\":\"https:\\\/\\\/www.eldiario.net\\\/portal\\\/2021\\\/08\\\/12\\\/pena-ilusionado-y-orgulloso-de-dirigir-a-tomayapo\\\/#article\",\"isPartOf\":{\"@id\":\"https:\\\/\\\/www.eldiario.net\\\/portal\\\/2021\\\/08\\\/12\\\/pena-ilusionado-y-orgulloso-de-dirigir-a-tomayapo\\\/\"},\"author\":{\"name\":\"Jeanette\",\"@id\":\"https:\\\/\\\/www.eldiario.net\\\/portal\\\/#\\\/schema\\\/person\\\/f46445640444750d7d753ccd04ae01b7\"},\"headline\":\"Pe\u00f1a: Ilusionado y orgulloso de dirigir a Tomayapo\",\"datePublished\":\"2021-08-12T09:46:57+00:00\",\"mainEntityOfPage\":{\"@id\":\"https:\\\/\\\/www.eldiario.net\\\/portal\\\/2021\\\/08\\\/12\\\/pena-ilusionado-y-orgulloso-de-dirigir-a-tomayapo\\\/\"},\"wordCount\":468,\"publisher\":{\"@id\":\"https:\\\/\\\/www.eldiario.net\\\/portal\\\/#organization\"},\"image\":{\"@id\":\"https:\\\/\\\/www.eldiario.net\\\/portal\\\/2021\\\/08\\\/12\\\/pena-ilusionado-y-orgulloso-de-dirigir-a-tomayapo\\\/#primaryimage\"},\"thumbnailUrl\":\"\",\"articleSection\":[\"Deportes\"],\"inLanguage\":\"es\"},{\"@type\":\"WebPage\",\"@id\":\"https:\\\/\\\/www.eldiario.net\\\/portal\\\/2021\\\/08\\\/12\\\/pena-ilusionado-y-orgulloso-de-dirigir-a-tomayapo\\\/\",\"url\":\"https:\\\/\\\/www.eldiario.net\\\/portal\\\/2021\\\/08\\\/12\\\/pena-ilusionado-y-orgulloso-de-dirigir-a-tomayapo\\\/\",\"name\":\"Pe\u00f1a: Ilusionado y orgulloso de dirigir a Tomayapo - El Diario - Bolivia\",\"isPartOf\":{\"@id\":\"https:\\\/\\\/www.eldiario.net\\\/portal\\\/#website\"},\"primaryImageOfPage\":{\"@id\":\"https:\\\/\\\/www.eldiario.net\\\/portal\\\/2021\\\/08\\\/12\\\/pena-ilusionado-y-orgulloso-de-dirigir-a-tomayapo\\\/#primaryimage\"},\"image\":{\"@id\":\"https:\\\/\\\/www.eldiario.net\\\/portal\\\/2021\\\/08\\\/12\\\/pena-ilusionado-y-orgulloso-de-dirigir-a-tomayapo\\\/#primaryimage\"},\"thumbnailUrl\":\"\",\"datePublished\":\"2021-08-12T09:46:57+00:00\",\"breadcrumb\":{\"@id\":\"https:\\\/\\\/www.eldiario.net\\\/portal\\\/2021\\\/08\\\/12\\\/pena-ilusionado-y-orgulloso-de-dirigir-a-tomayapo\\\/#breadcrumb\"},\"inLanguage\":\"es\",\"potentialAction\":[{\"@type\":\"ReadAction\",\"target\":[\"https:\\\/\\\/www.eldiario.net\\\/portal\\\/2021\\\/08\\\/12\\\/pena-ilusionado-y-orgulloso-de-dirigir-a-tomayapo\\\/\"]}]},{\"@type\":\"ImageObject\",\"inLanguage\":\"es\",\"@id\":\"https:\\\/\\\/www.eldiario.net\\\/portal\\\/2021\\\/08\\\/12\\\/pena-ilusionado-y-orgulloso-de-dirigir-a-tomayapo\\\/#primaryimage\",\"url\":\"\",\"contentUrl\":\"\"},{\"@type\":\"BreadcrumbList\",\"@id\":\"https:\\\/\\\/www.eldiario.net\\\/portal\\\/2021\\\/08\\\/12\\\/pena-ilusionado-y-orgulloso-de-dirigir-a-tomayapo\\\/#breadcrumb\",\"itemListElement\":[{\"@type\":\"ListItem\",\"position\":1,\"name\":\"Portada\",\"item\":\"https:\\\/\\\/www.eldiario.net\\\/portal\\\/\"},{\"@type\":\"ListItem\",\"position\":2,\"name\":\"Pe\u00f1a: Ilusionado y orgulloso de dirigir a Tomayapo\"}]},{\"@type\":\"WebSite\",\"@id\":\"https:\\\/\\\/www.eldiario.net\\\/portal\\\/#website\",\"url\":\"https:\\\/\\\/www.eldiario.net\\\/portal\\\/\",\"name\":\"El Diario - Decano de la prensa nacional\",\"description\":\"El Diario - Decano de la prensa nacional\",\"publisher\":{\"@id\":\"https:\\\/\\\/www.eldiario.net\\\/portal\\\/#organization\"},\"potentialAction\":[{\"@type\":\"SearchAction\",\"target\":{\"@type\":\"EntryPoint\",\"urlTemplate\":\"https:\\\/\\\/www.eldiario.net\\\/portal\\\/?s={search_term_string}\"},\"query-input\":{\"@type\":\"PropertyValueSpecification\",\"valueRequired\":true,\"valueName\":\"search_term_string\"}}],\"inLanguage\":\"es\"},{\"@type\":\"Organization\",\"@id\":\"https:\\\/\\\/www.eldiario.net\\\/portal\\\/#organization\",\"name\":\"El Diario - Decano de la prensa nacional\",\"url\":\"https:\\\/\\\/www.eldiario.net\\\/portal\\\/\",\"logo\":{\"@type\":\"ImageObject\",\"inLanguage\":\"es\",\"@id\":\"https:\\\/\\\/www.eldiario.net\\\/portal\\\/#\\\/schema\\\/logo\\\/image\\\/\",\"url\":\"https:\\\/\\\/www.eldiario.net\\\/portal\\\/wp-content\\\/uploads\\\/2023\\\/07\\\/logo_ED.jpg\",\"contentUrl\":\"https:\\\/\\\/www.eldiario.net\\\/portal\\\/wp-content\\\/uploads\\\/2023\\\/07\\\/logo_ED.jpg\",\"width\":272,\"height\":52,\"caption\":\"El Diario - Decano de la prensa nacional\"},\"image\":{\"@id\":\"https:\\\/\\\/www.eldiario.net\\\/portal\\\/#\\\/schema\\\/logo\\\/image\\\/\"},\"sameAs\":[\"https:\\\/\\\/www.facebook.com\\\/eldiario.bolivia\\\/\",\"https:\\\/\\\/x.com\\\/eldiario_net\"]},{\"@type\":\"Person\",\"@id\":\"https:\\\/\\\/www.eldiario.net\\\/portal\\\/#\\\/schema\\\/person\\\/f46445640444750d7d753ccd04ae01b7\",\"name\":\"Jeanette\",\"image\":{\"@type\":\"ImageObject\",\"inLanguage\":\"es\",\"@id\":\"https:\\\/\\\/secure.gravatar.com\\\/avatar\\\/3ea2118a5f7dad2b7138b1187a6b7ee55f160b9968b66013c3a3ef39dd7e5798?s=96&d=mm&r=g\",\"url\":\"https:\\\/\\\/secure.gravatar.com\\\/avatar\\\/3ea2118a5f7dad2b7138b1187a6b7ee55f160b9968b66013c3a3ef39dd7e5798?s=96&d=mm&r=g\",\"contentUrl\":\"https:\\\/\\\/secure.gravatar.com\\\/avatar\\\/3ea2118a5f7dad2b7138b1187a6b7ee55f160b9968b66013c3a3ef39dd7e5798?s=96&d=mm&r=g\",\"caption\":\"Jeanette\"},\"sameAs\":[\"https:\\\/\\\/www.eldiario.net\\\/portal\"],\"url\":\"https:\\\/\\\/www.eldiario.net\\\/portal\\\/author\\\/jeanette\\\/\"}]}<\/script>\n<!-- \/ Yoast SEO plugin. -->","yoast_head_json":{"title":"Pe\u00f1a: Ilusionado y orgulloso de dirigir a Tomayapo - El Diario - Bolivia","robots":{"index":"index","follow":"follow","max-snippet":"max-snippet:-1","max-image-preview":"max-image-preview:large","max-video-preview":"max-video-preview:-1"},"canonical":"https:\/\/www.eldiario.net\/portal\/2021\/08\/12\/pena-ilusionado-y-orgulloso-de-dirigir-a-tomayapo\/","og_locale":"es_ES","og_type":"article","og_title":"Pe\u00f1a: Ilusionado y orgulloso de dirigir a Tomayapo - El Diario - Bolivia","og_description":"\u00abComo cuerpo t\u00e9cnico venimos a aportar, tenemos una ilusi\u00f3n y me siento orgulloso por estar aqu\u00ed (en Tarija). Para enfrentar este campeonato tenemos un buen equipo, vemos que este plantel no fue avasallado por otro equipo, estamos para sumar y buscar resultados porque el f\u00fatbol es de resultados\u00bb, expres\u00f3 Guillermo \u00c1lvaro Pe\u00f1a. El exjugador de [&hellip;]","og_url":"https:\/\/www.eldiario.net\/portal\/2021\/08\/12\/pena-ilusionado-y-orgulloso-de-dirigir-a-tomayapo\/","og_site_name":"El Diario - Bolivia","article_publisher":"https:\/\/www.facebook.com\/eldiario.bolivia\/","article_published_time":"2021-08-12T09:46:57+00:00","author":"Jeanette","twitter_card":"summary_large_image","twitter_creator":"@eldiario_net","twitter_site":"@eldiario_net","twitter_misc":{"Escrito por":"Jeanette","Tiempo de lectura":"2 minutos"},"schema":{"@context":"https:\/\/schema.org","@graph":[{"@type":"Article","@id":"https:\/\/www.eldiario.net\/portal\/2021\/08\/12\/pena-ilusionado-y-orgulloso-de-dirigir-a-tomayapo\/#article","isPartOf":{"@id":"https:\/\/www.eldiario.net\/portal\/2021\/08\/12\/pena-ilusionado-y-orgulloso-de-dirigir-a-tomayapo\/"},"author":{"name":"Jeanette","@id":"https:\/\/www.eldiario.net\/portal\/#\/schema\/person\/f46445640444750d7d753ccd04ae01b7"},"headline":"Pe\u00f1a: Ilusionado y orgulloso de dirigir a Tomayapo","datePublished":"2021-08-12T09:46:57+00:00","mainEntityOfPage":{"@id":"https:\/\/www.eldiario.net\/portal\/2021\/08\/12\/pena-ilusionado-y-orgulloso-de-dirigir-a-tomayapo\/"},"wordCount":468,"publisher":{"@id":"https:\/\/www.eldiario.net\/portal\/#organization"},"image":{"@id":"https:\/\/www.eldiario.net\/portal\/2021\/08\/12\/pena-ilusionado-y-orgulloso-de-dirigir-a-tomayapo\/#primaryimage"},"thumbnailUrl":"","articleSection":["Deportes"],"inLanguage":"es"},{"@type":"WebPage","@id":"https:\/\/www.eldiario.net\/portal\/2021\/08\/12\/pena-ilusionado-y-orgulloso-de-dirigir-a-tomayapo\/","url":"https:\/\/www.eldiario.net\/portal\/2021\/08\/12\/pena-ilusionado-y-orgulloso-de-dirigir-a-tomayapo\/","name":"Pe\u00f1a: Ilusionado y orgulloso de dirigir a Tomayapo - El Diario - Bolivia","isPartOf":{"@id":"https:\/\/www.eldiario.net\/portal\/#website"},"primaryImageOfPage":{"@id":"https:\/\/www.eldiario.net\/portal\/2021\/08\/12\/pena-ilusionado-y-orgulloso-de-dirigir-a-tomayapo\/#primaryimage"},"image":{"@id":"https:\/\/www.eldiario.net\/portal\/2021\/08\/12\/pena-ilusionado-y-orgulloso-de-dirigir-a-tomayapo\/#primaryimage"},"thumbnailUrl":"","datePublished":"2021-08-12T09:46:57+00:00","breadcrumb":{"@id":"https:\/\/www.eldiario.net\/portal\/2021\/08\/12\/pena-ilusionado-y-orgulloso-de-dirigir-a-tomayapo\/#breadcrumb"},"inLanguage":"es","potentialAction":[{"@type":"ReadAction","target":["https:\/\/www.eldiario.net\/portal\/2021\/08\/12\/pena-ilusionado-y-orgulloso-de-dirigir-a-tomayapo\/"]}]},{"@type":"ImageObject","inLanguage":"es","@id":"https:\/\/www.eldiario.net\/portal\/2021\/08\/12\/pena-ilusionado-y-orgulloso-de-dirigir-a-tomayapo\/#primaryimage","url":"","contentUrl":""},{"@type":"BreadcrumbList","@id":"https:\/\/www.eldiario.net\/portal\/2021\/08\/12\/pena-ilusionado-y-orgulloso-de-dirigir-a-tomayapo\/#breadcrumb","itemListElement":[{"@type":"ListItem","position":1,"name":"Portada","item":"https:\/\/www.eldiario.net\/portal\/"},{"@type":"ListItem","position":2,"name":"Pe\u00f1a: Ilusionado y orgulloso de dirigir a Tomayapo"}]},{"@type":"WebSite","@id":"https:\/\/www.eldiario.net\/portal\/#website","url":"https:\/\/www.eldiario.net\/portal\/","name":"El Diario - Decano de la prensa nacional","description":"El Diario - Decano de la prensa nacional","publisher":{"@id":"https:\/\/www.eldiario.net\/portal\/#organization"},"potentialAction":[{"@type":"SearchAction","target":{"@type":"EntryPoint","urlTemplate":"https:\/\/www.eldiario.net\/portal\/?s={search_term_string}"},"query-input":{"@type":"PropertyValueSpecification","valueRequired":true,"valueName":"search_term_string"}}],"inLanguage":"es"},{"@type":"Organization","@id":"https:\/\/www.eldiario.net\/portal\/#organization","name":"El Diario - Decano de la prensa nacional","url":"https:\/\/www.eldiario.net\/portal\/","logo":{"@type":"ImageObject","inLanguage":"es","@id":"https:\/\/www.eldiario.net\/portal\/#\/schema\/logo\/image\/","url":"https:\/\/www.eldiario.net\/portal\/wp-content\/uploads\/2023\/07\/logo_ED.jpg","contentUrl":"https:\/\/www.eldiario.net\/portal\/wp-content\/uploads\/2023\/07\/logo_ED.jpg","width":272,"height":52,"caption":"El Diario - Decano de la prensa nacional"},"image":{"@id":"https:\/\/www.eldiario.net\/portal\/#\/schema\/logo\/image\/"},"sameAs":["https:\/\/www.facebook.com\/eldiario.bolivia\/","https:\/\/x.com\/eldiario_net"]},{"@type":"Person","@id":"https:\/\/www.eldiario.net\/portal\/#\/schema\/person\/f46445640444750d7d753ccd04ae01b7","name":"Jeanette","image":{"@type":"ImageObject","inLanguage":"es","@id":"https:\/\/secure.gravatar.com\/avatar\/3ea2118a5f7dad2b7138b1187a6b7ee55f160b9968b66013c3a3ef39dd7e5798?s=96&d=mm&r=g","url":"https:\/\/secure.gravatar.com\/avatar\/3ea2118a5f7dad2b7138b1187a6b7ee55f160b9968b66013c3a3ef39dd7e5798?s=96&d=mm&r=g","contentUrl":"https:\/\/secure.gravatar.com\/avatar\/3ea2118a5f7dad2b7138b1187a6b7ee55f160b9968b66013c3a3ef39dd7e5798?s=96&d=mm&r=g","caption":"Jeanette"},"sameAs":["https:\/\/www.eldiario.net\/portal"],"url":"https:\/\/www.eldiario.net\/portal\/author\/jeanette\/"}]}},"_links":{"self":[{"href":"https:\/\/www.eldiario.net\/portal\/wp-json\/wp\/v2\/posts\/22900","targetHints":{"allow":["GET"]}}],"collection":[{"href":"https:\/\/www.eldiario.net\/portal\/wp-json\/wp\/v2\/posts"}],"about":[{"href":"https:\/\/www.eldiario.net\/portal\/wp-json\/wp\/v2\/types\/post"}],"author":[{"embeddable":true,"href":"https:\/\/www.eldiario.net\/portal\/wp-json\/wp\/v2\/users\/1"}],"replies":[{"embeddable":true,"href":"https:\/\/www.eldiario.net\/portal\/wp-json\/wp\/v2\/comments?post=22900"}],"version-history":[{"count":0,"href":"https:\/\/www.eldiario.net\/portal\/wp-json\/wp\/v2\/posts\/22900\/revisions"}],"wp:attachment":[{"href":"https:\/\/www.eldiario.net\/portal\/wp-json\/wp\/v2\/media?parent=22900"}],"wp:term":[{"taxonomy":"category","embeddable":true,"href":"https:\/\/www.eldiario.net\/portal\/wp-json\/wp\/v2\/categories?post=22900"},{"taxonomy":"post_tag","embeddable":true,"href":"https:\/\/www.eldiario.net\/portal\/wp-json\/wp\/v2\/tags?post=22900"}],"curies":[{"name":"wp","href":"https:\/\/api.w.org\/{rel}","templated":true}]}}