{"id":228978,"date":"2024-06-22T10:36:31","date_gmt":"2024-06-22T14:36:31","guid":{"rendered":"https:\/\/www.eldiario.net\/portal\/?p=228978"},"modified":"2024-06-22T10:36:31","modified_gmt":"2024-06-22T14:36:31","slug":"warmi-munachi-presenta-peter-pan-las-ninas-perdidas-y-otros-cuentos","status":"publish","type":"post","link":"https:\/\/www.eldiario.net\/portal\/2024\/06\/22\/warmi-munachi-presenta-peter-pan-las-ninas-perdidas-y-otros-cuentos\/","title":{"rendered":"Warmi Munachi presenta Peter Pan,  las ni\u00f1as perdidas y otros cuentos"},"content":{"rendered":"<p><em>Peter Pan, las ni\u00f1as perdidas y otros cuentos<\/em> es el nombre de la obra que pondr\u00e1 en escena el elenco de Warmi Munachi el mi\u00e9rcoles 26 de junio, a horas 19:00, en el Teatro Nuna (calle 21 de Calacoto No. 8509, Parada PumaKatari, zona sur de ciudad).<\/p>\n<p>Peter Pan es un personaje ficticio creado por el escritor escoc\u00e9s James Matthew Barrie para una obra de teatro estrenada en Londres el 27 de diciembre de 1904, llamada <em>Peter Pan y Wendy<\/em>.<\/p>\n<p>A partir del cuento cl\u00e1sico de la literatura universal, Jhazel Vargas Andrade y Rafael Luna Gramajo realizaron una adaptaci\u00f3n dirigida hacia la concientizaci\u00f3n y prevenci\u00f3n del maltrato infantil, a la cabeza de Warmi Munachi, elenco conformado por actores y actrices, ni\u00f1os, ni\u00f1as\u00a0 y adolescentes que, despu\u00e9s de tres a\u00f1os consecutivos de formaci\u00f3n art\u00edstica teatral, en esta oportunidad vuelven a subir al escenario con su quinta obra <em>Peter Pan, las ni\u00f1as perdidas y otros cuentos<\/em>, para deleitar al p\u00fablico con su carisma e historias, muchas de ellas basadas en sus propias experiencias.<\/p>\n<p>El teatro tambi\u00e9n se convierte en la voz de los silenciados o de los que no tienen voz; denuncia, informa y transforma.<\/p>\n<p>Son 31 peque\u00f1os grandes actores desde los 5 a los 16 a\u00f1os.<\/p>\n<p>Peter es un ni\u00f1o que nunca crece, tiene 9 a\u00f1os. El mundo de los adultos, su prisa por el tiempo y su poca paciencia lo han atormentado. Vive en el pa\u00eds de <em>Nunca Jam\u00e1s<\/em> con sus amigas, las ni\u00f1as perdidas, quienes fueron rescatadas por \u00e9l en los momentos m\u00e1s tr\u00e1gicos de su vida, desde la crueldad del abandono, castigos extremos, indiferencia, racismo y discriminaci\u00f3n y la crudeza de una guerra vista desde los ojos de las ni\u00f1as. Tambi\u00e9n lo acompa\u00f1a Campanita, su leal hada amiga, que en alg\u00fan momento, como todos, sufre una crisis de inseguridad y falta de autoestima, pero que gracias al apoyo y escucha de sus amigas logra superarlo.<\/p>\n<p>En <em>Nunca Jam\u00e1s <\/em>tambi\u00e9n vive el capit\u00e1n Garfio, quien fue rescatado por el Sr. Smith. Sus padres quer\u00edan convertirlo en un peque\u00f1o adulto, encasillado en obedecer las reglas. Ellos, los piratas y Tik Tok, conforman otra familia unida con diferentes ideales.<\/p>\n<p>\u201cPrincipalmente la obra hace hincapi\u00e9 en que la ni\u00f1ez es la etapa m\u00e1s ef\u00edmera pero la m\u00e1s importante, un tesoro que deber\u00eda ser cuidado delicada y amorosamente por los padres, pues los ni\u00f1os y ni\u00f1as son el futuro de la humanidad, que cada vez es m\u00e1s indiferente a la vida misma y eso debe cambiar. Lo m\u00e1s importante, a pesar de que trascurra el tiempo y los a\u00f1os te conviertan en un adulto, ese ni\u00f1o que vive en ti puede aflorar cuando lo liberes, con tu inocencia, con tu capacidad de asombro, con tus ganas de jugar y por supuesto de so\u00f1ar\u201d, se menciona en la nota de prensa de la obra <em>Peter Pan, las ni\u00f1as perdidas y otros cuento<\/em>s, la quinta que presenta el elenco de Warmi Munachi, luego de Melcocha Navidad, Hansel y Gretel, Los M\u00fasicos de Achachai y El Grinch.<\/p>\n<p><strong>WARMI MUNACHI<\/strong><\/p>\n<p>Warmi Munachi es una \u00abconstelaci\u00f3n art\u00edstica y cultural para ni\u00f1os y adolescentes\u00bb.<\/p>\n<p>Est\u00e1 conformada por los siguientes profesores:<\/p>\n<p>Jhazel Vargas Andrade, actriz de Mondacca\/Teatro hace 19 a\u00f1os, uno de los elencos m\u00e1s importantes y representativos del pa\u00eds. Es docente de teatro para ni\u00f1os desde el 2016, profesora de teatro del colegio FEPPA San Calixto y directora de Warmi Munachi.<\/p>\n<p>Rafael Luna Gramajo, de nacionalidad argentina, es docente de literatura, maestro de tango y milonga desde hace m\u00e1s de 27 a\u00f1os, instructor de teatro y artes esc\u00e9nicas.<\/p>\n<p>Ramiro Vargas R\u00edos es maestro de arte esc\u00e9nico y pantomima en el Taller Nacional de Teatro dependiente del Viceministerio de Cultura desde el a\u00f1o 1992.<\/p>\n<p>Es arquitecto, escen\u00f3grafo, actor de cine, teatro y pedagogo teatral desde hace 45 a\u00f1os.<\/p>\n<p>\u201cEl objetivo principal de nuestras clases modulares es: Conectar la creatividad con el \u00e1rea afectiva y emocional de los ni\u00f1os, ni\u00f1as y adolescentes a trav\u00e9s de distintas t\u00e9cnicas teatrales para el desarrollo de la personalidad, seguridad y autoestima gracias al juego dram\u00e1tico en sus diferentes t\u00e9cnicas. Trabajar y\u00a0 potenciar la voz y el cuerpo como herramienta de comunicaci\u00f3n, para as\u00ed realizar una puesta en escena, mostrando su talento y evoluci\u00f3n art\u00edstica desde la adaptaci\u00f3n de cuentos y creaci\u00f3n colectiva\u201d, comenta la directora Jhazel Vargas Andrade.<\/p>\n<p>Las clases son dictadas todo el a\u00f1o y los alumnos se pueden sumar a los distintos niveles, pues en cada uno se aprende una t\u00e9cnica diferente.<\/p>\n<p>Grupo A: Martes y jueves de 17:00 a 18:15 (Edades de 14 a 18 a\u00f1os)<\/p>\n<p>Grupo B: Mi\u00e9rcoles y viernes (Edades de 7 a 13 a\u00f1os)<\/p>\n<p>\u00bfD\u00f3nde se imparten las clases?<\/p>\n<p>La Paz, Bolivia. Teatro Nuna, Calle 21 de Calacoto #8509 (Parada PumaKatari)<\/p>\n<p>Informes y reservas mediante el 79108017<\/p>\n<p><strong>Futuros proyectos:<\/strong> Ser\u00e1n abiertos cursos de teatro para vacaciones invernales, posteriormente continuar\u00e1n con las clases modulares que tendr\u00e1n una presentaci\u00f3n en noviembre y, lo m\u00e1s importante, en este a\u00f1o se organizar\u00e1 el Primer Festival Departamental de Teatro Infantil y Juvenil Warmi Munachi.<\/p>\n\r\n                <style type=\"text\/css\">\r\n                    \r\n                    #tdi_1  .td-doubleSlider-2 .td-item1 {\r\n                        background: url(https:\/\/www.eldiario.net\/portal\/wp-content\/uploads\/2024\/06\/1-PRINCIPAL-2-80x60.jpg) 0 0 no-repeat;\r\n                    }\r\n                    #tdi_1  .td-doubleSlider-2 .td-item2 {\r\n                        background: url(https:\/\/www.eldiario.net\/portal\/wp-content\/uploads\/2024\/06\/2-1-1-80x60.jpg) 0 0 no-repeat;\r\n                    }\r\n                    #tdi_1  .td-doubleSlider-2 .td-item3 {\r\n                        background: url(https:\/\/www.eldiario.net\/portal\/wp-content\/uploads\/2024\/06\/3-1-3-80x60.jpg) 0 0 no-repeat;\r\n                    }\r\n                    #tdi_1  .td-doubleSlider-2 .td-item4 {\r\n                        background: url(https:\/\/www.eldiario.net\/portal\/wp-content\/uploads\/2024\/06\/4-1-1-80x60.jpg) 0 0 no-repeat;\r\n                    }\r\n                    #tdi_1  .td-doubleSlider-2 .td-item5 {\r\n                        background: url(https:\/\/www.eldiario.net\/portal\/wp-content\/uploads\/2024\/06\/5-1-2-80x60.jpg) 0 0 no-repeat;\r\n                    }\r\n                    #tdi_1  .td-doubleSlider-2 .td-item6 {\r\n                        background: url(https:\/\/www.eldiario.net\/portal\/wp-content\/uploads\/2024\/06\/6--80x60.jpg) 0 0 no-repeat;\r\n                    }\r\n                    #tdi_1  .td-doubleSlider-2 .td-item7 {\r\n                        background: url(https:\/\/www.eldiario.net\/portal\/wp-content\/uploads\/2024\/06\/7--80x60.jpg) 0 0 no-repeat;\r\n                    }\r\n                <\/style>\r\n\r\n                <div id=\"tdi_1\" class=\"td-gallery td-slide-on-2-columns\">\r\n                    <div class=\"post_td_gallery\">\r\n                        <div class=\"td-gallery-slide-top\">\r\n                           <div class=\"td-gallery-title\"><\/div>\r\n\r\n                            <div class=\"td-gallery-controls-wrapper\">\r\n                                <div class=\"td-gallery-slide-count\"><span class=\"td-gallery-slide-item-focus\">1<\/span> de 7<\/div>\r\n                                <div class=\"td-gallery-slide-prev-next-but\">\r\n                                    <i class = \"td-icon-left doubleSliderPrevButton\"><\/i>\r\n                                    <i class = \"td-icon-right doubleSliderNextButton\"><\/i>\r\n                                <\/div>\r\n                            <\/div>\r\n                        <\/div>\r\n\r\n                        <div class = \"td-doubleSlider-1 \">\r\n                            <div class = \"td-slider\">\r\n                                \r\n                    <div class = \"td-slide-item td-item1\">\r\n                        <figure class=\"td-slide-galery-figure td-slide-popup-gallery\">\r\n                            <a class=\"slide-gallery-image-link\" href=\"https:\/\/www.eldiario.net\/portal\/wp-content\/uploads\/2024\/06\/1-PRINCIPAL-2.jpg\" title=\"1-PRINCIPAL\"  data-caption=\"\"  data-description=\"\">\r\n                                <img decoding=\"async\" src=\"https:\/\/www.eldiario.net\/portal\/wp-content\/uploads\/2024\/06\/1-PRINCIPAL-2-840x420.jpg\" srcset=\"https:\/\/www.eldiario.net\/portal\/wp-content\/uploads\/2024\/06\/1-PRINCIPAL-2-840x420.jpg 840w, https:\/\/www.eldiario.net\/portal\/wp-content\/uploads\/2024\/06\/1-PRINCIPAL-2-300x150.jpg 300w, https:\/\/www.eldiario.net\/portal\/wp-content\/uploads\/2024\/06\/1-PRINCIPAL-2-1024x512.jpg 1024w, https:\/\/www.eldiario.net\/portal\/wp-content\/uploads\/2024\/06\/1-PRINCIPAL-2-768x384.jpg 768w, https:\/\/www.eldiario.net\/portal\/wp-content\/uploads\/2024\/06\/1-PRINCIPAL-2-696x348.jpg 696w, https:\/\/www.eldiario.net\/portal\/wp-content\/uploads\/2024\/06\/1-PRINCIPAL-2-1068x534.jpg 1068w, https:\/\/www.eldiario.net\/portal\/wp-content\/uploads\/2024\/06\/1-PRINCIPAL-2.jpg 1194w\" sizes=\"(max-width: 840px) 100vw, 840px\" alt=\"\">\r\n                            <\/a>\r\n                            \r\n                        <\/figure>\r\n                    <\/div>\r\n                    <div class = \"td-slide-item td-item2\">\r\n                        <figure class=\"td-slide-galery-figure td-slide-popup-gallery\">\r\n                            <a class=\"slide-gallery-image-link\" href=\"https:\/\/www.eldiario.net\/portal\/wp-content\/uploads\/2024\/06\/2-1-1.jpg\" title=\"2-\"  data-caption=\"\"  data-description=\"\">\r\n                                <img decoding=\"async\" src=\"https:\/\/www.eldiario.net\/portal\/wp-content\/uploads\/2024\/06\/2-1-1-880x420.jpg\" srcset=\"https:\/\/www.eldiario.net\/portal\/wp-content\/uploads\/2024\/06\/2-1-1-880x420.jpg 880w, https:\/\/www.eldiario.net\/portal\/wp-content\/uploads\/2024\/06\/2-1-1-300x143.jpg 300w, https:\/\/www.eldiario.net\/portal\/wp-content\/uploads\/2024\/06\/2-1-1-1024x489.jpg 1024w, https:\/\/www.eldiario.net\/portal\/wp-content\/uploads\/2024\/06\/2-1-1-768x367.jpg 768w, https:\/\/www.eldiario.net\/portal\/wp-content\/uploads\/2024\/06\/2-1-1-696x332.jpg 696w, https:\/\/www.eldiario.net\/portal\/wp-content\/uploads\/2024\/06\/2-1-1-1068x510.jpg 1068w, https:\/\/www.eldiario.net\/portal\/wp-content\/uploads\/2024\/06\/2-1-1.jpg 1200w\" sizes=\"(max-width: 880px) 100vw, 880px\" alt=\"\">\r\n                            <\/a>\r\n                            \r\n                        <\/figure>\r\n                    <\/div>\r\n                    <div class = \"td-slide-item td-item3\">\r\n                        <figure class=\"td-slide-galery-figure td-slide-popup-gallery\">\r\n                            <a class=\"slide-gallery-image-link\" href=\"https:\/\/www.eldiario.net\/portal\/wp-content\/uploads\/2024\/06\/3-1-3.jpg\" title=\"3-\"  data-caption=\"\"  data-description=\"\">\r\n                                <img decoding=\"async\" src=\"https:\/\/www.eldiario.net\/portal\/wp-content\/uploads\/2024\/06\/3-1-3-880x420.jpg\" srcset=\"https:\/\/www.eldiario.net\/portal\/wp-content\/uploads\/2024\/06\/3-1-3-880x420.jpg 880w, https:\/\/www.eldiario.net\/portal\/wp-content\/uploads\/2024\/06\/3-1-3-300x143.jpg 300w, https:\/\/www.eldiario.net\/portal\/wp-content\/uploads\/2024\/06\/3-1-3-1024x489.jpg 1024w, https:\/\/www.eldiario.net\/portal\/wp-content\/uploads\/2024\/06\/3-1-3-768x367.jpg 768w, https:\/\/www.eldiario.net\/portal\/wp-content\/uploads\/2024\/06\/3-1-3-696x332.jpg 696w, https:\/\/www.eldiario.net\/portal\/wp-content\/uploads\/2024\/06\/3-1-3-1068x510.jpg 1068w, https:\/\/www.eldiario.net\/portal\/wp-content\/uploads\/2024\/06\/3-1-3.jpg 1200w\" sizes=\"(max-width: 880px) 100vw, 880px\" alt=\"\">\r\n                            <\/a>\r\n                            \r\n                        <\/figure>\r\n                    <\/div>\r\n                    <div class = \"td-slide-item td-item4\">\r\n                        <figure class=\"td-slide-galery-figure td-slide-popup-gallery\">\r\n                            <a class=\"slide-gallery-image-link\" href=\"https:\/\/www.eldiario.net\/portal\/wp-content\/uploads\/2024\/06\/4-1-1.jpg\" title=\"4-\"  data-caption=\"\"  data-description=\"\">\r\n                                <img decoding=\"async\" src=\"https:\/\/www.eldiario.net\/portal\/wp-content\/uploads\/2024\/06\/4-1-1-880x420.jpg\" srcset=\"https:\/\/www.eldiario.net\/portal\/wp-content\/uploads\/2024\/06\/4-1-1-880x420.jpg 880w, https:\/\/www.eldiario.net\/portal\/wp-content\/uploads\/2024\/06\/4-1-1-300x143.jpg 300w, https:\/\/www.eldiario.net\/portal\/wp-content\/uploads\/2024\/06\/4-1-1-1024x489.jpg 1024w, https:\/\/www.eldiario.net\/portal\/wp-content\/uploads\/2024\/06\/4-1-1-768x367.jpg 768w, https:\/\/www.eldiario.net\/portal\/wp-content\/uploads\/2024\/06\/4-1-1-696x332.jpg 696w, https:\/\/www.eldiario.net\/portal\/wp-content\/uploads\/2024\/06\/4-1-1-1068x510.jpg 1068w, https:\/\/www.eldiario.net\/portal\/wp-content\/uploads\/2024\/06\/4-1-1.jpg 1200w\" sizes=\"(max-width: 880px) 100vw, 880px\" alt=\"\">\r\n                            <\/a>\r\n                            \r\n                        <\/figure>\r\n                    <\/div>\r\n                    <div class = \"td-slide-item td-item5\">\r\n                        <figure class=\"td-slide-galery-figure td-slide-popup-gallery\">\r\n                            <a class=\"slide-gallery-image-link\" href=\"https:\/\/www.eldiario.net\/portal\/wp-content\/uploads\/2024\/06\/5-1-2.jpg\" title=\"5-\"  data-caption=\"\"  data-description=\"\">\r\n                                <img decoding=\"async\" src=\"https:\/\/www.eldiario.net\/portal\/wp-content\/uploads\/2024\/06\/5-1-2-880x420.jpg\" srcset=\"https:\/\/www.eldiario.net\/portal\/wp-content\/uploads\/2024\/06\/5-1-2-880x420.jpg 880w, https:\/\/www.eldiario.net\/portal\/wp-content\/uploads\/2024\/06\/5-1-2-300x143.jpg 300w, https:\/\/www.eldiario.net\/portal\/wp-content\/uploads\/2024\/06\/5-1-2-1024x489.jpg 1024w, https:\/\/www.eldiario.net\/portal\/wp-content\/uploads\/2024\/06\/5-1-2-768x367.jpg 768w, https:\/\/www.eldiario.net\/portal\/wp-content\/uploads\/2024\/06\/5-1-2-696x332.jpg 696w, https:\/\/www.eldiario.net\/portal\/wp-content\/uploads\/2024\/06\/5-1-2-1068x510.jpg 1068w, https:\/\/www.eldiario.net\/portal\/wp-content\/uploads\/2024\/06\/5-1-2.jpg 1200w\" sizes=\"(max-width: 880px) 100vw, 880px\" alt=\"\">\r\n                            <\/a>\r\n                            \r\n                        <\/figure>\r\n                    <\/div>\r\n                    <div class = \"td-slide-item td-item6\">\r\n                        <figure class=\"td-slide-galery-figure td-slide-popup-gallery\">\r\n                            <a class=\"slide-gallery-image-link\" href=\"https:\/\/www.eldiario.net\/portal\/wp-content\/uploads\/2024\/06\/6-.jpg\" title=\"6-\"  data-caption=\"\"  data-description=\"\">\r\n                                <img decoding=\"async\" src=\"https:\/\/www.eldiario.net\/portal\/wp-content\/uploads\/2024\/06\/6--880x420.jpg\" srcset=\"https:\/\/www.eldiario.net\/portal\/wp-content\/uploads\/2024\/06\/6--880x420.jpg 880w, https:\/\/www.eldiario.net\/portal\/wp-content\/uploads\/2024\/06\/6--300x143.jpg 300w, https:\/\/www.eldiario.net\/portal\/wp-content\/uploads\/2024\/06\/6--1024x489.jpg 1024w, https:\/\/www.eldiario.net\/portal\/wp-content\/uploads\/2024\/06\/6--768x367.jpg 768w, https:\/\/www.eldiario.net\/portal\/wp-content\/uploads\/2024\/06\/6--696x332.jpg 696w, https:\/\/www.eldiario.net\/portal\/wp-content\/uploads\/2024\/06\/6--1068x510.jpg 1068w, https:\/\/www.eldiario.net\/portal\/wp-content\/uploads\/2024\/06\/6-.jpg 1200w\" sizes=\"(max-width: 880px) 100vw, 880px\" alt=\"\">\r\n                            <\/a>\r\n                            \r\n                        <\/figure>\r\n                    <\/div>\r\n                    <div class = \"td-slide-item td-item7\">\r\n                        <figure class=\"td-slide-galery-figure td-slide-popup-gallery\">\r\n                            <a class=\"slide-gallery-image-link\" href=\"https:\/\/www.eldiario.net\/portal\/wp-content\/uploads\/2024\/06\/7-.jpg\" title=\"7-\"  data-caption=\"\"  data-description=\"\">\r\n                                <img decoding=\"async\" src=\"https:\/\/www.eldiario.net\/portal\/wp-content\/uploads\/2024\/06\/7--560x420.jpg\" srcset=\"https:\/\/www.eldiario.net\/portal\/wp-content\/uploads\/2024\/06\/7--560x420.jpg 560w, https:\/\/www.eldiario.net\/portal\/wp-content\/uploads\/2024\/06\/7--300x225.jpg 300w, https:\/\/www.eldiario.net\/portal\/wp-content\/uploads\/2024\/06\/7--1024x768.jpg 1024w, https:\/\/www.eldiario.net\/portal\/wp-content\/uploads\/2024\/06\/7--768x576.jpg 768w, https:\/\/www.eldiario.net\/portal\/wp-content\/uploads\/2024\/06\/7--80x60.jpg 80w, https:\/\/www.eldiario.net\/portal\/wp-content\/uploads\/2024\/06\/7--696x522.jpg 696w, https:\/\/www.eldiario.net\/portal\/wp-content\/uploads\/2024\/06\/7--1068x801.jpg 1068w, https:\/\/www.eldiario.net\/portal\/wp-content\/uploads\/2024\/06\/7-.jpg 1200w\" sizes=\"(max-width: 560px) 100vw, 560px\" alt=\"\">\r\n                            <\/a>\r\n                            \r\n                        <\/figure>\r\n                    <\/div>\r\n                            <\/div>\r\n                        <\/div>\r\n\r\n                        <div class = \"td-doubleSlider-2\">\r\n                            <div class = \"td-slider\">\r\n                                \r\n                    <div class = \"td-button td-item1\">\r\n                        <div class = \"td-border\"><\/div>\r\n                    <\/div>\r\n                    <div class = \"td-button td-item2\">\r\n                        <div class = \"td-border\"><\/div>\r\n                    <\/div>\r\n                    <div class = \"td-button td-item3\">\r\n                        <div class = \"td-border\"><\/div>\r\n                    <\/div>\r\n                    <div class = \"td-button td-item4\">\r\n                        <div class = \"td-border\"><\/div>\r\n                    <\/div>\r\n                    <div class = \"td-button td-item5\">\r\n                        <div class = \"td-border\"><\/div>\r\n                    <\/div>\r\n                    <div class = \"td-button td-item6\">\r\n                        <div class = \"td-border\"><\/div>\r\n                    <\/div>\r\n                    <div class = \"td-button td-item7\">\r\n                        <div class = \"td-border\"><\/div>\r\n                    <\/div>\r\n                            <\/div>\r\n                        <\/div>\r\n\r\n                    <\/div>\r\n\r\n                <\/div>\r\n                \n","protected":false},"excerpt":{"rendered":"<p>Peter Pan, las ni\u00f1as perdidas y otros cuentos es el nombre de la obra que pondr\u00e1 en escena el elenco de Warmi Munachi el mi\u00e9rcoles 26 de junio, a horas 19:00, en el Teatro Nuna (calle 21 de Calacoto No. 8509, Parada PumaKatari, zona sur de ciudad). Peter Pan es un personaje ficticio creado por [&hellip;]<\/p>\n","protected":false},"author":1,"featured_media":228979,"comment_status":"open","ping_status":"open","sticky":false,"template":"","format":"standard","meta":{"_acf_changed":false,"footnotes":""},"categories":[41],"tags":[],"class_list":["post-228978","post","type-post","status-publish","format-standard","has-post-thumbnail","category-la-guia"],"acf":{"antetitulo":""},"yoast_head":"<!-- This site is optimized with the Yoast SEO plugin v28.3 - https:\/\/yoast.com\/product\/yoast-seo-wordpress\/ -->\n<title>Warmi Munachi presenta Peter Pan, las ni\u00f1as perdidas y otros cuentos - El Diario - Bolivia<\/title>\n<meta name=\"robots\" content=\"index, follow, max-snippet:-1, max-image-preview:large, max-video-preview:-1\" \/>\n<link rel=\"canonical\" href=\"https:\/\/www.eldiario.net\/portal\/2024\/06\/22\/warmi-munachi-presenta-peter-pan-las-ninas-perdidas-y-otros-cuentos\/\" \/>\n<meta property=\"og:locale\" content=\"es_ES\" \/>\n<meta property=\"og:type\" content=\"article\" \/>\n<meta property=\"og:title\" content=\"Warmi Munachi presenta Peter Pan, las ni\u00f1as perdidas y otros cuentos - El Diario - Bolivia\" \/>\n<meta property=\"og:description\" content=\"Peter Pan, las ni\u00f1as perdidas y otros cuentos es el nombre de la obra que pondr\u00e1 en escena el elenco de Warmi Munachi el mi\u00e9rcoles 26 de junio, a horas 19:00, en el Teatro Nuna (calle 21 de Calacoto No. 8509, Parada PumaKatari, zona sur de ciudad). Peter Pan es un personaje ficticio creado por [&hellip;]\" \/>\n<meta property=\"og:url\" content=\"https:\/\/www.eldiario.net\/portal\/2024\/06\/22\/warmi-munachi-presenta-peter-pan-las-ninas-perdidas-y-otros-cuentos\/\" \/>\n<meta property=\"og:site_name\" content=\"El Diario - Bolivia\" \/>\n<meta property=\"article:publisher\" content=\"https:\/\/www.facebook.com\/eldiario.bolivia\/\" \/>\n<meta property=\"article:published_time\" content=\"2024-06-22T14:36:31+00:00\" \/>\n<meta property=\"og:image\" content=\"https:\/\/www.eldiario.net\/portal\/wp-content\/uploads\/2024\/06\/1-PRINCIPAL-2.jpg\" \/>\n\t<meta property=\"og:image:width\" content=\"1194\" \/>\n\t<meta property=\"og:image:height\" content=\"597\" \/>\n\t<meta property=\"og:image:type\" content=\"image\/jpeg\" \/>\n<meta name=\"author\" content=\"Jeanette\" \/>\n<meta name=\"twitter:card\" content=\"summary_large_image\" \/>\n<meta name=\"twitter:creator\" content=\"@eldiario_net\" \/>\n<meta name=\"twitter:site\" content=\"@eldiario_net\" \/>\n<meta name=\"twitter:label1\" content=\"Escrito por\" \/>\n\t<meta name=\"twitter:data1\" content=\"Jeanette\" \/>\n\t<meta name=\"twitter:label2\" content=\"Tiempo de lectura\" \/>\n\t<meta name=\"twitter:data2\" content=\"5 minutos\" \/>\n<script type=\"application\/ld+json\" class=\"yoast-schema-graph\">{\"@context\":\"https:\\\/\\\/schema.org\",\"@graph\":[{\"@type\":\"Article\",\"@id\":\"https:\\\/\\\/www.eldiario.net\\\/portal\\\/2024\\\/06\\\/22\\\/warmi-munachi-presenta-peter-pan-las-ninas-perdidas-y-otros-cuentos\\\/#article\",\"isPartOf\":{\"@id\":\"https:\\\/\\\/www.eldiario.net\\\/portal\\\/2024\\\/06\\\/22\\\/warmi-munachi-presenta-peter-pan-las-ninas-perdidas-y-otros-cuentos\\\/\"},\"author\":{\"name\":\"Jeanette\",\"@id\":\"https:\\\/\\\/www.eldiario.net\\\/portal\\\/#\\\/schema\\\/person\\\/f46445640444750d7d753ccd04ae01b7\"},\"headline\":\"Warmi Munachi presenta Peter Pan, las ni\u00f1as perdidas y otros cuentos\",\"datePublished\":\"2024-06-22T14:36:31+00:00\",\"mainEntityOfPage\":{\"@id\":\"https:\\\/\\\/www.eldiario.net\\\/portal\\\/2024\\\/06\\\/22\\\/warmi-munachi-presenta-peter-pan-las-ninas-perdidas-y-otros-cuentos\\\/\"},\"wordCount\":915,\"commentCount\":0,\"publisher\":{\"@id\":\"https:\\\/\\\/www.eldiario.net\\\/portal\\\/#organization\"},\"image\":{\"@id\":\"https:\\\/\\\/www.eldiario.net\\\/portal\\\/2024\\\/06\\\/22\\\/warmi-munachi-presenta-peter-pan-las-ninas-perdidas-y-otros-cuentos\\\/#primaryimage\"},\"thumbnailUrl\":\"https:\\\/\\\/www.eldiario.net\\\/portal\\\/wp-content\\\/uploads\\\/2024\\\/06\\\/1-PRINCIPAL-2.jpg\",\"articleSection\":[\"La Gu\u00eda\"],\"inLanguage\":\"es\",\"potentialAction\":[{\"@type\":\"CommentAction\",\"name\":\"Comment\",\"target\":[\"https:\\\/\\\/www.eldiario.net\\\/portal\\\/2024\\\/06\\\/22\\\/warmi-munachi-presenta-peter-pan-las-ninas-perdidas-y-otros-cuentos\\\/#respond\"]}]},{\"@type\":\"WebPage\",\"@id\":\"https:\\\/\\\/www.eldiario.net\\\/portal\\\/2024\\\/06\\\/22\\\/warmi-munachi-presenta-peter-pan-las-ninas-perdidas-y-otros-cuentos\\\/\",\"url\":\"https:\\\/\\\/www.eldiario.net\\\/portal\\\/2024\\\/06\\\/22\\\/warmi-munachi-presenta-peter-pan-las-ninas-perdidas-y-otros-cuentos\\\/\",\"name\":\"Warmi Munachi presenta Peter Pan, las ni\u00f1as perdidas y otros cuentos - El Diario - Bolivia\",\"isPartOf\":{\"@id\":\"https:\\\/\\\/www.eldiario.net\\\/portal\\\/#website\"},\"primaryImageOfPage\":{\"@id\":\"https:\\\/\\\/www.eldiario.net\\\/portal\\\/2024\\\/06\\\/22\\\/warmi-munachi-presenta-peter-pan-las-ninas-perdidas-y-otros-cuentos\\\/#primaryimage\"},\"image\":{\"@id\":\"https:\\\/\\\/www.eldiario.net\\\/portal\\\/2024\\\/06\\\/22\\\/warmi-munachi-presenta-peter-pan-las-ninas-perdidas-y-otros-cuentos\\\/#primaryimage\"},\"thumbnailUrl\":\"https:\\\/\\\/www.eldiario.net\\\/portal\\\/wp-content\\\/uploads\\\/2024\\\/06\\\/1-PRINCIPAL-2.jpg\",\"datePublished\":\"2024-06-22T14:36:31+00:00\",\"breadcrumb\":{\"@id\":\"https:\\\/\\\/www.eldiario.net\\\/portal\\\/2024\\\/06\\\/22\\\/warmi-munachi-presenta-peter-pan-las-ninas-perdidas-y-otros-cuentos\\\/#breadcrumb\"},\"inLanguage\":\"es\",\"potentialAction\":[{\"@type\":\"ReadAction\",\"target\":[\"https:\\\/\\\/www.eldiario.net\\\/portal\\\/2024\\\/06\\\/22\\\/warmi-munachi-presenta-peter-pan-las-ninas-perdidas-y-otros-cuentos\\\/\"]}]},{\"@type\":\"ImageObject\",\"inLanguage\":\"es\",\"@id\":\"https:\\\/\\\/www.eldiario.net\\\/portal\\\/2024\\\/06\\\/22\\\/warmi-munachi-presenta-peter-pan-las-ninas-perdidas-y-otros-cuentos\\\/#primaryimage\",\"url\":\"https:\\\/\\\/www.eldiario.net\\\/portal\\\/wp-content\\\/uploads\\\/2024\\\/06\\\/1-PRINCIPAL-2.jpg\",\"contentUrl\":\"https:\\\/\\\/www.eldiario.net\\\/portal\\\/wp-content\\\/uploads\\\/2024\\\/06\\\/1-PRINCIPAL-2.jpg\",\"width\":1194,\"height\":597},{\"@type\":\"BreadcrumbList\",\"@id\":\"https:\\\/\\\/www.eldiario.net\\\/portal\\\/2024\\\/06\\\/22\\\/warmi-munachi-presenta-peter-pan-las-ninas-perdidas-y-otros-cuentos\\\/#breadcrumb\",\"itemListElement\":[{\"@type\":\"ListItem\",\"position\":1,\"name\":\"Portada\",\"item\":\"https:\\\/\\\/www.eldiario.net\\\/portal\\\/\"},{\"@type\":\"ListItem\",\"position\":2,\"name\":\"Warmi Munachi presenta Peter Pan, las ni\u00f1as perdidas y otros cuentos\"}]},{\"@type\":\"WebSite\",\"@id\":\"https:\\\/\\\/www.eldiario.net\\\/portal\\\/#website\",\"url\":\"https:\\\/\\\/www.eldiario.net\\\/portal\\\/\",\"name\":\"El Diario - Decano de la prensa nacional\",\"description\":\"El Diario - Decano de la prensa nacional\",\"publisher\":{\"@id\":\"https:\\\/\\\/www.eldiario.net\\\/portal\\\/#organization\"},\"potentialAction\":[{\"@type\":\"SearchAction\",\"target\":{\"@type\":\"EntryPoint\",\"urlTemplate\":\"https:\\\/\\\/www.eldiario.net\\\/portal\\\/?s={search_term_string}\"},\"query-input\":{\"@type\":\"PropertyValueSpecification\",\"valueRequired\":true,\"valueName\":\"search_term_string\"}}],\"inLanguage\":\"es\"},{\"@type\":\"Organization\",\"@id\":\"https:\\\/\\\/www.eldiario.net\\\/portal\\\/#organization\",\"name\":\"El Diario - Decano de la prensa nacional\",\"url\":\"https:\\\/\\\/www.eldiario.net\\\/portal\\\/\",\"logo\":{\"@type\":\"ImageObject\",\"inLanguage\":\"es\",\"@id\":\"https:\\\/\\\/www.eldiario.net\\\/portal\\\/#\\\/schema\\\/logo\\\/image\\\/\",\"url\":\"https:\\\/\\\/www.eldiario.net\\\/portal\\\/wp-content\\\/uploads\\\/2023\\\/07\\\/logo_ED.jpg\",\"contentUrl\":\"https:\\\/\\\/www.eldiario.net\\\/portal\\\/wp-content\\\/uploads\\\/2023\\\/07\\\/logo_ED.jpg\",\"width\":272,\"height\":52,\"caption\":\"El Diario - Decano de la prensa nacional\"},\"image\":{\"@id\":\"https:\\\/\\\/www.eldiario.net\\\/portal\\\/#\\\/schema\\\/logo\\\/image\\\/\"},\"sameAs\":[\"https:\\\/\\\/www.facebook.com\\\/eldiario.bolivia\\\/\",\"https:\\\/\\\/x.com\\\/eldiario_net\"]},{\"@type\":\"Person\",\"@id\":\"https:\\\/\\\/www.eldiario.net\\\/portal\\\/#\\\/schema\\\/person\\\/f46445640444750d7d753ccd04ae01b7\",\"name\":\"Jeanette\",\"image\":{\"@type\":\"ImageObject\",\"inLanguage\":\"es\",\"@id\":\"https:\\\/\\\/secure.gravatar.com\\\/avatar\\\/3ea2118a5f7dad2b7138b1187a6b7ee55f160b9968b66013c3a3ef39dd7e5798?s=96&d=mm&r=g\",\"url\":\"https:\\\/\\\/secure.gravatar.com\\\/avatar\\\/3ea2118a5f7dad2b7138b1187a6b7ee55f160b9968b66013c3a3ef39dd7e5798?s=96&d=mm&r=g\",\"contentUrl\":\"https:\\\/\\\/secure.gravatar.com\\\/avatar\\\/3ea2118a5f7dad2b7138b1187a6b7ee55f160b9968b66013c3a3ef39dd7e5798?s=96&d=mm&r=g\",\"caption\":\"Jeanette\"},\"sameAs\":[\"https:\\\/\\\/www.eldiario.net\\\/portal\"],\"url\":\"https:\\\/\\\/www.eldiario.net\\\/portal\\\/author\\\/jeanette\\\/\"}]}<\/script>\n<!-- \/ Yoast SEO plugin. -->","yoast_head_json":{"title":"Warmi Munachi presenta Peter Pan, las ni\u00f1as perdidas y otros cuentos - El Diario - Bolivia","robots":{"index":"index","follow":"follow","max-snippet":"max-snippet:-1","max-image-preview":"max-image-preview:large","max-video-preview":"max-video-preview:-1"},"canonical":"https:\/\/www.eldiario.net\/portal\/2024\/06\/22\/warmi-munachi-presenta-peter-pan-las-ninas-perdidas-y-otros-cuentos\/","og_locale":"es_ES","og_type":"article","og_title":"Warmi Munachi presenta Peter Pan, las ni\u00f1as perdidas y otros cuentos - El Diario - Bolivia","og_description":"Peter Pan, las ni\u00f1as perdidas y otros cuentos es el nombre de la obra que pondr\u00e1 en escena el elenco de Warmi Munachi el mi\u00e9rcoles 26 de junio, a horas 19:00, en el Teatro Nuna (calle 21 de Calacoto No. 8509, Parada PumaKatari, zona sur de ciudad). Peter Pan es un personaje ficticio creado por [&hellip;]","og_url":"https:\/\/www.eldiario.net\/portal\/2024\/06\/22\/warmi-munachi-presenta-peter-pan-las-ninas-perdidas-y-otros-cuentos\/","og_site_name":"El Diario - Bolivia","article_publisher":"https:\/\/www.facebook.com\/eldiario.bolivia\/","article_published_time":"2024-06-22T14:36:31+00:00","og_image":[{"width":1194,"height":597,"url":"https:\/\/www.eldiario.net\/portal\/wp-content\/uploads\/2024\/06\/1-PRINCIPAL-2.jpg","type":"image\/jpeg"}],"author":"Jeanette","twitter_card":"summary_large_image","twitter_creator":"@eldiario_net","twitter_site":"@eldiario_net","twitter_misc":{"Escrito por":"Jeanette","Tiempo de lectura":"5 minutos"},"schema":{"@context":"https:\/\/schema.org","@graph":[{"@type":"Article","@id":"https:\/\/www.eldiario.net\/portal\/2024\/06\/22\/warmi-munachi-presenta-peter-pan-las-ninas-perdidas-y-otros-cuentos\/#article","isPartOf":{"@id":"https:\/\/www.eldiario.net\/portal\/2024\/06\/22\/warmi-munachi-presenta-peter-pan-las-ninas-perdidas-y-otros-cuentos\/"},"author":{"name":"Jeanette","@id":"https:\/\/www.eldiario.net\/portal\/#\/schema\/person\/f46445640444750d7d753ccd04ae01b7"},"headline":"Warmi Munachi presenta Peter Pan, las ni\u00f1as perdidas y otros cuentos","datePublished":"2024-06-22T14:36:31+00:00","mainEntityOfPage":{"@id":"https:\/\/www.eldiario.net\/portal\/2024\/06\/22\/warmi-munachi-presenta-peter-pan-las-ninas-perdidas-y-otros-cuentos\/"},"wordCount":915,"commentCount":0,"publisher":{"@id":"https:\/\/www.eldiario.net\/portal\/#organization"},"image":{"@id":"https:\/\/www.eldiario.net\/portal\/2024\/06\/22\/warmi-munachi-presenta-peter-pan-las-ninas-perdidas-y-otros-cuentos\/#primaryimage"},"thumbnailUrl":"https:\/\/www.eldiario.net\/portal\/wp-content\/uploads\/2024\/06\/1-PRINCIPAL-2.jpg","articleSection":["La Gu\u00eda"],"inLanguage":"es","potentialAction":[{"@type":"CommentAction","name":"Comment","target":["https:\/\/www.eldiario.net\/portal\/2024\/06\/22\/warmi-munachi-presenta-peter-pan-las-ninas-perdidas-y-otros-cuentos\/#respond"]}]},{"@type":"WebPage","@id":"https:\/\/www.eldiario.net\/portal\/2024\/06\/22\/warmi-munachi-presenta-peter-pan-las-ninas-perdidas-y-otros-cuentos\/","url":"https:\/\/www.eldiario.net\/portal\/2024\/06\/22\/warmi-munachi-presenta-peter-pan-las-ninas-perdidas-y-otros-cuentos\/","name":"Warmi Munachi presenta Peter Pan, las ni\u00f1as perdidas y otros cuentos - El Diario - Bolivia","isPartOf":{"@id":"https:\/\/www.eldiario.net\/portal\/#website"},"primaryImageOfPage":{"@id":"https:\/\/www.eldiario.net\/portal\/2024\/06\/22\/warmi-munachi-presenta-peter-pan-las-ninas-perdidas-y-otros-cuentos\/#primaryimage"},"image":{"@id":"https:\/\/www.eldiario.net\/portal\/2024\/06\/22\/warmi-munachi-presenta-peter-pan-las-ninas-perdidas-y-otros-cuentos\/#primaryimage"},"thumbnailUrl":"https:\/\/www.eldiario.net\/portal\/wp-content\/uploads\/2024\/06\/1-PRINCIPAL-2.jpg","datePublished":"2024-06-22T14:36:31+00:00","breadcrumb":{"@id":"https:\/\/www.eldiario.net\/portal\/2024\/06\/22\/warmi-munachi-presenta-peter-pan-las-ninas-perdidas-y-otros-cuentos\/#breadcrumb"},"inLanguage":"es","potentialAction":[{"@type":"ReadAction","target":["https:\/\/www.eldiario.net\/portal\/2024\/06\/22\/warmi-munachi-presenta-peter-pan-las-ninas-perdidas-y-otros-cuentos\/"]}]},{"@type":"ImageObject","inLanguage":"es","@id":"https:\/\/www.eldiario.net\/portal\/2024\/06\/22\/warmi-munachi-presenta-peter-pan-las-ninas-perdidas-y-otros-cuentos\/#primaryimage","url":"https:\/\/www.eldiario.net\/portal\/wp-content\/uploads\/2024\/06\/1-PRINCIPAL-2.jpg","contentUrl":"https:\/\/www.eldiario.net\/portal\/wp-content\/uploads\/2024\/06\/1-PRINCIPAL-2.jpg","width":1194,"height":597},{"@type":"BreadcrumbList","@id":"https:\/\/www.eldiario.net\/portal\/2024\/06\/22\/warmi-munachi-presenta-peter-pan-las-ninas-perdidas-y-otros-cuentos\/#breadcrumb","itemListElement":[{"@type":"ListItem","position":1,"name":"Portada","item":"https:\/\/www.eldiario.net\/portal\/"},{"@type":"ListItem","position":2,"name":"Warmi Munachi presenta Peter Pan, las ni\u00f1as perdidas y otros cuentos"}]},{"@type":"WebSite","@id":"https:\/\/www.eldiario.net\/portal\/#website","url":"https:\/\/www.eldiario.net\/portal\/","name":"El Diario - Decano de la prensa nacional","description":"El Diario - Decano de la prensa nacional","publisher":{"@id":"https:\/\/www.eldiario.net\/portal\/#organization"},"potentialAction":[{"@type":"SearchAction","target":{"@type":"EntryPoint","urlTemplate":"https:\/\/www.eldiario.net\/portal\/?s={search_term_string}"},"query-input":{"@type":"PropertyValueSpecification","valueRequired":true,"valueName":"search_term_string"}}],"inLanguage":"es"},{"@type":"Organization","@id":"https:\/\/www.eldiario.net\/portal\/#organization","name":"El Diario - Decano de la prensa nacional","url":"https:\/\/www.eldiario.net\/portal\/","logo":{"@type":"ImageObject","inLanguage":"es","@id":"https:\/\/www.eldiario.net\/portal\/#\/schema\/logo\/image\/","url":"https:\/\/www.eldiario.net\/portal\/wp-content\/uploads\/2023\/07\/logo_ED.jpg","contentUrl":"https:\/\/www.eldiario.net\/portal\/wp-content\/uploads\/2023\/07\/logo_ED.jpg","width":272,"height":52,"caption":"El Diario - Decano de la prensa nacional"},"image":{"@id":"https:\/\/www.eldiario.net\/portal\/#\/schema\/logo\/image\/"},"sameAs":["https:\/\/www.facebook.com\/eldiario.bolivia\/","https:\/\/x.com\/eldiario_net"]},{"@type":"Person","@id":"https:\/\/www.eldiario.net\/portal\/#\/schema\/person\/f46445640444750d7d753ccd04ae01b7","name":"Jeanette","image":{"@type":"ImageObject","inLanguage":"es","@id":"https:\/\/secure.gravatar.com\/avatar\/3ea2118a5f7dad2b7138b1187a6b7ee55f160b9968b66013c3a3ef39dd7e5798?s=96&d=mm&r=g","url":"https:\/\/secure.gravatar.com\/avatar\/3ea2118a5f7dad2b7138b1187a6b7ee55f160b9968b66013c3a3ef39dd7e5798?s=96&d=mm&r=g","contentUrl":"https:\/\/secure.gravatar.com\/avatar\/3ea2118a5f7dad2b7138b1187a6b7ee55f160b9968b66013c3a3ef39dd7e5798?s=96&d=mm&r=g","caption":"Jeanette"},"sameAs":["https:\/\/www.eldiario.net\/portal"],"url":"https:\/\/www.eldiario.net\/portal\/author\/jeanette\/"}]}},"_links":{"self":[{"href":"https:\/\/www.eldiario.net\/portal\/wp-json\/wp\/v2\/posts\/228978","targetHints":{"allow":["GET"]}}],"collection":[{"href":"https:\/\/www.eldiario.net\/portal\/wp-json\/wp\/v2\/posts"}],"about":[{"href":"https:\/\/www.eldiario.net\/portal\/wp-json\/wp\/v2\/types\/post"}],"author":[{"embeddable":true,"href":"https:\/\/www.eldiario.net\/portal\/wp-json\/wp\/v2\/users\/1"}],"replies":[{"embeddable":true,"href":"https:\/\/www.eldiario.net\/portal\/wp-json\/wp\/v2\/comments?post=228978"}],"version-history":[{"count":1,"href":"https:\/\/www.eldiario.net\/portal\/wp-json\/wp\/v2\/posts\/228978\/revisions"}],"predecessor-version":[{"id":228986,"href":"https:\/\/www.eldiario.net\/portal\/wp-json\/wp\/v2\/posts\/228978\/revisions\/228986"}],"wp:featuredmedia":[{"embeddable":true,"href":"https:\/\/www.eldiario.net\/portal\/wp-json\/wp\/v2\/media\/228979"}],"wp:attachment":[{"href":"https:\/\/www.eldiario.net\/portal\/wp-json\/wp\/v2\/media?parent=228978"}],"wp:term":[{"taxonomy":"category","embeddable":true,"href":"https:\/\/www.eldiario.net\/portal\/wp-json\/wp\/v2\/categories?post=228978"},{"taxonomy":"post_tag","embeddable":true,"href":"https:\/\/www.eldiario.net\/portal\/wp-json\/wp\/v2\/tags?post=228978"}],"curies":[{"name":"wp","href":"https:\/\/api.w.org\/{rel}","templated":true}]}}