{"id":228969,"date":"2024-06-22T10:31:08","date_gmt":"2024-06-22T14:31:08","guid":{"rendered":"https:\/\/www.eldiario.net\/portal\/?p=228969"},"modified":"2024-06-22T10:31:08","modified_gmt":"2024-06-22T14:31:08","slug":"etcheverry-tiene-fe-en-la-verde","status":"publish","type":"post","link":"https:\/\/www.eldiario.net\/portal\/2024\/06\/22\/etcheverry-tiene-fe-en-la-verde\/","title":{"rendered":"ETCHEVERRY TIENE FE EN LA VERDE"},"content":{"rendered":"<p>&nbsp;<\/p>\n<p>Marco Antonio \u00abel Diablo\u00bb Etcheverry, el mayor referente del f\u00fatbol boliviano para el mundo, en di\u00e1logo exclusivo con DEPORTES EL DIARIO expres\u00f3 que tiene fe en lo que pueda hacer la Selecci\u00f3n Boliviana en la Copa Am\u00e9rica que ma\u00f1ana abre un nuevo cap\u00edtulo con la presentaci\u00f3n frente a Estados Unidos, desde las 18:00 (HB) en el AT&amp;T Stadium de Arlington (Texas- EEUU) por el grupo C de la competici\u00f3n.<\/p>\n<p>DED.- \u00bfC\u00f3mo puede definir a la Selecci\u00f3n Boliviana?<br \/>\nME.- Esperanza, siempre queda una esperanza de lo que viene en una Copa Am\u00e9rica, en una eliminatoria.<br \/>\nTengo fe en la Selecci\u00f3n Boliviana porque tiene jugadores talentosos y siempre hay que tener esperanza de que nos va ir bien; sino \u00bfpara qu\u00e9 vamos a competir si no creemos en nuestros futbolistas?<br \/>\nPero ser\u00eda m\u00e1s importante que los dirigentes crean en nuestro f\u00fatbol primero y adem\u00e1s que exista el cari\u00f1o y afecto mutuo entre dirigentes y futbolistas.<br \/>\nEn Bolivia no s\u00e9 por qu\u00e9 sucede que el futbolista y el dirigente son enemigos \u2026 no lo entiendo, ya de entrada est\u00e1 mal porque comenzamos perdiendo.<\/p>\n<p>DE.- \u00bfEstar\u00e1 de cerca con la Selecci\u00f3n en los partidos que le toca jugar en esta Copa Am\u00e9rica 2024?<br \/>\nME.- Estoy en Washington. El partido en Texas (frente a Estados Unidos) no ir\u00e9 porque me queda un poco lejos; pero s\u00ed voy cerca de Nueva Jersey (frente a Uruguay) que son tres horas y media y Orlando (frente a Panam\u00e1) voy tambi\u00e9n. Estar\u00e9 en dos partidos de la Selecci\u00f3n.<\/p>\n<p>DED.- \u00bfQu\u00e9 podemos esperar de la Selecci\u00f3n Boliviana en esta Copa Am\u00e9rica 2024?, tomando en cuenta los resultados de los partidos amistosos contra M\u00e9xico, Ecuador y Colombia.<br \/>\nME.- Creo que es una buena oportunidad para que el profesor Zago pueda ver qu\u00e9 jugadores est\u00e1n preparados para una Eliminatoria, no cualquiera puede jugar una Eliminatoria, es una competici\u00f3n pesada, dura, exigente. Creo que hay jugadores que pueden tener un gran nivel en algunos clubes, hemos visto futbolistas que no jugaban y en la Selecci\u00f3n tambi\u00e9n explotaban, as\u00ed que este examen de Copa Am\u00e9rica le va a ayudar al \u2018Profe\u2019 para sacar conclusiones, que en cierto modo, es lo que nosotros estamos luchando por llegar al Mundial. As\u00ed que toda la energ\u00eda para los muchachos esperamos que les vaya muy bien. Claro, que los resultados no fueron buenos en los amistosos, pero es una oportunidad linda para demostrar en esta Copa Am\u00e9rica, frente Estados Unidos, Uruguay y Panam\u00e1 (que siempre ha sido una selecci\u00f3n muy importante en Concacaf)<\/p>\n<p>DED.- \u00bfNos falta un l\u00edder en la Selecci\u00f3n tras la salida de Martins?<br \/>\nME.- El liderazgo no es f\u00e1cil y creo que es muy dif\u00edcil de formarlo, m\u00e1s que todo uno nace con este. Uno puede darle confianza a la persona, en todo; pero con el liderazgo se nace.<br \/>\nHay que tener mucho el carisma, el afecto, el cari\u00f1o por el compa\u00f1ero\u2026 en fin, a m\u00ed me toc\u00f3 serlo gracias a Dios. Fui capit\u00e1n en el primer torneo internacional (que particip\u00e9) de Suecia a los 15 a\u00f1os y sal\u00ed el mejor jugador. Al a\u00f1o siguiente me toc\u00f3 en Per\u00fa y tambi\u00e9n sal\u00ed goleador.<br \/>\nEl ser capit\u00e1n, el adaptarse, el crear un sentimiento de victoria en cada partido no es f\u00e1cil porque quiz\u00e1 hay jugadores con gran nivel, pero les ha tocado jugar en equipos peque\u00f1os y vienen de derrota en derrota.<br \/>\nUna de las cosas que siempre me guardo de lo que me dec\u00eda Xabier Azkargorta es que : \u2018hay que acostumbrase a ganar, porque si te acostumbras a perder va a ser muy dif\u00edcil que Bolivia pueda resurgir y que pueda mostrar una Selecci\u00f3n potente.<\/p>\n<p>DE.- \u00bfQu\u00e9 recuerda de las copas Am\u00e9rica que jug\u00f3 con Bolivia?<br \/>\nME.- La Copa Am\u00e9rica del \u201895 fue buena tambi\u00e9n porque pasamos la primera fase y nos toc\u00f3 lastimosamente con Uruguay y no es f\u00e1cil. Era el local y aparte que sali\u00f3 campe\u00f3n, le gan\u00f3 a Brasil en la final, pero si te das cuenta, Trucco era figura en todo lado, Cristaldo era capit\u00e1n en sus equipos, Sandy fue capit\u00e1n en su equipo, Rimba tambi\u00e9n fue capit\u00e1n hasta en la Selecci\u00f3n, Milton ni hablar, Borja siempre fue capit\u00e1n, Platini (S\u00e1nchez)\u2026 en fin. Nos toc\u00f3 ser muchos capitanes en un mismo grupo y lo importante era que sab\u00edamos que el ego ten\u00edamos que dejarlo fuera de la cancha, de los entrenamientos y enfocarnos en ser muy humildes para trabajar y encarar el proceso con personalidad para los partidos.<\/p>\n<p>DE.- \u00bfComparte el criterio de Zago y la Federaci\u00f3n Boliviana de F\u00fatbol, de poner a la Copa Am\u00e9rica como preparaci\u00f3n para las eliminatorias sudamericanas en busca de un boleto al Mundial?<br \/>\nME.- Tengo un ejemplo: en la Copa Am\u00e9rica que se hizo cuatro a\u00f1os antes del Mundial de Brasil, Costa Rica llev\u00f3 a Buenos Aires a su Sub &#8211; 23, por supuesto, para la Eliminatoria ya ten\u00eda las figuras de nombre, de jerarqu\u00eda, de personalidad, de actitud.<br \/>\nEn consecuencia, yo hubiera hecho lo de Costa Rica; de mi parte llevaba a la Sub &#8211; 23 con los mejores jugadores que est\u00e1n en el pa\u00eds, quiz\u00e1 con algunos que tienen un nivel alto en la liga Bolivia y son mayores y otros que internacionalmente est\u00e1n prestando servicios. As\u00ed se propone un equipo a largo plazo, no solo para esta Eliminatoria, sino tambi\u00e9n para la pr\u00f3xima.<\/p>\n<p>DED.- \u00bfQu\u00e9 perspectiva le deja esta Copa Am\u00e9rica 2024?<br \/>\nME.- Es una competici\u00f3n cada vez m\u00e1s complicada, m\u00e1s dura. Centro Am\u00e9rica tiene pa\u00edses de gran nivel (futbol\u00edstico); el mismo anfitri\u00f3n, Estados Unidos, cuenta con una buena selecci\u00f3n, es un excelente momento para saber c\u00f3mo esta nuestro f\u00fatbol en esta competici\u00f3n internacional que siempre nos ha costado mucho.<\/p>\n<p>DED.- \u00bfCu\u00e1les los favoritos de Marco Echeverry, para levantar la Copa Am\u00e9rica 2024?<br \/>\nME.- Siempre Argentina, Brasil y Uruguay que est\u00e1n pasando un gran momento.<\/p>\n<p>DED.- \u00bfQu\u00e9 opini\u00f3n le merecen selecciones centroamericanas?<br \/>\nME.- Son selecciones que han estado en el anterior Mundial, sobre todo Canad\u00e1, que clasific\u00f3 primero.<br \/>\nEs una buena oportunidad para ver c\u00f3mo est\u00e1n las selecciones de Concacaf y c\u00f3mo le est\u00e1 yendo la Selecci\u00f3n Boliviana\u2026 c\u00f3mo est\u00e1 rindiendo nuestro f\u00fatbol.<\/p>\n<p><em><strong>GUSTAVO SALGUERO <\/strong><\/em><\/p>\n","protected":false},"excerpt":{"rendered":"<p>&nbsp; Marco Antonio \u00abel Diablo\u00bb Etcheverry, el mayor referente del f\u00fatbol boliviano para el mundo, en di\u00e1logo exclusivo con DEPORTES EL DIARIO expres\u00f3 que tiene fe en lo que pueda hacer la Selecci\u00f3n Boliviana en la Copa Am\u00e9rica que ma\u00f1ana abre un nuevo cap\u00edtulo con la presentaci\u00f3n frente a Estados Unidos, desde las 18:00 (HB) [&hellip;]<\/p>\n","protected":false},"author":1,"featured_media":228970,"comment_status":"open","ping_status":"open","sticky":false,"template":"","format":"standard","meta":{"_acf_changed":false,"footnotes":""},"categories":[6],"tags":[],"class_list":["post-228969","post","type-post","status-publish","format-standard","has-post-thumbnail","category-deportes"],"acf":{"antetitulo":"EXCLUSIVA "},"yoast_head":"<!-- This site is optimized with the Yoast SEO plugin v28.3 - https:\/\/yoast.com\/product\/yoast-seo-wordpress\/ -->\n<title>ETCHEVERRY TIENE FE EN LA VERDE - El Diario - Bolivia<\/title>\n<meta name=\"robots\" content=\"index, follow, max-snippet:-1, max-image-preview:large, max-video-preview:-1\" \/>\n<link rel=\"canonical\" href=\"https:\/\/www.eldiario.net\/portal\/2024\/06\/22\/etcheverry-tiene-fe-en-la-verde\/\" \/>\n<meta property=\"og:locale\" content=\"es_ES\" \/>\n<meta property=\"og:type\" content=\"article\" \/>\n<meta property=\"og:title\" content=\"ETCHEVERRY TIENE FE EN LA VERDE - El Diario - Bolivia\" \/>\n<meta property=\"og:description\" content=\"&nbsp; Marco Antonio \u00abel Diablo\u00bb Etcheverry, el mayor referente del f\u00fatbol boliviano para el mundo, en di\u00e1logo exclusivo con DEPORTES EL DIARIO expres\u00f3 que tiene fe en lo que pueda hacer la Selecci\u00f3n Boliviana en la Copa Am\u00e9rica que ma\u00f1ana abre un nuevo cap\u00edtulo con la presentaci\u00f3n frente a Estados Unidos, desde las 18:00 (HB) [&hellip;]\" \/>\n<meta property=\"og:url\" content=\"https:\/\/www.eldiario.net\/portal\/2024\/06\/22\/etcheverry-tiene-fe-en-la-verde\/\" \/>\n<meta property=\"og:site_name\" content=\"El Diario - Bolivia\" \/>\n<meta property=\"article:publisher\" content=\"https:\/\/www.facebook.com\/eldiario.bolivia\/\" \/>\n<meta property=\"article:published_time\" content=\"2024-06-22T14:31:08+00:00\" \/>\n<meta property=\"og:image\" content=\"https:\/\/www.eldiario.net\/portal\/wp-content\/uploads\/2024\/06\/FOTO-1-3.jpg\" \/>\n\t<meta property=\"og:image:width\" content=\"1024\" \/>\n\t<meta property=\"og:image:height\" content=\"576\" \/>\n\t<meta property=\"og:image:type\" content=\"image\/jpeg\" \/>\n<meta name=\"author\" content=\"Jeanette\" \/>\n<meta name=\"twitter:card\" content=\"summary_large_image\" \/>\n<meta name=\"twitter:creator\" content=\"@eldiario_net\" \/>\n<meta name=\"twitter:site\" content=\"@eldiario_net\" \/>\n<meta name=\"twitter:label1\" content=\"Escrito por\" \/>\n\t<meta name=\"twitter:data1\" content=\"Jeanette\" \/>\n\t<meta name=\"twitter:label2\" content=\"Tiempo de lectura\" \/>\n\t<meta name=\"twitter:data2\" content=\"5 minutos\" \/>\n<script type=\"application\/ld+json\" class=\"yoast-schema-graph\">{\"@context\":\"https:\\\/\\\/schema.org\",\"@graph\":[{\"@type\":\"Article\",\"@id\":\"https:\\\/\\\/www.eldiario.net\\\/portal\\\/2024\\\/06\\\/22\\\/etcheverry-tiene-fe-en-la-verde\\\/#article\",\"isPartOf\":{\"@id\":\"https:\\\/\\\/www.eldiario.net\\\/portal\\\/2024\\\/06\\\/22\\\/etcheverry-tiene-fe-en-la-verde\\\/\"},\"author\":{\"name\":\"Jeanette\",\"@id\":\"https:\\\/\\\/www.eldiario.net\\\/portal\\\/#\\\/schema\\\/person\\\/f46445640444750d7d753ccd04ae01b7\"},\"headline\":\"ETCHEVERRY TIENE FE EN LA VERDE\",\"datePublished\":\"2024-06-22T14:31:08+00:00\",\"mainEntityOfPage\":{\"@id\":\"https:\\\/\\\/www.eldiario.net\\\/portal\\\/2024\\\/06\\\/22\\\/etcheverry-tiene-fe-en-la-verde\\\/\"},\"wordCount\":1128,\"commentCount\":0,\"publisher\":{\"@id\":\"https:\\\/\\\/www.eldiario.net\\\/portal\\\/#organization\"},\"image\":{\"@id\":\"https:\\\/\\\/www.eldiario.net\\\/portal\\\/2024\\\/06\\\/22\\\/etcheverry-tiene-fe-en-la-verde\\\/#primaryimage\"},\"thumbnailUrl\":\"https:\\\/\\\/www.eldiario.net\\\/portal\\\/wp-content\\\/uploads\\\/2024\\\/06\\\/FOTO-1-3.jpg\",\"articleSection\":[\"Deportes\"],\"inLanguage\":\"es\",\"potentialAction\":[{\"@type\":\"CommentAction\",\"name\":\"Comment\",\"target\":[\"https:\\\/\\\/www.eldiario.net\\\/portal\\\/2024\\\/06\\\/22\\\/etcheverry-tiene-fe-en-la-verde\\\/#respond\"]}]},{\"@type\":\"WebPage\",\"@id\":\"https:\\\/\\\/www.eldiario.net\\\/portal\\\/2024\\\/06\\\/22\\\/etcheverry-tiene-fe-en-la-verde\\\/\",\"url\":\"https:\\\/\\\/www.eldiario.net\\\/portal\\\/2024\\\/06\\\/22\\\/etcheverry-tiene-fe-en-la-verde\\\/\",\"name\":\"ETCHEVERRY TIENE FE EN LA VERDE - El Diario - Bolivia\",\"isPartOf\":{\"@id\":\"https:\\\/\\\/www.eldiario.net\\\/portal\\\/#website\"},\"primaryImageOfPage\":{\"@id\":\"https:\\\/\\\/www.eldiario.net\\\/portal\\\/2024\\\/06\\\/22\\\/etcheverry-tiene-fe-en-la-verde\\\/#primaryimage\"},\"image\":{\"@id\":\"https:\\\/\\\/www.eldiario.net\\\/portal\\\/2024\\\/06\\\/22\\\/etcheverry-tiene-fe-en-la-verde\\\/#primaryimage\"},\"thumbnailUrl\":\"https:\\\/\\\/www.eldiario.net\\\/portal\\\/wp-content\\\/uploads\\\/2024\\\/06\\\/FOTO-1-3.jpg\",\"datePublished\":\"2024-06-22T14:31:08+00:00\",\"breadcrumb\":{\"@id\":\"https:\\\/\\\/www.eldiario.net\\\/portal\\\/2024\\\/06\\\/22\\\/etcheverry-tiene-fe-en-la-verde\\\/#breadcrumb\"},\"inLanguage\":\"es\",\"potentialAction\":[{\"@type\":\"ReadAction\",\"target\":[\"https:\\\/\\\/www.eldiario.net\\\/portal\\\/2024\\\/06\\\/22\\\/etcheverry-tiene-fe-en-la-verde\\\/\"]}]},{\"@type\":\"ImageObject\",\"inLanguage\":\"es\",\"@id\":\"https:\\\/\\\/www.eldiario.net\\\/portal\\\/2024\\\/06\\\/22\\\/etcheverry-tiene-fe-en-la-verde\\\/#primaryimage\",\"url\":\"https:\\\/\\\/www.eldiario.net\\\/portal\\\/wp-content\\\/uploads\\\/2024\\\/06\\\/FOTO-1-3.jpg\",\"contentUrl\":\"https:\\\/\\\/www.eldiario.net\\\/portal\\\/wp-content\\\/uploads\\\/2024\\\/06\\\/FOTO-1-3.jpg\",\"width\":1024,\"height\":576},{\"@type\":\"BreadcrumbList\",\"@id\":\"https:\\\/\\\/www.eldiario.net\\\/portal\\\/2024\\\/06\\\/22\\\/etcheverry-tiene-fe-en-la-verde\\\/#breadcrumb\",\"itemListElement\":[{\"@type\":\"ListItem\",\"position\":1,\"name\":\"Portada\",\"item\":\"https:\\\/\\\/www.eldiario.net\\\/portal\\\/\"},{\"@type\":\"ListItem\",\"position\":2,\"name\":\"ETCHEVERRY TIENE FE EN LA VERDE\"}]},{\"@type\":\"WebSite\",\"@id\":\"https:\\\/\\\/www.eldiario.net\\\/portal\\\/#website\",\"url\":\"https:\\\/\\\/www.eldiario.net\\\/portal\\\/\",\"name\":\"El Diario - Decano de la prensa nacional\",\"description\":\"El Diario - Decano de la prensa nacional\",\"publisher\":{\"@id\":\"https:\\\/\\\/www.eldiario.net\\\/portal\\\/#organization\"},\"potentialAction\":[{\"@type\":\"SearchAction\",\"target\":{\"@type\":\"EntryPoint\",\"urlTemplate\":\"https:\\\/\\\/www.eldiario.net\\\/portal\\\/?s={search_term_string}\"},\"query-input\":{\"@type\":\"PropertyValueSpecification\",\"valueRequired\":true,\"valueName\":\"search_term_string\"}}],\"inLanguage\":\"es\"},{\"@type\":\"Organization\",\"@id\":\"https:\\\/\\\/www.eldiario.net\\\/portal\\\/#organization\",\"name\":\"El Diario - Decano de la prensa nacional\",\"url\":\"https:\\\/\\\/www.eldiario.net\\\/portal\\\/\",\"logo\":{\"@type\":\"ImageObject\",\"inLanguage\":\"es\",\"@id\":\"https:\\\/\\\/www.eldiario.net\\\/portal\\\/#\\\/schema\\\/logo\\\/image\\\/\",\"url\":\"https:\\\/\\\/www.eldiario.net\\\/portal\\\/wp-content\\\/uploads\\\/2023\\\/07\\\/logo_ED.jpg\",\"contentUrl\":\"https:\\\/\\\/www.eldiario.net\\\/portal\\\/wp-content\\\/uploads\\\/2023\\\/07\\\/logo_ED.jpg\",\"width\":272,\"height\":52,\"caption\":\"El Diario - Decano de la prensa nacional\"},\"image\":{\"@id\":\"https:\\\/\\\/www.eldiario.net\\\/portal\\\/#\\\/schema\\\/logo\\\/image\\\/\"},\"sameAs\":[\"https:\\\/\\\/www.facebook.com\\\/eldiario.bolivia\\\/\",\"https:\\\/\\\/x.com\\\/eldiario_net\"]},{\"@type\":\"Person\",\"@id\":\"https:\\\/\\\/www.eldiario.net\\\/portal\\\/#\\\/schema\\\/person\\\/f46445640444750d7d753ccd04ae01b7\",\"name\":\"Jeanette\",\"image\":{\"@type\":\"ImageObject\",\"inLanguage\":\"es\",\"@id\":\"https:\\\/\\\/secure.gravatar.com\\\/avatar\\\/3ea2118a5f7dad2b7138b1187a6b7ee55f160b9968b66013c3a3ef39dd7e5798?s=96&d=mm&r=g\",\"url\":\"https:\\\/\\\/secure.gravatar.com\\\/avatar\\\/3ea2118a5f7dad2b7138b1187a6b7ee55f160b9968b66013c3a3ef39dd7e5798?s=96&d=mm&r=g\",\"contentUrl\":\"https:\\\/\\\/secure.gravatar.com\\\/avatar\\\/3ea2118a5f7dad2b7138b1187a6b7ee55f160b9968b66013c3a3ef39dd7e5798?s=96&d=mm&r=g\",\"caption\":\"Jeanette\"},\"sameAs\":[\"https:\\\/\\\/www.eldiario.net\\\/portal\"],\"url\":\"https:\\\/\\\/www.eldiario.net\\\/portal\\\/author\\\/jeanette\\\/\"}]}<\/script>\n<!-- \/ Yoast SEO plugin. -->","yoast_head_json":{"title":"ETCHEVERRY TIENE FE EN LA VERDE - El Diario - Bolivia","robots":{"index":"index","follow":"follow","max-snippet":"max-snippet:-1","max-image-preview":"max-image-preview:large","max-video-preview":"max-video-preview:-1"},"canonical":"https:\/\/www.eldiario.net\/portal\/2024\/06\/22\/etcheverry-tiene-fe-en-la-verde\/","og_locale":"es_ES","og_type":"article","og_title":"ETCHEVERRY TIENE FE EN LA VERDE - El Diario - Bolivia","og_description":"&nbsp; Marco Antonio \u00abel Diablo\u00bb Etcheverry, el mayor referente del f\u00fatbol boliviano para el mundo, en di\u00e1logo exclusivo con DEPORTES EL DIARIO expres\u00f3 que tiene fe en lo que pueda hacer la Selecci\u00f3n Boliviana en la Copa Am\u00e9rica que ma\u00f1ana abre un nuevo cap\u00edtulo con la presentaci\u00f3n frente a Estados Unidos, desde las 18:00 (HB) [&hellip;]","og_url":"https:\/\/www.eldiario.net\/portal\/2024\/06\/22\/etcheverry-tiene-fe-en-la-verde\/","og_site_name":"El Diario - Bolivia","article_publisher":"https:\/\/www.facebook.com\/eldiario.bolivia\/","article_published_time":"2024-06-22T14:31:08+00:00","og_image":[{"width":1024,"height":576,"url":"https:\/\/www.eldiario.net\/portal\/wp-content\/uploads\/2024\/06\/FOTO-1-3.jpg","type":"image\/jpeg"}],"author":"Jeanette","twitter_card":"summary_large_image","twitter_creator":"@eldiario_net","twitter_site":"@eldiario_net","twitter_misc":{"Escrito por":"Jeanette","Tiempo de lectura":"5 minutos"},"schema":{"@context":"https:\/\/schema.org","@graph":[{"@type":"Article","@id":"https:\/\/www.eldiario.net\/portal\/2024\/06\/22\/etcheverry-tiene-fe-en-la-verde\/#article","isPartOf":{"@id":"https:\/\/www.eldiario.net\/portal\/2024\/06\/22\/etcheverry-tiene-fe-en-la-verde\/"},"author":{"name":"Jeanette","@id":"https:\/\/www.eldiario.net\/portal\/#\/schema\/person\/f46445640444750d7d753ccd04ae01b7"},"headline":"ETCHEVERRY TIENE FE EN LA VERDE","datePublished":"2024-06-22T14:31:08+00:00","mainEntityOfPage":{"@id":"https:\/\/www.eldiario.net\/portal\/2024\/06\/22\/etcheverry-tiene-fe-en-la-verde\/"},"wordCount":1128,"commentCount":0,"publisher":{"@id":"https:\/\/www.eldiario.net\/portal\/#organization"},"image":{"@id":"https:\/\/www.eldiario.net\/portal\/2024\/06\/22\/etcheverry-tiene-fe-en-la-verde\/#primaryimage"},"thumbnailUrl":"https:\/\/www.eldiario.net\/portal\/wp-content\/uploads\/2024\/06\/FOTO-1-3.jpg","articleSection":["Deportes"],"inLanguage":"es","potentialAction":[{"@type":"CommentAction","name":"Comment","target":["https:\/\/www.eldiario.net\/portal\/2024\/06\/22\/etcheverry-tiene-fe-en-la-verde\/#respond"]}]},{"@type":"WebPage","@id":"https:\/\/www.eldiario.net\/portal\/2024\/06\/22\/etcheverry-tiene-fe-en-la-verde\/","url":"https:\/\/www.eldiario.net\/portal\/2024\/06\/22\/etcheverry-tiene-fe-en-la-verde\/","name":"ETCHEVERRY TIENE FE EN LA VERDE - El Diario - Bolivia","isPartOf":{"@id":"https:\/\/www.eldiario.net\/portal\/#website"},"primaryImageOfPage":{"@id":"https:\/\/www.eldiario.net\/portal\/2024\/06\/22\/etcheverry-tiene-fe-en-la-verde\/#primaryimage"},"image":{"@id":"https:\/\/www.eldiario.net\/portal\/2024\/06\/22\/etcheverry-tiene-fe-en-la-verde\/#primaryimage"},"thumbnailUrl":"https:\/\/www.eldiario.net\/portal\/wp-content\/uploads\/2024\/06\/FOTO-1-3.jpg","datePublished":"2024-06-22T14:31:08+00:00","breadcrumb":{"@id":"https:\/\/www.eldiario.net\/portal\/2024\/06\/22\/etcheverry-tiene-fe-en-la-verde\/#breadcrumb"},"inLanguage":"es","potentialAction":[{"@type":"ReadAction","target":["https:\/\/www.eldiario.net\/portal\/2024\/06\/22\/etcheverry-tiene-fe-en-la-verde\/"]}]},{"@type":"ImageObject","inLanguage":"es","@id":"https:\/\/www.eldiario.net\/portal\/2024\/06\/22\/etcheverry-tiene-fe-en-la-verde\/#primaryimage","url":"https:\/\/www.eldiario.net\/portal\/wp-content\/uploads\/2024\/06\/FOTO-1-3.jpg","contentUrl":"https:\/\/www.eldiario.net\/portal\/wp-content\/uploads\/2024\/06\/FOTO-1-3.jpg","width":1024,"height":576},{"@type":"BreadcrumbList","@id":"https:\/\/www.eldiario.net\/portal\/2024\/06\/22\/etcheverry-tiene-fe-en-la-verde\/#breadcrumb","itemListElement":[{"@type":"ListItem","position":1,"name":"Portada","item":"https:\/\/www.eldiario.net\/portal\/"},{"@type":"ListItem","position":2,"name":"ETCHEVERRY TIENE FE EN LA VERDE"}]},{"@type":"WebSite","@id":"https:\/\/www.eldiario.net\/portal\/#website","url":"https:\/\/www.eldiario.net\/portal\/","name":"El Diario - Decano de la prensa nacional","description":"El Diario - Decano de la prensa nacional","publisher":{"@id":"https:\/\/www.eldiario.net\/portal\/#organization"},"potentialAction":[{"@type":"SearchAction","target":{"@type":"EntryPoint","urlTemplate":"https:\/\/www.eldiario.net\/portal\/?s={search_term_string}"},"query-input":{"@type":"PropertyValueSpecification","valueRequired":true,"valueName":"search_term_string"}}],"inLanguage":"es"},{"@type":"Organization","@id":"https:\/\/www.eldiario.net\/portal\/#organization","name":"El Diario - Decano de la prensa nacional","url":"https:\/\/www.eldiario.net\/portal\/","logo":{"@type":"ImageObject","inLanguage":"es","@id":"https:\/\/www.eldiario.net\/portal\/#\/schema\/logo\/image\/","url":"https:\/\/www.eldiario.net\/portal\/wp-content\/uploads\/2023\/07\/logo_ED.jpg","contentUrl":"https:\/\/www.eldiario.net\/portal\/wp-content\/uploads\/2023\/07\/logo_ED.jpg","width":272,"height":52,"caption":"El Diario - Decano de la prensa nacional"},"image":{"@id":"https:\/\/www.eldiario.net\/portal\/#\/schema\/logo\/image\/"},"sameAs":["https:\/\/www.facebook.com\/eldiario.bolivia\/","https:\/\/x.com\/eldiario_net"]},{"@type":"Person","@id":"https:\/\/www.eldiario.net\/portal\/#\/schema\/person\/f46445640444750d7d753ccd04ae01b7","name":"Jeanette","image":{"@type":"ImageObject","inLanguage":"es","@id":"https:\/\/secure.gravatar.com\/avatar\/3ea2118a5f7dad2b7138b1187a6b7ee55f160b9968b66013c3a3ef39dd7e5798?s=96&d=mm&r=g","url":"https:\/\/secure.gravatar.com\/avatar\/3ea2118a5f7dad2b7138b1187a6b7ee55f160b9968b66013c3a3ef39dd7e5798?s=96&d=mm&r=g","contentUrl":"https:\/\/secure.gravatar.com\/avatar\/3ea2118a5f7dad2b7138b1187a6b7ee55f160b9968b66013c3a3ef39dd7e5798?s=96&d=mm&r=g","caption":"Jeanette"},"sameAs":["https:\/\/www.eldiario.net\/portal"],"url":"https:\/\/www.eldiario.net\/portal\/author\/jeanette\/"}]}},"_links":{"self":[{"href":"https:\/\/www.eldiario.net\/portal\/wp-json\/wp\/v2\/posts\/228969","targetHints":{"allow":["GET"]}}],"collection":[{"href":"https:\/\/www.eldiario.net\/portal\/wp-json\/wp\/v2\/posts"}],"about":[{"href":"https:\/\/www.eldiario.net\/portal\/wp-json\/wp\/v2\/types\/post"}],"author":[{"embeddable":true,"href":"https:\/\/www.eldiario.net\/portal\/wp-json\/wp\/v2\/users\/1"}],"replies":[{"embeddable":true,"href":"https:\/\/www.eldiario.net\/portal\/wp-json\/wp\/v2\/comments?post=228969"}],"version-history":[{"count":1,"href":"https:\/\/www.eldiario.net\/portal\/wp-json\/wp\/v2\/posts\/228969\/revisions"}],"predecessor-version":[{"id":228971,"href":"https:\/\/www.eldiario.net\/portal\/wp-json\/wp\/v2\/posts\/228969\/revisions\/228971"}],"wp:featuredmedia":[{"embeddable":true,"href":"https:\/\/www.eldiario.net\/portal\/wp-json\/wp\/v2\/media\/228970"}],"wp:attachment":[{"href":"https:\/\/www.eldiario.net\/portal\/wp-json\/wp\/v2\/media?parent=228969"}],"wp:term":[{"taxonomy":"category","embeddable":true,"href":"https:\/\/www.eldiario.net\/portal\/wp-json\/wp\/v2\/categories?post=228969"},{"taxonomy":"post_tag","embeddable":true,"href":"https:\/\/www.eldiario.net\/portal\/wp-json\/wp\/v2\/tags?post=228969"}],"curies":[{"name":"wp","href":"https:\/\/api.w.org\/{rel}","templated":true}]}}