{"id":228966,"date":"2024-06-22T10:30:20","date_gmt":"2024-06-22T14:30:20","guid":{"rendered":"https:\/\/www.eldiario.net\/portal\/?p=228966"},"modified":"2024-06-22T10:30:20","modified_gmt":"2024-06-22T14:30:20","slug":"bolivia-busca-mejorar-la-definicion-para-enfrentar-a-eeuu","status":"publish","type":"post","link":"https:\/\/www.eldiario.net\/portal\/2024\/06\/22\/bolivia-busca-mejorar-la-definicion-para-enfrentar-a-eeuu\/","title":{"rendered":"Bolivia busca mejorar la  definici\u00f3n para enfrentar a EEUU"},"content":{"rendered":"<p>DALLAS.- La era del seleccionador Antonio Carlos Zago ha estado acompa\u00f1ada por cinco derrotas y un bajo promedio de goles, apenas seis, en siete compromisos, entre oficiales y de preparaci\u00f3n, cifras que tratar\u00e1 de enderezar en la fase de grupos de la Copa Am\u00e9rica USA 2024.<br \/>\nLa Selecci\u00f3n Nacional est\u00e1 por mal camino en lo que va de esta temporada, porque ha perdido cuatro de cinco cotejos, ganando s\u00f3lo uno, y tomando en cuenta los encuentros de las clasificatorias mundialistas de noviembre tiene cinco derrotas y dos triunfos.<br \/>\nEstos seis goles, en siete presentaciones, marcan un rendimiento por debajo de la l\u00ednea de lo esperado, con un promedio de 0,85 goles por cotejo. En contrapartida, ha recibido 13 tantos: 1,85 por compromiso.<br \/>\nEl cuadro verde tiene una dif\u00edcil misi\u00f3n de voltear estos n\u00fameros en su paso por subir su nivel de productividad y evitar las malas experiencias contra Estados Unidos (23 de junio), Uruguay (27 de junio) y Panam\u00e1 (1 de julio), rivales de la fase de grupos en la Copa.<br \/>\nLos anotadores en la era de Zago son: Ramiro Vaca en dos ocasiones, Henry Vaca, Carmelo Algara\u00f1az, Jos\u00e9 Sagredo y Miguel Terceros, cada uno con un tanto. De estos futbolistas, Henry Vaca ser\u00e1 un ausente en la Copa. Mientras, Algara\u00f1az es el rostro del ataque del Equipo de Todos ante la ausencia de Marcelo Martins Moreno.<br \/>\nDurante las sesiones de esta semana, Zago orden\u00f3 ejercicios de definici\u00f3n con participaci\u00f3n de los arqueros Guillermo Viscarra, Carlos Lampe y Gustavo Almada. Tambi\u00e9n dispuso de estos movimientos con marcaci\u00f3n en espacio reducido.<br \/>\nEl discurso de Zago, de los jugadores y de los dirigentes de la FBF sigue siendo una Copa Am\u00e9rica como un puente hacia la reanudaci\u00f3n en las clasificatorias mundialistas 2026, que este a\u00f1o tiene seis fechas, de las cuales tres ser\u00e1n en La Paz, donde el objetivo est\u00e1 en llegar como un plantel s\u00f3lido y con un alto porcentaje de efectividad.<br \/>\nEl seleccionado de Zago trabaj\u00f3 ayer viernes en horas de la ma\u00f1ana en el University of Dallas. Este s\u00e1bado cerrar\u00e1 su preparaci\u00f3n con un reconocimiento al estadio AT&amp;T, de Arlington, en horas de la tarde.<\/p>\n","protected":false},"excerpt":{"rendered":"<p>DALLAS.- La era del seleccionador Antonio Carlos Zago ha estado acompa\u00f1ada por cinco derrotas y un bajo promedio de goles, apenas seis, en siete compromisos, entre oficiales y de preparaci\u00f3n, cifras que tratar\u00e1 de enderezar en la fase de grupos de la Copa Am\u00e9rica USA 2024. La Selecci\u00f3n Nacional est\u00e1 por mal camino en lo [&hellip;]<\/p>\n","protected":false},"author":1,"featured_media":228967,"comment_status":"open","ping_status":"open","sticky":false,"template":"","format":"standard","meta":{"_acf_changed":false,"footnotes":""},"categories":[6],"tags":[],"class_list":["post-228966","post","type-post","status-publish","format-standard","has-post-thumbnail","category-deportes"],"acf":{"antetitulo":""},"yoast_head":"<!-- This site is optimized with the Yoast SEO plugin v28.3 - https:\/\/yoast.com\/product\/yoast-seo-wordpress\/ -->\n<title>Bolivia busca mejorar la definici\u00f3n para enfrentar a EEUU - El Diario - Bolivia<\/title>\n<meta name=\"robots\" content=\"index, follow, max-snippet:-1, max-image-preview:large, max-video-preview:-1\" \/>\n<link rel=\"canonical\" href=\"https:\/\/www.eldiario.net\/portal\/2024\/06\/22\/bolivia-busca-mejorar-la-definicion-para-enfrentar-a-eeuu\/\" \/>\n<meta property=\"og:locale\" content=\"es_ES\" \/>\n<meta property=\"og:type\" content=\"article\" \/>\n<meta property=\"og:title\" content=\"Bolivia busca mejorar la definici\u00f3n para enfrentar a EEUU - El Diario - Bolivia\" \/>\n<meta property=\"og:description\" content=\"DALLAS.- La era del seleccionador Antonio Carlos Zago ha estado acompa\u00f1ada por cinco derrotas y un bajo promedio de goles, apenas seis, en siete compromisos, entre oficiales y de preparaci\u00f3n, cifras que tratar\u00e1 de enderezar en la fase de grupos de la Copa Am\u00e9rica USA 2024. La Selecci\u00f3n Nacional est\u00e1 por mal camino en lo [&hellip;]\" \/>\n<meta property=\"og:url\" content=\"https:\/\/www.eldiario.net\/portal\/2024\/06\/22\/bolivia-busca-mejorar-la-definicion-para-enfrentar-a-eeuu\/\" \/>\n<meta property=\"og:site_name\" content=\"El Diario - Bolivia\" \/>\n<meta property=\"article:publisher\" content=\"https:\/\/www.facebook.com\/eldiario.bolivia\/\" \/>\n<meta property=\"article:published_time\" content=\"2024-06-22T14:30:20+00:00\" \/>\n<meta property=\"og:image\" content=\"https:\/\/www.eldiario.net\/portal\/wp-content\/uploads\/2024\/06\/FOTO-3-3.jpg\" \/>\n\t<meta property=\"og:image:width\" content=\"1200\" \/>\n\t<meta property=\"og:image:height\" content=\"884\" \/>\n\t<meta property=\"og:image:type\" content=\"image\/jpeg\" \/>\n<meta name=\"author\" content=\"Jeanette\" \/>\n<meta name=\"twitter:card\" content=\"summary_large_image\" \/>\n<meta name=\"twitter:creator\" content=\"@eldiario_net\" \/>\n<meta name=\"twitter:site\" content=\"@eldiario_net\" \/>\n<meta name=\"twitter:label1\" content=\"Escrito por\" \/>\n\t<meta name=\"twitter:data1\" content=\"Jeanette\" \/>\n\t<meta name=\"twitter:label2\" content=\"Tiempo de lectura\" \/>\n\t<meta name=\"twitter:data2\" content=\"2 minutos\" \/>\n<script type=\"application\/ld+json\" class=\"yoast-schema-graph\">{\"@context\":\"https:\\\/\\\/schema.org\",\"@graph\":[{\"@type\":\"Article\",\"@id\":\"https:\\\/\\\/www.eldiario.net\\\/portal\\\/2024\\\/06\\\/22\\\/bolivia-busca-mejorar-la-definicion-para-enfrentar-a-eeuu\\\/#article\",\"isPartOf\":{\"@id\":\"https:\\\/\\\/www.eldiario.net\\\/portal\\\/2024\\\/06\\\/22\\\/bolivia-busca-mejorar-la-definicion-para-enfrentar-a-eeuu\\\/\"},\"author\":{\"name\":\"Jeanette\",\"@id\":\"https:\\\/\\\/www.eldiario.net\\\/portal\\\/#\\\/schema\\\/person\\\/f46445640444750d7d753ccd04ae01b7\"},\"headline\":\"Bolivia busca mejorar la definici\u00f3n para enfrentar a EEUU\",\"datePublished\":\"2024-06-22T14:30:20+00:00\",\"mainEntityOfPage\":{\"@id\":\"https:\\\/\\\/www.eldiario.net\\\/portal\\\/2024\\\/06\\\/22\\\/bolivia-busca-mejorar-la-definicion-para-enfrentar-a-eeuu\\\/\"},\"wordCount\":384,\"commentCount\":0,\"publisher\":{\"@id\":\"https:\\\/\\\/www.eldiario.net\\\/portal\\\/#organization\"},\"image\":{\"@id\":\"https:\\\/\\\/www.eldiario.net\\\/portal\\\/2024\\\/06\\\/22\\\/bolivia-busca-mejorar-la-definicion-para-enfrentar-a-eeuu\\\/#primaryimage\"},\"thumbnailUrl\":\"https:\\\/\\\/www.eldiario.net\\\/portal\\\/wp-content\\\/uploads\\\/2024\\\/06\\\/FOTO-3-3.jpg\",\"articleSection\":[\"Deportes\"],\"inLanguage\":\"es\",\"potentialAction\":[{\"@type\":\"CommentAction\",\"name\":\"Comment\",\"target\":[\"https:\\\/\\\/www.eldiario.net\\\/portal\\\/2024\\\/06\\\/22\\\/bolivia-busca-mejorar-la-definicion-para-enfrentar-a-eeuu\\\/#respond\"]}]},{\"@type\":\"WebPage\",\"@id\":\"https:\\\/\\\/www.eldiario.net\\\/portal\\\/2024\\\/06\\\/22\\\/bolivia-busca-mejorar-la-definicion-para-enfrentar-a-eeuu\\\/\",\"url\":\"https:\\\/\\\/www.eldiario.net\\\/portal\\\/2024\\\/06\\\/22\\\/bolivia-busca-mejorar-la-definicion-para-enfrentar-a-eeuu\\\/\",\"name\":\"Bolivia busca mejorar la definici\u00f3n para enfrentar a EEUU - El Diario - Bolivia\",\"isPartOf\":{\"@id\":\"https:\\\/\\\/www.eldiario.net\\\/portal\\\/#website\"},\"primaryImageOfPage\":{\"@id\":\"https:\\\/\\\/www.eldiario.net\\\/portal\\\/2024\\\/06\\\/22\\\/bolivia-busca-mejorar-la-definicion-para-enfrentar-a-eeuu\\\/#primaryimage\"},\"image\":{\"@id\":\"https:\\\/\\\/www.eldiario.net\\\/portal\\\/2024\\\/06\\\/22\\\/bolivia-busca-mejorar-la-definicion-para-enfrentar-a-eeuu\\\/#primaryimage\"},\"thumbnailUrl\":\"https:\\\/\\\/www.eldiario.net\\\/portal\\\/wp-content\\\/uploads\\\/2024\\\/06\\\/FOTO-3-3.jpg\",\"datePublished\":\"2024-06-22T14:30:20+00:00\",\"breadcrumb\":{\"@id\":\"https:\\\/\\\/www.eldiario.net\\\/portal\\\/2024\\\/06\\\/22\\\/bolivia-busca-mejorar-la-definicion-para-enfrentar-a-eeuu\\\/#breadcrumb\"},\"inLanguage\":\"es\",\"potentialAction\":[{\"@type\":\"ReadAction\",\"target\":[\"https:\\\/\\\/www.eldiario.net\\\/portal\\\/2024\\\/06\\\/22\\\/bolivia-busca-mejorar-la-definicion-para-enfrentar-a-eeuu\\\/\"]}]},{\"@type\":\"ImageObject\",\"inLanguage\":\"es\",\"@id\":\"https:\\\/\\\/www.eldiario.net\\\/portal\\\/2024\\\/06\\\/22\\\/bolivia-busca-mejorar-la-definicion-para-enfrentar-a-eeuu\\\/#primaryimage\",\"url\":\"https:\\\/\\\/www.eldiario.net\\\/portal\\\/wp-content\\\/uploads\\\/2024\\\/06\\\/FOTO-3-3.jpg\",\"contentUrl\":\"https:\\\/\\\/www.eldiario.net\\\/portal\\\/wp-content\\\/uploads\\\/2024\\\/06\\\/FOTO-3-3.jpg\",\"width\":1200,\"height\":884},{\"@type\":\"BreadcrumbList\",\"@id\":\"https:\\\/\\\/www.eldiario.net\\\/portal\\\/2024\\\/06\\\/22\\\/bolivia-busca-mejorar-la-definicion-para-enfrentar-a-eeuu\\\/#breadcrumb\",\"itemListElement\":[{\"@type\":\"ListItem\",\"position\":1,\"name\":\"Portada\",\"item\":\"https:\\\/\\\/www.eldiario.net\\\/portal\\\/\"},{\"@type\":\"ListItem\",\"position\":2,\"name\":\"Bolivia busca mejorar la definici\u00f3n para enfrentar a EEUU\"}]},{\"@type\":\"WebSite\",\"@id\":\"https:\\\/\\\/www.eldiario.net\\\/portal\\\/#website\",\"url\":\"https:\\\/\\\/www.eldiario.net\\\/portal\\\/\",\"name\":\"El Diario - Decano de la prensa nacional\",\"description\":\"El Diario - Decano de la prensa nacional\",\"publisher\":{\"@id\":\"https:\\\/\\\/www.eldiario.net\\\/portal\\\/#organization\"},\"potentialAction\":[{\"@type\":\"SearchAction\",\"target\":{\"@type\":\"EntryPoint\",\"urlTemplate\":\"https:\\\/\\\/www.eldiario.net\\\/portal\\\/?s={search_term_string}\"},\"query-input\":{\"@type\":\"PropertyValueSpecification\",\"valueRequired\":true,\"valueName\":\"search_term_string\"}}],\"inLanguage\":\"es\"},{\"@type\":\"Organization\",\"@id\":\"https:\\\/\\\/www.eldiario.net\\\/portal\\\/#organization\",\"name\":\"El Diario - Decano de la prensa nacional\",\"url\":\"https:\\\/\\\/www.eldiario.net\\\/portal\\\/\",\"logo\":{\"@type\":\"ImageObject\",\"inLanguage\":\"es\",\"@id\":\"https:\\\/\\\/www.eldiario.net\\\/portal\\\/#\\\/schema\\\/logo\\\/image\\\/\",\"url\":\"https:\\\/\\\/www.eldiario.net\\\/portal\\\/wp-content\\\/uploads\\\/2023\\\/07\\\/logo_ED.jpg\",\"contentUrl\":\"https:\\\/\\\/www.eldiario.net\\\/portal\\\/wp-content\\\/uploads\\\/2023\\\/07\\\/logo_ED.jpg\",\"width\":272,\"height\":52,\"caption\":\"El Diario - Decano de la prensa nacional\"},\"image\":{\"@id\":\"https:\\\/\\\/www.eldiario.net\\\/portal\\\/#\\\/schema\\\/logo\\\/image\\\/\"},\"sameAs\":[\"https:\\\/\\\/www.facebook.com\\\/eldiario.bolivia\\\/\",\"https:\\\/\\\/x.com\\\/eldiario_net\"]},{\"@type\":\"Person\",\"@id\":\"https:\\\/\\\/www.eldiario.net\\\/portal\\\/#\\\/schema\\\/person\\\/f46445640444750d7d753ccd04ae01b7\",\"name\":\"Jeanette\",\"image\":{\"@type\":\"ImageObject\",\"inLanguage\":\"es\",\"@id\":\"https:\\\/\\\/secure.gravatar.com\\\/avatar\\\/3ea2118a5f7dad2b7138b1187a6b7ee55f160b9968b66013c3a3ef39dd7e5798?s=96&d=mm&r=g\",\"url\":\"https:\\\/\\\/secure.gravatar.com\\\/avatar\\\/3ea2118a5f7dad2b7138b1187a6b7ee55f160b9968b66013c3a3ef39dd7e5798?s=96&d=mm&r=g\",\"contentUrl\":\"https:\\\/\\\/secure.gravatar.com\\\/avatar\\\/3ea2118a5f7dad2b7138b1187a6b7ee55f160b9968b66013c3a3ef39dd7e5798?s=96&d=mm&r=g\",\"caption\":\"Jeanette\"},\"sameAs\":[\"https:\\\/\\\/www.eldiario.net\\\/portal\"],\"url\":\"https:\\\/\\\/www.eldiario.net\\\/portal\\\/author\\\/jeanette\\\/\"}]}<\/script>\n<!-- \/ Yoast SEO plugin. -->","yoast_head_json":{"title":"Bolivia busca mejorar la definici\u00f3n para enfrentar a EEUU - El Diario - Bolivia","robots":{"index":"index","follow":"follow","max-snippet":"max-snippet:-1","max-image-preview":"max-image-preview:large","max-video-preview":"max-video-preview:-1"},"canonical":"https:\/\/www.eldiario.net\/portal\/2024\/06\/22\/bolivia-busca-mejorar-la-definicion-para-enfrentar-a-eeuu\/","og_locale":"es_ES","og_type":"article","og_title":"Bolivia busca mejorar la definici\u00f3n para enfrentar a EEUU - El Diario - Bolivia","og_description":"DALLAS.- La era del seleccionador Antonio Carlos Zago ha estado acompa\u00f1ada por cinco derrotas y un bajo promedio de goles, apenas seis, en siete compromisos, entre oficiales y de preparaci\u00f3n, cifras que tratar\u00e1 de enderezar en la fase de grupos de la Copa Am\u00e9rica USA 2024. La Selecci\u00f3n Nacional est\u00e1 por mal camino en lo [&hellip;]","og_url":"https:\/\/www.eldiario.net\/portal\/2024\/06\/22\/bolivia-busca-mejorar-la-definicion-para-enfrentar-a-eeuu\/","og_site_name":"El Diario - Bolivia","article_publisher":"https:\/\/www.facebook.com\/eldiario.bolivia\/","article_published_time":"2024-06-22T14:30:20+00:00","og_image":[{"width":1200,"height":884,"url":"https:\/\/www.eldiario.net\/portal\/wp-content\/uploads\/2024\/06\/FOTO-3-3.jpg","type":"image\/jpeg"}],"author":"Jeanette","twitter_card":"summary_large_image","twitter_creator":"@eldiario_net","twitter_site":"@eldiario_net","twitter_misc":{"Escrito por":"Jeanette","Tiempo de lectura":"2 minutos"},"schema":{"@context":"https:\/\/schema.org","@graph":[{"@type":"Article","@id":"https:\/\/www.eldiario.net\/portal\/2024\/06\/22\/bolivia-busca-mejorar-la-definicion-para-enfrentar-a-eeuu\/#article","isPartOf":{"@id":"https:\/\/www.eldiario.net\/portal\/2024\/06\/22\/bolivia-busca-mejorar-la-definicion-para-enfrentar-a-eeuu\/"},"author":{"name":"Jeanette","@id":"https:\/\/www.eldiario.net\/portal\/#\/schema\/person\/f46445640444750d7d753ccd04ae01b7"},"headline":"Bolivia busca mejorar la definici\u00f3n para enfrentar a EEUU","datePublished":"2024-06-22T14:30:20+00:00","mainEntityOfPage":{"@id":"https:\/\/www.eldiario.net\/portal\/2024\/06\/22\/bolivia-busca-mejorar-la-definicion-para-enfrentar-a-eeuu\/"},"wordCount":384,"commentCount":0,"publisher":{"@id":"https:\/\/www.eldiario.net\/portal\/#organization"},"image":{"@id":"https:\/\/www.eldiario.net\/portal\/2024\/06\/22\/bolivia-busca-mejorar-la-definicion-para-enfrentar-a-eeuu\/#primaryimage"},"thumbnailUrl":"https:\/\/www.eldiario.net\/portal\/wp-content\/uploads\/2024\/06\/FOTO-3-3.jpg","articleSection":["Deportes"],"inLanguage":"es","potentialAction":[{"@type":"CommentAction","name":"Comment","target":["https:\/\/www.eldiario.net\/portal\/2024\/06\/22\/bolivia-busca-mejorar-la-definicion-para-enfrentar-a-eeuu\/#respond"]}]},{"@type":"WebPage","@id":"https:\/\/www.eldiario.net\/portal\/2024\/06\/22\/bolivia-busca-mejorar-la-definicion-para-enfrentar-a-eeuu\/","url":"https:\/\/www.eldiario.net\/portal\/2024\/06\/22\/bolivia-busca-mejorar-la-definicion-para-enfrentar-a-eeuu\/","name":"Bolivia busca mejorar la definici\u00f3n para enfrentar a EEUU - El Diario - Bolivia","isPartOf":{"@id":"https:\/\/www.eldiario.net\/portal\/#website"},"primaryImageOfPage":{"@id":"https:\/\/www.eldiario.net\/portal\/2024\/06\/22\/bolivia-busca-mejorar-la-definicion-para-enfrentar-a-eeuu\/#primaryimage"},"image":{"@id":"https:\/\/www.eldiario.net\/portal\/2024\/06\/22\/bolivia-busca-mejorar-la-definicion-para-enfrentar-a-eeuu\/#primaryimage"},"thumbnailUrl":"https:\/\/www.eldiario.net\/portal\/wp-content\/uploads\/2024\/06\/FOTO-3-3.jpg","datePublished":"2024-06-22T14:30:20+00:00","breadcrumb":{"@id":"https:\/\/www.eldiario.net\/portal\/2024\/06\/22\/bolivia-busca-mejorar-la-definicion-para-enfrentar-a-eeuu\/#breadcrumb"},"inLanguage":"es","potentialAction":[{"@type":"ReadAction","target":["https:\/\/www.eldiario.net\/portal\/2024\/06\/22\/bolivia-busca-mejorar-la-definicion-para-enfrentar-a-eeuu\/"]}]},{"@type":"ImageObject","inLanguage":"es","@id":"https:\/\/www.eldiario.net\/portal\/2024\/06\/22\/bolivia-busca-mejorar-la-definicion-para-enfrentar-a-eeuu\/#primaryimage","url":"https:\/\/www.eldiario.net\/portal\/wp-content\/uploads\/2024\/06\/FOTO-3-3.jpg","contentUrl":"https:\/\/www.eldiario.net\/portal\/wp-content\/uploads\/2024\/06\/FOTO-3-3.jpg","width":1200,"height":884},{"@type":"BreadcrumbList","@id":"https:\/\/www.eldiario.net\/portal\/2024\/06\/22\/bolivia-busca-mejorar-la-definicion-para-enfrentar-a-eeuu\/#breadcrumb","itemListElement":[{"@type":"ListItem","position":1,"name":"Portada","item":"https:\/\/www.eldiario.net\/portal\/"},{"@type":"ListItem","position":2,"name":"Bolivia busca mejorar la definici\u00f3n para enfrentar a EEUU"}]},{"@type":"WebSite","@id":"https:\/\/www.eldiario.net\/portal\/#website","url":"https:\/\/www.eldiario.net\/portal\/","name":"El Diario - Decano de la prensa nacional","description":"El Diario - Decano de la prensa nacional","publisher":{"@id":"https:\/\/www.eldiario.net\/portal\/#organization"},"potentialAction":[{"@type":"SearchAction","target":{"@type":"EntryPoint","urlTemplate":"https:\/\/www.eldiario.net\/portal\/?s={search_term_string}"},"query-input":{"@type":"PropertyValueSpecification","valueRequired":true,"valueName":"search_term_string"}}],"inLanguage":"es"},{"@type":"Organization","@id":"https:\/\/www.eldiario.net\/portal\/#organization","name":"El Diario - Decano de la prensa nacional","url":"https:\/\/www.eldiario.net\/portal\/","logo":{"@type":"ImageObject","inLanguage":"es","@id":"https:\/\/www.eldiario.net\/portal\/#\/schema\/logo\/image\/","url":"https:\/\/www.eldiario.net\/portal\/wp-content\/uploads\/2023\/07\/logo_ED.jpg","contentUrl":"https:\/\/www.eldiario.net\/portal\/wp-content\/uploads\/2023\/07\/logo_ED.jpg","width":272,"height":52,"caption":"El Diario - Decano de la prensa nacional"},"image":{"@id":"https:\/\/www.eldiario.net\/portal\/#\/schema\/logo\/image\/"},"sameAs":["https:\/\/www.facebook.com\/eldiario.bolivia\/","https:\/\/x.com\/eldiario_net"]},{"@type":"Person","@id":"https:\/\/www.eldiario.net\/portal\/#\/schema\/person\/f46445640444750d7d753ccd04ae01b7","name":"Jeanette","image":{"@type":"ImageObject","inLanguage":"es","@id":"https:\/\/secure.gravatar.com\/avatar\/3ea2118a5f7dad2b7138b1187a6b7ee55f160b9968b66013c3a3ef39dd7e5798?s=96&d=mm&r=g","url":"https:\/\/secure.gravatar.com\/avatar\/3ea2118a5f7dad2b7138b1187a6b7ee55f160b9968b66013c3a3ef39dd7e5798?s=96&d=mm&r=g","contentUrl":"https:\/\/secure.gravatar.com\/avatar\/3ea2118a5f7dad2b7138b1187a6b7ee55f160b9968b66013c3a3ef39dd7e5798?s=96&d=mm&r=g","caption":"Jeanette"},"sameAs":["https:\/\/www.eldiario.net\/portal"],"url":"https:\/\/www.eldiario.net\/portal\/author\/jeanette\/"}]}},"_links":{"self":[{"href":"https:\/\/www.eldiario.net\/portal\/wp-json\/wp\/v2\/posts\/228966","targetHints":{"allow":["GET"]}}],"collection":[{"href":"https:\/\/www.eldiario.net\/portal\/wp-json\/wp\/v2\/posts"}],"about":[{"href":"https:\/\/www.eldiario.net\/portal\/wp-json\/wp\/v2\/types\/post"}],"author":[{"embeddable":true,"href":"https:\/\/www.eldiario.net\/portal\/wp-json\/wp\/v2\/users\/1"}],"replies":[{"embeddable":true,"href":"https:\/\/www.eldiario.net\/portal\/wp-json\/wp\/v2\/comments?post=228966"}],"version-history":[{"count":1,"href":"https:\/\/www.eldiario.net\/portal\/wp-json\/wp\/v2\/posts\/228966\/revisions"}],"predecessor-version":[{"id":228968,"href":"https:\/\/www.eldiario.net\/portal\/wp-json\/wp\/v2\/posts\/228966\/revisions\/228968"}],"wp:featuredmedia":[{"embeddable":true,"href":"https:\/\/www.eldiario.net\/portal\/wp-json\/wp\/v2\/media\/228967"}],"wp:attachment":[{"href":"https:\/\/www.eldiario.net\/portal\/wp-json\/wp\/v2\/media?parent=228966"}],"wp:term":[{"taxonomy":"category","embeddable":true,"href":"https:\/\/www.eldiario.net\/portal\/wp-json\/wp\/v2\/categories?post=228966"},{"taxonomy":"post_tag","embeddable":true,"href":"https:\/\/www.eldiario.net\/portal\/wp-json\/wp\/v2\/tags?post=228966"}],"curies":[{"name":"wp","href":"https:\/\/api.w.org\/{rel}","templated":true}]}}