{"id":228954,"date":"2024-06-22T10:25:06","date_gmt":"2024-06-22T14:25:06","guid":{"rendered":"https:\/\/www.eldiario.net\/portal\/?p=228954"},"modified":"2024-06-22T10:25:06","modified_gmt":"2024-06-22T14:25:06","slug":"el-clasico-del-pacifico-termina-en-aburrido-empate-a-cero","status":"publish","type":"post","link":"https:\/\/www.eldiario.net\/portal\/2024\/06\/22\/el-clasico-del-pacifico-termina-en-aburrido-empate-a-cero\/","title":{"rendered":"El cl\u00e1sico del Pac\u00edfico termina en aburrido empate a cero"},"content":{"rendered":"<p>Tras la inauguraci\u00f3n de la Copa Am\u00e9rica 2024 con el triunfo 2-0 de Argentina sobre Canad\u00e1, se cerr\u00f3 la jornada 1 del grupo A con el cl\u00e1sico del Pac\u00edfico entre Chile y Per\u00fa.<br \/>\nHubo actividad de jugadores de la Liga MX, como Igor Lichnovsky del Am\u00e9rica y V\u00edctor D\u00e1vila del Le\u00f3n como iniciales en la selecci\u00f3n chilena de Ricardo Gareca.<br \/>\nEn un duelo con pocas opciones de parte de ambas escuadras, las m\u00e1s claras no fueron aprovechadas, como la gran falla del internacional Alexis S\u00e1nchez, que de frente al marco de Pedro Gallese la dejo ir con un disparo que se fue por arriba de la porter\u00eda inca.(MARCA)<\/p>\n","protected":false},"excerpt":{"rendered":"<p>Tras la inauguraci\u00f3n de la Copa Am\u00e9rica 2024 con el triunfo 2-0 de Argentina sobre Canad\u00e1, se cerr\u00f3 la jornada 1 del grupo A con el cl\u00e1sico del Pac\u00edfico entre Chile y Per\u00fa. Hubo actividad de jugadores de la Liga MX, como Igor Lichnovsky del Am\u00e9rica y V\u00edctor D\u00e1vila del Le\u00f3n como iniciales en la [&hellip;]<\/p>\n","protected":false},"author":1,"featured_media":228955,"comment_status":"open","ping_status":"open","sticky":false,"template":"","format":"standard","meta":{"_acf_changed":false,"footnotes":""},"categories":[6,53],"tags":[],"class_list":["post-228954","post","type-post","status-publish","format-standard","has-post-thumbnail","category-deportes","category-eurocopa-2024"],"acf":{"antetitulo":"COPA AM\u00c9RICA   "},"yoast_head":"<!-- This site is optimized with the Yoast SEO plugin v28.3 - https:\/\/yoast.com\/product\/yoast-seo-wordpress\/ -->\n<title>El cl\u00e1sico del Pac\u00edfico termina en aburrido empate a cero - El Diario - Bolivia<\/title>\n<meta name=\"robots\" content=\"index, follow, max-snippet:-1, max-image-preview:large, max-video-preview:-1\" \/>\n<link rel=\"canonical\" href=\"https:\/\/www.eldiario.net\/portal\/2024\/06\/22\/el-clasico-del-pacifico-termina-en-aburrido-empate-a-cero\/\" \/>\n<meta property=\"og:locale\" content=\"es_ES\" \/>\n<meta property=\"og:type\" content=\"article\" \/>\n<meta property=\"og:title\" content=\"El cl\u00e1sico del Pac\u00edfico termina en aburrido empate a cero - El Diario - Bolivia\" \/>\n<meta property=\"og:description\" content=\"Tras la inauguraci\u00f3n de la Copa Am\u00e9rica 2024 con el triunfo 2-0 de Argentina sobre Canad\u00e1, se cerr\u00f3 la jornada 1 del grupo A con el cl\u00e1sico del Pac\u00edfico entre Chile y Per\u00fa. Hubo actividad de jugadores de la Liga MX, como Igor Lichnovsky del Am\u00e9rica y V\u00edctor D\u00e1vila del Le\u00f3n como iniciales en la [&hellip;]\" \/>\n<meta property=\"og:url\" content=\"https:\/\/www.eldiario.net\/portal\/2024\/06\/22\/el-clasico-del-pacifico-termina-en-aburrido-empate-a-cero\/\" \/>\n<meta property=\"og:site_name\" content=\"El Diario - Bolivia\" \/>\n<meta property=\"article:publisher\" content=\"https:\/\/www.facebook.com\/eldiario.bolivia\/\" \/>\n<meta property=\"article:published_time\" content=\"2024-06-22T14:25:06+00:00\" \/>\n<meta property=\"og:image\" content=\"https:\/\/www.eldiario.net\/portal\/wp-content\/uploads\/2024\/06\/WhatsApp-Image-2024-06-21-at-10.28.jpg\" \/>\n\t<meta property=\"og:image:width\" content=\"720\" \/>\n\t<meta property=\"og:image:height\" content=\"486\" \/>\n\t<meta property=\"og:image:type\" content=\"image\/jpeg\" \/>\n<meta name=\"author\" content=\"Jeanette\" \/>\n<meta name=\"twitter:card\" content=\"summary_large_image\" \/>\n<meta name=\"twitter:creator\" content=\"@eldiario_net\" \/>\n<meta name=\"twitter:site\" content=\"@eldiario_net\" \/>\n<meta name=\"twitter:label1\" content=\"Escrito por\" \/>\n\t<meta name=\"twitter:data1\" content=\"Jeanette\" \/>\n\t<meta name=\"twitter:label2\" content=\"Tiempo de lectura\" \/>\n\t<meta name=\"twitter:data2\" content=\"1 minuto\" \/>\n<script type=\"application\/ld+json\" class=\"yoast-schema-graph\">{\"@context\":\"https:\\\/\\\/schema.org\",\"@graph\":[{\"@type\":\"Article\",\"@id\":\"https:\\\/\\\/www.eldiario.net\\\/portal\\\/2024\\\/06\\\/22\\\/el-clasico-del-pacifico-termina-en-aburrido-empate-a-cero\\\/#article\",\"isPartOf\":{\"@id\":\"https:\\\/\\\/www.eldiario.net\\\/portal\\\/2024\\\/06\\\/22\\\/el-clasico-del-pacifico-termina-en-aburrido-empate-a-cero\\\/\"},\"author\":{\"name\":\"Jeanette\",\"@id\":\"https:\\\/\\\/www.eldiario.net\\\/portal\\\/#\\\/schema\\\/person\\\/f46445640444750d7d753ccd04ae01b7\"},\"headline\":\"El cl\u00e1sico del Pac\u00edfico termina en aburrido empate a cero\",\"datePublished\":\"2024-06-22T14:25:06+00:00\",\"mainEntityOfPage\":{\"@id\":\"https:\\\/\\\/www.eldiario.net\\\/portal\\\/2024\\\/06\\\/22\\\/el-clasico-del-pacifico-termina-en-aburrido-empate-a-cero\\\/\"},\"wordCount\":131,\"commentCount\":0,\"publisher\":{\"@id\":\"https:\\\/\\\/www.eldiario.net\\\/portal\\\/#organization\"},\"image\":{\"@id\":\"https:\\\/\\\/www.eldiario.net\\\/portal\\\/2024\\\/06\\\/22\\\/el-clasico-del-pacifico-termina-en-aburrido-empate-a-cero\\\/#primaryimage\"},\"thumbnailUrl\":\"https:\\\/\\\/www.eldiario.net\\\/portal\\\/wp-content\\\/uploads\\\/2024\\\/06\\\/WhatsApp-Image-2024-06-21-at-10.28.jpg\",\"articleSection\":[\"Deportes\",\"Eurocopa 2024\"],\"inLanguage\":\"es\",\"potentialAction\":[{\"@type\":\"CommentAction\",\"name\":\"Comment\",\"target\":[\"https:\\\/\\\/www.eldiario.net\\\/portal\\\/2024\\\/06\\\/22\\\/el-clasico-del-pacifico-termina-en-aburrido-empate-a-cero\\\/#respond\"]}]},{\"@type\":\"WebPage\",\"@id\":\"https:\\\/\\\/www.eldiario.net\\\/portal\\\/2024\\\/06\\\/22\\\/el-clasico-del-pacifico-termina-en-aburrido-empate-a-cero\\\/\",\"url\":\"https:\\\/\\\/www.eldiario.net\\\/portal\\\/2024\\\/06\\\/22\\\/el-clasico-del-pacifico-termina-en-aburrido-empate-a-cero\\\/\",\"name\":\"El cl\u00e1sico del Pac\u00edfico termina en aburrido empate a cero - El Diario - Bolivia\",\"isPartOf\":{\"@id\":\"https:\\\/\\\/www.eldiario.net\\\/portal\\\/#website\"},\"primaryImageOfPage\":{\"@id\":\"https:\\\/\\\/www.eldiario.net\\\/portal\\\/2024\\\/06\\\/22\\\/el-clasico-del-pacifico-termina-en-aburrido-empate-a-cero\\\/#primaryimage\"},\"image\":{\"@id\":\"https:\\\/\\\/www.eldiario.net\\\/portal\\\/2024\\\/06\\\/22\\\/el-clasico-del-pacifico-termina-en-aburrido-empate-a-cero\\\/#primaryimage\"},\"thumbnailUrl\":\"https:\\\/\\\/www.eldiario.net\\\/portal\\\/wp-content\\\/uploads\\\/2024\\\/06\\\/WhatsApp-Image-2024-06-21-at-10.28.jpg\",\"datePublished\":\"2024-06-22T14:25:06+00:00\",\"breadcrumb\":{\"@id\":\"https:\\\/\\\/www.eldiario.net\\\/portal\\\/2024\\\/06\\\/22\\\/el-clasico-del-pacifico-termina-en-aburrido-empate-a-cero\\\/#breadcrumb\"},\"inLanguage\":\"es\",\"potentialAction\":[{\"@type\":\"ReadAction\",\"target\":[\"https:\\\/\\\/www.eldiario.net\\\/portal\\\/2024\\\/06\\\/22\\\/el-clasico-del-pacifico-termina-en-aburrido-empate-a-cero\\\/\"]}]},{\"@type\":\"ImageObject\",\"inLanguage\":\"es\",\"@id\":\"https:\\\/\\\/www.eldiario.net\\\/portal\\\/2024\\\/06\\\/22\\\/el-clasico-del-pacifico-termina-en-aburrido-empate-a-cero\\\/#primaryimage\",\"url\":\"https:\\\/\\\/www.eldiario.net\\\/portal\\\/wp-content\\\/uploads\\\/2024\\\/06\\\/WhatsApp-Image-2024-06-21-at-10.28.jpg\",\"contentUrl\":\"https:\\\/\\\/www.eldiario.net\\\/portal\\\/wp-content\\\/uploads\\\/2024\\\/06\\\/WhatsApp-Image-2024-06-21-at-10.28.jpg\",\"width\":720,\"height\":486},{\"@type\":\"BreadcrumbList\",\"@id\":\"https:\\\/\\\/www.eldiario.net\\\/portal\\\/2024\\\/06\\\/22\\\/el-clasico-del-pacifico-termina-en-aburrido-empate-a-cero\\\/#breadcrumb\",\"itemListElement\":[{\"@type\":\"ListItem\",\"position\":1,\"name\":\"Portada\",\"item\":\"https:\\\/\\\/www.eldiario.net\\\/portal\\\/\"},{\"@type\":\"ListItem\",\"position\":2,\"name\":\"El cl\u00e1sico del Pac\u00edfico termina en aburrido empate a cero\"}]},{\"@type\":\"WebSite\",\"@id\":\"https:\\\/\\\/www.eldiario.net\\\/portal\\\/#website\",\"url\":\"https:\\\/\\\/www.eldiario.net\\\/portal\\\/\",\"name\":\"El Diario - Decano de la prensa nacional\",\"description\":\"El Diario - Decano de la prensa nacional\",\"publisher\":{\"@id\":\"https:\\\/\\\/www.eldiario.net\\\/portal\\\/#organization\"},\"potentialAction\":[{\"@type\":\"SearchAction\",\"target\":{\"@type\":\"EntryPoint\",\"urlTemplate\":\"https:\\\/\\\/www.eldiario.net\\\/portal\\\/?s={search_term_string}\"},\"query-input\":{\"@type\":\"PropertyValueSpecification\",\"valueRequired\":true,\"valueName\":\"search_term_string\"}}],\"inLanguage\":\"es\"},{\"@type\":\"Organization\",\"@id\":\"https:\\\/\\\/www.eldiario.net\\\/portal\\\/#organization\",\"name\":\"El Diario - Decano de la prensa nacional\",\"url\":\"https:\\\/\\\/www.eldiario.net\\\/portal\\\/\",\"logo\":{\"@type\":\"ImageObject\",\"inLanguage\":\"es\",\"@id\":\"https:\\\/\\\/www.eldiario.net\\\/portal\\\/#\\\/schema\\\/logo\\\/image\\\/\",\"url\":\"https:\\\/\\\/www.eldiario.net\\\/portal\\\/wp-content\\\/uploads\\\/2023\\\/07\\\/logo_ED.jpg\",\"contentUrl\":\"https:\\\/\\\/www.eldiario.net\\\/portal\\\/wp-content\\\/uploads\\\/2023\\\/07\\\/logo_ED.jpg\",\"width\":272,\"height\":52,\"caption\":\"El Diario - Decano de la prensa nacional\"},\"image\":{\"@id\":\"https:\\\/\\\/www.eldiario.net\\\/portal\\\/#\\\/schema\\\/logo\\\/image\\\/\"},\"sameAs\":[\"https:\\\/\\\/www.facebook.com\\\/eldiario.bolivia\\\/\",\"https:\\\/\\\/x.com\\\/eldiario_net\"]},{\"@type\":\"Person\",\"@id\":\"https:\\\/\\\/www.eldiario.net\\\/portal\\\/#\\\/schema\\\/person\\\/f46445640444750d7d753ccd04ae01b7\",\"name\":\"Jeanette\",\"image\":{\"@type\":\"ImageObject\",\"inLanguage\":\"es\",\"@id\":\"https:\\\/\\\/secure.gravatar.com\\\/avatar\\\/3ea2118a5f7dad2b7138b1187a6b7ee55f160b9968b66013c3a3ef39dd7e5798?s=96&d=mm&r=g\",\"url\":\"https:\\\/\\\/secure.gravatar.com\\\/avatar\\\/3ea2118a5f7dad2b7138b1187a6b7ee55f160b9968b66013c3a3ef39dd7e5798?s=96&d=mm&r=g\",\"contentUrl\":\"https:\\\/\\\/secure.gravatar.com\\\/avatar\\\/3ea2118a5f7dad2b7138b1187a6b7ee55f160b9968b66013c3a3ef39dd7e5798?s=96&d=mm&r=g\",\"caption\":\"Jeanette\"},\"sameAs\":[\"https:\\\/\\\/www.eldiario.net\\\/portal\"],\"url\":\"https:\\\/\\\/www.eldiario.net\\\/portal\\\/author\\\/jeanette\\\/\"}]}<\/script>\n<!-- \/ Yoast SEO plugin. -->","yoast_head_json":{"title":"El cl\u00e1sico del Pac\u00edfico termina en aburrido empate a cero - El Diario - Bolivia","robots":{"index":"index","follow":"follow","max-snippet":"max-snippet:-1","max-image-preview":"max-image-preview:large","max-video-preview":"max-video-preview:-1"},"canonical":"https:\/\/www.eldiario.net\/portal\/2024\/06\/22\/el-clasico-del-pacifico-termina-en-aburrido-empate-a-cero\/","og_locale":"es_ES","og_type":"article","og_title":"El cl\u00e1sico del Pac\u00edfico termina en aburrido empate a cero - El Diario - Bolivia","og_description":"Tras la inauguraci\u00f3n de la Copa Am\u00e9rica 2024 con el triunfo 2-0 de Argentina sobre Canad\u00e1, se cerr\u00f3 la jornada 1 del grupo A con el cl\u00e1sico del Pac\u00edfico entre Chile y Per\u00fa. Hubo actividad de jugadores de la Liga MX, como Igor Lichnovsky del Am\u00e9rica y V\u00edctor D\u00e1vila del Le\u00f3n como iniciales en la [&hellip;]","og_url":"https:\/\/www.eldiario.net\/portal\/2024\/06\/22\/el-clasico-del-pacifico-termina-en-aburrido-empate-a-cero\/","og_site_name":"El Diario - Bolivia","article_publisher":"https:\/\/www.facebook.com\/eldiario.bolivia\/","article_published_time":"2024-06-22T14:25:06+00:00","og_image":[{"width":720,"height":486,"url":"https:\/\/www.eldiario.net\/portal\/wp-content\/uploads\/2024\/06\/WhatsApp-Image-2024-06-21-at-10.28.jpg","type":"image\/jpeg"}],"author":"Jeanette","twitter_card":"summary_large_image","twitter_creator":"@eldiario_net","twitter_site":"@eldiario_net","twitter_misc":{"Escrito por":"Jeanette","Tiempo de lectura":"1 minuto"},"schema":{"@context":"https:\/\/schema.org","@graph":[{"@type":"Article","@id":"https:\/\/www.eldiario.net\/portal\/2024\/06\/22\/el-clasico-del-pacifico-termina-en-aburrido-empate-a-cero\/#article","isPartOf":{"@id":"https:\/\/www.eldiario.net\/portal\/2024\/06\/22\/el-clasico-del-pacifico-termina-en-aburrido-empate-a-cero\/"},"author":{"name":"Jeanette","@id":"https:\/\/www.eldiario.net\/portal\/#\/schema\/person\/f46445640444750d7d753ccd04ae01b7"},"headline":"El cl\u00e1sico del Pac\u00edfico termina en aburrido empate a cero","datePublished":"2024-06-22T14:25:06+00:00","mainEntityOfPage":{"@id":"https:\/\/www.eldiario.net\/portal\/2024\/06\/22\/el-clasico-del-pacifico-termina-en-aburrido-empate-a-cero\/"},"wordCount":131,"commentCount":0,"publisher":{"@id":"https:\/\/www.eldiario.net\/portal\/#organization"},"image":{"@id":"https:\/\/www.eldiario.net\/portal\/2024\/06\/22\/el-clasico-del-pacifico-termina-en-aburrido-empate-a-cero\/#primaryimage"},"thumbnailUrl":"https:\/\/www.eldiario.net\/portal\/wp-content\/uploads\/2024\/06\/WhatsApp-Image-2024-06-21-at-10.28.jpg","articleSection":["Deportes","Eurocopa 2024"],"inLanguage":"es","potentialAction":[{"@type":"CommentAction","name":"Comment","target":["https:\/\/www.eldiario.net\/portal\/2024\/06\/22\/el-clasico-del-pacifico-termina-en-aburrido-empate-a-cero\/#respond"]}]},{"@type":"WebPage","@id":"https:\/\/www.eldiario.net\/portal\/2024\/06\/22\/el-clasico-del-pacifico-termina-en-aburrido-empate-a-cero\/","url":"https:\/\/www.eldiario.net\/portal\/2024\/06\/22\/el-clasico-del-pacifico-termina-en-aburrido-empate-a-cero\/","name":"El cl\u00e1sico del Pac\u00edfico termina en aburrido empate a cero - El Diario - Bolivia","isPartOf":{"@id":"https:\/\/www.eldiario.net\/portal\/#website"},"primaryImageOfPage":{"@id":"https:\/\/www.eldiario.net\/portal\/2024\/06\/22\/el-clasico-del-pacifico-termina-en-aburrido-empate-a-cero\/#primaryimage"},"image":{"@id":"https:\/\/www.eldiario.net\/portal\/2024\/06\/22\/el-clasico-del-pacifico-termina-en-aburrido-empate-a-cero\/#primaryimage"},"thumbnailUrl":"https:\/\/www.eldiario.net\/portal\/wp-content\/uploads\/2024\/06\/WhatsApp-Image-2024-06-21-at-10.28.jpg","datePublished":"2024-06-22T14:25:06+00:00","breadcrumb":{"@id":"https:\/\/www.eldiario.net\/portal\/2024\/06\/22\/el-clasico-del-pacifico-termina-en-aburrido-empate-a-cero\/#breadcrumb"},"inLanguage":"es","potentialAction":[{"@type":"ReadAction","target":["https:\/\/www.eldiario.net\/portal\/2024\/06\/22\/el-clasico-del-pacifico-termina-en-aburrido-empate-a-cero\/"]}]},{"@type":"ImageObject","inLanguage":"es","@id":"https:\/\/www.eldiario.net\/portal\/2024\/06\/22\/el-clasico-del-pacifico-termina-en-aburrido-empate-a-cero\/#primaryimage","url":"https:\/\/www.eldiario.net\/portal\/wp-content\/uploads\/2024\/06\/WhatsApp-Image-2024-06-21-at-10.28.jpg","contentUrl":"https:\/\/www.eldiario.net\/portal\/wp-content\/uploads\/2024\/06\/WhatsApp-Image-2024-06-21-at-10.28.jpg","width":720,"height":486},{"@type":"BreadcrumbList","@id":"https:\/\/www.eldiario.net\/portal\/2024\/06\/22\/el-clasico-del-pacifico-termina-en-aburrido-empate-a-cero\/#breadcrumb","itemListElement":[{"@type":"ListItem","position":1,"name":"Portada","item":"https:\/\/www.eldiario.net\/portal\/"},{"@type":"ListItem","position":2,"name":"El cl\u00e1sico del Pac\u00edfico termina en aburrido empate a cero"}]},{"@type":"WebSite","@id":"https:\/\/www.eldiario.net\/portal\/#website","url":"https:\/\/www.eldiario.net\/portal\/","name":"El Diario - Decano de la prensa nacional","description":"El Diario - Decano de la prensa nacional","publisher":{"@id":"https:\/\/www.eldiario.net\/portal\/#organization"},"potentialAction":[{"@type":"SearchAction","target":{"@type":"EntryPoint","urlTemplate":"https:\/\/www.eldiario.net\/portal\/?s={search_term_string}"},"query-input":{"@type":"PropertyValueSpecification","valueRequired":true,"valueName":"search_term_string"}}],"inLanguage":"es"},{"@type":"Organization","@id":"https:\/\/www.eldiario.net\/portal\/#organization","name":"El Diario - Decano de la prensa nacional","url":"https:\/\/www.eldiario.net\/portal\/","logo":{"@type":"ImageObject","inLanguage":"es","@id":"https:\/\/www.eldiario.net\/portal\/#\/schema\/logo\/image\/","url":"https:\/\/www.eldiario.net\/portal\/wp-content\/uploads\/2023\/07\/logo_ED.jpg","contentUrl":"https:\/\/www.eldiario.net\/portal\/wp-content\/uploads\/2023\/07\/logo_ED.jpg","width":272,"height":52,"caption":"El Diario - Decano de la prensa nacional"},"image":{"@id":"https:\/\/www.eldiario.net\/portal\/#\/schema\/logo\/image\/"},"sameAs":["https:\/\/www.facebook.com\/eldiario.bolivia\/","https:\/\/x.com\/eldiario_net"]},{"@type":"Person","@id":"https:\/\/www.eldiario.net\/portal\/#\/schema\/person\/f46445640444750d7d753ccd04ae01b7","name":"Jeanette","image":{"@type":"ImageObject","inLanguage":"es","@id":"https:\/\/secure.gravatar.com\/avatar\/3ea2118a5f7dad2b7138b1187a6b7ee55f160b9968b66013c3a3ef39dd7e5798?s=96&d=mm&r=g","url":"https:\/\/secure.gravatar.com\/avatar\/3ea2118a5f7dad2b7138b1187a6b7ee55f160b9968b66013c3a3ef39dd7e5798?s=96&d=mm&r=g","contentUrl":"https:\/\/secure.gravatar.com\/avatar\/3ea2118a5f7dad2b7138b1187a6b7ee55f160b9968b66013c3a3ef39dd7e5798?s=96&d=mm&r=g","caption":"Jeanette"},"sameAs":["https:\/\/www.eldiario.net\/portal"],"url":"https:\/\/www.eldiario.net\/portal\/author\/jeanette\/"}]}},"_links":{"self":[{"href":"https:\/\/www.eldiario.net\/portal\/wp-json\/wp\/v2\/posts\/228954","targetHints":{"allow":["GET"]}}],"collection":[{"href":"https:\/\/www.eldiario.net\/portal\/wp-json\/wp\/v2\/posts"}],"about":[{"href":"https:\/\/www.eldiario.net\/portal\/wp-json\/wp\/v2\/types\/post"}],"author":[{"embeddable":true,"href":"https:\/\/www.eldiario.net\/portal\/wp-json\/wp\/v2\/users\/1"}],"replies":[{"embeddable":true,"href":"https:\/\/www.eldiario.net\/portal\/wp-json\/wp\/v2\/comments?post=228954"}],"version-history":[{"count":1,"href":"https:\/\/www.eldiario.net\/portal\/wp-json\/wp\/v2\/posts\/228954\/revisions"}],"predecessor-version":[{"id":228956,"href":"https:\/\/www.eldiario.net\/portal\/wp-json\/wp\/v2\/posts\/228954\/revisions\/228956"}],"wp:featuredmedia":[{"embeddable":true,"href":"https:\/\/www.eldiario.net\/portal\/wp-json\/wp\/v2\/media\/228955"}],"wp:attachment":[{"href":"https:\/\/www.eldiario.net\/portal\/wp-json\/wp\/v2\/media?parent=228954"}],"wp:term":[{"taxonomy":"category","embeddable":true,"href":"https:\/\/www.eldiario.net\/portal\/wp-json\/wp\/v2\/categories?post=228954"},{"taxonomy":"post_tag","embeddable":true,"href":"https:\/\/www.eldiario.net\/portal\/wp-json\/wp\/v2\/tags?post=228954"}],"curies":[{"name":"wp","href":"https:\/\/api.w.org\/{rel}","templated":true}]}}