{"id":228903,"date":"2024-06-22T10:06:20","date_gmt":"2024-06-22T14:06:20","guid":{"rendered":"https:\/\/www.eldiario.net\/portal\/?p=228903"},"modified":"2024-06-22T10:06:20","modified_gmt":"2024-06-22T14:06:20","slug":"andronico-aclara-que-ejecucion-de-creditos-toma-hasta-dos-anos","status":"publish","type":"post","link":"https:\/\/www.eldiario.net\/portal\/2024\/06\/22\/andronico-aclara-que-ejecucion-de-creditos-toma-hasta-dos-anos\/","title":{"rendered":"Andr\u00f3nico aclara que ejecuci\u00f3n de cr\u00e9ditos toma hasta dos a\u00f1os"},"content":{"rendered":"<p>El presidente de la C\u00e1mara de Senadores, Andr\u00f3nico Rodr\u00edguez, asever\u00f3 que \u201cel problema\u201d con los proyectos de ley de cr\u00e9ditos externos para obras no es que estos sean aprobados y sancionados, sino el tiempo que demoran en ejecutarse e iniciar los trabajos pueden demorar hasta dos a\u00f1os.<br \/>\n\u201cQueremos expresar al pueblo boliviano que el problema no est\u00e1 en la no aprobaci\u00f3n o sanci\u00f3n de los proyectos de ley en la Asamblea: el problema de fondo es la ejecuci\u00f3n de estos recursos. Despu\u00e9s de un a\u00f1o, un a\u00f1o y medio y hasta dos a\u00f1os reci\u00e9n se est\u00e1n licitando algunos proyectos\u201d, declar\u00f3 Rodr\u00edguez el pasado jueves.<br \/>\nEstas declaraciones fueron emitidas luego de que la C\u00e1mara de Senadores sancion\u00f3 dos leyes para cr\u00e9ditos externos de hasta 78 millones de d\u00f3lares. Una de las normas es la Ley 348 que aprueba un cr\u00e9dito de la Cooperaci\u00f3n Andina de Fomento (CAF), por 35 millones de d\u00f3lares, con el cual se construir\u00e1 la carretera Norte Integrado-Yapacan\u00ed.<br \/>\nLa otra ley es la 301 que da luz verde al pr\u00e9stamo del Banco Interamericano de Desarrollo (BID) por 43 millones de d\u00f3lares, para el \u201cPrograma de Integraci\u00f3n Urbana, Eficiencia Energ\u00e9tica y Movilidad Urbana de Sucre\u201d.<br \/>\n\u201cNi bien nos remitieron a la C\u00e1mara de Diputados (estos proyectos de ley), los pasamos a la Comisi\u00f3n y la misma aprob\u00f3 el informe. Sancionamos este proyecto de ley en materia de cr\u00e9ditos para la construcci\u00f3n del camino norte de Yapacan\u00ed de 35 millones de d\u00f3lares, tambi\u00e9n el programa de eficiencia energ\u00e9tica de Sucre que asciende a 43 millones de d\u00f3lares\u201d, declar\u00f3 el presidente del Senado.<br \/>\nEl legislador inform\u00f3 que, con la aprobaci\u00f3n de estas dos normas, son 35 proyectos de ley aprobados en total. \u201cPr\u00e1cticamente todas sancionadas para que el \u00d3rgano Ejecutivo pueda, de manera inmediata, aplicar y ejecutar estos recursos que son de much\u00edsima importancia para el pa\u00eds\u201d. (Br\u00fajula Digital)<\/p>\n","protected":false},"excerpt":{"rendered":"<p>El presidente de la C\u00e1mara de Senadores, Andr\u00f3nico Rodr\u00edguez, asever\u00f3 que \u201cel problema\u201d con los proyectos de ley de cr\u00e9ditos externos para obras no es que estos sean aprobados y sancionados, sino el tiempo que demoran en ejecutarse e iniciar los trabajos pueden demorar hasta dos a\u00f1os. \u201cQueremos expresar al pueblo boliviano que el problema [&hellip;]<\/p>\n","protected":false},"author":1,"featured_media":228904,"comment_status":"open","ping_status":"open","sticky":false,"template":"","format":"standard","meta":{"_acf_changed":false,"footnotes":""},"categories":[14],"tags":[],"class_list":["post-228903","post","type-post","status-publish","format-standard","has-post-thumbnail","category-politica"],"acf":{"antetitulo":""},"yoast_head":"<!-- This site is optimized with the Yoast SEO plugin v28.4 - https:\/\/yoast.com\/product\/yoast-seo-wordpress\/ -->\n<title>Andr\u00f3nico aclara que ejecuci\u00f3n de cr\u00e9ditos toma hasta dos a\u00f1os - El Diario - Bolivia<\/title>\n<meta name=\"robots\" content=\"index, follow, max-snippet:-1, max-image-preview:large, max-video-preview:-1\" \/>\n<link rel=\"canonical\" href=\"https:\/\/www.eldiario.net\/portal\/2024\/06\/22\/andronico-aclara-que-ejecucion-de-creditos-toma-hasta-dos-anos\/\" \/>\n<meta property=\"og:locale\" content=\"es_ES\" \/>\n<meta property=\"og:type\" content=\"article\" \/>\n<meta property=\"og:title\" content=\"Andr\u00f3nico aclara que ejecuci\u00f3n de cr\u00e9ditos toma hasta dos a\u00f1os - El Diario - Bolivia\" \/>\n<meta property=\"og:description\" content=\"El presidente de la C\u00e1mara de Senadores, Andr\u00f3nico Rodr\u00edguez, asever\u00f3 que \u201cel problema\u201d con los proyectos de ley de cr\u00e9ditos externos para obras no es que estos sean aprobados y sancionados, sino el tiempo que demoran en ejecutarse e iniciar los trabajos pueden demorar hasta dos a\u00f1os. \u201cQueremos expresar al pueblo boliviano que el problema [&hellip;]\" \/>\n<meta property=\"og:url\" content=\"https:\/\/www.eldiario.net\/portal\/2024\/06\/22\/andronico-aclara-que-ejecucion-de-creditos-toma-hasta-dos-anos\/\" \/>\n<meta property=\"og:site_name\" content=\"El Diario - Bolivia\" \/>\n<meta property=\"article:publisher\" content=\"https:\/\/www.facebook.com\/eldiario.bolivia\/\" \/>\n<meta property=\"article:published_time\" content=\"2024-06-22T14:06:20+00:00\" \/>\n<meta property=\"og:image\" content=\"https:\/\/www.eldiario.net\/portal\/wp-content\/uploads\/2024\/06\/22-CRED.jpg\" \/>\n\t<meta property=\"og:image:width\" content=\"720\" \/>\n\t<meta property=\"og:image:height\" content=\"399\" \/>\n\t<meta property=\"og:image:type\" content=\"image\/jpeg\" \/>\n<meta name=\"author\" content=\"Jeanette\" \/>\n<meta name=\"twitter:card\" content=\"summary_large_image\" \/>\n<meta name=\"twitter:creator\" content=\"@eldiario_net\" \/>\n<meta name=\"twitter:site\" content=\"@eldiario_net\" \/>\n<meta name=\"twitter:label1\" content=\"Escrito por\" \/>\n\t<meta name=\"twitter:data1\" content=\"Jeanette\" \/>\n\t<meta name=\"twitter:label2\" content=\"Tiempo de lectura\" \/>\n\t<meta name=\"twitter:data2\" content=\"2 minutos\" \/>\n<script type=\"application\/ld+json\" class=\"yoast-schema-graph\">{\"@context\":\"https:\\\/\\\/schema.org\",\"@graph\":[{\"@type\":\"Article\",\"@id\":\"https:\\\/\\\/www.eldiario.net\\\/portal\\\/2024\\\/06\\\/22\\\/andronico-aclara-que-ejecucion-de-creditos-toma-hasta-dos-anos\\\/#article\",\"isPartOf\":{\"@id\":\"https:\\\/\\\/www.eldiario.net\\\/portal\\\/2024\\\/06\\\/22\\\/andronico-aclara-que-ejecucion-de-creditos-toma-hasta-dos-anos\\\/\"},\"author\":{\"name\":\"Jeanette\",\"@id\":\"https:\\\/\\\/www.eldiario.net\\\/portal\\\/#\\\/schema\\\/person\\\/f46445640444750d7d753ccd04ae01b7\"},\"headline\":\"Andr\u00f3nico aclara que ejecuci\u00f3n de cr\u00e9ditos toma hasta dos a\u00f1os\",\"datePublished\":\"2024-06-22T14:06:20+00:00\",\"mainEntityOfPage\":{\"@id\":\"https:\\\/\\\/www.eldiario.net\\\/portal\\\/2024\\\/06\\\/22\\\/andronico-aclara-que-ejecucion-de-creditos-toma-hasta-dos-anos\\\/\"},\"wordCount\":352,\"commentCount\":0,\"publisher\":{\"@id\":\"https:\\\/\\\/www.eldiario.net\\\/portal\\\/#organization\"},\"image\":{\"@id\":\"https:\\\/\\\/www.eldiario.net\\\/portal\\\/2024\\\/06\\\/22\\\/andronico-aclara-que-ejecucion-de-creditos-toma-hasta-dos-anos\\\/#primaryimage\"},\"thumbnailUrl\":\"https:\\\/\\\/www.eldiario.net\\\/portal\\\/wp-content\\\/uploads\\\/2024\\\/06\\\/22-CRED.jpg\",\"articleSection\":[\"Pol\u00edtica\"],\"inLanguage\":\"es\",\"potentialAction\":[{\"@type\":\"CommentAction\",\"name\":\"Comment\",\"target\":[\"https:\\\/\\\/www.eldiario.net\\\/portal\\\/2024\\\/06\\\/22\\\/andronico-aclara-que-ejecucion-de-creditos-toma-hasta-dos-anos\\\/#respond\"]}]},{\"@type\":\"WebPage\",\"@id\":\"https:\\\/\\\/www.eldiario.net\\\/portal\\\/2024\\\/06\\\/22\\\/andronico-aclara-que-ejecucion-de-creditos-toma-hasta-dos-anos\\\/\",\"url\":\"https:\\\/\\\/www.eldiario.net\\\/portal\\\/2024\\\/06\\\/22\\\/andronico-aclara-que-ejecucion-de-creditos-toma-hasta-dos-anos\\\/\",\"name\":\"Andr\u00f3nico aclara que ejecuci\u00f3n de cr\u00e9ditos toma hasta dos a\u00f1os - El Diario - Bolivia\",\"isPartOf\":{\"@id\":\"https:\\\/\\\/www.eldiario.net\\\/portal\\\/#website\"},\"primaryImageOfPage\":{\"@id\":\"https:\\\/\\\/www.eldiario.net\\\/portal\\\/2024\\\/06\\\/22\\\/andronico-aclara-que-ejecucion-de-creditos-toma-hasta-dos-anos\\\/#primaryimage\"},\"image\":{\"@id\":\"https:\\\/\\\/www.eldiario.net\\\/portal\\\/2024\\\/06\\\/22\\\/andronico-aclara-que-ejecucion-de-creditos-toma-hasta-dos-anos\\\/#primaryimage\"},\"thumbnailUrl\":\"https:\\\/\\\/www.eldiario.net\\\/portal\\\/wp-content\\\/uploads\\\/2024\\\/06\\\/22-CRED.jpg\",\"datePublished\":\"2024-06-22T14:06:20+00:00\",\"breadcrumb\":{\"@id\":\"https:\\\/\\\/www.eldiario.net\\\/portal\\\/2024\\\/06\\\/22\\\/andronico-aclara-que-ejecucion-de-creditos-toma-hasta-dos-anos\\\/#breadcrumb\"},\"inLanguage\":\"es\",\"potentialAction\":[{\"@type\":\"ReadAction\",\"target\":[\"https:\\\/\\\/www.eldiario.net\\\/portal\\\/2024\\\/06\\\/22\\\/andronico-aclara-que-ejecucion-de-creditos-toma-hasta-dos-anos\\\/\"]}]},{\"@type\":\"ImageObject\",\"inLanguage\":\"es\",\"@id\":\"https:\\\/\\\/www.eldiario.net\\\/portal\\\/2024\\\/06\\\/22\\\/andronico-aclara-que-ejecucion-de-creditos-toma-hasta-dos-anos\\\/#primaryimage\",\"url\":\"https:\\\/\\\/www.eldiario.net\\\/portal\\\/wp-content\\\/uploads\\\/2024\\\/06\\\/22-CRED.jpg\",\"contentUrl\":\"https:\\\/\\\/www.eldiario.net\\\/portal\\\/wp-content\\\/uploads\\\/2024\\\/06\\\/22-CRED.jpg\",\"width\":720,\"height\":399,\"caption\":\"El presidente del Senado en conferencia con los medios.\"},{\"@type\":\"BreadcrumbList\",\"@id\":\"https:\\\/\\\/www.eldiario.net\\\/portal\\\/2024\\\/06\\\/22\\\/andronico-aclara-que-ejecucion-de-creditos-toma-hasta-dos-anos\\\/#breadcrumb\",\"itemListElement\":[{\"@type\":\"ListItem\",\"position\":1,\"name\":\"Portada\",\"item\":\"https:\\\/\\\/www.eldiario.net\\\/portal\\\/\"},{\"@type\":\"ListItem\",\"position\":2,\"name\":\"Andr\u00f3nico aclara que ejecuci\u00f3n de cr\u00e9ditos toma hasta dos a\u00f1os\"}]},{\"@type\":\"WebSite\",\"@id\":\"https:\\\/\\\/www.eldiario.net\\\/portal\\\/#website\",\"url\":\"https:\\\/\\\/www.eldiario.net\\\/portal\\\/\",\"name\":\"El Diario - Decano de la prensa nacional\",\"description\":\"El Diario - Decano de la prensa nacional\",\"publisher\":{\"@id\":\"https:\\\/\\\/www.eldiario.net\\\/portal\\\/#organization\"},\"potentialAction\":[{\"@type\":\"SearchAction\",\"target\":{\"@type\":\"EntryPoint\",\"urlTemplate\":\"https:\\\/\\\/www.eldiario.net\\\/portal\\\/?s={search_term_string}\"},\"query-input\":{\"@type\":\"PropertyValueSpecification\",\"valueRequired\":true,\"valueName\":\"search_term_string\"}}],\"inLanguage\":\"es\"},{\"@type\":\"Organization\",\"@id\":\"https:\\\/\\\/www.eldiario.net\\\/portal\\\/#organization\",\"name\":\"El Diario - Decano de la prensa nacional\",\"url\":\"https:\\\/\\\/www.eldiario.net\\\/portal\\\/\",\"logo\":{\"@type\":\"ImageObject\",\"inLanguage\":\"es\",\"@id\":\"https:\\\/\\\/www.eldiario.net\\\/portal\\\/#\\\/schema\\\/logo\\\/image\\\/\",\"url\":\"https:\\\/\\\/www.eldiario.net\\\/portal\\\/wp-content\\\/uploads\\\/2023\\\/07\\\/logo_ED.jpg\",\"contentUrl\":\"https:\\\/\\\/www.eldiario.net\\\/portal\\\/wp-content\\\/uploads\\\/2023\\\/07\\\/logo_ED.jpg\",\"width\":272,\"height\":52,\"caption\":\"El Diario - Decano de la prensa nacional\"},\"image\":{\"@id\":\"https:\\\/\\\/www.eldiario.net\\\/portal\\\/#\\\/schema\\\/logo\\\/image\\\/\"},\"sameAs\":[\"https:\\\/\\\/www.facebook.com\\\/eldiario.bolivia\\\/\",\"https:\\\/\\\/x.com\\\/eldiario_net\"]},{\"@type\":\"Person\",\"@id\":\"https:\\\/\\\/www.eldiario.net\\\/portal\\\/#\\\/schema\\\/person\\\/f46445640444750d7d753ccd04ae01b7\",\"name\":\"Jeanette\",\"image\":{\"@type\":\"ImageObject\",\"inLanguage\":\"es\",\"@id\":\"https:\\\/\\\/secure.gravatar.com\\\/avatar\\\/3ea2118a5f7dad2b7138b1187a6b7ee55f160b9968b66013c3a3ef39dd7e5798?s=96&d=mm&r=g\",\"url\":\"https:\\\/\\\/secure.gravatar.com\\\/avatar\\\/3ea2118a5f7dad2b7138b1187a6b7ee55f160b9968b66013c3a3ef39dd7e5798?s=96&d=mm&r=g\",\"contentUrl\":\"https:\\\/\\\/secure.gravatar.com\\\/avatar\\\/3ea2118a5f7dad2b7138b1187a6b7ee55f160b9968b66013c3a3ef39dd7e5798?s=96&d=mm&r=g\",\"caption\":\"Jeanette\"},\"sameAs\":[\"https:\\\/\\\/www.eldiario.net\\\/portal\"],\"url\":\"https:\\\/\\\/www.eldiario.net\\\/portal\\\/author\\\/jeanette\\\/\"}]}<\/script>\n<!-- \/ Yoast SEO plugin. -->","yoast_head_json":{"title":"Andr\u00f3nico aclara que ejecuci\u00f3n de cr\u00e9ditos toma hasta dos a\u00f1os - El Diario - Bolivia","robots":{"index":"index","follow":"follow","max-snippet":"max-snippet:-1","max-image-preview":"max-image-preview:large","max-video-preview":"max-video-preview:-1"},"canonical":"https:\/\/www.eldiario.net\/portal\/2024\/06\/22\/andronico-aclara-que-ejecucion-de-creditos-toma-hasta-dos-anos\/","og_locale":"es_ES","og_type":"article","og_title":"Andr\u00f3nico aclara que ejecuci\u00f3n de cr\u00e9ditos toma hasta dos a\u00f1os - El Diario - Bolivia","og_description":"El presidente de la C\u00e1mara de Senadores, Andr\u00f3nico Rodr\u00edguez, asever\u00f3 que \u201cel problema\u201d con los proyectos de ley de cr\u00e9ditos externos para obras no es que estos sean aprobados y sancionados, sino el tiempo que demoran en ejecutarse e iniciar los trabajos pueden demorar hasta dos a\u00f1os. \u201cQueremos expresar al pueblo boliviano que el problema [&hellip;]","og_url":"https:\/\/www.eldiario.net\/portal\/2024\/06\/22\/andronico-aclara-que-ejecucion-de-creditos-toma-hasta-dos-anos\/","og_site_name":"El Diario - Bolivia","article_publisher":"https:\/\/www.facebook.com\/eldiario.bolivia\/","article_published_time":"2024-06-22T14:06:20+00:00","og_image":[{"width":720,"height":399,"url":"https:\/\/www.eldiario.net\/portal\/wp-content\/uploads\/2024\/06\/22-CRED.jpg","type":"image\/jpeg"}],"author":"Jeanette","twitter_card":"summary_large_image","twitter_creator":"@eldiario_net","twitter_site":"@eldiario_net","twitter_misc":{"Escrito por":"Jeanette","Tiempo de lectura":"2 minutos"},"schema":{"@context":"https:\/\/schema.org","@graph":[{"@type":"Article","@id":"https:\/\/www.eldiario.net\/portal\/2024\/06\/22\/andronico-aclara-que-ejecucion-de-creditos-toma-hasta-dos-anos\/#article","isPartOf":{"@id":"https:\/\/www.eldiario.net\/portal\/2024\/06\/22\/andronico-aclara-que-ejecucion-de-creditos-toma-hasta-dos-anos\/"},"author":{"name":"Jeanette","@id":"https:\/\/www.eldiario.net\/portal\/#\/schema\/person\/f46445640444750d7d753ccd04ae01b7"},"headline":"Andr\u00f3nico aclara que ejecuci\u00f3n de cr\u00e9ditos toma hasta dos a\u00f1os","datePublished":"2024-06-22T14:06:20+00:00","mainEntityOfPage":{"@id":"https:\/\/www.eldiario.net\/portal\/2024\/06\/22\/andronico-aclara-que-ejecucion-de-creditos-toma-hasta-dos-anos\/"},"wordCount":352,"commentCount":0,"publisher":{"@id":"https:\/\/www.eldiario.net\/portal\/#organization"},"image":{"@id":"https:\/\/www.eldiario.net\/portal\/2024\/06\/22\/andronico-aclara-que-ejecucion-de-creditos-toma-hasta-dos-anos\/#primaryimage"},"thumbnailUrl":"https:\/\/www.eldiario.net\/portal\/wp-content\/uploads\/2024\/06\/22-CRED.jpg","articleSection":["Pol\u00edtica"],"inLanguage":"es","potentialAction":[{"@type":"CommentAction","name":"Comment","target":["https:\/\/www.eldiario.net\/portal\/2024\/06\/22\/andronico-aclara-que-ejecucion-de-creditos-toma-hasta-dos-anos\/#respond"]}]},{"@type":"WebPage","@id":"https:\/\/www.eldiario.net\/portal\/2024\/06\/22\/andronico-aclara-que-ejecucion-de-creditos-toma-hasta-dos-anos\/","url":"https:\/\/www.eldiario.net\/portal\/2024\/06\/22\/andronico-aclara-que-ejecucion-de-creditos-toma-hasta-dos-anos\/","name":"Andr\u00f3nico aclara que ejecuci\u00f3n de cr\u00e9ditos toma hasta dos a\u00f1os - El Diario - Bolivia","isPartOf":{"@id":"https:\/\/www.eldiario.net\/portal\/#website"},"primaryImageOfPage":{"@id":"https:\/\/www.eldiario.net\/portal\/2024\/06\/22\/andronico-aclara-que-ejecucion-de-creditos-toma-hasta-dos-anos\/#primaryimage"},"image":{"@id":"https:\/\/www.eldiario.net\/portal\/2024\/06\/22\/andronico-aclara-que-ejecucion-de-creditos-toma-hasta-dos-anos\/#primaryimage"},"thumbnailUrl":"https:\/\/www.eldiario.net\/portal\/wp-content\/uploads\/2024\/06\/22-CRED.jpg","datePublished":"2024-06-22T14:06:20+00:00","breadcrumb":{"@id":"https:\/\/www.eldiario.net\/portal\/2024\/06\/22\/andronico-aclara-que-ejecucion-de-creditos-toma-hasta-dos-anos\/#breadcrumb"},"inLanguage":"es","potentialAction":[{"@type":"ReadAction","target":["https:\/\/www.eldiario.net\/portal\/2024\/06\/22\/andronico-aclara-que-ejecucion-de-creditos-toma-hasta-dos-anos\/"]}]},{"@type":"ImageObject","inLanguage":"es","@id":"https:\/\/www.eldiario.net\/portal\/2024\/06\/22\/andronico-aclara-que-ejecucion-de-creditos-toma-hasta-dos-anos\/#primaryimage","url":"https:\/\/www.eldiario.net\/portal\/wp-content\/uploads\/2024\/06\/22-CRED.jpg","contentUrl":"https:\/\/www.eldiario.net\/portal\/wp-content\/uploads\/2024\/06\/22-CRED.jpg","width":720,"height":399,"caption":"El presidente del Senado en conferencia con los medios."},{"@type":"BreadcrumbList","@id":"https:\/\/www.eldiario.net\/portal\/2024\/06\/22\/andronico-aclara-que-ejecucion-de-creditos-toma-hasta-dos-anos\/#breadcrumb","itemListElement":[{"@type":"ListItem","position":1,"name":"Portada","item":"https:\/\/www.eldiario.net\/portal\/"},{"@type":"ListItem","position":2,"name":"Andr\u00f3nico aclara que ejecuci\u00f3n de cr\u00e9ditos toma hasta dos a\u00f1os"}]},{"@type":"WebSite","@id":"https:\/\/www.eldiario.net\/portal\/#website","url":"https:\/\/www.eldiario.net\/portal\/","name":"El Diario - Decano de la prensa nacional","description":"El Diario - Decano de la prensa nacional","publisher":{"@id":"https:\/\/www.eldiario.net\/portal\/#organization"},"potentialAction":[{"@type":"SearchAction","target":{"@type":"EntryPoint","urlTemplate":"https:\/\/www.eldiario.net\/portal\/?s={search_term_string}"},"query-input":{"@type":"PropertyValueSpecification","valueRequired":true,"valueName":"search_term_string"}}],"inLanguage":"es"},{"@type":"Organization","@id":"https:\/\/www.eldiario.net\/portal\/#organization","name":"El Diario - Decano de la prensa nacional","url":"https:\/\/www.eldiario.net\/portal\/","logo":{"@type":"ImageObject","inLanguage":"es","@id":"https:\/\/www.eldiario.net\/portal\/#\/schema\/logo\/image\/","url":"https:\/\/www.eldiario.net\/portal\/wp-content\/uploads\/2023\/07\/logo_ED.jpg","contentUrl":"https:\/\/www.eldiario.net\/portal\/wp-content\/uploads\/2023\/07\/logo_ED.jpg","width":272,"height":52,"caption":"El Diario - Decano de la prensa nacional"},"image":{"@id":"https:\/\/www.eldiario.net\/portal\/#\/schema\/logo\/image\/"},"sameAs":["https:\/\/www.facebook.com\/eldiario.bolivia\/","https:\/\/x.com\/eldiario_net"]},{"@type":"Person","@id":"https:\/\/www.eldiario.net\/portal\/#\/schema\/person\/f46445640444750d7d753ccd04ae01b7","name":"Jeanette","image":{"@type":"ImageObject","inLanguage":"es","@id":"https:\/\/secure.gravatar.com\/avatar\/3ea2118a5f7dad2b7138b1187a6b7ee55f160b9968b66013c3a3ef39dd7e5798?s=96&d=mm&r=g","url":"https:\/\/secure.gravatar.com\/avatar\/3ea2118a5f7dad2b7138b1187a6b7ee55f160b9968b66013c3a3ef39dd7e5798?s=96&d=mm&r=g","contentUrl":"https:\/\/secure.gravatar.com\/avatar\/3ea2118a5f7dad2b7138b1187a6b7ee55f160b9968b66013c3a3ef39dd7e5798?s=96&d=mm&r=g","caption":"Jeanette"},"sameAs":["https:\/\/www.eldiario.net\/portal"],"url":"https:\/\/www.eldiario.net\/portal\/author\/jeanette\/"}]}},"_links":{"self":[{"href":"https:\/\/www.eldiario.net\/portal\/wp-json\/wp\/v2\/posts\/228903","targetHints":{"allow":["GET"]}}],"collection":[{"href":"https:\/\/www.eldiario.net\/portal\/wp-json\/wp\/v2\/posts"}],"about":[{"href":"https:\/\/www.eldiario.net\/portal\/wp-json\/wp\/v2\/types\/post"}],"author":[{"embeddable":true,"href":"https:\/\/www.eldiario.net\/portal\/wp-json\/wp\/v2\/users\/1"}],"replies":[{"embeddable":true,"href":"https:\/\/www.eldiario.net\/portal\/wp-json\/wp\/v2\/comments?post=228903"}],"version-history":[{"count":1,"href":"https:\/\/www.eldiario.net\/portal\/wp-json\/wp\/v2\/posts\/228903\/revisions"}],"predecessor-version":[{"id":228905,"href":"https:\/\/www.eldiario.net\/portal\/wp-json\/wp\/v2\/posts\/228903\/revisions\/228905"}],"wp:featuredmedia":[{"embeddable":true,"href":"https:\/\/www.eldiario.net\/portal\/wp-json\/wp\/v2\/media\/228904"}],"wp:attachment":[{"href":"https:\/\/www.eldiario.net\/portal\/wp-json\/wp\/v2\/media?parent=228903"}],"wp:term":[{"taxonomy":"category","embeddable":true,"href":"https:\/\/www.eldiario.net\/portal\/wp-json\/wp\/v2\/categories?post=228903"},{"taxonomy":"post_tag","embeddable":true,"href":"https:\/\/www.eldiario.net\/portal\/wp-json\/wp\/v2\/tags?post=228903"}],"curies":[{"name":"wp","href":"https:\/\/api.w.org\/{rel}","templated":true}]}}