{"id":228901,"date":"2024-06-22T10:05:55","date_gmt":"2024-06-22T14:05:55","guid":{"rendered":"https:\/\/www.eldiario.net\/portal\/?p=228901"},"modified":"2024-06-22T10:05:55","modified_gmt":"2024-06-22T14:05:55","slug":"acusan-a-magistrados-del-tcp-de-nuevamente-violar-la-cpe","status":"publish","type":"post","link":"https:\/\/www.eldiario.net\/portal\/2024\/06\/22\/acusan-a-magistrados-del-tcp-de-nuevamente-violar-la-cpe\/","title":{"rendered":"Acusan a magistrados del TCP de nuevamente violar la CPE"},"content":{"rendered":"<p>Para algunos parlamentarios de oposici\u00f3n, los magistrados autoprorrogados del Tribunal Constitucional Plurinacional (TCP) nuevamente violaron la Constituci\u00f3n Pol\u00edtica del Estado (CPE) al desconocer la sucesi\u00f3n temporal del presidente del Senado, Andr\u00f3nico Rodr\u00edguez, como presidente nato de la Asamblea Legislativa Plurinacional (ALP).<br \/>\nLa senadora de Comunidad Ciudadana (CC), Andrea Barrientos, manifest\u00f3 que la nueva acci\u00f3n de los magistrados autoprorrogados, de anular la s\u00e9ptima sesi\u00f3n de la ALP efectuada con mayor\u00eda de parlamentarios el 6 de junio, viola la CPE y que ninguna sentencia o auto constitucional ser\u00e1 reconocido como legal.<br \/>\n\u201cMientras no sea notificada eso no existe, adem\u00e1s desconocemos su ejercicio porque en s\u00ed es inconstitucional, as\u00ed que saquen o no, para nosotros es irrelevante. Como dir\u00eda mi amigo (diputado) Carlos Alarc\u00f3n: para nosotros (cualquier sentencia o auto del TCP) son papel higi\u00e9nico, no sirven absolutamente de nada\u201d, a\u00f1adi\u00f3.<br \/>\nEl senador del Movimiento al Socialismo (MAS) de la facci\u00f3n \u201cevista\u201d, Leonardo Loza, advirti\u00f3 que el TCP plantea nuevamente \u201cpisotear\u201d la Constituci\u00f3n y la independencia de poderes del Estado. \u201cAlertamos al pueblo boliviano (que) est\u00e1 en camino una nueva violaci\u00f3n y pisoteo a la CPE, eso no podemos permitir ni siendo de izquierda ni de derecha, ni siendo del campo o de la ciudad\u201d, manifest\u00f3 a ANF.<br \/>\nEsta semana el TCP, cuestionado por contar con magistrados con mandato prorrogado desde el 2 de enero de 2024, anul\u00f3 la s\u00e9ptima sesi\u00f3n de la Asamblea convocada por quien entonces fungi\u00f3 como su presidente en ejercicio, Andr\u00f3nico Rodr\u00edguez. Ignorando la sucesi\u00f3n constitucional realizada con base en el par\u00e1grafo II del art\u00edculo 158 de la Constituci\u00f3n Pol\u00edtica del Estado, el bloque af\u00edn al presidente Luis Arce, desconoci\u00f3 la sesi\u00f3n.<br \/>\nLos magistrados que emitieron la declaraci\u00f3n constitucional de \u201cautopr\u00f3rroga\u201d fueron los mismos que firmaron, en esta ocasi\u00f3n, el auto constitucional que anul\u00f3 la sesi\u00f3n de la ALP. Por su lado, Rodr\u00edguez reiter\u00f3 que las resoluciones o sentencias del TCP no tienen validez legal porque no pueden ser parte y juez de una decisi\u00f3n que lo involucra; en tal sentido, exigi\u00f3 al Ejecutivo promulgar las leyes sancionadas.<\/p>\n<p>Pie de foto: Iconograf\u00eda del Tribunal Constitucional Plurinacional<br \/>\nFoto: TCP<\/p>\n","protected":false},"excerpt":{"rendered":"<p>Para algunos parlamentarios de oposici\u00f3n, los magistrados autoprorrogados del Tribunal Constitucional Plurinacional (TCP) nuevamente violaron la Constituci\u00f3n Pol\u00edtica del Estado (CPE) al desconocer la sucesi\u00f3n temporal del presidente del Senado, Andr\u00f3nico Rodr\u00edguez, como presidente nato de la Asamblea Legislativa Plurinacional (ALP). La senadora de Comunidad Ciudadana (CC), Andrea Barrientos, manifest\u00f3 que la nueva acci\u00f3n de [&hellip;]<\/p>\n","protected":false},"author":1,"featured_media":194754,"comment_status":"open","ping_status":"open","sticky":false,"template":"","format":"standard","meta":{"_acf_changed":false,"footnotes":""},"categories":[14],"tags":[],"class_list":["post-228901","post","type-post","status-publish","format-standard","has-post-thumbnail","category-politica"],"acf":{"antetitulo":"Al desconocer sucesi\u00f3n de Rodr\u00edguez"},"yoast_head":"<!-- This site is optimized with the Yoast SEO plugin v28.4 - https:\/\/yoast.com\/product\/yoast-seo-wordpress\/ -->\n<title>Acusan a magistrados del TCP de nuevamente violar la CPE - El Diario - Bolivia<\/title>\n<meta name=\"robots\" content=\"index, follow, max-snippet:-1, max-image-preview:large, max-video-preview:-1\" \/>\n<link rel=\"canonical\" href=\"https:\/\/www.eldiario.net\/portal\/2024\/06\/22\/acusan-a-magistrados-del-tcp-de-nuevamente-violar-la-cpe\/\" \/>\n<meta property=\"og:locale\" content=\"es_ES\" \/>\n<meta property=\"og:type\" content=\"article\" \/>\n<meta property=\"og:title\" content=\"Acusan a magistrados del TCP de nuevamente violar la CPE - El Diario - Bolivia\" \/>\n<meta property=\"og:description\" content=\"Para algunos parlamentarios de oposici\u00f3n, los magistrados autoprorrogados del Tribunal Constitucional Plurinacional (TCP) nuevamente violaron la Constituci\u00f3n Pol\u00edtica del Estado (CPE) al desconocer la sucesi\u00f3n temporal del presidente del Senado, Andr\u00f3nico Rodr\u00edguez, como presidente nato de la Asamblea Legislativa Plurinacional (ALP). La senadora de Comunidad Ciudadana (CC), Andrea Barrientos, manifest\u00f3 que la nueva acci\u00f3n de [&hellip;]\" \/>\n<meta property=\"og:url\" content=\"https:\/\/www.eldiario.net\/portal\/2024\/06\/22\/acusan-a-magistrados-del-tcp-de-nuevamente-violar-la-cpe\/\" \/>\n<meta property=\"og:site_name\" content=\"El Diario - Bolivia\" \/>\n<meta property=\"article:publisher\" content=\"https:\/\/www.facebook.com\/eldiario.bolivia\/\" \/>\n<meta property=\"article:published_time\" content=\"2024-06-22T14:05:55+00:00\" \/>\n<meta property=\"og:image\" content=\"https:\/\/www.eldiario.net\/portal\/wp-content\/uploads\/2023\/12\/Politica.jpg\" \/>\n\t<meta property=\"og:image:width\" content=\"800\" \/>\n\t<meta property=\"og:image:height\" content=\"500\" \/>\n\t<meta property=\"og:image:type\" content=\"image\/jpeg\" \/>\n<meta name=\"author\" content=\"Jeanette\" \/>\n<meta name=\"twitter:card\" content=\"summary_large_image\" \/>\n<meta name=\"twitter:creator\" content=\"@eldiario_net\" \/>\n<meta name=\"twitter:site\" content=\"@eldiario_net\" \/>\n<meta name=\"twitter:label1\" content=\"Escrito por\" \/>\n\t<meta name=\"twitter:data1\" content=\"Jeanette\" \/>\n\t<meta name=\"twitter:label2\" content=\"Tiempo de lectura\" \/>\n\t<meta name=\"twitter:data2\" content=\"2 minutos\" \/>\n<script type=\"application\/ld+json\" class=\"yoast-schema-graph\">{\"@context\":\"https:\\\/\\\/schema.org\",\"@graph\":[{\"@type\":\"Article\",\"@id\":\"https:\\\/\\\/www.eldiario.net\\\/portal\\\/2024\\\/06\\\/22\\\/acusan-a-magistrados-del-tcp-de-nuevamente-violar-la-cpe\\\/#article\",\"isPartOf\":{\"@id\":\"https:\\\/\\\/www.eldiario.net\\\/portal\\\/2024\\\/06\\\/22\\\/acusan-a-magistrados-del-tcp-de-nuevamente-violar-la-cpe\\\/\"},\"author\":{\"name\":\"Jeanette\",\"@id\":\"https:\\\/\\\/www.eldiario.net\\\/portal\\\/#\\\/schema\\\/person\\\/f46445640444750d7d753ccd04ae01b7\"},\"headline\":\"Acusan a magistrados del TCP de nuevamente violar la CPE\",\"datePublished\":\"2024-06-22T14:05:55+00:00\",\"mainEntityOfPage\":{\"@id\":\"https:\\\/\\\/www.eldiario.net\\\/portal\\\/2024\\\/06\\\/22\\\/acusan-a-magistrados-del-tcp-de-nuevamente-violar-la-cpe\\\/\"},\"wordCount\":391,\"commentCount\":0,\"publisher\":{\"@id\":\"https:\\\/\\\/www.eldiario.net\\\/portal\\\/#organization\"},\"image\":{\"@id\":\"https:\\\/\\\/www.eldiario.net\\\/portal\\\/2024\\\/06\\\/22\\\/acusan-a-magistrados-del-tcp-de-nuevamente-violar-la-cpe\\\/#primaryimage\"},\"thumbnailUrl\":\"https:\\\/\\\/www.eldiario.net\\\/portal\\\/wp-content\\\/uploads\\\/2023\\\/12\\\/Politica.jpg\",\"articleSection\":[\"Pol\u00edtica\"],\"inLanguage\":\"es\",\"potentialAction\":[{\"@type\":\"CommentAction\",\"name\":\"Comment\",\"target\":[\"https:\\\/\\\/www.eldiario.net\\\/portal\\\/2024\\\/06\\\/22\\\/acusan-a-magistrados-del-tcp-de-nuevamente-violar-la-cpe\\\/#respond\"]}]},{\"@type\":\"WebPage\",\"@id\":\"https:\\\/\\\/www.eldiario.net\\\/portal\\\/2024\\\/06\\\/22\\\/acusan-a-magistrados-del-tcp-de-nuevamente-violar-la-cpe\\\/\",\"url\":\"https:\\\/\\\/www.eldiario.net\\\/portal\\\/2024\\\/06\\\/22\\\/acusan-a-magistrados-del-tcp-de-nuevamente-violar-la-cpe\\\/\",\"name\":\"Acusan a magistrados del TCP de nuevamente violar la CPE - El Diario - Bolivia\",\"isPartOf\":{\"@id\":\"https:\\\/\\\/www.eldiario.net\\\/portal\\\/#website\"},\"primaryImageOfPage\":{\"@id\":\"https:\\\/\\\/www.eldiario.net\\\/portal\\\/2024\\\/06\\\/22\\\/acusan-a-magistrados-del-tcp-de-nuevamente-violar-la-cpe\\\/#primaryimage\"},\"image\":{\"@id\":\"https:\\\/\\\/www.eldiario.net\\\/portal\\\/2024\\\/06\\\/22\\\/acusan-a-magistrados-del-tcp-de-nuevamente-violar-la-cpe\\\/#primaryimage\"},\"thumbnailUrl\":\"https:\\\/\\\/www.eldiario.net\\\/portal\\\/wp-content\\\/uploads\\\/2023\\\/12\\\/Politica.jpg\",\"datePublished\":\"2024-06-22T14:05:55+00:00\",\"breadcrumb\":{\"@id\":\"https:\\\/\\\/www.eldiario.net\\\/portal\\\/2024\\\/06\\\/22\\\/acusan-a-magistrados-del-tcp-de-nuevamente-violar-la-cpe\\\/#breadcrumb\"},\"inLanguage\":\"es\",\"potentialAction\":[{\"@type\":\"ReadAction\",\"target\":[\"https:\\\/\\\/www.eldiario.net\\\/portal\\\/2024\\\/06\\\/22\\\/acusan-a-magistrados-del-tcp-de-nuevamente-violar-la-cpe\\\/\"]}]},{\"@type\":\"ImageObject\",\"inLanguage\":\"es\",\"@id\":\"https:\\\/\\\/www.eldiario.net\\\/portal\\\/2024\\\/06\\\/22\\\/acusan-a-magistrados-del-tcp-de-nuevamente-violar-la-cpe\\\/#primaryimage\",\"url\":\"https:\\\/\\\/www.eldiario.net\\\/portal\\\/wp-content\\\/uploads\\\/2023\\\/12\\\/Politica.jpg\",\"contentUrl\":\"https:\\\/\\\/www.eldiario.net\\\/portal\\\/wp-content\\\/uploads\\\/2023\\\/12\\\/Politica.jpg\",\"width\":800,\"height\":500},{\"@type\":\"BreadcrumbList\",\"@id\":\"https:\\\/\\\/www.eldiario.net\\\/portal\\\/2024\\\/06\\\/22\\\/acusan-a-magistrados-del-tcp-de-nuevamente-violar-la-cpe\\\/#breadcrumb\",\"itemListElement\":[{\"@type\":\"ListItem\",\"position\":1,\"name\":\"Portada\",\"item\":\"https:\\\/\\\/www.eldiario.net\\\/portal\\\/\"},{\"@type\":\"ListItem\",\"position\":2,\"name\":\"Acusan a magistrados del TCP de nuevamente violar la CPE\"}]},{\"@type\":\"WebSite\",\"@id\":\"https:\\\/\\\/www.eldiario.net\\\/portal\\\/#website\",\"url\":\"https:\\\/\\\/www.eldiario.net\\\/portal\\\/\",\"name\":\"El Diario - Decano de la prensa nacional\",\"description\":\"El Diario - Decano de la prensa nacional\",\"publisher\":{\"@id\":\"https:\\\/\\\/www.eldiario.net\\\/portal\\\/#organization\"},\"potentialAction\":[{\"@type\":\"SearchAction\",\"target\":{\"@type\":\"EntryPoint\",\"urlTemplate\":\"https:\\\/\\\/www.eldiario.net\\\/portal\\\/?s={search_term_string}\"},\"query-input\":{\"@type\":\"PropertyValueSpecification\",\"valueRequired\":true,\"valueName\":\"search_term_string\"}}],\"inLanguage\":\"es\"},{\"@type\":\"Organization\",\"@id\":\"https:\\\/\\\/www.eldiario.net\\\/portal\\\/#organization\",\"name\":\"El Diario - Decano de la prensa nacional\",\"url\":\"https:\\\/\\\/www.eldiario.net\\\/portal\\\/\",\"logo\":{\"@type\":\"ImageObject\",\"inLanguage\":\"es\",\"@id\":\"https:\\\/\\\/www.eldiario.net\\\/portal\\\/#\\\/schema\\\/logo\\\/image\\\/\",\"url\":\"https:\\\/\\\/www.eldiario.net\\\/portal\\\/wp-content\\\/uploads\\\/2023\\\/07\\\/logo_ED.jpg\",\"contentUrl\":\"https:\\\/\\\/www.eldiario.net\\\/portal\\\/wp-content\\\/uploads\\\/2023\\\/07\\\/logo_ED.jpg\",\"width\":272,\"height\":52,\"caption\":\"El Diario - Decano de la prensa nacional\"},\"image\":{\"@id\":\"https:\\\/\\\/www.eldiario.net\\\/portal\\\/#\\\/schema\\\/logo\\\/image\\\/\"},\"sameAs\":[\"https:\\\/\\\/www.facebook.com\\\/eldiario.bolivia\\\/\",\"https:\\\/\\\/x.com\\\/eldiario_net\"]},{\"@type\":\"Person\",\"@id\":\"https:\\\/\\\/www.eldiario.net\\\/portal\\\/#\\\/schema\\\/person\\\/f46445640444750d7d753ccd04ae01b7\",\"name\":\"Jeanette\",\"image\":{\"@type\":\"ImageObject\",\"inLanguage\":\"es\",\"@id\":\"https:\\\/\\\/secure.gravatar.com\\\/avatar\\\/3ea2118a5f7dad2b7138b1187a6b7ee55f160b9968b66013c3a3ef39dd7e5798?s=96&d=mm&r=g\",\"url\":\"https:\\\/\\\/secure.gravatar.com\\\/avatar\\\/3ea2118a5f7dad2b7138b1187a6b7ee55f160b9968b66013c3a3ef39dd7e5798?s=96&d=mm&r=g\",\"contentUrl\":\"https:\\\/\\\/secure.gravatar.com\\\/avatar\\\/3ea2118a5f7dad2b7138b1187a6b7ee55f160b9968b66013c3a3ef39dd7e5798?s=96&d=mm&r=g\",\"caption\":\"Jeanette\"},\"sameAs\":[\"https:\\\/\\\/www.eldiario.net\\\/portal\"],\"url\":\"https:\\\/\\\/www.eldiario.net\\\/portal\\\/author\\\/jeanette\\\/\"}]}<\/script>\n<!-- \/ Yoast SEO plugin. -->","yoast_head_json":{"title":"Acusan a magistrados del TCP de nuevamente violar la CPE - El Diario - Bolivia","robots":{"index":"index","follow":"follow","max-snippet":"max-snippet:-1","max-image-preview":"max-image-preview:large","max-video-preview":"max-video-preview:-1"},"canonical":"https:\/\/www.eldiario.net\/portal\/2024\/06\/22\/acusan-a-magistrados-del-tcp-de-nuevamente-violar-la-cpe\/","og_locale":"es_ES","og_type":"article","og_title":"Acusan a magistrados del TCP de nuevamente violar la CPE - El Diario - Bolivia","og_description":"Para algunos parlamentarios de oposici\u00f3n, los magistrados autoprorrogados del Tribunal Constitucional Plurinacional (TCP) nuevamente violaron la Constituci\u00f3n Pol\u00edtica del Estado (CPE) al desconocer la sucesi\u00f3n temporal del presidente del Senado, Andr\u00f3nico Rodr\u00edguez, como presidente nato de la Asamblea Legislativa Plurinacional (ALP). La senadora de Comunidad Ciudadana (CC), Andrea Barrientos, manifest\u00f3 que la nueva acci\u00f3n de [&hellip;]","og_url":"https:\/\/www.eldiario.net\/portal\/2024\/06\/22\/acusan-a-magistrados-del-tcp-de-nuevamente-violar-la-cpe\/","og_site_name":"El Diario - Bolivia","article_publisher":"https:\/\/www.facebook.com\/eldiario.bolivia\/","article_published_time":"2024-06-22T14:05:55+00:00","og_image":[{"width":800,"height":500,"url":"https:\/\/www.eldiario.net\/portal\/wp-content\/uploads\/2023\/12\/Politica.jpg","type":"image\/jpeg"}],"author":"Jeanette","twitter_card":"summary_large_image","twitter_creator":"@eldiario_net","twitter_site":"@eldiario_net","twitter_misc":{"Escrito por":"Jeanette","Tiempo de lectura":"2 minutos"},"schema":{"@context":"https:\/\/schema.org","@graph":[{"@type":"Article","@id":"https:\/\/www.eldiario.net\/portal\/2024\/06\/22\/acusan-a-magistrados-del-tcp-de-nuevamente-violar-la-cpe\/#article","isPartOf":{"@id":"https:\/\/www.eldiario.net\/portal\/2024\/06\/22\/acusan-a-magistrados-del-tcp-de-nuevamente-violar-la-cpe\/"},"author":{"name":"Jeanette","@id":"https:\/\/www.eldiario.net\/portal\/#\/schema\/person\/f46445640444750d7d753ccd04ae01b7"},"headline":"Acusan a magistrados del TCP de nuevamente violar la CPE","datePublished":"2024-06-22T14:05:55+00:00","mainEntityOfPage":{"@id":"https:\/\/www.eldiario.net\/portal\/2024\/06\/22\/acusan-a-magistrados-del-tcp-de-nuevamente-violar-la-cpe\/"},"wordCount":391,"commentCount":0,"publisher":{"@id":"https:\/\/www.eldiario.net\/portal\/#organization"},"image":{"@id":"https:\/\/www.eldiario.net\/portal\/2024\/06\/22\/acusan-a-magistrados-del-tcp-de-nuevamente-violar-la-cpe\/#primaryimage"},"thumbnailUrl":"https:\/\/www.eldiario.net\/portal\/wp-content\/uploads\/2023\/12\/Politica.jpg","articleSection":["Pol\u00edtica"],"inLanguage":"es","potentialAction":[{"@type":"CommentAction","name":"Comment","target":["https:\/\/www.eldiario.net\/portal\/2024\/06\/22\/acusan-a-magistrados-del-tcp-de-nuevamente-violar-la-cpe\/#respond"]}]},{"@type":"WebPage","@id":"https:\/\/www.eldiario.net\/portal\/2024\/06\/22\/acusan-a-magistrados-del-tcp-de-nuevamente-violar-la-cpe\/","url":"https:\/\/www.eldiario.net\/portal\/2024\/06\/22\/acusan-a-magistrados-del-tcp-de-nuevamente-violar-la-cpe\/","name":"Acusan a magistrados del TCP de nuevamente violar la CPE - El Diario - Bolivia","isPartOf":{"@id":"https:\/\/www.eldiario.net\/portal\/#website"},"primaryImageOfPage":{"@id":"https:\/\/www.eldiario.net\/portal\/2024\/06\/22\/acusan-a-magistrados-del-tcp-de-nuevamente-violar-la-cpe\/#primaryimage"},"image":{"@id":"https:\/\/www.eldiario.net\/portal\/2024\/06\/22\/acusan-a-magistrados-del-tcp-de-nuevamente-violar-la-cpe\/#primaryimage"},"thumbnailUrl":"https:\/\/www.eldiario.net\/portal\/wp-content\/uploads\/2023\/12\/Politica.jpg","datePublished":"2024-06-22T14:05:55+00:00","breadcrumb":{"@id":"https:\/\/www.eldiario.net\/portal\/2024\/06\/22\/acusan-a-magistrados-del-tcp-de-nuevamente-violar-la-cpe\/#breadcrumb"},"inLanguage":"es","potentialAction":[{"@type":"ReadAction","target":["https:\/\/www.eldiario.net\/portal\/2024\/06\/22\/acusan-a-magistrados-del-tcp-de-nuevamente-violar-la-cpe\/"]}]},{"@type":"ImageObject","inLanguage":"es","@id":"https:\/\/www.eldiario.net\/portal\/2024\/06\/22\/acusan-a-magistrados-del-tcp-de-nuevamente-violar-la-cpe\/#primaryimage","url":"https:\/\/www.eldiario.net\/portal\/wp-content\/uploads\/2023\/12\/Politica.jpg","contentUrl":"https:\/\/www.eldiario.net\/portal\/wp-content\/uploads\/2023\/12\/Politica.jpg","width":800,"height":500},{"@type":"BreadcrumbList","@id":"https:\/\/www.eldiario.net\/portal\/2024\/06\/22\/acusan-a-magistrados-del-tcp-de-nuevamente-violar-la-cpe\/#breadcrumb","itemListElement":[{"@type":"ListItem","position":1,"name":"Portada","item":"https:\/\/www.eldiario.net\/portal\/"},{"@type":"ListItem","position":2,"name":"Acusan a magistrados del TCP de nuevamente violar la CPE"}]},{"@type":"WebSite","@id":"https:\/\/www.eldiario.net\/portal\/#website","url":"https:\/\/www.eldiario.net\/portal\/","name":"El Diario - Decano de la prensa nacional","description":"El Diario - Decano de la prensa nacional","publisher":{"@id":"https:\/\/www.eldiario.net\/portal\/#organization"},"potentialAction":[{"@type":"SearchAction","target":{"@type":"EntryPoint","urlTemplate":"https:\/\/www.eldiario.net\/portal\/?s={search_term_string}"},"query-input":{"@type":"PropertyValueSpecification","valueRequired":true,"valueName":"search_term_string"}}],"inLanguage":"es"},{"@type":"Organization","@id":"https:\/\/www.eldiario.net\/portal\/#organization","name":"El Diario - Decano de la prensa nacional","url":"https:\/\/www.eldiario.net\/portal\/","logo":{"@type":"ImageObject","inLanguage":"es","@id":"https:\/\/www.eldiario.net\/portal\/#\/schema\/logo\/image\/","url":"https:\/\/www.eldiario.net\/portal\/wp-content\/uploads\/2023\/07\/logo_ED.jpg","contentUrl":"https:\/\/www.eldiario.net\/portal\/wp-content\/uploads\/2023\/07\/logo_ED.jpg","width":272,"height":52,"caption":"El Diario - Decano de la prensa nacional"},"image":{"@id":"https:\/\/www.eldiario.net\/portal\/#\/schema\/logo\/image\/"},"sameAs":["https:\/\/www.facebook.com\/eldiario.bolivia\/","https:\/\/x.com\/eldiario_net"]},{"@type":"Person","@id":"https:\/\/www.eldiario.net\/portal\/#\/schema\/person\/f46445640444750d7d753ccd04ae01b7","name":"Jeanette","image":{"@type":"ImageObject","inLanguage":"es","@id":"https:\/\/secure.gravatar.com\/avatar\/3ea2118a5f7dad2b7138b1187a6b7ee55f160b9968b66013c3a3ef39dd7e5798?s=96&d=mm&r=g","url":"https:\/\/secure.gravatar.com\/avatar\/3ea2118a5f7dad2b7138b1187a6b7ee55f160b9968b66013c3a3ef39dd7e5798?s=96&d=mm&r=g","contentUrl":"https:\/\/secure.gravatar.com\/avatar\/3ea2118a5f7dad2b7138b1187a6b7ee55f160b9968b66013c3a3ef39dd7e5798?s=96&d=mm&r=g","caption":"Jeanette"},"sameAs":["https:\/\/www.eldiario.net\/portal"],"url":"https:\/\/www.eldiario.net\/portal\/author\/jeanette\/"}]}},"_links":{"self":[{"href":"https:\/\/www.eldiario.net\/portal\/wp-json\/wp\/v2\/posts\/228901","targetHints":{"allow":["GET"]}}],"collection":[{"href":"https:\/\/www.eldiario.net\/portal\/wp-json\/wp\/v2\/posts"}],"about":[{"href":"https:\/\/www.eldiario.net\/portal\/wp-json\/wp\/v2\/types\/post"}],"author":[{"embeddable":true,"href":"https:\/\/www.eldiario.net\/portal\/wp-json\/wp\/v2\/users\/1"}],"replies":[{"embeddable":true,"href":"https:\/\/www.eldiario.net\/portal\/wp-json\/wp\/v2\/comments?post=228901"}],"version-history":[{"count":1,"href":"https:\/\/www.eldiario.net\/portal\/wp-json\/wp\/v2\/posts\/228901\/revisions"}],"predecessor-version":[{"id":228902,"href":"https:\/\/www.eldiario.net\/portal\/wp-json\/wp\/v2\/posts\/228901\/revisions\/228902"}],"wp:featuredmedia":[{"embeddable":true,"href":"https:\/\/www.eldiario.net\/portal\/wp-json\/wp\/v2\/media\/194754"}],"wp:attachment":[{"href":"https:\/\/www.eldiario.net\/portal\/wp-json\/wp\/v2\/media?parent=228901"}],"wp:term":[{"taxonomy":"category","embeddable":true,"href":"https:\/\/www.eldiario.net\/portal\/wp-json\/wp\/v2\/categories?post=228901"},{"taxonomy":"post_tag","embeddable":true,"href":"https:\/\/www.eldiario.net\/portal\/wp-json\/wp\/v2\/tags?post=228901"}],"curies":[{"name":"wp","href":"https:\/\/api.w.org\/{rel}","templated":true}]}}