{"id":228898,"date":"2024-06-22T10:03:43","date_gmt":"2024-06-22T14:03:43","guid":{"rendered":"https:\/\/www.eldiario.net\/portal\/?p=228898"},"modified":"2024-06-22T10:03:43","modified_gmt":"2024-06-22T14:03:43","slug":"champa-guerra-entre-evistas-y-arcistas-ha-paralizado-al-pais","status":"publish","type":"post","link":"https:\/\/www.eldiario.net\/portal\/2024\/06\/22\/champa-guerra-entre-evistas-y-arcistas-ha-paralizado-al-pais\/","title":{"rendered":"\u201cCh\u2019ampa guerra\u201d entre evistas y arcistas ha paralizado al pa\u00eds"},"content":{"rendered":"<p>El senador de Creemos, Erik Mor\u00f3n, asegur\u00f3 ayer que la \u201cch\u2019ampa guerra jur\u00eddica\u201d al interior del MAS, entre \u201cevistas\u201d y \u201carcistas\u201d, se malacostumbr\u00f3 a pisotear la Constituci\u00f3n Pol\u00edtica del Estado (CPE), lo que ha empantanado a la Asamblea Legislativa Plurinacional (ALP) y al pa\u00eds.<br \/>\n\u201cAqu\u00ed volvemos a estar \u2018en una ch\u2019ampa guerra jur\u00eddica\u2019 (\u2026) y creo que esta guerra entre masistas, sean evistas o arcistas, nos tienen empantanados al pa\u00eds, tienen empantanados a la C\u00e1mara de Senadores, a la C\u00e1mara de Diputados\u201d, asegur\u00f3 Mor\u00f3n sobre el fallo del Tribunal Constitucional que el jueves declar\u00f3 nula la sesi\u00f3n de la Asamblea del pasado 6 de junio, misma en la que se sancion\u00f3 el proyecto de Ley 075 de cesaci\u00f3n de funciones a las altas magistraturas del \u00d3rgano Judicial.<br \/>\nPara Mor\u00f3n, la guerra masista busca en realidad definir el candidato presidencial para el 2025, dejando de lado temas estructurales como la falta de d\u00f3lares, crisis de combustibles y la elecci\u00f3n de nuevos magistrados.<br \/>\n\u201cNosotros no podemos perder la perspectiva y la objetividad de que nos quieran usar para meternos el dedo en la boca y que la oposici\u00f3n verdadera sea funcional a los evistas o arcistas (\u2026). La falta de consensos pol\u00edticos, por crisis interna que existe en el MAS, nos ha arrastrado a toda la ciudadan\u00eda boliviana a no poder elegir a los magistrados\u201d, sentenci\u00f3.<\/p>\n<p>ACOSTUMBRADOS<br \/>\nA PISAR LA CPE<br \/>\nEl legislador record\u00f3 que el masismo est\u00e1 acostumbrado a pisotear la CPE seg\u00fan sus intereses, pues el presidente de este partido, Evo Morales, desconoci\u00f3 un refer\u00e9ndum que imped\u00eda su reelecci\u00f3n inconstitucional cuando era jefe de Estado.<br \/>\nObserv\u00f3 que la situaci\u00f3n no cambi\u00f3 en el presente, pues ahora el TCP emite fallos seg\u00fan sus intereses y los del primer mandatario, Luis Arce. \u201cNo nos olvidemos que el primer pisoteo fue el 21 de febrero. \u00bfQui\u00e9n era presidente? El se\u00f1or Evo Morales. Hoy no ha cambiado absolutamente nada, es el com\u00fan denominador del masismo, evistas y arcistas pisotean la Constituci\u00f3n\u201d.<br \/>\nMor\u00f3n advirti\u00f3 adem\u00e1s que el masismo determin\u00f3 no llevar adelante las elecciones primarias ni las elecciones judiciales y que cuando encuentren una soluci\u00f3n a sus diferencias internas ser\u00e1 demasiado tarde para los bolivianos. (Agencias)<\/p>\n","protected":false},"excerpt":{"rendered":"<p>El senador de Creemos, Erik Mor\u00f3n, asegur\u00f3 ayer que la \u201cch\u2019ampa guerra jur\u00eddica\u201d al interior del MAS, entre \u201cevistas\u201d y \u201carcistas\u201d, se malacostumbr\u00f3 a pisotear la Constituci\u00f3n Pol\u00edtica del Estado (CPE), lo que ha empantanado a la Asamblea Legislativa Plurinacional (ALP) y al pa\u00eds. \u201cAqu\u00ed volvemos a estar \u2018en una ch\u2019ampa guerra jur\u00eddica\u2019 (\u2026) y [&hellip;]<\/p>\n","protected":false},"author":1,"featured_media":228899,"comment_status":"open","ping_status":"open","sticky":false,"template":"","format":"standard","meta":{"_acf_changed":false,"footnotes":""},"categories":[14],"tags":[],"class_list":["post-228898","post","type-post","status-publish","format-standard","has-post-thumbnail","category-politica"],"acf":{"antetitulo":"Senador Erik Mor\u00f3n"},"yoast_head":"<!-- This site is optimized with the Yoast SEO plugin v28.4 - https:\/\/yoast.com\/product\/yoast-seo-wordpress\/ -->\n<title>\u201cCh\u2019ampa guerra\u201d entre evistas y arcistas ha paralizado al pa\u00eds - El Diario - Bolivia<\/title>\n<meta name=\"robots\" content=\"index, follow, max-snippet:-1, max-image-preview:large, max-video-preview:-1\" \/>\n<link rel=\"canonical\" href=\"https:\/\/www.eldiario.net\/portal\/2024\/06\/22\/champa-guerra-entre-evistas-y-arcistas-ha-paralizado-al-pais\/\" \/>\n<meta property=\"og:locale\" content=\"es_ES\" \/>\n<meta property=\"og:type\" content=\"article\" \/>\n<meta property=\"og:title\" content=\"\u201cCh\u2019ampa guerra\u201d entre evistas y arcistas ha paralizado al pa\u00eds - El Diario - Bolivia\" \/>\n<meta property=\"og:description\" content=\"El senador de Creemos, Erik Mor\u00f3n, asegur\u00f3 ayer que la \u201cch\u2019ampa guerra jur\u00eddica\u201d al interior del MAS, entre \u201cevistas\u201d y \u201carcistas\u201d, se malacostumbr\u00f3 a pisotear la Constituci\u00f3n Pol\u00edtica del Estado (CPE), lo que ha empantanado a la Asamblea Legislativa Plurinacional (ALP) y al pa\u00eds. \u201cAqu\u00ed volvemos a estar \u2018en una ch\u2019ampa guerra jur\u00eddica\u2019 (\u2026) y [&hellip;]\" \/>\n<meta property=\"og:url\" content=\"https:\/\/www.eldiario.net\/portal\/2024\/06\/22\/champa-guerra-entre-evistas-y-arcistas-ha-paralizado-al-pais\/\" \/>\n<meta property=\"og:site_name\" content=\"El Diario - Bolivia\" \/>\n<meta property=\"article:publisher\" content=\"https:\/\/www.facebook.com\/eldiario.bolivia\/\" \/>\n<meta property=\"article:published_time\" content=\"2024-06-22T14:03:43+00:00\" \/>\n<meta property=\"og:image\" content=\"https:\/\/www.eldiario.net\/portal\/wp-content\/uploads\/2024\/06\/22-CHA.jpeg\" \/>\n\t<meta property=\"og:image:width\" content=\"851\" \/>\n\t<meta property=\"og:image:height\" content=\"720\" \/>\n\t<meta property=\"og:image:type\" content=\"image\/jpeg\" \/>\n<meta name=\"author\" content=\"Jeanette\" \/>\n<meta name=\"twitter:card\" content=\"summary_large_image\" \/>\n<meta name=\"twitter:creator\" content=\"@eldiario_net\" \/>\n<meta name=\"twitter:site\" content=\"@eldiario_net\" \/>\n<meta name=\"twitter:label1\" content=\"Escrito por\" \/>\n\t<meta name=\"twitter:data1\" content=\"Jeanette\" \/>\n\t<meta name=\"twitter:label2\" content=\"Tiempo de lectura\" \/>\n\t<meta name=\"twitter:data2\" content=\"2 minutos\" \/>\n<script type=\"application\/ld+json\" class=\"yoast-schema-graph\">{\"@context\":\"https:\\\/\\\/schema.org\",\"@graph\":[{\"@type\":\"Article\",\"@id\":\"https:\\\/\\\/www.eldiario.net\\\/portal\\\/2024\\\/06\\\/22\\\/champa-guerra-entre-evistas-y-arcistas-ha-paralizado-al-pais\\\/#article\",\"isPartOf\":{\"@id\":\"https:\\\/\\\/www.eldiario.net\\\/portal\\\/2024\\\/06\\\/22\\\/champa-guerra-entre-evistas-y-arcistas-ha-paralizado-al-pais\\\/\"},\"author\":{\"name\":\"Jeanette\",\"@id\":\"https:\\\/\\\/www.eldiario.net\\\/portal\\\/#\\\/schema\\\/person\\\/f46445640444750d7d753ccd04ae01b7\"},\"headline\":\"\u201cCh\u2019ampa guerra\u201d entre evistas y arcistas ha paralizado al pa\u00eds\",\"datePublished\":\"2024-06-22T14:03:43+00:00\",\"mainEntityOfPage\":{\"@id\":\"https:\\\/\\\/www.eldiario.net\\\/portal\\\/2024\\\/06\\\/22\\\/champa-guerra-entre-evistas-y-arcistas-ha-paralizado-al-pais\\\/\"},\"wordCount\":400,\"commentCount\":0,\"publisher\":{\"@id\":\"https:\\\/\\\/www.eldiario.net\\\/portal\\\/#organization\"},\"image\":{\"@id\":\"https:\\\/\\\/www.eldiario.net\\\/portal\\\/2024\\\/06\\\/22\\\/champa-guerra-entre-evistas-y-arcistas-ha-paralizado-al-pais\\\/#primaryimage\"},\"thumbnailUrl\":\"https:\\\/\\\/www.eldiario.net\\\/portal\\\/wp-content\\\/uploads\\\/2024\\\/06\\\/22-CHA.jpeg\",\"articleSection\":[\"Pol\u00edtica\"],\"inLanguage\":\"es\",\"potentialAction\":[{\"@type\":\"CommentAction\",\"name\":\"Comment\",\"target\":[\"https:\\\/\\\/www.eldiario.net\\\/portal\\\/2024\\\/06\\\/22\\\/champa-guerra-entre-evistas-y-arcistas-ha-paralizado-al-pais\\\/#respond\"]}]},{\"@type\":\"WebPage\",\"@id\":\"https:\\\/\\\/www.eldiario.net\\\/portal\\\/2024\\\/06\\\/22\\\/champa-guerra-entre-evistas-y-arcistas-ha-paralizado-al-pais\\\/\",\"url\":\"https:\\\/\\\/www.eldiario.net\\\/portal\\\/2024\\\/06\\\/22\\\/champa-guerra-entre-evistas-y-arcistas-ha-paralizado-al-pais\\\/\",\"name\":\"\u201cCh\u2019ampa guerra\u201d entre evistas y arcistas ha paralizado al pa\u00eds - El Diario - Bolivia\",\"isPartOf\":{\"@id\":\"https:\\\/\\\/www.eldiario.net\\\/portal\\\/#website\"},\"primaryImageOfPage\":{\"@id\":\"https:\\\/\\\/www.eldiario.net\\\/portal\\\/2024\\\/06\\\/22\\\/champa-guerra-entre-evistas-y-arcistas-ha-paralizado-al-pais\\\/#primaryimage\"},\"image\":{\"@id\":\"https:\\\/\\\/www.eldiario.net\\\/portal\\\/2024\\\/06\\\/22\\\/champa-guerra-entre-evistas-y-arcistas-ha-paralizado-al-pais\\\/#primaryimage\"},\"thumbnailUrl\":\"https:\\\/\\\/www.eldiario.net\\\/portal\\\/wp-content\\\/uploads\\\/2024\\\/06\\\/22-CHA.jpeg\",\"datePublished\":\"2024-06-22T14:03:43+00:00\",\"breadcrumb\":{\"@id\":\"https:\\\/\\\/www.eldiario.net\\\/portal\\\/2024\\\/06\\\/22\\\/champa-guerra-entre-evistas-y-arcistas-ha-paralizado-al-pais\\\/#breadcrumb\"},\"inLanguage\":\"es\",\"potentialAction\":[{\"@type\":\"ReadAction\",\"target\":[\"https:\\\/\\\/www.eldiario.net\\\/portal\\\/2024\\\/06\\\/22\\\/champa-guerra-entre-evistas-y-arcistas-ha-paralizado-al-pais\\\/\"]}]},{\"@type\":\"ImageObject\",\"inLanguage\":\"es\",\"@id\":\"https:\\\/\\\/www.eldiario.net\\\/portal\\\/2024\\\/06\\\/22\\\/champa-guerra-entre-evistas-y-arcistas-ha-paralizado-al-pais\\\/#primaryimage\",\"url\":\"https:\\\/\\\/www.eldiario.net\\\/portal\\\/wp-content\\\/uploads\\\/2024\\\/06\\\/22-CHA.jpeg\",\"contentUrl\":\"https:\\\/\\\/www.eldiario.net\\\/portal\\\/wp-content\\\/uploads\\\/2024\\\/06\\\/22-CHA.jpeg\",\"width\":851,\"height\":720,\"caption\":\"El senador de Creemos, Erik Mor\u00f3n.\"},{\"@type\":\"BreadcrumbList\",\"@id\":\"https:\\\/\\\/www.eldiario.net\\\/portal\\\/2024\\\/06\\\/22\\\/champa-guerra-entre-evistas-y-arcistas-ha-paralizado-al-pais\\\/#breadcrumb\",\"itemListElement\":[{\"@type\":\"ListItem\",\"position\":1,\"name\":\"Portada\",\"item\":\"https:\\\/\\\/www.eldiario.net\\\/portal\\\/\"},{\"@type\":\"ListItem\",\"position\":2,\"name\":\"\u201cCh\u2019ampa guerra\u201d entre evistas y arcistas ha paralizado al pa\u00eds\"}]},{\"@type\":\"WebSite\",\"@id\":\"https:\\\/\\\/www.eldiario.net\\\/portal\\\/#website\",\"url\":\"https:\\\/\\\/www.eldiario.net\\\/portal\\\/\",\"name\":\"El Diario - Decano de la prensa nacional\",\"description\":\"El Diario - Decano de la prensa nacional\",\"publisher\":{\"@id\":\"https:\\\/\\\/www.eldiario.net\\\/portal\\\/#organization\"},\"potentialAction\":[{\"@type\":\"SearchAction\",\"target\":{\"@type\":\"EntryPoint\",\"urlTemplate\":\"https:\\\/\\\/www.eldiario.net\\\/portal\\\/?s={search_term_string}\"},\"query-input\":{\"@type\":\"PropertyValueSpecification\",\"valueRequired\":true,\"valueName\":\"search_term_string\"}}],\"inLanguage\":\"es\"},{\"@type\":\"Organization\",\"@id\":\"https:\\\/\\\/www.eldiario.net\\\/portal\\\/#organization\",\"name\":\"El Diario - Decano de la prensa nacional\",\"url\":\"https:\\\/\\\/www.eldiario.net\\\/portal\\\/\",\"logo\":{\"@type\":\"ImageObject\",\"inLanguage\":\"es\",\"@id\":\"https:\\\/\\\/www.eldiario.net\\\/portal\\\/#\\\/schema\\\/logo\\\/image\\\/\",\"url\":\"https:\\\/\\\/www.eldiario.net\\\/portal\\\/wp-content\\\/uploads\\\/2023\\\/07\\\/logo_ED.jpg\",\"contentUrl\":\"https:\\\/\\\/www.eldiario.net\\\/portal\\\/wp-content\\\/uploads\\\/2023\\\/07\\\/logo_ED.jpg\",\"width\":272,\"height\":52,\"caption\":\"El Diario - Decano de la prensa nacional\"},\"image\":{\"@id\":\"https:\\\/\\\/www.eldiario.net\\\/portal\\\/#\\\/schema\\\/logo\\\/image\\\/\"},\"sameAs\":[\"https:\\\/\\\/www.facebook.com\\\/eldiario.bolivia\\\/\",\"https:\\\/\\\/x.com\\\/eldiario_net\"]},{\"@type\":\"Person\",\"@id\":\"https:\\\/\\\/www.eldiario.net\\\/portal\\\/#\\\/schema\\\/person\\\/f46445640444750d7d753ccd04ae01b7\",\"name\":\"Jeanette\",\"image\":{\"@type\":\"ImageObject\",\"inLanguage\":\"es\",\"@id\":\"https:\\\/\\\/secure.gravatar.com\\\/avatar\\\/3ea2118a5f7dad2b7138b1187a6b7ee55f160b9968b66013c3a3ef39dd7e5798?s=96&d=mm&r=g\",\"url\":\"https:\\\/\\\/secure.gravatar.com\\\/avatar\\\/3ea2118a5f7dad2b7138b1187a6b7ee55f160b9968b66013c3a3ef39dd7e5798?s=96&d=mm&r=g\",\"contentUrl\":\"https:\\\/\\\/secure.gravatar.com\\\/avatar\\\/3ea2118a5f7dad2b7138b1187a6b7ee55f160b9968b66013c3a3ef39dd7e5798?s=96&d=mm&r=g\",\"caption\":\"Jeanette\"},\"sameAs\":[\"https:\\\/\\\/www.eldiario.net\\\/portal\"],\"url\":\"https:\\\/\\\/www.eldiario.net\\\/portal\\\/author\\\/jeanette\\\/\"}]}<\/script>\n<!-- \/ Yoast SEO plugin. -->","yoast_head_json":{"title":"\u201cCh\u2019ampa guerra\u201d entre evistas y arcistas ha paralizado al pa\u00eds - El Diario - Bolivia","robots":{"index":"index","follow":"follow","max-snippet":"max-snippet:-1","max-image-preview":"max-image-preview:large","max-video-preview":"max-video-preview:-1"},"canonical":"https:\/\/www.eldiario.net\/portal\/2024\/06\/22\/champa-guerra-entre-evistas-y-arcistas-ha-paralizado-al-pais\/","og_locale":"es_ES","og_type":"article","og_title":"\u201cCh\u2019ampa guerra\u201d entre evistas y arcistas ha paralizado al pa\u00eds - El Diario - Bolivia","og_description":"El senador de Creemos, Erik Mor\u00f3n, asegur\u00f3 ayer que la \u201cch\u2019ampa guerra jur\u00eddica\u201d al interior del MAS, entre \u201cevistas\u201d y \u201carcistas\u201d, se malacostumbr\u00f3 a pisotear la Constituci\u00f3n Pol\u00edtica del Estado (CPE), lo que ha empantanado a la Asamblea Legislativa Plurinacional (ALP) y al pa\u00eds. \u201cAqu\u00ed volvemos a estar \u2018en una ch\u2019ampa guerra jur\u00eddica\u2019 (\u2026) y [&hellip;]","og_url":"https:\/\/www.eldiario.net\/portal\/2024\/06\/22\/champa-guerra-entre-evistas-y-arcistas-ha-paralizado-al-pais\/","og_site_name":"El Diario - Bolivia","article_publisher":"https:\/\/www.facebook.com\/eldiario.bolivia\/","article_published_time":"2024-06-22T14:03:43+00:00","og_image":[{"width":851,"height":720,"url":"https:\/\/www.eldiario.net\/portal\/wp-content\/uploads\/2024\/06\/22-CHA.jpeg","type":"image\/jpeg"}],"author":"Jeanette","twitter_card":"summary_large_image","twitter_creator":"@eldiario_net","twitter_site":"@eldiario_net","twitter_misc":{"Escrito por":"Jeanette","Tiempo de lectura":"2 minutos"},"schema":{"@context":"https:\/\/schema.org","@graph":[{"@type":"Article","@id":"https:\/\/www.eldiario.net\/portal\/2024\/06\/22\/champa-guerra-entre-evistas-y-arcistas-ha-paralizado-al-pais\/#article","isPartOf":{"@id":"https:\/\/www.eldiario.net\/portal\/2024\/06\/22\/champa-guerra-entre-evistas-y-arcistas-ha-paralizado-al-pais\/"},"author":{"name":"Jeanette","@id":"https:\/\/www.eldiario.net\/portal\/#\/schema\/person\/f46445640444750d7d753ccd04ae01b7"},"headline":"\u201cCh\u2019ampa guerra\u201d entre evistas y arcistas ha paralizado al pa\u00eds","datePublished":"2024-06-22T14:03:43+00:00","mainEntityOfPage":{"@id":"https:\/\/www.eldiario.net\/portal\/2024\/06\/22\/champa-guerra-entre-evistas-y-arcistas-ha-paralizado-al-pais\/"},"wordCount":400,"commentCount":0,"publisher":{"@id":"https:\/\/www.eldiario.net\/portal\/#organization"},"image":{"@id":"https:\/\/www.eldiario.net\/portal\/2024\/06\/22\/champa-guerra-entre-evistas-y-arcistas-ha-paralizado-al-pais\/#primaryimage"},"thumbnailUrl":"https:\/\/www.eldiario.net\/portal\/wp-content\/uploads\/2024\/06\/22-CHA.jpeg","articleSection":["Pol\u00edtica"],"inLanguage":"es","potentialAction":[{"@type":"CommentAction","name":"Comment","target":["https:\/\/www.eldiario.net\/portal\/2024\/06\/22\/champa-guerra-entre-evistas-y-arcistas-ha-paralizado-al-pais\/#respond"]}]},{"@type":"WebPage","@id":"https:\/\/www.eldiario.net\/portal\/2024\/06\/22\/champa-guerra-entre-evistas-y-arcistas-ha-paralizado-al-pais\/","url":"https:\/\/www.eldiario.net\/portal\/2024\/06\/22\/champa-guerra-entre-evistas-y-arcistas-ha-paralizado-al-pais\/","name":"\u201cCh\u2019ampa guerra\u201d entre evistas y arcistas ha paralizado al pa\u00eds - El Diario - Bolivia","isPartOf":{"@id":"https:\/\/www.eldiario.net\/portal\/#website"},"primaryImageOfPage":{"@id":"https:\/\/www.eldiario.net\/portal\/2024\/06\/22\/champa-guerra-entre-evistas-y-arcistas-ha-paralizado-al-pais\/#primaryimage"},"image":{"@id":"https:\/\/www.eldiario.net\/portal\/2024\/06\/22\/champa-guerra-entre-evistas-y-arcistas-ha-paralizado-al-pais\/#primaryimage"},"thumbnailUrl":"https:\/\/www.eldiario.net\/portal\/wp-content\/uploads\/2024\/06\/22-CHA.jpeg","datePublished":"2024-06-22T14:03:43+00:00","breadcrumb":{"@id":"https:\/\/www.eldiario.net\/portal\/2024\/06\/22\/champa-guerra-entre-evistas-y-arcistas-ha-paralizado-al-pais\/#breadcrumb"},"inLanguage":"es","potentialAction":[{"@type":"ReadAction","target":["https:\/\/www.eldiario.net\/portal\/2024\/06\/22\/champa-guerra-entre-evistas-y-arcistas-ha-paralizado-al-pais\/"]}]},{"@type":"ImageObject","inLanguage":"es","@id":"https:\/\/www.eldiario.net\/portal\/2024\/06\/22\/champa-guerra-entre-evistas-y-arcistas-ha-paralizado-al-pais\/#primaryimage","url":"https:\/\/www.eldiario.net\/portal\/wp-content\/uploads\/2024\/06\/22-CHA.jpeg","contentUrl":"https:\/\/www.eldiario.net\/portal\/wp-content\/uploads\/2024\/06\/22-CHA.jpeg","width":851,"height":720,"caption":"El senador de Creemos, Erik Mor\u00f3n."},{"@type":"BreadcrumbList","@id":"https:\/\/www.eldiario.net\/portal\/2024\/06\/22\/champa-guerra-entre-evistas-y-arcistas-ha-paralizado-al-pais\/#breadcrumb","itemListElement":[{"@type":"ListItem","position":1,"name":"Portada","item":"https:\/\/www.eldiario.net\/portal\/"},{"@type":"ListItem","position":2,"name":"\u201cCh\u2019ampa guerra\u201d entre evistas y arcistas ha paralizado al pa\u00eds"}]},{"@type":"WebSite","@id":"https:\/\/www.eldiario.net\/portal\/#website","url":"https:\/\/www.eldiario.net\/portal\/","name":"El Diario - Decano de la prensa nacional","description":"El Diario - Decano de la prensa nacional","publisher":{"@id":"https:\/\/www.eldiario.net\/portal\/#organization"},"potentialAction":[{"@type":"SearchAction","target":{"@type":"EntryPoint","urlTemplate":"https:\/\/www.eldiario.net\/portal\/?s={search_term_string}"},"query-input":{"@type":"PropertyValueSpecification","valueRequired":true,"valueName":"search_term_string"}}],"inLanguage":"es"},{"@type":"Organization","@id":"https:\/\/www.eldiario.net\/portal\/#organization","name":"El Diario - Decano de la prensa nacional","url":"https:\/\/www.eldiario.net\/portal\/","logo":{"@type":"ImageObject","inLanguage":"es","@id":"https:\/\/www.eldiario.net\/portal\/#\/schema\/logo\/image\/","url":"https:\/\/www.eldiario.net\/portal\/wp-content\/uploads\/2023\/07\/logo_ED.jpg","contentUrl":"https:\/\/www.eldiario.net\/portal\/wp-content\/uploads\/2023\/07\/logo_ED.jpg","width":272,"height":52,"caption":"El Diario - Decano de la prensa nacional"},"image":{"@id":"https:\/\/www.eldiario.net\/portal\/#\/schema\/logo\/image\/"},"sameAs":["https:\/\/www.facebook.com\/eldiario.bolivia\/","https:\/\/x.com\/eldiario_net"]},{"@type":"Person","@id":"https:\/\/www.eldiario.net\/portal\/#\/schema\/person\/f46445640444750d7d753ccd04ae01b7","name":"Jeanette","image":{"@type":"ImageObject","inLanguage":"es","@id":"https:\/\/secure.gravatar.com\/avatar\/3ea2118a5f7dad2b7138b1187a6b7ee55f160b9968b66013c3a3ef39dd7e5798?s=96&d=mm&r=g","url":"https:\/\/secure.gravatar.com\/avatar\/3ea2118a5f7dad2b7138b1187a6b7ee55f160b9968b66013c3a3ef39dd7e5798?s=96&d=mm&r=g","contentUrl":"https:\/\/secure.gravatar.com\/avatar\/3ea2118a5f7dad2b7138b1187a6b7ee55f160b9968b66013c3a3ef39dd7e5798?s=96&d=mm&r=g","caption":"Jeanette"},"sameAs":["https:\/\/www.eldiario.net\/portal"],"url":"https:\/\/www.eldiario.net\/portal\/author\/jeanette\/"}]}},"_links":{"self":[{"href":"https:\/\/www.eldiario.net\/portal\/wp-json\/wp\/v2\/posts\/228898","targetHints":{"allow":["GET"]}}],"collection":[{"href":"https:\/\/www.eldiario.net\/portal\/wp-json\/wp\/v2\/posts"}],"about":[{"href":"https:\/\/www.eldiario.net\/portal\/wp-json\/wp\/v2\/types\/post"}],"author":[{"embeddable":true,"href":"https:\/\/www.eldiario.net\/portal\/wp-json\/wp\/v2\/users\/1"}],"replies":[{"embeddable":true,"href":"https:\/\/www.eldiario.net\/portal\/wp-json\/wp\/v2\/comments?post=228898"}],"version-history":[{"count":1,"href":"https:\/\/www.eldiario.net\/portal\/wp-json\/wp\/v2\/posts\/228898\/revisions"}],"predecessor-version":[{"id":228900,"href":"https:\/\/www.eldiario.net\/portal\/wp-json\/wp\/v2\/posts\/228898\/revisions\/228900"}],"wp:featuredmedia":[{"embeddable":true,"href":"https:\/\/www.eldiario.net\/portal\/wp-json\/wp\/v2\/media\/228899"}],"wp:attachment":[{"href":"https:\/\/www.eldiario.net\/portal\/wp-json\/wp\/v2\/media?parent=228898"}],"wp:term":[{"taxonomy":"category","embeddable":true,"href":"https:\/\/www.eldiario.net\/portal\/wp-json\/wp\/v2\/categories?post=228898"},{"taxonomy":"post_tag","embeddable":true,"href":"https:\/\/www.eldiario.net\/portal\/wp-json\/wp\/v2\/tags?post=228898"}],"curies":[{"name":"wp","href":"https:\/\/api.w.org\/{rel}","templated":true}]}}