{"id":228896,"date":"2024-06-22T10:02:54","date_gmt":"2024-06-22T14:02:54","guid":{"rendered":"https:\/\/www.eldiario.net\/portal\/?p=228896"},"modified":"2024-06-22T10:02:54","modified_gmt":"2024-06-22T14:02:54","slug":"christian-nodal-le-canta-al-despecho","status":"publish","type":"post","link":"https:\/\/www.eldiario.net\/portal\/2024\/06\/22\/christian-nodal-le-canta-al-despecho\/","title":{"rendered":"Christian Nodal le canta al despecho"},"content":{"rendered":"<p>A pocas semanas de estrenarse su pr\u00f3ximo \u00e1lbum titulado Pa\u2019l Cora -tambi\u00e9n nombre de su actual tour-, Christian Nodal presenta \u201cKbr\u00f3n y Medio\u201d, un nuevo himno para los despechados que buscan sanar sus heridas de diferentes formas.<br \/>\n\u201cMis ojos ya no vuelven a ser pa\u2019 una sola, si quieren caricias ll\u00e1menme a cualquier hora \/ Si cuando eres bueno te ponen los cuernos, pa\u2019 este cora roto creo que ya tengo el remedio \/ Si alguien te dice que yo me volv\u00ed un kbr\u00f3n, diles que un kbr\u00f3n y medio\u201d, refiere parte de la letra del tema escrito por el propio Nodal.<br \/>\nLa canci\u00f3n viene acompa\u00f1ada por un video musical grabado en Miami, Florida, el cual fue dirigido por el reconocido realizador Carlos P\u00e9rez. El clip, que cuenta con una original est\u00e9tica que acompa\u00f1a perfectamente la letra y que fue protagonizado por el propio Christian, relata lo que sufre un hombre cuando la mujer que ama le es infiel.<br \/>\n\u201cEl amor y el desamor son la inspiraci\u00f3n para que salgan las mejores rolas, de puro sentimiento. \u2018Kbr\u00f3n y Medio\u2019 cuenta la historia que todos en alg\u00fan momento de la vida hemos pasado o pasaremos en el futuro, lo que somos capaces de hacer cuando tenemos el coraz\u00f3n roto. Espero que les guste tanto como a m\u00ed escribirla e interpretarla y nos echemos pronto un tequila Don Julio cant\u00e1ndola en uno de los conciertos del tour. Los amo un chingo\u201d, coment\u00f3 Nodal.<br \/>\n\u201cPa\u2019l cora tour\u201d cuenta ya con 25 fechas confirmadas y muchas m\u00e1s por anunciarse. La gira estadounidense comienza en el 11 de septiembre en Seattle, Washington, y termina el 10 de noviembre en Baltimore, Maryland, pasando por California, Texas y Florida.<br \/>\nSobre Nodal<br \/>\nChristian Nodal naci\u00f3 en Caborca, Sonora en 1999. Su trabajo con el regional mexicano es hoy por hoy, una referencia para todos los artistas y fans del g\u00e9nero. Con tan solo 25 a\u00f1os de edad, Nodal acumula 6 Latin Grammy, 8 Latin Billboard, 11 Latin AMA Awards, 8 Premios Juventud, un reconocimiento a su \u2018Extraordinaria Evoluci\u00f3n\u2019 por los Latin AMA Awards, as\u00ed como 2 galardones Tu M\u00fasica Urbana y 10 Premios Lo Nuestro. Canciones como su reciente sencillo \u2018La Intenci\u00f3n\u2019 junto a Peso Pluma, as\u00ed como sus \u00e1lbumes \u00a1Ayayay! o Ahora, acumulan miles de millones de reproducciones en plataformas de streaming. Pero la carrera de Nodal no ha tocado techo: el artista sigue creciendo y consiguiendo haza\u00f1as como pionero del regional mexicano.<br \/>\nChristian Nodal es seguido por un promedio de 10.4 millones de personas en Instagram y 9.4 millones en Facebook. Adem\u00e1s, tiene 11.3 millones de suscriptores en YouTube y cuenta con m\u00e1s de 8 trillones de vistas. En Spotify, ostenta 23 millones de escuchas.<\/p>\n","protected":false},"excerpt":{"rendered":"<p>A pocas semanas de estrenarse su pr\u00f3ximo \u00e1lbum titulado Pa\u2019l Cora -tambi\u00e9n nombre de su actual tour-, Christian Nodal presenta \u201cKbr\u00f3n y Medio\u201d, un nuevo himno para los despechados que buscan sanar sus heridas de diferentes formas. \u201cMis ojos ya no vuelven a ser pa\u2019 una sola, si quieren caricias ll\u00e1menme a cualquier hora \/ [&hellip;]<\/p>\n","protected":false},"author":1,"featured_media":0,"comment_status":"open","ping_status":"open","sticky":false,"template":"","format":"standard","meta":{"_acf_changed":false,"footnotes":""},"categories":[8],"tags":[],"class_list":["post-228896","post","type-post","status-publish","format-standard","category-cultural"],"acf":{"antetitulo":"Nuevo disco"},"yoast_head":"<!-- This site is optimized with the Yoast SEO plugin v28.4 - https:\/\/yoast.com\/product\/yoast-seo-wordpress\/ -->\n<title>Christian Nodal le canta al despecho - El Diario - Bolivia<\/title>\n<meta name=\"robots\" content=\"index, follow, max-snippet:-1, max-image-preview:large, max-video-preview:-1\" \/>\n<link rel=\"canonical\" href=\"https:\/\/www.eldiario.net\/portal\/2024\/06\/22\/christian-nodal-le-canta-al-despecho\/\" \/>\n<meta property=\"og:locale\" content=\"es_ES\" \/>\n<meta property=\"og:type\" content=\"article\" \/>\n<meta property=\"og:title\" content=\"Christian Nodal le canta al despecho - El Diario - Bolivia\" \/>\n<meta property=\"og:description\" content=\"A pocas semanas de estrenarse su pr\u00f3ximo \u00e1lbum titulado Pa\u2019l Cora -tambi\u00e9n nombre de su actual tour-, Christian Nodal presenta \u201cKbr\u00f3n y Medio\u201d, un nuevo himno para los despechados que buscan sanar sus heridas de diferentes formas. \u201cMis ojos ya no vuelven a ser pa\u2019 una sola, si quieren caricias ll\u00e1menme a cualquier hora \/ [&hellip;]\" \/>\n<meta property=\"og:url\" content=\"https:\/\/www.eldiario.net\/portal\/2024\/06\/22\/christian-nodal-le-canta-al-despecho\/\" \/>\n<meta property=\"og:site_name\" content=\"El Diario - Bolivia\" \/>\n<meta property=\"article:publisher\" content=\"https:\/\/www.facebook.com\/eldiario.bolivia\/\" \/>\n<meta property=\"article:published_time\" content=\"2024-06-22T14:02:54+00:00\" \/>\n<meta name=\"author\" content=\"Jeanette\" \/>\n<meta name=\"twitter:card\" content=\"summary_large_image\" \/>\n<meta name=\"twitter:creator\" content=\"@eldiario_net\" \/>\n<meta name=\"twitter:site\" content=\"@eldiario_net\" \/>\n<meta name=\"twitter:label1\" content=\"Escrito por\" \/>\n\t<meta name=\"twitter:data1\" content=\"Jeanette\" \/>\n\t<meta name=\"twitter:label2\" content=\"Tiempo de lectura\" \/>\n\t<meta name=\"twitter:data2\" content=\"3 minutos\" \/>\n<script type=\"application\/ld+json\" class=\"yoast-schema-graph\">{\"@context\":\"https:\\\/\\\/schema.org\",\"@graph\":[{\"@type\":\"Article\",\"@id\":\"https:\\\/\\\/www.eldiario.net\\\/portal\\\/2024\\\/06\\\/22\\\/christian-nodal-le-canta-al-despecho\\\/#article\",\"isPartOf\":{\"@id\":\"https:\\\/\\\/www.eldiario.net\\\/portal\\\/2024\\\/06\\\/22\\\/christian-nodal-le-canta-al-despecho\\\/\"},\"author\":{\"name\":\"Jeanette\",\"@id\":\"https:\\\/\\\/www.eldiario.net\\\/portal\\\/#\\\/schema\\\/person\\\/f46445640444750d7d753ccd04ae01b7\"},\"headline\":\"Christian Nodal le canta al despecho\",\"datePublished\":\"2024-06-22T14:02:54+00:00\",\"mainEntityOfPage\":{\"@id\":\"https:\\\/\\\/www.eldiario.net\\\/portal\\\/2024\\\/06\\\/22\\\/christian-nodal-le-canta-al-despecho\\\/\"},\"wordCount\":464,\"commentCount\":0,\"publisher\":{\"@id\":\"https:\\\/\\\/www.eldiario.net\\\/portal\\\/#organization\"},\"articleSection\":[\"Cultural\"],\"inLanguage\":\"es\",\"potentialAction\":[{\"@type\":\"CommentAction\",\"name\":\"Comment\",\"target\":[\"https:\\\/\\\/www.eldiario.net\\\/portal\\\/2024\\\/06\\\/22\\\/christian-nodal-le-canta-al-despecho\\\/#respond\"]}]},{\"@type\":\"WebPage\",\"@id\":\"https:\\\/\\\/www.eldiario.net\\\/portal\\\/2024\\\/06\\\/22\\\/christian-nodal-le-canta-al-despecho\\\/\",\"url\":\"https:\\\/\\\/www.eldiario.net\\\/portal\\\/2024\\\/06\\\/22\\\/christian-nodal-le-canta-al-despecho\\\/\",\"name\":\"Christian Nodal le canta al despecho - El Diario - Bolivia\",\"isPartOf\":{\"@id\":\"https:\\\/\\\/www.eldiario.net\\\/portal\\\/#website\"},\"datePublished\":\"2024-06-22T14:02:54+00:00\",\"breadcrumb\":{\"@id\":\"https:\\\/\\\/www.eldiario.net\\\/portal\\\/2024\\\/06\\\/22\\\/christian-nodal-le-canta-al-despecho\\\/#breadcrumb\"},\"inLanguage\":\"es\",\"potentialAction\":[{\"@type\":\"ReadAction\",\"target\":[\"https:\\\/\\\/www.eldiario.net\\\/portal\\\/2024\\\/06\\\/22\\\/christian-nodal-le-canta-al-despecho\\\/\"]}]},{\"@type\":\"BreadcrumbList\",\"@id\":\"https:\\\/\\\/www.eldiario.net\\\/portal\\\/2024\\\/06\\\/22\\\/christian-nodal-le-canta-al-despecho\\\/#breadcrumb\",\"itemListElement\":[{\"@type\":\"ListItem\",\"position\":1,\"name\":\"Portada\",\"item\":\"https:\\\/\\\/www.eldiario.net\\\/portal\\\/\"},{\"@type\":\"ListItem\",\"position\":2,\"name\":\"Christian Nodal le canta al despecho\"}]},{\"@type\":\"WebSite\",\"@id\":\"https:\\\/\\\/www.eldiario.net\\\/portal\\\/#website\",\"url\":\"https:\\\/\\\/www.eldiario.net\\\/portal\\\/\",\"name\":\"El Diario - Decano de la prensa nacional\",\"description\":\"El Diario - Decano de la prensa nacional\",\"publisher\":{\"@id\":\"https:\\\/\\\/www.eldiario.net\\\/portal\\\/#organization\"},\"potentialAction\":[{\"@type\":\"SearchAction\",\"target\":{\"@type\":\"EntryPoint\",\"urlTemplate\":\"https:\\\/\\\/www.eldiario.net\\\/portal\\\/?s={search_term_string}\"},\"query-input\":{\"@type\":\"PropertyValueSpecification\",\"valueRequired\":true,\"valueName\":\"search_term_string\"}}],\"inLanguage\":\"es\"},{\"@type\":\"Organization\",\"@id\":\"https:\\\/\\\/www.eldiario.net\\\/portal\\\/#organization\",\"name\":\"El Diario - Decano de la prensa nacional\",\"url\":\"https:\\\/\\\/www.eldiario.net\\\/portal\\\/\",\"logo\":{\"@type\":\"ImageObject\",\"inLanguage\":\"es\",\"@id\":\"https:\\\/\\\/www.eldiario.net\\\/portal\\\/#\\\/schema\\\/logo\\\/image\\\/\",\"url\":\"https:\\\/\\\/www.eldiario.net\\\/portal\\\/wp-content\\\/uploads\\\/2023\\\/07\\\/logo_ED.jpg\",\"contentUrl\":\"https:\\\/\\\/www.eldiario.net\\\/portal\\\/wp-content\\\/uploads\\\/2023\\\/07\\\/logo_ED.jpg\",\"width\":272,\"height\":52,\"caption\":\"El Diario - Decano de la prensa nacional\"},\"image\":{\"@id\":\"https:\\\/\\\/www.eldiario.net\\\/portal\\\/#\\\/schema\\\/logo\\\/image\\\/\"},\"sameAs\":[\"https:\\\/\\\/www.facebook.com\\\/eldiario.bolivia\\\/\",\"https:\\\/\\\/x.com\\\/eldiario_net\"]},{\"@type\":\"Person\",\"@id\":\"https:\\\/\\\/www.eldiario.net\\\/portal\\\/#\\\/schema\\\/person\\\/f46445640444750d7d753ccd04ae01b7\",\"name\":\"Jeanette\",\"image\":{\"@type\":\"ImageObject\",\"inLanguage\":\"es\",\"@id\":\"https:\\\/\\\/secure.gravatar.com\\\/avatar\\\/3ea2118a5f7dad2b7138b1187a6b7ee55f160b9968b66013c3a3ef39dd7e5798?s=96&d=mm&r=g\",\"url\":\"https:\\\/\\\/secure.gravatar.com\\\/avatar\\\/3ea2118a5f7dad2b7138b1187a6b7ee55f160b9968b66013c3a3ef39dd7e5798?s=96&d=mm&r=g\",\"contentUrl\":\"https:\\\/\\\/secure.gravatar.com\\\/avatar\\\/3ea2118a5f7dad2b7138b1187a6b7ee55f160b9968b66013c3a3ef39dd7e5798?s=96&d=mm&r=g\",\"caption\":\"Jeanette\"},\"sameAs\":[\"https:\\\/\\\/www.eldiario.net\\\/portal\"],\"url\":\"https:\\\/\\\/www.eldiario.net\\\/portal\\\/author\\\/jeanette\\\/\"}]}<\/script>\n<!-- \/ Yoast SEO plugin. -->","yoast_head_json":{"title":"Christian Nodal le canta al despecho - El Diario - Bolivia","robots":{"index":"index","follow":"follow","max-snippet":"max-snippet:-1","max-image-preview":"max-image-preview:large","max-video-preview":"max-video-preview:-1"},"canonical":"https:\/\/www.eldiario.net\/portal\/2024\/06\/22\/christian-nodal-le-canta-al-despecho\/","og_locale":"es_ES","og_type":"article","og_title":"Christian Nodal le canta al despecho - El Diario - Bolivia","og_description":"A pocas semanas de estrenarse su pr\u00f3ximo \u00e1lbum titulado Pa\u2019l Cora -tambi\u00e9n nombre de su actual tour-, Christian Nodal presenta \u201cKbr\u00f3n y Medio\u201d, un nuevo himno para los despechados que buscan sanar sus heridas de diferentes formas. \u201cMis ojos ya no vuelven a ser pa\u2019 una sola, si quieren caricias ll\u00e1menme a cualquier hora \/ [&hellip;]","og_url":"https:\/\/www.eldiario.net\/portal\/2024\/06\/22\/christian-nodal-le-canta-al-despecho\/","og_site_name":"El Diario - Bolivia","article_publisher":"https:\/\/www.facebook.com\/eldiario.bolivia\/","article_published_time":"2024-06-22T14:02:54+00:00","author":"Jeanette","twitter_card":"summary_large_image","twitter_creator":"@eldiario_net","twitter_site":"@eldiario_net","twitter_misc":{"Escrito por":"Jeanette","Tiempo de lectura":"3 minutos"},"schema":{"@context":"https:\/\/schema.org","@graph":[{"@type":"Article","@id":"https:\/\/www.eldiario.net\/portal\/2024\/06\/22\/christian-nodal-le-canta-al-despecho\/#article","isPartOf":{"@id":"https:\/\/www.eldiario.net\/portal\/2024\/06\/22\/christian-nodal-le-canta-al-despecho\/"},"author":{"name":"Jeanette","@id":"https:\/\/www.eldiario.net\/portal\/#\/schema\/person\/f46445640444750d7d753ccd04ae01b7"},"headline":"Christian Nodal le canta al despecho","datePublished":"2024-06-22T14:02:54+00:00","mainEntityOfPage":{"@id":"https:\/\/www.eldiario.net\/portal\/2024\/06\/22\/christian-nodal-le-canta-al-despecho\/"},"wordCount":464,"commentCount":0,"publisher":{"@id":"https:\/\/www.eldiario.net\/portal\/#organization"},"articleSection":["Cultural"],"inLanguage":"es","potentialAction":[{"@type":"CommentAction","name":"Comment","target":["https:\/\/www.eldiario.net\/portal\/2024\/06\/22\/christian-nodal-le-canta-al-despecho\/#respond"]}]},{"@type":"WebPage","@id":"https:\/\/www.eldiario.net\/portal\/2024\/06\/22\/christian-nodal-le-canta-al-despecho\/","url":"https:\/\/www.eldiario.net\/portal\/2024\/06\/22\/christian-nodal-le-canta-al-despecho\/","name":"Christian Nodal le canta al despecho - El Diario - Bolivia","isPartOf":{"@id":"https:\/\/www.eldiario.net\/portal\/#website"},"datePublished":"2024-06-22T14:02:54+00:00","breadcrumb":{"@id":"https:\/\/www.eldiario.net\/portal\/2024\/06\/22\/christian-nodal-le-canta-al-despecho\/#breadcrumb"},"inLanguage":"es","potentialAction":[{"@type":"ReadAction","target":["https:\/\/www.eldiario.net\/portal\/2024\/06\/22\/christian-nodal-le-canta-al-despecho\/"]}]},{"@type":"BreadcrumbList","@id":"https:\/\/www.eldiario.net\/portal\/2024\/06\/22\/christian-nodal-le-canta-al-despecho\/#breadcrumb","itemListElement":[{"@type":"ListItem","position":1,"name":"Portada","item":"https:\/\/www.eldiario.net\/portal\/"},{"@type":"ListItem","position":2,"name":"Christian Nodal le canta al despecho"}]},{"@type":"WebSite","@id":"https:\/\/www.eldiario.net\/portal\/#website","url":"https:\/\/www.eldiario.net\/portal\/","name":"El Diario - Decano de la prensa nacional","description":"El Diario - Decano de la prensa nacional","publisher":{"@id":"https:\/\/www.eldiario.net\/portal\/#organization"},"potentialAction":[{"@type":"SearchAction","target":{"@type":"EntryPoint","urlTemplate":"https:\/\/www.eldiario.net\/portal\/?s={search_term_string}"},"query-input":{"@type":"PropertyValueSpecification","valueRequired":true,"valueName":"search_term_string"}}],"inLanguage":"es"},{"@type":"Organization","@id":"https:\/\/www.eldiario.net\/portal\/#organization","name":"El Diario - Decano de la prensa nacional","url":"https:\/\/www.eldiario.net\/portal\/","logo":{"@type":"ImageObject","inLanguage":"es","@id":"https:\/\/www.eldiario.net\/portal\/#\/schema\/logo\/image\/","url":"https:\/\/www.eldiario.net\/portal\/wp-content\/uploads\/2023\/07\/logo_ED.jpg","contentUrl":"https:\/\/www.eldiario.net\/portal\/wp-content\/uploads\/2023\/07\/logo_ED.jpg","width":272,"height":52,"caption":"El Diario - Decano de la prensa nacional"},"image":{"@id":"https:\/\/www.eldiario.net\/portal\/#\/schema\/logo\/image\/"},"sameAs":["https:\/\/www.facebook.com\/eldiario.bolivia\/","https:\/\/x.com\/eldiario_net"]},{"@type":"Person","@id":"https:\/\/www.eldiario.net\/portal\/#\/schema\/person\/f46445640444750d7d753ccd04ae01b7","name":"Jeanette","image":{"@type":"ImageObject","inLanguage":"es","@id":"https:\/\/secure.gravatar.com\/avatar\/3ea2118a5f7dad2b7138b1187a6b7ee55f160b9968b66013c3a3ef39dd7e5798?s=96&d=mm&r=g","url":"https:\/\/secure.gravatar.com\/avatar\/3ea2118a5f7dad2b7138b1187a6b7ee55f160b9968b66013c3a3ef39dd7e5798?s=96&d=mm&r=g","contentUrl":"https:\/\/secure.gravatar.com\/avatar\/3ea2118a5f7dad2b7138b1187a6b7ee55f160b9968b66013c3a3ef39dd7e5798?s=96&d=mm&r=g","caption":"Jeanette"},"sameAs":["https:\/\/www.eldiario.net\/portal"],"url":"https:\/\/www.eldiario.net\/portal\/author\/jeanette\/"}]}},"_links":{"self":[{"href":"https:\/\/www.eldiario.net\/portal\/wp-json\/wp\/v2\/posts\/228896","targetHints":{"allow":["GET"]}}],"collection":[{"href":"https:\/\/www.eldiario.net\/portal\/wp-json\/wp\/v2\/posts"}],"about":[{"href":"https:\/\/www.eldiario.net\/portal\/wp-json\/wp\/v2\/types\/post"}],"author":[{"embeddable":true,"href":"https:\/\/www.eldiario.net\/portal\/wp-json\/wp\/v2\/users\/1"}],"replies":[{"embeddable":true,"href":"https:\/\/www.eldiario.net\/portal\/wp-json\/wp\/v2\/comments?post=228896"}],"version-history":[{"count":1,"href":"https:\/\/www.eldiario.net\/portal\/wp-json\/wp\/v2\/posts\/228896\/revisions"}],"predecessor-version":[{"id":228897,"href":"https:\/\/www.eldiario.net\/portal\/wp-json\/wp\/v2\/posts\/228896\/revisions\/228897"}],"wp:attachment":[{"href":"https:\/\/www.eldiario.net\/portal\/wp-json\/wp\/v2\/media?parent=228896"}],"wp:term":[{"taxonomy":"category","embeddable":true,"href":"https:\/\/www.eldiario.net\/portal\/wp-json\/wp\/v2\/categories?post=228896"},{"taxonomy":"post_tag","embeddable":true,"href":"https:\/\/www.eldiario.net\/portal\/wp-json\/wp\/v2\/tags?post=228896"}],"curies":[{"name":"wp","href":"https:\/\/api.w.org\/{rel}","templated":true}]}}