{"id":228891,"date":"2024-06-22T10:01:09","date_gmt":"2024-06-22T14:01:09","guid":{"rendered":"https:\/\/www.eldiario.net\/portal\/?p=228891"},"modified":"2024-06-22T10:01:09","modified_gmt":"2024-06-22T14:01:09","slug":"reciben-al-5532-con-pedidos-de-paz-y-mejor-economia","status":"publish","type":"post","link":"https:\/\/www.eldiario.net\/portal\/2024\/06\/22\/reciben-al-5532-con-pedidos-de-paz-y-mejor-economia\/","title":{"rendered":"Reciben al 5532 con pedidos  de paz y mejor econom\u00eda"},"content":{"rendered":"<p>Con diferentes ceremonias realizadas en varias regiones de Bolivia, \u201cpaz, tranquilidad, prosperidad y mejor econom\u00eda para el pa\u00eds\u201d fueron los pedidos m\u00e1s frecuentes que miles de bolivianos hicieron durante el Willka Kuti o A\u00f1o Nuevo Andino Amaz\u00f3nico y del Chaco. Otros, con las manos en alto, tambi\u00e9n rogaron por una mejor producci\u00f3n agr\u00edcola.<br \/>\nEl presidente del Estado, Luis Arce Catacora, pidi\u00f3 paz, tranquilidad y certezas, sin peleas ni discordias para todos los bolivianos, adem\u00e1s de mayor producci\u00f3n agropecuaria. El mandatario particip\u00f3 de la celebraci\u00f3n del a\u00f1o 5532 desarrollada en el municipio de Tiwanaku, a 70 kil\u00f3metros de la ciudad de La Paz.<br \/>\n\u201cLe pedimos a nuestra Pachamama, a nuestro Tata Inti, a nuestra Mama Paxi, a todos pedimos que este a\u00f1o sea mejor que el que est\u00e1 pasando, que este a\u00f1o nos traiga m\u00e1s prosperidad, m\u00e1s ventura, m\u00e1s trabajo, m\u00e1s ingreso para nuestras familias bolivianas, m\u00e1s paz, m\u00e1s tranquilidad, m\u00e1s certezas para toda la familia boliviana. Que no tengamos peleas ni discordias, que sea un a\u00f1o nuevo de paz, de tranquilidad, de prosperidad para el pueblo boliviano\u201d, se\u00f1al\u00f3 en su intervenci\u00f3n en el acto principal realizado en el Templo de Kalasasaya.<br \/>\nAcot\u00f3 que tambi\u00e9n hay esperanza de que la naturaleza d\u00e9 al pa\u00eds m\u00e1s producci\u00f3n agropecuaria, con una buena siembra y cosecha, adem\u00e1s de salud para todos.<br \/>\nEn este sitio arqueol\u00f3gico prehisp\u00e1nico, Arce estuvo acompa\u00f1ado del vicepresidente, David Choquehuanca, autoridades nacionales, organizaciones sociales y poblaci\u00f3n en general.<br \/>\nCELEBRACIONES<br \/>\nLa fiesta tambi\u00e9n se celebr\u00f3 en otros lugares del pa\u00eds considerados sagrados, como la Isla del Sol, en el lago Titicaca; las ruinas de Samaipata, en Santa Cruz; o en Incallajta, en el departamento de Cochabamba, entre otros.<br \/>\nEn La Paz, por ejemplo, el gobernador Santos Quispe en compa\u00f1\u00eda de pobladores y autoridades ediles, recibi\u00f3 los primeros rayos del sol en el municipio de Achocalla. Por otro lado, en el municipio pace\u00f1o, autoridades ediles pidieron paz, unidad y reconciliaci\u00f3n, en un acto realizado en la Apacheta de Huaripampa Caiconi, La Merced del macrodistrito de Hampaturi.<br \/>\n\u201cEsta es la joya del bien com\u00fan: paz, unidad y reconciliaci\u00f3n, y eso es lo que vamos a pedir cuando salga el sol. Ese es el mensaje de nuestro alcalde (Iv\u00e1n Arias)\u201d, afirm\u00f3 el secretario municipal de Culturas y Turismo, Am\u00e9rico Gemio.<br \/>\nLa ceremonia andina amaz\u00f3nica comenz\u00f3 pasadas las 6:30 horas de ayer, con la presencia de autoridades municipales, pobladores y grupos de m\u00fasica aut\u00f3ctona. Se encendieron dos fogatas para realizar luego una wajt\u2019a, una ofrenda tradicional a la Pachamama o Madre Tierra.<br \/>\nEsa no fue la \u00fanica ceremonia en la urbe pace\u00f1a, pues ciudadanos se apostaron en distintas apachetas para tambi\u00e9n celebrar la llegada de \u201cnuevo sol\u201d.<br \/>\nEn El Alto, recibieron al Willka Kuti con augurio de mejor producci\u00f3n agr\u00edcola y buenos deseos. El acto principal fue en el valle de Kaque Marka, donde adem\u00e1s de ritos, costumbres y tradiciones, se sent\u00f3 presencia en ese lugar.<br \/>\n\u201cQue tengan trabajo, salud, prosperidad, que siga El Alto desarrollando. Hemos velado nuestras semillas para que haya una muy buena producci\u00f3n, que este a\u00f1o tengamos una muy buena abundancia\u201d, sostuvo la alcaldesa Eva Copa.<br \/>\nEl valle de Kaque Marka se encuentra en un tramo distante de m\u00e1s de una hora de viaje desde la Ceja de El Alto. El primer punto de parada es la comunidad de Amachuma, donde los pasajeros de buses continuaron el recorrido a pie y a 20 minutos se divisaba el lugar donde se instalaron las mesas de ofrenda.<br \/>\nEn el mismo acto, los subalcaldes de los distritos rurales 9, Edgar Mamani; del 10, Nancy Mamani; y del 13, Jaime Edgar Poma, juraron al cargo y recibieron los abrazos de sus amistades y simpatizantes.<br \/>\nPor otro lado, los ministros de Estado tambi\u00e9n se desplazaron a diferentes sitios ceremoniales en el territorio nacional para recibir el A\u00f1o Nuevo Andino Amaz\u00f3nico y Chaque\u00f1o 5532, para pedir la unidad de los bolivianos.<br \/>\nEl ministro de Educaci\u00f3n, Omar Veliz, recibi\u00f3 los primeros rayos del sol del nuevo a\u00f1o Andino Amaz\u00f3nico Chaque\u00f1o en la Isla de Incahuasi, ubicada en el Salar de Uyuni, departamento de Potos\u00ed. Mientras, la ministra de Trabajo, Ver\u00f3nica Navia, lo hizo en Cobija.<br \/>\nLa comunidad de Chataquila, en Chuquisaca, fue el escenario de la celebraci\u00f3n del A\u00f1o Nuevo Andino Amaz\u00f3nico y del Chaco donde la ministra de Salud y Deportes, Maria Ren\u00e9e Castro, recibi\u00f3 los primeros rayos del sol. Por su parte, el ministro de Medio Ambiente y Agua, Alan Lisperguer, lleg\u00f3 a la comunidad de Copacabana del municipio de Yunchar\u00e1, en Tarija.<br \/>\nAsimismo, el titular de Planificaci\u00f3n del Desarrollo, Sergio Cusicanqui, estuvo en la poblaci\u00f3n de Jes\u00fas de Machaca, del altiplano pace\u00f1o. En tanto, el ministro de Econom\u00eda, Marcelo Montenegro, particip\u00f3 en el ritual ancestral del municipio de Viacha, en La Paz.<br \/>\nEn las Qollcas Incaicas de Cotapachi, municipio cochabambino de Quillacollo particip\u00f3 de la celebraci\u00f3n la canciller Celinda Sosa y en el municipio de Taraco de La Paz, recibi\u00f3 el nuevo a\u00f1o, el ministro de Desarrollo Productivo, N\u00e9stor Huanca.<br \/>\nLa Ley 1128 de noviembre de 2018 declara el 21 de junio de cada a\u00f1o como el \u201cA\u00f1o Nuevo Andino Amaz\u00f3nico Chaque\u00f1o\u201d como manifestaci\u00f3n y expresi\u00f3n de tradici\u00f3n, cosmovisi\u00f3n y saberes ancestrales de las Naciones y Pueblos Ind\u00edgena Originario Campesinos del Estado Plurinacional de Bolivia.<br \/>\nEn tanto, el Decreto Supremo 173 de junio de 2009 declara feriado inamovible al 21 de junio de cada a\u00f1o con suspensi\u00f3n de actividades p\u00fablicas y privadas en todo el territorio del Estado Plurinacional de Bolivia, con motivo de celebrarse el solsticio de invierno.<\/p>\n","protected":false},"excerpt":{"rendered":"<p>Con diferentes ceremonias realizadas en varias regiones de Bolivia, \u201cpaz, tranquilidad, prosperidad y mejor econom\u00eda para el pa\u00eds\u201d fueron los pedidos m\u00e1s frecuentes que miles de bolivianos hicieron durante el Willka Kuti o A\u00f1o Nuevo Andino Amaz\u00f3nico y del Chaco. Otros, con las manos en alto, tambi\u00e9n rogaron por una mejor producci\u00f3n agr\u00edcola. El presidente [&hellip;]<\/p>\n","protected":false},"author":1,"featured_media":228892,"comment_status":"open","ping_status":"open","sticky":false,"template":"","format":"standard","meta":{"_acf_changed":false,"footnotes":""},"categories":[12],"tags":[],"class_list":["post-228891","post","type-post","status-publish","format-standard","has-post-thumbnail","category-nacional"],"acf":{"antetitulo":"A\u00f1o Nuevo Andino Amaz\u00f3nico"},"yoast_head":"<!-- This site is optimized with the Yoast SEO plugin v28.4 - https:\/\/yoast.com\/product\/yoast-seo-wordpress\/ -->\n<title>Reciben al 5532 con pedidos de paz y mejor econom\u00eda - El Diario - Bolivia<\/title>\n<meta name=\"robots\" content=\"index, follow, max-snippet:-1, max-image-preview:large, max-video-preview:-1\" \/>\n<link rel=\"canonical\" href=\"https:\/\/www.eldiario.net\/portal\/2024\/06\/22\/reciben-al-5532-con-pedidos-de-paz-y-mejor-economia\/\" \/>\n<meta property=\"og:locale\" content=\"es_ES\" \/>\n<meta property=\"og:type\" content=\"article\" \/>\n<meta property=\"og:title\" content=\"Reciben al 5532 con pedidos de paz y mejor econom\u00eda - El Diario - Bolivia\" \/>\n<meta property=\"og:description\" content=\"Con diferentes ceremonias realizadas en varias regiones de Bolivia, \u201cpaz, tranquilidad, prosperidad y mejor econom\u00eda para el pa\u00eds\u201d fueron los pedidos m\u00e1s frecuentes que miles de bolivianos hicieron durante el Willka Kuti o A\u00f1o Nuevo Andino Amaz\u00f3nico y del Chaco. Otros, con las manos en alto, tambi\u00e9n rogaron por una mejor producci\u00f3n agr\u00edcola. El presidente [&hellip;]\" \/>\n<meta property=\"og:url\" content=\"https:\/\/www.eldiario.net\/portal\/2024\/06\/22\/reciben-al-5532-con-pedidos-de-paz-y-mejor-economia\/\" \/>\n<meta property=\"og:site_name\" content=\"El Diario - Bolivia\" \/>\n<meta property=\"article:publisher\" content=\"https:\/\/www.facebook.com\/eldiario.bolivia\/\" \/>\n<meta property=\"article:published_time\" content=\"2024-06-22T14:01:09+00:00\" \/>\n<meta property=\"og:image\" content=\"https:\/\/www.eldiario.net\/portal\/wp-content\/uploads\/2024\/06\/F-1-willka.jpg\" \/>\n\t<meta property=\"og:image:width\" content=\"1600\" \/>\n\t<meta property=\"og:image:height\" content=\"1066\" \/>\n\t<meta property=\"og:image:type\" content=\"image\/jpeg\" \/>\n<meta name=\"author\" content=\"Jeanette\" \/>\n<meta name=\"twitter:card\" content=\"summary_large_image\" \/>\n<meta name=\"twitter:creator\" content=\"@eldiario_net\" \/>\n<meta name=\"twitter:site\" content=\"@eldiario_net\" \/>\n<meta name=\"twitter:label1\" content=\"Escrito por\" \/>\n\t<meta name=\"twitter:data1\" content=\"Jeanette\" \/>\n\t<meta name=\"twitter:label2\" content=\"Tiempo de lectura\" \/>\n\t<meta name=\"twitter:data2\" content=\"5 minutos\" \/>\n<script type=\"application\/ld+json\" class=\"yoast-schema-graph\">{\"@context\":\"https:\\\/\\\/schema.org\",\"@graph\":[{\"@type\":\"Article\",\"@id\":\"https:\\\/\\\/www.eldiario.net\\\/portal\\\/2024\\\/06\\\/22\\\/reciben-al-5532-con-pedidos-de-paz-y-mejor-economia\\\/#article\",\"isPartOf\":{\"@id\":\"https:\\\/\\\/www.eldiario.net\\\/portal\\\/2024\\\/06\\\/22\\\/reciben-al-5532-con-pedidos-de-paz-y-mejor-economia\\\/\"},\"author\":{\"name\":\"Jeanette\",\"@id\":\"https:\\\/\\\/www.eldiario.net\\\/portal\\\/#\\\/schema\\\/person\\\/f46445640444750d7d753ccd04ae01b7\"},\"headline\":\"Reciben al 5532 con pedidos de paz y mejor econom\u00eda\",\"datePublished\":\"2024-06-22T14:01:09+00:00\",\"mainEntityOfPage\":{\"@id\":\"https:\\\/\\\/www.eldiario.net\\\/portal\\\/2024\\\/06\\\/22\\\/reciben-al-5532-con-pedidos-de-paz-y-mejor-economia\\\/\"},\"wordCount\":997,\"commentCount\":0,\"publisher\":{\"@id\":\"https:\\\/\\\/www.eldiario.net\\\/portal\\\/#organization\"},\"image\":{\"@id\":\"https:\\\/\\\/www.eldiario.net\\\/portal\\\/2024\\\/06\\\/22\\\/reciben-al-5532-con-pedidos-de-paz-y-mejor-economia\\\/#primaryimage\"},\"thumbnailUrl\":\"https:\\\/\\\/www.eldiario.net\\\/portal\\\/wp-content\\\/uploads\\\/2024\\\/06\\\/F-1-willka.jpg\",\"articleSection\":[\"Nacional\"],\"inLanguage\":\"es\",\"potentialAction\":[{\"@type\":\"CommentAction\",\"name\":\"Comment\",\"target\":[\"https:\\\/\\\/www.eldiario.net\\\/portal\\\/2024\\\/06\\\/22\\\/reciben-al-5532-con-pedidos-de-paz-y-mejor-economia\\\/#respond\"]}]},{\"@type\":\"WebPage\",\"@id\":\"https:\\\/\\\/www.eldiario.net\\\/portal\\\/2024\\\/06\\\/22\\\/reciben-al-5532-con-pedidos-de-paz-y-mejor-economia\\\/\",\"url\":\"https:\\\/\\\/www.eldiario.net\\\/portal\\\/2024\\\/06\\\/22\\\/reciben-al-5532-con-pedidos-de-paz-y-mejor-economia\\\/\",\"name\":\"Reciben al 5532 con pedidos de paz y mejor econom\u00eda - El Diario - Bolivia\",\"isPartOf\":{\"@id\":\"https:\\\/\\\/www.eldiario.net\\\/portal\\\/#website\"},\"primaryImageOfPage\":{\"@id\":\"https:\\\/\\\/www.eldiario.net\\\/portal\\\/2024\\\/06\\\/22\\\/reciben-al-5532-con-pedidos-de-paz-y-mejor-economia\\\/#primaryimage\"},\"image\":{\"@id\":\"https:\\\/\\\/www.eldiario.net\\\/portal\\\/2024\\\/06\\\/22\\\/reciben-al-5532-con-pedidos-de-paz-y-mejor-economia\\\/#primaryimage\"},\"thumbnailUrl\":\"https:\\\/\\\/www.eldiario.net\\\/portal\\\/wp-content\\\/uploads\\\/2024\\\/06\\\/F-1-willka.jpg\",\"datePublished\":\"2024-06-22T14:01:09+00:00\",\"breadcrumb\":{\"@id\":\"https:\\\/\\\/www.eldiario.net\\\/portal\\\/2024\\\/06\\\/22\\\/reciben-al-5532-con-pedidos-de-paz-y-mejor-economia\\\/#breadcrumb\"},\"inLanguage\":\"es\",\"potentialAction\":[{\"@type\":\"ReadAction\",\"target\":[\"https:\\\/\\\/www.eldiario.net\\\/portal\\\/2024\\\/06\\\/22\\\/reciben-al-5532-con-pedidos-de-paz-y-mejor-economia\\\/\"]}]},{\"@type\":\"ImageObject\",\"inLanguage\":\"es\",\"@id\":\"https:\\\/\\\/www.eldiario.net\\\/portal\\\/2024\\\/06\\\/22\\\/reciben-al-5532-con-pedidos-de-paz-y-mejor-economia\\\/#primaryimage\",\"url\":\"https:\\\/\\\/www.eldiario.net\\\/portal\\\/wp-content\\\/uploads\\\/2024\\\/06\\\/F-1-willka.jpg\",\"contentUrl\":\"https:\\\/\\\/www.eldiario.net\\\/portal\\\/wp-content\\\/uploads\\\/2024\\\/06\\\/F-1-willka.jpg\",\"width\":1600,\"height\":1066,\"caption\":\"Una de las principales ceremonias para recibir el a\u00f1o nuevo andino se realiz\u00f3 en Tiwanaku. A\"},{\"@type\":\"BreadcrumbList\",\"@id\":\"https:\\\/\\\/www.eldiario.net\\\/portal\\\/2024\\\/06\\\/22\\\/reciben-al-5532-con-pedidos-de-paz-y-mejor-economia\\\/#breadcrumb\",\"itemListElement\":[{\"@type\":\"ListItem\",\"position\":1,\"name\":\"Portada\",\"item\":\"https:\\\/\\\/www.eldiario.net\\\/portal\\\/\"},{\"@type\":\"ListItem\",\"position\":2,\"name\":\"Reciben al 5532 con pedidos de paz y mejor econom\u00eda\"}]},{\"@type\":\"WebSite\",\"@id\":\"https:\\\/\\\/www.eldiario.net\\\/portal\\\/#website\",\"url\":\"https:\\\/\\\/www.eldiario.net\\\/portal\\\/\",\"name\":\"El Diario - Decano de la prensa nacional\",\"description\":\"El Diario - Decano de la prensa nacional\",\"publisher\":{\"@id\":\"https:\\\/\\\/www.eldiario.net\\\/portal\\\/#organization\"},\"potentialAction\":[{\"@type\":\"SearchAction\",\"target\":{\"@type\":\"EntryPoint\",\"urlTemplate\":\"https:\\\/\\\/www.eldiario.net\\\/portal\\\/?s={search_term_string}\"},\"query-input\":{\"@type\":\"PropertyValueSpecification\",\"valueRequired\":true,\"valueName\":\"search_term_string\"}}],\"inLanguage\":\"es\"},{\"@type\":\"Organization\",\"@id\":\"https:\\\/\\\/www.eldiario.net\\\/portal\\\/#organization\",\"name\":\"El Diario - Decano de la prensa nacional\",\"url\":\"https:\\\/\\\/www.eldiario.net\\\/portal\\\/\",\"logo\":{\"@type\":\"ImageObject\",\"inLanguage\":\"es\",\"@id\":\"https:\\\/\\\/www.eldiario.net\\\/portal\\\/#\\\/schema\\\/logo\\\/image\\\/\",\"url\":\"https:\\\/\\\/www.eldiario.net\\\/portal\\\/wp-content\\\/uploads\\\/2023\\\/07\\\/logo_ED.jpg\",\"contentUrl\":\"https:\\\/\\\/www.eldiario.net\\\/portal\\\/wp-content\\\/uploads\\\/2023\\\/07\\\/logo_ED.jpg\",\"width\":272,\"height\":52,\"caption\":\"El Diario - Decano de la prensa nacional\"},\"image\":{\"@id\":\"https:\\\/\\\/www.eldiario.net\\\/portal\\\/#\\\/schema\\\/logo\\\/image\\\/\"},\"sameAs\":[\"https:\\\/\\\/www.facebook.com\\\/eldiario.bolivia\\\/\",\"https:\\\/\\\/x.com\\\/eldiario_net\"]},{\"@type\":\"Person\",\"@id\":\"https:\\\/\\\/www.eldiario.net\\\/portal\\\/#\\\/schema\\\/person\\\/f46445640444750d7d753ccd04ae01b7\",\"name\":\"Jeanette\",\"image\":{\"@type\":\"ImageObject\",\"inLanguage\":\"es\",\"@id\":\"https:\\\/\\\/secure.gravatar.com\\\/avatar\\\/3ea2118a5f7dad2b7138b1187a6b7ee55f160b9968b66013c3a3ef39dd7e5798?s=96&d=mm&r=g\",\"url\":\"https:\\\/\\\/secure.gravatar.com\\\/avatar\\\/3ea2118a5f7dad2b7138b1187a6b7ee55f160b9968b66013c3a3ef39dd7e5798?s=96&d=mm&r=g\",\"contentUrl\":\"https:\\\/\\\/secure.gravatar.com\\\/avatar\\\/3ea2118a5f7dad2b7138b1187a6b7ee55f160b9968b66013c3a3ef39dd7e5798?s=96&d=mm&r=g\",\"caption\":\"Jeanette\"},\"sameAs\":[\"https:\\\/\\\/www.eldiario.net\\\/portal\"],\"url\":\"https:\\\/\\\/www.eldiario.net\\\/portal\\\/author\\\/jeanette\\\/\"}]}<\/script>\n<!-- \/ Yoast SEO plugin. -->","yoast_head_json":{"title":"Reciben al 5532 con pedidos de paz y mejor econom\u00eda - El Diario - Bolivia","robots":{"index":"index","follow":"follow","max-snippet":"max-snippet:-1","max-image-preview":"max-image-preview:large","max-video-preview":"max-video-preview:-1"},"canonical":"https:\/\/www.eldiario.net\/portal\/2024\/06\/22\/reciben-al-5532-con-pedidos-de-paz-y-mejor-economia\/","og_locale":"es_ES","og_type":"article","og_title":"Reciben al 5532 con pedidos de paz y mejor econom\u00eda - El Diario - Bolivia","og_description":"Con diferentes ceremonias realizadas en varias regiones de Bolivia, \u201cpaz, tranquilidad, prosperidad y mejor econom\u00eda para el pa\u00eds\u201d fueron los pedidos m\u00e1s frecuentes que miles de bolivianos hicieron durante el Willka Kuti o A\u00f1o Nuevo Andino Amaz\u00f3nico y del Chaco. Otros, con las manos en alto, tambi\u00e9n rogaron por una mejor producci\u00f3n agr\u00edcola. El presidente [&hellip;]","og_url":"https:\/\/www.eldiario.net\/portal\/2024\/06\/22\/reciben-al-5532-con-pedidos-de-paz-y-mejor-economia\/","og_site_name":"El Diario - Bolivia","article_publisher":"https:\/\/www.facebook.com\/eldiario.bolivia\/","article_published_time":"2024-06-22T14:01:09+00:00","og_image":[{"width":1600,"height":1066,"url":"https:\/\/www.eldiario.net\/portal\/wp-content\/uploads\/2024\/06\/F-1-willka.jpg","type":"image\/jpeg"}],"author":"Jeanette","twitter_card":"summary_large_image","twitter_creator":"@eldiario_net","twitter_site":"@eldiario_net","twitter_misc":{"Escrito por":"Jeanette","Tiempo de lectura":"5 minutos"},"schema":{"@context":"https:\/\/schema.org","@graph":[{"@type":"Article","@id":"https:\/\/www.eldiario.net\/portal\/2024\/06\/22\/reciben-al-5532-con-pedidos-de-paz-y-mejor-economia\/#article","isPartOf":{"@id":"https:\/\/www.eldiario.net\/portal\/2024\/06\/22\/reciben-al-5532-con-pedidos-de-paz-y-mejor-economia\/"},"author":{"name":"Jeanette","@id":"https:\/\/www.eldiario.net\/portal\/#\/schema\/person\/f46445640444750d7d753ccd04ae01b7"},"headline":"Reciben al 5532 con pedidos de paz y mejor econom\u00eda","datePublished":"2024-06-22T14:01:09+00:00","mainEntityOfPage":{"@id":"https:\/\/www.eldiario.net\/portal\/2024\/06\/22\/reciben-al-5532-con-pedidos-de-paz-y-mejor-economia\/"},"wordCount":997,"commentCount":0,"publisher":{"@id":"https:\/\/www.eldiario.net\/portal\/#organization"},"image":{"@id":"https:\/\/www.eldiario.net\/portal\/2024\/06\/22\/reciben-al-5532-con-pedidos-de-paz-y-mejor-economia\/#primaryimage"},"thumbnailUrl":"https:\/\/www.eldiario.net\/portal\/wp-content\/uploads\/2024\/06\/F-1-willka.jpg","articleSection":["Nacional"],"inLanguage":"es","potentialAction":[{"@type":"CommentAction","name":"Comment","target":["https:\/\/www.eldiario.net\/portal\/2024\/06\/22\/reciben-al-5532-con-pedidos-de-paz-y-mejor-economia\/#respond"]}]},{"@type":"WebPage","@id":"https:\/\/www.eldiario.net\/portal\/2024\/06\/22\/reciben-al-5532-con-pedidos-de-paz-y-mejor-economia\/","url":"https:\/\/www.eldiario.net\/portal\/2024\/06\/22\/reciben-al-5532-con-pedidos-de-paz-y-mejor-economia\/","name":"Reciben al 5532 con pedidos de paz y mejor econom\u00eda - El Diario - Bolivia","isPartOf":{"@id":"https:\/\/www.eldiario.net\/portal\/#website"},"primaryImageOfPage":{"@id":"https:\/\/www.eldiario.net\/portal\/2024\/06\/22\/reciben-al-5532-con-pedidos-de-paz-y-mejor-economia\/#primaryimage"},"image":{"@id":"https:\/\/www.eldiario.net\/portal\/2024\/06\/22\/reciben-al-5532-con-pedidos-de-paz-y-mejor-economia\/#primaryimage"},"thumbnailUrl":"https:\/\/www.eldiario.net\/portal\/wp-content\/uploads\/2024\/06\/F-1-willka.jpg","datePublished":"2024-06-22T14:01:09+00:00","breadcrumb":{"@id":"https:\/\/www.eldiario.net\/portal\/2024\/06\/22\/reciben-al-5532-con-pedidos-de-paz-y-mejor-economia\/#breadcrumb"},"inLanguage":"es","potentialAction":[{"@type":"ReadAction","target":["https:\/\/www.eldiario.net\/portal\/2024\/06\/22\/reciben-al-5532-con-pedidos-de-paz-y-mejor-economia\/"]}]},{"@type":"ImageObject","inLanguage":"es","@id":"https:\/\/www.eldiario.net\/portal\/2024\/06\/22\/reciben-al-5532-con-pedidos-de-paz-y-mejor-economia\/#primaryimage","url":"https:\/\/www.eldiario.net\/portal\/wp-content\/uploads\/2024\/06\/F-1-willka.jpg","contentUrl":"https:\/\/www.eldiario.net\/portal\/wp-content\/uploads\/2024\/06\/F-1-willka.jpg","width":1600,"height":1066,"caption":"Una de las principales ceremonias para recibir el a\u00f1o nuevo andino se realiz\u00f3 en Tiwanaku. A"},{"@type":"BreadcrumbList","@id":"https:\/\/www.eldiario.net\/portal\/2024\/06\/22\/reciben-al-5532-con-pedidos-de-paz-y-mejor-economia\/#breadcrumb","itemListElement":[{"@type":"ListItem","position":1,"name":"Portada","item":"https:\/\/www.eldiario.net\/portal\/"},{"@type":"ListItem","position":2,"name":"Reciben al 5532 con pedidos de paz y mejor econom\u00eda"}]},{"@type":"WebSite","@id":"https:\/\/www.eldiario.net\/portal\/#website","url":"https:\/\/www.eldiario.net\/portal\/","name":"El Diario - Decano de la prensa nacional","description":"El Diario - Decano de la prensa nacional","publisher":{"@id":"https:\/\/www.eldiario.net\/portal\/#organization"},"potentialAction":[{"@type":"SearchAction","target":{"@type":"EntryPoint","urlTemplate":"https:\/\/www.eldiario.net\/portal\/?s={search_term_string}"},"query-input":{"@type":"PropertyValueSpecification","valueRequired":true,"valueName":"search_term_string"}}],"inLanguage":"es"},{"@type":"Organization","@id":"https:\/\/www.eldiario.net\/portal\/#organization","name":"El Diario - Decano de la prensa nacional","url":"https:\/\/www.eldiario.net\/portal\/","logo":{"@type":"ImageObject","inLanguage":"es","@id":"https:\/\/www.eldiario.net\/portal\/#\/schema\/logo\/image\/","url":"https:\/\/www.eldiario.net\/portal\/wp-content\/uploads\/2023\/07\/logo_ED.jpg","contentUrl":"https:\/\/www.eldiario.net\/portal\/wp-content\/uploads\/2023\/07\/logo_ED.jpg","width":272,"height":52,"caption":"El Diario - Decano de la prensa nacional"},"image":{"@id":"https:\/\/www.eldiario.net\/portal\/#\/schema\/logo\/image\/"},"sameAs":["https:\/\/www.facebook.com\/eldiario.bolivia\/","https:\/\/x.com\/eldiario_net"]},{"@type":"Person","@id":"https:\/\/www.eldiario.net\/portal\/#\/schema\/person\/f46445640444750d7d753ccd04ae01b7","name":"Jeanette","image":{"@type":"ImageObject","inLanguage":"es","@id":"https:\/\/secure.gravatar.com\/avatar\/3ea2118a5f7dad2b7138b1187a6b7ee55f160b9968b66013c3a3ef39dd7e5798?s=96&d=mm&r=g","url":"https:\/\/secure.gravatar.com\/avatar\/3ea2118a5f7dad2b7138b1187a6b7ee55f160b9968b66013c3a3ef39dd7e5798?s=96&d=mm&r=g","contentUrl":"https:\/\/secure.gravatar.com\/avatar\/3ea2118a5f7dad2b7138b1187a6b7ee55f160b9968b66013c3a3ef39dd7e5798?s=96&d=mm&r=g","caption":"Jeanette"},"sameAs":["https:\/\/www.eldiario.net\/portal"],"url":"https:\/\/www.eldiario.net\/portal\/author\/jeanette\/"}]}},"_links":{"self":[{"href":"https:\/\/www.eldiario.net\/portal\/wp-json\/wp\/v2\/posts\/228891","targetHints":{"allow":["GET"]}}],"collection":[{"href":"https:\/\/www.eldiario.net\/portal\/wp-json\/wp\/v2\/posts"}],"about":[{"href":"https:\/\/www.eldiario.net\/portal\/wp-json\/wp\/v2\/types\/post"}],"author":[{"embeddable":true,"href":"https:\/\/www.eldiario.net\/portal\/wp-json\/wp\/v2\/users\/1"}],"replies":[{"embeddable":true,"href":"https:\/\/www.eldiario.net\/portal\/wp-json\/wp\/v2\/comments?post=228891"}],"version-history":[{"count":1,"href":"https:\/\/www.eldiario.net\/portal\/wp-json\/wp\/v2\/posts\/228891\/revisions"}],"predecessor-version":[{"id":228893,"href":"https:\/\/www.eldiario.net\/portal\/wp-json\/wp\/v2\/posts\/228891\/revisions\/228893"}],"wp:featuredmedia":[{"embeddable":true,"href":"https:\/\/www.eldiario.net\/portal\/wp-json\/wp\/v2\/media\/228892"}],"wp:attachment":[{"href":"https:\/\/www.eldiario.net\/portal\/wp-json\/wp\/v2\/media?parent=228891"}],"wp:term":[{"taxonomy":"category","embeddable":true,"href":"https:\/\/www.eldiario.net\/portal\/wp-json\/wp\/v2\/categories?post=228891"},{"taxonomy":"post_tag","embeddable":true,"href":"https:\/\/www.eldiario.net\/portal\/wp-json\/wp\/v2\/tags?post=228891"}],"curies":[{"name":"wp","href":"https:\/\/api.w.org\/{rel}","templated":true}]}}