{"id":228888,"date":"2024-06-22T09:59:42","date_gmt":"2024-06-22T13:59:42","guid":{"rendered":"https:\/\/www.eldiario.net\/portal\/?p=228888"},"modified":"2024-06-22T09:59:42","modified_gmt":"2024-06-22T13:59:42","slug":"declaran-patrimonio-cultural-y-material-al-valle-de-kaque-marka","status":"publish","type":"post","link":"https:\/\/www.eldiario.net\/portal\/2024\/06\/22\/declaran-patrimonio-cultural-y-material-al-valle-de-kaque-marka\/","title":{"rendered":"Declaran patrimonio cultural y  material al valle de Kaque Marka"},"content":{"rendered":"<p>La alcaldesa de El Alto, Eva Copa, promulg\u00f3 la ley municipal que declara patrimonio cultural, municipal, tangible y paisaj\u00edstico natural del Valle de Kaque Marka y chullpares de la comunidad de Amachuma. La firma del cuerpo legal fue en el valle de Kaque Marka, durante la celebraci\u00f3n del A\u00f1o Nuevo Andino, Amaz\u00f3nico y del Chaco.<br \/>\n\u201cHoy aprobamos la ley de cuidado y protecci\u00f3n de esta \u00e1rea tan importante que es Kaque Marka. No podemos seguir permitiendo que nos sigan avasallando, no podemos permitir que nos sigan loteando, porque la ley se cumple y la ciudad de El Alto tiene una ley de l\u00edmites\u201d, inform\u00f3 la burgomaestre.<br \/>\nLa ley fue aprobada en el Concejo Municipal. Luego de recibir los primeros rayos del sol, la alcaldesa hizo una pausa en la ceremonia ancestral y en el ep\u00edlogo estamp\u00f3 su firma a lo que tiene el t\u00edtulo de \u201cLey municipal de declaraci\u00f3n de patrimonio cultural municipal tangible y paisaj\u00edstico natural del valle de Kaque Marka y Chulpares de la comunidad de Amachuma del Distrito Municipal 10. De la jurisdicci\u00f3n municipal de El Alto, de acuerdo al anexo de la ley 2337\u201d.<br \/>\nEn un ambiente de unidad, la alcaldesa Eva Copa afirm\u00f3 que se debe resguardar el territorio de avasallamientos y loteadores.<br \/>\nEl Alto reivindica la pertenencia de Kaque Marka. Hace dos semanas el municipio de Achocalla amenaz\u00f3 a El Alto con impedir la celebraci\u00f3n del Willka Kuti de El Alto, pero el jueves, adelant\u00f3 que no habr\u00eda inconvenientes.<br \/>\nEl Alto blinda su territorio con dos leyes. Una es la de creaci\u00f3n, que corresponde a 1985 y la segunda, de delimitaci\u00f3n territorial, de 2002.<br \/>\nLa celebraci\u00f3n, que tuvo lugar por primera vez en el Distrito 10 de la urbe alte\u00f1a, cont\u00f3 con la participaci\u00f3n de representantes de los 14 distritos, gobernantes y organizaciones sociales.<\/p>\n","protected":false},"excerpt":{"rendered":"<p>La alcaldesa de El Alto, Eva Copa, promulg\u00f3 la ley municipal que declara patrimonio cultural, municipal, tangible y paisaj\u00edstico natural del Valle de Kaque Marka y chullpares de la comunidad de Amachuma. La firma del cuerpo legal fue en el valle de Kaque Marka, durante la celebraci\u00f3n del A\u00f1o Nuevo Andino, Amaz\u00f3nico y del Chaco. [&hellip;]<\/p>\n","protected":false},"author":1,"featured_media":228889,"comment_status":"open","ping_status":"open","sticky":false,"template":"","format":"standard","meta":{"_acf_changed":false,"footnotes":""},"categories":[12],"tags":[],"class_list":["post-228888","post","type-post","status-publish","format-standard","has-post-thumbnail","category-nacional"],"acf":{"antetitulo":""},"yoast_head":"<!-- This site is optimized with the Yoast SEO plugin v28.4 - https:\/\/yoast.com\/product\/yoast-seo-wordpress\/ -->\n<title>Declaran patrimonio cultural y material al valle de Kaque Marka - El Diario - Bolivia<\/title>\n<meta name=\"robots\" content=\"index, follow, max-snippet:-1, max-image-preview:large, max-video-preview:-1\" \/>\n<link rel=\"canonical\" href=\"https:\/\/www.eldiario.net\/portal\/2024\/06\/22\/declaran-patrimonio-cultural-y-material-al-valle-de-kaque-marka\/\" \/>\n<meta property=\"og:locale\" content=\"es_ES\" \/>\n<meta property=\"og:type\" content=\"article\" \/>\n<meta property=\"og:title\" content=\"Declaran patrimonio cultural y material al valle de Kaque Marka - El Diario - Bolivia\" \/>\n<meta property=\"og:description\" content=\"La alcaldesa de El Alto, Eva Copa, promulg\u00f3 la ley municipal que declara patrimonio cultural, municipal, tangible y paisaj\u00edstico natural del Valle de Kaque Marka y chullpares de la comunidad de Amachuma. La firma del cuerpo legal fue en el valle de Kaque Marka, durante la celebraci\u00f3n del A\u00f1o Nuevo Andino, Amaz\u00f3nico y del Chaco. [&hellip;]\" \/>\n<meta property=\"og:url\" content=\"https:\/\/www.eldiario.net\/portal\/2024\/06\/22\/declaran-patrimonio-cultural-y-material-al-valle-de-kaque-marka\/\" \/>\n<meta property=\"og:site_name\" content=\"El Diario - Bolivia\" \/>\n<meta property=\"article:publisher\" content=\"https:\/\/www.facebook.com\/eldiario.bolivia\/\" \/>\n<meta property=\"article:published_time\" content=\"2024-06-22T13:59:42+00:00\" \/>\n<meta property=\"og:image\" content=\"https:\/\/www.eldiario.net\/portal\/wp-content\/uploads\/2024\/06\/F-4-gamea.jpg\" \/>\n\t<meta property=\"og:image:width\" content=\"1600\" \/>\n\t<meta property=\"og:image:height\" content=\"900\" \/>\n\t<meta property=\"og:image:type\" content=\"image\/jpeg\" \/>\n<meta name=\"author\" content=\"Jeanette\" \/>\n<meta name=\"twitter:card\" content=\"summary_large_image\" \/>\n<meta name=\"twitter:creator\" content=\"@eldiario_net\" \/>\n<meta name=\"twitter:site\" content=\"@eldiario_net\" \/>\n<meta name=\"twitter:label1\" content=\"Escrito por\" \/>\n\t<meta name=\"twitter:data1\" content=\"Jeanette\" \/>\n\t<meta name=\"twitter:label2\" content=\"Tiempo de lectura\" \/>\n\t<meta name=\"twitter:data2\" content=\"2 minutos\" \/>\n<script type=\"application\/ld+json\" class=\"yoast-schema-graph\">{\"@context\":\"https:\\\/\\\/schema.org\",\"@graph\":[{\"@type\":\"Article\",\"@id\":\"https:\\\/\\\/www.eldiario.net\\\/portal\\\/2024\\\/06\\\/22\\\/declaran-patrimonio-cultural-y-material-al-valle-de-kaque-marka\\\/#article\",\"isPartOf\":{\"@id\":\"https:\\\/\\\/www.eldiario.net\\\/portal\\\/2024\\\/06\\\/22\\\/declaran-patrimonio-cultural-y-material-al-valle-de-kaque-marka\\\/\"},\"author\":{\"name\":\"Jeanette\",\"@id\":\"https:\\\/\\\/www.eldiario.net\\\/portal\\\/#\\\/schema\\\/person\\\/f46445640444750d7d753ccd04ae01b7\"},\"headline\":\"Declaran patrimonio cultural y material al valle de Kaque Marka\",\"datePublished\":\"2024-06-22T13:59:42+00:00\",\"mainEntityOfPage\":{\"@id\":\"https:\\\/\\\/www.eldiario.net\\\/portal\\\/2024\\\/06\\\/22\\\/declaran-patrimonio-cultural-y-material-al-valle-de-kaque-marka\\\/\"},\"wordCount\":322,\"commentCount\":0,\"publisher\":{\"@id\":\"https:\\\/\\\/www.eldiario.net\\\/portal\\\/#organization\"},\"image\":{\"@id\":\"https:\\\/\\\/www.eldiario.net\\\/portal\\\/2024\\\/06\\\/22\\\/declaran-patrimonio-cultural-y-material-al-valle-de-kaque-marka\\\/#primaryimage\"},\"thumbnailUrl\":\"https:\\\/\\\/www.eldiario.net\\\/portal\\\/wp-content\\\/uploads\\\/2024\\\/06\\\/F-4-gamea.jpg\",\"articleSection\":[\"Nacional\"],\"inLanguage\":\"es\",\"potentialAction\":[{\"@type\":\"CommentAction\",\"name\":\"Comment\",\"target\":[\"https:\\\/\\\/www.eldiario.net\\\/portal\\\/2024\\\/06\\\/22\\\/declaran-patrimonio-cultural-y-material-al-valle-de-kaque-marka\\\/#respond\"]}]},{\"@type\":\"WebPage\",\"@id\":\"https:\\\/\\\/www.eldiario.net\\\/portal\\\/2024\\\/06\\\/22\\\/declaran-patrimonio-cultural-y-material-al-valle-de-kaque-marka\\\/\",\"url\":\"https:\\\/\\\/www.eldiario.net\\\/portal\\\/2024\\\/06\\\/22\\\/declaran-patrimonio-cultural-y-material-al-valle-de-kaque-marka\\\/\",\"name\":\"Declaran patrimonio cultural y material al valle de Kaque Marka - El Diario - Bolivia\",\"isPartOf\":{\"@id\":\"https:\\\/\\\/www.eldiario.net\\\/portal\\\/#website\"},\"primaryImageOfPage\":{\"@id\":\"https:\\\/\\\/www.eldiario.net\\\/portal\\\/2024\\\/06\\\/22\\\/declaran-patrimonio-cultural-y-material-al-valle-de-kaque-marka\\\/#primaryimage\"},\"image\":{\"@id\":\"https:\\\/\\\/www.eldiario.net\\\/portal\\\/2024\\\/06\\\/22\\\/declaran-patrimonio-cultural-y-material-al-valle-de-kaque-marka\\\/#primaryimage\"},\"thumbnailUrl\":\"https:\\\/\\\/www.eldiario.net\\\/portal\\\/wp-content\\\/uploads\\\/2024\\\/06\\\/F-4-gamea.jpg\",\"datePublished\":\"2024-06-22T13:59:42+00:00\",\"breadcrumb\":{\"@id\":\"https:\\\/\\\/www.eldiario.net\\\/portal\\\/2024\\\/06\\\/22\\\/declaran-patrimonio-cultural-y-material-al-valle-de-kaque-marka\\\/#breadcrumb\"},\"inLanguage\":\"es\",\"potentialAction\":[{\"@type\":\"ReadAction\",\"target\":[\"https:\\\/\\\/www.eldiario.net\\\/portal\\\/2024\\\/06\\\/22\\\/declaran-patrimonio-cultural-y-material-al-valle-de-kaque-marka\\\/\"]}]},{\"@type\":\"ImageObject\",\"inLanguage\":\"es\",\"@id\":\"https:\\\/\\\/www.eldiario.net\\\/portal\\\/2024\\\/06\\\/22\\\/declaran-patrimonio-cultural-y-material-al-valle-de-kaque-marka\\\/#primaryimage\",\"url\":\"https:\\\/\\\/www.eldiario.net\\\/portal\\\/wp-content\\\/uploads\\\/2024\\\/06\\\/F-4-gamea.jpg\",\"contentUrl\":\"https:\\\/\\\/www.eldiario.net\\\/portal\\\/wp-content\\\/uploads\\\/2024\\\/06\\\/F-4-gamea.jpg\",\"width\":1600,\"height\":900,\"caption\":\"La alcaldesa alte\u00f1a muestra la normativa aprobada.\"},{\"@type\":\"BreadcrumbList\",\"@id\":\"https:\\\/\\\/www.eldiario.net\\\/portal\\\/2024\\\/06\\\/22\\\/declaran-patrimonio-cultural-y-material-al-valle-de-kaque-marka\\\/#breadcrumb\",\"itemListElement\":[{\"@type\":\"ListItem\",\"position\":1,\"name\":\"Portada\",\"item\":\"https:\\\/\\\/www.eldiario.net\\\/portal\\\/\"},{\"@type\":\"ListItem\",\"position\":2,\"name\":\"Declaran patrimonio cultural y material al valle de Kaque Marka\"}]},{\"@type\":\"WebSite\",\"@id\":\"https:\\\/\\\/www.eldiario.net\\\/portal\\\/#website\",\"url\":\"https:\\\/\\\/www.eldiario.net\\\/portal\\\/\",\"name\":\"El Diario - Decano de la prensa nacional\",\"description\":\"El Diario - Decano de la prensa nacional\",\"publisher\":{\"@id\":\"https:\\\/\\\/www.eldiario.net\\\/portal\\\/#organization\"},\"potentialAction\":[{\"@type\":\"SearchAction\",\"target\":{\"@type\":\"EntryPoint\",\"urlTemplate\":\"https:\\\/\\\/www.eldiario.net\\\/portal\\\/?s={search_term_string}\"},\"query-input\":{\"@type\":\"PropertyValueSpecification\",\"valueRequired\":true,\"valueName\":\"search_term_string\"}}],\"inLanguage\":\"es\"},{\"@type\":\"Organization\",\"@id\":\"https:\\\/\\\/www.eldiario.net\\\/portal\\\/#organization\",\"name\":\"El Diario - Decano de la prensa nacional\",\"url\":\"https:\\\/\\\/www.eldiario.net\\\/portal\\\/\",\"logo\":{\"@type\":\"ImageObject\",\"inLanguage\":\"es\",\"@id\":\"https:\\\/\\\/www.eldiario.net\\\/portal\\\/#\\\/schema\\\/logo\\\/image\\\/\",\"url\":\"https:\\\/\\\/www.eldiario.net\\\/portal\\\/wp-content\\\/uploads\\\/2023\\\/07\\\/logo_ED.jpg\",\"contentUrl\":\"https:\\\/\\\/www.eldiario.net\\\/portal\\\/wp-content\\\/uploads\\\/2023\\\/07\\\/logo_ED.jpg\",\"width\":272,\"height\":52,\"caption\":\"El Diario - Decano de la prensa nacional\"},\"image\":{\"@id\":\"https:\\\/\\\/www.eldiario.net\\\/portal\\\/#\\\/schema\\\/logo\\\/image\\\/\"},\"sameAs\":[\"https:\\\/\\\/www.facebook.com\\\/eldiario.bolivia\\\/\",\"https:\\\/\\\/x.com\\\/eldiario_net\"]},{\"@type\":\"Person\",\"@id\":\"https:\\\/\\\/www.eldiario.net\\\/portal\\\/#\\\/schema\\\/person\\\/f46445640444750d7d753ccd04ae01b7\",\"name\":\"Jeanette\",\"image\":{\"@type\":\"ImageObject\",\"inLanguage\":\"es\",\"@id\":\"https:\\\/\\\/secure.gravatar.com\\\/avatar\\\/3ea2118a5f7dad2b7138b1187a6b7ee55f160b9968b66013c3a3ef39dd7e5798?s=96&d=mm&r=g\",\"url\":\"https:\\\/\\\/secure.gravatar.com\\\/avatar\\\/3ea2118a5f7dad2b7138b1187a6b7ee55f160b9968b66013c3a3ef39dd7e5798?s=96&d=mm&r=g\",\"contentUrl\":\"https:\\\/\\\/secure.gravatar.com\\\/avatar\\\/3ea2118a5f7dad2b7138b1187a6b7ee55f160b9968b66013c3a3ef39dd7e5798?s=96&d=mm&r=g\",\"caption\":\"Jeanette\"},\"sameAs\":[\"https:\\\/\\\/www.eldiario.net\\\/portal\"],\"url\":\"https:\\\/\\\/www.eldiario.net\\\/portal\\\/author\\\/jeanette\\\/\"}]}<\/script>\n<!-- \/ Yoast SEO plugin. -->","yoast_head_json":{"title":"Declaran patrimonio cultural y material al valle de Kaque Marka - El Diario - Bolivia","robots":{"index":"index","follow":"follow","max-snippet":"max-snippet:-1","max-image-preview":"max-image-preview:large","max-video-preview":"max-video-preview:-1"},"canonical":"https:\/\/www.eldiario.net\/portal\/2024\/06\/22\/declaran-patrimonio-cultural-y-material-al-valle-de-kaque-marka\/","og_locale":"es_ES","og_type":"article","og_title":"Declaran patrimonio cultural y material al valle de Kaque Marka - El Diario - Bolivia","og_description":"La alcaldesa de El Alto, Eva Copa, promulg\u00f3 la ley municipal que declara patrimonio cultural, municipal, tangible y paisaj\u00edstico natural del Valle de Kaque Marka y chullpares de la comunidad de Amachuma. La firma del cuerpo legal fue en el valle de Kaque Marka, durante la celebraci\u00f3n del A\u00f1o Nuevo Andino, Amaz\u00f3nico y del Chaco. [&hellip;]","og_url":"https:\/\/www.eldiario.net\/portal\/2024\/06\/22\/declaran-patrimonio-cultural-y-material-al-valle-de-kaque-marka\/","og_site_name":"El Diario - Bolivia","article_publisher":"https:\/\/www.facebook.com\/eldiario.bolivia\/","article_published_time":"2024-06-22T13:59:42+00:00","og_image":[{"width":1600,"height":900,"url":"https:\/\/www.eldiario.net\/portal\/wp-content\/uploads\/2024\/06\/F-4-gamea.jpg","type":"image\/jpeg"}],"author":"Jeanette","twitter_card":"summary_large_image","twitter_creator":"@eldiario_net","twitter_site":"@eldiario_net","twitter_misc":{"Escrito por":"Jeanette","Tiempo de lectura":"2 minutos"},"schema":{"@context":"https:\/\/schema.org","@graph":[{"@type":"Article","@id":"https:\/\/www.eldiario.net\/portal\/2024\/06\/22\/declaran-patrimonio-cultural-y-material-al-valle-de-kaque-marka\/#article","isPartOf":{"@id":"https:\/\/www.eldiario.net\/portal\/2024\/06\/22\/declaran-patrimonio-cultural-y-material-al-valle-de-kaque-marka\/"},"author":{"name":"Jeanette","@id":"https:\/\/www.eldiario.net\/portal\/#\/schema\/person\/f46445640444750d7d753ccd04ae01b7"},"headline":"Declaran patrimonio cultural y material al valle de Kaque Marka","datePublished":"2024-06-22T13:59:42+00:00","mainEntityOfPage":{"@id":"https:\/\/www.eldiario.net\/portal\/2024\/06\/22\/declaran-patrimonio-cultural-y-material-al-valle-de-kaque-marka\/"},"wordCount":322,"commentCount":0,"publisher":{"@id":"https:\/\/www.eldiario.net\/portal\/#organization"},"image":{"@id":"https:\/\/www.eldiario.net\/portal\/2024\/06\/22\/declaran-patrimonio-cultural-y-material-al-valle-de-kaque-marka\/#primaryimage"},"thumbnailUrl":"https:\/\/www.eldiario.net\/portal\/wp-content\/uploads\/2024\/06\/F-4-gamea.jpg","articleSection":["Nacional"],"inLanguage":"es","potentialAction":[{"@type":"CommentAction","name":"Comment","target":["https:\/\/www.eldiario.net\/portal\/2024\/06\/22\/declaran-patrimonio-cultural-y-material-al-valle-de-kaque-marka\/#respond"]}]},{"@type":"WebPage","@id":"https:\/\/www.eldiario.net\/portal\/2024\/06\/22\/declaran-patrimonio-cultural-y-material-al-valle-de-kaque-marka\/","url":"https:\/\/www.eldiario.net\/portal\/2024\/06\/22\/declaran-patrimonio-cultural-y-material-al-valle-de-kaque-marka\/","name":"Declaran patrimonio cultural y material al valle de Kaque Marka - El Diario - Bolivia","isPartOf":{"@id":"https:\/\/www.eldiario.net\/portal\/#website"},"primaryImageOfPage":{"@id":"https:\/\/www.eldiario.net\/portal\/2024\/06\/22\/declaran-patrimonio-cultural-y-material-al-valle-de-kaque-marka\/#primaryimage"},"image":{"@id":"https:\/\/www.eldiario.net\/portal\/2024\/06\/22\/declaran-patrimonio-cultural-y-material-al-valle-de-kaque-marka\/#primaryimage"},"thumbnailUrl":"https:\/\/www.eldiario.net\/portal\/wp-content\/uploads\/2024\/06\/F-4-gamea.jpg","datePublished":"2024-06-22T13:59:42+00:00","breadcrumb":{"@id":"https:\/\/www.eldiario.net\/portal\/2024\/06\/22\/declaran-patrimonio-cultural-y-material-al-valle-de-kaque-marka\/#breadcrumb"},"inLanguage":"es","potentialAction":[{"@type":"ReadAction","target":["https:\/\/www.eldiario.net\/portal\/2024\/06\/22\/declaran-patrimonio-cultural-y-material-al-valle-de-kaque-marka\/"]}]},{"@type":"ImageObject","inLanguage":"es","@id":"https:\/\/www.eldiario.net\/portal\/2024\/06\/22\/declaran-patrimonio-cultural-y-material-al-valle-de-kaque-marka\/#primaryimage","url":"https:\/\/www.eldiario.net\/portal\/wp-content\/uploads\/2024\/06\/F-4-gamea.jpg","contentUrl":"https:\/\/www.eldiario.net\/portal\/wp-content\/uploads\/2024\/06\/F-4-gamea.jpg","width":1600,"height":900,"caption":"La alcaldesa alte\u00f1a muestra la normativa aprobada."},{"@type":"BreadcrumbList","@id":"https:\/\/www.eldiario.net\/portal\/2024\/06\/22\/declaran-patrimonio-cultural-y-material-al-valle-de-kaque-marka\/#breadcrumb","itemListElement":[{"@type":"ListItem","position":1,"name":"Portada","item":"https:\/\/www.eldiario.net\/portal\/"},{"@type":"ListItem","position":2,"name":"Declaran patrimonio cultural y material al valle de Kaque Marka"}]},{"@type":"WebSite","@id":"https:\/\/www.eldiario.net\/portal\/#website","url":"https:\/\/www.eldiario.net\/portal\/","name":"El Diario - Decano de la prensa nacional","description":"El Diario - Decano de la prensa nacional","publisher":{"@id":"https:\/\/www.eldiario.net\/portal\/#organization"},"potentialAction":[{"@type":"SearchAction","target":{"@type":"EntryPoint","urlTemplate":"https:\/\/www.eldiario.net\/portal\/?s={search_term_string}"},"query-input":{"@type":"PropertyValueSpecification","valueRequired":true,"valueName":"search_term_string"}}],"inLanguage":"es"},{"@type":"Organization","@id":"https:\/\/www.eldiario.net\/portal\/#organization","name":"El Diario - Decano de la prensa nacional","url":"https:\/\/www.eldiario.net\/portal\/","logo":{"@type":"ImageObject","inLanguage":"es","@id":"https:\/\/www.eldiario.net\/portal\/#\/schema\/logo\/image\/","url":"https:\/\/www.eldiario.net\/portal\/wp-content\/uploads\/2023\/07\/logo_ED.jpg","contentUrl":"https:\/\/www.eldiario.net\/portal\/wp-content\/uploads\/2023\/07\/logo_ED.jpg","width":272,"height":52,"caption":"El Diario - Decano de la prensa nacional"},"image":{"@id":"https:\/\/www.eldiario.net\/portal\/#\/schema\/logo\/image\/"},"sameAs":["https:\/\/www.facebook.com\/eldiario.bolivia\/","https:\/\/x.com\/eldiario_net"]},{"@type":"Person","@id":"https:\/\/www.eldiario.net\/portal\/#\/schema\/person\/f46445640444750d7d753ccd04ae01b7","name":"Jeanette","image":{"@type":"ImageObject","inLanguage":"es","@id":"https:\/\/secure.gravatar.com\/avatar\/3ea2118a5f7dad2b7138b1187a6b7ee55f160b9968b66013c3a3ef39dd7e5798?s=96&d=mm&r=g","url":"https:\/\/secure.gravatar.com\/avatar\/3ea2118a5f7dad2b7138b1187a6b7ee55f160b9968b66013c3a3ef39dd7e5798?s=96&d=mm&r=g","contentUrl":"https:\/\/secure.gravatar.com\/avatar\/3ea2118a5f7dad2b7138b1187a6b7ee55f160b9968b66013c3a3ef39dd7e5798?s=96&d=mm&r=g","caption":"Jeanette"},"sameAs":["https:\/\/www.eldiario.net\/portal"],"url":"https:\/\/www.eldiario.net\/portal\/author\/jeanette\/"}]}},"_links":{"self":[{"href":"https:\/\/www.eldiario.net\/portal\/wp-json\/wp\/v2\/posts\/228888","targetHints":{"allow":["GET"]}}],"collection":[{"href":"https:\/\/www.eldiario.net\/portal\/wp-json\/wp\/v2\/posts"}],"about":[{"href":"https:\/\/www.eldiario.net\/portal\/wp-json\/wp\/v2\/types\/post"}],"author":[{"embeddable":true,"href":"https:\/\/www.eldiario.net\/portal\/wp-json\/wp\/v2\/users\/1"}],"replies":[{"embeddable":true,"href":"https:\/\/www.eldiario.net\/portal\/wp-json\/wp\/v2\/comments?post=228888"}],"version-history":[{"count":1,"href":"https:\/\/www.eldiario.net\/portal\/wp-json\/wp\/v2\/posts\/228888\/revisions"}],"predecessor-version":[{"id":228890,"href":"https:\/\/www.eldiario.net\/portal\/wp-json\/wp\/v2\/posts\/228888\/revisions\/228890"}],"wp:featuredmedia":[{"embeddable":true,"href":"https:\/\/www.eldiario.net\/portal\/wp-json\/wp\/v2\/media\/228889"}],"wp:attachment":[{"href":"https:\/\/www.eldiario.net\/portal\/wp-json\/wp\/v2\/media?parent=228888"}],"wp:term":[{"taxonomy":"category","embeddable":true,"href":"https:\/\/www.eldiario.net\/portal\/wp-json\/wp\/v2\/categories?post=228888"},{"taxonomy":"post_tag","embeddable":true,"href":"https:\/\/www.eldiario.net\/portal\/wp-json\/wp\/v2\/tags?post=228888"}],"curies":[{"name":"wp","href":"https:\/\/api.w.org\/{rel}","templated":true}]}}