{"id":228885,"date":"2024-06-22T09:59:08","date_gmt":"2024-06-22T13:59:08","guid":{"rendered":"https:\/\/www.eldiario.net\/portal\/?p=228885"},"modified":"2024-06-22T09:59:08","modified_gmt":"2024-06-22T13:59:08","slug":"poblacion-altena-recibio-40-mil-prendas-de-abrigo","status":"publish","type":"post","link":"https:\/\/www.eldiario.net\/portal\/2024\/06\/22\/poblacion-altena-recibio-40-mil-prendas-de-abrigo\/","title":{"rendered":"Poblaci\u00f3n alte\u00f1a recibi\u00f3  40 mil prendas de abrigo"},"content":{"rendered":"<p>\u201cTe abrazo, Te abrigo\u201d, una campa\u00f1a de la comunidad universitaria de la Universidad P\u00fablica de El Alto (UPEA) que super\u00f3 las expectativas de solidaridad, empat\u00eda de docentes, estudiantes y autoridades de esta Casa Superior de Estudios.<br \/>\nEl pasado 17 de junio, no fue el mismo para la familia de Saturnina Jahuira quienes, con sus seis integrantes entre sobrinos, e hijos y su padre discapacitado, llegaron desde el sector norte a puertas del emblem\u00e1tico de la UPEA d\u00f3nde cientos de familias, al igual que ellos, hac\u00edan fila para poder obtener una frazada, abrigos o prendas que les permita superar dos meses de g\u00e9lido invierno.<br \/>\nComo ellos, la familia Chalco que lleg\u00f3 desde la provincia Manco Kapac, comunidad Calato Grande o Reymundo Chambilla que lleg\u00f3 de R\u00edo Seco, agradecieron a la universidad por esa labor humanitaria y de solidaridad que realizaron.<br \/>\nLas prendas de abrigo que fueron distribuidas por g\u00e9nero y edades para los beneficiarios, quienes ingresaron al lugar en grupos de 10 a 20 familias.<br \/>\nEl rector de la UPEA, Carlos Condori Titirico, reiter\u00f3 su agradecimiento a las 37 carreras de los tres estamentos, quienes permitieron \u201csuperar las expectativas, recabando m\u00e1s de 40 mil prendas que hoy entregamos a las familias alte\u00f1as. Como se puede ver son una gran cantidad de yutes llenos de prendas, las mismas que fueron entregados con esperanza y sentimientos de humanidad\u201d, indic\u00f3 a tiempo de acotar que \u201cseguiremos apoyando a la poblaci\u00f3n como respuesta social, porque nuestros universitarios, as\u00ed como se forman acad\u00e9micamente, deben responder emp\u00e1ticamente a su poblaci\u00f3n\u201d.<br \/>\nPara la distribuci\u00f3n de las prendas se cont\u00f3 con la colaboraci\u00f3n de 30 estudiantes del \u00e1rea de Disbedc, adem\u00e1s integrantes de la Cruz Roja, se sumaron al resguardo.<\/p>\n","protected":false},"excerpt":{"rendered":"<p>\u201cTe abrazo, Te abrigo\u201d, una campa\u00f1a de la comunidad universitaria de la Universidad P\u00fablica de El Alto (UPEA) que super\u00f3 las expectativas de solidaridad, empat\u00eda de docentes, estudiantes y autoridades de esta Casa Superior de Estudios. El pasado 17 de junio, no fue el mismo para la familia de Saturnina Jahuira quienes, con sus seis [&hellip;]<\/p>\n","protected":false},"author":1,"featured_media":228886,"comment_status":"open","ping_status":"open","sticky":false,"template":"","format":"standard","meta":{"_acf_changed":false,"footnotes":""},"categories":[12],"tags":[],"class_list":["post-228885","post","type-post","status-publish","format-standard","has-post-thumbnail","category-nacional"],"acf":{"antetitulo":""},"yoast_head":"<!-- This site is optimized with the Yoast SEO plugin v28.4 - https:\/\/yoast.com\/product\/yoast-seo-wordpress\/ -->\n<title>Poblaci\u00f3n alte\u00f1a recibi\u00f3 40 mil prendas de abrigo - El Diario - Bolivia<\/title>\n<meta name=\"robots\" content=\"index, follow, max-snippet:-1, max-image-preview:large, max-video-preview:-1\" \/>\n<link rel=\"canonical\" href=\"https:\/\/www.eldiario.net\/portal\/2024\/06\/22\/poblacion-altena-recibio-40-mil-prendas-de-abrigo\/\" \/>\n<meta property=\"og:locale\" content=\"es_ES\" \/>\n<meta property=\"og:type\" content=\"article\" \/>\n<meta property=\"og:title\" content=\"Poblaci\u00f3n alte\u00f1a recibi\u00f3 40 mil prendas de abrigo - El Diario - Bolivia\" \/>\n<meta property=\"og:description\" content=\"\u201cTe abrazo, Te abrigo\u201d, una campa\u00f1a de la comunidad universitaria de la Universidad P\u00fablica de El Alto (UPEA) que super\u00f3 las expectativas de solidaridad, empat\u00eda de docentes, estudiantes y autoridades de esta Casa Superior de Estudios. El pasado 17 de junio, no fue el mismo para la familia de Saturnina Jahuira quienes, con sus seis [&hellip;]\" \/>\n<meta property=\"og:url\" content=\"https:\/\/www.eldiario.net\/portal\/2024\/06\/22\/poblacion-altena-recibio-40-mil-prendas-de-abrigo\/\" \/>\n<meta property=\"og:site_name\" content=\"El Diario - Bolivia\" \/>\n<meta property=\"article:publisher\" content=\"https:\/\/www.facebook.com\/eldiario.bolivia\/\" \/>\n<meta property=\"article:published_time\" content=\"2024-06-22T13:59:08+00:00\" \/>\n<meta property=\"og:image\" content=\"https:\/\/www.eldiario.net\/portal\/wp-content\/uploads\/2024\/06\/F-5-campana-scaled.jpg\" \/>\n\t<meta property=\"og:image:width\" content=\"2560\" \/>\n\t<meta property=\"og:image:height\" content=\"1244\" \/>\n\t<meta property=\"og:image:type\" content=\"image\/jpeg\" \/>\n<meta name=\"author\" content=\"Jeanette\" \/>\n<meta name=\"twitter:card\" content=\"summary_large_image\" \/>\n<meta name=\"twitter:creator\" content=\"@eldiario_net\" \/>\n<meta name=\"twitter:site\" content=\"@eldiario_net\" \/>\n<meta name=\"twitter:label1\" content=\"Escrito por\" \/>\n\t<meta name=\"twitter:data1\" content=\"Jeanette\" \/>\n\t<meta name=\"twitter:label2\" content=\"Tiempo de lectura\" \/>\n\t<meta name=\"twitter:data2\" content=\"2 minutos\" \/>\n<script type=\"application\/ld+json\" class=\"yoast-schema-graph\">{\"@context\":\"https:\\\/\\\/schema.org\",\"@graph\":[{\"@type\":\"Article\",\"@id\":\"https:\\\/\\\/www.eldiario.net\\\/portal\\\/2024\\\/06\\\/22\\\/poblacion-altena-recibio-40-mil-prendas-de-abrigo\\\/#article\",\"isPartOf\":{\"@id\":\"https:\\\/\\\/www.eldiario.net\\\/portal\\\/2024\\\/06\\\/22\\\/poblacion-altena-recibio-40-mil-prendas-de-abrigo\\\/\"},\"author\":{\"name\":\"Jeanette\",\"@id\":\"https:\\\/\\\/www.eldiario.net\\\/portal\\\/#\\\/schema\\\/person\\\/f46445640444750d7d753ccd04ae01b7\"},\"headline\":\"Poblaci\u00f3n alte\u00f1a recibi\u00f3 40 mil prendas de abrigo\",\"datePublished\":\"2024-06-22T13:59:08+00:00\",\"mainEntityOfPage\":{\"@id\":\"https:\\\/\\\/www.eldiario.net\\\/portal\\\/2024\\\/06\\\/22\\\/poblacion-altena-recibio-40-mil-prendas-de-abrigo\\\/\"},\"wordCount\":302,\"commentCount\":0,\"publisher\":{\"@id\":\"https:\\\/\\\/www.eldiario.net\\\/portal\\\/#organization\"},\"image\":{\"@id\":\"https:\\\/\\\/www.eldiario.net\\\/portal\\\/2024\\\/06\\\/22\\\/poblacion-altena-recibio-40-mil-prendas-de-abrigo\\\/#primaryimage\"},\"thumbnailUrl\":\"https:\\\/\\\/www.eldiario.net\\\/portal\\\/wp-content\\\/uploads\\\/2024\\\/06\\\/F-5-campana-scaled.jpg\",\"articleSection\":[\"Nacional\"],\"inLanguage\":\"es\",\"potentialAction\":[{\"@type\":\"CommentAction\",\"name\":\"Comment\",\"target\":[\"https:\\\/\\\/www.eldiario.net\\\/portal\\\/2024\\\/06\\\/22\\\/poblacion-altena-recibio-40-mil-prendas-de-abrigo\\\/#respond\"]}]},{\"@type\":\"WebPage\",\"@id\":\"https:\\\/\\\/www.eldiario.net\\\/portal\\\/2024\\\/06\\\/22\\\/poblacion-altena-recibio-40-mil-prendas-de-abrigo\\\/\",\"url\":\"https:\\\/\\\/www.eldiario.net\\\/portal\\\/2024\\\/06\\\/22\\\/poblacion-altena-recibio-40-mil-prendas-de-abrigo\\\/\",\"name\":\"Poblaci\u00f3n alte\u00f1a recibi\u00f3 40 mil prendas de abrigo - El Diario - Bolivia\",\"isPartOf\":{\"@id\":\"https:\\\/\\\/www.eldiario.net\\\/portal\\\/#website\"},\"primaryImageOfPage\":{\"@id\":\"https:\\\/\\\/www.eldiario.net\\\/portal\\\/2024\\\/06\\\/22\\\/poblacion-altena-recibio-40-mil-prendas-de-abrigo\\\/#primaryimage\"},\"image\":{\"@id\":\"https:\\\/\\\/www.eldiario.net\\\/portal\\\/2024\\\/06\\\/22\\\/poblacion-altena-recibio-40-mil-prendas-de-abrigo\\\/#primaryimage\"},\"thumbnailUrl\":\"https:\\\/\\\/www.eldiario.net\\\/portal\\\/wp-content\\\/uploads\\\/2024\\\/06\\\/F-5-campana-scaled.jpg\",\"datePublished\":\"2024-06-22T13:59:08+00:00\",\"breadcrumb\":{\"@id\":\"https:\\\/\\\/www.eldiario.net\\\/portal\\\/2024\\\/06\\\/22\\\/poblacion-altena-recibio-40-mil-prendas-de-abrigo\\\/#breadcrumb\"},\"inLanguage\":\"es\",\"potentialAction\":[{\"@type\":\"ReadAction\",\"target\":[\"https:\\\/\\\/www.eldiario.net\\\/portal\\\/2024\\\/06\\\/22\\\/poblacion-altena-recibio-40-mil-prendas-de-abrigo\\\/\"]}]},{\"@type\":\"ImageObject\",\"inLanguage\":\"es\",\"@id\":\"https:\\\/\\\/www.eldiario.net\\\/portal\\\/2024\\\/06\\\/22\\\/poblacion-altena-recibio-40-mil-prendas-de-abrigo\\\/#primaryimage\",\"url\":\"https:\\\/\\\/www.eldiario.net\\\/portal\\\/wp-content\\\/uploads\\\/2024\\\/06\\\/F-5-campana-scaled.jpg\",\"contentUrl\":\"https:\\\/\\\/www.eldiario.net\\\/portal\\\/wp-content\\\/uploads\\\/2024\\\/06\\\/F-5-campana-scaled.jpg\",\"width\":2560,\"height\":1244,\"caption\":\"Los beneficiarios tambi\u00e9n recibieron un plato de comida.\"},{\"@type\":\"BreadcrumbList\",\"@id\":\"https:\\\/\\\/www.eldiario.net\\\/portal\\\/2024\\\/06\\\/22\\\/poblacion-altena-recibio-40-mil-prendas-de-abrigo\\\/#breadcrumb\",\"itemListElement\":[{\"@type\":\"ListItem\",\"position\":1,\"name\":\"Portada\",\"item\":\"https:\\\/\\\/www.eldiario.net\\\/portal\\\/\"},{\"@type\":\"ListItem\",\"position\":2,\"name\":\"Poblaci\u00f3n alte\u00f1a recibi\u00f3 40 mil prendas de abrigo\"}]},{\"@type\":\"WebSite\",\"@id\":\"https:\\\/\\\/www.eldiario.net\\\/portal\\\/#website\",\"url\":\"https:\\\/\\\/www.eldiario.net\\\/portal\\\/\",\"name\":\"El Diario - Decano de la prensa nacional\",\"description\":\"El Diario - Decano de la prensa nacional\",\"publisher\":{\"@id\":\"https:\\\/\\\/www.eldiario.net\\\/portal\\\/#organization\"},\"potentialAction\":[{\"@type\":\"SearchAction\",\"target\":{\"@type\":\"EntryPoint\",\"urlTemplate\":\"https:\\\/\\\/www.eldiario.net\\\/portal\\\/?s={search_term_string}\"},\"query-input\":{\"@type\":\"PropertyValueSpecification\",\"valueRequired\":true,\"valueName\":\"search_term_string\"}}],\"inLanguage\":\"es\"},{\"@type\":\"Organization\",\"@id\":\"https:\\\/\\\/www.eldiario.net\\\/portal\\\/#organization\",\"name\":\"El Diario - Decano de la prensa nacional\",\"url\":\"https:\\\/\\\/www.eldiario.net\\\/portal\\\/\",\"logo\":{\"@type\":\"ImageObject\",\"inLanguage\":\"es\",\"@id\":\"https:\\\/\\\/www.eldiario.net\\\/portal\\\/#\\\/schema\\\/logo\\\/image\\\/\",\"url\":\"https:\\\/\\\/www.eldiario.net\\\/portal\\\/wp-content\\\/uploads\\\/2023\\\/07\\\/logo_ED.jpg\",\"contentUrl\":\"https:\\\/\\\/www.eldiario.net\\\/portal\\\/wp-content\\\/uploads\\\/2023\\\/07\\\/logo_ED.jpg\",\"width\":272,\"height\":52,\"caption\":\"El Diario - Decano de la prensa nacional\"},\"image\":{\"@id\":\"https:\\\/\\\/www.eldiario.net\\\/portal\\\/#\\\/schema\\\/logo\\\/image\\\/\"},\"sameAs\":[\"https:\\\/\\\/www.facebook.com\\\/eldiario.bolivia\\\/\",\"https:\\\/\\\/x.com\\\/eldiario_net\"]},{\"@type\":\"Person\",\"@id\":\"https:\\\/\\\/www.eldiario.net\\\/portal\\\/#\\\/schema\\\/person\\\/f46445640444750d7d753ccd04ae01b7\",\"name\":\"Jeanette\",\"image\":{\"@type\":\"ImageObject\",\"inLanguage\":\"es\",\"@id\":\"https:\\\/\\\/secure.gravatar.com\\\/avatar\\\/3ea2118a5f7dad2b7138b1187a6b7ee55f160b9968b66013c3a3ef39dd7e5798?s=96&d=mm&r=g\",\"url\":\"https:\\\/\\\/secure.gravatar.com\\\/avatar\\\/3ea2118a5f7dad2b7138b1187a6b7ee55f160b9968b66013c3a3ef39dd7e5798?s=96&d=mm&r=g\",\"contentUrl\":\"https:\\\/\\\/secure.gravatar.com\\\/avatar\\\/3ea2118a5f7dad2b7138b1187a6b7ee55f160b9968b66013c3a3ef39dd7e5798?s=96&d=mm&r=g\",\"caption\":\"Jeanette\"},\"sameAs\":[\"https:\\\/\\\/www.eldiario.net\\\/portal\"],\"url\":\"https:\\\/\\\/www.eldiario.net\\\/portal\\\/author\\\/jeanette\\\/\"}]}<\/script>\n<!-- \/ Yoast SEO plugin. -->","yoast_head_json":{"title":"Poblaci\u00f3n alte\u00f1a recibi\u00f3 40 mil prendas de abrigo - El Diario - Bolivia","robots":{"index":"index","follow":"follow","max-snippet":"max-snippet:-1","max-image-preview":"max-image-preview:large","max-video-preview":"max-video-preview:-1"},"canonical":"https:\/\/www.eldiario.net\/portal\/2024\/06\/22\/poblacion-altena-recibio-40-mil-prendas-de-abrigo\/","og_locale":"es_ES","og_type":"article","og_title":"Poblaci\u00f3n alte\u00f1a recibi\u00f3 40 mil prendas de abrigo - El Diario - Bolivia","og_description":"\u201cTe abrazo, Te abrigo\u201d, una campa\u00f1a de la comunidad universitaria de la Universidad P\u00fablica de El Alto (UPEA) que super\u00f3 las expectativas de solidaridad, empat\u00eda de docentes, estudiantes y autoridades de esta Casa Superior de Estudios. El pasado 17 de junio, no fue el mismo para la familia de Saturnina Jahuira quienes, con sus seis [&hellip;]","og_url":"https:\/\/www.eldiario.net\/portal\/2024\/06\/22\/poblacion-altena-recibio-40-mil-prendas-de-abrigo\/","og_site_name":"El Diario - Bolivia","article_publisher":"https:\/\/www.facebook.com\/eldiario.bolivia\/","article_published_time":"2024-06-22T13:59:08+00:00","og_image":[{"width":2560,"height":1244,"url":"https:\/\/www.eldiario.net\/portal\/wp-content\/uploads\/2024\/06\/F-5-campana-scaled.jpg","type":"image\/jpeg"}],"author":"Jeanette","twitter_card":"summary_large_image","twitter_creator":"@eldiario_net","twitter_site":"@eldiario_net","twitter_misc":{"Escrito por":"Jeanette","Tiempo de lectura":"2 minutos"},"schema":{"@context":"https:\/\/schema.org","@graph":[{"@type":"Article","@id":"https:\/\/www.eldiario.net\/portal\/2024\/06\/22\/poblacion-altena-recibio-40-mil-prendas-de-abrigo\/#article","isPartOf":{"@id":"https:\/\/www.eldiario.net\/portal\/2024\/06\/22\/poblacion-altena-recibio-40-mil-prendas-de-abrigo\/"},"author":{"name":"Jeanette","@id":"https:\/\/www.eldiario.net\/portal\/#\/schema\/person\/f46445640444750d7d753ccd04ae01b7"},"headline":"Poblaci\u00f3n alte\u00f1a recibi\u00f3 40 mil prendas de abrigo","datePublished":"2024-06-22T13:59:08+00:00","mainEntityOfPage":{"@id":"https:\/\/www.eldiario.net\/portal\/2024\/06\/22\/poblacion-altena-recibio-40-mil-prendas-de-abrigo\/"},"wordCount":302,"commentCount":0,"publisher":{"@id":"https:\/\/www.eldiario.net\/portal\/#organization"},"image":{"@id":"https:\/\/www.eldiario.net\/portal\/2024\/06\/22\/poblacion-altena-recibio-40-mil-prendas-de-abrigo\/#primaryimage"},"thumbnailUrl":"https:\/\/www.eldiario.net\/portal\/wp-content\/uploads\/2024\/06\/F-5-campana-scaled.jpg","articleSection":["Nacional"],"inLanguage":"es","potentialAction":[{"@type":"CommentAction","name":"Comment","target":["https:\/\/www.eldiario.net\/portal\/2024\/06\/22\/poblacion-altena-recibio-40-mil-prendas-de-abrigo\/#respond"]}]},{"@type":"WebPage","@id":"https:\/\/www.eldiario.net\/portal\/2024\/06\/22\/poblacion-altena-recibio-40-mil-prendas-de-abrigo\/","url":"https:\/\/www.eldiario.net\/portal\/2024\/06\/22\/poblacion-altena-recibio-40-mil-prendas-de-abrigo\/","name":"Poblaci\u00f3n alte\u00f1a recibi\u00f3 40 mil prendas de abrigo - El Diario - Bolivia","isPartOf":{"@id":"https:\/\/www.eldiario.net\/portal\/#website"},"primaryImageOfPage":{"@id":"https:\/\/www.eldiario.net\/portal\/2024\/06\/22\/poblacion-altena-recibio-40-mil-prendas-de-abrigo\/#primaryimage"},"image":{"@id":"https:\/\/www.eldiario.net\/portal\/2024\/06\/22\/poblacion-altena-recibio-40-mil-prendas-de-abrigo\/#primaryimage"},"thumbnailUrl":"https:\/\/www.eldiario.net\/portal\/wp-content\/uploads\/2024\/06\/F-5-campana-scaled.jpg","datePublished":"2024-06-22T13:59:08+00:00","breadcrumb":{"@id":"https:\/\/www.eldiario.net\/portal\/2024\/06\/22\/poblacion-altena-recibio-40-mil-prendas-de-abrigo\/#breadcrumb"},"inLanguage":"es","potentialAction":[{"@type":"ReadAction","target":["https:\/\/www.eldiario.net\/portal\/2024\/06\/22\/poblacion-altena-recibio-40-mil-prendas-de-abrigo\/"]}]},{"@type":"ImageObject","inLanguage":"es","@id":"https:\/\/www.eldiario.net\/portal\/2024\/06\/22\/poblacion-altena-recibio-40-mil-prendas-de-abrigo\/#primaryimage","url":"https:\/\/www.eldiario.net\/portal\/wp-content\/uploads\/2024\/06\/F-5-campana-scaled.jpg","contentUrl":"https:\/\/www.eldiario.net\/portal\/wp-content\/uploads\/2024\/06\/F-5-campana-scaled.jpg","width":2560,"height":1244,"caption":"Los beneficiarios tambi\u00e9n recibieron un plato de comida."},{"@type":"BreadcrumbList","@id":"https:\/\/www.eldiario.net\/portal\/2024\/06\/22\/poblacion-altena-recibio-40-mil-prendas-de-abrigo\/#breadcrumb","itemListElement":[{"@type":"ListItem","position":1,"name":"Portada","item":"https:\/\/www.eldiario.net\/portal\/"},{"@type":"ListItem","position":2,"name":"Poblaci\u00f3n alte\u00f1a recibi\u00f3 40 mil prendas de abrigo"}]},{"@type":"WebSite","@id":"https:\/\/www.eldiario.net\/portal\/#website","url":"https:\/\/www.eldiario.net\/portal\/","name":"El Diario - Decano de la prensa nacional","description":"El Diario - Decano de la prensa nacional","publisher":{"@id":"https:\/\/www.eldiario.net\/portal\/#organization"},"potentialAction":[{"@type":"SearchAction","target":{"@type":"EntryPoint","urlTemplate":"https:\/\/www.eldiario.net\/portal\/?s={search_term_string}"},"query-input":{"@type":"PropertyValueSpecification","valueRequired":true,"valueName":"search_term_string"}}],"inLanguage":"es"},{"@type":"Organization","@id":"https:\/\/www.eldiario.net\/portal\/#organization","name":"El Diario - Decano de la prensa nacional","url":"https:\/\/www.eldiario.net\/portal\/","logo":{"@type":"ImageObject","inLanguage":"es","@id":"https:\/\/www.eldiario.net\/portal\/#\/schema\/logo\/image\/","url":"https:\/\/www.eldiario.net\/portal\/wp-content\/uploads\/2023\/07\/logo_ED.jpg","contentUrl":"https:\/\/www.eldiario.net\/portal\/wp-content\/uploads\/2023\/07\/logo_ED.jpg","width":272,"height":52,"caption":"El Diario - Decano de la prensa nacional"},"image":{"@id":"https:\/\/www.eldiario.net\/portal\/#\/schema\/logo\/image\/"},"sameAs":["https:\/\/www.facebook.com\/eldiario.bolivia\/","https:\/\/x.com\/eldiario_net"]},{"@type":"Person","@id":"https:\/\/www.eldiario.net\/portal\/#\/schema\/person\/f46445640444750d7d753ccd04ae01b7","name":"Jeanette","image":{"@type":"ImageObject","inLanguage":"es","@id":"https:\/\/secure.gravatar.com\/avatar\/3ea2118a5f7dad2b7138b1187a6b7ee55f160b9968b66013c3a3ef39dd7e5798?s=96&d=mm&r=g","url":"https:\/\/secure.gravatar.com\/avatar\/3ea2118a5f7dad2b7138b1187a6b7ee55f160b9968b66013c3a3ef39dd7e5798?s=96&d=mm&r=g","contentUrl":"https:\/\/secure.gravatar.com\/avatar\/3ea2118a5f7dad2b7138b1187a6b7ee55f160b9968b66013c3a3ef39dd7e5798?s=96&d=mm&r=g","caption":"Jeanette"},"sameAs":["https:\/\/www.eldiario.net\/portal"],"url":"https:\/\/www.eldiario.net\/portal\/author\/jeanette\/"}]}},"_links":{"self":[{"href":"https:\/\/www.eldiario.net\/portal\/wp-json\/wp\/v2\/posts\/228885","targetHints":{"allow":["GET"]}}],"collection":[{"href":"https:\/\/www.eldiario.net\/portal\/wp-json\/wp\/v2\/posts"}],"about":[{"href":"https:\/\/www.eldiario.net\/portal\/wp-json\/wp\/v2\/types\/post"}],"author":[{"embeddable":true,"href":"https:\/\/www.eldiario.net\/portal\/wp-json\/wp\/v2\/users\/1"}],"replies":[{"embeddable":true,"href":"https:\/\/www.eldiario.net\/portal\/wp-json\/wp\/v2\/comments?post=228885"}],"version-history":[{"count":1,"href":"https:\/\/www.eldiario.net\/portal\/wp-json\/wp\/v2\/posts\/228885\/revisions"}],"predecessor-version":[{"id":228887,"href":"https:\/\/www.eldiario.net\/portal\/wp-json\/wp\/v2\/posts\/228885\/revisions\/228887"}],"wp:featuredmedia":[{"embeddable":true,"href":"https:\/\/www.eldiario.net\/portal\/wp-json\/wp\/v2\/media\/228886"}],"wp:attachment":[{"href":"https:\/\/www.eldiario.net\/portal\/wp-json\/wp\/v2\/media?parent=228885"}],"wp:term":[{"taxonomy":"category","embeddable":true,"href":"https:\/\/www.eldiario.net\/portal\/wp-json\/wp\/v2\/categories?post=228885"},{"taxonomy":"post_tag","embeddable":true,"href":"https:\/\/www.eldiario.net\/portal\/wp-json\/wp\/v2\/tags?post=228885"}],"curies":[{"name":"wp","href":"https:\/\/api.w.org\/{rel}","templated":true}]}}