{"id":228882,"date":"2024-06-22T09:57:21","date_gmt":"2024-06-22T13:57:21","guid":{"rendered":"https:\/\/www.eldiario.net\/portal\/?p=228882"},"modified":"2024-06-22T09:57:21","modified_gmt":"2024-06-22T13:57:21","slug":"candidatas-a-miss-bolivia-se-llevaran-una-corona-en-el-alto","status":"publish","type":"post","link":"https:\/\/www.eldiario.net\/portal\/2024\/06\/22\/candidatas-a-miss-bolivia-se-llevaran-una-corona-en-el-alto\/","title":{"rendered":"Candidatas a Miss Bolivia se llevar\u00e1n una corona en El Alto"},"content":{"rendered":"<p>Pasado el mediod\u00eda de ayer, la delegaci\u00f3n de 26 candidatas a Miss Bolivia lleg\u00f3 a la ciudad de El Alto y fueron recibidas en la Terminal Metropolitana por la alcaldesa, Eva Copa, quien asegur\u00f3 que el atractivo tur\u00edstico de municipio est\u00e1 abierto a todos los visitantes. En esta urbe, una de ellas se coron\u00f3 Miss Turismo.<br \/>\n\u201cEsta es una puerta para el turismo de nuestra ciudad, nuestra cultura, nuestra identidad. Ellas har\u00e1n un recorrido por los cholets que tenemos, en unas horas m\u00e1s se har\u00e1 la elecci\u00f3n Miss Turismo, esperemos que les guste todo lo que tenemos\u201d, afirm\u00f3 la alcaldesa Eva Copa en el helipuerto, donde se encontr\u00f3 con las visitantes la jornada de ayer.<br \/>\nEn un marco de expectativa y recepci\u00f3n organizada, las reinas de belleza de todos los departamentos agradecieron la calidez y cari\u00f1o desprendidos por los alte\u00f1os visitantes a la estaci\u00f3n de buses.<br \/>\nCon un peque\u00f1o desfile, las aspirantes a la m\u00e1xima corona de belleza engalanaron con una pasarela y recibieron a una ruana de regalo.<br \/>\n\u201cQueremos dar la bienvenida, a nombre de la alcaldesa Eva Copa, se\u00f1ora Gloria Limpias, le damos la bienvenida. Van a ver los diferentes lugares que tenemos, lugares tur\u00edsticos, tenemos diferentes plazas, tenemos los cholets. Esperamos que se sientan bien acogidas; que se sientan como en su casa, siempre les vamos a recibir con las manos abiertas\u201d, sostuvo la presidenta del Concejo Municipal, Paula Quispe.<br \/>\nTras la recepci\u00f3n protocolar, la delegaci\u00f3n recorri\u00f3 las instalaciones de la terminal de buses, degustaron comidas t\u00edpicas de El Alto y subieron al helipuerto donde las recibi\u00f3 la alcaldesa Eva Copa. La orquesta sinf\u00f3nica Clave Sol engalan\u00f3 la jornada con m\u00fasica cl\u00e1sica.<br \/>\nDurante la noche de ayer y hasta el cierre de esta edici\u00f3n (21:00) continuaba la elecci\u00f3n de Miss Turismo de Bolivia.<\/p>\n","protected":false},"excerpt":{"rendered":"<p>Pasado el mediod\u00eda de ayer, la delegaci\u00f3n de 26 candidatas a Miss Bolivia lleg\u00f3 a la ciudad de El Alto y fueron recibidas en la Terminal Metropolitana por la alcaldesa, Eva Copa, quien asegur\u00f3 que el atractivo tur\u00edstico de municipio est\u00e1 abierto a todos los visitantes. En esta urbe, una de ellas se coron\u00f3 Miss [&hellip;]<\/p>\n","protected":false},"author":1,"featured_media":228883,"comment_status":"open","ping_status":"open","sticky":false,"template":"","format":"standard","meta":{"_acf_changed":false,"footnotes":""},"categories":[12],"tags":[],"class_list":["post-228882","post","type-post","status-publish","format-standard","has-post-thumbnail","category-nacional"],"acf":{"antetitulo":""},"yoast_head":"<!-- This site is optimized with the Yoast SEO plugin v28.4 - https:\/\/yoast.com\/product\/yoast-seo-wordpress\/ -->\n<title>Candidatas a Miss Bolivia se llevar\u00e1n una corona en El Alto - El Diario - Bolivia<\/title>\n<meta name=\"robots\" content=\"index, follow, max-snippet:-1, max-image-preview:large, max-video-preview:-1\" \/>\n<link rel=\"canonical\" href=\"https:\/\/www.eldiario.net\/portal\/2024\/06\/22\/candidatas-a-miss-bolivia-se-llevaran-una-corona-en-el-alto\/\" \/>\n<meta property=\"og:locale\" content=\"es_ES\" \/>\n<meta property=\"og:type\" content=\"article\" \/>\n<meta property=\"og:title\" content=\"Candidatas a Miss Bolivia se llevar\u00e1n una corona en El Alto - El Diario - Bolivia\" \/>\n<meta property=\"og:description\" content=\"Pasado el mediod\u00eda de ayer, la delegaci\u00f3n de 26 candidatas a Miss Bolivia lleg\u00f3 a la ciudad de El Alto y fueron recibidas en la Terminal Metropolitana por la alcaldesa, Eva Copa, quien asegur\u00f3 que el atractivo tur\u00edstico de municipio est\u00e1 abierto a todos los visitantes. En esta urbe, una de ellas se coron\u00f3 Miss [&hellip;]\" \/>\n<meta property=\"og:url\" content=\"https:\/\/www.eldiario.net\/portal\/2024\/06\/22\/candidatas-a-miss-bolivia-se-llevaran-una-corona-en-el-alto\/\" \/>\n<meta property=\"og:site_name\" content=\"El Diario - Bolivia\" \/>\n<meta property=\"article:publisher\" content=\"https:\/\/www.facebook.com\/eldiario.bolivia\/\" \/>\n<meta property=\"article:published_time\" content=\"2024-06-22T13:57:21+00:00\" \/>\n<meta property=\"og:image\" content=\"https:\/\/www.eldiario.net\/portal\/wp-content\/uploads\/2024\/06\/F-6-miss.jpg\" \/>\n\t<meta property=\"og:image:width\" content=\"1280\" \/>\n\t<meta property=\"og:image:height\" content=\"960\" \/>\n\t<meta property=\"og:image:type\" content=\"image\/jpeg\" \/>\n<meta name=\"author\" content=\"Jeanette\" \/>\n<meta name=\"twitter:card\" content=\"summary_large_image\" \/>\n<meta name=\"twitter:creator\" content=\"@eldiario_net\" \/>\n<meta name=\"twitter:site\" content=\"@eldiario_net\" \/>\n<meta name=\"twitter:label1\" content=\"Escrito por\" \/>\n\t<meta name=\"twitter:data1\" content=\"Jeanette\" \/>\n\t<meta name=\"twitter:label2\" content=\"Tiempo de lectura\" \/>\n\t<meta name=\"twitter:data2\" content=\"2 minutos\" \/>\n<script type=\"application\/ld+json\" class=\"yoast-schema-graph\">{\"@context\":\"https:\\\/\\\/schema.org\",\"@graph\":[{\"@type\":\"Article\",\"@id\":\"https:\\\/\\\/www.eldiario.net\\\/portal\\\/2024\\\/06\\\/22\\\/candidatas-a-miss-bolivia-se-llevaran-una-corona-en-el-alto\\\/#article\",\"isPartOf\":{\"@id\":\"https:\\\/\\\/www.eldiario.net\\\/portal\\\/2024\\\/06\\\/22\\\/candidatas-a-miss-bolivia-se-llevaran-una-corona-en-el-alto\\\/\"},\"author\":{\"name\":\"Jeanette\",\"@id\":\"https:\\\/\\\/www.eldiario.net\\\/portal\\\/#\\\/schema\\\/person\\\/f46445640444750d7d753ccd04ae01b7\"},\"headline\":\"Candidatas a Miss Bolivia se llevar\u00e1n una corona en El Alto\",\"datePublished\":\"2024-06-22T13:57:21+00:00\",\"mainEntityOfPage\":{\"@id\":\"https:\\\/\\\/www.eldiario.net\\\/portal\\\/2024\\\/06\\\/22\\\/candidatas-a-miss-bolivia-se-llevaran-una-corona-en-el-alto\\\/\"},\"wordCount\":328,\"commentCount\":0,\"publisher\":{\"@id\":\"https:\\\/\\\/www.eldiario.net\\\/portal\\\/#organization\"},\"image\":{\"@id\":\"https:\\\/\\\/www.eldiario.net\\\/portal\\\/2024\\\/06\\\/22\\\/candidatas-a-miss-bolivia-se-llevaran-una-corona-en-el-alto\\\/#primaryimage\"},\"thumbnailUrl\":\"https:\\\/\\\/www.eldiario.net\\\/portal\\\/wp-content\\\/uploads\\\/2024\\\/06\\\/F-6-miss.jpg\",\"articleSection\":[\"Nacional\"],\"inLanguage\":\"es\",\"potentialAction\":[{\"@type\":\"CommentAction\",\"name\":\"Comment\",\"target\":[\"https:\\\/\\\/www.eldiario.net\\\/portal\\\/2024\\\/06\\\/22\\\/candidatas-a-miss-bolivia-se-llevaran-una-corona-en-el-alto\\\/#respond\"]}]},{\"@type\":\"WebPage\",\"@id\":\"https:\\\/\\\/www.eldiario.net\\\/portal\\\/2024\\\/06\\\/22\\\/candidatas-a-miss-bolivia-se-llevaran-una-corona-en-el-alto\\\/\",\"url\":\"https:\\\/\\\/www.eldiario.net\\\/portal\\\/2024\\\/06\\\/22\\\/candidatas-a-miss-bolivia-se-llevaran-una-corona-en-el-alto\\\/\",\"name\":\"Candidatas a Miss Bolivia se llevar\u00e1n una corona en El Alto - El Diario - Bolivia\",\"isPartOf\":{\"@id\":\"https:\\\/\\\/www.eldiario.net\\\/portal\\\/#website\"},\"primaryImageOfPage\":{\"@id\":\"https:\\\/\\\/www.eldiario.net\\\/portal\\\/2024\\\/06\\\/22\\\/candidatas-a-miss-bolivia-se-llevaran-una-corona-en-el-alto\\\/#primaryimage\"},\"image\":{\"@id\":\"https:\\\/\\\/www.eldiario.net\\\/portal\\\/2024\\\/06\\\/22\\\/candidatas-a-miss-bolivia-se-llevaran-una-corona-en-el-alto\\\/#primaryimage\"},\"thumbnailUrl\":\"https:\\\/\\\/www.eldiario.net\\\/portal\\\/wp-content\\\/uploads\\\/2024\\\/06\\\/F-6-miss.jpg\",\"datePublished\":\"2024-06-22T13:57:21+00:00\",\"breadcrumb\":{\"@id\":\"https:\\\/\\\/www.eldiario.net\\\/portal\\\/2024\\\/06\\\/22\\\/candidatas-a-miss-bolivia-se-llevaran-una-corona-en-el-alto\\\/#breadcrumb\"},\"inLanguage\":\"es\",\"potentialAction\":[{\"@type\":\"ReadAction\",\"target\":[\"https:\\\/\\\/www.eldiario.net\\\/portal\\\/2024\\\/06\\\/22\\\/candidatas-a-miss-bolivia-se-llevaran-una-corona-en-el-alto\\\/\"]}]},{\"@type\":\"ImageObject\",\"inLanguage\":\"es\",\"@id\":\"https:\\\/\\\/www.eldiario.net\\\/portal\\\/2024\\\/06\\\/22\\\/candidatas-a-miss-bolivia-se-llevaran-una-corona-en-el-alto\\\/#primaryimage\",\"url\":\"https:\\\/\\\/www.eldiario.net\\\/portal\\\/wp-content\\\/uploads\\\/2024\\\/06\\\/F-6-miss.jpg\",\"contentUrl\":\"https:\\\/\\\/www.eldiario.net\\\/portal\\\/wp-content\\\/uploads\\\/2024\\\/06\\\/F-6-miss.jpg\",\"width\":1280,\"height\":960,\"caption\":\"Las aspirantes a soberana del pa\u00eds.\"},{\"@type\":\"BreadcrumbList\",\"@id\":\"https:\\\/\\\/www.eldiario.net\\\/portal\\\/2024\\\/06\\\/22\\\/candidatas-a-miss-bolivia-se-llevaran-una-corona-en-el-alto\\\/#breadcrumb\",\"itemListElement\":[{\"@type\":\"ListItem\",\"position\":1,\"name\":\"Portada\",\"item\":\"https:\\\/\\\/www.eldiario.net\\\/portal\\\/\"},{\"@type\":\"ListItem\",\"position\":2,\"name\":\"Candidatas a Miss Bolivia se llevar\u00e1n una corona en El Alto\"}]},{\"@type\":\"WebSite\",\"@id\":\"https:\\\/\\\/www.eldiario.net\\\/portal\\\/#website\",\"url\":\"https:\\\/\\\/www.eldiario.net\\\/portal\\\/\",\"name\":\"El Diario - Decano de la prensa nacional\",\"description\":\"El Diario - Decano de la prensa nacional\",\"publisher\":{\"@id\":\"https:\\\/\\\/www.eldiario.net\\\/portal\\\/#organization\"},\"potentialAction\":[{\"@type\":\"SearchAction\",\"target\":{\"@type\":\"EntryPoint\",\"urlTemplate\":\"https:\\\/\\\/www.eldiario.net\\\/portal\\\/?s={search_term_string}\"},\"query-input\":{\"@type\":\"PropertyValueSpecification\",\"valueRequired\":true,\"valueName\":\"search_term_string\"}}],\"inLanguage\":\"es\"},{\"@type\":\"Organization\",\"@id\":\"https:\\\/\\\/www.eldiario.net\\\/portal\\\/#organization\",\"name\":\"El Diario - Decano de la prensa nacional\",\"url\":\"https:\\\/\\\/www.eldiario.net\\\/portal\\\/\",\"logo\":{\"@type\":\"ImageObject\",\"inLanguage\":\"es\",\"@id\":\"https:\\\/\\\/www.eldiario.net\\\/portal\\\/#\\\/schema\\\/logo\\\/image\\\/\",\"url\":\"https:\\\/\\\/www.eldiario.net\\\/portal\\\/wp-content\\\/uploads\\\/2023\\\/07\\\/logo_ED.jpg\",\"contentUrl\":\"https:\\\/\\\/www.eldiario.net\\\/portal\\\/wp-content\\\/uploads\\\/2023\\\/07\\\/logo_ED.jpg\",\"width\":272,\"height\":52,\"caption\":\"El Diario - Decano de la prensa nacional\"},\"image\":{\"@id\":\"https:\\\/\\\/www.eldiario.net\\\/portal\\\/#\\\/schema\\\/logo\\\/image\\\/\"},\"sameAs\":[\"https:\\\/\\\/www.facebook.com\\\/eldiario.bolivia\\\/\",\"https:\\\/\\\/x.com\\\/eldiario_net\"]},{\"@type\":\"Person\",\"@id\":\"https:\\\/\\\/www.eldiario.net\\\/portal\\\/#\\\/schema\\\/person\\\/f46445640444750d7d753ccd04ae01b7\",\"name\":\"Jeanette\",\"image\":{\"@type\":\"ImageObject\",\"inLanguage\":\"es\",\"@id\":\"https:\\\/\\\/secure.gravatar.com\\\/avatar\\\/3ea2118a5f7dad2b7138b1187a6b7ee55f160b9968b66013c3a3ef39dd7e5798?s=96&d=mm&r=g\",\"url\":\"https:\\\/\\\/secure.gravatar.com\\\/avatar\\\/3ea2118a5f7dad2b7138b1187a6b7ee55f160b9968b66013c3a3ef39dd7e5798?s=96&d=mm&r=g\",\"contentUrl\":\"https:\\\/\\\/secure.gravatar.com\\\/avatar\\\/3ea2118a5f7dad2b7138b1187a6b7ee55f160b9968b66013c3a3ef39dd7e5798?s=96&d=mm&r=g\",\"caption\":\"Jeanette\"},\"sameAs\":[\"https:\\\/\\\/www.eldiario.net\\\/portal\"],\"url\":\"https:\\\/\\\/www.eldiario.net\\\/portal\\\/author\\\/jeanette\\\/\"}]}<\/script>\n<!-- \/ Yoast SEO plugin. -->","yoast_head_json":{"title":"Candidatas a Miss Bolivia se llevar\u00e1n una corona en El Alto - El Diario - Bolivia","robots":{"index":"index","follow":"follow","max-snippet":"max-snippet:-1","max-image-preview":"max-image-preview:large","max-video-preview":"max-video-preview:-1"},"canonical":"https:\/\/www.eldiario.net\/portal\/2024\/06\/22\/candidatas-a-miss-bolivia-se-llevaran-una-corona-en-el-alto\/","og_locale":"es_ES","og_type":"article","og_title":"Candidatas a Miss Bolivia se llevar\u00e1n una corona en El Alto - El Diario - Bolivia","og_description":"Pasado el mediod\u00eda de ayer, la delegaci\u00f3n de 26 candidatas a Miss Bolivia lleg\u00f3 a la ciudad de El Alto y fueron recibidas en la Terminal Metropolitana por la alcaldesa, Eva Copa, quien asegur\u00f3 que el atractivo tur\u00edstico de municipio est\u00e1 abierto a todos los visitantes. En esta urbe, una de ellas se coron\u00f3 Miss [&hellip;]","og_url":"https:\/\/www.eldiario.net\/portal\/2024\/06\/22\/candidatas-a-miss-bolivia-se-llevaran-una-corona-en-el-alto\/","og_site_name":"El Diario - Bolivia","article_publisher":"https:\/\/www.facebook.com\/eldiario.bolivia\/","article_published_time":"2024-06-22T13:57:21+00:00","og_image":[{"width":1280,"height":960,"url":"https:\/\/www.eldiario.net\/portal\/wp-content\/uploads\/2024\/06\/F-6-miss.jpg","type":"image\/jpeg"}],"author":"Jeanette","twitter_card":"summary_large_image","twitter_creator":"@eldiario_net","twitter_site":"@eldiario_net","twitter_misc":{"Escrito por":"Jeanette","Tiempo de lectura":"2 minutos"},"schema":{"@context":"https:\/\/schema.org","@graph":[{"@type":"Article","@id":"https:\/\/www.eldiario.net\/portal\/2024\/06\/22\/candidatas-a-miss-bolivia-se-llevaran-una-corona-en-el-alto\/#article","isPartOf":{"@id":"https:\/\/www.eldiario.net\/portal\/2024\/06\/22\/candidatas-a-miss-bolivia-se-llevaran-una-corona-en-el-alto\/"},"author":{"name":"Jeanette","@id":"https:\/\/www.eldiario.net\/portal\/#\/schema\/person\/f46445640444750d7d753ccd04ae01b7"},"headline":"Candidatas a Miss Bolivia se llevar\u00e1n una corona en El Alto","datePublished":"2024-06-22T13:57:21+00:00","mainEntityOfPage":{"@id":"https:\/\/www.eldiario.net\/portal\/2024\/06\/22\/candidatas-a-miss-bolivia-se-llevaran-una-corona-en-el-alto\/"},"wordCount":328,"commentCount":0,"publisher":{"@id":"https:\/\/www.eldiario.net\/portal\/#organization"},"image":{"@id":"https:\/\/www.eldiario.net\/portal\/2024\/06\/22\/candidatas-a-miss-bolivia-se-llevaran-una-corona-en-el-alto\/#primaryimage"},"thumbnailUrl":"https:\/\/www.eldiario.net\/portal\/wp-content\/uploads\/2024\/06\/F-6-miss.jpg","articleSection":["Nacional"],"inLanguage":"es","potentialAction":[{"@type":"CommentAction","name":"Comment","target":["https:\/\/www.eldiario.net\/portal\/2024\/06\/22\/candidatas-a-miss-bolivia-se-llevaran-una-corona-en-el-alto\/#respond"]}]},{"@type":"WebPage","@id":"https:\/\/www.eldiario.net\/portal\/2024\/06\/22\/candidatas-a-miss-bolivia-se-llevaran-una-corona-en-el-alto\/","url":"https:\/\/www.eldiario.net\/portal\/2024\/06\/22\/candidatas-a-miss-bolivia-se-llevaran-una-corona-en-el-alto\/","name":"Candidatas a Miss Bolivia se llevar\u00e1n una corona en El Alto - El Diario - Bolivia","isPartOf":{"@id":"https:\/\/www.eldiario.net\/portal\/#website"},"primaryImageOfPage":{"@id":"https:\/\/www.eldiario.net\/portal\/2024\/06\/22\/candidatas-a-miss-bolivia-se-llevaran-una-corona-en-el-alto\/#primaryimage"},"image":{"@id":"https:\/\/www.eldiario.net\/portal\/2024\/06\/22\/candidatas-a-miss-bolivia-se-llevaran-una-corona-en-el-alto\/#primaryimage"},"thumbnailUrl":"https:\/\/www.eldiario.net\/portal\/wp-content\/uploads\/2024\/06\/F-6-miss.jpg","datePublished":"2024-06-22T13:57:21+00:00","breadcrumb":{"@id":"https:\/\/www.eldiario.net\/portal\/2024\/06\/22\/candidatas-a-miss-bolivia-se-llevaran-una-corona-en-el-alto\/#breadcrumb"},"inLanguage":"es","potentialAction":[{"@type":"ReadAction","target":["https:\/\/www.eldiario.net\/portal\/2024\/06\/22\/candidatas-a-miss-bolivia-se-llevaran-una-corona-en-el-alto\/"]}]},{"@type":"ImageObject","inLanguage":"es","@id":"https:\/\/www.eldiario.net\/portal\/2024\/06\/22\/candidatas-a-miss-bolivia-se-llevaran-una-corona-en-el-alto\/#primaryimage","url":"https:\/\/www.eldiario.net\/portal\/wp-content\/uploads\/2024\/06\/F-6-miss.jpg","contentUrl":"https:\/\/www.eldiario.net\/portal\/wp-content\/uploads\/2024\/06\/F-6-miss.jpg","width":1280,"height":960,"caption":"Las aspirantes a soberana del pa\u00eds."},{"@type":"BreadcrumbList","@id":"https:\/\/www.eldiario.net\/portal\/2024\/06\/22\/candidatas-a-miss-bolivia-se-llevaran-una-corona-en-el-alto\/#breadcrumb","itemListElement":[{"@type":"ListItem","position":1,"name":"Portada","item":"https:\/\/www.eldiario.net\/portal\/"},{"@type":"ListItem","position":2,"name":"Candidatas a Miss Bolivia se llevar\u00e1n una corona en El Alto"}]},{"@type":"WebSite","@id":"https:\/\/www.eldiario.net\/portal\/#website","url":"https:\/\/www.eldiario.net\/portal\/","name":"El Diario - Decano de la prensa nacional","description":"El Diario - Decano de la prensa nacional","publisher":{"@id":"https:\/\/www.eldiario.net\/portal\/#organization"},"potentialAction":[{"@type":"SearchAction","target":{"@type":"EntryPoint","urlTemplate":"https:\/\/www.eldiario.net\/portal\/?s={search_term_string}"},"query-input":{"@type":"PropertyValueSpecification","valueRequired":true,"valueName":"search_term_string"}}],"inLanguage":"es"},{"@type":"Organization","@id":"https:\/\/www.eldiario.net\/portal\/#organization","name":"El Diario - Decano de la prensa nacional","url":"https:\/\/www.eldiario.net\/portal\/","logo":{"@type":"ImageObject","inLanguage":"es","@id":"https:\/\/www.eldiario.net\/portal\/#\/schema\/logo\/image\/","url":"https:\/\/www.eldiario.net\/portal\/wp-content\/uploads\/2023\/07\/logo_ED.jpg","contentUrl":"https:\/\/www.eldiario.net\/portal\/wp-content\/uploads\/2023\/07\/logo_ED.jpg","width":272,"height":52,"caption":"El Diario - Decano de la prensa nacional"},"image":{"@id":"https:\/\/www.eldiario.net\/portal\/#\/schema\/logo\/image\/"},"sameAs":["https:\/\/www.facebook.com\/eldiario.bolivia\/","https:\/\/x.com\/eldiario_net"]},{"@type":"Person","@id":"https:\/\/www.eldiario.net\/portal\/#\/schema\/person\/f46445640444750d7d753ccd04ae01b7","name":"Jeanette","image":{"@type":"ImageObject","inLanguage":"es","@id":"https:\/\/secure.gravatar.com\/avatar\/3ea2118a5f7dad2b7138b1187a6b7ee55f160b9968b66013c3a3ef39dd7e5798?s=96&d=mm&r=g","url":"https:\/\/secure.gravatar.com\/avatar\/3ea2118a5f7dad2b7138b1187a6b7ee55f160b9968b66013c3a3ef39dd7e5798?s=96&d=mm&r=g","contentUrl":"https:\/\/secure.gravatar.com\/avatar\/3ea2118a5f7dad2b7138b1187a6b7ee55f160b9968b66013c3a3ef39dd7e5798?s=96&d=mm&r=g","caption":"Jeanette"},"sameAs":["https:\/\/www.eldiario.net\/portal"],"url":"https:\/\/www.eldiario.net\/portal\/author\/jeanette\/"}]}},"_links":{"self":[{"href":"https:\/\/www.eldiario.net\/portal\/wp-json\/wp\/v2\/posts\/228882","targetHints":{"allow":["GET"]}}],"collection":[{"href":"https:\/\/www.eldiario.net\/portal\/wp-json\/wp\/v2\/posts"}],"about":[{"href":"https:\/\/www.eldiario.net\/portal\/wp-json\/wp\/v2\/types\/post"}],"author":[{"embeddable":true,"href":"https:\/\/www.eldiario.net\/portal\/wp-json\/wp\/v2\/users\/1"}],"replies":[{"embeddable":true,"href":"https:\/\/www.eldiario.net\/portal\/wp-json\/wp\/v2\/comments?post=228882"}],"version-history":[{"count":1,"href":"https:\/\/www.eldiario.net\/portal\/wp-json\/wp\/v2\/posts\/228882\/revisions"}],"predecessor-version":[{"id":228884,"href":"https:\/\/www.eldiario.net\/portal\/wp-json\/wp\/v2\/posts\/228882\/revisions\/228884"}],"wp:featuredmedia":[{"embeddable":true,"href":"https:\/\/www.eldiario.net\/portal\/wp-json\/wp\/v2\/media\/228883"}],"wp:attachment":[{"href":"https:\/\/www.eldiario.net\/portal\/wp-json\/wp\/v2\/media?parent=228882"}],"wp:term":[{"taxonomy":"category","embeddable":true,"href":"https:\/\/www.eldiario.net\/portal\/wp-json\/wp\/v2\/categories?post=228882"},{"taxonomy":"post_tag","embeddable":true,"href":"https:\/\/www.eldiario.net\/portal\/wp-json\/wp\/v2\/tags?post=228882"}],"curies":[{"name":"wp","href":"https:\/\/api.w.org\/{rel}","templated":true}]}}