{"id":228876,"date":"2024-06-22T09:55:37","date_gmt":"2024-06-22T13:55:37","guid":{"rendered":"https:\/\/www.eldiario.net\/portal\/?p=228876"},"modified":"2024-06-22T09:55:37","modified_gmt":"2024-06-22T13:55:37","slug":"machado-denuncia-intento-de-impedir-campana-en-guarico","status":"publish","type":"post","link":"https:\/\/www.eldiario.net\/portal\/2024\/06\/22\/machado-denuncia-intento-de-impedir-campana-en-guarico\/","title":{"rendered":"Machado denuncia intento de  impedir campa\u00f1a en Gu\u00e1rico"},"content":{"rendered":"<p>La l\u00edder opositora de Venezuela, Mar\u00eda Corina Machado denunci\u00f3 este jueves que un grupo de oficialistas trat\u00f3 de \u201cimpedir\u201d su llegada a un acto pol\u00edtico en una localidad del estado Gu\u00e1rico, en el centro del pa\u00eds.<br \/>\nA trav\u00e9s de la red social X, la exdiputada se\u00f1al\u00f3 que el mi\u00e9rcoles, horas antes del encuentro con sus simpatizantes, oficialistas \u201cvinculados a la Alcald\u00eda de Las Mercedes\u201d, en Gu\u00e1rico, \u201ccortaron varios \u00e1rboles muy grandes\u201d para trancar la carretera, donde tambi\u00e9n \u201cpusieron miguelitos (artefactos con clavos para pinchar neum\u00e1ticos de veh\u00edculos) y ocasionaron un accidente\u201d.<br \/>\nSin embargo, Machado asegur\u00f3 que, en \u201ccuesti\u00f3n de minutos, hab\u00eda m\u00e1s de 100 personas ayudando a destrabar la v\u00eda\u201d, lo que, a su juicio, demostr\u00f3 que los venezolanos est\u00e1n \u201cdecididos a derribar todos los obst\u00e1culos y abrir todos los caminos para llegar al cambio el 28 de julio en las presidenciales\u201d, cuando la oposici\u00f3n espera poner fin al chavismo, en el poder desde 1999.<br \/>\n\u201cQuer\u00edan impedir que hici\u00e9ramos ese acto en Las Mercedes, pero lograron que m\u00e1s gente se enterara y pudi\u00e9ramos demostrar, una vez m\u00e1s, los venezolanos no dejaremos que nos arrebaten nuestro destino\u201d, expres\u00f3 Machado, quien llam\u00f3 a votar por el exembajador Edmundo Gonz\u00e1lez Urrutia, candidato de la principal coalici\u00f3n opositora, la Plataforma Unitaria Democr\u00e1tica (PUD).<br \/>\nEn estas elecciones tambi\u00e9n competir\u00e1 el actual dictador caribe\u00f1o, Nicol\u00e1s Maduro, quien busca su segunda reelecci\u00f3n.<br \/>\nOcho de los diez candidatos vinculados con el oficialismo, incluyendo a Maduro y exceptuando a Gonz\u00e1lez Urrutia y a Enrique M\u00e1rquez, suscribieron este jueves, ante el Consejo Nacional Electoral (CNE), un acuerdo que los obliga a mantener un \u201cclima de respeto, paz y participaci\u00f3n democr\u00e1tica\u201d, y a reconocer el resultado de los comicios.<br \/>\nGonz\u00e1lez Urrutia asegur\u00f3 que no fue invitado a la firma del acuerdo, que ya hab\u00eda rechazado previamente, argumentando que el reconocimiento de los resultados ya est\u00e1 contemplado en el Acuerdo de Barbados, suscrito entre la mayor coalici\u00f3n opositora y el chavismo en octubre, con acompa\u00f1amiento y respaldo internacional. (Infobae\/Efe)<\/p>\n","protected":false},"excerpt":{"rendered":"<p>La l\u00edder opositora de Venezuela, Mar\u00eda Corina Machado denunci\u00f3 este jueves que un grupo de oficialistas trat\u00f3 de \u201cimpedir\u201d su llegada a un acto pol\u00edtico en una localidad del estado Gu\u00e1rico, en el centro del pa\u00eds. A trav\u00e9s de la red social X, la exdiputada se\u00f1al\u00f3 que el mi\u00e9rcoles, horas antes del encuentro con sus [&hellip;]<\/p>\n","protected":false},"author":1,"featured_media":228877,"comment_status":"open","ping_status":"open","sticky":false,"template":"","format":"standard","meta":{"_acf_changed":false,"footnotes":""},"categories":[3],"tags":[],"class_list":["post-228876","post","type-post","status-publish","format-standard","has-post-thumbnail","category-internacional"],"acf":{"antetitulo":"Por grupo de oficialistas"},"yoast_head":"<!-- This site is optimized with the Yoast SEO plugin v28.4 - https:\/\/yoast.com\/product\/yoast-seo-wordpress\/ -->\n<title>Machado denuncia intento de impedir campa\u00f1a en Gu\u00e1rico - El Diario - Bolivia<\/title>\n<meta name=\"robots\" content=\"index, follow, max-snippet:-1, max-image-preview:large, max-video-preview:-1\" \/>\n<link rel=\"canonical\" href=\"https:\/\/www.eldiario.net\/portal\/2024\/06\/22\/machado-denuncia-intento-de-impedir-campana-en-guarico\/\" \/>\n<meta property=\"og:locale\" content=\"es_ES\" \/>\n<meta property=\"og:type\" content=\"article\" \/>\n<meta property=\"og:title\" content=\"Machado denuncia intento de impedir campa\u00f1a en Gu\u00e1rico - El Diario - Bolivia\" \/>\n<meta property=\"og:description\" content=\"La l\u00edder opositora de Venezuela, Mar\u00eda Corina Machado denunci\u00f3 este jueves que un grupo de oficialistas trat\u00f3 de \u201cimpedir\u201d su llegada a un acto pol\u00edtico en una localidad del estado Gu\u00e1rico, en el centro del pa\u00eds. A trav\u00e9s de la red social X, la exdiputada se\u00f1al\u00f3 que el mi\u00e9rcoles, horas antes del encuentro con sus [&hellip;]\" \/>\n<meta property=\"og:url\" content=\"https:\/\/www.eldiario.net\/portal\/2024\/06\/22\/machado-denuncia-intento-de-impedir-campana-en-guarico\/\" \/>\n<meta property=\"og:site_name\" content=\"El Diario - Bolivia\" \/>\n<meta property=\"article:publisher\" content=\"https:\/\/www.facebook.com\/eldiario.bolivia\/\" \/>\n<meta property=\"article:published_time\" content=\"2024-06-22T13:55:37+00:00\" \/>\n<meta property=\"og:image\" content=\"https:\/\/www.eldiario.net\/portal\/wp-content\/uploads\/2024\/06\/MARIA.jpg\" \/>\n\t<meta property=\"og:image:width\" content=\"1476\" \/>\n\t<meta property=\"og:image:height\" content=\"738\" \/>\n\t<meta property=\"og:image:type\" content=\"image\/jpeg\" \/>\n<meta name=\"author\" content=\"Jeanette\" \/>\n<meta name=\"twitter:card\" content=\"summary_large_image\" \/>\n<meta name=\"twitter:creator\" content=\"@eldiario_net\" \/>\n<meta name=\"twitter:site\" content=\"@eldiario_net\" \/>\n<meta name=\"twitter:label1\" content=\"Escrito por\" \/>\n\t<meta name=\"twitter:data1\" content=\"Jeanette\" \/>\n\t<meta name=\"twitter:label2\" content=\"Tiempo de lectura\" \/>\n\t<meta name=\"twitter:data2\" content=\"2 minutos\" \/>\n<script type=\"application\/ld+json\" class=\"yoast-schema-graph\">{\"@context\":\"https:\\\/\\\/schema.org\",\"@graph\":[{\"@type\":\"Article\",\"@id\":\"https:\\\/\\\/www.eldiario.net\\\/portal\\\/2024\\\/06\\\/22\\\/machado-denuncia-intento-de-impedir-campana-en-guarico\\\/#article\",\"isPartOf\":{\"@id\":\"https:\\\/\\\/www.eldiario.net\\\/portal\\\/2024\\\/06\\\/22\\\/machado-denuncia-intento-de-impedir-campana-en-guarico\\\/\"},\"author\":{\"name\":\"Jeanette\",\"@id\":\"https:\\\/\\\/www.eldiario.net\\\/portal\\\/#\\\/schema\\\/person\\\/f46445640444750d7d753ccd04ae01b7\"},\"headline\":\"Machado denuncia intento de impedir campa\u00f1a en Gu\u00e1rico\",\"datePublished\":\"2024-06-22T13:55:37+00:00\",\"mainEntityOfPage\":{\"@id\":\"https:\\\/\\\/www.eldiario.net\\\/portal\\\/2024\\\/06\\\/22\\\/machado-denuncia-intento-de-impedir-campana-en-guarico\\\/\"},\"wordCount\":375,\"commentCount\":0,\"publisher\":{\"@id\":\"https:\\\/\\\/www.eldiario.net\\\/portal\\\/#organization\"},\"image\":{\"@id\":\"https:\\\/\\\/www.eldiario.net\\\/portal\\\/2024\\\/06\\\/22\\\/machado-denuncia-intento-de-impedir-campana-en-guarico\\\/#primaryimage\"},\"thumbnailUrl\":\"https:\\\/\\\/www.eldiario.net\\\/portal\\\/wp-content\\\/uploads\\\/2024\\\/06\\\/MARIA.jpg\",\"articleSection\":[\"Internacional\"],\"inLanguage\":\"es\",\"potentialAction\":[{\"@type\":\"CommentAction\",\"name\":\"Comment\",\"target\":[\"https:\\\/\\\/www.eldiario.net\\\/portal\\\/2024\\\/06\\\/22\\\/machado-denuncia-intento-de-impedir-campana-en-guarico\\\/#respond\"]}]},{\"@type\":\"WebPage\",\"@id\":\"https:\\\/\\\/www.eldiario.net\\\/portal\\\/2024\\\/06\\\/22\\\/machado-denuncia-intento-de-impedir-campana-en-guarico\\\/\",\"url\":\"https:\\\/\\\/www.eldiario.net\\\/portal\\\/2024\\\/06\\\/22\\\/machado-denuncia-intento-de-impedir-campana-en-guarico\\\/\",\"name\":\"Machado denuncia intento de impedir campa\u00f1a en Gu\u00e1rico - El Diario - Bolivia\",\"isPartOf\":{\"@id\":\"https:\\\/\\\/www.eldiario.net\\\/portal\\\/#website\"},\"primaryImageOfPage\":{\"@id\":\"https:\\\/\\\/www.eldiario.net\\\/portal\\\/2024\\\/06\\\/22\\\/machado-denuncia-intento-de-impedir-campana-en-guarico\\\/#primaryimage\"},\"image\":{\"@id\":\"https:\\\/\\\/www.eldiario.net\\\/portal\\\/2024\\\/06\\\/22\\\/machado-denuncia-intento-de-impedir-campana-en-guarico\\\/#primaryimage\"},\"thumbnailUrl\":\"https:\\\/\\\/www.eldiario.net\\\/portal\\\/wp-content\\\/uploads\\\/2024\\\/06\\\/MARIA.jpg\",\"datePublished\":\"2024-06-22T13:55:37+00:00\",\"breadcrumb\":{\"@id\":\"https:\\\/\\\/www.eldiario.net\\\/portal\\\/2024\\\/06\\\/22\\\/machado-denuncia-intento-de-impedir-campana-en-guarico\\\/#breadcrumb\"},\"inLanguage\":\"es\",\"potentialAction\":[{\"@type\":\"ReadAction\",\"target\":[\"https:\\\/\\\/www.eldiario.net\\\/portal\\\/2024\\\/06\\\/22\\\/machado-denuncia-intento-de-impedir-campana-en-guarico\\\/\"]}]},{\"@type\":\"ImageObject\",\"inLanguage\":\"es\",\"@id\":\"https:\\\/\\\/www.eldiario.net\\\/portal\\\/2024\\\/06\\\/22\\\/machado-denuncia-intento-de-impedir-campana-en-guarico\\\/#primaryimage\",\"url\":\"https:\\\/\\\/www.eldiario.net\\\/portal\\\/wp-content\\\/uploads\\\/2024\\\/06\\\/MARIA.jpg\",\"contentUrl\":\"https:\\\/\\\/www.eldiario.net\\\/portal\\\/wp-content\\\/uploads\\\/2024\\\/06\\\/MARIA.jpg\",\"width\":1476,\"height\":738,\"caption\":\"LA CANDIDATA OPOSITORA Al R\u00c9GIMEN, MAR\u00cdA MACHADO ES AMENAZADA.\"},{\"@type\":\"BreadcrumbList\",\"@id\":\"https:\\\/\\\/www.eldiario.net\\\/portal\\\/2024\\\/06\\\/22\\\/machado-denuncia-intento-de-impedir-campana-en-guarico\\\/#breadcrumb\",\"itemListElement\":[{\"@type\":\"ListItem\",\"position\":1,\"name\":\"Portada\",\"item\":\"https:\\\/\\\/www.eldiario.net\\\/portal\\\/\"},{\"@type\":\"ListItem\",\"position\":2,\"name\":\"Machado denuncia intento de impedir campa\u00f1a en Gu\u00e1rico\"}]},{\"@type\":\"WebSite\",\"@id\":\"https:\\\/\\\/www.eldiario.net\\\/portal\\\/#website\",\"url\":\"https:\\\/\\\/www.eldiario.net\\\/portal\\\/\",\"name\":\"El Diario - Decano de la prensa nacional\",\"description\":\"El Diario - Decano de la prensa nacional\",\"publisher\":{\"@id\":\"https:\\\/\\\/www.eldiario.net\\\/portal\\\/#organization\"},\"potentialAction\":[{\"@type\":\"SearchAction\",\"target\":{\"@type\":\"EntryPoint\",\"urlTemplate\":\"https:\\\/\\\/www.eldiario.net\\\/portal\\\/?s={search_term_string}\"},\"query-input\":{\"@type\":\"PropertyValueSpecification\",\"valueRequired\":true,\"valueName\":\"search_term_string\"}}],\"inLanguage\":\"es\"},{\"@type\":\"Organization\",\"@id\":\"https:\\\/\\\/www.eldiario.net\\\/portal\\\/#organization\",\"name\":\"El Diario - Decano de la prensa nacional\",\"url\":\"https:\\\/\\\/www.eldiario.net\\\/portal\\\/\",\"logo\":{\"@type\":\"ImageObject\",\"inLanguage\":\"es\",\"@id\":\"https:\\\/\\\/www.eldiario.net\\\/portal\\\/#\\\/schema\\\/logo\\\/image\\\/\",\"url\":\"https:\\\/\\\/www.eldiario.net\\\/portal\\\/wp-content\\\/uploads\\\/2023\\\/07\\\/logo_ED.jpg\",\"contentUrl\":\"https:\\\/\\\/www.eldiario.net\\\/portal\\\/wp-content\\\/uploads\\\/2023\\\/07\\\/logo_ED.jpg\",\"width\":272,\"height\":52,\"caption\":\"El Diario - Decano de la prensa nacional\"},\"image\":{\"@id\":\"https:\\\/\\\/www.eldiario.net\\\/portal\\\/#\\\/schema\\\/logo\\\/image\\\/\"},\"sameAs\":[\"https:\\\/\\\/www.facebook.com\\\/eldiario.bolivia\\\/\",\"https:\\\/\\\/x.com\\\/eldiario_net\"]},{\"@type\":\"Person\",\"@id\":\"https:\\\/\\\/www.eldiario.net\\\/portal\\\/#\\\/schema\\\/person\\\/f46445640444750d7d753ccd04ae01b7\",\"name\":\"Jeanette\",\"image\":{\"@type\":\"ImageObject\",\"inLanguage\":\"es\",\"@id\":\"https:\\\/\\\/secure.gravatar.com\\\/avatar\\\/3ea2118a5f7dad2b7138b1187a6b7ee55f160b9968b66013c3a3ef39dd7e5798?s=96&d=mm&r=g\",\"url\":\"https:\\\/\\\/secure.gravatar.com\\\/avatar\\\/3ea2118a5f7dad2b7138b1187a6b7ee55f160b9968b66013c3a3ef39dd7e5798?s=96&d=mm&r=g\",\"contentUrl\":\"https:\\\/\\\/secure.gravatar.com\\\/avatar\\\/3ea2118a5f7dad2b7138b1187a6b7ee55f160b9968b66013c3a3ef39dd7e5798?s=96&d=mm&r=g\",\"caption\":\"Jeanette\"},\"sameAs\":[\"https:\\\/\\\/www.eldiario.net\\\/portal\"],\"url\":\"https:\\\/\\\/www.eldiario.net\\\/portal\\\/author\\\/jeanette\\\/\"}]}<\/script>\n<!-- \/ Yoast SEO plugin. -->","yoast_head_json":{"title":"Machado denuncia intento de impedir campa\u00f1a en Gu\u00e1rico - El Diario - Bolivia","robots":{"index":"index","follow":"follow","max-snippet":"max-snippet:-1","max-image-preview":"max-image-preview:large","max-video-preview":"max-video-preview:-1"},"canonical":"https:\/\/www.eldiario.net\/portal\/2024\/06\/22\/machado-denuncia-intento-de-impedir-campana-en-guarico\/","og_locale":"es_ES","og_type":"article","og_title":"Machado denuncia intento de impedir campa\u00f1a en Gu\u00e1rico - El Diario - Bolivia","og_description":"La l\u00edder opositora de Venezuela, Mar\u00eda Corina Machado denunci\u00f3 este jueves que un grupo de oficialistas trat\u00f3 de \u201cimpedir\u201d su llegada a un acto pol\u00edtico en una localidad del estado Gu\u00e1rico, en el centro del pa\u00eds. A trav\u00e9s de la red social X, la exdiputada se\u00f1al\u00f3 que el mi\u00e9rcoles, horas antes del encuentro con sus [&hellip;]","og_url":"https:\/\/www.eldiario.net\/portal\/2024\/06\/22\/machado-denuncia-intento-de-impedir-campana-en-guarico\/","og_site_name":"El Diario - Bolivia","article_publisher":"https:\/\/www.facebook.com\/eldiario.bolivia\/","article_published_time":"2024-06-22T13:55:37+00:00","og_image":[{"width":1476,"height":738,"url":"https:\/\/www.eldiario.net\/portal\/wp-content\/uploads\/2024\/06\/MARIA.jpg","type":"image\/jpeg"}],"author":"Jeanette","twitter_card":"summary_large_image","twitter_creator":"@eldiario_net","twitter_site":"@eldiario_net","twitter_misc":{"Escrito por":"Jeanette","Tiempo de lectura":"2 minutos"},"schema":{"@context":"https:\/\/schema.org","@graph":[{"@type":"Article","@id":"https:\/\/www.eldiario.net\/portal\/2024\/06\/22\/machado-denuncia-intento-de-impedir-campana-en-guarico\/#article","isPartOf":{"@id":"https:\/\/www.eldiario.net\/portal\/2024\/06\/22\/machado-denuncia-intento-de-impedir-campana-en-guarico\/"},"author":{"name":"Jeanette","@id":"https:\/\/www.eldiario.net\/portal\/#\/schema\/person\/f46445640444750d7d753ccd04ae01b7"},"headline":"Machado denuncia intento de impedir campa\u00f1a en Gu\u00e1rico","datePublished":"2024-06-22T13:55:37+00:00","mainEntityOfPage":{"@id":"https:\/\/www.eldiario.net\/portal\/2024\/06\/22\/machado-denuncia-intento-de-impedir-campana-en-guarico\/"},"wordCount":375,"commentCount":0,"publisher":{"@id":"https:\/\/www.eldiario.net\/portal\/#organization"},"image":{"@id":"https:\/\/www.eldiario.net\/portal\/2024\/06\/22\/machado-denuncia-intento-de-impedir-campana-en-guarico\/#primaryimage"},"thumbnailUrl":"https:\/\/www.eldiario.net\/portal\/wp-content\/uploads\/2024\/06\/MARIA.jpg","articleSection":["Internacional"],"inLanguage":"es","potentialAction":[{"@type":"CommentAction","name":"Comment","target":["https:\/\/www.eldiario.net\/portal\/2024\/06\/22\/machado-denuncia-intento-de-impedir-campana-en-guarico\/#respond"]}]},{"@type":"WebPage","@id":"https:\/\/www.eldiario.net\/portal\/2024\/06\/22\/machado-denuncia-intento-de-impedir-campana-en-guarico\/","url":"https:\/\/www.eldiario.net\/portal\/2024\/06\/22\/machado-denuncia-intento-de-impedir-campana-en-guarico\/","name":"Machado denuncia intento de impedir campa\u00f1a en Gu\u00e1rico - El Diario - Bolivia","isPartOf":{"@id":"https:\/\/www.eldiario.net\/portal\/#website"},"primaryImageOfPage":{"@id":"https:\/\/www.eldiario.net\/portal\/2024\/06\/22\/machado-denuncia-intento-de-impedir-campana-en-guarico\/#primaryimage"},"image":{"@id":"https:\/\/www.eldiario.net\/portal\/2024\/06\/22\/machado-denuncia-intento-de-impedir-campana-en-guarico\/#primaryimage"},"thumbnailUrl":"https:\/\/www.eldiario.net\/portal\/wp-content\/uploads\/2024\/06\/MARIA.jpg","datePublished":"2024-06-22T13:55:37+00:00","breadcrumb":{"@id":"https:\/\/www.eldiario.net\/portal\/2024\/06\/22\/machado-denuncia-intento-de-impedir-campana-en-guarico\/#breadcrumb"},"inLanguage":"es","potentialAction":[{"@type":"ReadAction","target":["https:\/\/www.eldiario.net\/portal\/2024\/06\/22\/machado-denuncia-intento-de-impedir-campana-en-guarico\/"]}]},{"@type":"ImageObject","inLanguage":"es","@id":"https:\/\/www.eldiario.net\/portal\/2024\/06\/22\/machado-denuncia-intento-de-impedir-campana-en-guarico\/#primaryimage","url":"https:\/\/www.eldiario.net\/portal\/wp-content\/uploads\/2024\/06\/MARIA.jpg","contentUrl":"https:\/\/www.eldiario.net\/portal\/wp-content\/uploads\/2024\/06\/MARIA.jpg","width":1476,"height":738,"caption":"LA CANDIDATA OPOSITORA Al R\u00c9GIMEN, MAR\u00cdA MACHADO ES AMENAZADA."},{"@type":"BreadcrumbList","@id":"https:\/\/www.eldiario.net\/portal\/2024\/06\/22\/machado-denuncia-intento-de-impedir-campana-en-guarico\/#breadcrumb","itemListElement":[{"@type":"ListItem","position":1,"name":"Portada","item":"https:\/\/www.eldiario.net\/portal\/"},{"@type":"ListItem","position":2,"name":"Machado denuncia intento de impedir campa\u00f1a en Gu\u00e1rico"}]},{"@type":"WebSite","@id":"https:\/\/www.eldiario.net\/portal\/#website","url":"https:\/\/www.eldiario.net\/portal\/","name":"El Diario - Decano de la prensa nacional","description":"El Diario - Decano de la prensa nacional","publisher":{"@id":"https:\/\/www.eldiario.net\/portal\/#organization"},"potentialAction":[{"@type":"SearchAction","target":{"@type":"EntryPoint","urlTemplate":"https:\/\/www.eldiario.net\/portal\/?s={search_term_string}"},"query-input":{"@type":"PropertyValueSpecification","valueRequired":true,"valueName":"search_term_string"}}],"inLanguage":"es"},{"@type":"Organization","@id":"https:\/\/www.eldiario.net\/portal\/#organization","name":"El Diario - Decano de la prensa nacional","url":"https:\/\/www.eldiario.net\/portal\/","logo":{"@type":"ImageObject","inLanguage":"es","@id":"https:\/\/www.eldiario.net\/portal\/#\/schema\/logo\/image\/","url":"https:\/\/www.eldiario.net\/portal\/wp-content\/uploads\/2023\/07\/logo_ED.jpg","contentUrl":"https:\/\/www.eldiario.net\/portal\/wp-content\/uploads\/2023\/07\/logo_ED.jpg","width":272,"height":52,"caption":"El Diario - Decano de la prensa nacional"},"image":{"@id":"https:\/\/www.eldiario.net\/portal\/#\/schema\/logo\/image\/"},"sameAs":["https:\/\/www.facebook.com\/eldiario.bolivia\/","https:\/\/x.com\/eldiario_net"]},{"@type":"Person","@id":"https:\/\/www.eldiario.net\/portal\/#\/schema\/person\/f46445640444750d7d753ccd04ae01b7","name":"Jeanette","image":{"@type":"ImageObject","inLanguage":"es","@id":"https:\/\/secure.gravatar.com\/avatar\/3ea2118a5f7dad2b7138b1187a6b7ee55f160b9968b66013c3a3ef39dd7e5798?s=96&d=mm&r=g","url":"https:\/\/secure.gravatar.com\/avatar\/3ea2118a5f7dad2b7138b1187a6b7ee55f160b9968b66013c3a3ef39dd7e5798?s=96&d=mm&r=g","contentUrl":"https:\/\/secure.gravatar.com\/avatar\/3ea2118a5f7dad2b7138b1187a6b7ee55f160b9968b66013c3a3ef39dd7e5798?s=96&d=mm&r=g","caption":"Jeanette"},"sameAs":["https:\/\/www.eldiario.net\/portal"],"url":"https:\/\/www.eldiario.net\/portal\/author\/jeanette\/"}]}},"_links":{"self":[{"href":"https:\/\/www.eldiario.net\/portal\/wp-json\/wp\/v2\/posts\/228876","targetHints":{"allow":["GET"]}}],"collection":[{"href":"https:\/\/www.eldiario.net\/portal\/wp-json\/wp\/v2\/posts"}],"about":[{"href":"https:\/\/www.eldiario.net\/portal\/wp-json\/wp\/v2\/types\/post"}],"author":[{"embeddable":true,"href":"https:\/\/www.eldiario.net\/portal\/wp-json\/wp\/v2\/users\/1"}],"replies":[{"embeddable":true,"href":"https:\/\/www.eldiario.net\/portal\/wp-json\/wp\/v2\/comments?post=228876"}],"version-history":[{"count":1,"href":"https:\/\/www.eldiario.net\/portal\/wp-json\/wp\/v2\/posts\/228876\/revisions"}],"predecessor-version":[{"id":228878,"href":"https:\/\/www.eldiario.net\/portal\/wp-json\/wp\/v2\/posts\/228876\/revisions\/228878"}],"wp:featuredmedia":[{"embeddable":true,"href":"https:\/\/www.eldiario.net\/portal\/wp-json\/wp\/v2\/media\/228877"}],"wp:attachment":[{"href":"https:\/\/www.eldiario.net\/portal\/wp-json\/wp\/v2\/media?parent=228876"}],"wp:term":[{"taxonomy":"category","embeddable":true,"href":"https:\/\/www.eldiario.net\/portal\/wp-json\/wp\/v2\/categories?post=228876"},{"taxonomy":"post_tag","embeddable":true,"href":"https:\/\/www.eldiario.net\/portal\/wp-json\/wp\/v2\/tags?post=228876"}],"curies":[{"name":"wp","href":"https:\/\/api.w.org\/{rel}","templated":true}]}}