{"id":228873,"date":"2024-06-22T09:54:37","date_gmt":"2024-06-22T13:54:37","guid":{"rendered":"https:\/\/www.eldiario.net\/portal\/?p=228873"},"modified":"2024-06-22T09:54:37","modified_gmt":"2024-06-22T13:54:37","slug":"corea-del-sur-evalua-enviar-armas-a-ucrania-tras-polemico-acuerdo","status":"publish","type":"post","link":"https:\/\/www.eldiario.net\/portal\/2024\/06\/22\/corea-del-sur-evalua-enviar-armas-a-ucrania-tras-polemico-acuerdo\/","title":{"rendered":"Corea del Sur eval\u00faa enviar armas  a Ucrania tras pol\u00e9mico acuerdo"},"content":{"rendered":"<p>Corea del Sur est\u00e1 valorando suministrar armas a Ucrania, a ra\u00edz del pacto firmado entre el r\u00e9gimen de Corea del Norte y Rusia, que incluye una cl\u00e1usula de asistencia militar mutua en caso de ataque al otro, seg\u00fan indic\u00f3 la oficina presidencial surcoreana.<br \/>\nDe hacerse efectiva la decisi\u00f3n de enviar armas a Ucrania, en guerra con Rusia desde el 24 de febrero de 2022, Se\u00fal dar\u00eda un giro a su pol\u00edtica, que proh\u00edbe el suministro de armas letales a pa\u00edses que se encuentran en guerra.<br \/>\n\u201cHay varias opciones para proporcionar armas y nuestra posici\u00f3n sobre los recientes acontecimientos entre Rusia y Corea del Norte depende de c\u00f3mo Rusia aborde la situaci\u00f3n en el futuro\u201d, dijo el asesor de seguridad nacional Chang Ho-jin en declaraciones a la agencia local de noticias Yonhap.<br \/>\nHasta ahora la asistencia de Corea del Sur se dio en forma de botiquines de primeros auxilios, medicinas, detectores de minas port\u00e1tiles y trajes protectores, pero no armas letales.<br \/>\nEntre las posibles armas que Se\u00fal estar\u00eda considerando enviar figuran proyectiles de artiller\u00eda de 155 mil\u00edmetros y sistemas de defensa a\u00e9rea, seg\u00fan revelaron fuentes gubernamentales a Yonhap.<br \/>\nEl Gobierno surcoreano apunt\u00f3 a este posible giro en su postura tras una reuni\u00f3n el jueves de su Consejo de Seguridad Nacional para valorar el reciente acuerdo estrat\u00e9gico firmado por el dictador norcoreano, Kim Jong-un, y el presidente ruso, Vladimir Putin, durante la visita esta semana del mandatario del Kremlin a Pyongyang.<br \/>\nPreguntado al respecto en una rueda de prensa desde Vietnam, adonde se traslad\u00f3 tras su paso por la capital norcoreana, Putin advirti\u00f3 que Corea del Sur estar\u00eda cometiendo \u201cun gran error\u201d si suministra armas a Ucrania.<br \/>\n\u201cSi eso sucede, tomaremos la decisi\u00f3n correspondiente, que probablemente no ser\u00e1 del agrado de los actuales dirigentes de Corea del Sur\u201d, declar\u00f3 el presidente ruso, sin descartar el suministro de armamento a Corea del Norte en respuesta a la entrega de armamento a Kiev por parte de pa\u00edses de la OTAN.<br \/>\nLas autoridades surcoreanas estar\u00edan valorando este giro de pol\u00edtica en armamento a ra\u00edz de la r\u00fabrica del llamado \u201cAcuerdo Integral de Asociaci\u00f3n Estrat\u00e9gica\u201d por parte de Mosc\u00fa y Pyongyang, cuyo contenido \u00edntegro no fue publicado por ninguna de las dos partes, salvo la existencia de la mencionad cl\u00e1usula militar. (Infobae\/Efe\/Europa Press)<\/p>\n","protected":false},"excerpt":{"rendered":"<p>Corea del Sur est\u00e1 valorando suministrar armas a Ucrania, a ra\u00edz del pacto firmado entre el r\u00e9gimen de Corea del Norte y Rusia, que incluye una cl\u00e1usula de asistencia militar mutua en caso de ataque al otro, seg\u00fan indic\u00f3 la oficina presidencial surcoreana. De hacerse efectiva la decisi\u00f3n de enviar armas a Ucrania, en guerra [&hellip;]<\/p>\n","protected":false},"author":1,"featured_media":228874,"comment_status":"open","ping_status":"open","sticky":false,"template":"","format":"standard","meta":{"_acf_changed":false,"footnotes":""},"categories":[3],"tags":[],"class_list":["post-228873","post","type-post","status-publish","format-standard","has-post-thumbnail","category-internacional"],"acf":{"antetitulo":"Entre Kim Jong-un y Vladimir Putin"},"yoast_head":"<!-- This site is optimized with the Yoast SEO plugin v28.4 - https:\/\/yoast.com\/product\/yoast-seo-wordpress\/ -->\n<title>Corea del Sur eval\u00faa enviar armas a Ucrania tras pol\u00e9mico acuerdo - El Diario - Bolivia<\/title>\n<meta name=\"robots\" content=\"index, follow, max-snippet:-1, max-image-preview:large, max-video-preview:-1\" \/>\n<link rel=\"canonical\" href=\"https:\/\/www.eldiario.net\/portal\/2024\/06\/22\/corea-del-sur-evalua-enviar-armas-a-ucrania-tras-polemico-acuerdo\/\" \/>\n<meta property=\"og:locale\" content=\"es_ES\" \/>\n<meta property=\"og:type\" content=\"article\" \/>\n<meta property=\"og:title\" content=\"Corea del Sur eval\u00faa enviar armas a Ucrania tras pol\u00e9mico acuerdo - El Diario - Bolivia\" \/>\n<meta property=\"og:description\" content=\"Corea del Sur est\u00e1 valorando suministrar armas a Ucrania, a ra\u00edz del pacto firmado entre el r\u00e9gimen de Corea del Norte y Rusia, que incluye una cl\u00e1usula de asistencia militar mutua en caso de ataque al otro, seg\u00fan indic\u00f3 la oficina presidencial surcoreana. De hacerse efectiva la decisi\u00f3n de enviar armas a Ucrania, en guerra [&hellip;]\" \/>\n<meta property=\"og:url\" content=\"https:\/\/www.eldiario.net\/portal\/2024\/06\/22\/corea-del-sur-evalua-enviar-armas-a-ucrania-tras-polemico-acuerdo\/\" \/>\n<meta property=\"og:site_name\" content=\"El Diario - Bolivia\" \/>\n<meta property=\"article:publisher\" content=\"https:\/\/www.facebook.com\/eldiario.bolivia\/\" \/>\n<meta property=\"article:published_time\" content=\"2024-06-22T13:54:37+00:00\" \/>\n<meta property=\"og:image\" content=\"https:\/\/www.eldiario.net\/portal\/wp-content\/uploads\/2024\/06\/AMBOS.jpg\" \/>\n\t<meta property=\"og:image:width\" content=\"992\" \/>\n\t<meta property=\"og:image:height\" content=\"661\" \/>\n\t<meta property=\"og:image:type\" content=\"image\/jpeg\" \/>\n<meta name=\"author\" content=\"Jeanette\" \/>\n<meta name=\"twitter:card\" content=\"summary_large_image\" \/>\n<meta name=\"twitter:creator\" content=\"@eldiario_net\" \/>\n<meta name=\"twitter:site\" content=\"@eldiario_net\" \/>\n<meta name=\"twitter:label1\" content=\"Escrito por\" \/>\n\t<meta name=\"twitter:data1\" content=\"Jeanette\" \/>\n\t<meta name=\"twitter:label2\" content=\"Tiempo de lectura\" \/>\n\t<meta name=\"twitter:data2\" content=\"2 minutos\" \/>\n<script type=\"application\/ld+json\" class=\"yoast-schema-graph\">{\"@context\":\"https:\\\/\\\/schema.org\",\"@graph\":[{\"@type\":\"Article\",\"@id\":\"https:\\\/\\\/www.eldiario.net\\\/portal\\\/2024\\\/06\\\/22\\\/corea-del-sur-evalua-enviar-armas-a-ucrania-tras-polemico-acuerdo\\\/#article\",\"isPartOf\":{\"@id\":\"https:\\\/\\\/www.eldiario.net\\\/portal\\\/2024\\\/06\\\/22\\\/corea-del-sur-evalua-enviar-armas-a-ucrania-tras-polemico-acuerdo\\\/\"},\"author\":{\"name\":\"Jeanette\",\"@id\":\"https:\\\/\\\/www.eldiario.net\\\/portal\\\/#\\\/schema\\\/person\\\/f46445640444750d7d753ccd04ae01b7\"},\"headline\":\"Corea del Sur eval\u00faa enviar armas a Ucrania tras pol\u00e9mico acuerdo\",\"datePublished\":\"2024-06-22T13:54:37+00:00\",\"mainEntityOfPage\":{\"@id\":\"https:\\\/\\\/www.eldiario.net\\\/portal\\\/2024\\\/06\\\/22\\\/corea-del-sur-evalua-enviar-armas-a-ucrania-tras-polemico-acuerdo\\\/\"},\"wordCount\":421,\"commentCount\":0,\"publisher\":{\"@id\":\"https:\\\/\\\/www.eldiario.net\\\/portal\\\/#organization\"},\"image\":{\"@id\":\"https:\\\/\\\/www.eldiario.net\\\/portal\\\/2024\\\/06\\\/22\\\/corea-del-sur-evalua-enviar-armas-a-ucrania-tras-polemico-acuerdo\\\/#primaryimage\"},\"thumbnailUrl\":\"https:\\\/\\\/www.eldiario.net\\\/portal\\\/wp-content\\\/uploads\\\/2024\\\/06\\\/AMBOS.jpg\",\"articleSection\":[\"Internacional\"],\"inLanguage\":\"es\",\"potentialAction\":[{\"@type\":\"CommentAction\",\"name\":\"Comment\",\"target\":[\"https:\\\/\\\/www.eldiario.net\\\/portal\\\/2024\\\/06\\\/22\\\/corea-del-sur-evalua-enviar-armas-a-ucrania-tras-polemico-acuerdo\\\/#respond\"]}]},{\"@type\":\"WebPage\",\"@id\":\"https:\\\/\\\/www.eldiario.net\\\/portal\\\/2024\\\/06\\\/22\\\/corea-del-sur-evalua-enviar-armas-a-ucrania-tras-polemico-acuerdo\\\/\",\"url\":\"https:\\\/\\\/www.eldiario.net\\\/portal\\\/2024\\\/06\\\/22\\\/corea-del-sur-evalua-enviar-armas-a-ucrania-tras-polemico-acuerdo\\\/\",\"name\":\"Corea del Sur eval\u00faa enviar armas a Ucrania tras pol\u00e9mico acuerdo - El Diario - Bolivia\",\"isPartOf\":{\"@id\":\"https:\\\/\\\/www.eldiario.net\\\/portal\\\/#website\"},\"primaryImageOfPage\":{\"@id\":\"https:\\\/\\\/www.eldiario.net\\\/portal\\\/2024\\\/06\\\/22\\\/corea-del-sur-evalua-enviar-armas-a-ucrania-tras-polemico-acuerdo\\\/#primaryimage\"},\"image\":{\"@id\":\"https:\\\/\\\/www.eldiario.net\\\/portal\\\/2024\\\/06\\\/22\\\/corea-del-sur-evalua-enviar-armas-a-ucrania-tras-polemico-acuerdo\\\/#primaryimage\"},\"thumbnailUrl\":\"https:\\\/\\\/www.eldiario.net\\\/portal\\\/wp-content\\\/uploads\\\/2024\\\/06\\\/AMBOS.jpg\",\"datePublished\":\"2024-06-22T13:54:37+00:00\",\"breadcrumb\":{\"@id\":\"https:\\\/\\\/www.eldiario.net\\\/portal\\\/2024\\\/06\\\/22\\\/corea-del-sur-evalua-enviar-armas-a-ucrania-tras-polemico-acuerdo\\\/#breadcrumb\"},\"inLanguage\":\"es\",\"potentialAction\":[{\"@type\":\"ReadAction\",\"target\":[\"https:\\\/\\\/www.eldiario.net\\\/portal\\\/2024\\\/06\\\/22\\\/corea-del-sur-evalua-enviar-armas-a-ucrania-tras-polemico-acuerdo\\\/\"]}]},{\"@type\":\"ImageObject\",\"inLanguage\":\"es\",\"@id\":\"https:\\\/\\\/www.eldiario.net\\\/portal\\\/2024\\\/06\\\/22\\\/corea-del-sur-evalua-enviar-armas-a-ucrania-tras-polemico-acuerdo\\\/#primaryimage\",\"url\":\"https:\\\/\\\/www.eldiario.net\\\/portal\\\/wp-content\\\/uploads\\\/2024\\\/06\\\/AMBOS.jpg\",\"contentUrl\":\"https:\\\/\\\/www.eldiario.net\\\/portal\\\/wp-content\\\/uploads\\\/2024\\\/06\\\/AMBOS.jpg\",\"width\":992,\"height\":661,\"caption\":\"el ENCUENTRO ENTRE EL DICTADOR KIM Y EL PRESIDENTE RUSO VLADIMIR PUTIN.\"},{\"@type\":\"BreadcrumbList\",\"@id\":\"https:\\\/\\\/www.eldiario.net\\\/portal\\\/2024\\\/06\\\/22\\\/corea-del-sur-evalua-enviar-armas-a-ucrania-tras-polemico-acuerdo\\\/#breadcrumb\",\"itemListElement\":[{\"@type\":\"ListItem\",\"position\":1,\"name\":\"Portada\",\"item\":\"https:\\\/\\\/www.eldiario.net\\\/portal\\\/\"},{\"@type\":\"ListItem\",\"position\":2,\"name\":\"Corea del Sur eval\u00faa enviar armas a Ucrania tras pol\u00e9mico acuerdo\"}]},{\"@type\":\"WebSite\",\"@id\":\"https:\\\/\\\/www.eldiario.net\\\/portal\\\/#website\",\"url\":\"https:\\\/\\\/www.eldiario.net\\\/portal\\\/\",\"name\":\"El Diario - Decano de la prensa nacional\",\"description\":\"El Diario - Decano de la prensa nacional\",\"publisher\":{\"@id\":\"https:\\\/\\\/www.eldiario.net\\\/portal\\\/#organization\"},\"potentialAction\":[{\"@type\":\"SearchAction\",\"target\":{\"@type\":\"EntryPoint\",\"urlTemplate\":\"https:\\\/\\\/www.eldiario.net\\\/portal\\\/?s={search_term_string}\"},\"query-input\":{\"@type\":\"PropertyValueSpecification\",\"valueRequired\":true,\"valueName\":\"search_term_string\"}}],\"inLanguage\":\"es\"},{\"@type\":\"Organization\",\"@id\":\"https:\\\/\\\/www.eldiario.net\\\/portal\\\/#organization\",\"name\":\"El Diario - Decano de la prensa nacional\",\"url\":\"https:\\\/\\\/www.eldiario.net\\\/portal\\\/\",\"logo\":{\"@type\":\"ImageObject\",\"inLanguage\":\"es\",\"@id\":\"https:\\\/\\\/www.eldiario.net\\\/portal\\\/#\\\/schema\\\/logo\\\/image\\\/\",\"url\":\"https:\\\/\\\/www.eldiario.net\\\/portal\\\/wp-content\\\/uploads\\\/2023\\\/07\\\/logo_ED.jpg\",\"contentUrl\":\"https:\\\/\\\/www.eldiario.net\\\/portal\\\/wp-content\\\/uploads\\\/2023\\\/07\\\/logo_ED.jpg\",\"width\":272,\"height\":52,\"caption\":\"El Diario - Decano de la prensa nacional\"},\"image\":{\"@id\":\"https:\\\/\\\/www.eldiario.net\\\/portal\\\/#\\\/schema\\\/logo\\\/image\\\/\"},\"sameAs\":[\"https:\\\/\\\/www.facebook.com\\\/eldiario.bolivia\\\/\",\"https:\\\/\\\/x.com\\\/eldiario_net\"]},{\"@type\":\"Person\",\"@id\":\"https:\\\/\\\/www.eldiario.net\\\/portal\\\/#\\\/schema\\\/person\\\/f46445640444750d7d753ccd04ae01b7\",\"name\":\"Jeanette\",\"image\":{\"@type\":\"ImageObject\",\"inLanguage\":\"es\",\"@id\":\"https:\\\/\\\/secure.gravatar.com\\\/avatar\\\/3ea2118a5f7dad2b7138b1187a6b7ee55f160b9968b66013c3a3ef39dd7e5798?s=96&d=mm&r=g\",\"url\":\"https:\\\/\\\/secure.gravatar.com\\\/avatar\\\/3ea2118a5f7dad2b7138b1187a6b7ee55f160b9968b66013c3a3ef39dd7e5798?s=96&d=mm&r=g\",\"contentUrl\":\"https:\\\/\\\/secure.gravatar.com\\\/avatar\\\/3ea2118a5f7dad2b7138b1187a6b7ee55f160b9968b66013c3a3ef39dd7e5798?s=96&d=mm&r=g\",\"caption\":\"Jeanette\"},\"sameAs\":[\"https:\\\/\\\/www.eldiario.net\\\/portal\"],\"url\":\"https:\\\/\\\/www.eldiario.net\\\/portal\\\/author\\\/jeanette\\\/\"}]}<\/script>\n<!-- \/ Yoast SEO plugin. -->","yoast_head_json":{"title":"Corea del Sur eval\u00faa enviar armas a Ucrania tras pol\u00e9mico acuerdo - El Diario - Bolivia","robots":{"index":"index","follow":"follow","max-snippet":"max-snippet:-1","max-image-preview":"max-image-preview:large","max-video-preview":"max-video-preview:-1"},"canonical":"https:\/\/www.eldiario.net\/portal\/2024\/06\/22\/corea-del-sur-evalua-enviar-armas-a-ucrania-tras-polemico-acuerdo\/","og_locale":"es_ES","og_type":"article","og_title":"Corea del Sur eval\u00faa enviar armas a Ucrania tras pol\u00e9mico acuerdo - El Diario - Bolivia","og_description":"Corea del Sur est\u00e1 valorando suministrar armas a Ucrania, a ra\u00edz del pacto firmado entre el r\u00e9gimen de Corea del Norte y Rusia, que incluye una cl\u00e1usula de asistencia militar mutua en caso de ataque al otro, seg\u00fan indic\u00f3 la oficina presidencial surcoreana. De hacerse efectiva la decisi\u00f3n de enviar armas a Ucrania, en guerra [&hellip;]","og_url":"https:\/\/www.eldiario.net\/portal\/2024\/06\/22\/corea-del-sur-evalua-enviar-armas-a-ucrania-tras-polemico-acuerdo\/","og_site_name":"El Diario - Bolivia","article_publisher":"https:\/\/www.facebook.com\/eldiario.bolivia\/","article_published_time":"2024-06-22T13:54:37+00:00","og_image":[{"width":992,"height":661,"url":"https:\/\/www.eldiario.net\/portal\/wp-content\/uploads\/2024\/06\/AMBOS.jpg","type":"image\/jpeg"}],"author":"Jeanette","twitter_card":"summary_large_image","twitter_creator":"@eldiario_net","twitter_site":"@eldiario_net","twitter_misc":{"Escrito por":"Jeanette","Tiempo de lectura":"2 minutos"},"schema":{"@context":"https:\/\/schema.org","@graph":[{"@type":"Article","@id":"https:\/\/www.eldiario.net\/portal\/2024\/06\/22\/corea-del-sur-evalua-enviar-armas-a-ucrania-tras-polemico-acuerdo\/#article","isPartOf":{"@id":"https:\/\/www.eldiario.net\/portal\/2024\/06\/22\/corea-del-sur-evalua-enviar-armas-a-ucrania-tras-polemico-acuerdo\/"},"author":{"name":"Jeanette","@id":"https:\/\/www.eldiario.net\/portal\/#\/schema\/person\/f46445640444750d7d753ccd04ae01b7"},"headline":"Corea del Sur eval\u00faa enviar armas a Ucrania tras pol\u00e9mico acuerdo","datePublished":"2024-06-22T13:54:37+00:00","mainEntityOfPage":{"@id":"https:\/\/www.eldiario.net\/portal\/2024\/06\/22\/corea-del-sur-evalua-enviar-armas-a-ucrania-tras-polemico-acuerdo\/"},"wordCount":421,"commentCount":0,"publisher":{"@id":"https:\/\/www.eldiario.net\/portal\/#organization"},"image":{"@id":"https:\/\/www.eldiario.net\/portal\/2024\/06\/22\/corea-del-sur-evalua-enviar-armas-a-ucrania-tras-polemico-acuerdo\/#primaryimage"},"thumbnailUrl":"https:\/\/www.eldiario.net\/portal\/wp-content\/uploads\/2024\/06\/AMBOS.jpg","articleSection":["Internacional"],"inLanguage":"es","potentialAction":[{"@type":"CommentAction","name":"Comment","target":["https:\/\/www.eldiario.net\/portal\/2024\/06\/22\/corea-del-sur-evalua-enviar-armas-a-ucrania-tras-polemico-acuerdo\/#respond"]}]},{"@type":"WebPage","@id":"https:\/\/www.eldiario.net\/portal\/2024\/06\/22\/corea-del-sur-evalua-enviar-armas-a-ucrania-tras-polemico-acuerdo\/","url":"https:\/\/www.eldiario.net\/portal\/2024\/06\/22\/corea-del-sur-evalua-enviar-armas-a-ucrania-tras-polemico-acuerdo\/","name":"Corea del Sur eval\u00faa enviar armas a Ucrania tras pol\u00e9mico acuerdo - El Diario - Bolivia","isPartOf":{"@id":"https:\/\/www.eldiario.net\/portal\/#website"},"primaryImageOfPage":{"@id":"https:\/\/www.eldiario.net\/portal\/2024\/06\/22\/corea-del-sur-evalua-enviar-armas-a-ucrania-tras-polemico-acuerdo\/#primaryimage"},"image":{"@id":"https:\/\/www.eldiario.net\/portal\/2024\/06\/22\/corea-del-sur-evalua-enviar-armas-a-ucrania-tras-polemico-acuerdo\/#primaryimage"},"thumbnailUrl":"https:\/\/www.eldiario.net\/portal\/wp-content\/uploads\/2024\/06\/AMBOS.jpg","datePublished":"2024-06-22T13:54:37+00:00","breadcrumb":{"@id":"https:\/\/www.eldiario.net\/portal\/2024\/06\/22\/corea-del-sur-evalua-enviar-armas-a-ucrania-tras-polemico-acuerdo\/#breadcrumb"},"inLanguage":"es","potentialAction":[{"@type":"ReadAction","target":["https:\/\/www.eldiario.net\/portal\/2024\/06\/22\/corea-del-sur-evalua-enviar-armas-a-ucrania-tras-polemico-acuerdo\/"]}]},{"@type":"ImageObject","inLanguage":"es","@id":"https:\/\/www.eldiario.net\/portal\/2024\/06\/22\/corea-del-sur-evalua-enviar-armas-a-ucrania-tras-polemico-acuerdo\/#primaryimage","url":"https:\/\/www.eldiario.net\/portal\/wp-content\/uploads\/2024\/06\/AMBOS.jpg","contentUrl":"https:\/\/www.eldiario.net\/portal\/wp-content\/uploads\/2024\/06\/AMBOS.jpg","width":992,"height":661,"caption":"el ENCUENTRO ENTRE EL DICTADOR KIM Y EL PRESIDENTE RUSO VLADIMIR PUTIN."},{"@type":"BreadcrumbList","@id":"https:\/\/www.eldiario.net\/portal\/2024\/06\/22\/corea-del-sur-evalua-enviar-armas-a-ucrania-tras-polemico-acuerdo\/#breadcrumb","itemListElement":[{"@type":"ListItem","position":1,"name":"Portada","item":"https:\/\/www.eldiario.net\/portal\/"},{"@type":"ListItem","position":2,"name":"Corea del Sur eval\u00faa enviar armas a Ucrania tras pol\u00e9mico acuerdo"}]},{"@type":"WebSite","@id":"https:\/\/www.eldiario.net\/portal\/#website","url":"https:\/\/www.eldiario.net\/portal\/","name":"El Diario - Decano de la prensa nacional","description":"El Diario - Decano de la prensa nacional","publisher":{"@id":"https:\/\/www.eldiario.net\/portal\/#organization"},"potentialAction":[{"@type":"SearchAction","target":{"@type":"EntryPoint","urlTemplate":"https:\/\/www.eldiario.net\/portal\/?s={search_term_string}"},"query-input":{"@type":"PropertyValueSpecification","valueRequired":true,"valueName":"search_term_string"}}],"inLanguage":"es"},{"@type":"Organization","@id":"https:\/\/www.eldiario.net\/portal\/#organization","name":"El Diario - Decano de la prensa nacional","url":"https:\/\/www.eldiario.net\/portal\/","logo":{"@type":"ImageObject","inLanguage":"es","@id":"https:\/\/www.eldiario.net\/portal\/#\/schema\/logo\/image\/","url":"https:\/\/www.eldiario.net\/portal\/wp-content\/uploads\/2023\/07\/logo_ED.jpg","contentUrl":"https:\/\/www.eldiario.net\/portal\/wp-content\/uploads\/2023\/07\/logo_ED.jpg","width":272,"height":52,"caption":"El Diario - Decano de la prensa nacional"},"image":{"@id":"https:\/\/www.eldiario.net\/portal\/#\/schema\/logo\/image\/"},"sameAs":["https:\/\/www.facebook.com\/eldiario.bolivia\/","https:\/\/x.com\/eldiario_net"]},{"@type":"Person","@id":"https:\/\/www.eldiario.net\/portal\/#\/schema\/person\/f46445640444750d7d753ccd04ae01b7","name":"Jeanette","image":{"@type":"ImageObject","inLanguage":"es","@id":"https:\/\/secure.gravatar.com\/avatar\/3ea2118a5f7dad2b7138b1187a6b7ee55f160b9968b66013c3a3ef39dd7e5798?s=96&d=mm&r=g","url":"https:\/\/secure.gravatar.com\/avatar\/3ea2118a5f7dad2b7138b1187a6b7ee55f160b9968b66013c3a3ef39dd7e5798?s=96&d=mm&r=g","contentUrl":"https:\/\/secure.gravatar.com\/avatar\/3ea2118a5f7dad2b7138b1187a6b7ee55f160b9968b66013c3a3ef39dd7e5798?s=96&d=mm&r=g","caption":"Jeanette"},"sameAs":["https:\/\/www.eldiario.net\/portal"],"url":"https:\/\/www.eldiario.net\/portal\/author\/jeanette\/"}]}},"_links":{"self":[{"href":"https:\/\/www.eldiario.net\/portal\/wp-json\/wp\/v2\/posts\/228873","targetHints":{"allow":["GET"]}}],"collection":[{"href":"https:\/\/www.eldiario.net\/portal\/wp-json\/wp\/v2\/posts"}],"about":[{"href":"https:\/\/www.eldiario.net\/portal\/wp-json\/wp\/v2\/types\/post"}],"author":[{"embeddable":true,"href":"https:\/\/www.eldiario.net\/portal\/wp-json\/wp\/v2\/users\/1"}],"replies":[{"embeddable":true,"href":"https:\/\/www.eldiario.net\/portal\/wp-json\/wp\/v2\/comments?post=228873"}],"version-history":[{"count":1,"href":"https:\/\/www.eldiario.net\/portal\/wp-json\/wp\/v2\/posts\/228873\/revisions"}],"predecessor-version":[{"id":228875,"href":"https:\/\/www.eldiario.net\/portal\/wp-json\/wp\/v2\/posts\/228873\/revisions\/228875"}],"wp:featuredmedia":[{"embeddable":true,"href":"https:\/\/www.eldiario.net\/portal\/wp-json\/wp\/v2\/media\/228874"}],"wp:attachment":[{"href":"https:\/\/www.eldiario.net\/portal\/wp-json\/wp\/v2\/media?parent=228873"}],"wp:term":[{"taxonomy":"category","embeddable":true,"href":"https:\/\/www.eldiario.net\/portal\/wp-json\/wp\/v2\/categories?post=228873"},{"taxonomy":"post_tag","embeddable":true,"href":"https:\/\/www.eldiario.net\/portal\/wp-json\/wp\/v2\/tags?post=228873"}],"curies":[{"name":"wp","href":"https:\/\/api.w.org\/{rel}","templated":true}]}}