{"id":228871,"date":"2024-06-22T09:53:47","date_gmt":"2024-06-22T13:53:47","guid":{"rendered":"https:\/\/www.eldiario.net\/portal\/?p=228871"},"modified":"2024-06-22T09:53:47","modified_gmt":"2024-06-22T13:53:47","slug":"union-europea-afronta-dividida-futura-reunion-con-israel","status":"publish","type":"post","link":"https:\/\/www.eldiario.net\/portal\/2024\/06\/22\/union-europea-afronta-dividida-futura-reunion-con-israel\/","title":{"rendered":"Uni\u00f3n Europea afronta dividida  futura reuni\u00f3n con Israel"},"content":{"rendered":"<p>La Uni\u00f3n Europea se encuentra dividida sobre c\u00f3mo afrontar una eventual reuni\u00f3n del Consejo de Asociaci\u00f3n con Israel, despu\u00e9s de que las autoridades israel\u00edes hayan confirmado que acudir\u00e1n a la petici\u00f3n de reuni\u00f3n de la UE, con una parte de Estados miembros que insisten en que el encuentro se basa en las buenas relaciones con Tel Aviv y en ning\u00fan caso puede convertirse en un \u201ctribunal\u201d contra el pa\u00eds por su operaci\u00f3n militar en Gaza.<br \/>\nPor consenso, los ministros de Exteriores del bloque acordaron el pasado mayo convocar a Israel a una reuni\u00f3n extraordinaria del Consejo de Asociaci\u00f3n, el \u00f3rgano en el que la UE lleva sus relaciones con terceros pa\u00edses. En todo caso, las distintas sensibilidades en el seno del bloque, hace que no haya una idea clara de c\u00f3mo se tratar\u00eda esa eventual reuni\u00f3n, que Israel sugiri\u00f3 que podr\u00eda tener lugar una vez empiece la presidencia h\u00fangara del Consejo, en el mes de julio.<br \/>\n\u201cHemos acordado que Israel participe en el Consejo de Asociaci\u00f3n bajo la presidencia h\u00fangara de la UE, para mejorar el estatus de Israel en la UE de la mano de Hungr\u00eda y otros pa\u00edses amigos del bloque\u201d, se\u00f1al\u00f3 el ministro de Exteriores israel\u00ed, Israel Katz.<br \/>\nLa UE ya tiene la respuesta de las autoridades israel\u00edes y el siguiente paso es concretar una fecha y preparar un orden del d\u00eda, confirm\u00f3 un alto cargo de la UE. Adem\u00e1s, los 27 tendr\u00edan que forjar un mensaje com\u00fan para transmitir a Tel Aviv, algo que se presenta complicado a la vista de las distintas relaciones con el Estado jud\u00edo.<br \/>\nFuentes diplom\u00e1ticas reconocen que el acercamiento y la idea de que hay que presionar a Israel para el cumplimiento del derecho internacional var\u00eda seg\u00fan Estados miembros. Mientras que unos insisten en la soluci\u00f3n de dos Estados, dieron el paso del reconocimiento, como Espa\u00f1a, Irlanda o Eslovenia, otros piensan que hay que ejercer presi\u00f3n de forma m\u00e1s suave.<br \/>\n\u00abLa invitaci\u00f3n a Israel no surge de la nada, sino que se produjo en un contexto espec\u00edfico\u00bb, indicaron otras fuentes europeas en relaci\u00f3n al incumplimiento de las \u00f3rdenes de la justicia internacional.<br \/>\nLa idea de convocar a Israel a un encuentro con los 27, se acord\u00f3 a la luz del incumplimiento de las \u00f3rdenes de la Corte Internacional de Justicia (CIJ) que demand\u00f3 en mayo a Israel el fin de las operaciones en Raf\u00e1. En este sentido, la futura reuni\u00f3n es vista por algunos como una forma de presi\u00f3n y seg\u00fan reconoci\u00f3 Irlanda por primera vez se est\u00e1n poniendo sobre la mesa la opci\u00f3n de aplicar sanciones para garantizar el respeto a las medidas de la CIJ.<br \/>\nPor contra, hay pa\u00edses tradicionalmente m\u00e1s ligados a Israel que ven con cierto recelo la iniciativa. \u00abAlgunos mensajes pueden ser desagradables, pero definitivamente no queremos que el Consejo de Asociaci\u00f3n se convierta en una especie de tribunal o juicio con Israel\u00bb, ahondan otras fuentes diplom\u00e1ticas, mientras que otras delegaciones europeas subrayan que puede ser un intercambio franco, pero no puede basarse en acusaciones y un tira y afloja con las autoridades israel\u00edes.<br \/>\nAs\u00ed las cosas, entre los 27 est\u00e1n de acuerdo en convocar a Israel y en el uso del formato del Consejo de Asociaci\u00f3n, como pidieron Espa\u00f1a e Irlanda a principios de a\u00f1o, pero existen m\u00e1s dudas sobre el calado del mensaje a transmitir y si hay que ir m\u00e1s all\u00e1 de la f\u00f3rmula de consenso que incluye la petici\u00f3n de que Israel respet\u00f3 el derecho internacional y que evite la muerte de civiles en sus operaciones en la Franja. (Europa Press)<\/p>\n","protected":false},"excerpt":{"rendered":"<p>La Uni\u00f3n Europea se encuentra dividida sobre c\u00f3mo afrontar una eventual reuni\u00f3n del Consejo de Asociaci\u00f3n con Israel, despu\u00e9s de que las autoridades israel\u00edes hayan confirmado que acudir\u00e1n a la petici\u00f3n de reuni\u00f3n de la UE, con una parte de Estados miembros que insisten en que el encuentro se basa en las buenas relaciones con [&hellip;]<\/p>\n","protected":false},"author":1,"featured_media":194703,"comment_status":"open","ping_status":"open","sticky":false,"template":"","format":"standard","meta":{"_acf_changed":false,"footnotes":""},"categories":[3],"tags":[],"class_list":["post-228871","post","type-post","status-publish","format-standard","has-post-thumbnail","category-internacional"],"acf":{"antetitulo":"Encuentro basado en buenas relaciones con Tel Aviv"},"yoast_head":"<!-- This site is optimized with the Yoast SEO plugin v28.4 - https:\/\/yoast.com\/product\/yoast-seo-wordpress\/ -->\n<title>Uni\u00f3n Europea afronta dividida futura reuni\u00f3n con Israel - El Diario - Bolivia<\/title>\n<meta name=\"robots\" content=\"index, follow, max-snippet:-1, max-image-preview:large, max-video-preview:-1\" \/>\n<link rel=\"canonical\" href=\"https:\/\/www.eldiario.net\/portal\/2024\/06\/22\/union-europea-afronta-dividida-futura-reunion-con-israel\/\" \/>\n<meta property=\"og:locale\" content=\"es_ES\" \/>\n<meta property=\"og:type\" content=\"article\" \/>\n<meta property=\"og:title\" content=\"Uni\u00f3n Europea afronta dividida futura reuni\u00f3n con Israel - El Diario - Bolivia\" \/>\n<meta property=\"og:description\" content=\"La Uni\u00f3n Europea se encuentra dividida sobre c\u00f3mo afrontar una eventual reuni\u00f3n del Consejo de Asociaci\u00f3n con Israel, despu\u00e9s de que las autoridades israel\u00edes hayan confirmado que acudir\u00e1n a la petici\u00f3n de reuni\u00f3n de la UE, con una parte de Estados miembros que insisten en que el encuentro se basa en las buenas relaciones con [&hellip;]\" \/>\n<meta property=\"og:url\" content=\"https:\/\/www.eldiario.net\/portal\/2024\/06\/22\/union-europea-afronta-dividida-futura-reunion-con-israel\/\" \/>\n<meta property=\"og:site_name\" content=\"El Diario - Bolivia\" \/>\n<meta property=\"article:publisher\" content=\"https:\/\/www.facebook.com\/eldiario.bolivia\/\" \/>\n<meta property=\"article:published_time\" content=\"2024-06-22T13:53:47+00:00\" \/>\n<meta property=\"og:image\" content=\"https:\/\/www.eldiario.net\/portal\/wp-content\/uploads\/2023\/12\/Internacional.jpg\" \/>\n\t<meta property=\"og:image:width\" content=\"800\" \/>\n\t<meta property=\"og:image:height\" content=\"500\" \/>\n\t<meta property=\"og:image:type\" content=\"image\/jpeg\" \/>\n<meta name=\"author\" content=\"Jeanette\" \/>\n<meta name=\"twitter:card\" content=\"summary_large_image\" \/>\n<meta name=\"twitter:creator\" content=\"@eldiario_net\" \/>\n<meta name=\"twitter:site\" content=\"@eldiario_net\" \/>\n<meta name=\"twitter:label1\" content=\"Escrito por\" \/>\n\t<meta name=\"twitter:data1\" content=\"Jeanette\" \/>\n\t<meta name=\"twitter:label2\" content=\"Tiempo de lectura\" \/>\n\t<meta name=\"twitter:data2\" content=\"3 minutos\" \/>\n<script type=\"application\/ld+json\" class=\"yoast-schema-graph\">{\"@context\":\"https:\\\/\\\/schema.org\",\"@graph\":[{\"@type\":\"Article\",\"@id\":\"https:\\\/\\\/www.eldiario.net\\\/portal\\\/2024\\\/06\\\/22\\\/union-europea-afronta-dividida-futura-reunion-con-israel\\\/#article\",\"isPartOf\":{\"@id\":\"https:\\\/\\\/www.eldiario.net\\\/portal\\\/2024\\\/06\\\/22\\\/union-europea-afronta-dividida-futura-reunion-con-israel\\\/\"},\"author\":{\"name\":\"Jeanette\",\"@id\":\"https:\\\/\\\/www.eldiario.net\\\/portal\\\/#\\\/schema\\\/person\\\/f46445640444750d7d753ccd04ae01b7\"},\"headline\":\"Uni\u00f3n Europea afronta dividida futura reuni\u00f3n con Israel\",\"datePublished\":\"2024-06-22T13:53:47+00:00\",\"mainEntityOfPage\":{\"@id\":\"https:\\\/\\\/www.eldiario.net\\\/portal\\\/2024\\\/06\\\/22\\\/union-europea-afronta-dividida-futura-reunion-con-israel\\\/\"},\"wordCount\":655,\"commentCount\":0,\"publisher\":{\"@id\":\"https:\\\/\\\/www.eldiario.net\\\/portal\\\/#organization\"},\"image\":{\"@id\":\"https:\\\/\\\/www.eldiario.net\\\/portal\\\/2024\\\/06\\\/22\\\/union-europea-afronta-dividida-futura-reunion-con-israel\\\/#primaryimage\"},\"thumbnailUrl\":\"https:\\\/\\\/www.eldiario.net\\\/portal\\\/wp-content\\\/uploads\\\/2023\\\/12\\\/Internacional.jpg\",\"articleSection\":[\"Internacional\"],\"inLanguage\":\"es\",\"potentialAction\":[{\"@type\":\"CommentAction\",\"name\":\"Comment\",\"target\":[\"https:\\\/\\\/www.eldiario.net\\\/portal\\\/2024\\\/06\\\/22\\\/union-europea-afronta-dividida-futura-reunion-con-israel\\\/#respond\"]}]},{\"@type\":\"WebPage\",\"@id\":\"https:\\\/\\\/www.eldiario.net\\\/portal\\\/2024\\\/06\\\/22\\\/union-europea-afronta-dividida-futura-reunion-con-israel\\\/\",\"url\":\"https:\\\/\\\/www.eldiario.net\\\/portal\\\/2024\\\/06\\\/22\\\/union-europea-afronta-dividida-futura-reunion-con-israel\\\/\",\"name\":\"Uni\u00f3n Europea afronta dividida futura reuni\u00f3n con Israel - El Diario - Bolivia\",\"isPartOf\":{\"@id\":\"https:\\\/\\\/www.eldiario.net\\\/portal\\\/#website\"},\"primaryImageOfPage\":{\"@id\":\"https:\\\/\\\/www.eldiario.net\\\/portal\\\/2024\\\/06\\\/22\\\/union-europea-afronta-dividida-futura-reunion-con-israel\\\/#primaryimage\"},\"image\":{\"@id\":\"https:\\\/\\\/www.eldiario.net\\\/portal\\\/2024\\\/06\\\/22\\\/union-europea-afronta-dividida-futura-reunion-con-israel\\\/#primaryimage\"},\"thumbnailUrl\":\"https:\\\/\\\/www.eldiario.net\\\/portal\\\/wp-content\\\/uploads\\\/2023\\\/12\\\/Internacional.jpg\",\"datePublished\":\"2024-06-22T13:53:47+00:00\",\"breadcrumb\":{\"@id\":\"https:\\\/\\\/www.eldiario.net\\\/portal\\\/2024\\\/06\\\/22\\\/union-europea-afronta-dividida-futura-reunion-con-israel\\\/#breadcrumb\"},\"inLanguage\":\"es\",\"potentialAction\":[{\"@type\":\"ReadAction\",\"target\":[\"https:\\\/\\\/www.eldiario.net\\\/portal\\\/2024\\\/06\\\/22\\\/union-europea-afronta-dividida-futura-reunion-con-israel\\\/\"]}]},{\"@type\":\"ImageObject\",\"inLanguage\":\"es\",\"@id\":\"https:\\\/\\\/www.eldiario.net\\\/portal\\\/2024\\\/06\\\/22\\\/union-europea-afronta-dividida-futura-reunion-con-israel\\\/#primaryimage\",\"url\":\"https:\\\/\\\/www.eldiario.net\\\/portal\\\/wp-content\\\/uploads\\\/2023\\\/12\\\/Internacional.jpg\",\"contentUrl\":\"https:\\\/\\\/www.eldiario.net\\\/portal\\\/wp-content\\\/uploads\\\/2023\\\/12\\\/Internacional.jpg\",\"width\":800,\"height\":500},{\"@type\":\"BreadcrumbList\",\"@id\":\"https:\\\/\\\/www.eldiario.net\\\/portal\\\/2024\\\/06\\\/22\\\/union-europea-afronta-dividida-futura-reunion-con-israel\\\/#breadcrumb\",\"itemListElement\":[{\"@type\":\"ListItem\",\"position\":1,\"name\":\"Portada\",\"item\":\"https:\\\/\\\/www.eldiario.net\\\/portal\\\/\"},{\"@type\":\"ListItem\",\"position\":2,\"name\":\"Uni\u00f3n Europea afronta dividida futura reuni\u00f3n con Israel\"}]},{\"@type\":\"WebSite\",\"@id\":\"https:\\\/\\\/www.eldiario.net\\\/portal\\\/#website\",\"url\":\"https:\\\/\\\/www.eldiario.net\\\/portal\\\/\",\"name\":\"El Diario - Decano de la prensa nacional\",\"description\":\"El Diario - Decano de la prensa nacional\",\"publisher\":{\"@id\":\"https:\\\/\\\/www.eldiario.net\\\/portal\\\/#organization\"},\"potentialAction\":[{\"@type\":\"SearchAction\",\"target\":{\"@type\":\"EntryPoint\",\"urlTemplate\":\"https:\\\/\\\/www.eldiario.net\\\/portal\\\/?s={search_term_string}\"},\"query-input\":{\"@type\":\"PropertyValueSpecification\",\"valueRequired\":true,\"valueName\":\"search_term_string\"}}],\"inLanguage\":\"es\"},{\"@type\":\"Organization\",\"@id\":\"https:\\\/\\\/www.eldiario.net\\\/portal\\\/#organization\",\"name\":\"El Diario - Decano de la prensa nacional\",\"url\":\"https:\\\/\\\/www.eldiario.net\\\/portal\\\/\",\"logo\":{\"@type\":\"ImageObject\",\"inLanguage\":\"es\",\"@id\":\"https:\\\/\\\/www.eldiario.net\\\/portal\\\/#\\\/schema\\\/logo\\\/image\\\/\",\"url\":\"https:\\\/\\\/www.eldiario.net\\\/portal\\\/wp-content\\\/uploads\\\/2023\\\/07\\\/logo_ED.jpg\",\"contentUrl\":\"https:\\\/\\\/www.eldiario.net\\\/portal\\\/wp-content\\\/uploads\\\/2023\\\/07\\\/logo_ED.jpg\",\"width\":272,\"height\":52,\"caption\":\"El Diario - Decano de la prensa nacional\"},\"image\":{\"@id\":\"https:\\\/\\\/www.eldiario.net\\\/portal\\\/#\\\/schema\\\/logo\\\/image\\\/\"},\"sameAs\":[\"https:\\\/\\\/www.facebook.com\\\/eldiario.bolivia\\\/\",\"https:\\\/\\\/x.com\\\/eldiario_net\"]},{\"@type\":\"Person\",\"@id\":\"https:\\\/\\\/www.eldiario.net\\\/portal\\\/#\\\/schema\\\/person\\\/f46445640444750d7d753ccd04ae01b7\",\"name\":\"Jeanette\",\"image\":{\"@type\":\"ImageObject\",\"inLanguage\":\"es\",\"@id\":\"https:\\\/\\\/secure.gravatar.com\\\/avatar\\\/3ea2118a5f7dad2b7138b1187a6b7ee55f160b9968b66013c3a3ef39dd7e5798?s=96&d=mm&r=g\",\"url\":\"https:\\\/\\\/secure.gravatar.com\\\/avatar\\\/3ea2118a5f7dad2b7138b1187a6b7ee55f160b9968b66013c3a3ef39dd7e5798?s=96&d=mm&r=g\",\"contentUrl\":\"https:\\\/\\\/secure.gravatar.com\\\/avatar\\\/3ea2118a5f7dad2b7138b1187a6b7ee55f160b9968b66013c3a3ef39dd7e5798?s=96&d=mm&r=g\",\"caption\":\"Jeanette\"},\"sameAs\":[\"https:\\\/\\\/www.eldiario.net\\\/portal\"],\"url\":\"https:\\\/\\\/www.eldiario.net\\\/portal\\\/author\\\/jeanette\\\/\"}]}<\/script>\n<!-- \/ Yoast SEO plugin. -->","yoast_head_json":{"title":"Uni\u00f3n Europea afronta dividida futura reuni\u00f3n con Israel - El Diario - Bolivia","robots":{"index":"index","follow":"follow","max-snippet":"max-snippet:-1","max-image-preview":"max-image-preview:large","max-video-preview":"max-video-preview:-1"},"canonical":"https:\/\/www.eldiario.net\/portal\/2024\/06\/22\/union-europea-afronta-dividida-futura-reunion-con-israel\/","og_locale":"es_ES","og_type":"article","og_title":"Uni\u00f3n Europea afronta dividida futura reuni\u00f3n con Israel - El Diario - Bolivia","og_description":"La Uni\u00f3n Europea se encuentra dividida sobre c\u00f3mo afrontar una eventual reuni\u00f3n del Consejo de Asociaci\u00f3n con Israel, despu\u00e9s de que las autoridades israel\u00edes hayan confirmado que acudir\u00e1n a la petici\u00f3n de reuni\u00f3n de la UE, con una parte de Estados miembros que insisten en que el encuentro se basa en las buenas relaciones con [&hellip;]","og_url":"https:\/\/www.eldiario.net\/portal\/2024\/06\/22\/union-europea-afronta-dividida-futura-reunion-con-israel\/","og_site_name":"El Diario - Bolivia","article_publisher":"https:\/\/www.facebook.com\/eldiario.bolivia\/","article_published_time":"2024-06-22T13:53:47+00:00","og_image":[{"width":800,"height":500,"url":"https:\/\/www.eldiario.net\/portal\/wp-content\/uploads\/2023\/12\/Internacional.jpg","type":"image\/jpeg"}],"author":"Jeanette","twitter_card":"summary_large_image","twitter_creator":"@eldiario_net","twitter_site":"@eldiario_net","twitter_misc":{"Escrito por":"Jeanette","Tiempo de lectura":"3 minutos"},"schema":{"@context":"https:\/\/schema.org","@graph":[{"@type":"Article","@id":"https:\/\/www.eldiario.net\/portal\/2024\/06\/22\/union-europea-afronta-dividida-futura-reunion-con-israel\/#article","isPartOf":{"@id":"https:\/\/www.eldiario.net\/portal\/2024\/06\/22\/union-europea-afronta-dividida-futura-reunion-con-israel\/"},"author":{"name":"Jeanette","@id":"https:\/\/www.eldiario.net\/portal\/#\/schema\/person\/f46445640444750d7d753ccd04ae01b7"},"headline":"Uni\u00f3n Europea afronta dividida futura reuni\u00f3n con Israel","datePublished":"2024-06-22T13:53:47+00:00","mainEntityOfPage":{"@id":"https:\/\/www.eldiario.net\/portal\/2024\/06\/22\/union-europea-afronta-dividida-futura-reunion-con-israel\/"},"wordCount":655,"commentCount":0,"publisher":{"@id":"https:\/\/www.eldiario.net\/portal\/#organization"},"image":{"@id":"https:\/\/www.eldiario.net\/portal\/2024\/06\/22\/union-europea-afronta-dividida-futura-reunion-con-israel\/#primaryimage"},"thumbnailUrl":"https:\/\/www.eldiario.net\/portal\/wp-content\/uploads\/2023\/12\/Internacional.jpg","articleSection":["Internacional"],"inLanguage":"es","potentialAction":[{"@type":"CommentAction","name":"Comment","target":["https:\/\/www.eldiario.net\/portal\/2024\/06\/22\/union-europea-afronta-dividida-futura-reunion-con-israel\/#respond"]}]},{"@type":"WebPage","@id":"https:\/\/www.eldiario.net\/portal\/2024\/06\/22\/union-europea-afronta-dividida-futura-reunion-con-israel\/","url":"https:\/\/www.eldiario.net\/portal\/2024\/06\/22\/union-europea-afronta-dividida-futura-reunion-con-israel\/","name":"Uni\u00f3n Europea afronta dividida futura reuni\u00f3n con Israel - El Diario - Bolivia","isPartOf":{"@id":"https:\/\/www.eldiario.net\/portal\/#website"},"primaryImageOfPage":{"@id":"https:\/\/www.eldiario.net\/portal\/2024\/06\/22\/union-europea-afronta-dividida-futura-reunion-con-israel\/#primaryimage"},"image":{"@id":"https:\/\/www.eldiario.net\/portal\/2024\/06\/22\/union-europea-afronta-dividida-futura-reunion-con-israel\/#primaryimage"},"thumbnailUrl":"https:\/\/www.eldiario.net\/portal\/wp-content\/uploads\/2023\/12\/Internacional.jpg","datePublished":"2024-06-22T13:53:47+00:00","breadcrumb":{"@id":"https:\/\/www.eldiario.net\/portal\/2024\/06\/22\/union-europea-afronta-dividida-futura-reunion-con-israel\/#breadcrumb"},"inLanguage":"es","potentialAction":[{"@type":"ReadAction","target":["https:\/\/www.eldiario.net\/portal\/2024\/06\/22\/union-europea-afronta-dividida-futura-reunion-con-israel\/"]}]},{"@type":"ImageObject","inLanguage":"es","@id":"https:\/\/www.eldiario.net\/portal\/2024\/06\/22\/union-europea-afronta-dividida-futura-reunion-con-israel\/#primaryimage","url":"https:\/\/www.eldiario.net\/portal\/wp-content\/uploads\/2023\/12\/Internacional.jpg","contentUrl":"https:\/\/www.eldiario.net\/portal\/wp-content\/uploads\/2023\/12\/Internacional.jpg","width":800,"height":500},{"@type":"BreadcrumbList","@id":"https:\/\/www.eldiario.net\/portal\/2024\/06\/22\/union-europea-afronta-dividida-futura-reunion-con-israel\/#breadcrumb","itemListElement":[{"@type":"ListItem","position":1,"name":"Portada","item":"https:\/\/www.eldiario.net\/portal\/"},{"@type":"ListItem","position":2,"name":"Uni\u00f3n Europea afronta dividida futura reuni\u00f3n con Israel"}]},{"@type":"WebSite","@id":"https:\/\/www.eldiario.net\/portal\/#website","url":"https:\/\/www.eldiario.net\/portal\/","name":"El Diario - Decano de la prensa nacional","description":"El Diario - Decano de la prensa nacional","publisher":{"@id":"https:\/\/www.eldiario.net\/portal\/#organization"},"potentialAction":[{"@type":"SearchAction","target":{"@type":"EntryPoint","urlTemplate":"https:\/\/www.eldiario.net\/portal\/?s={search_term_string}"},"query-input":{"@type":"PropertyValueSpecification","valueRequired":true,"valueName":"search_term_string"}}],"inLanguage":"es"},{"@type":"Organization","@id":"https:\/\/www.eldiario.net\/portal\/#organization","name":"El Diario - Decano de la prensa nacional","url":"https:\/\/www.eldiario.net\/portal\/","logo":{"@type":"ImageObject","inLanguage":"es","@id":"https:\/\/www.eldiario.net\/portal\/#\/schema\/logo\/image\/","url":"https:\/\/www.eldiario.net\/portal\/wp-content\/uploads\/2023\/07\/logo_ED.jpg","contentUrl":"https:\/\/www.eldiario.net\/portal\/wp-content\/uploads\/2023\/07\/logo_ED.jpg","width":272,"height":52,"caption":"El Diario - Decano de la prensa nacional"},"image":{"@id":"https:\/\/www.eldiario.net\/portal\/#\/schema\/logo\/image\/"},"sameAs":["https:\/\/www.facebook.com\/eldiario.bolivia\/","https:\/\/x.com\/eldiario_net"]},{"@type":"Person","@id":"https:\/\/www.eldiario.net\/portal\/#\/schema\/person\/f46445640444750d7d753ccd04ae01b7","name":"Jeanette","image":{"@type":"ImageObject","inLanguage":"es","@id":"https:\/\/secure.gravatar.com\/avatar\/3ea2118a5f7dad2b7138b1187a6b7ee55f160b9968b66013c3a3ef39dd7e5798?s=96&d=mm&r=g","url":"https:\/\/secure.gravatar.com\/avatar\/3ea2118a5f7dad2b7138b1187a6b7ee55f160b9968b66013c3a3ef39dd7e5798?s=96&d=mm&r=g","contentUrl":"https:\/\/secure.gravatar.com\/avatar\/3ea2118a5f7dad2b7138b1187a6b7ee55f160b9968b66013c3a3ef39dd7e5798?s=96&d=mm&r=g","caption":"Jeanette"},"sameAs":["https:\/\/www.eldiario.net\/portal"],"url":"https:\/\/www.eldiario.net\/portal\/author\/jeanette\/"}]}},"_links":{"self":[{"href":"https:\/\/www.eldiario.net\/portal\/wp-json\/wp\/v2\/posts\/228871","targetHints":{"allow":["GET"]}}],"collection":[{"href":"https:\/\/www.eldiario.net\/portal\/wp-json\/wp\/v2\/posts"}],"about":[{"href":"https:\/\/www.eldiario.net\/portal\/wp-json\/wp\/v2\/types\/post"}],"author":[{"embeddable":true,"href":"https:\/\/www.eldiario.net\/portal\/wp-json\/wp\/v2\/users\/1"}],"replies":[{"embeddable":true,"href":"https:\/\/www.eldiario.net\/portal\/wp-json\/wp\/v2\/comments?post=228871"}],"version-history":[{"count":1,"href":"https:\/\/www.eldiario.net\/portal\/wp-json\/wp\/v2\/posts\/228871\/revisions"}],"predecessor-version":[{"id":228872,"href":"https:\/\/www.eldiario.net\/portal\/wp-json\/wp\/v2\/posts\/228871\/revisions\/228872"}],"wp:featuredmedia":[{"embeddable":true,"href":"https:\/\/www.eldiario.net\/portal\/wp-json\/wp\/v2\/media\/194703"}],"wp:attachment":[{"href":"https:\/\/www.eldiario.net\/portal\/wp-json\/wp\/v2\/media?parent=228871"}],"wp:term":[{"taxonomy":"category","embeddable":true,"href":"https:\/\/www.eldiario.net\/portal\/wp-json\/wp\/v2\/categories?post=228871"},{"taxonomy":"post_tag","embeddable":true,"href":"https:\/\/www.eldiario.net\/portal\/wp-json\/wp\/v2\/tags?post=228871"}],"curies":[{"name":"wp","href":"https:\/\/api.w.org\/{rel}","templated":true}]}}