{"id":228866,"date":"2024-06-22T09:52:29","date_gmt":"2024-06-22T13:52:29","guid":{"rendered":"https:\/\/www.eldiario.net\/portal\/?p=228866"},"modified":"2024-06-22T09:52:29","modified_gmt":"2024-06-22T13:52:29","slug":"cochabamba-alcanza-primer-lugar-en-feminicidios-del-ano","status":"publish","type":"post","link":"https:\/\/www.eldiario.net\/portal\/2024\/06\/22\/cochabamba-alcanza-primer-lugar-en-feminicidios-del-ano\/","title":{"rendered":"Cochabamba alcanza primer lugar en feminicidios del a\u00f1o"},"content":{"rendered":"<p>En solamente 16 d\u00edas, cuatro mujeres han sido asesinadas en Cochabamba por sus esposos, parejas y exparejas, todas j\u00f3venes madres menores de 32 a\u00f1os; en total, 12 ni\u00f1os, ni\u00f1as y adolescentes quedaron hu\u00e9rfanos por los cr\u00edmenes de cuatro feminicidas. Con estos casos, Cochabamba volvi\u00f3 al primer lugar en feminicidios de Bolivia, junto a La Paz, con diez casos.<br \/>\nEsto no suced\u00eda en el departamento nuclear del pa\u00eds desde hace varios a\u00f1os y causa preocupaci\u00f3n entre autoridades, activistas y representantes de instituciones que trabajan en la prevenci\u00f3n y lucha contra la violencia.<br \/>\nDe acuerdo con las cifras actualizadas de la Fiscal\u00eda General del Estado (FGE), La Paz y Cochabamba ubican los primeros lugares de feminicidio en 2024, con diez casos en cada departamento hasta el 20 de junio. Les siguen Santa Cruz con tres casos, Tarija con cuatro, Potos\u00ed y Oruro con tres cada uno, y finalmente Sucre y Beni con dos, respectivamente.<br \/>\nEl \u00faltimo caso ocurri\u00f3 en la comunidad de Sorata, municipio de Sipe Sipe, donde Jos\u00e9 R. V. confes\u00f3 haber estrangulado a su concubina hasta la muerte luego de una discusi\u00f3n, dejando tres menores en la orfandad.<br \/>\nLa Fundaci\u00f3n Voces Libres, que monitorea estos cr\u00edmenes y asiste a las v\u00edctimas con defensa legal y ayuda psicol\u00f3gica profesional, busca responder por qu\u00e9 la violencia contra las mujeres ha recrudecido en este tiempo. La coordinadora nacional de esta organizaci\u00f3n, Mercedes Cortez, identific\u00f3 cinco motivos.<\/p>\n<p>VIOLENCIA<br \/>\nNATURALIZADA<br \/>\nEn primer lugar, existe una \u201cnormalizaci\u00f3n\u201d de la violencia en todos los \u00e1mbitos: en las calles, en los mercados, en las escuelas, en las universidades, en el trabajo, en los espacios culturales, deportivos, a trav\u00e9s de los medios de comunicaci\u00f3n, las redes sociales y, sobre todo, en las familias.<br \/>\nEn estos espacios es com\u00fan que se vea con normalidad que, por ejemplo, los parientes de un agresor justifiquen sus malos actos culpabilizando a las v\u00edctimas y oblig\u00e1ndolas a la conciliaci\u00f3n y a dar una \u201csegunda oportunidad\u201d que muchas veces se convierte en la \u00faltima de sus vidas.<\/p>\n<p>FALTA DE EDUCACI\u00d3N<br \/>\nEl segundo motivo es la falta de pol\u00edticas de educaci\u00f3n y concientizaci\u00f3n, detalla Cortez. \u201cNo hay una pol\u00edtica integral que concientice y eduque a los habitantes de Bolivia de todas las edades. No hay escuelas de padres, no hay terapia para parejas, no existe una educaci\u00f3n que ense\u00f1e a las mujeres a reconocer las se\u00f1ales de alerta para que denuncien a tiempo y solo se dan cuenta cuando la violencia ya es extrema, cuando el feminicidio es inminente\u201d.<br \/>\nEn uno de los \u00faltimos casos conocidos en Cochabamba, una joven madre que iba a cumplir 25 a\u00f1os, Jhoselin C., se encontr\u00f3 con su exmarido horas antes de morir. \u00c9l se hab\u00eda negado a pagar la asistencia familiar para sus dos hijas y la hab\u00eda amenazado con \u201chacerle algo\u201d, lo que asust\u00f3 a las criaturas que la acompa\u00f1aban. Horas despu\u00e9s, el cuerpo sin vida de la mujer fue encontrado colgado de un \u00e1rbol.<\/p>\n<p>IMPUNIDAD<br \/>\nCuando se tolera la violencia a trav\u00e9s de un sistema judicial penal colapsado, burocr\u00e1tico e insensible y que no est\u00e1 preparado para recibir y procesar los casos de violencia intrafamiliar, el tercer motivo es la impunidad.<br \/>\nEl 70% de toda la carga procesal penal corresponde a delitos por violencia previstos en la Ley 348. El 99,3% de los procesos por violencia intrafamiliar no llega a una sentencia y en los pocos casos en los que s\u00ed se obtiene una, \u00e9stas consisten en sanciones alternativas como multas o trabajos comunitarios tales como limpieza de parques, calles y otros.<br \/>\n\u201cEste tipo de sanciones son irrisorias y est\u00e1n legitimando la violencia. Vemos que la justicia est\u00e1 tolerando la violencia y que la sociedad tambi\u00e9n es c\u00f3mplice de la violencia porque nadie quiere intervenir en la golpiza a una mujer. Creemos que urge reforzar el sistema judicial para que sea m\u00e1s efectivo, inmediato y que sancione la violencia cuando est\u00e1 en sus primeras fases, no solo cuando ya se convierten en feminicidios\u201d, agreg\u00f3.<\/p>\n<p>DEPENDENCIA<br \/>\nECON\u00d3MICA<br \/>\nEl cuarto motivo es la dependencia econ\u00f3mica de las mujeres respecto a sus agresores. A muchas no les permitieron estudiar ni aprender oficios para que se queden en casa cuidando a los ni\u00f1os. Separarse de sus agresores les causa ansiedad porque no tienen dinero para tomar un alquiler. Por su falta de estudios y capacitaci\u00f3n, no tienen facilidades laborales y tampoco saben con qui\u00e9n dejar a sus hijos para emprender, observ\u00f3 Cortez.<br \/>\nAsimismo, el Gobierno se ha limitado a ofrecer casas de acogida en dos o tres departamentos del pa\u00eds. No hay una pol\u00edtica integral que fortalezca a las mujeres v\u00edctimas y les provea de las herramientas necesarias para cortar con esa dependencia.<br \/>\n\u201cSe necesitan planes de vivienda, planes de trabajo, de capacitaci\u00f3n y formaci\u00f3n t\u00e9cnica, planes de emprendimientos econ\u00f3micos factibles, centros infantiles estatales para el cuidado de ni\u00f1os, pero los gobiernos no los proponen ni invierten en esto. Hacen falta pol\u00edticas de Estado que realmente respondan a las necesidades de las mujeres que est\u00e1n enfrentando situaciones de violencia\u201d, detall\u00f3.<\/p>\n<p>LEY 348<br \/>\nEl quinto motivo es la ausencia de una aplicaci\u00f3n efectiva de esta normativa. Si bien la Ley 348 est\u00e1 catalogada entre las mejores leyes de una regi\u00f3n de 32 pa\u00edses, en los hechos sigue siendo una teor\u00eda porque no se aplica como ha sido dise\u00f1ada y promulgada. Asimismo, la ley no estuvo acompa\u00f1ada de una estrategia econ\u00f3mica ni de una pol\u00edtica integral, por lo tanto no se aplica como ha sido concebida, observ\u00f3 la profesional.<br \/>\nEstos incumplimientos han generado, por ejemplo, que a 11 a\u00f1os de su promulgaci\u00f3n, no existan centros de rehabilitaci\u00f3n del Estado para agresores y que no haya una norma que proteja a los ni\u00f1os, ni\u00f1as y adolescentes que quedan hu\u00e9rfanos.<\/p>\n<p>PALABRAS QUE MATAN<br \/>\n\u201cComo si todo esto fuese poco, se suman los discursos de odio de algunas autoridades que causan confrontaci\u00f3n entre hombres y mujeres, pero que, de alguna manera manda un mensaje de minimizaci\u00f3n y legitimizaci\u00f3n de la violencia al asegurar que todas las v\u00edctimas estar\u00edan mintiendo o manipulando los casos, lo cual es una cobard\u00eda y una falta de respeto a lo que vemos a diario\u201d, manifest\u00f3 Cortez.<br \/>\nAgreg\u00f3 que desde que se emitieron esos discursos de odio por parte de altas autoridades de Gobierno, se ha desatado una ola de feminicidios en el pa\u00eds junto con amenazas de modificaci\u00f3n de una Ley que ni siquiera el Estado cumple.<br \/>\nPara ilustrar esto, explic\u00f3 que hasta el 17 de abril, cuando una autoridad pronunci\u00f3 un discurso calificando la Ley 348 como \u201cuna norma antihombres\u201d, hab\u00edan 17 feminicidios en Bolivia. Desde entonces, se registraron otros 24 casos en dos meses. (Con informaci\u00f3n de Voces Libres)<\/p>\n<p>&nbsp;<\/p>\n","protected":false},"excerpt":{"rendered":"<p>En solamente 16 d\u00edas, cuatro mujeres han sido asesinadas en Cochabamba por sus esposos, parejas y exparejas, todas j\u00f3venes madres menores de 32 a\u00f1os; en total, 12 ni\u00f1os, ni\u00f1as y adolescentes quedaron hu\u00e9rfanos por los cr\u00edmenes de cuatro feminicidas. Con estos casos, Cochabamba volvi\u00f3 al primer lugar en feminicidios de Bolivia, junto a La Paz, [&hellip;]<\/p>\n","protected":false},"author":1,"featured_media":228867,"comment_status":"open","ping_status":"open","sticky":false,"template":"","format":"standard","meta":{"_acf_changed":false,"footnotes":""},"categories":[39],"tags":[],"class_list":["post-228866","post","type-post","status-publish","format-standard","has-post-thumbnail","category-sociedad"],"acf":{"antetitulo":"41 mujeres victimadas en 2024"},"yoast_head":"<!-- This site is optimized with the Yoast SEO plugin v28.4 - https:\/\/yoast.com\/product\/yoast-seo-wordpress\/ -->\n<title>Cochabamba alcanza primer lugar en feminicidios del a\u00f1o - El Diario - Bolivia<\/title>\n<meta name=\"robots\" content=\"index, follow, max-snippet:-1, max-image-preview:large, max-video-preview:-1\" \/>\n<link rel=\"canonical\" href=\"https:\/\/www.eldiario.net\/portal\/2024\/06\/22\/cochabamba-alcanza-primer-lugar-en-feminicidios-del-ano\/\" \/>\n<meta property=\"og:locale\" content=\"es_ES\" \/>\n<meta property=\"og:type\" content=\"article\" \/>\n<meta property=\"og:title\" content=\"Cochabamba alcanza primer lugar en feminicidios del a\u00f1o - El Diario - Bolivia\" \/>\n<meta property=\"og:description\" content=\"En solamente 16 d\u00edas, cuatro mujeres han sido asesinadas en Cochabamba por sus esposos, parejas y exparejas, todas j\u00f3venes madres menores de 32 a\u00f1os; en total, 12 ni\u00f1os, ni\u00f1as y adolescentes quedaron hu\u00e9rfanos por los cr\u00edmenes de cuatro feminicidas. Con estos casos, Cochabamba volvi\u00f3 al primer lugar en feminicidios de Bolivia, junto a La Paz, [&hellip;]\" \/>\n<meta property=\"og:url\" content=\"https:\/\/www.eldiario.net\/portal\/2024\/06\/22\/cochabamba-alcanza-primer-lugar-en-feminicidios-del-ano\/\" \/>\n<meta property=\"og:site_name\" content=\"El Diario - Bolivia\" \/>\n<meta property=\"article:publisher\" content=\"https:\/\/www.facebook.com\/eldiario.bolivia\/\" \/>\n<meta property=\"article:published_time\" content=\"2024-06-22T13:52:29+00:00\" \/>\n<meta property=\"og:image\" content=\"https:\/\/www.eldiario.net\/portal\/wp-content\/uploads\/2024\/06\/22-FEM.jpg\" \/>\n\t<meta property=\"og:image:width\" content=\"1200\" \/>\n\t<meta property=\"og:image:height\" content=\"814\" \/>\n\t<meta property=\"og:image:type\" content=\"image\/jpeg\" \/>\n<meta name=\"author\" content=\"Jeanette\" \/>\n<meta name=\"twitter:card\" content=\"summary_large_image\" \/>\n<meta name=\"twitter:creator\" content=\"@eldiario_net\" \/>\n<meta name=\"twitter:site\" content=\"@eldiario_net\" \/>\n<meta name=\"twitter:label1\" content=\"Escrito por\" \/>\n\t<meta name=\"twitter:data1\" content=\"Jeanette\" \/>\n\t<meta name=\"twitter:label2\" content=\"Tiempo de lectura\" \/>\n\t<meta name=\"twitter:data2\" content=\"6 minutos\" \/>\n<script type=\"application\/ld+json\" class=\"yoast-schema-graph\">{\"@context\":\"https:\\\/\\\/schema.org\",\"@graph\":[{\"@type\":\"Article\",\"@id\":\"https:\\\/\\\/www.eldiario.net\\\/portal\\\/2024\\\/06\\\/22\\\/cochabamba-alcanza-primer-lugar-en-feminicidios-del-ano\\\/#article\",\"isPartOf\":{\"@id\":\"https:\\\/\\\/www.eldiario.net\\\/portal\\\/2024\\\/06\\\/22\\\/cochabamba-alcanza-primer-lugar-en-feminicidios-del-ano\\\/\"},\"author\":{\"name\":\"Jeanette\",\"@id\":\"https:\\\/\\\/www.eldiario.net\\\/portal\\\/#\\\/schema\\\/person\\\/f46445640444750d7d753ccd04ae01b7\"},\"headline\":\"Cochabamba alcanza primer lugar en feminicidios del a\u00f1o\",\"datePublished\":\"2024-06-22T13:52:29+00:00\",\"mainEntityOfPage\":{\"@id\":\"https:\\\/\\\/www.eldiario.net\\\/portal\\\/2024\\\/06\\\/22\\\/cochabamba-alcanza-primer-lugar-en-feminicidios-del-ano\\\/\"},\"wordCount\":1176,\"commentCount\":0,\"publisher\":{\"@id\":\"https:\\\/\\\/www.eldiario.net\\\/portal\\\/#organization\"},\"image\":{\"@id\":\"https:\\\/\\\/www.eldiario.net\\\/portal\\\/2024\\\/06\\\/22\\\/cochabamba-alcanza-primer-lugar-en-feminicidios-del-ano\\\/#primaryimage\"},\"thumbnailUrl\":\"https:\\\/\\\/www.eldiario.net\\\/portal\\\/wp-content\\\/uploads\\\/2024\\\/06\\\/22-FEM.jpg\",\"articleSection\":[\"Sociedad - Seguridad\"],\"inLanguage\":\"es\",\"potentialAction\":[{\"@type\":\"CommentAction\",\"name\":\"Comment\",\"target\":[\"https:\\\/\\\/www.eldiario.net\\\/portal\\\/2024\\\/06\\\/22\\\/cochabamba-alcanza-primer-lugar-en-feminicidios-del-ano\\\/#respond\"]}]},{\"@type\":\"WebPage\",\"@id\":\"https:\\\/\\\/www.eldiario.net\\\/portal\\\/2024\\\/06\\\/22\\\/cochabamba-alcanza-primer-lugar-en-feminicidios-del-ano\\\/\",\"url\":\"https:\\\/\\\/www.eldiario.net\\\/portal\\\/2024\\\/06\\\/22\\\/cochabamba-alcanza-primer-lugar-en-feminicidios-del-ano\\\/\",\"name\":\"Cochabamba alcanza primer lugar en feminicidios del a\u00f1o - El Diario - Bolivia\",\"isPartOf\":{\"@id\":\"https:\\\/\\\/www.eldiario.net\\\/portal\\\/#website\"},\"primaryImageOfPage\":{\"@id\":\"https:\\\/\\\/www.eldiario.net\\\/portal\\\/2024\\\/06\\\/22\\\/cochabamba-alcanza-primer-lugar-en-feminicidios-del-ano\\\/#primaryimage\"},\"image\":{\"@id\":\"https:\\\/\\\/www.eldiario.net\\\/portal\\\/2024\\\/06\\\/22\\\/cochabamba-alcanza-primer-lugar-en-feminicidios-del-ano\\\/#primaryimage\"},\"thumbnailUrl\":\"https:\\\/\\\/www.eldiario.net\\\/portal\\\/wp-content\\\/uploads\\\/2024\\\/06\\\/22-FEM.jpg\",\"datePublished\":\"2024-06-22T13:52:29+00:00\",\"breadcrumb\":{\"@id\":\"https:\\\/\\\/www.eldiario.net\\\/portal\\\/2024\\\/06\\\/22\\\/cochabamba-alcanza-primer-lugar-en-feminicidios-del-ano\\\/#breadcrumb\"},\"inLanguage\":\"es\",\"potentialAction\":[{\"@type\":\"ReadAction\",\"target\":[\"https:\\\/\\\/www.eldiario.net\\\/portal\\\/2024\\\/06\\\/22\\\/cochabamba-alcanza-primer-lugar-en-feminicidios-del-ano\\\/\"]}]},{\"@type\":\"ImageObject\",\"inLanguage\":\"es\",\"@id\":\"https:\\\/\\\/www.eldiario.net\\\/portal\\\/2024\\\/06\\\/22\\\/cochabamba-alcanza-primer-lugar-en-feminicidios-del-ano\\\/#primaryimage\",\"url\":\"https:\\\/\\\/www.eldiario.net\\\/portal\\\/wp-content\\\/uploads\\\/2024\\\/06\\\/22-FEM.jpg\",\"contentUrl\":\"https:\\\/\\\/www.eldiario.net\\\/portal\\\/wp-content\\\/uploads\\\/2024\\\/06\\\/22-FEM.jpg\",\"width\":1200,\"height\":814,\"caption\":\"Cifras actualizadas de feminicidio en Bolivia, en 2024.\"},{\"@type\":\"BreadcrumbList\",\"@id\":\"https:\\\/\\\/www.eldiario.net\\\/portal\\\/2024\\\/06\\\/22\\\/cochabamba-alcanza-primer-lugar-en-feminicidios-del-ano\\\/#breadcrumb\",\"itemListElement\":[{\"@type\":\"ListItem\",\"position\":1,\"name\":\"Portada\",\"item\":\"https:\\\/\\\/www.eldiario.net\\\/portal\\\/\"},{\"@type\":\"ListItem\",\"position\":2,\"name\":\"Cochabamba alcanza primer lugar en feminicidios del a\u00f1o\"}]},{\"@type\":\"WebSite\",\"@id\":\"https:\\\/\\\/www.eldiario.net\\\/portal\\\/#website\",\"url\":\"https:\\\/\\\/www.eldiario.net\\\/portal\\\/\",\"name\":\"El Diario - Decano de la prensa nacional\",\"description\":\"El Diario - Decano de la prensa nacional\",\"publisher\":{\"@id\":\"https:\\\/\\\/www.eldiario.net\\\/portal\\\/#organization\"},\"potentialAction\":[{\"@type\":\"SearchAction\",\"target\":{\"@type\":\"EntryPoint\",\"urlTemplate\":\"https:\\\/\\\/www.eldiario.net\\\/portal\\\/?s={search_term_string}\"},\"query-input\":{\"@type\":\"PropertyValueSpecification\",\"valueRequired\":true,\"valueName\":\"search_term_string\"}}],\"inLanguage\":\"es\"},{\"@type\":\"Organization\",\"@id\":\"https:\\\/\\\/www.eldiario.net\\\/portal\\\/#organization\",\"name\":\"El Diario - Decano de la prensa nacional\",\"url\":\"https:\\\/\\\/www.eldiario.net\\\/portal\\\/\",\"logo\":{\"@type\":\"ImageObject\",\"inLanguage\":\"es\",\"@id\":\"https:\\\/\\\/www.eldiario.net\\\/portal\\\/#\\\/schema\\\/logo\\\/image\\\/\",\"url\":\"https:\\\/\\\/www.eldiario.net\\\/portal\\\/wp-content\\\/uploads\\\/2023\\\/07\\\/logo_ED.jpg\",\"contentUrl\":\"https:\\\/\\\/www.eldiario.net\\\/portal\\\/wp-content\\\/uploads\\\/2023\\\/07\\\/logo_ED.jpg\",\"width\":272,\"height\":52,\"caption\":\"El Diario - Decano de la prensa nacional\"},\"image\":{\"@id\":\"https:\\\/\\\/www.eldiario.net\\\/portal\\\/#\\\/schema\\\/logo\\\/image\\\/\"},\"sameAs\":[\"https:\\\/\\\/www.facebook.com\\\/eldiario.bolivia\\\/\",\"https:\\\/\\\/x.com\\\/eldiario_net\"]},{\"@type\":\"Person\",\"@id\":\"https:\\\/\\\/www.eldiario.net\\\/portal\\\/#\\\/schema\\\/person\\\/f46445640444750d7d753ccd04ae01b7\",\"name\":\"Jeanette\",\"image\":{\"@type\":\"ImageObject\",\"inLanguage\":\"es\",\"@id\":\"https:\\\/\\\/secure.gravatar.com\\\/avatar\\\/3ea2118a5f7dad2b7138b1187a6b7ee55f160b9968b66013c3a3ef39dd7e5798?s=96&d=mm&r=g\",\"url\":\"https:\\\/\\\/secure.gravatar.com\\\/avatar\\\/3ea2118a5f7dad2b7138b1187a6b7ee55f160b9968b66013c3a3ef39dd7e5798?s=96&d=mm&r=g\",\"contentUrl\":\"https:\\\/\\\/secure.gravatar.com\\\/avatar\\\/3ea2118a5f7dad2b7138b1187a6b7ee55f160b9968b66013c3a3ef39dd7e5798?s=96&d=mm&r=g\",\"caption\":\"Jeanette\"},\"sameAs\":[\"https:\\\/\\\/www.eldiario.net\\\/portal\"],\"url\":\"https:\\\/\\\/www.eldiario.net\\\/portal\\\/author\\\/jeanette\\\/\"}]}<\/script>\n<!-- \/ Yoast SEO plugin. -->","yoast_head_json":{"title":"Cochabamba alcanza primer lugar en feminicidios del a\u00f1o - El Diario - Bolivia","robots":{"index":"index","follow":"follow","max-snippet":"max-snippet:-1","max-image-preview":"max-image-preview:large","max-video-preview":"max-video-preview:-1"},"canonical":"https:\/\/www.eldiario.net\/portal\/2024\/06\/22\/cochabamba-alcanza-primer-lugar-en-feminicidios-del-ano\/","og_locale":"es_ES","og_type":"article","og_title":"Cochabamba alcanza primer lugar en feminicidios del a\u00f1o - El Diario - Bolivia","og_description":"En solamente 16 d\u00edas, cuatro mujeres han sido asesinadas en Cochabamba por sus esposos, parejas y exparejas, todas j\u00f3venes madres menores de 32 a\u00f1os; en total, 12 ni\u00f1os, ni\u00f1as y adolescentes quedaron hu\u00e9rfanos por los cr\u00edmenes de cuatro feminicidas. Con estos casos, Cochabamba volvi\u00f3 al primer lugar en feminicidios de Bolivia, junto a La Paz, [&hellip;]","og_url":"https:\/\/www.eldiario.net\/portal\/2024\/06\/22\/cochabamba-alcanza-primer-lugar-en-feminicidios-del-ano\/","og_site_name":"El Diario - Bolivia","article_publisher":"https:\/\/www.facebook.com\/eldiario.bolivia\/","article_published_time":"2024-06-22T13:52:29+00:00","og_image":[{"width":1200,"height":814,"url":"https:\/\/www.eldiario.net\/portal\/wp-content\/uploads\/2024\/06\/22-FEM.jpg","type":"image\/jpeg"}],"author":"Jeanette","twitter_card":"summary_large_image","twitter_creator":"@eldiario_net","twitter_site":"@eldiario_net","twitter_misc":{"Escrito por":"Jeanette","Tiempo de lectura":"6 minutos"},"schema":{"@context":"https:\/\/schema.org","@graph":[{"@type":"Article","@id":"https:\/\/www.eldiario.net\/portal\/2024\/06\/22\/cochabamba-alcanza-primer-lugar-en-feminicidios-del-ano\/#article","isPartOf":{"@id":"https:\/\/www.eldiario.net\/portal\/2024\/06\/22\/cochabamba-alcanza-primer-lugar-en-feminicidios-del-ano\/"},"author":{"name":"Jeanette","@id":"https:\/\/www.eldiario.net\/portal\/#\/schema\/person\/f46445640444750d7d753ccd04ae01b7"},"headline":"Cochabamba alcanza primer lugar en feminicidios del a\u00f1o","datePublished":"2024-06-22T13:52:29+00:00","mainEntityOfPage":{"@id":"https:\/\/www.eldiario.net\/portal\/2024\/06\/22\/cochabamba-alcanza-primer-lugar-en-feminicidios-del-ano\/"},"wordCount":1176,"commentCount":0,"publisher":{"@id":"https:\/\/www.eldiario.net\/portal\/#organization"},"image":{"@id":"https:\/\/www.eldiario.net\/portal\/2024\/06\/22\/cochabamba-alcanza-primer-lugar-en-feminicidios-del-ano\/#primaryimage"},"thumbnailUrl":"https:\/\/www.eldiario.net\/portal\/wp-content\/uploads\/2024\/06\/22-FEM.jpg","articleSection":["Sociedad - Seguridad"],"inLanguage":"es","potentialAction":[{"@type":"CommentAction","name":"Comment","target":["https:\/\/www.eldiario.net\/portal\/2024\/06\/22\/cochabamba-alcanza-primer-lugar-en-feminicidios-del-ano\/#respond"]}]},{"@type":"WebPage","@id":"https:\/\/www.eldiario.net\/portal\/2024\/06\/22\/cochabamba-alcanza-primer-lugar-en-feminicidios-del-ano\/","url":"https:\/\/www.eldiario.net\/portal\/2024\/06\/22\/cochabamba-alcanza-primer-lugar-en-feminicidios-del-ano\/","name":"Cochabamba alcanza primer lugar en feminicidios del a\u00f1o - El Diario - Bolivia","isPartOf":{"@id":"https:\/\/www.eldiario.net\/portal\/#website"},"primaryImageOfPage":{"@id":"https:\/\/www.eldiario.net\/portal\/2024\/06\/22\/cochabamba-alcanza-primer-lugar-en-feminicidios-del-ano\/#primaryimage"},"image":{"@id":"https:\/\/www.eldiario.net\/portal\/2024\/06\/22\/cochabamba-alcanza-primer-lugar-en-feminicidios-del-ano\/#primaryimage"},"thumbnailUrl":"https:\/\/www.eldiario.net\/portal\/wp-content\/uploads\/2024\/06\/22-FEM.jpg","datePublished":"2024-06-22T13:52:29+00:00","breadcrumb":{"@id":"https:\/\/www.eldiario.net\/portal\/2024\/06\/22\/cochabamba-alcanza-primer-lugar-en-feminicidios-del-ano\/#breadcrumb"},"inLanguage":"es","potentialAction":[{"@type":"ReadAction","target":["https:\/\/www.eldiario.net\/portal\/2024\/06\/22\/cochabamba-alcanza-primer-lugar-en-feminicidios-del-ano\/"]}]},{"@type":"ImageObject","inLanguage":"es","@id":"https:\/\/www.eldiario.net\/portal\/2024\/06\/22\/cochabamba-alcanza-primer-lugar-en-feminicidios-del-ano\/#primaryimage","url":"https:\/\/www.eldiario.net\/portal\/wp-content\/uploads\/2024\/06\/22-FEM.jpg","contentUrl":"https:\/\/www.eldiario.net\/portal\/wp-content\/uploads\/2024\/06\/22-FEM.jpg","width":1200,"height":814,"caption":"Cifras actualizadas de feminicidio en Bolivia, en 2024."},{"@type":"BreadcrumbList","@id":"https:\/\/www.eldiario.net\/portal\/2024\/06\/22\/cochabamba-alcanza-primer-lugar-en-feminicidios-del-ano\/#breadcrumb","itemListElement":[{"@type":"ListItem","position":1,"name":"Portada","item":"https:\/\/www.eldiario.net\/portal\/"},{"@type":"ListItem","position":2,"name":"Cochabamba alcanza primer lugar en feminicidios del a\u00f1o"}]},{"@type":"WebSite","@id":"https:\/\/www.eldiario.net\/portal\/#website","url":"https:\/\/www.eldiario.net\/portal\/","name":"El Diario - Decano de la prensa nacional","description":"El Diario - Decano de la prensa nacional","publisher":{"@id":"https:\/\/www.eldiario.net\/portal\/#organization"},"potentialAction":[{"@type":"SearchAction","target":{"@type":"EntryPoint","urlTemplate":"https:\/\/www.eldiario.net\/portal\/?s={search_term_string}"},"query-input":{"@type":"PropertyValueSpecification","valueRequired":true,"valueName":"search_term_string"}}],"inLanguage":"es"},{"@type":"Organization","@id":"https:\/\/www.eldiario.net\/portal\/#organization","name":"El Diario - Decano de la prensa nacional","url":"https:\/\/www.eldiario.net\/portal\/","logo":{"@type":"ImageObject","inLanguage":"es","@id":"https:\/\/www.eldiario.net\/portal\/#\/schema\/logo\/image\/","url":"https:\/\/www.eldiario.net\/portal\/wp-content\/uploads\/2023\/07\/logo_ED.jpg","contentUrl":"https:\/\/www.eldiario.net\/portal\/wp-content\/uploads\/2023\/07\/logo_ED.jpg","width":272,"height":52,"caption":"El Diario - Decano de la prensa nacional"},"image":{"@id":"https:\/\/www.eldiario.net\/portal\/#\/schema\/logo\/image\/"},"sameAs":["https:\/\/www.facebook.com\/eldiario.bolivia\/","https:\/\/x.com\/eldiario_net"]},{"@type":"Person","@id":"https:\/\/www.eldiario.net\/portal\/#\/schema\/person\/f46445640444750d7d753ccd04ae01b7","name":"Jeanette","image":{"@type":"ImageObject","inLanguage":"es","@id":"https:\/\/secure.gravatar.com\/avatar\/3ea2118a5f7dad2b7138b1187a6b7ee55f160b9968b66013c3a3ef39dd7e5798?s=96&d=mm&r=g","url":"https:\/\/secure.gravatar.com\/avatar\/3ea2118a5f7dad2b7138b1187a6b7ee55f160b9968b66013c3a3ef39dd7e5798?s=96&d=mm&r=g","contentUrl":"https:\/\/secure.gravatar.com\/avatar\/3ea2118a5f7dad2b7138b1187a6b7ee55f160b9968b66013c3a3ef39dd7e5798?s=96&d=mm&r=g","caption":"Jeanette"},"sameAs":["https:\/\/www.eldiario.net\/portal"],"url":"https:\/\/www.eldiario.net\/portal\/author\/jeanette\/"}]}},"_links":{"self":[{"href":"https:\/\/www.eldiario.net\/portal\/wp-json\/wp\/v2\/posts\/228866","targetHints":{"allow":["GET"]}}],"collection":[{"href":"https:\/\/www.eldiario.net\/portal\/wp-json\/wp\/v2\/posts"}],"about":[{"href":"https:\/\/www.eldiario.net\/portal\/wp-json\/wp\/v2\/types\/post"}],"author":[{"embeddable":true,"href":"https:\/\/www.eldiario.net\/portal\/wp-json\/wp\/v2\/users\/1"}],"replies":[{"embeddable":true,"href":"https:\/\/www.eldiario.net\/portal\/wp-json\/wp\/v2\/comments?post=228866"}],"version-history":[{"count":1,"href":"https:\/\/www.eldiario.net\/portal\/wp-json\/wp\/v2\/posts\/228866\/revisions"}],"predecessor-version":[{"id":228868,"href":"https:\/\/www.eldiario.net\/portal\/wp-json\/wp\/v2\/posts\/228866\/revisions\/228868"}],"wp:featuredmedia":[{"embeddable":true,"href":"https:\/\/www.eldiario.net\/portal\/wp-json\/wp\/v2\/media\/228867"}],"wp:attachment":[{"href":"https:\/\/www.eldiario.net\/portal\/wp-json\/wp\/v2\/media?parent=228866"}],"wp:term":[{"taxonomy":"category","embeddable":true,"href":"https:\/\/www.eldiario.net\/portal\/wp-json\/wp\/v2\/categories?post=228866"},{"taxonomy":"post_tag","embeddable":true,"href":"https:\/\/www.eldiario.net\/portal\/wp-json\/wp\/v2\/tags?post=228866"}],"curies":[{"name":"wp","href":"https:\/\/api.w.org\/{rel}","templated":true}]}}