{"id":228863,"date":"2024-06-22T09:51:50","date_gmt":"2024-06-22T13:51:50","guid":{"rendered":"https:\/\/www.eldiario.net\/portal\/?p=228863"},"modified":"2024-06-22T09:51:50","modified_gmt":"2024-06-22T13:51:50","slug":"denuncian-que-policias-en-estado-de-ebriedad-ocasionan-accidente","status":"publish","type":"post","link":"https:\/\/www.eldiario.net\/portal\/2024\/06\/22\/denuncian-que-policias-en-estado-de-ebriedad-ocasionan-accidente\/","title":{"rendered":"Denuncian que polic\u00edas en estado de ebriedad ocasionan accidente"},"content":{"rendered":"<p>Dos presuntos efectivos policiales ocasionaron ayer un hecho de tr\u00e1nsito en la avenida Alemana, en la ciudad de Santa Cruz de la Sierra, ocasionando da\u00f1os materiales a dos veh\u00edculos, aunque afortunadamente sin personas afectadas; una mujer cuyo autom\u00f3vil result\u00f3 afectado asegur\u00f3 que dos elementos de la Polic\u00eda iban a bordo del veh\u00edculo con su uniforme y en estado de ebriedad, pero que se negaron a mostrar su documentaci\u00f3n.<br \/>\nEl hecho ocurri\u00f3 ayer alrededor del mediod\u00eda, a la altura del Sexto Anillo de la avenida Alemana de la capital cruce\u00f1a. En im\u00e1genes de seguridad puede observarse c\u00f3mo el veh\u00edculo colisiona a gran velocidad con otro motorizado aparcado a un lado de la avenida, llegando a volcarse por el impacto y haciendo que el afectado colisione con un tercer veh\u00edculo.<br \/>\nLa mujer relat\u00f3 que se dirig\u00eda a comprar alimentos para sus mascotas, cuando s\u00fabitamente escuch\u00f3 un fuerte golpe que asust\u00f3 a sus hijos, quienes gritaron por el incidente.<br \/>\n\u201cLa\u00a0movilidad (que los choc\u00f3) da vuelta de campana,\u00a0queda volcada en la vereda y\u00a0yo voy a percatarme qui\u00e9nes estaban. Eran\u00a0dos oficiales que estaban en estado de ebriedad y con uniforme, estaban con una persona mayor de 60 a 70 a\u00f1os\u201d, denunci\u00f3 la mujer a Unitel, quien afirm\u00f3 que se tratar\u00eda de la madre de los presuntos elementos policiales.<br \/>\nAgreg\u00f3 que, poco despu\u00e9s del impacto, un tercer uniformado lleg\u00f3 con la intenci\u00f3n de detener a uno de los sujetos que estaban dentro del autom\u00f3vil siniestrado, a lo que ella se opuso. \u201cNo se van a ir hasta que nos muestren sus licencias\u201d, sostuvo la mujer. Acto seguido, el uniformado escondi\u00f3 en su bolsillo la licencia del hombre que estaba en aparente estado de ebriedad.<br \/>\nENCUBRIENDO<br \/>\nAL RESPONSABLE<br \/>\nDe acuerdo con el reporte de la red televisiva, la mujer inform\u00f3 que los vecinos tuvieron que intervenir para que el polic\u00eda exhiba la licencia de conducir del conductor. Habr\u00eda escuchado decirle \u201cno te preocupes, te vamos a guardar\u201d al conductor.<br \/>\nAsimismo, la mujer asegur\u00f3 que eran polic\u00edas debido a que portaban el uniforme y que habr\u00edan pretendido llevarse al esposo a dependencias policiales. Respecto a los da\u00f1os materiales que sufri\u00f3, le habr\u00edan dicho \u201c\u00bfpor qu\u00e9 te quejas si el seguro te va a cubrir?\u201d, coment\u00f3 la mujer.<br \/>\nLos supuestos oficiales habr\u00edan conducido un veh\u00edculo chuto, pues un familiar abogado de la mujer verific\u00f3 esta irregularidad en el chasis del coche, seg\u00fan su testimonio. Se aguarda un reporte oficial por parte de las autoridades respecto a este ins\u00f3lito hecho que qued\u00f3 captado en im\u00e1genes de seguridad de la zona.<\/p>\n","protected":false},"excerpt":{"rendered":"<p>Dos presuntos efectivos policiales ocasionaron ayer un hecho de tr\u00e1nsito en la avenida Alemana, en la ciudad de Santa Cruz de la Sierra, ocasionando da\u00f1os materiales a dos veh\u00edculos, aunque afortunadamente sin personas afectadas; una mujer cuyo autom\u00f3vil result\u00f3 afectado asegur\u00f3 que dos elementos de la Polic\u00eda iban a bordo del veh\u00edculo con su uniforme [&hellip;]<\/p>\n","protected":false},"author":1,"featured_media":228864,"comment_status":"open","ping_status":"open","sticky":false,"template":"","format":"standard","meta":{"_acf_changed":false,"footnotes":""},"categories":[39],"tags":[],"class_list":["post-228863","post","type-post","status-publish","format-standard","has-post-thumbnail","category-sociedad"],"acf":{"antetitulo":"Santa Cruz"},"yoast_head":"<!-- This site is optimized with the Yoast SEO plugin v28.4 - https:\/\/yoast.com\/product\/yoast-seo-wordpress\/ -->\n<title>Denuncian que polic\u00edas en estado de ebriedad ocasionan accidente - El Diario - Bolivia<\/title>\n<meta name=\"robots\" content=\"index, follow, max-snippet:-1, max-image-preview:large, max-video-preview:-1\" \/>\n<link rel=\"canonical\" href=\"https:\/\/www.eldiario.net\/portal\/2024\/06\/22\/denuncian-que-policias-en-estado-de-ebriedad-ocasionan-accidente\/\" \/>\n<meta property=\"og:locale\" content=\"es_ES\" \/>\n<meta property=\"og:type\" content=\"article\" \/>\n<meta property=\"og:title\" content=\"Denuncian que polic\u00edas en estado de ebriedad ocasionan accidente - El Diario - Bolivia\" \/>\n<meta property=\"og:description\" content=\"Dos presuntos efectivos policiales ocasionaron ayer un hecho de tr\u00e1nsito en la avenida Alemana, en la ciudad de Santa Cruz de la Sierra, ocasionando da\u00f1os materiales a dos veh\u00edculos, aunque afortunadamente sin personas afectadas; una mujer cuyo autom\u00f3vil result\u00f3 afectado asegur\u00f3 que dos elementos de la Polic\u00eda iban a bordo del veh\u00edculo con su uniforme [&hellip;]\" \/>\n<meta property=\"og:url\" content=\"https:\/\/www.eldiario.net\/portal\/2024\/06\/22\/denuncian-que-policias-en-estado-de-ebriedad-ocasionan-accidente\/\" \/>\n<meta property=\"og:site_name\" content=\"El Diario - Bolivia\" \/>\n<meta property=\"article:publisher\" content=\"https:\/\/www.facebook.com\/eldiario.bolivia\/\" \/>\n<meta property=\"article:published_time\" content=\"2024-06-22T13:51:50+00:00\" \/>\n<meta property=\"og:image\" content=\"https:\/\/www.eldiario.net\/portal\/wp-content\/uploads\/2024\/06\/22-EBR.jpg\" \/>\n\t<meta property=\"og:image:width\" content=\"1035\" \/>\n\t<meta property=\"og:image:height\" content=\"545\" \/>\n\t<meta property=\"og:image:type\" content=\"image\/jpeg\" \/>\n<meta name=\"author\" content=\"Jeanette\" \/>\n<meta name=\"twitter:card\" content=\"summary_large_image\" \/>\n<meta name=\"twitter:creator\" content=\"@eldiario_net\" \/>\n<meta name=\"twitter:site\" content=\"@eldiario_net\" \/>\n<meta name=\"twitter:label1\" content=\"Escrito por\" \/>\n\t<meta name=\"twitter:data1\" content=\"Jeanette\" \/>\n\t<meta name=\"twitter:label2\" content=\"Tiempo de lectura\" \/>\n\t<meta name=\"twitter:data2\" content=\"3 minutos\" \/>\n<script type=\"application\/ld+json\" class=\"yoast-schema-graph\">{\"@context\":\"https:\\\/\\\/schema.org\",\"@graph\":[{\"@type\":\"Article\",\"@id\":\"https:\\\/\\\/www.eldiario.net\\\/portal\\\/2024\\\/06\\\/22\\\/denuncian-que-policias-en-estado-de-ebriedad-ocasionan-accidente\\\/#article\",\"isPartOf\":{\"@id\":\"https:\\\/\\\/www.eldiario.net\\\/portal\\\/2024\\\/06\\\/22\\\/denuncian-que-policias-en-estado-de-ebriedad-ocasionan-accidente\\\/\"},\"author\":{\"name\":\"Jeanette\",\"@id\":\"https:\\\/\\\/www.eldiario.net\\\/portal\\\/#\\\/schema\\\/person\\\/f46445640444750d7d753ccd04ae01b7\"},\"headline\":\"Denuncian que polic\u00edas en estado de ebriedad ocasionan accidente\",\"datePublished\":\"2024-06-22T13:51:50+00:00\",\"mainEntityOfPage\":{\"@id\":\"https:\\\/\\\/www.eldiario.net\\\/portal\\\/2024\\\/06\\\/22\\\/denuncian-que-policias-en-estado-de-ebriedad-ocasionan-accidente\\\/\"},\"wordCount\":464,\"commentCount\":0,\"publisher\":{\"@id\":\"https:\\\/\\\/www.eldiario.net\\\/portal\\\/#organization\"},\"image\":{\"@id\":\"https:\\\/\\\/www.eldiario.net\\\/portal\\\/2024\\\/06\\\/22\\\/denuncian-que-policias-en-estado-de-ebriedad-ocasionan-accidente\\\/#primaryimage\"},\"thumbnailUrl\":\"https:\\\/\\\/www.eldiario.net\\\/portal\\\/wp-content\\\/uploads\\\/2024\\\/06\\\/22-EBR.jpg\",\"articleSection\":[\"Sociedad - Seguridad\"],\"inLanguage\":\"es\",\"potentialAction\":[{\"@type\":\"CommentAction\",\"name\":\"Comment\",\"target\":[\"https:\\\/\\\/www.eldiario.net\\\/portal\\\/2024\\\/06\\\/22\\\/denuncian-que-policias-en-estado-de-ebriedad-ocasionan-accidente\\\/#respond\"]}]},{\"@type\":\"WebPage\",\"@id\":\"https:\\\/\\\/www.eldiario.net\\\/portal\\\/2024\\\/06\\\/22\\\/denuncian-que-policias-en-estado-de-ebriedad-ocasionan-accidente\\\/\",\"url\":\"https:\\\/\\\/www.eldiario.net\\\/portal\\\/2024\\\/06\\\/22\\\/denuncian-que-policias-en-estado-de-ebriedad-ocasionan-accidente\\\/\",\"name\":\"Denuncian que polic\u00edas en estado de ebriedad ocasionan accidente - El Diario - Bolivia\",\"isPartOf\":{\"@id\":\"https:\\\/\\\/www.eldiario.net\\\/portal\\\/#website\"},\"primaryImageOfPage\":{\"@id\":\"https:\\\/\\\/www.eldiario.net\\\/portal\\\/2024\\\/06\\\/22\\\/denuncian-que-policias-en-estado-de-ebriedad-ocasionan-accidente\\\/#primaryimage\"},\"image\":{\"@id\":\"https:\\\/\\\/www.eldiario.net\\\/portal\\\/2024\\\/06\\\/22\\\/denuncian-que-policias-en-estado-de-ebriedad-ocasionan-accidente\\\/#primaryimage\"},\"thumbnailUrl\":\"https:\\\/\\\/www.eldiario.net\\\/portal\\\/wp-content\\\/uploads\\\/2024\\\/06\\\/22-EBR.jpg\",\"datePublished\":\"2024-06-22T13:51:50+00:00\",\"breadcrumb\":{\"@id\":\"https:\\\/\\\/www.eldiario.net\\\/portal\\\/2024\\\/06\\\/22\\\/denuncian-que-policias-en-estado-de-ebriedad-ocasionan-accidente\\\/#breadcrumb\"},\"inLanguage\":\"es\",\"potentialAction\":[{\"@type\":\"ReadAction\",\"target\":[\"https:\\\/\\\/www.eldiario.net\\\/portal\\\/2024\\\/06\\\/22\\\/denuncian-que-policias-en-estado-de-ebriedad-ocasionan-accidente\\\/\"]}]},{\"@type\":\"ImageObject\",\"inLanguage\":\"es\",\"@id\":\"https:\\\/\\\/www.eldiario.net\\\/portal\\\/2024\\\/06\\\/22\\\/denuncian-que-policias-en-estado-de-ebriedad-ocasionan-accidente\\\/#primaryimage\",\"url\":\"https:\\\/\\\/www.eldiario.net\\\/portal\\\/wp-content\\\/uploads\\\/2024\\\/06\\\/22-EBR.jpg\",\"contentUrl\":\"https:\\\/\\\/www.eldiario.net\\\/portal\\\/wp-content\\\/uploads\\\/2024\\\/06\\\/22-EBR.jpg\",\"width\":1035,\"height\":545,\"caption\":\"El accidente ocurri\u00f3 ayer, pasado el mediod\u00eda.\"},{\"@type\":\"BreadcrumbList\",\"@id\":\"https:\\\/\\\/www.eldiario.net\\\/portal\\\/2024\\\/06\\\/22\\\/denuncian-que-policias-en-estado-de-ebriedad-ocasionan-accidente\\\/#breadcrumb\",\"itemListElement\":[{\"@type\":\"ListItem\",\"position\":1,\"name\":\"Portada\",\"item\":\"https:\\\/\\\/www.eldiario.net\\\/portal\\\/\"},{\"@type\":\"ListItem\",\"position\":2,\"name\":\"Denuncian que polic\u00edas en estado de ebriedad ocasionan accidente\"}]},{\"@type\":\"WebSite\",\"@id\":\"https:\\\/\\\/www.eldiario.net\\\/portal\\\/#website\",\"url\":\"https:\\\/\\\/www.eldiario.net\\\/portal\\\/\",\"name\":\"El Diario - Decano de la prensa nacional\",\"description\":\"El Diario - Decano de la prensa nacional\",\"publisher\":{\"@id\":\"https:\\\/\\\/www.eldiario.net\\\/portal\\\/#organization\"},\"potentialAction\":[{\"@type\":\"SearchAction\",\"target\":{\"@type\":\"EntryPoint\",\"urlTemplate\":\"https:\\\/\\\/www.eldiario.net\\\/portal\\\/?s={search_term_string}\"},\"query-input\":{\"@type\":\"PropertyValueSpecification\",\"valueRequired\":true,\"valueName\":\"search_term_string\"}}],\"inLanguage\":\"es\"},{\"@type\":\"Organization\",\"@id\":\"https:\\\/\\\/www.eldiario.net\\\/portal\\\/#organization\",\"name\":\"El Diario - Decano de la prensa nacional\",\"url\":\"https:\\\/\\\/www.eldiario.net\\\/portal\\\/\",\"logo\":{\"@type\":\"ImageObject\",\"inLanguage\":\"es\",\"@id\":\"https:\\\/\\\/www.eldiario.net\\\/portal\\\/#\\\/schema\\\/logo\\\/image\\\/\",\"url\":\"https:\\\/\\\/www.eldiario.net\\\/portal\\\/wp-content\\\/uploads\\\/2023\\\/07\\\/logo_ED.jpg\",\"contentUrl\":\"https:\\\/\\\/www.eldiario.net\\\/portal\\\/wp-content\\\/uploads\\\/2023\\\/07\\\/logo_ED.jpg\",\"width\":272,\"height\":52,\"caption\":\"El Diario - Decano de la prensa nacional\"},\"image\":{\"@id\":\"https:\\\/\\\/www.eldiario.net\\\/portal\\\/#\\\/schema\\\/logo\\\/image\\\/\"},\"sameAs\":[\"https:\\\/\\\/www.facebook.com\\\/eldiario.bolivia\\\/\",\"https:\\\/\\\/x.com\\\/eldiario_net\"]},{\"@type\":\"Person\",\"@id\":\"https:\\\/\\\/www.eldiario.net\\\/portal\\\/#\\\/schema\\\/person\\\/f46445640444750d7d753ccd04ae01b7\",\"name\":\"Jeanette\",\"image\":{\"@type\":\"ImageObject\",\"inLanguage\":\"es\",\"@id\":\"https:\\\/\\\/secure.gravatar.com\\\/avatar\\\/3ea2118a5f7dad2b7138b1187a6b7ee55f160b9968b66013c3a3ef39dd7e5798?s=96&d=mm&r=g\",\"url\":\"https:\\\/\\\/secure.gravatar.com\\\/avatar\\\/3ea2118a5f7dad2b7138b1187a6b7ee55f160b9968b66013c3a3ef39dd7e5798?s=96&d=mm&r=g\",\"contentUrl\":\"https:\\\/\\\/secure.gravatar.com\\\/avatar\\\/3ea2118a5f7dad2b7138b1187a6b7ee55f160b9968b66013c3a3ef39dd7e5798?s=96&d=mm&r=g\",\"caption\":\"Jeanette\"},\"sameAs\":[\"https:\\\/\\\/www.eldiario.net\\\/portal\"],\"url\":\"https:\\\/\\\/www.eldiario.net\\\/portal\\\/author\\\/jeanette\\\/\"}]}<\/script>\n<!-- \/ Yoast SEO plugin. -->","yoast_head_json":{"title":"Denuncian que polic\u00edas en estado de ebriedad ocasionan accidente - El Diario - Bolivia","robots":{"index":"index","follow":"follow","max-snippet":"max-snippet:-1","max-image-preview":"max-image-preview:large","max-video-preview":"max-video-preview:-1"},"canonical":"https:\/\/www.eldiario.net\/portal\/2024\/06\/22\/denuncian-que-policias-en-estado-de-ebriedad-ocasionan-accidente\/","og_locale":"es_ES","og_type":"article","og_title":"Denuncian que polic\u00edas en estado de ebriedad ocasionan accidente - El Diario - Bolivia","og_description":"Dos presuntos efectivos policiales ocasionaron ayer un hecho de tr\u00e1nsito en la avenida Alemana, en la ciudad de Santa Cruz de la Sierra, ocasionando da\u00f1os materiales a dos veh\u00edculos, aunque afortunadamente sin personas afectadas; una mujer cuyo autom\u00f3vil result\u00f3 afectado asegur\u00f3 que dos elementos de la Polic\u00eda iban a bordo del veh\u00edculo con su uniforme [&hellip;]","og_url":"https:\/\/www.eldiario.net\/portal\/2024\/06\/22\/denuncian-que-policias-en-estado-de-ebriedad-ocasionan-accidente\/","og_site_name":"El Diario - Bolivia","article_publisher":"https:\/\/www.facebook.com\/eldiario.bolivia\/","article_published_time":"2024-06-22T13:51:50+00:00","og_image":[{"width":1035,"height":545,"url":"https:\/\/www.eldiario.net\/portal\/wp-content\/uploads\/2024\/06\/22-EBR.jpg","type":"image\/jpeg"}],"author":"Jeanette","twitter_card":"summary_large_image","twitter_creator":"@eldiario_net","twitter_site":"@eldiario_net","twitter_misc":{"Escrito por":"Jeanette","Tiempo de lectura":"3 minutos"},"schema":{"@context":"https:\/\/schema.org","@graph":[{"@type":"Article","@id":"https:\/\/www.eldiario.net\/portal\/2024\/06\/22\/denuncian-que-policias-en-estado-de-ebriedad-ocasionan-accidente\/#article","isPartOf":{"@id":"https:\/\/www.eldiario.net\/portal\/2024\/06\/22\/denuncian-que-policias-en-estado-de-ebriedad-ocasionan-accidente\/"},"author":{"name":"Jeanette","@id":"https:\/\/www.eldiario.net\/portal\/#\/schema\/person\/f46445640444750d7d753ccd04ae01b7"},"headline":"Denuncian que polic\u00edas en estado de ebriedad ocasionan accidente","datePublished":"2024-06-22T13:51:50+00:00","mainEntityOfPage":{"@id":"https:\/\/www.eldiario.net\/portal\/2024\/06\/22\/denuncian-que-policias-en-estado-de-ebriedad-ocasionan-accidente\/"},"wordCount":464,"commentCount":0,"publisher":{"@id":"https:\/\/www.eldiario.net\/portal\/#organization"},"image":{"@id":"https:\/\/www.eldiario.net\/portal\/2024\/06\/22\/denuncian-que-policias-en-estado-de-ebriedad-ocasionan-accidente\/#primaryimage"},"thumbnailUrl":"https:\/\/www.eldiario.net\/portal\/wp-content\/uploads\/2024\/06\/22-EBR.jpg","articleSection":["Sociedad - Seguridad"],"inLanguage":"es","potentialAction":[{"@type":"CommentAction","name":"Comment","target":["https:\/\/www.eldiario.net\/portal\/2024\/06\/22\/denuncian-que-policias-en-estado-de-ebriedad-ocasionan-accidente\/#respond"]}]},{"@type":"WebPage","@id":"https:\/\/www.eldiario.net\/portal\/2024\/06\/22\/denuncian-que-policias-en-estado-de-ebriedad-ocasionan-accidente\/","url":"https:\/\/www.eldiario.net\/portal\/2024\/06\/22\/denuncian-que-policias-en-estado-de-ebriedad-ocasionan-accidente\/","name":"Denuncian que polic\u00edas en estado de ebriedad ocasionan accidente - El Diario - Bolivia","isPartOf":{"@id":"https:\/\/www.eldiario.net\/portal\/#website"},"primaryImageOfPage":{"@id":"https:\/\/www.eldiario.net\/portal\/2024\/06\/22\/denuncian-que-policias-en-estado-de-ebriedad-ocasionan-accidente\/#primaryimage"},"image":{"@id":"https:\/\/www.eldiario.net\/portal\/2024\/06\/22\/denuncian-que-policias-en-estado-de-ebriedad-ocasionan-accidente\/#primaryimage"},"thumbnailUrl":"https:\/\/www.eldiario.net\/portal\/wp-content\/uploads\/2024\/06\/22-EBR.jpg","datePublished":"2024-06-22T13:51:50+00:00","breadcrumb":{"@id":"https:\/\/www.eldiario.net\/portal\/2024\/06\/22\/denuncian-que-policias-en-estado-de-ebriedad-ocasionan-accidente\/#breadcrumb"},"inLanguage":"es","potentialAction":[{"@type":"ReadAction","target":["https:\/\/www.eldiario.net\/portal\/2024\/06\/22\/denuncian-que-policias-en-estado-de-ebriedad-ocasionan-accidente\/"]}]},{"@type":"ImageObject","inLanguage":"es","@id":"https:\/\/www.eldiario.net\/portal\/2024\/06\/22\/denuncian-que-policias-en-estado-de-ebriedad-ocasionan-accidente\/#primaryimage","url":"https:\/\/www.eldiario.net\/portal\/wp-content\/uploads\/2024\/06\/22-EBR.jpg","contentUrl":"https:\/\/www.eldiario.net\/portal\/wp-content\/uploads\/2024\/06\/22-EBR.jpg","width":1035,"height":545,"caption":"El accidente ocurri\u00f3 ayer, pasado el mediod\u00eda."},{"@type":"BreadcrumbList","@id":"https:\/\/www.eldiario.net\/portal\/2024\/06\/22\/denuncian-que-policias-en-estado-de-ebriedad-ocasionan-accidente\/#breadcrumb","itemListElement":[{"@type":"ListItem","position":1,"name":"Portada","item":"https:\/\/www.eldiario.net\/portal\/"},{"@type":"ListItem","position":2,"name":"Denuncian que polic\u00edas en estado de ebriedad ocasionan accidente"}]},{"@type":"WebSite","@id":"https:\/\/www.eldiario.net\/portal\/#website","url":"https:\/\/www.eldiario.net\/portal\/","name":"El Diario - Decano de la prensa nacional","description":"El Diario - Decano de la prensa nacional","publisher":{"@id":"https:\/\/www.eldiario.net\/portal\/#organization"},"potentialAction":[{"@type":"SearchAction","target":{"@type":"EntryPoint","urlTemplate":"https:\/\/www.eldiario.net\/portal\/?s={search_term_string}"},"query-input":{"@type":"PropertyValueSpecification","valueRequired":true,"valueName":"search_term_string"}}],"inLanguage":"es"},{"@type":"Organization","@id":"https:\/\/www.eldiario.net\/portal\/#organization","name":"El Diario - Decano de la prensa nacional","url":"https:\/\/www.eldiario.net\/portal\/","logo":{"@type":"ImageObject","inLanguage":"es","@id":"https:\/\/www.eldiario.net\/portal\/#\/schema\/logo\/image\/","url":"https:\/\/www.eldiario.net\/portal\/wp-content\/uploads\/2023\/07\/logo_ED.jpg","contentUrl":"https:\/\/www.eldiario.net\/portal\/wp-content\/uploads\/2023\/07\/logo_ED.jpg","width":272,"height":52,"caption":"El Diario - Decano de la prensa nacional"},"image":{"@id":"https:\/\/www.eldiario.net\/portal\/#\/schema\/logo\/image\/"},"sameAs":["https:\/\/www.facebook.com\/eldiario.bolivia\/","https:\/\/x.com\/eldiario_net"]},{"@type":"Person","@id":"https:\/\/www.eldiario.net\/portal\/#\/schema\/person\/f46445640444750d7d753ccd04ae01b7","name":"Jeanette","image":{"@type":"ImageObject","inLanguage":"es","@id":"https:\/\/secure.gravatar.com\/avatar\/3ea2118a5f7dad2b7138b1187a6b7ee55f160b9968b66013c3a3ef39dd7e5798?s=96&d=mm&r=g","url":"https:\/\/secure.gravatar.com\/avatar\/3ea2118a5f7dad2b7138b1187a6b7ee55f160b9968b66013c3a3ef39dd7e5798?s=96&d=mm&r=g","contentUrl":"https:\/\/secure.gravatar.com\/avatar\/3ea2118a5f7dad2b7138b1187a6b7ee55f160b9968b66013c3a3ef39dd7e5798?s=96&d=mm&r=g","caption":"Jeanette"},"sameAs":["https:\/\/www.eldiario.net\/portal"],"url":"https:\/\/www.eldiario.net\/portal\/author\/jeanette\/"}]}},"_links":{"self":[{"href":"https:\/\/www.eldiario.net\/portal\/wp-json\/wp\/v2\/posts\/228863","targetHints":{"allow":["GET"]}}],"collection":[{"href":"https:\/\/www.eldiario.net\/portal\/wp-json\/wp\/v2\/posts"}],"about":[{"href":"https:\/\/www.eldiario.net\/portal\/wp-json\/wp\/v2\/types\/post"}],"author":[{"embeddable":true,"href":"https:\/\/www.eldiario.net\/portal\/wp-json\/wp\/v2\/users\/1"}],"replies":[{"embeddable":true,"href":"https:\/\/www.eldiario.net\/portal\/wp-json\/wp\/v2\/comments?post=228863"}],"version-history":[{"count":1,"href":"https:\/\/www.eldiario.net\/portal\/wp-json\/wp\/v2\/posts\/228863\/revisions"}],"predecessor-version":[{"id":228865,"href":"https:\/\/www.eldiario.net\/portal\/wp-json\/wp\/v2\/posts\/228863\/revisions\/228865"}],"wp:featuredmedia":[{"embeddable":true,"href":"https:\/\/www.eldiario.net\/portal\/wp-json\/wp\/v2\/media\/228864"}],"wp:attachment":[{"href":"https:\/\/www.eldiario.net\/portal\/wp-json\/wp\/v2\/media?parent=228863"}],"wp:term":[{"taxonomy":"category","embeddable":true,"href":"https:\/\/www.eldiario.net\/portal\/wp-json\/wp\/v2\/categories?post=228863"},{"taxonomy":"post_tag","embeddable":true,"href":"https:\/\/www.eldiario.net\/portal\/wp-json\/wp\/v2\/tags?post=228863"}],"curies":[{"name":"wp","href":"https:\/\/api.w.org\/{rel}","templated":true}]}}