{"id":228855,"date":"2024-06-22T09:47:15","date_gmt":"2024-06-22T13:47:15","guid":{"rendered":"https:\/\/www.eldiario.net\/portal\/?p=228855"},"modified":"2024-06-22T09:47:15","modified_gmt":"2024-06-22T13:47:15","slug":"tierras-de-propiedad-de-brasilenos-son-tomadas-por-avasalladores","status":"publish","type":"post","link":"https:\/\/www.eldiario.net\/portal\/2024\/06\/22\/tierras-de-propiedad-de-brasilenos-son-tomadas-por-avasalladores\/","title":{"rendered":"Tierras de propiedad de brasile\u00f1os son tomadas por avasalladores"},"content":{"rendered":"<p>El ministro de Relaciones Exteriores de Brasil, Mauro Vieira, expres\u00f3 su preocupaci\u00f3n por el creciente avasallamiento de tierras de ciudadanos brasile\u00f1os en Bolivia, que son adem\u00e1s hostigados y amenazados en el pa\u00eds.<br \/>\nEn una sesi\u00f3n congresal realizada en Brasil, un diputado mencion\u00f3 como uno de los instigadores de los avasallamientos al actual viceministro de Tierras, Ramiro Guerrero Pe\u00f1aranda, un exfiscal general nombrado por Evo Morales fue criticado por la oposici\u00f3n por sus pol\u00e9micas acciones.<br \/>\n\u201cExiste preocupaci\u00f3n por la situaci\u00f3n (de los avasallamientos). Estamos conscientes y ya fue objeto de conversaciones en el nivel m\u00e1s alto pidiendo acciones del Gobierno boliviano en la protecci\u00f3n de estos ciudadanos brasile\u00f1os\u201d, dijo el canciller durante la sesi\u00f3n congresal en Brasil.<br \/>\nEl canciller Vieira agreg\u00f3 que los afectados no son solo brasile\u00f1os, sino de otras nacionalidades, como la comunidad japonesa.<br \/>\n\u201cEs alg\u00fan tipo de movimiento que est\u00e1 generando este tipo de confrontaci\u00f3n. La comunidad brasile\u00f1a es pac\u00edfica y tranquila. Tenemos un consulado en Santa Cruz y la Embajada en La Paz (para hacer seguimiento)\u201d, agreg\u00f3 el ministro.<br \/>\nLa opini\u00f3n del ministro Vieira se dio tras la alocuci\u00f3n del diputado Beto Preto, del partido brasilero PSD-PR, quien denunci\u00f3 en la sesi\u00f3n congresal el supuesto abuso contra agricultores de su pa\u00eds.<br \/>\n\u201cEl l\u00edder nacional de estos movimientos interculturales es Esteban Alavi Canaviri. En cuanto al departamento de Santa Cruz, tiene el nombre El\u00edas Tejerina Fr\u00edas. Pero lo que m\u00e1s llama la atenci\u00f3n, ministro, es que tenemos en Bolivia un viceministro de Tierras que tambi\u00e9n induce e incentiva estas invasiones, llamado Ramiro Jos\u00e9 Guerrero Pe\u00f1aranda\u201d, expres\u00f3 el diputado Preto.<br \/>\nAgreg\u00f3 que las principales tomas de tierras se producen en la provincia cruce\u00f1a Obispo Santistevan, donde se ubica el denominado \u201cNorte integrado\u201d y es una zona rica en producci\u00f3n agroindustrial.<br \/>\n\u201cLos movimientos interculturales de Bolivia han acosado diariamente a los productores rurales brasile\u00f1os naturalizados bolivianos, no solo los brasile\u00f1os, sino tambi\u00e9n a los japoneses. La propia Embajada del Jap\u00f3n ya entr\u00f3 tambi\u00e9n en esta discusi\u00f3n\u201d, sostuvo.<br \/>\nLas tomas de tierras se han incrementado en los \u00faltimos a\u00f1os en el pa\u00eds ante la inacci\u00f3n de las autoridades. Los responsables son por lo general integrantes del movimiento colonizador (ahora llamado \u201cintercultural\u201d). En muchas ocasiones, estas tomas se realizan con violencia. En una de las tomas, del caso Las Londras, los colonizadores tomaron como rehenes y golpearon a un grupo de periodistas, pero no han sido castigados por la justicia. (Br\u00fajula Digital)<\/p>\n","protected":false},"excerpt":{"rendered":"<p>El ministro de Relaciones Exteriores de Brasil, Mauro Vieira, expres\u00f3 su preocupaci\u00f3n por el creciente avasallamiento de tierras de ciudadanos brasile\u00f1os en Bolivia, que son adem\u00e1s hostigados y amenazados en el pa\u00eds. En una sesi\u00f3n congresal realizada en Brasil, un diputado mencion\u00f3 como uno de los instigadores de los avasallamientos al actual viceministro de Tierras, [&hellip;]<\/p>\n","protected":false},"author":1,"featured_media":228856,"comment_status":"open","ping_status":"open","sticky":false,"template":"","format":"standard","meta":{"_acf_changed":false,"footnotes":""},"categories":[12],"tags":[],"class_list":["post-228855","post","type-post","status-publish","format-standard","has-post-thumbnail","category-nacional"],"acf":{"antetitulo":"Canciller de Brasil expresa preocupaci\u00f3n"},"yoast_head":"<!-- This site is optimized with the Yoast SEO plugin v28.4 - https:\/\/yoast.com\/product\/yoast-seo-wordpress\/ -->\n<title>Tierras de propiedad de brasile\u00f1os son tomadas por avasalladores - El Diario - Bolivia<\/title>\n<meta name=\"robots\" content=\"index, follow, max-snippet:-1, max-image-preview:large, max-video-preview:-1\" \/>\n<link rel=\"canonical\" href=\"https:\/\/www.eldiario.net\/portal\/2024\/06\/22\/tierras-de-propiedad-de-brasilenos-son-tomadas-por-avasalladores\/\" \/>\n<meta property=\"og:locale\" content=\"es_ES\" \/>\n<meta property=\"og:type\" content=\"article\" \/>\n<meta property=\"og:title\" content=\"Tierras de propiedad de brasile\u00f1os son tomadas por avasalladores - El Diario - Bolivia\" \/>\n<meta property=\"og:description\" content=\"El ministro de Relaciones Exteriores de Brasil, Mauro Vieira, expres\u00f3 su preocupaci\u00f3n por el creciente avasallamiento de tierras de ciudadanos brasile\u00f1os en Bolivia, que son adem\u00e1s hostigados y amenazados en el pa\u00eds. En una sesi\u00f3n congresal realizada en Brasil, un diputado mencion\u00f3 como uno de los instigadores de los avasallamientos al actual viceministro de Tierras, [&hellip;]\" \/>\n<meta property=\"og:url\" content=\"https:\/\/www.eldiario.net\/portal\/2024\/06\/22\/tierras-de-propiedad-de-brasilenos-son-tomadas-por-avasalladores\/\" \/>\n<meta property=\"og:site_name\" content=\"El Diario - Bolivia\" \/>\n<meta property=\"article:publisher\" content=\"https:\/\/www.facebook.com\/eldiario.bolivia\/\" \/>\n<meta property=\"article:published_time\" content=\"2024-06-22T13:47:15+00:00\" \/>\n<meta property=\"og:image\" content=\"https:\/\/www.eldiario.net\/portal\/wp-content\/uploads\/2024\/06\/70-NAL-3.jpg\" \/>\n\t<meta property=\"og:image:width\" content=\"720\" \/>\n\t<meta property=\"og:image:height\" content=\"399\" \/>\n\t<meta property=\"og:image:type\" content=\"image\/jpeg\" \/>\n<meta name=\"author\" content=\"Jeanette\" \/>\n<meta name=\"twitter:card\" content=\"summary_large_image\" \/>\n<meta name=\"twitter:creator\" content=\"@eldiario_net\" \/>\n<meta name=\"twitter:site\" content=\"@eldiario_net\" \/>\n<meta name=\"twitter:label1\" content=\"Escrito por\" \/>\n\t<meta name=\"twitter:data1\" content=\"Jeanette\" \/>\n\t<meta name=\"twitter:label2\" content=\"Tiempo de lectura\" \/>\n\t<meta name=\"twitter:data2\" content=\"3 minutos\" \/>\n<script type=\"application\/ld+json\" class=\"yoast-schema-graph\">{\"@context\":\"https:\\\/\\\/schema.org\",\"@graph\":[{\"@type\":\"Article\",\"@id\":\"https:\\\/\\\/www.eldiario.net\\\/portal\\\/2024\\\/06\\\/22\\\/tierras-de-propiedad-de-brasilenos-son-tomadas-por-avasalladores\\\/#article\",\"isPartOf\":{\"@id\":\"https:\\\/\\\/www.eldiario.net\\\/portal\\\/2024\\\/06\\\/22\\\/tierras-de-propiedad-de-brasilenos-son-tomadas-por-avasalladores\\\/\"},\"author\":{\"name\":\"Jeanette\",\"@id\":\"https:\\\/\\\/www.eldiario.net\\\/portal\\\/#\\\/schema\\\/person\\\/f46445640444750d7d753ccd04ae01b7\"},\"headline\":\"Tierras de propiedad de brasile\u00f1os son tomadas por avasalladores\",\"datePublished\":\"2024-06-22T13:47:15+00:00\",\"mainEntityOfPage\":{\"@id\":\"https:\\\/\\\/www.eldiario.net\\\/portal\\\/2024\\\/06\\\/22\\\/tierras-de-propiedad-de-brasilenos-son-tomadas-por-avasalladores\\\/\"},\"wordCount\":452,\"commentCount\":0,\"publisher\":{\"@id\":\"https:\\\/\\\/www.eldiario.net\\\/portal\\\/#organization\"},\"image\":{\"@id\":\"https:\\\/\\\/www.eldiario.net\\\/portal\\\/2024\\\/06\\\/22\\\/tierras-de-propiedad-de-brasilenos-son-tomadas-por-avasalladores\\\/#primaryimage\"},\"thumbnailUrl\":\"https:\\\/\\\/www.eldiario.net\\\/portal\\\/wp-content\\\/uploads\\\/2024\\\/06\\\/70-NAL-3.jpg\",\"articleSection\":[\"Nacional\"],\"inLanguage\":\"es\",\"potentialAction\":[{\"@type\":\"CommentAction\",\"name\":\"Comment\",\"target\":[\"https:\\\/\\\/www.eldiario.net\\\/portal\\\/2024\\\/06\\\/22\\\/tierras-de-propiedad-de-brasilenos-son-tomadas-por-avasalladores\\\/#respond\"]}]},{\"@type\":\"WebPage\",\"@id\":\"https:\\\/\\\/www.eldiario.net\\\/portal\\\/2024\\\/06\\\/22\\\/tierras-de-propiedad-de-brasilenos-son-tomadas-por-avasalladores\\\/\",\"url\":\"https:\\\/\\\/www.eldiario.net\\\/portal\\\/2024\\\/06\\\/22\\\/tierras-de-propiedad-de-brasilenos-son-tomadas-por-avasalladores\\\/\",\"name\":\"Tierras de propiedad de brasile\u00f1os son tomadas por avasalladores - El Diario - Bolivia\",\"isPartOf\":{\"@id\":\"https:\\\/\\\/www.eldiario.net\\\/portal\\\/#website\"},\"primaryImageOfPage\":{\"@id\":\"https:\\\/\\\/www.eldiario.net\\\/portal\\\/2024\\\/06\\\/22\\\/tierras-de-propiedad-de-brasilenos-son-tomadas-por-avasalladores\\\/#primaryimage\"},\"image\":{\"@id\":\"https:\\\/\\\/www.eldiario.net\\\/portal\\\/2024\\\/06\\\/22\\\/tierras-de-propiedad-de-brasilenos-son-tomadas-por-avasalladores\\\/#primaryimage\"},\"thumbnailUrl\":\"https:\\\/\\\/www.eldiario.net\\\/portal\\\/wp-content\\\/uploads\\\/2024\\\/06\\\/70-NAL-3.jpg\",\"datePublished\":\"2024-06-22T13:47:15+00:00\",\"breadcrumb\":{\"@id\":\"https:\\\/\\\/www.eldiario.net\\\/portal\\\/2024\\\/06\\\/22\\\/tierras-de-propiedad-de-brasilenos-son-tomadas-por-avasalladores\\\/#breadcrumb\"},\"inLanguage\":\"es\",\"potentialAction\":[{\"@type\":\"ReadAction\",\"target\":[\"https:\\\/\\\/www.eldiario.net\\\/portal\\\/2024\\\/06\\\/22\\\/tierras-de-propiedad-de-brasilenos-son-tomadas-por-avasalladores\\\/\"]}]},{\"@type\":\"ImageObject\",\"inLanguage\":\"es\",\"@id\":\"https:\\\/\\\/www.eldiario.net\\\/portal\\\/2024\\\/06\\\/22\\\/tierras-de-propiedad-de-brasilenos-son-tomadas-por-avasalladores\\\/#primaryimage\",\"url\":\"https:\\\/\\\/www.eldiario.net\\\/portal\\\/wp-content\\\/uploads\\\/2024\\\/06\\\/70-NAL-3.jpg\",\"contentUrl\":\"https:\\\/\\\/www.eldiario.net\\\/portal\\\/wp-content\\\/uploads\\\/2024\\\/06\\\/70-NAL-3.jpg\",\"width\":720,\"height\":399,\"caption\":\"AS\u00cd QUEDAN LOS PREDIOS QUE SON TOMADOS POR AVASALLADORES.\"},{\"@type\":\"BreadcrumbList\",\"@id\":\"https:\\\/\\\/www.eldiario.net\\\/portal\\\/2024\\\/06\\\/22\\\/tierras-de-propiedad-de-brasilenos-son-tomadas-por-avasalladores\\\/#breadcrumb\",\"itemListElement\":[{\"@type\":\"ListItem\",\"position\":1,\"name\":\"Portada\",\"item\":\"https:\\\/\\\/www.eldiario.net\\\/portal\\\/\"},{\"@type\":\"ListItem\",\"position\":2,\"name\":\"Tierras de propiedad de brasile\u00f1os son tomadas por avasalladores\"}]},{\"@type\":\"WebSite\",\"@id\":\"https:\\\/\\\/www.eldiario.net\\\/portal\\\/#website\",\"url\":\"https:\\\/\\\/www.eldiario.net\\\/portal\\\/\",\"name\":\"El Diario - Decano de la prensa nacional\",\"description\":\"El Diario - Decano de la prensa nacional\",\"publisher\":{\"@id\":\"https:\\\/\\\/www.eldiario.net\\\/portal\\\/#organization\"},\"potentialAction\":[{\"@type\":\"SearchAction\",\"target\":{\"@type\":\"EntryPoint\",\"urlTemplate\":\"https:\\\/\\\/www.eldiario.net\\\/portal\\\/?s={search_term_string}\"},\"query-input\":{\"@type\":\"PropertyValueSpecification\",\"valueRequired\":true,\"valueName\":\"search_term_string\"}}],\"inLanguage\":\"es\"},{\"@type\":\"Organization\",\"@id\":\"https:\\\/\\\/www.eldiario.net\\\/portal\\\/#organization\",\"name\":\"El Diario - Decano de la prensa nacional\",\"url\":\"https:\\\/\\\/www.eldiario.net\\\/portal\\\/\",\"logo\":{\"@type\":\"ImageObject\",\"inLanguage\":\"es\",\"@id\":\"https:\\\/\\\/www.eldiario.net\\\/portal\\\/#\\\/schema\\\/logo\\\/image\\\/\",\"url\":\"https:\\\/\\\/www.eldiario.net\\\/portal\\\/wp-content\\\/uploads\\\/2023\\\/07\\\/logo_ED.jpg\",\"contentUrl\":\"https:\\\/\\\/www.eldiario.net\\\/portal\\\/wp-content\\\/uploads\\\/2023\\\/07\\\/logo_ED.jpg\",\"width\":272,\"height\":52,\"caption\":\"El Diario - Decano de la prensa nacional\"},\"image\":{\"@id\":\"https:\\\/\\\/www.eldiario.net\\\/portal\\\/#\\\/schema\\\/logo\\\/image\\\/\"},\"sameAs\":[\"https:\\\/\\\/www.facebook.com\\\/eldiario.bolivia\\\/\",\"https:\\\/\\\/x.com\\\/eldiario_net\"]},{\"@type\":\"Person\",\"@id\":\"https:\\\/\\\/www.eldiario.net\\\/portal\\\/#\\\/schema\\\/person\\\/f46445640444750d7d753ccd04ae01b7\",\"name\":\"Jeanette\",\"image\":{\"@type\":\"ImageObject\",\"inLanguage\":\"es\",\"@id\":\"https:\\\/\\\/secure.gravatar.com\\\/avatar\\\/3ea2118a5f7dad2b7138b1187a6b7ee55f160b9968b66013c3a3ef39dd7e5798?s=96&d=mm&r=g\",\"url\":\"https:\\\/\\\/secure.gravatar.com\\\/avatar\\\/3ea2118a5f7dad2b7138b1187a6b7ee55f160b9968b66013c3a3ef39dd7e5798?s=96&d=mm&r=g\",\"contentUrl\":\"https:\\\/\\\/secure.gravatar.com\\\/avatar\\\/3ea2118a5f7dad2b7138b1187a6b7ee55f160b9968b66013c3a3ef39dd7e5798?s=96&d=mm&r=g\",\"caption\":\"Jeanette\"},\"sameAs\":[\"https:\\\/\\\/www.eldiario.net\\\/portal\"],\"url\":\"https:\\\/\\\/www.eldiario.net\\\/portal\\\/author\\\/jeanette\\\/\"}]}<\/script>\n<!-- \/ Yoast SEO plugin. -->","yoast_head_json":{"title":"Tierras de propiedad de brasile\u00f1os son tomadas por avasalladores - El Diario - Bolivia","robots":{"index":"index","follow":"follow","max-snippet":"max-snippet:-1","max-image-preview":"max-image-preview:large","max-video-preview":"max-video-preview:-1"},"canonical":"https:\/\/www.eldiario.net\/portal\/2024\/06\/22\/tierras-de-propiedad-de-brasilenos-son-tomadas-por-avasalladores\/","og_locale":"es_ES","og_type":"article","og_title":"Tierras de propiedad de brasile\u00f1os son tomadas por avasalladores - El Diario - Bolivia","og_description":"El ministro de Relaciones Exteriores de Brasil, Mauro Vieira, expres\u00f3 su preocupaci\u00f3n por el creciente avasallamiento de tierras de ciudadanos brasile\u00f1os en Bolivia, que son adem\u00e1s hostigados y amenazados en el pa\u00eds. En una sesi\u00f3n congresal realizada en Brasil, un diputado mencion\u00f3 como uno de los instigadores de los avasallamientos al actual viceministro de Tierras, [&hellip;]","og_url":"https:\/\/www.eldiario.net\/portal\/2024\/06\/22\/tierras-de-propiedad-de-brasilenos-son-tomadas-por-avasalladores\/","og_site_name":"El Diario - Bolivia","article_publisher":"https:\/\/www.facebook.com\/eldiario.bolivia\/","article_published_time":"2024-06-22T13:47:15+00:00","og_image":[{"width":720,"height":399,"url":"https:\/\/www.eldiario.net\/portal\/wp-content\/uploads\/2024\/06\/70-NAL-3.jpg","type":"image\/jpeg"}],"author":"Jeanette","twitter_card":"summary_large_image","twitter_creator":"@eldiario_net","twitter_site":"@eldiario_net","twitter_misc":{"Escrito por":"Jeanette","Tiempo de lectura":"3 minutos"},"schema":{"@context":"https:\/\/schema.org","@graph":[{"@type":"Article","@id":"https:\/\/www.eldiario.net\/portal\/2024\/06\/22\/tierras-de-propiedad-de-brasilenos-son-tomadas-por-avasalladores\/#article","isPartOf":{"@id":"https:\/\/www.eldiario.net\/portal\/2024\/06\/22\/tierras-de-propiedad-de-brasilenos-son-tomadas-por-avasalladores\/"},"author":{"name":"Jeanette","@id":"https:\/\/www.eldiario.net\/portal\/#\/schema\/person\/f46445640444750d7d753ccd04ae01b7"},"headline":"Tierras de propiedad de brasile\u00f1os son tomadas por avasalladores","datePublished":"2024-06-22T13:47:15+00:00","mainEntityOfPage":{"@id":"https:\/\/www.eldiario.net\/portal\/2024\/06\/22\/tierras-de-propiedad-de-brasilenos-son-tomadas-por-avasalladores\/"},"wordCount":452,"commentCount":0,"publisher":{"@id":"https:\/\/www.eldiario.net\/portal\/#organization"},"image":{"@id":"https:\/\/www.eldiario.net\/portal\/2024\/06\/22\/tierras-de-propiedad-de-brasilenos-son-tomadas-por-avasalladores\/#primaryimage"},"thumbnailUrl":"https:\/\/www.eldiario.net\/portal\/wp-content\/uploads\/2024\/06\/70-NAL-3.jpg","articleSection":["Nacional"],"inLanguage":"es","potentialAction":[{"@type":"CommentAction","name":"Comment","target":["https:\/\/www.eldiario.net\/portal\/2024\/06\/22\/tierras-de-propiedad-de-brasilenos-son-tomadas-por-avasalladores\/#respond"]}]},{"@type":"WebPage","@id":"https:\/\/www.eldiario.net\/portal\/2024\/06\/22\/tierras-de-propiedad-de-brasilenos-son-tomadas-por-avasalladores\/","url":"https:\/\/www.eldiario.net\/portal\/2024\/06\/22\/tierras-de-propiedad-de-brasilenos-son-tomadas-por-avasalladores\/","name":"Tierras de propiedad de brasile\u00f1os son tomadas por avasalladores - El Diario - Bolivia","isPartOf":{"@id":"https:\/\/www.eldiario.net\/portal\/#website"},"primaryImageOfPage":{"@id":"https:\/\/www.eldiario.net\/portal\/2024\/06\/22\/tierras-de-propiedad-de-brasilenos-son-tomadas-por-avasalladores\/#primaryimage"},"image":{"@id":"https:\/\/www.eldiario.net\/portal\/2024\/06\/22\/tierras-de-propiedad-de-brasilenos-son-tomadas-por-avasalladores\/#primaryimage"},"thumbnailUrl":"https:\/\/www.eldiario.net\/portal\/wp-content\/uploads\/2024\/06\/70-NAL-3.jpg","datePublished":"2024-06-22T13:47:15+00:00","breadcrumb":{"@id":"https:\/\/www.eldiario.net\/portal\/2024\/06\/22\/tierras-de-propiedad-de-brasilenos-son-tomadas-por-avasalladores\/#breadcrumb"},"inLanguage":"es","potentialAction":[{"@type":"ReadAction","target":["https:\/\/www.eldiario.net\/portal\/2024\/06\/22\/tierras-de-propiedad-de-brasilenos-son-tomadas-por-avasalladores\/"]}]},{"@type":"ImageObject","inLanguage":"es","@id":"https:\/\/www.eldiario.net\/portal\/2024\/06\/22\/tierras-de-propiedad-de-brasilenos-son-tomadas-por-avasalladores\/#primaryimage","url":"https:\/\/www.eldiario.net\/portal\/wp-content\/uploads\/2024\/06\/70-NAL-3.jpg","contentUrl":"https:\/\/www.eldiario.net\/portal\/wp-content\/uploads\/2024\/06\/70-NAL-3.jpg","width":720,"height":399,"caption":"AS\u00cd QUEDAN LOS PREDIOS QUE SON TOMADOS POR AVASALLADORES."},{"@type":"BreadcrumbList","@id":"https:\/\/www.eldiario.net\/portal\/2024\/06\/22\/tierras-de-propiedad-de-brasilenos-son-tomadas-por-avasalladores\/#breadcrumb","itemListElement":[{"@type":"ListItem","position":1,"name":"Portada","item":"https:\/\/www.eldiario.net\/portal\/"},{"@type":"ListItem","position":2,"name":"Tierras de propiedad de brasile\u00f1os son tomadas por avasalladores"}]},{"@type":"WebSite","@id":"https:\/\/www.eldiario.net\/portal\/#website","url":"https:\/\/www.eldiario.net\/portal\/","name":"El Diario - Decano de la prensa nacional","description":"El Diario - Decano de la prensa nacional","publisher":{"@id":"https:\/\/www.eldiario.net\/portal\/#organization"},"potentialAction":[{"@type":"SearchAction","target":{"@type":"EntryPoint","urlTemplate":"https:\/\/www.eldiario.net\/portal\/?s={search_term_string}"},"query-input":{"@type":"PropertyValueSpecification","valueRequired":true,"valueName":"search_term_string"}}],"inLanguage":"es"},{"@type":"Organization","@id":"https:\/\/www.eldiario.net\/portal\/#organization","name":"El Diario - Decano de la prensa nacional","url":"https:\/\/www.eldiario.net\/portal\/","logo":{"@type":"ImageObject","inLanguage":"es","@id":"https:\/\/www.eldiario.net\/portal\/#\/schema\/logo\/image\/","url":"https:\/\/www.eldiario.net\/portal\/wp-content\/uploads\/2023\/07\/logo_ED.jpg","contentUrl":"https:\/\/www.eldiario.net\/portal\/wp-content\/uploads\/2023\/07\/logo_ED.jpg","width":272,"height":52,"caption":"El Diario - Decano de la prensa nacional"},"image":{"@id":"https:\/\/www.eldiario.net\/portal\/#\/schema\/logo\/image\/"},"sameAs":["https:\/\/www.facebook.com\/eldiario.bolivia\/","https:\/\/x.com\/eldiario_net"]},{"@type":"Person","@id":"https:\/\/www.eldiario.net\/portal\/#\/schema\/person\/f46445640444750d7d753ccd04ae01b7","name":"Jeanette","image":{"@type":"ImageObject","inLanguage":"es","@id":"https:\/\/secure.gravatar.com\/avatar\/3ea2118a5f7dad2b7138b1187a6b7ee55f160b9968b66013c3a3ef39dd7e5798?s=96&d=mm&r=g","url":"https:\/\/secure.gravatar.com\/avatar\/3ea2118a5f7dad2b7138b1187a6b7ee55f160b9968b66013c3a3ef39dd7e5798?s=96&d=mm&r=g","contentUrl":"https:\/\/secure.gravatar.com\/avatar\/3ea2118a5f7dad2b7138b1187a6b7ee55f160b9968b66013c3a3ef39dd7e5798?s=96&d=mm&r=g","caption":"Jeanette"},"sameAs":["https:\/\/www.eldiario.net\/portal"],"url":"https:\/\/www.eldiario.net\/portal\/author\/jeanette\/"}]}},"_links":{"self":[{"href":"https:\/\/www.eldiario.net\/portal\/wp-json\/wp\/v2\/posts\/228855","targetHints":{"allow":["GET"]}}],"collection":[{"href":"https:\/\/www.eldiario.net\/portal\/wp-json\/wp\/v2\/posts"}],"about":[{"href":"https:\/\/www.eldiario.net\/portal\/wp-json\/wp\/v2\/types\/post"}],"author":[{"embeddable":true,"href":"https:\/\/www.eldiario.net\/portal\/wp-json\/wp\/v2\/users\/1"}],"replies":[{"embeddable":true,"href":"https:\/\/www.eldiario.net\/portal\/wp-json\/wp\/v2\/comments?post=228855"}],"version-history":[{"count":1,"href":"https:\/\/www.eldiario.net\/portal\/wp-json\/wp\/v2\/posts\/228855\/revisions"}],"predecessor-version":[{"id":228857,"href":"https:\/\/www.eldiario.net\/portal\/wp-json\/wp\/v2\/posts\/228855\/revisions\/228857"}],"wp:featuredmedia":[{"embeddable":true,"href":"https:\/\/www.eldiario.net\/portal\/wp-json\/wp\/v2\/media\/228856"}],"wp:attachment":[{"href":"https:\/\/www.eldiario.net\/portal\/wp-json\/wp\/v2\/media?parent=228855"}],"wp:term":[{"taxonomy":"category","embeddable":true,"href":"https:\/\/www.eldiario.net\/portal\/wp-json\/wp\/v2\/categories?post=228855"},{"taxonomy":"post_tag","embeddable":true,"href":"https:\/\/www.eldiario.net\/portal\/wp-json\/wp\/v2\/tags?post=228855"}],"curies":[{"name":"wp","href":"https:\/\/api.w.org\/{rel}","templated":true}]}}