{"id":228849,"date":"2024-06-22T09:46:11","date_gmt":"2024-06-22T13:46:11","guid":{"rendered":"https:\/\/www.eldiario.net\/portal\/?p=228849"},"modified":"2024-06-22T09:46:11","modified_gmt":"2024-06-22T13:46:11","slug":"transporte-pide-a-la-poblacion-abastecerse-con-alimentos","status":"publish","type":"post","link":"https:\/\/www.eldiario.net\/portal\/2024\/06\/22\/transporte-pide-a-la-poblacion-abastecerse-con-alimentos\/","title":{"rendered":"Transporte pide a la poblaci\u00f3n  abastecerse con alimentos"},"content":{"rendered":"<p>El paro con bloqueo de carreteras y fronteras determinado por el transporte pesado ayer no tiene marcha atr\u00e1s hasta que el Gobierno atienda sus demandas. Los dirigentes de este sector pidieron a la poblaci\u00f3n abastecerse con alimentos, pues la medida ser\u00e1 indefinida, hasta que sea cumplido su pliego petitorio.<br \/>\n\u201cPedimos a la poblaci\u00f3n entera las disculpas necesarias y damos ese tiempo para que puedan abastecerse, sabemos que va a ser molesto\u201d, manifest\u00f3 Alfredo Saca, dirigente del transporte pesado de Cochabamba.<br \/>\nLas principales demandas del sector pasan por una soluci\u00f3n a la falta de d\u00f3lares, as\u00ed como en el abastecimiento de combustible. Una nueva petici\u00f3n que se hizo conocer este viernes es la renuncia del ministro de Obas P\u00fablicas, Edgar Monta\u00f1o, quien recibi\u00f3 muchas cr\u00edticas desde el domingo, cuando comparti\u00f3 en las redes un video en el que aparece bailando, como una celebraci\u00f3n porque el sector levant\u00f3 su medida de presi\u00f3n que deb\u00eda iniciar el lunes.<br \/>\n\u201cEn estas 72 horas, la poblaci\u00f3n boliviana tiene para poder abastecerse en sus alimentaciones porque el d\u00eda jueves al no ser solucionado nuestra problem\u00e1tica vamos a ir a un paro nacional indefinido con cierre de frontera\u201d, ratific\u00f3 Domingo Ramos, dirigente del transporte pesado en La Paz.<br \/>\nRamos tambi\u00e9n se\u00f1al\u00f3 que el sector que lidera har\u00e1 cumplir el voto resolutivo del ampliado realizado ayer en Santa Cruz.<br \/>\n\u201cNo vamos a permitir m\u00e1s discriminaci\u00f3n del Gobierno\u201d, se\u00f1al\u00f3.<br \/>\nJos\u00e9 Monta\u00f1o, de la C\u00e1mara Nacional del Transporte critic\u00f3 a Monta\u00f1o, a quien se\u00f1al\u00f3 porque dijo en la reuni\u00f3n con el presidente del Estado, Luis Arce Catacora, que Santa Cruz estaba de acuerdo con levantar el bloqueo que deb\u00eda iniciar el 17 de junio.<br \/>\n\u201cAhora de Santa Cruz se est\u00e1 sacando el bloqueo indefinido para el d\u00eda jueves. Santa Cruz en sus derechos ha sido vulnerado por este ministro\u201d, manifest\u00f3 Monta\u00f1o.<br \/>\nEl transporte federado rechaz\u00f3 la medida de presi\u00f3n anunciada por el sector pesado y asegur\u00f3 que en la reuni\u00f3n con el Presidente se fij\u00f3 un plazo de 90 d\u00edas para que el Gobierno atienda las demandas del sector. (Santa Cruz, agencias)<\/p>\n","protected":false},"excerpt":{"rendered":"<p>El paro con bloqueo de carreteras y fronteras determinado por el transporte pesado ayer no tiene marcha atr\u00e1s hasta que el Gobierno atienda sus demandas. Los dirigentes de este sector pidieron a la poblaci\u00f3n abastecerse con alimentos, pues la medida ser\u00e1 indefinida, hasta que sea cumplido su pliego petitorio. \u201cPedimos a la poblaci\u00f3n entera las [&hellip;]<\/p>\n","protected":false},"author":1,"featured_media":228850,"comment_status":"open","ping_status":"open","sticky":false,"template":"","format":"standard","meta":{"_acf_changed":false,"footnotes":""},"categories":[12],"tags":[],"class_list":["post-228849","post","type-post","status-publish","format-standard","has-post-thumbnail","category-nacional"],"acf":{"antetitulo":"Ante paro y bloqueo indefinido"},"yoast_head":"<!-- This site is optimized with the Yoast SEO plugin v28.4 - https:\/\/yoast.com\/product\/yoast-seo-wordpress\/ -->\n<title>Transporte pide a la poblaci\u00f3n abastecerse con alimentos - El Diario - Bolivia<\/title>\n<meta name=\"robots\" content=\"index, follow, max-snippet:-1, max-image-preview:large, max-video-preview:-1\" \/>\n<link rel=\"canonical\" href=\"https:\/\/www.eldiario.net\/portal\/2024\/06\/22\/transporte-pide-a-la-poblacion-abastecerse-con-alimentos\/\" \/>\n<meta property=\"og:locale\" content=\"es_ES\" \/>\n<meta property=\"og:type\" content=\"article\" \/>\n<meta property=\"og:title\" content=\"Transporte pide a la poblaci\u00f3n abastecerse con alimentos - El Diario - Bolivia\" \/>\n<meta property=\"og:description\" content=\"El paro con bloqueo de carreteras y fronteras determinado por el transporte pesado ayer no tiene marcha atr\u00e1s hasta que el Gobierno atienda sus demandas. Los dirigentes de este sector pidieron a la poblaci\u00f3n abastecerse con alimentos, pues la medida ser\u00e1 indefinida, hasta que sea cumplido su pliego petitorio. \u201cPedimos a la poblaci\u00f3n entera las [&hellip;]\" \/>\n<meta property=\"og:url\" content=\"https:\/\/www.eldiario.net\/portal\/2024\/06\/22\/transporte-pide-a-la-poblacion-abastecerse-con-alimentos\/\" \/>\n<meta property=\"og:site_name\" content=\"El Diario - Bolivia\" \/>\n<meta property=\"article:publisher\" content=\"https:\/\/www.facebook.com\/eldiario.bolivia\/\" \/>\n<meta property=\"article:published_time\" content=\"2024-06-22T13:46:11+00:00\" \/>\n<meta property=\"og:image\" content=\"https:\/\/www.eldiario.net\/portal\/wp-content\/uploads\/2024\/06\/77-NAL.jpg\" \/>\n\t<meta property=\"og:image:width\" content=\"1280\" \/>\n\t<meta property=\"og:image:height\" content=\"545\" \/>\n\t<meta property=\"og:image:type\" content=\"image\/jpeg\" \/>\n<meta name=\"author\" content=\"Jeanette\" \/>\n<meta name=\"twitter:card\" content=\"summary_large_image\" \/>\n<meta name=\"twitter:creator\" content=\"@eldiario_net\" \/>\n<meta name=\"twitter:site\" content=\"@eldiario_net\" \/>\n<meta name=\"twitter:label1\" content=\"Escrito por\" \/>\n\t<meta name=\"twitter:data1\" content=\"Jeanette\" \/>\n\t<meta name=\"twitter:label2\" content=\"Tiempo de lectura\" \/>\n\t<meta name=\"twitter:data2\" content=\"2 minutos\" \/>\n<script type=\"application\/ld+json\" class=\"yoast-schema-graph\">{\"@context\":\"https:\\\/\\\/schema.org\",\"@graph\":[{\"@type\":\"Article\",\"@id\":\"https:\\\/\\\/www.eldiario.net\\\/portal\\\/2024\\\/06\\\/22\\\/transporte-pide-a-la-poblacion-abastecerse-con-alimentos\\\/#article\",\"isPartOf\":{\"@id\":\"https:\\\/\\\/www.eldiario.net\\\/portal\\\/2024\\\/06\\\/22\\\/transporte-pide-a-la-poblacion-abastecerse-con-alimentos\\\/\"},\"author\":{\"name\":\"Jeanette\",\"@id\":\"https:\\\/\\\/www.eldiario.net\\\/portal\\\/#\\\/schema\\\/person\\\/f46445640444750d7d753ccd04ae01b7\"},\"headline\":\"Transporte pide a la poblaci\u00f3n abastecerse con alimentos\",\"datePublished\":\"2024-06-22T13:46:11+00:00\",\"mainEntityOfPage\":{\"@id\":\"https:\\\/\\\/www.eldiario.net\\\/portal\\\/2024\\\/06\\\/22\\\/transporte-pide-a-la-poblacion-abastecerse-con-alimentos\\\/\"},\"wordCount\":379,\"commentCount\":0,\"publisher\":{\"@id\":\"https:\\\/\\\/www.eldiario.net\\\/portal\\\/#organization\"},\"image\":{\"@id\":\"https:\\\/\\\/www.eldiario.net\\\/portal\\\/2024\\\/06\\\/22\\\/transporte-pide-a-la-poblacion-abastecerse-con-alimentos\\\/#primaryimage\"},\"thumbnailUrl\":\"https:\\\/\\\/www.eldiario.net\\\/portal\\\/wp-content\\\/uploads\\\/2024\\\/06\\\/77-NAL.jpg\",\"articleSection\":[\"Nacional\"],\"inLanguage\":\"es\",\"potentialAction\":[{\"@type\":\"CommentAction\",\"name\":\"Comment\",\"target\":[\"https:\\\/\\\/www.eldiario.net\\\/portal\\\/2024\\\/06\\\/22\\\/transporte-pide-a-la-poblacion-abastecerse-con-alimentos\\\/#respond\"]}]},{\"@type\":\"WebPage\",\"@id\":\"https:\\\/\\\/www.eldiario.net\\\/portal\\\/2024\\\/06\\\/22\\\/transporte-pide-a-la-poblacion-abastecerse-con-alimentos\\\/\",\"url\":\"https:\\\/\\\/www.eldiario.net\\\/portal\\\/2024\\\/06\\\/22\\\/transporte-pide-a-la-poblacion-abastecerse-con-alimentos\\\/\",\"name\":\"Transporte pide a la poblaci\u00f3n abastecerse con alimentos - El Diario - Bolivia\",\"isPartOf\":{\"@id\":\"https:\\\/\\\/www.eldiario.net\\\/portal\\\/#website\"},\"primaryImageOfPage\":{\"@id\":\"https:\\\/\\\/www.eldiario.net\\\/portal\\\/2024\\\/06\\\/22\\\/transporte-pide-a-la-poblacion-abastecerse-con-alimentos\\\/#primaryimage\"},\"image\":{\"@id\":\"https:\\\/\\\/www.eldiario.net\\\/portal\\\/2024\\\/06\\\/22\\\/transporte-pide-a-la-poblacion-abastecerse-con-alimentos\\\/#primaryimage\"},\"thumbnailUrl\":\"https:\\\/\\\/www.eldiario.net\\\/portal\\\/wp-content\\\/uploads\\\/2024\\\/06\\\/77-NAL.jpg\",\"datePublished\":\"2024-06-22T13:46:11+00:00\",\"breadcrumb\":{\"@id\":\"https:\\\/\\\/www.eldiario.net\\\/portal\\\/2024\\\/06\\\/22\\\/transporte-pide-a-la-poblacion-abastecerse-con-alimentos\\\/#breadcrumb\"},\"inLanguage\":\"es\",\"potentialAction\":[{\"@type\":\"ReadAction\",\"target\":[\"https:\\\/\\\/www.eldiario.net\\\/portal\\\/2024\\\/06\\\/22\\\/transporte-pide-a-la-poblacion-abastecerse-con-alimentos\\\/\"]}]},{\"@type\":\"ImageObject\",\"inLanguage\":\"es\",\"@id\":\"https:\\\/\\\/www.eldiario.net\\\/portal\\\/2024\\\/06\\\/22\\\/transporte-pide-a-la-poblacion-abastecerse-con-alimentos\\\/#primaryimage\",\"url\":\"https:\\\/\\\/www.eldiario.net\\\/portal\\\/wp-content\\\/uploads\\\/2024\\\/06\\\/77-NAL.jpg\",\"contentUrl\":\"https:\\\/\\\/www.eldiario.net\\\/portal\\\/wp-content\\\/uploads\\\/2024\\\/06\\\/77-NAL.jpg\",\"width\":1280,\"height\":545,\"caption\":\"El transporte pesado anunci\u00f3 un bloqueo indefinido desde el jueves.\"},{\"@type\":\"BreadcrumbList\",\"@id\":\"https:\\\/\\\/www.eldiario.net\\\/portal\\\/2024\\\/06\\\/22\\\/transporte-pide-a-la-poblacion-abastecerse-con-alimentos\\\/#breadcrumb\",\"itemListElement\":[{\"@type\":\"ListItem\",\"position\":1,\"name\":\"Portada\",\"item\":\"https:\\\/\\\/www.eldiario.net\\\/portal\\\/\"},{\"@type\":\"ListItem\",\"position\":2,\"name\":\"Transporte pide a la poblaci\u00f3n abastecerse con alimentos\"}]},{\"@type\":\"WebSite\",\"@id\":\"https:\\\/\\\/www.eldiario.net\\\/portal\\\/#website\",\"url\":\"https:\\\/\\\/www.eldiario.net\\\/portal\\\/\",\"name\":\"El Diario - Decano de la prensa nacional\",\"description\":\"El Diario - Decano de la prensa nacional\",\"publisher\":{\"@id\":\"https:\\\/\\\/www.eldiario.net\\\/portal\\\/#organization\"},\"potentialAction\":[{\"@type\":\"SearchAction\",\"target\":{\"@type\":\"EntryPoint\",\"urlTemplate\":\"https:\\\/\\\/www.eldiario.net\\\/portal\\\/?s={search_term_string}\"},\"query-input\":{\"@type\":\"PropertyValueSpecification\",\"valueRequired\":true,\"valueName\":\"search_term_string\"}}],\"inLanguage\":\"es\"},{\"@type\":\"Organization\",\"@id\":\"https:\\\/\\\/www.eldiario.net\\\/portal\\\/#organization\",\"name\":\"El Diario - Decano de la prensa nacional\",\"url\":\"https:\\\/\\\/www.eldiario.net\\\/portal\\\/\",\"logo\":{\"@type\":\"ImageObject\",\"inLanguage\":\"es\",\"@id\":\"https:\\\/\\\/www.eldiario.net\\\/portal\\\/#\\\/schema\\\/logo\\\/image\\\/\",\"url\":\"https:\\\/\\\/www.eldiario.net\\\/portal\\\/wp-content\\\/uploads\\\/2023\\\/07\\\/logo_ED.jpg\",\"contentUrl\":\"https:\\\/\\\/www.eldiario.net\\\/portal\\\/wp-content\\\/uploads\\\/2023\\\/07\\\/logo_ED.jpg\",\"width\":272,\"height\":52,\"caption\":\"El Diario - Decano de la prensa nacional\"},\"image\":{\"@id\":\"https:\\\/\\\/www.eldiario.net\\\/portal\\\/#\\\/schema\\\/logo\\\/image\\\/\"},\"sameAs\":[\"https:\\\/\\\/www.facebook.com\\\/eldiario.bolivia\\\/\",\"https:\\\/\\\/x.com\\\/eldiario_net\"]},{\"@type\":\"Person\",\"@id\":\"https:\\\/\\\/www.eldiario.net\\\/portal\\\/#\\\/schema\\\/person\\\/f46445640444750d7d753ccd04ae01b7\",\"name\":\"Jeanette\",\"image\":{\"@type\":\"ImageObject\",\"inLanguage\":\"es\",\"@id\":\"https:\\\/\\\/secure.gravatar.com\\\/avatar\\\/3ea2118a5f7dad2b7138b1187a6b7ee55f160b9968b66013c3a3ef39dd7e5798?s=96&d=mm&r=g\",\"url\":\"https:\\\/\\\/secure.gravatar.com\\\/avatar\\\/3ea2118a5f7dad2b7138b1187a6b7ee55f160b9968b66013c3a3ef39dd7e5798?s=96&d=mm&r=g\",\"contentUrl\":\"https:\\\/\\\/secure.gravatar.com\\\/avatar\\\/3ea2118a5f7dad2b7138b1187a6b7ee55f160b9968b66013c3a3ef39dd7e5798?s=96&d=mm&r=g\",\"caption\":\"Jeanette\"},\"sameAs\":[\"https:\\\/\\\/www.eldiario.net\\\/portal\"],\"url\":\"https:\\\/\\\/www.eldiario.net\\\/portal\\\/author\\\/jeanette\\\/\"}]}<\/script>\n<!-- \/ Yoast SEO plugin. -->","yoast_head_json":{"title":"Transporte pide a la poblaci\u00f3n abastecerse con alimentos - El Diario - Bolivia","robots":{"index":"index","follow":"follow","max-snippet":"max-snippet:-1","max-image-preview":"max-image-preview:large","max-video-preview":"max-video-preview:-1"},"canonical":"https:\/\/www.eldiario.net\/portal\/2024\/06\/22\/transporte-pide-a-la-poblacion-abastecerse-con-alimentos\/","og_locale":"es_ES","og_type":"article","og_title":"Transporte pide a la poblaci\u00f3n abastecerse con alimentos - El Diario - Bolivia","og_description":"El paro con bloqueo de carreteras y fronteras determinado por el transporte pesado ayer no tiene marcha atr\u00e1s hasta que el Gobierno atienda sus demandas. Los dirigentes de este sector pidieron a la poblaci\u00f3n abastecerse con alimentos, pues la medida ser\u00e1 indefinida, hasta que sea cumplido su pliego petitorio. \u201cPedimos a la poblaci\u00f3n entera las [&hellip;]","og_url":"https:\/\/www.eldiario.net\/portal\/2024\/06\/22\/transporte-pide-a-la-poblacion-abastecerse-con-alimentos\/","og_site_name":"El Diario - Bolivia","article_publisher":"https:\/\/www.facebook.com\/eldiario.bolivia\/","article_published_time":"2024-06-22T13:46:11+00:00","og_image":[{"width":1280,"height":545,"url":"https:\/\/www.eldiario.net\/portal\/wp-content\/uploads\/2024\/06\/77-NAL.jpg","type":"image\/jpeg"}],"author":"Jeanette","twitter_card":"summary_large_image","twitter_creator":"@eldiario_net","twitter_site":"@eldiario_net","twitter_misc":{"Escrito por":"Jeanette","Tiempo de lectura":"2 minutos"},"schema":{"@context":"https:\/\/schema.org","@graph":[{"@type":"Article","@id":"https:\/\/www.eldiario.net\/portal\/2024\/06\/22\/transporte-pide-a-la-poblacion-abastecerse-con-alimentos\/#article","isPartOf":{"@id":"https:\/\/www.eldiario.net\/portal\/2024\/06\/22\/transporte-pide-a-la-poblacion-abastecerse-con-alimentos\/"},"author":{"name":"Jeanette","@id":"https:\/\/www.eldiario.net\/portal\/#\/schema\/person\/f46445640444750d7d753ccd04ae01b7"},"headline":"Transporte pide a la poblaci\u00f3n abastecerse con alimentos","datePublished":"2024-06-22T13:46:11+00:00","mainEntityOfPage":{"@id":"https:\/\/www.eldiario.net\/portal\/2024\/06\/22\/transporte-pide-a-la-poblacion-abastecerse-con-alimentos\/"},"wordCount":379,"commentCount":0,"publisher":{"@id":"https:\/\/www.eldiario.net\/portal\/#organization"},"image":{"@id":"https:\/\/www.eldiario.net\/portal\/2024\/06\/22\/transporte-pide-a-la-poblacion-abastecerse-con-alimentos\/#primaryimage"},"thumbnailUrl":"https:\/\/www.eldiario.net\/portal\/wp-content\/uploads\/2024\/06\/77-NAL.jpg","articleSection":["Nacional"],"inLanguage":"es","potentialAction":[{"@type":"CommentAction","name":"Comment","target":["https:\/\/www.eldiario.net\/portal\/2024\/06\/22\/transporte-pide-a-la-poblacion-abastecerse-con-alimentos\/#respond"]}]},{"@type":"WebPage","@id":"https:\/\/www.eldiario.net\/portal\/2024\/06\/22\/transporte-pide-a-la-poblacion-abastecerse-con-alimentos\/","url":"https:\/\/www.eldiario.net\/portal\/2024\/06\/22\/transporte-pide-a-la-poblacion-abastecerse-con-alimentos\/","name":"Transporte pide a la poblaci\u00f3n abastecerse con alimentos - El Diario - Bolivia","isPartOf":{"@id":"https:\/\/www.eldiario.net\/portal\/#website"},"primaryImageOfPage":{"@id":"https:\/\/www.eldiario.net\/portal\/2024\/06\/22\/transporte-pide-a-la-poblacion-abastecerse-con-alimentos\/#primaryimage"},"image":{"@id":"https:\/\/www.eldiario.net\/portal\/2024\/06\/22\/transporte-pide-a-la-poblacion-abastecerse-con-alimentos\/#primaryimage"},"thumbnailUrl":"https:\/\/www.eldiario.net\/portal\/wp-content\/uploads\/2024\/06\/77-NAL.jpg","datePublished":"2024-06-22T13:46:11+00:00","breadcrumb":{"@id":"https:\/\/www.eldiario.net\/portal\/2024\/06\/22\/transporte-pide-a-la-poblacion-abastecerse-con-alimentos\/#breadcrumb"},"inLanguage":"es","potentialAction":[{"@type":"ReadAction","target":["https:\/\/www.eldiario.net\/portal\/2024\/06\/22\/transporte-pide-a-la-poblacion-abastecerse-con-alimentos\/"]}]},{"@type":"ImageObject","inLanguage":"es","@id":"https:\/\/www.eldiario.net\/portal\/2024\/06\/22\/transporte-pide-a-la-poblacion-abastecerse-con-alimentos\/#primaryimage","url":"https:\/\/www.eldiario.net\/portal\/wp-content\/uploads\/2024\/06\/77-NAL.jpg","contentUrl":"https:\/\/www.eldiario.net\/portal\/wp-content\/uploads\/2024\/06\/77-NAL.jpg","width":1280,"height":545,"caption":"El transporte pesado anunci\u00f3 un bloqueo indefinido desde el jueves."},{"@type":"BreadcrumbList","@id":"https:\/\/www.eldiario.net\/portal\/2024\/06\/22\/transporte-pide-a-la-poblacion-abastecerse-con-alimentos\/#breadcrumb","itemListElement":[{"@type":"ListItem","position":1,"name":"Portada","item":"https:\/\/www.eldiario.net\/portal\/"},{"@type":"ListItem","position":2,"name":"Transporte pide a la poblaci\u00f3n abastecerse con alimentos"}]},{"@type":"WebSite","@id":"https:\/\/www.eldiario.net\/portal\/#website","url":"https:\/\/www.eldiario.net\/portal\/","name":"El Diario - Decano de la prensa nacional","description":"El Diario - Decano de la prensa nacional","publisher":{"@id":"https:\/\/www.eldiario.net\/portal\/#organization"},"potentialAction":[{"@type":"SearchAction","target":{"@type":"EntryPoint","urlTemplate":"https:\/\/www.eldiario.net\/portal\/?s={search_term_string}"},"query-input":{"@type":"PropertyValueSpecification","valueRequired":true,"valueName":"search_term_string"}}],"inLanguage":"es"},{"@type":"Organization","@id":"https:\/\/www.eldiario.net\/portal\/#organization","name":"El Diario - Decano de la prensa nacional","url":"https:\/\/www.eldiario.net\/portal\/","logo":{"@type":"ImageObject","inLanguage":"es","@id":"https:\/\/www.eldiario.net\/portal\/#\/schema\/logo\/image\/","url":"https:\/\/www.eldiario.net\/portal\/wp-content\/uploads\/2023\/07\/logo_ED.jpg","contentUrl":"https:\/\/www.eldiario.net\/portal\/wp-content\/uploads\/2023\/07\/logo_ED.jpg","width":272,"height":52,"caption":"El Diario - Decano de la prensa nacional"},"image":{"@id":"https:\/\/www.eldiario.net\/portal\/#\/schema\/logo\/image\/"},"sameAs":["https:\/\/www.facebook.com\/eldiario.bolivia\/","https:\/\/x.com\/eldiario_net"]},{"@type":"Person","@id":"https:\/\/www.eldiario.net\/portal\/#\/schema\/person\/f46445640444750d7d753ccd04ae01b7","name":"Jeanette","image":{"@type":"ImageObject","inLanguage":"es","@id":"https:\/\/secure.gravatar.com\/avatar\/3ea2118a5f7dad2b7138b1187a6b7ee55f160b9968b66013c3a3ef39dd7e5798?s=96&d=mm&r=g","url":"https:\/\/secure.gravatar.com\/avatar\/3ea2118a5f7dad2b7138b1187a6b7ee55f160b9968b66013c3a3ef39dd7e5798?s=96&d=mm&r=g","contentUrl":"https:\/\/secure.gravatar.com\/avatar\/3ea2118a5f7dad2b7138b1187a6b7ee55f160b9968b66013c3a3ef39dd7e5798?s=96&d=mm&r=g","caption":"Jeanette"},"sameAs":["https:\/\/www.eldiario.net\/portal"],"url":"https:\/\/www.eldiario.net\/portal\/author\/jeanette\/"}]}},"_links":{"self":[{"href":"https:\/\/www.eldiario.net\/portal\/wp-json\/wp\/v2\/posts\/228849","targetHints":{"allow":["GET"]}}],"collection":[{"href":"https:\/\/www.eldiario.net\/portal\/wp-json\/wp\/v2\/posts"}],"about":[{"href":"https:\/\/www.eldiario.net\/portal\/wp-json\/wp\/v2\/types\/post"}],"author":[{"embeddable":true,"href":"https:\/\/www.eldiario.net\/portal\/wp-json\/wp\/v2\/users\/1"}],"replies":[{"embeddable":true,"href":"https:\/\/www.eldiario.net\/portal\/wp-json\/wp\/v2\/comments?post=228849"}],"version-history":[{"count":1,"href":"https:\/\/www.eldiario.net\/portal\/wp-json\/wp\/v2\/posts\/228849\/revisions"}],"predecessor-version":[{"id":228851,"href":"https:\/\/www.eldiario.net\/portal\/wp-json\/wp\/v2\/posts\/228849\/revisions\/228851"}],"wp:featuredmedia":[{"embeddable":true,"href":"https:\/\/www.eldiario.net\/portal\/wp-json\/wp\/v2\/media\/228850"}],"wp:attachment":[{"href":"https:\/\/www.eldiario.net\/portal\/wp-json\/wp\/v2\/media?parent=228849"}],"wp:term":[{"taxonomy":"category","embeddable":true,"href":"https:\/\/www.eldiario.net\/portal\/wp-json\/wp\/v2\/categories?post=228849"},{"taxonomy":"post_tag","embeddable":true,"href":"https:\/\/www.eldiario.net\/portal\/wp-json\/wp\/v2\/tags?post=228849"}],"curies":[{"name":"wp","href":"https:\/\/api.w.org\/{rel}","templated":true}]}}