{"id":228846,"date":"2024-06-22T09:45:31","date_gmt":"2024-06-22T13:45:31","guid":{"rendered":"https:\/\/www.eldiario.net\/portal\/?p=228846"},"modified":"2024-06-22T09:45:31","modified_gmt":"2024-06-22T13:45:31","slug":"anuncian-estrictos-controles-durante-la-noche-de-san-juan","status":"publish","type":"post","link":"https:\/\/www.eldiario.net\/portal\/2024\/06\/22\/anuncian-estrictos-controles-durante-la-noche-de-san-juan\/","title":{"rendered":"Anuncian estrictos controles durante la noche de San Juan"},"content":{"rendered":"<p>La noche de San Juan, el Parque Nacional Tunari ser\u00e1 monitoreado de manera permanente a trav\u00e9s de la c\u00e1mara t\u00e9rmica. Asimismo, se desplazar\u00e1 a m\u00e1s de 500 funcionarios municipales por diferentes zonas de la ciudad a fin de controlar el encendido de fogatas y la venta de juegos pirot\u00e9cnicos.<br \/>\nEl jefe de la Unidad de Gesti\u00f3n de Riesgos (UGR) de la Alcald\u00eda de Cochabamba, Dennis Rosales, asegur\u00f3 que se dar\u00e1 estricto cumplimiento a la Ordenanza Municipal 4210\/2011, el cual estipula una sanci\u00f3n de Bs 2.000 por el encendido de fogatas o el decomiso de juegos pirot\u00e9cnicos para aquellos comerciantes que los est\u00e9n vendiendo.<br \/>\nRosales inform\u00f3 que la UGR cuenta con m\u00e1s de 25 bomberos, 10 cisternas y dos carros hidrocin\u00e9ticos que estar\u00e1n desplazados por diferentes puntos de la ciudad realizando controles.<br \/>\n\u201cInvitamos a la poblaci\u00f3n pasar la noche de San Juan en familia, no hagamos fogatas, respetemos la normativa, cuidemos el medio ambiente (\u2026), la poblaci\u00f3n que desee denunciar el encendido de fogatas pueden hacerlo al 61561515, ante el llamado estaremos en el lugar sofocando fogatas y emitiendo multas\u201d, agreg\u00f3 Rosales. (Cochabamba, agencias)<\/p>\n","protected":false},"excerpt":{"rendered":"<p>La noche de San Juan, el Parque Nacional Tunari ser\u00e1 monitoreado de manera permanente a trav\u00e9s de la c\u00e1mara t\u00e9rmica. Asimismo, se desplazar\u00e1 a m\u00e1s de 500 funcionarios municipales por diferentes zonas de la ciudad a fin de controlar el encendido de fogatas y la venta de juegos pirot\u00e9cnicos. El jefe de la Unidad de [&hellip;]<\/p>\n","protected":false},"author":1,"featured_media":228847,"comment_status":"open","ping_status":"open","sticky":false,"template":"","format":"standard","meta":{"_acf_changed":false,"footnotes":""},"categories":[12],"tags":[],"class_list":["post-228846","post","type-post","status-publish","format-standard","has-post-thumbnail","category-nacional"],"acf":{"antetitulo":"Cochabamba"},"yoast_head":"<!-- This site is optimized with the Yoast SEO plugin v28.4 - https:\/\/yoast.com\/product\/yoast-seo-wordpress\/ -->\n<title>Anuncian estrictos controles durante la noche de San Juan - El Diario - Bolivia<\/title>\n<meta name=\"robots\" content=\"index, follow, max-snippet:-1, max-image-preview:large, max-video-preview:-1\" \/>\n<link rel=\"canonical\" href=\"https:\/\/www.eldiario.net\/portal\/2024\/06\/22\/anuncian-estrictos-controles-durante-la-noche-de-san-juan\/\" \/>\n<meta property=\"og:locale\" content=\"es_ES\" \/>\n<meta property=\"og:type\" content=\"article\" \/>\n<meta property=\"og:title\" content=\"Anuncian estrictos controles durante la noche de San Juan - El Diario - Bolivia\" \/>\n<meta property=\"og:description\" content=\"La noche de San Juan, el Parque Nacional Tunari ser\u00e1 monitoreado de manera permanente a trav\u00e9s de la c\u00e1mara t\u00e9rmica. Asimismo, se desplazar\u00e1 a m\u00e1s de 500 funcionarios municipales por diferentes zonas de la ciudad a fin de controlar el encendido de fogatas y la venta de juegos pirot\u00e9cnicos. El jefe de la Unidad de [&hellip;]\" \/>\n<meta property=\"og:url\" content=\"https:\/\/www.eldiario.net\/portal\/2024\/06\/22\/anuncian-estrictos-controles-durante-la-noche-de-san-juan\/\" \/>\n<meta property=\"og:site_name\" content=\"El Diario - Bolivia\" \/>\n<meta property=\"article:publisher\" content=\"https:\/\/www.facebook.com\/eldiario.bolivia\/\" \/>\n<meta property=\"article:published_time\" content=\"2024-06-22T13:45:31+00:00\" \/>\n<meta property=\"og:image\" content=\"https:\/\/www.eldiario.net\/portal\/wp-content\/uploads\/2024\/06\/71-NAL-2.jpg\" \/>\n\t<meta property=\"og:image:width\" content=\"1600\" \/>\n\t<meta property=\"og:image:height\" content=\"1066\" \/>\n\t<meta property=\"og:image:type\" content=\"image\/jpeg\" \/>\n<meta name=\"author\" content=\"Jeanette\" \/>\n<meta name=\"twitter:card\" content=\"summary_large_image\" \/>\n<meta name=\"twitter:creator\" content=\"@eldiario_net\" \/>\n<meta name=\"twitter:site\" content=\"@eldiario_net\" \/>\n<meta name=\"twitter:label1\" content=\"Escrito por\" \/>\n\t<meta name=\"twitter:data1\" content=\"Jeanette\" \/>\n\t<meta name=\"twitter:label2\" content=\"Tiempo de lectura\" \/>\n\t<meta name=\"twitter:data2\" content=\"2 minutos\" \/>\n<script type=\"application\/ld+json\" class=\"yoast-schema-graph\">{\"@context\":\"https:\\\/\\\/schema.org\",\"@graph\":[{\"@type\":\"Article\",\"@id\":\"https:\\\/\\\/www.eldiario.net\\\/portal\\\/2024\\\/06\\\/22\\\/anuncian-estrictos-controles-durante-la-noche-de-san-juan\\\/#article\",\"isPartOf\":{\"@id\":\"https:\\\/\\\/www.eldiario.net\\\/portal\\\/2024\\\/06\\\/22\\\/anuncian-estrictos-controles-durante-la-noche-de-san-juan\\\/\"},\"author\":{\"name\":\"Jeanette\",\"@id\":\"https:\\\/\\\/www.eldiario.net\\\/portal\\\/#\\\/schema\\\/person\\\/f46445640444750d7d753ccd04ae01b7\"},\"headline\":\"Anuncian estrictos controles durante la noche de San Juan\",\"datePublished\":\"2024-06-22T13:45:31+00:00\",\"mainEntityOfPage\":{\"@id\":\"https:\\\/\\\/www.eldiario.net\\\/portal\\\/2024\\\/06\\\/22\\\/anuncian-estrictos-controles-durante-la-noche-de-san-juan\\\/\"},\"wordCount\":200,\"commentCount\":0,\"publisher\":{\"@id\":\"https:\\\/\\\/www.eldiario.net\\\/portal\\\/#organization\"},\"image\":{\"@id\":\"https:\\\/\\\/www.eldiario.net\\\/portal\\\/2024\\\/06\\\/22\\\/anuncian-estrictos-controles-durante-la-noche-de-san-juan\\\/#primaryimage\"},\"thumbnailUrl\":\"https:\\\/\\\/www.eldiario.net\\\/portal\\\/wp-content\\\/uploads\\\/2024\\\/06\\\/71-NAL-2.jpg\",\"articleSection\":[\"Nacional\"],\"inLanguage\":\"es\",\"potentialAction\":[{\"@type\":\"CommentAction\",\"name\":\"Comment\",\"target\":[\"https:\\\/\\\/www.eldiario.net\\\/portal\\\/2024\\\/06\\\/22\\\/anuncian-estrictos-controles-durante-la-noche-de-san-juan\\\/#respond\"]}]},{\"@type\":\"WebPage\",\"@id\":\"https:\\\/\\\/www.eldiario.net\\\/portal\\\/2024\\\/06\\\/22\\\/anuncian-estrictos-controles-durante-la-noche-de-san-juan\\\/\",\"url\":\"https:\\\/\\\/www.eldiario.net\\\/portal\\\/2024\\\/06\\\/22\\\/anuncian-estrictos-controles-durante-la-noche-de-san-juan\\\/\",\"name\":\"Anuncian estrictos controles durante la noche de San Juan - El Diario - Bolivia\",\"isPartOf\":{\"@id\":\"https:\\\/\\\/www.eldiario.net\\\/portal\\\/#website\"},\"primaryImageOfPage\":{\"@id\":\"https:\\\/\\\/www.eldiario.net\\\/portal\\\/2024\\\/06\\\/22\\\/anuncian-estrictos-controles-durante-la-noche-de-san-juan\\\/#primaryimage\"},\"image\":{\"@id\":\"https:\\\/\\\/www.eldiario.net\\\/portal\\\/2024\\\/06\\\/22\\\/anuncian-estrictos-controles-durante-la-noche-de-san-juan\\\/#primaryimage\"},\"thumbnailUrl\":\"https:\\\/\\\/www.eldiario.net\\\/portal\\\/wp-content\\\/uploads\\\/2024\\\/06\\\/71-NAL-2.jpg\",\"datePublished\":\"2024-06-22T13:45:31+00:00\",\"breadcrumb\":{\"@id\":\"https:\\\/\\\/www.eldiario.net\\\/portal\\\/2024\\\/06\\\/22\\\/anuncian-estrictos-controles-durante-la-noche-de-san-juan\\\/#breadcrumb\"},\"inLanguage\":\"es\",\"potentialAction\":[{\"@type\":\"ReadAction\",\"target\":[\"https:\\\/\\\/www.eldiario.net\\\/portal\\\/2024\\\/06\\\/22\\\/anuncian-estrictos-controles-durante-la-noche-de-san-juan\\\/\"]}]},{\"@type\":\"ImageObject\",\"inLanguage\":\"es\",\"@id\":\"https:\\\/\\\/www.eldiario.net\\\/portal\\\/2024\\\/06\\\/22\\\/anuncian-estrictos-controles-durante-la-noche-de-san-juan\\\/#primaryimage\",\"url\":\"https:\\\/\\\/www.eldiario.net\\\/portal\\\/wp-content\\\/uploads\\\/2024\\\/06\\\/71-NAL-2.jpg\",\"contentUrl\":\"https:\\\/\\\/www.eldiario.net\\\/portal\\\/wp-content\\\/uploads\\\/2024\\\/06\\\/71-NAL-2.jpg\",\"width\":1600,\"height\":1066,\"caption\":\"UN FUNCIONARIO DE LA UGR OPERA LA C\u00c1MARA T\u00c9RMICA QUE SE UTILIZA PARA DETECTAR FOCOS DE CALOR EN EL PARQUE NACIONAL TUNARI.\"},{\"@type\":\"BreadcrumbList\",\"@id\":\"https:\\\/\\\/www.eldiario.net\\\/portal\\\/2024\\\/06\\\/22\\\/anuncian-estrictos-controles-durante-la-noche-de-san-juan\\\/#breadcrumb\",\"itemListElement\":[{\"@type\":\"ListItem\",\"position\":1,\"name\":\"Portada\",\"item\":\"https:\\\/\\\/www.eldiario.net\\\/portal\\\/\"},{\"@type\":\"ListItem\",\"position\":2,\"name\":\"Anuncian estrictos controles durante la noche de San Juan\"}]},{\"@type\":\"WebSite\",\"@id\":\"https:\\\/\\\/www.eldiario.net\\\/portal\\\/#website\",\"url\":\"https:\\\/\\\/www.eldiario.net\\\/portal\\\/\",\"name\":\"El Diario - Decano de la prensa nacional\",\"description\":\"El Diario - Decano de la prensa nacional\",\"publisher\":{\"@id\":\"https:\\\/\\\/www.eldiario.net\\\/portal\\\/#organization\"},\"potentialAction\":[{\"@type\":\"SearchAction\",\"target\":{\"@type\":\"EntryPoint\",\"urlTemplate\":\"https:\\\/\\\/www.eldiario.net\\\/portal\\\/?s={search_term_string}\"},\"query-input\":{\"@type\":\"PropertyValueSpecification\",\"valueRequired\":true,\"valueName\":\"search_term_string\"}}],\"inLanguage\":\"es\"},{\"@type\":\"Organization\",\"@id\":\"https:\\\/\\\/www.eldiario.net\\\/portal\\\/#organization\",\"name\":\"El Diario - Decano de la prensa nacional\",\"url\":\"https:\\\/\\\/www.eldiario.net\\\/portal\\\/\",\"logo\":{\"@type\":\"ImageObject\",\"inLanguage\":\"es\",\"@id\":\"https:\\\/\\\/www.eldiario.net\\\/portal\\\/#\\\/schema\\\/logo\\\/image\\\/\",\"url\":\"https:\\\/\\\/www.eldiario.net\\\/portal\\\/wp-content\\\/uploads\\\/2023\\\/07\\\/logo_ED.jpg\",\"contentUrl\":\"https:\\\/\\\/www.eldiario.net\\\/portal\\\/wp-content\\\/uploads\\\/2023\\\/07\\\/logo_ED.jpg\",\"width\":272,\"height\":52,\"caption\":\"El Diario - Decano de la prensa nacional\"},\"image\":{\"@id\":\"https:\\\/\\\/www.eldiario.net\\\/portal\\\/#\\\/schema\\\/logo\\\/image\\\/\"},\"sameAs\":[\"https:\\\/\\\/www.facebook.com\\\/eldiario.bolivia\\\/\",\"https:\\\/\\\/x.com\\\/eldiario_net\"]},{\"@type\":\"Person\",\"@id\":\"https:\\\/\\\/www.eldiario.net\\\/portal\\\/#\\\/schema\\\/person\\\/f46445640444750d7d753ccd04ae01b7\",\"name\":\"Jeanette\",\"image\":{\"@type\":\"ImageObject\",\"inLanguage\":\"es\",\"@id\":\"https:\\\/\\\/secure.gravatar.com\\\/avatar\\\/3ea2118a5f7dad2b7138b1187a6b7ee55f160b9968b66013c3a3ef39dd7e5798?s=96&d=mm&r=g\",\"url\":\"https:\\\/\\\/secure.gravatar.com\\\/avatar\\\/3ea2118a5f7dad2b7138b1187a6b7ee55f160b9968b66013c3a3ef39dd7e5798?s=96&d=mm&r=g\",\"contentUrl\":\"https:\\\/\\\/secure.gravatar.com\\\/avatar\\\/3ea2118a5f7dad2b7138b1187a6b7ee55f160b9968b66013c3a3ef39dd7e5798?s=96&d=mm&r=g\",\"caption\":\"Jeanette\"},\"sameAs\":[\"https:\\\/\\\/www.eldiario.net\\\/portal\"],\"url\":\"https:\\\/\\\/www.eldiario.net\\\/portal\\\/author\\\/jeanette\\\/\"}]}<\/script>\n<!-- \/ Yoast SEO plugin. -->","yoast_head_json":{"title":"Anuncian estrictos controles durante la noche de San Juan - El Diario - Bolivia","robots":{"index":"index","follow":"follow","max-snippet":"max-snippet:-1","max-image-preview":"max-image-preview:large","max-video-preview":"max-video-preview:-1"},"canonical":"https:\/\/www.eldiario.net\/portal\/2024\/06\/22\/anuncian-estrictos-controles-durante-la-noche-de-san-juan\/","og_locale":"es_ES","og_type":"article","og_title":"Anuncian estrictos controles durante la noche de San Juan - El Diario - Bolivia","og_description":"La noche de San Juan, el Parque Nacional Tunari ser\u00e1 monitoreado de manera permanente a trav\u00e9s de la c\u00e1mara t\u00e9rmica. Asimismo, se desplazar\u00e1 a m\u00e1s de 500 funcionarios municipales por diferentes zonas de la ciudad a fin de controlar el encendido de fogatas y la venta de juegos pirot\u00e9cnicos. El jefe de la Unidad de [&hellip;]","og_url":"https:\/\/www.eldiario.net\/portal\/2024\/06\/22\/anuncian-estrictos-controles-durante-la-noche-de-san-juan\/","og_site_name":"El Diario - Bolivia","article_publisher":"https:\/\/www.facebook.com\/eldiario.bolivia\/","article_published_time":"2024-06-22T13:45:31+00:00","og_image":[{"width":1600,"height":1066,"url":"https:\/\/www.eldiario.net\/portal\/wp-content\/uploads\/2024\/06\/71-NAL-2.jpg","type":"image\/jpeg"}],"author":"Jeanette","twitter_card":"summary_large_image","twitter_creator":"@eldiario_net","twitter_site":"@eldiario_net","twitter_misc":{"Escrito por":"Jeanette","Tiempo de lectura":"2 minutos"},"schema":{"@context":"https:\/\/schema.org","@graph":[{"@type":"Article","@id":"https:\/\/www.eldiario.net\/portal\/2024\/06\/22\/anuncian-estrictos-controles-durante-la-noche-de-san-juan\/#article","isPartOf":{"@id":"https:\/\/www.eldiario.net\/portal\/2024\/06\/22\/anuncian-estrictos-controles-durante-la-noche-de-san-juan\/"},"author":{"name":"Jeanette","@id":"https:\/\/www.eldiario.net\/portal\/#\/schema\/person\/f46445640444750d7d753ccd04ae01b7"},"headline":"Anuncian estrictos controles durante la noche de San Juan","datePublished":"2024-06-22T13:45:31+00:00","mainEntityOfPage":{"@id":"https:\/\/www.eldiario.net\/portal\/2024\/06\/22\/anuncian-estrictos-controles-durante-la-noche-de-san-juan\/"},"wordCount":200,"commentCount":0,"publisher":{"@id":"https:\/\/www.eldiario.net\/portal\/#organization"},"image":{"@id":"https:\/\/www.eldiario.net\/portal\/2024\/06\/22\/anuncian-estrictos-controles-durante-la-noche-de-san-juan\/#primaryimage"},"thumbnailUrl":"https:\/\/www.eldiario.net\/portal\/wp-content\/uploads\/2024\/06\/71-NAL-2.jpg","articleSection":["Nacional"],"inLanguage":"es","potentialAction":[{"@type":"CommentAction","name":"Comment","target":["https:\/\/www.eldiario.net\/portal\/2024\/06\/22\/anuncian-estrictos-controles-durante-la-noche-de-san-juan\/#respond"]}]},{"@type":"WebPage","@id":"https:\/\/www.eldiario.net\/portal\/2024\/06\/22\/anuncian-estrictos-controles-durante-la-noche-de-san-juan\/","url":"https:\/\/www.eldiario.net\/portal\/2024\/06\/22\/anuncian-estrictos-controles-durante-la-noche-de-san-juan\/","name":"Anuncian estrictos controles durante la noche de San Juan - El Diario - Bolivia","isPartOf":{"@id":"https:\/\/www.eldiario.net\/portal\/#website"},"primaryImageOfPage":{"@id":"https:\/\/www.eldiario.net\/portal\/2024\/06\/22\/anuncian-estrictos-controles-durante-la-noche-de-san-juan\/#primaryimage"},"image":{"@id":"https:\/\/www.eldiario.net\/portal\/2024\/06\/22\/anuncian-estrictos-controles-durante-la-noche-de-san-juan\/#primaryimage"},"thumbnailUrl":"https:\/\/www.eldiario.net\/portal\/wp-content\/uploads\/2024\/06\/71-NAL-2.jpg","datePublished":"2024-06-22T13:45:31+00:00","breadcrumb":{"@id":"https:\/\/www.eldiario.net\/portal\/2024\/06\/22\/anuncian-estrictos-controles-durante-la-noche-de-san-juan\/#breadcrumb"},"inLanguage":"es","potentialAction":[{"@type":"ReadAction","target":["https:\/\/www.eldiario.net\/portal\/2024\/06\/22\/anuncian-estrictos-controles-durante-la-noche-de-san-juan\/"]}]},{"@type":"ImageObject","inLanguage":"es","@id":"https:\/\/www.eldiario.net\/portal\/2024\/06\/22\/anuncian-estrictos-controles-durante-la-noche-de-san-juan\/#primaryimage","url":"https:\/\/www.eldiario.net\/portal\/wp-content\/uploads\/2024\/06\/71-NAL-2.jpg","contentUrl":"https:\/\/www.eldiario.net\/portal\/wp-content\/uploads\/2024\/06\/71-NAL-2.jpg","width":1600,"height":1066,"caption":"UN FUNCIONARIO DE LA UGR OPERA LA C\u00c1MARA T\u00c9RMICA QUE SE UTILIZA PARA DETECTAR FOCOS DE CALOR EN EL PARQUE NACIONAL TUNARI."},{"@type":"BreadcrumbList","@id":"https:\/\/www.eldiario.net\/portal\/2024\/06\/22\/anuncian-estrictos-controles-durante-la-noche-de-san-juan\/#breadcrumb","itemListElement":[{"@type":"ListItem","position":1,"name":"Portada","item":"https:\/\/www.eldiario.net\/portal\/"},{"@type":"ListItem","position":2,"name":"Anuncian estrictos controles durante la noche de San Juan"}]},{"@type":"WebSite","@id":"https:\/\/www.eldiario.net\/portal\/#website","url":"https:\/\/www.eldiario.net\/portal\/","name":"El Diario - Decano de la prensa nacional","description":"El Diario - Decano de la prensa nacional","publisher":{"@id":"https:\/\/www.eldiario.net\/portal\/#organization"},"potentialAction":[{"@type":"SearchAction","target":{"@type":"EntryPoint","urlTemplate":"https:\/\/www.eldiario.net\/portal\/?s={search_term_string}"},"query-input":{"@type":"PropertyValueSpecification","valueRequired":true,"valueName":"search_term_string"}}],"inLanguage":"es"},{"@type":"Organization","@id":"https:\/\/www.eldiario.net\/portal\/#organization","name":"El Diario - Decano de la prensa nacional","url":"https:\/\/www.eldiario.net\/portal\/","logo":{"@type":"ImageObject","inLanguage":"es","@id":"https:\/\/www.eldiario.net\/portal\/#\/schema\/logo\/image\/","url":"https:\/\/www.eldiario.net\/portal\/wp-content\/uploads\/2023\/07\/logo_ED.jpg","contentUrl":"https:\/\/www.eldiario.net\/portal\/wp-content\/uploads\/2023\/07\/logo_ED.jpg","width":272,"height":52,"caption":"El Diario - Decano de la prensa nacional"},"image":{"@id":"https:\/\/www.eldiario.net\/portal\/#\/schema\/logo\/image\/"},"sameAs":["https:\/\/www.facebook.com\/eldiario.bolivia\/","https:\/\/x.com\/eldiario_net"]},{"@type":"Person","@id":"https:\/\/www.eldiario.net\/portal\/#\/schema\/person\/f46445640444750d7d753ccd04ae01b7","name":"Jeanette","image":{"@type":"ImageObject","inLanguage":"es","@id":"https:\/\/secure.gravatar.com\/avatar\/3ea2118a5f7dad2b7138b1187a6b7ee55f160b9968b66013c3a3ef39dd7e5798?s=96&d=mm&r=g","url":"https:\/\/secure.gravatar.com\/avatar\/3ea2118a5f7dad2b7138b1187a6b7ee55f160b9968b66013c3a3ef39dd7e5798?s=96&d=mm&r=g","contentUrl":"https:\/\/secure.gravatar.com\/avatar\/3ea2118a5f7dad2b7138b1187a6b7ee55f160b9968b66013c3a3ef39dd7e5798?s=96&d=mm&r=g","caption":"Jeanette"},"sameAs":["https:\/\/www.eldiario.net\/portal"],"url":"https:\/\/www.eldiario.net\/portal\/author\/jeanette\/"}]}},"_links":{"self":[{"href":"https:\/\/www.eldiario.net\/portal\/wp-json\/wp\/v2\/posts\/228846","targetHints":{"allow":["GET"]}}],"collection":[{"href":"https:\/\/www.eldiario.net\/portal\/wp-json\/wp\/v2\/posts"}],"about":[{"href":"https:\/\/www.eldiario.net\/portal\/wp-json\/wp\/v2\/types\/post"}],"author":[{"embeddable":true,"href":"https:\/\/www.eldiario.net\/portal\/wp-json\/wp\/v2\/users\/1"}],"replies":[{"embeddable":true,"href":"https:\/\/www.eldiario.net\/portal\/wp-json\/wp\/v2\/comments?post=228846"}],"version-history":[{"count":1,"href":"https:\/\/www.eldiario.net\/portal\/wp-json\/wp\/v2\/posts\/228846\/revisions"}],"predecessor-version":[{"id":228848,"href":"https:\/\/www.eldiario.net\/portal\/wp-json\/wp\/v2\/posts\/228846\/revisions\/228848"}],"wp:featuredmedia":[{"embeddable":true,"href":"https:\/\/www.eldiario.net\/portal\/wp-json\/wp\/v2\/media\/228847"}],"wp:attachment":[{"href":"https:\/\/www.eldiario.net\/portal\/wp-json\/wp\/v2\/media?parent=228846"}],"wp:term":[{"taxonomy":"category","embeddable":true,"href":"https:\/\/www.eldiario.net\/portal\/wp-json\/wp\/v2\/categories?post=228846"},{"taxonomy":"post_tag","embeddable":true,"href":"https:\/\/www.eldiario.net\/portal\/wp-json\/wp\/v2\/tags?post=228846"}],"curies":[{"name":"wp","href":"https:\/\/api.w.org\/{rel}","templated":true}]}}