{"id":228843,"date":"2024-06-22T09:45:05","date_gmt":"2024-06-22T13:45:05","guid":{"rendered":"https:\/\/www.eldiario.net\/portal\/?p=228843"},"modified":"2024-06-22T09:45:05","modified_gmt":"2024-06-22T13:45:05","slug":"daran-cedulas-de-identidad-y-carnetizaran-a-menores","status":"publish","type":"post","link":"https:\/\/www.eldiario.net\/portal\/2024\/06\/22\/daran-cedulas-de-identidad-y-carnetizaran-a-menores\/","title":{"rendered":"Dar\u00e1n c\u00e9dulas de identidad y carnetizar\u00e1n a menores"},"content":{"rendered":"<p>La siguiente semana se instalar\u00e1 una \u201cBrigada M\u00f3vil\u201d del Servicio General de Identificaci\u00f3n Personal (Segip) y del Servicio de Registro C\u00edvico (Serec\u00ed) en la plaza Col\u00f3n desde las 08:30 hasta las 16:00 horas, para entregar de manera gratuita certificados de nacimiento y c\u00e9dulas de identidad a ni\u00f1os y adolescentes de escasos recursos.<br \/>\nLa secretaria de Desarrollo Humano, Jenny Rivero, inform\u00f3 que en coordinaci\u00f3n con las instancias correspondientes se extender\u00e1 la entrega de estos documentos a personas en situaci\u00f3n de calle, v\u00edctimas de violencia y discapacidad.<br \/>\n\u201cEstas personas trabajar\u00e1n en el frontis de la plaza Col\u00f3n de lunes a viernes. Ser\u00e1 una campa\u00f1a sostenida para que ning\u00fan ciudadano se encuentre sin documentos de identificaci\u00f3n\u201d, dijo Rivero.<br \/>\nEn tanto, la directora Departamental del Segip, Arminda Machicado, explic\u00f3 que hasta el aniversario de Cochabamba se pretende reducir la cantidad de personas que no cuenten con su c\u00e9dula de identidad.<br \/>\nResalt\u00f3 que la Fundaci\u00f3n Munasim Kullakita est\u00e1 corriendo con el costo de Bs 17 para la entrega de la c\u00e9dula de identidad. \u201cCoadyuvaremos a todas las personas que requieran de este documento. Nosotros vamos a garantizar la entrega de ese documento para avanzar con el programa de Cochabamba libre de indocumentados\u201d, sostuvo.<br \/>\nMachicado anunci\u00f3 que se evaluar\u00e1 la entrega de la c\u00e9dula de identidad a personas que por ciertas circunstancias de la vida no cuentan con ese documento, por lo que, en coordinaci\u00f3n con las distintas unidades se coordinar\u00e1 para captar a esta poblaci\u00f3n, ya sea personas en situaci\u00f3n de calle o adultos mayores.<br \/>\nA\u00f1adi\u00f3 que esta Brigada permanecer\u00e1 en Cochabamba hasta el 14 de septiembre, con la finalidad de captar a la mayor cantidad de personas para la entrega de ambos documentos.<br \/>\n\u201cNosotros queremos beneficiar a la mayor cantidad de ni\u00f1os y adolescentes, para ello, se tendr\u00e1 personal de Defensor\u00eda de la Ni\u00f1ez y Adolescencia desde trabajadora social, psic\u00f3logo y abogados que colaborar\u00e1n en la entrega de esa documentaci\u00f3n\u201d, finaliz\u00f3 el jefe de la Defensor\u00eda de la Ni\u00f1ez y Adolescencia, Fernando Meneses. (Cochabamba, agencias)<\/p>\n","protected":false},"excerpt":{"rendered":"<p>La siguiente semana se instalar\u00e1 una \u201cBrigada M\u00f3vil\u201d del Servicio General de Identificaci\u00f3n Personal (Segip) y del Servicio de Registro C\u00edvico (Serec\u00ed) en la plaza Col\u00f3n desde las 08:30 hasta las 16:00 horas, para entregar de manera gratuita certificados de nacimiento y c\u00e9dulas de identidad a ni\u00f1os y adolescentes de escasos recursos. La secretaria de [&hellip;]<\/p>\n","protected":false},"author":1,"featured_media":228844,"comment_status":"open","ping_status":"open","sticky":false,"template":"","format":"standard","meta":{"_acf_changed":false,"footnotes":""},"categories":[12],"tags":[],"class_list":["post-228843","post","type-post","status-publish","format-standard","has-post-thumbnail","category-nacional"],"acf":{"antetitulo":"Cochabamba"},"yoast_head":"<!-- This site is optimized with the Yoast SEO plugin v28.4 - https:\/\/yoast.com\/product\/yoast-seo-wordpress\/ -->\n<title>Dar\u00e1n c\u00e9dulas de identidad y carnetizar\u00e1n a menores - El Diario - Bolivia<\/title>\n<meta name=\"robots\" content=\"index, follow, max-snippet:-1, max-image-preview:large, max-video-preview:-1\" \/>\n<link rel=\"canonical\" href=\"https:\/\/www.eldiario.net\/portal\/2024\/06\/22\/daran-cedulas-de-identidad-y-carnetizaran-a-menores\/\" \/>\n<meta property=\"og:locale\" content=\"es_ES\" \/>\n<meta property=\"og:type\" content=\"article\" \/>\n<meta property=\"og:title\" content=\"Dar\u00e1n c\u00e9dulas de identidad y carnetizar\u00e1n a menores - El Diario - Bolivia\" \/>\n<meta property=\"og:description\" content=\"La siguiente semana se instalar\u00e1 una \u201cBrigada M\u00f3vil\u201d del Servicio General de Identificaci\u00f3n Personal (Segip) y del Servicio de Registro C\u00edvico (Serec\u00ed) en la plaza Col\u00f3n desde las 08:30 hasta las 16:00 horas, para entregar de manera gratuita certificados de nacimiento y c\u00e9dulas de identidad a ni\u00f1os y adolescentes de escasos recursos. La secretaria de [&hellip;]\" \/>\n<meta property=\"og:url\" content=\"https:\/\/www.eldiario.net\/portal\/2024\/06\/22\/daran-cedulas-de-identidad-y-carnetizaran-a-menores\/\" \/>\n<meta property=\"og:site_name\" content=\"El Diario - Bolivia\" \/>\n<meta property=\"article:publisher\" content=\"https:\/\/www.facebook.com\/eldiario.bolivia\/\" \/>\n<meta property=\"article:published_time\" content=\"2024-06-22T13:45:05+00:00\" \/>\n<meta property=\"og:image\" content=\"https:\/\/www.eldiario.net\/portal\/wp-content\/uploads\/2024\/06\/72-NAL.jpg\" \/>\n\t<meta property=\"og:image:width\" content=\"1600\" \/>\n\t<meta property=\"og:image:height\" content=\"1066\" \/>\n\t<meta property=\"og:image:type\" content=\"image\/jpeg\" \/>\n<meta name=\"author\" content=\"Jeanette\" \/>\n<meta name=\"twitter:card\" content=\"summary_large_image\" \/>\n<meta name=\"twitter:creator\" content=\"@eldiario_net\" \/>\n<meta name=\"twitter:site\" content=\"@eldiario_net\" \/>\n<meta name=\"twitter:label1\" content=\"Escrito por\" \/>\n\t<meta name=\"twitter:data1\" content=\"Jeanette\" \/>\n\t<meta name=\"twitter:label2\" content=\"Tiempo de lectura\" \/>\n\t<meta name=\"twitter:data2\" content=\"2 minutos\" \/>\n<script type=\"application\/ld+json\" class=\"yoast-schema-graph\">{\"@context\":\"https:\\\/\\\/schema.org\",\"@graph\":[{\"@type\":\"Article\",\"@id\":\"https:\\\/\\\/www.eldiario.net\\\/portal\\\/2024\\\/06\\\/22\\\/daran-cedulas-de-identidad-y-carnetizaran-a-menores\\\/#article\",\"isPartOf\":{\"@id\":\"https:\\\/\\\/www.eldiario.net\\\/portal\\\/2024\\\/06\\\/22\\\/daran-cedulas-de-identidad-y-carnetizaran-a-menores\\\/\"},\"author\":{\"name\":\"Jeanette\",\"@id\":\"https:\\\/\\\/www.eldiario.net\\\/portal\\\/#\\\/schema\\\/person\\\/f46445640444750d7d753ccd04ae01b7\"},\"headline\":\"Dar\u00e1n c\u00e9dulas de identidad y carnetizar\u00e1n a menores\",\"datePublished\":\"2024-06-22T13:45:05+00:00\",\"mainEntityOfPage\":{\"@id\":\"https:\\\/\\\/www.eldiario.net\\\/portal\\\/2024\\\/06\\\/22\\\/daran-cedulas-de-identidad-y-carnetizaran-a-menores\\\/\"},\"wordCount\":368,\"commentCount\":0,\"publisher\":{\"@id\":\"https:\\\/\\\/www.eldiario.net\\\/portal\\\/#organization\"},\"image\":{\"@id\":\"https:\\\/\\\/www.eldiario.net\\\/portal\\\/2024\\\/06\\\/22\\\/daran-cedulas-de-identidad-y-carnetizaran-a-menores\\\/#primaryimage\"},\"thumbnailUrl\":\"https:\\\/\\\/www.eldiario.net\\\/portal\\\/wp-content\\\/uploads\\\/2024\\\/06\\\/72-NAL.jpg\",\"articleSection\":[\"Nacional\"],\"inLanguage\":\"es\",\"potentialAction\":[{\"@type\":\"CommentAction\",\"name\":\"Comment\",\"target\":[\"https:\\\/\\\/www.eldiario.net\\\/portal\\\/2024\\\/06\\\/22\\\/daran-cedulas-de-identidad-y-carnetizaran-a-menores\\\/#respond\"]}]},{\"@type\":\"WebPage\",\"@id\":\"https:\\\/\\\/www.eldiario.net\\\/portal\\\/2024\\\/06\\\/22\\\/daran-cedulas-de-identidad-y-carnetizaran-a-menores\\\/\",\"url\":\"https:\\\/\\\/www.eldiario.net\\\/portal\\\/2024\\\/06\\\/22\\\/daran-cedulas-de-identidad-y-carnetizaran-a-menores\\\/\",\"name\":\"Dar\u00e1n c\u00e9dulas de identidad y carnetizar\u00e1n a menores - El Diario - Bolivia\",\"isPartOf\":{\"@id\":\"https:\\\/\\\/www.eldiario.net\\\/portal\\\/#website\"},\"primaryImageOfPage\":{\"@id\":\"https:\\\/\\\/www.eldiario.net\\\/portal\\\/2024\\\/06\\\/22\\\/daran-cedulas-de-identidad-y-carnetizaran-a-menores\\\/#primaryimage\"},\"image\":{\"@id\":\"https:\\\/\\\/www.eldiario.net\\\/portal\\\/2024\\\/06\\\/22\\\/daran-cedulas-de-identidad-y-carnetizaran-a-menores\\\/#primaryimage\"},\"thumbnailUrl\":\"https:\\\/\\\/www.eldiario.net\\\/portal\\\/wp-content\\\/uploads\\\/2024\\\/06\\\/72-NAL.jpg\",\"datePublished\":\"2024-06-22T13:45:05+00:00\",\"breadcrumb\":{\"@id\":\"https:\\\/\\\/www.eldiario.net\\\/portal\\\/2024\\\/06\\\/22\\\/daran-cedulas-de-identidad-y-carnetizaran-a-menores\\\/#breadcrumb\"},\"inLanguage\":\"es\",\"potentialAction\":[{\"@type\":\"ReadAction\",\"target\":[\"https:\\\/\\\/www.eldiario.net\\\/portal\\\/2024\\\/06\\\/22\\\/daran-cedulas-de-identidad-y-carnetizaran-a-menores\\\/\"]}]},{\"@type\":\"ImageObject\",\"inLanguage\":\"es\",\"@id\":\"https:\\\/\\\/www.eldiario.net\\\/portal\\\/2024\\\/06\\\/22\\\/daran-cedulas-de-identidad-y-carnetizaran-a-menores\\\/#primaryimage\",\"url\":\"https:\\\/\\\/www.eldiario.net\\\/portal\\\/wp-content\\\/uploads\\\/2024\\\/06\\\/72-NAL.jpg\",\"contentUrl\":\"https:\\\/\\\/www.eldiario.net\\\/portal\\\/wp-content\\\/uploads\\\/2024\\\/06\\\/72-NAL.jpg\",\"width\":1600,\"height\":1066,\"caption\":\"CONFERENCIA DE PRENSA EN LA QUE SE ANUNCI\u00d3 LA ENTREGA DE CERTIFICADOS DE NACIMIENTO Y LA CARNETIZACI\u00d3N.\"},{\"@type\":\"BreadcrumbList\",\"@id\":\"https:\\\/\\\/www.eldiario.net\\\/portal\\\/2024\\\/06\\\/22\\\/daran-cedulas-de-identidad-y-carnetizaran-a-menores\\\/#breadcrumb\",\"itemListElement\":[{\"@type\":\"ListItem\",\"position\":1,\"name\":\"Portada\",\"item\":\"https:\\\/\\\/www.eldiario.net\\\/portal\\\/\"},{\"@type\":\"ListItem\",\"position\":2,\"name\":\"Dar\u00e1n c\u00e9dulas de identidad y carnetizar\u00e1n a menores\"}]},{\"@type\":\"WebSite\",\"@id\":\"https:\\\/\\\/www.eldiario.net\\\/portal\\\/#website\",\"url\":\"https:\\\/\\\/www.eldiario.net\\\/portal\\\/\",\"name\":\"El Diario - Decano de la prensa nacional\",\"description\":\"El Diario - Decano de la prensa nacional\",\"publisher\":{\"@id\":\"https:\\\/\\\/www.eldiario.net\\\/portal\\\/#organization\"},\"potentialAction\":[{\"@type\":\"SearchAction\",\"target\":{\"@type\":\"EntryPoint\",\"urlTemplate\":\"https:\\\/\\\/www.eldiario.net\\\/portal\\\/?s={search_term_string}\"},\"query-input\":{\"@type\":\"PropertyValueSpecification\",\"valueRequired\":true,\"valueName\":\"search_term_string\"}}],\"inLanguage\":\"es\"},{\"@type\":\"Organization\",\"@id\":\"https:\\\/\\\/www.eldiario.net\\\/portal\\\/#organization\",\"name\":\"El Diario - Decano de la prensa nacional\",\"url\":\"https:\\\/\\\/www.eldiario.net\\\/portal\\\/\",\"logo\":{\"@type\":\"ImageObject\",\"inLanguage\":\"es\",\"@id\":\"https:\\\/\\\/www.eldiario.net\\\/portal\\\/#\\\/schema\\\/logo\\\/image\\\/\",\"url\":\"https:\\\/\\\/www.eldiario.net\\\/portal\\\/wp-content\\\/uploads\\\/2023\\\/07\\\/logo_ED.jpg\",\"contentUrl\":\"https:\\\/\\\/www.eldiario.net\\\/portal\\\/wp-content\\\/uploads\\\/2023\\\/07\\\/logo_ED.jpg\",\"width\":272,\"height\":52,\"caption\":\"El Diario - Decano de la prensa nacional\"},\"image\":{\"@id\":\"https:\\\/\\\/www.eldiario.net\\\/portal\\\/#\\\/schema\\\/logo\\\/image\\\/\"},\"sameAs\":[\"https:\\\/\\\/www.facebook.com\\\/eldiario.bolivia\\\/\",\"https:\\\/\\\/x.com\\\/eldiario_net\"]},{\"@type\":\"Person\",\"@id\":\"https:\\\/\\\/www.eldiario.net\\\/portal\\\/#\\\/schema\\\/person\\\/f46445640444750d7d753ccd04ae01b7\",\"name\":\"Jeanette\",\"image\":{\"@type\":\"ImageObject\",\"inLanguage\":\"es\",\"@id\":\"https:\\\/\\\/secure.gravatar.com\\\/avatar\\\/3ea2118a5f7dad2b7138b1187a6b7ee55f160b9968b66013c3a3ef39dd7e5798?s=96&d=mm&r=g\",\"url\":\"https:\\\/\\\/secure.gravatar.com\\\/avatar\\\/3ea2118a5f7dad2b7138b1187a6b7ee55f160b9968b66013c3a3ef39dd7e5798?s=96&d=mm&r=g\",\"contentUrl\":\"https:\\\/\\\/secure.gravatar.com\\\/avatar\\\/3ea2118a5f7dad2b7138b1187a6b7ee55f160b9968b66013c3a3ef39dd7e5798?s=96&d=mm&r=g\",\"caption\":\"Jeanette\"},\"sameAs\":[\"https:\\\/\\\/www.eldiario.net\\\/portal\"],\"url\":\"https:\\\/\\\/www.eldiario.net\\\/portal\\\/author\\\/jeanette\\\/\"}]}<\/script>\n<!-- \/ Yoast SEO plugin. -->","yoast_head_json":{"title":"Dar\u00e1n c\u00e9dulas de identidad y carnetizar\u00e1n a menores - El Diario - Bolivia","robots":{"index":"index","follow":"follow","max-snippet":"max-snippet:-1","max-image-preview":"max-image-preview:large","max-video-preview":"max-video-preview:-1"},"canonical":"https:\/\/www.eldiario.net\/portal\/2024\/06\/22\/daran-cedulas-de-identidad-y-carnetizaran-a-menores\/","og_locale":"es_ES","og_type":"article","og_title":"Dar\u00e1n c\u00e9dulas de identidad y carnetizar\u00e1n a menores - El Diario - Bolivia","og_description":"La siguiente semana se instalar\u00e1 una \u201cBrigada M\u00f3vil\u201d del Servicio General de Identificaci\u00f3n Personal (Segip) y del Servicio de Registro C\u00edvico (Serec\u00ed) en la plaza Col\u00f3n desde las 08:30 hasta las 16:00 horas, para entregar de manera gratuita certificados de nacimiento y c\u00e9dulas de identidad a ni\u00f1os y adolescentes de escasos recursos. La secretaria de [&hellip;]","og_url":"https:\/\/www.eldiario.net\/portal\/2024\/06\/22\/daran-cedulas-de-identidad-y-carnetizaran-a-menores\/","og_site_name":"El Diario - Bolivia","article_publisher":"https:\/\/www.facebook.com\/eldiario.bolivia\/","article_published_time":"2024-06-22T13:45:05+00:00","og_image":[{"width":1600,"height":1066,"url":"https:\/\/www.eldiario.net\/portal\/wp-content\/uploads\/2024\/06\/72-NAL.jpg","type":"image\/jpeg"}],"author":"Jeanette","twitter_card":"summary_large_image","twitter_creator":"@eldiario_net","twitter_site":"@eldiario_net","twitter_misc":{"Escrito por":"Jeanette","Tiempo de lectura":"2 minutos"},"schema":{"@context":"https:\/\/schema.org","@graph":[{"@type":"Article","@id":"https:\/\/www.eldiario.net\/portal\/2024\/06\/22\/daran-cedulas-de-identidad-y-carnetizaran-a-menores\/#article","isPartOf":{"@id":"https:\/\/www.eldiario.net\/portal\/2024\/06\/22\/daran-cedulas-de-identidad-y-carnetizaran-a-menores\/"},"author":{"name":"Jeanette","@id":"https:\/\/www.eldiario.net\/portal\/#\/schema\/person\/f46445640444750d7d753ccd04ae01b7"},"headline":"Dar\u00e1n c\u00e9dulas de identidad y carnetizar\u00e1n a menores","datePublished":"2024-06-22T13:45:05+00:00","mainEntityOfPage":{"@id":"https:\/\/www.eldiario.net\/portal\/2024\/06\/22\/daran-cedulas-de-identidad-y-carnetizaran-a-menores\/"},"wordCount":368,"commentCount":0,"publisher":{"@id":"https:\/\/www.eldiario.net\/portal\/#organization"},"image":{"@id":"https:\/\/www.eldiario.net\/portal\/2024\/06\/22\/daran-cedulas-de-identidad-y-carnetizaran-a-menores\/#primaryimage"},"thumbnailUrl":"https:\/\/www.eldiario.net\/portal\/wp-content\/uploads\/2024\/06\/72-NAL.jpg","articleSection":["Nacional"],"inLanguage":"es","potentialAction":[{"@type":"CommentAction","name":"Comment","target":["https:\/\/www.eldiario.net\/portal\/2024\/06\/22\/daran-cedulas-de-identidad-y-carnetizaran-a-menores\/#respond"]}]},{"@type":"WebPage","@id":"https:\/\/www.eldiario.net\/portal\/2024\/06\/22\/daran-cedulas-de-identidad-y-carnetizaran-a-menores\/","url":"https:\/\/www.eldiario.net\/portal\/2024\/06\/22\/daran-cedulas-de-identidad-y-carnetizaran-a-menores\/","name":"Dar\u00e1n c\u00e9dulas de identidad y carnetizar\u00e1n a menores - El Diario - Bolivia","isPartOf":{"@id":"https:\/\/www.eldiario.net\/portal\/#website"},"primaryImageOfPage":{"@id":"https:\/\/www.eldiario.net\/portal\/2024\/06\/22\/daran-cedulas-de-identidad-y-carnetizaran-a-menores\/#primaryimage"},"image":{"@id":"https:\/\/www.eldiario.net\/portal\/2024\/06\/22\/daran-cedulas-de-identidad-y-carnetizaran-a-menores\/#primaryimage"},"thumbnailUrl":"https:\/\/www.eldiario.net\/portal\/wp-content\/uploads\/2024\/06\/72-NAL.jpg","datePublished":"2024-06-22T13:45:05+00:00","breadcrumb":{"@id":"https:\/\/www.eldiario.net\/portal\/2024\/06\/22\/daran-cedulas-de-identidad-y-carnetizaran-a-menores\/#breadcrumb"},"inLanguage":"es","potentialAction":[{"@type":"ReadAction","target":["https:\/\/www.eldiario.net\/portal\/2024\/06\/22\/daran-cedulas-de-identidad-y-carnetizaran-a-menores\/"]}]},{"@type":"ImageObject","inLanguage":"es","@id":"https:\/\/www.eldiario.net\/portal\/2024\/06\/22\/daran-cedulas-de-identidad-y-carnetizaran-a-menores\/#primaryimage","url":"https:\/\/www.eldiario.net\/portal\/wp-content\/uploads\/2024\/06\/72-NAL.jpg","contentUrl":"https:\/\/www.eldiario.net\/portal\/wp-content\/uploads\/2024\/06\/72-NAL.jpg","width":1600,"height":1066,"caption":"CONFERENCIA DE PRENSA EN LA QUE SE ANUNCI\u00d3 LA ENTREGA DE CERTIFICADOS DE NACIMIENTO Y LA CARNETIZACI\u00d3N."},{"@type":"BreadcrumbList","@id":"https:\/\/www.eldiario.net\/portal\/2024\/06\/22\/daran-cedulas-de-identidad-y-carnetizaran-a-menores\/#breadcrumb","itemListElement":[{"@type":"ListItem","position":1,"name":"Portada","item":"https:\/\/www.eldiario.net\/portal\/"},{"@type":"ListItem","position":2,"name":"Dar\u00e1n c\u00e9dulas de identidad y carnetizar\u00e1n a menores"}]},{"@type":"WebSite","@id":"https:\/\/www.eldiario.net\/portal\/#website","url":"https:\/\/www.eldiario.net\/portal\/","name":"El Diario - Decano de la prensa nacional","description":"El Diario - Decano de la prensa nacional","publisher":{"@id":"https:\/\/www.eldiario.net\/portal\/#organization"},"potentialAction":[{"@type":"SearchAction","target":{"@type":"EntryPoint","urlTemplate":"https:\/\/www.eldiario.net\/portal\/?s={search_term_string}"},"query-input":{"@type":"PropertyValueSpecification","valueRequired":true,"valueName":"search_term_string"}}],"inLanguage":"es"},{"@type":"Organization","@id":"https:\/\/www.eldiario.net\/portal\/#organization","name":"El Diario - Decano de la prensa nacional","url":"https:\/\/www.eldiario.net\/portal\/","logo":{"@type":"ImageObject","inLanguage":"es","@id":"https:\/\/www.eldiario.net\/portal\/#\/schema\/logo\/image\/","url":"https:\/\/www.eldiario.net\/portal\/wp-content\/uploads\/2023\/07\/logo_ED.jpg","contentUrl":"https:\/\/www.eldiario.net\/portal\/wp-content\/uploads\/2023\/07\/logo_ED.jpg","width":272,"height":52,"caption":"El Diario - Decano de la prensa nacional"},"image":{"@id":"https:\/\/www.eldiario.net\/portal\/#\/schema\/logo\/image\/"},"sameAs":["https:\/\/www.facebook.com\/eldiario.bolivia\/","https:\/\/x.com\/eldiario_net"]},{"@type":"Person","@id":"https:\/\/www.eldiario.net\/portal\/#\/schema\/person\/f46445640444750d7d753ccd04ae01b7","name":"Jeanette","image":{"@type":"ImageObject","inLanguage":"es","@id":"https:\/\/secure.gravatar.com\/avatar\/3ea2118a5f7dad2b7138b1187a6b7ee55f160b9968b66013c3a3ef39dd7e5798?s=96&d=mm&r=g","url":"https:\/\/secure.gravatar.com\/avatar\/3ea2118a5f7dad2b7138b1187a6b7ee55f160b9968b66013c3a3ef39dd7e5798?s=96&d=mm&r=g","contentUrl":"https:\/\/secure.gravatar.com\/avatar\/3ea2118a5f7dad2b7138b1187a6b7ee55f160b9968b66013c3a3ef39dd7e5798?s=96&d=mm&r=g","caption":"Jeanette"},"sameAs":["https:\/\/www.eldiario.net\/portal"],"url":"https:\/\/www.eldiario.net\/portal\/author\/jeanette\/"}]}},"_links":{"self":[{"href":"https:\/\/www.eldiario.net\/portal\/wp-json\/wp\/v2\/posts\/228843","targetHints":{"allow":["GET"]}}],"collection":[{"href":"https:\/\/www.eldiario.net\/portal\/wp-json\/wp\/v2\/posts"}],"about":[{"href":"https:\/\/www.eldiario.net\/portal\/wp-json\/wp\/v2\/types\/post"}],"author":[{"embeddable":true,"href":"https:\/\/www.eldiario.net\/portal\/wp-json\/wp\/v2\/users\/1"}],"replies":[{"embeddable":true,"href":"https:\/\/www.eldiario.net\/portal\/wp-json\/wp\/v2\/comments?post=228843"}],"version-history":[{"count":1,"href":"https:\/\/www.eldiario.net\/portal\/wp-json\/wp\/v2\/posts\/228843\/revisions"}],"predecessor-version":[{"id":228845,"href":"https:\/\/www.eldiario.net\/portal\/wp-json\/wp\/v2\/posts\/228843\/revisions\/228845"}],"wp:featuredmedia":[{"embeddable":true,"href":"https:\/\/www.eldiario.net\/portal\/wp-json\/wp\/v2\/media\/228844"}],"wp:attachment":[{"href":"https:\/\/www.eldiario.net\/portal\/wp-json\/wp\/v2\/media?parent=228843"}],"wp:term":[{"taxonomy":"category","embeddable":true,"href":"https:\/\/www.eldiario.net\/portal\/wp-json\/wp\/v2\/categories?post=228843"},{"taxonomy":"post_tag","embeddable":true,"href":"https:\/\/www.eldiario.net\/portal\/wp-json\/wp\/v2\/tags?post=228843"}],"curies":[{"name":"wp","href":"https:\/\/api.w.org\/{rel}","templated":true}]}}