{"id":228819,"date":"2024-06-22T09:26:29","date_gmt":"2024-06-22T13:26:29","guid":{"rendered":"https:\/\/www.eldiario.net\/portal\/?p=228819"},"modified":"2024-06-22T09:26:29","modified_gmt":"2024-06-22T13:26:29","slug":"fallo-del-tcp-es-provocacion-abierta-al-orden-democratico","status":"publish","type":"post","link":"https:\/\/www.eldiario.net\/portal\/2024\/06\/22\/fallo-del-tcp-es-provocacion-abierta-al-orden-democratico\/","title":{"rendered":"Fallo del TCP es \u201cprovocaci\u00f3n  abierta al orden democr\u00e1tico\u201d"},"content":{"rendered":"<p>El expresidente, Eduardo Rodr\u00edguez Veltz\u00e9, consider\u00f3 como una \u201cprovocaci\u00f3n abierta al orden democr\u00e1tico\u201d el fallo de Tribunal Constitucional Plurinacional (TCP) que anula la sesi\u00f3n del 6 de junio que estuvo presidida por el presidente del Senado, Andr\u00f3nico Rodr\u00edguez.<br \/>\n\u201cLa autopr\u00f3rroga judicial desafi\u00f3 el orden constitucional, pero el fallo del TCP anulando la validez de la Asamblea Legislativa ya es una provocaci\u00f3n abierta al orden democr\u00e1tico. Es tiempo para el di\u00e1logo pol\u00edtico responsable (sic)\u201d, public\u00f3 en sus redes sociales.<br \/>\nEn la parte resolutiva, el TCP se\u00f1al\u00f3 que son nulos \u201ctodos los actos legislativos\u201d en la sesi\u00f3n que presidi\u00f3 el legislador \u201cevista\u201d del Movimiento al Socialismo (MAS) al atribuirse la presidencia de la Asamblea Legislativa Plurinacional ante el viaje de Luis Arce a Rusia y la entrega del mando presidencial a David Choquehuanca.<br \/>\nA pesar de esa determinaci\u00f3n, Rodr\u00edguez ratific\u00f3 la legalidad de la sesi\u00f3n y consider\u00f3 que son nulas las resoluciones de los magistrados, debido a que en la sesi\u00f3n del 6 de junio se aprob\u00f3 la ley que cesa sus funciones. (Erbol)<\/p>\n","protected":false},"excerpt":{"rendered":"<p>El expresidente, Eduardo Rodr\u00edguez Veltz\u00e9, consider\u00f3 como una \u201cprovocaci\u00f3n abierta al orden democr\u00e1tico\u201d el fallo de Tribunal Constitucional Plurinacional (TCP) que anula la sesi\u00f3n del 6 de junio que estuvo presidida por el presidente del Senado, Andr\u00f3nico Rodr\u00edguez. \u201cLa autopr\u00f3rroga judicial desafi\u00f3 el orden constitucional, pero el fallo del TCP anulando la validez de la [&hellip;]<\/p>\n","protected":false},"author":2,"featured_media":228820,"comment_status":"open","ping_status":"open","sticky":false,"template":"","format":"standard","meta":{"_acf_changed":false,"footnotes":""},"categories":[15],"tags":[],"class_list":["post-228819","post","type-post","status-publish","format-standard","has-post-thumbnail","category-portada"],"acf":{"antetitulo":"Rodr\u00edguez Veltz\u00e9 afirma"},"yoast_head":"<!-- This site is optimized with the Yoast SEO plugin v28.3 - https:\/\/yoast.com\/product\/yoast-seo-wordpress\/ -->\n<title>Fallo del TCP es \u201cprovocaci\u00f3n abierta al orden democr\u00e1tico\u201d - El Diario - Bolivia<\/title>\n<meta name=\"robots\" content=\"index, follow, max-snippet:-1, max-image-preview:large, max-video-preview:-1\" \/>\n<link rel=\"canonical\" href=\"https:\/\/www.eldiario.net\/portal\/2024\/06\/22\/fallo-del-tcp-es-provocacion-abierta-al-orden-democratico\/\" \/>\n<meta property=\"og:locale\" content=\"es_ES\" \/>\n<meta property=\"og:type\" content=\"article\" \/>\n<meta property=\"og:title\" content=\"Fallo del TCP es \u201cprovocaci\u00f3n abierta al orden democr\u00e1tico\u201d - El Diario - Bolivia\" \/>\n<meta property=\"og:description\" content=\"El expresidente, Eduardo Rodr\u00edguez Veltz\u00e9, consider\u00f3 como una \u201cprovocaci\u00f3n abierta al orden democr\u00e1tico\u201d el fallo de Tribunal Constitucional Plurinacional (TCP) que anula la sesi\u00f3n del 6 de junio que estuvo presidida por el presidente del Senado, Andr\u00f3nico Rodr\u00edguez. \u201cLa autopr\u00f3rroga judicial desafi\u00f3 el orden constitucional, pero el fallo del TCP anulando la validez de la [&hellip;]\" \/>\n<meta property=\"og:url\" content=\"https:\/\/www.eldiario.net\/portal\/2024\/06\/22\/fallo-del-tcp-es-provocacion-abierta-al-orden-democratico\/\" \/>\n<meta property=\"og:site_name\" content=\"El Diario - Bolivia\" \/>\n<meta property=\"article:publisher\" content=\"https:\/\/www.facebook.com\/eldiario.bolivia\/\" \/>\n<meta property=\"article:published_time\" content=\"2024-06-22T13:26:29+00:00\" \/>\n<meta property=\"og:image\" content=\"https:\/\/www.eldiario.net\/portal\/wp-content\/uploads\/2024\/06\/P-4-1.jpg\" \/>\n\t<meta property=\"og:image:width\" content=\"620\" \/>\n\t<meta property=\"og:image:height\" content=\"349\" \/>\n\t<meta property=\"og:image:type\" content=\"image\/jpeg\" \/>\n<meta name=\"author\" content=\"luis Camacho\" \/>\n<meta name=\"twitter:card\" content=\"summary_large_image\" \/>\n<meta name=\"twitter:creator\" content=\"@eldiario_net\" \/>\n<meta name=\"twitter:site\" content=\"@eldiario_net\" \/>\n<meta name=\"twitter:label1\" content=\"Escrito por\" \/>\n\t<meta name=\"twitter:data1\" content=\"luis Camacho\" \/>\n\t<meta name=\"twitter:label2\" content=\"Tiempo de lectura\" \/>\n\t<meta name=\"twitter:data2\" content=\"1 minuto\" \/>\n<script type=\"application\/ld+json\" class=\"yoast-schema-graph\">{\"@context\":\"https:\\\/\\\/schema.org\",\"@graph\":[{\"@type\":\"Article\",\"@id\":\"https:\\\/\\\/www.eldiario.net\\\/portal\\\/2024\\\/06\\\/22\\\/fallo-del-tcp-es-provocacion-abierta-al-orden-democratico\\\/#article\",\"isPartOf\":{\"@id\":\"https:\\\/\\\/www.eldiario.net\\\/portal\\\/2024\\\/06\\\/22\\\/fallo-del-tcp-es-provocacion-abierta-al-orden-democratico\\\/\"},\"author\":{\"name\":\"luis Camacho\",\"@id\":\"https:\\\/\\\/www.eldiario.net\\\/portal\\\/#\\\/schema\\\/person\\\/cab1ae4db27e5f008a62cbffb05fbfee\"},\"headline\":\"Fallo del TCP es \u201cprovocaci\u00f3n abierta al orden democr\u00e1tico\u201d\",\"datePublished\":\"2024-06-22T13:26:29+00:00\",\"mainEntityOfPage\":{\"@id\":\"https:\\\/\\\/www.eldiario.net\\\/portal\\\/2024\\\/06\\\/22\\\/fallo-del-tcp-es-provocacion-abierta-al-orden-democratico\\\/\"},\"wordCount\":198,\"commentCount\":0,\"publisher\":{\"@id\":\"https:\\\/\\\/www.eldiario.net\\\/portal\\\/#organization\"},\"image\":{\"@id\":\"https:\\\/\\\/www.eldiario.net\\\/portal\\\/2024\\\/06\\\/22\\\/fallo-del-tcp-es-provocacion-abierta-al-orden-democratico\\\/#primaryimage\"},\"thumbnailUrl\":\"https:\\\/\\\/www.eldiario.net\\\/portal\\\/wp-content\\\/uploads\\\/2024\\\/06\\\/P-4-1.jpg\",\"articleSection\":[\"Portada\"],\"inLanguage\":\"es\",\"potentialAction\":[{\"@type\":\"CommentAction\",\"name\":\"Comment\",\"target\":[\"https:\\\/\\\/www.eldiario.net\\\/portal\\\/2024\\\/06\\\/22\\\/fallo-del-tcp-es-provocacion-abierta-al-orden-democratico\\\/#respond\"]}]},{\"@type\":\"WebPage\",\"@id\":\"https:\\\/\\\/www.eldiario.net\\\/portal\\\/2024\\\/06\\\/22\\\/fallo-del-tcp-es-provocacion-abierta-al-orden-democratico\\\/\",\"url\":\"https:\\\/\\\/www.eldiario.net\\\/portal\\\/2024\\\/06\\\/22\\\/fallo-del-tcp-es-provocacion-abierta-al-orden-democratico\\\/\",\"name\":\"Fallo del TCP es \u201cprovocaci\u00f3n abierta al orden democr\u00e1tico\u201d - El Diario - Bolivia\",\"isPartOf\":{\"@id\":\"https:\\\/\\\/www.eldiario.net\\\/portal\\\/#website\"},\"primaryImageOfPage\":{\"@id\":\"https:\\\/\\\/www.eldiario.net\\\/portal\\\/2024\\\/06\\\/22\\\/fallo-del-tcp-es-provocacion-abierta-al-orden-democratico\\\/#primaryimage\"},\"image\":{\"@id\":\"https:\\\/\\\/www.eldiario.net\\\/portal\\\/2024\\\/06\\\/22\\\/fallo-del-tcp-es-provocacion-abierta-al-orden-democratico\\\/#primaryimage\"},\"thumbnailUrl\":\"https:\\\/\\\/www.eldiario.net\\\/portal\\\/wp-content\\\/uploads\\\/2024\\\/06\\\/P-4-1.jpg\",\"datePublished\":\"2024-06-22T13:26:29+00:00\",\"breadcrumb\":{\"@id\":\"https:\\\/\\\/www.eldiario.net\\\/portal\\\/2024\\\/06\\\/22\\\/fallo-del-tcp-es-provocacion-abierta-al-orden-democratico\\\/#breadcrumb\"},\"inLanguage\":\"es\",\"potentialAction\":[{\"@type\":\"ReadAction\",\"target\":[\"https:\\\/\\\/www.eldiario.net\\\/portal\\\/2024\\\/06\\\/22\\\/fallo-del-tcp-es-provocacion-abierta-al-orden-democratico\\\/\"]}]},{\"@type\":\"ImageObject\",\"inLanguage\":\"es\",\"@id\":\"https:\\\/\\\/www.eldiario.net\\\/portal\\\/2024\\\/06\\\/22\\\/fallo-del-tcp-es-provocacion-abierta-al-orden-democratico\\\/#primaryimage\",\"url\":\"https:\\\/\\\/www.eldiario.net\\\/portal\\\/wp-content\\\/uploads\\\/2024\\\/06\\\/P-4-1.jpg\",\"contentUrl\":\"https:\\\/\\\/www.eldiario.net\\\/portal\\\/wp-content\\\/uploads\\\/2024\\\/06\\\/P-4-1.jpg\",\"width\":620,\"height\":349,\"caption\":\"EL EXPRESIDENTE, EDUARDO RODR\u00cdGUEZ V.\"},{\"@type\":\"BreadcrumbList\",\"@id\":\"https:\\\/\\\/www.eldiario.net\\\/portal\\\/2024\\\/06\\\/22\\\/fallo-del-tcp-es-provocacion-abierta-al-orden-democratico\\\/#breadcrumb\",\"itemListElement\":[{\"@type\":\"ListItem\",\"position\":1,\"name\":\"Portada\",\"item\":\"https:\\\/\\\/www.eldiario.net\\\/portal\\\/\"},{\"@type\":\"ListItem\",\"position\":2,\"name\":\"Fallo del TCP es \u201cprovocaci\u00f3n abierta al orden democr\u00e1tico\u201d\"}]},{\"@type\":\"WebSite\",\"@id\":\"https:\\\/\\\/www.eldiario.net\\\/portal\\\/#website\",\"url\":\"https:\\\/\\\/www.eldiario.net\\\/portal\\\/\",\"name\":\"El Diario - Decano de la prensa nacional\",\"description\":\"El Diario - Decano de la prensa nacional\",\"publisher\":{\"@id\":\"https:\\\/\\\/www.eldiario.net\\\/portal\\\/#organization\"},\"potentialAction\":[{\"@type\":\"SearchAction\",\"target\":{\"@type\":\"EntryPoint\",\"urlTemplate\":\"https:\\\/\\\/www.eldiario.net\\\/portal\\\/?s={search_term_string}\"},\"query-input\":{\"@type\":\"PropertyValueSpecification\",\"valueRequired\":true,\"valueName\":\"search_term_string\"}}],\"inLanguage\":\"es\"},{\"@type\":\"Organization\",\"@id\":\"https:\\\/\\\/www.eldiario.net\\\/portal\\\/#organization\",\"name\":\"El Diario - Decano de la prensa nacional\",\"url\":\"https:\\\/\\\/www.eldiario.net\\\/portal\\\/\",\"logo\":{\"@type\":\"ImageObject\",\"inLanguage\":\"es\",\"@id\":\"https:\\\/\\\/www.eldiario.net\\\/portal\\\/#\\\/schema\\\/logo\\\/image\\\/\",\"url\":\"https:\\\/\\\/www.eldiario.net\\\/portal\\\/wp-content\\\/uploads\\\/2023\\\/07\\\/logo_ED.jpg\",\"contentUrl\":\"https:\\\/\\\/www.eldiario.net\\\/portal\\\/wp-content\\\/uploads\\\/2023\\\/07\\\/logo_ED.jpg\",\"width\":272,\"height\":52,\"caption\":\"El Diario - Decano de la prensa nacional\"},\"image\":{\"@id\":\"https:\\\/\\\/www.eldiario.net\\\/portal\\\/#\\\/schema\\\/logo\\\/image\\\/\"},\"sameAs\":[\"https:\\\/\\\/www.facebook.com\\\/eldiario.bolivia\\\/\",\"https:\\\/\\\/x.com\\\/eldiario_net\"]},{\"@type\":\"Person\",\"@id\":\"https:\\\/\\\/www.eldiario.net\\\/portal\\\/#\\\/schema\\\/person\\\/cab1ae4db27e5f008a62cbffb05fbfee\",\"name\":\"luis Camacho\",\"image\":{\"@type\":\"ImageObject\",\"inLanguage\":\"es\",\"@id\":\"https:\\\/\\\/secure.gravatar.com\\\/avatar\\\/69ecb836b3826d5a2501bf06ab2a2f2c8ab211cc846758f395df21684cb38313?s=96&d=mm&r=g\",\"url\":\"https:\\\/\\\/secure.gravatar.com\\\/avatar\\\/69ecb836b3826d5a2501bf06ab2a2f2c8ab211cc846758f395df21684cb38313?s=96&d=mm&r=g\",\"contentUrl\":\"https:\\\/\\\/secure.gravatar.com\\\/avatar\\\/69ecb836b3826d5a2501bf06ab2a2f2c8ab211cc846758f395df21684cb38313?s=96&d=mm&r=g\",\"caption\":\"luis Camacho\"},\"url\":\"https:\\\/\\\/www.eldiario.net\\\/portal\\\/author\\\/luis\\\/\"}]}<\/script>\n<!-- \/ Yoast SEO plugin. -->","yoast_head_json":{"title":"Fallo del TCP es \u201cprovocaci\u00f3n abierta al orden democr\u00e1tico\u201d - El Diario - Bolivia","robots":{"index":"index","follow":"follow","max-snippet":"max-snippet:-1","max-image-preview":"max-image-preview:large","max-video-preview":"max-video-preview:-1"},"canonical":"https:\/\/www.eldiario.net\/portal\/2024\/06\/22\/fallo-del-tcp-es-provocacion-abierta-al-orden-democratico\/","og_locale":"es_ES","og_type":"article","og_title":"Fallo del TCP es \u201cprovocaci\u00f3n abierta al orden democr\u00e1tico\u201d - El Diario - Bolivia","og_description":"El expresidente, Eduardo Rodr\u00edguez Veltz\u00e9, consider\u00f3 como una \u201cprovocaci\u00f3n abierta al orden democr\u00e1tico\u201d el fallo de Tribunal Constitucional Plurinacional (TCP) que anula la sesi\u00f3n del 6 de junio que estuvo presidida por el presidente del Senado, Andr\u00f3nico Rodr\u00edguez. \u201cLa autopr\u00f3rroga judicial desafi\u00f3 el orden constitucional, pero el fallo del TCP anulando la validez de la [&hellip;]","og_url":"https:\/\/www.eldiario.net\/portal\/2024\/06\/22\/fallo-del-tcp-es-provocacion-abierta-al-orden-democratico\/","og_site_name":"El Diario - Bolivia","article_publisher":"https:\/\/www.facebook.com\/eldiario.bolivia\/","article_published_time":"2024-06-22T13:26:29+00:00","og_image":[{"width":620,"height":349,"url":"https:\/\/www.eldiario.net\/portal\/wp-content\/uploads\/2024\/06\/P-4-1.jpg","type":"image\/jpeg"}],"author":"luis Camacho","twitter_card":"summary_large_image","twitter_creator":"@eldiario_net","twitter_site":"@eldiario_net","twitter_misc":{"Escrito por":"luis Camacho","Tiempo de lectura":"1 minuto"},"schema":{"@context":"https:\/\/schema.org","@graph":[{"@type":"Article","@id":"https:\/\/www.eldiario.net\/portal\/2024\/06\/22\/fallo-del-tcp-es-provocacion-abierta-al-orden-democratico\/#article","isPartOf":{"@id":"https:\/\/www.eldiario.net\/portal\/2024\/06\/22\/fallo-del-tcp-es-provocacion-abierta-al-orden-democratico\/"},"author":{"name":"luis Camacho","@id":"https:\/\/www.eldiario.net\/portal\/#\/schema\/person\/cab1ae4db27e5f008a62cbffb05fbfee"},"headline":"Fallo del TCP es \u201cprovocaci\u00f3n abierta al orden democr\u00e1tico\u201d","datePublished":"2024-06-22T13:26:29+00:00","mainEntityOfPage":{"@id":"https:\/\/www.eldiario.net\/portal\/2024\/06\/22\/fallo-del-tcp-es-provocacion-abierta-al-orden-democratico\/"},"wordCount":198,"commentCount":0,"publisher":{"@id":"https:\/\/www.eldiario.net\/portal\/#organization"},"image":{"@id":"https:\/\/www.eldiario.net\/portal\/2024\/06\/22\/fallo-del-tcp-es-provocacion-abierta-al-orden-democratico\/#primaryimage"},"thumbnailUrl":"https:\/\/www.eldiario.net\/portal\/wp-content\/uploads\/2024\/06\/P-4-1.jpg","articleSection":["Portada"],"inLanguage":"es","potentialAction":[{"@type":"CommentAction","name":"Comment","target":["https:\/\/www.eldiario.net\/portal\/2024\/06\/22\/fallo-del-tcp-es-provocacion-abierta-al-orden-democratico\/#respond"]}]},{"@type":"WebPage","@id":"https:\/\/www.eldiario.net\/portal\/2024\/06\/22\/fallo-del-tcp-es-provocacion-abierta-al-orden-democratico\/","url":"https:\/\/www.eldiario.net\/portal\/2024\/06\/22\/fallo-del-tcp-es-provocacion-abierta-al-orden-democratico\/","name":"Fallo del TCP es \u201cprovocaci\u00f3n abierta al orden democr\u00e1tico\u201d - El Diario - Bolivia","isPartOf":{"@id":"https:\/\/www.eldiario.net\/portal\/#website"},"primaryImageOfPage":{"@id":"https:\/\/www.eldiario.net\/portal\/2024\/06\/22\/fallo-del-tcp-es-provocacion-abierta-al-orden-democratico\/#primaryimage"},"image":{"@id":"https:\/\/www.eldiario.net\/portal\/2024\/06\/22\/fallo-del-tcp-es-provocacion-abierta-al-orden-democratico\/#primaryimage"},"thumbnailUrl":"https:\/\/www.eldiario.net\/portal\/wp-content\/uploads\/2024\/06\/P-4-1.jpg","datePublished":"2024-06-22T13:26:29+00:00","breadcrumb":{"@id":"https:\/\/www.eldiario.net\/portal\/2024\/06\/22\/fallo-del-tcp-es-provocacion-abierta-al-orden-democratico\/#breadcrumb"},"inLanguage":"es","potentialAction":[{"@type":"ReadAction","target":["https:\/\/www.eldiario.net\/portal\/2024\/06\/22\/fallo-del-tcp-es-provocacion-abierta-al-orden-democratico\/"]}]},{"@type":"ImageObject","inLanguage":"es","@id":"https:\/\/www.eldiario.net\/portal\/2024\/06\/22\/fallo-del-tcp-es-provocacion-abierta-al-orden-democratico\/#primaryimage","url":"https:\/\/www.eldiario.net\/portal\/wp-content\/uploads\/2024\/06\/P-4-1.jpg","contentUrl":"https:\/\/www.eldiario.net\/portal\/wp-content\/uploads\/2024\/06\/P-4-1.jpg","width":620,"height":349,"caption":"EL EXPRESIDENTE, EDUARDO RODR\u00cdGUEZ V."},{"@type":"BreadcrumbList","@id":"https:\/\/www.eldiario.net\/portal\/2024\/06\/22\/fallo-del-tcp-es-provocacion-abierta-al-orden-democratico\/#breadcrumb","itemListElement":[{"@type":"ListItem","position":1,"name":"Portada","item":"https:\/\/www.eldiario.net\/portal\/"},{"@type":"ListItem","position":2,"name":"Fallo del TCP es \u201cprovocaci\u00f3n abierta al orden democr\u00e1tico\u201d"}]},{"@type":"WebSite","@id":"https:\/\/www.eldiario.net\/portal\/#website","url":"https:\/\/www.eldiario.net\/portal\/","name":"El Diario - Decano de la prensa nacional","description":"El Diario - Decano de la prensa nacional","publisher":{"@id":"https:\/\/www.eldiario.net\/portal\/#organization"},"potentialAction":[{"@type":"SearchAction","target":{"@type":"EntryPoint","urlTemplate":"https:\/\/www.eldiario.net\/portal\/?s={search_term_string}"},"query-input":{"@type":"PropertyValueSpecification","valueRequired":true,"valueName":"search_term_string"}}],"inLanguage":"es"},{"@type":"Organization","@id":"https:\/\/www.eldiario.net\/portal\/#organization","name":"El Diario - Decano de la prensa nacional","url":"https:\/\/www.eldiario.net\/portal\/","logo":{"@type":"ImageObject","inLanguage":"es","@id":"https:\/\/www.eldiario.net\/portal\/#\/schema\/logo\/image\/","url":"https:\/\/www.eldiario.net\/portal\/wp-content\/uploads\/2023\/07\/logo_ED.jpg","contentUrl":"https:\/\/www.eldiario.net\/portal\/wp-content\/uploads\/2023\/07\/logo_ED.jpg","width":272,"height":52,"caption":"El Diario - Decano de la prensa nacional"},"image":{"@id":"https:\/\/www.eldiario.net\/portal\/#\/schema\/logo\/image\/"},"sameAs":["https:\/\/www.facebook.com\/eldiario.bolivia\/","https:\/\/x.com\/eldiario_net"]},{"@type":"Person","@id":"https:\/\/www.eldiario.net\/portal\/#\/schema\/person\/cab1ae4db27e5f008a62cbffb05fbfee","name":"luis Camacho","image":{"@type":"ImageObject","inLanguage":"es","@id":"https:\/\/secure.gravatar.com\/avatar\/69ecb836b3826d5a2501bf06ab2a2f2c8ab211cc846758f395df21684cb38313?s=96&d=mm&r=g","url":"https:\/\/secure.gravatar.com\/avatar\/69ecb836b3826d5a2501bf06ab2a2f2c8ab211cc846758f395df21684cb38313?s=96&d=mm&r=g","contentUrl":"https:\/\/secure.gravatar.com\/avatar\/69ecb836b3826d5a2501bf06ab2a2f2c8ab211cc846758f395df21684cb38313?s=96&d=mm&r=g","caption":"luis Camacho"},"url":"https:\/\/www.eldiario.net\/portal\/author\/luis\/"}]}},"_links":{"self":[{"href":"https:\/\/www.eldiario.net\/portal\/wp-json\/wp\/v2\/posts\/228819","targetHints":{"allow":["GET"]}}],"collection":[{"href":"https:\/\/www.eldiario.net\/portal\/wp-json\/wp\/v2\/posts"}],"about":[{"href":"https:\/\/www.eldiario.net\/portal\/wp-json\/wp\/v2\/types\/post"}],"author":[{"embeddable":true,"href":"https:\/\/www.eldiario.net\/portal\/wp-json\/wp\/v2\/users\/2"}],"replies":[{"embeddable":true,"href":"https:\/\/www.eldiario.net\/portal\/wp-json\/wp\/v2\/comments?post=228819"}],"version-history":[{"count":1,"href":"https:\/\/www.eldiario.net\/portal\/wp-json\/wp\/v2\/posts\/228819\/revisions"}],"predecessor-version":[{"id":228821,"href":"https:\/\/www.eldiario.net\/portal\/wp-json\/wp\/v2\/posts\/228819\/revisions\/228821"}],"wp:featuredmedia":[{"embeddable":true,"href":"https:\/\/www.eldiario.net\/portal\/wp-json\/wp\/v2\/media\/228820"}],"wp:attachment":[{"href":"https:\/\/www.eldiario.net\/portal\/wp-json\/wp\/v2\/media?parent=228819"}],"wp:term":[{"taxonomy":"category","embeddable":true,"href":"https:\/\/www.eldiario.net\/portal\/wp-json\/wp\/v2\/categories?post=228819"},{"taxonomy":"post_tag","embeddable":true,"href":"https:\/\/www.eldiario.net\/portal\/wp-json\/wp\/v2\/tags?post=228819"}],"curies":[{"name":"wp","href":"https:\/\/api.w.org\/{rel}","templated":true}]}}