{"id":228815,"date":"2024-06-22T09:23:48","date_gmt":"2024-06-22T13:23:48","guid":{"rendered":"https:\/\/www.eldiario.net\/portal\/?p=228815"},"modified":"2024-06-22T09:23:48","modified_gmt":"2024-06-22T13:23:48","slug":"denuncian-violencia-y-crimen-climatico-contra-las-mujeres","status":"publish","type":"post","link":"https:\/\/www.eldiario.net\/portal\/2024\/06\/22\/denuncian-violencia-y-crimen-climatico-contra-las-mujeres\/","title":{"rendered":"Denuncian violencia y \u201ccrimen  clim\u00e1tico\u201d contra las mujeres"},"content":{"rendered":"<p>Mujeres, reunidas en el marco del XI Foro Social Panamaz\u00f3nico (Fospa), luego de debatir problem\u00e1ticas comunes en el eje 4 del encuentro emitieron un pronunciamiento, en el que denuncian diversos tipos de violencias y la existencia de un \u201ccrimen clim\u00e1tico\u201d, que tiene una mayor afectaci\u00f3n en las mujeres.<br \/>\n\u201cLas afectaciones, impactos diferenciados, violaciones, que genera este crimen (crisis) clim\u00e1tico produce sobrecarga en la econom\u00eda del cuidado y pone en riesgo la seguridad, la soberan\u00eda y la salud de los pueblos\u201d, indica el pronunciamiento.<br \/>\nEn ese marco, las mujeres piden el libre acceso al agua de calidad y cantidades suficientes para la supervivencia como derecho fundamental para la vida.<br \/>\n\u201cLas mujeres somos las m\u00e1s afectadas por la sequ\u00eda de nuestros ojos de agua y de nuestros r\u00edos. Las reservas de aguas que riegan nuestros territorios est\u00e1n contaminadas por el mercurio, por los agroqu\u00edmicos y desechos t\u00f3xicos de las empresas\u201d, se lee en el documento.<br \/>\nDenuncian adem\u00e1s \u201cpersecuci\u00f3n, criminalizaci\u00f3n, judicializaci\u00f3n, asesinatos y feminicidios a defensoras de derechos, por parte de los Estados, gobiernos, empresas y terceros para mantener su complicidad y relaciones de poder\u201d.<br \/>\nTambi\u00e9n alertan sobre \u201cla falta de atenci\u00f3n y acceso a la justicia por abusos y violencia sexual, trata y tr\u00e1fico de ni\u00f1as y j\u00f3venes de pueblos ind\u00edgenas y amaz\u00f3nicos\u201d.<br \/>\nDe hecho, durante las deliberaciones se instal\u00f3 un Tribunal \u00c9tico de las Mujeres, donde se presentaron siete casos emblem\u00e1ticos, entre ellos, la violaci\u00f3n a centenares de ni\u00f1as en una comunidad ind\u00edgena de Per\u00fa por parte de los profesores de la escuela.<br \/>\nComo respuesta a la crisis clim\u00e1tica, exigen desarrollar y fortalecer las iniciativas econ\u00f3micas de las mujeres, adem\u00e1s de garantizar la participaci\u00f3n efectiva de los pueblos originarios de la Amazon\u00eda, especialmente de las ind\u00edgenas, en acciones de tutela en defensa de esta zona.<br \/>\nEl documento de las mujeres contiene 10 denuncias, nueve exigencias y seis propuestas que emergieron en el marco del Fospa, que se desarroll\u00f3 en Rurrenabaque y San Buenaventura.<br \/>\nParticiparon en el foro representantes de nueve pa\u00edses amaz\u00f3nicos y, en el eje de las mujeres, se presentaron casos de: Per\u00fa, Bolivia, Colombia, Ecuador y Brasil. (Br\u00fajula Digital\/Sumando Voces)<\/p>\n","protected":false},"excerpt":{"rendered":"<p>Mujeres, reunidas en el marco del XI Foro Social Panamaz\u00f3nico (Fospa), luego de debatir problem\u00e1ticas comunes en el eje 4 del encuentro emitieron un pronunciamiento, en el que denuncian diversos tipos de violencias y la existencia de un \u201ccrimen clim\u00e1tico\u201d, que tiene una mayor afectaci\u00f3n en las mujeres. \u201cLas afectaciones, impactos diferenciados, violaciones, que genera [&hellip;]<\/p>\n","protected":false},"author":2,"featured_media":228817,"comment_status":"open","ping_status":"open","sticky":false,"template":"","format":"standard","meta":{"_acf_changed":false,"footnotes":""},"categories":[15],"tags":[],"class_list":["post-228815","post","type-post","status-publish","format-standard","has-post-thumbnail","category-portada"],"acf":{"antetitulo":"Foro internacional"},"yoast_head":"<!-- This site is optimized with the Yoast SEO plugin v28.3 - https:\/\/yoast.com\/product\/yoast-seo-wordpress\/ -->\n<title>Denuncian violencia y \u201ccrimen clim\u00e1tico\u201d contra las mujeres - El Diario - Bolivia<\/title>\n<meta name=\"robots\" content=\"index, follow, max-snippet:-1, max-image-preview:large, max-video-preview:-1\" \/>\n<link rel=\"canonical\" href=\"https:\/\/www.eldiario.net\/portal\/2024\/06\/22\/denuncian-violencia-y-crimen-climatico-contra-las-mujeres\/\" \/>\n<meta property=\"og:locale\" content=\"es_ES\" \/>\n<meta property=\"og:type\" content=\"article\" \/>\n<meta property=\"og:title\" content=\"Denuncian violencia y \u201ccrimen clim\u00e1tico\u201d contra las mujeres - El Diario - Bolivia\" \/>\n<meta property=\"og:description\" content=\"Mujeres, reunidas en el marco del XI Foro Social Panamaz\u00f3nico (Fospa), luego de debatir problem\u00e1ticas comunes en el eje 4 del encuentro emitieron un pronunciamiento, en el que denuncian diversos tipos de violencias y la existencia de un \u201ccrimen clim\u00e1tico\u201d, que tiene una mayor afectaci\u00f3n en las mujeres. \u201cLas afectaciones, impactos diferenciados, violaciones, que genera [&hellip;]\" \/>\n<meta property=\"og:url\" content=\"https:\/\/www.eldiario.net\/portal\/2024\/06\/22\/denuncian-violencia-y-crimen-climatico-contra-las-mujeres\/\" \/>\n<meta property=\"og:site_name\" content=\"El Diario - Bolivia\" \/>\n<meta property=\"article:publisher\" content=\"https:\/\/www.facebook.com\/eldiario.bolivia\/\" \/>\n<meta property=\"article:published_time\" content=\"2024-06-22T13:23:48+00:00\" \/>\n<meta property=\"og:image\" content=\"https:\/\/www.eldiario.net\/portal\/wp-content\/uploads\/2024\/06\/P-5.jpeg\" \/>\n\t<meta property=\"og:image:width\" content=\"720\" \/>\n\t<meta property=\"og:image:height\" content=\"399\" \/>\n\t<meta property=\"og:image:type\" content=\"image\/jpeg\" \/>\n<meta name=\"author\" content=\"luis Camacho\" \/>\n<meta name=\"twitter:card\" content=\"summary_large_image\" \/>\n<meta name=\"twitter:creator\" content=\"@eldiario_net\" \/>\n<meta name=\"twitter:site\" content=\"@eldiario_net\" \/>\n<meta name=\"twitter:label1\" content=\"Escrito por\" \/>\n\t<meta name=\"twitter:data1\" content=\"luis Camacho\" \/>\n\t<meta name=\"twitter:label2\" content=\"Tiempo de lectura\" \/>\n\t<meta name=\"twitter:data2\" content=\"2 minutos\" \/>\n<script type=\"application\/ld+json\" class=\"yoast-schema-graph\">{\"@context\":\"https:\\\/\\\/schema.org\",\"@graph\":[{\"@type\":\"Article\",\"@id\":\"https:\\\/\\\/www.eldiario.net\\\/portal\\\/2024\\\/06\\\/22\\\/denuncian-violencia-y-crimen-climatico-contra-las-mujeres\\\/#article\",\"isPartOf\":{\"@id\":\"https:\\\/\\\/www.eldiario.net\\\/portal\\\/2024\\\/06\\\/22\\\/denuncian-violencia-y-crimen-climatico-contra-las-mujeres\\\/\"},\"author\":{\"name\":\"luis Camacho\",\"@id\":\"https:\\\/\\\/www.eldiario.net\\\/portal\\\/#\\\/schema\\\/person\\\/cab1ae4db27e5f008a62cbffb05fbfee\"},\"headline\":\"Denuncian violencia y \u201ccrimen clim\u00e1tico\u201d contra las mujeres\",\"datePublished\":\"2024-06-22T13:23:48+00:00\",\"mainEntityOfPage\":{\"@id\":\"https:\\\/\\\/www.eldiario.net\\\/portal\\\/2024\\\/06\\\/22\\\/denuncian-violencia-y-crimen-climatico-contra-las-mujeres\\\/\"},\"wordCount\":396,\"commentCount\":0,\"publisher\":{\"@id\":\"https:\\\/\\\/www.eldiario.net\\\/portal\\\/#organization\"},\"image\":{\"@id\":\"https:\\\/\\\/www.eldiario.net\\\/portal\\\/2024\\\/06\\\/22\\\/denuncian-violencia-y-crimen-climatico-contra-las-mujeres\\\/#primaryimage\"},\"thumbnailUrl\":\"https:\\\/\\\/www.eldiario.net\\\/portal\\\/wp-content\\\/uploads\\\/2024\\\/06\\\/P-5.jpeg\",\"articleSection\":[\"Portada\"],\"inLanguage\":\"es\",\"potentialAction\":[{\"@type\":\"CommentAction\",\"name\":\"Comment\",\"target\":[\"https:\\\/\\\/www.eldiario.net\\\/portal\\\/2024\\\/06\\\/22\\\/denuncian-violencia-y-crimen-climatico-contra-las-mujeres\\\/#respond\"]}]},{\"@type\":\"WebPage\",\"@id\":\"https:\\\/\\\/www.eldiario.net\\\/portal\\\/2024\\\/06\\\/22\\\/denuncian-violencia-y-crimen-climatico-contra-las-mujeres\\\/\",\"url\":\"https:\\\/\\\/www.eldiario.net\\\/portal\\\/2024\\\/06\\\/22\\\/denuncian-violencia-y-crimen-climatico-contra-las-mujeres\\\/\",\"name\":\"Denuncian violencia y \u201ccrimen clim\u00e1tico\u201d contra las mujeres - El Diario - Bolivia\",\"isPartOf\":{\"@id\":\"https:\\\/\\\/www.eldiario.net\\\/portal\\\/#website\"},\"primaryImageOfPage\":{\"@id\":\"https:\\\/\\\/www.eldiario.net\\\/portal\\\/2024\\\/06\\\/22\\\/denuncian-violencia-y-crimen-climatico-contra-las-mujeres\\\/#primaryimage\"},\"image\":{\"@id\":\"https:\\\/\\\/www.eldiario.net\\\/portal\\\/2024\\\/06\\\/22\\\/denuncian-violencia-y-crimen-climatico-contra-las-mujeres\\\/#primaryimage\"},\"thumbnailUrl\":\"https:\\\/\\\/www.eldiario.net\\\/portal\\\/wp-content\\\/uploads\\\/2024\\\/06\\\/P-5.jpeg\",\"datePublished\":\"2024-06-22T13:23:48+00:00\",\"breadcrumb\":{\"@id\":\"https:\\\/\\\/www.eldiario.net\\\/portal\\\/2024\\\/06\\\/22\\\/denuncian-violencia-y-crimen-climatico-contra-las-mujeres\\\/#breadcrumb\"},\"inLanguage\":\"es\",\"potentialAction\":[{\"@type\":\"ReadAction\",\"target\":[\"https:\\\/\\\/www.eldiario.net\\\/portal\\\/2024\\\/06\\\/22\\\/denuncian-violencia-y-crimen-climatico-contra-las-mujeres\\\/\"]}]},{\"@type\":\"ImageObject\",\"inLanguage\":\"es\",\"@id\":\"https:\\\/\\\/www.eldiario.net\\\/portal\\\/2024\\\/06\\\/22\\\/denuncian-violencia-y-crimen-climatico-contra-las-mujeres\\\/#primaryimage\",\"url\":\"https:\\\/\\\/www.eldiario.net\\\/portal\\\/wp-content\\\/uploads\\\/2024\\\/06\\\/P-5.jpeg\",\"contentUrl\":\"https:\\\/\\\/www.eldiario.net\\\/portal\\\/wp-content\\\/uploads\\\/2024\\\/06\\\/P-5.jpeg\",\"width\":720,\"height\":399,\"caption\":\"Las mujeres deliberaron en el eje 4 del Fospa.\"},{\"@type\":\"BreadcrumbList\",\"@id\":\"https:\\\/\\\/www.eldiario.net\\\/portal\\\/2024\\\/06\\\/22\\\/denuncian-violencia-y-crimen-climatico-contra-las-mujeres\\\/#breadcrumb\",\"itemListElement\":[{\"@type\":\"ListItem\",\"position\":1,\"name\":\"Portada\",\"item\":\"https:\\\/\\\/www.eldiario.net\\\/portal\\\/\"},{\"@type\":\"ListItem\",\"position\":2,\"name\":\"Denuncian violencia y \u201ccrimen clim\u00e1tico\u201d contra las mujeres\"}]},{\"@type\":\"WebSite\",\"@id\":\"https:\\\/\\\/www.eldiario.net\\\/portal\\\/#website\",\"url\":\"https:\\\/\\\/www.eldiario.net\\\/portal\\\/\",\"name\":\"El Diario - Decano de la prensa nacional\",\"description\":\"El Diario - Decano de la prensa nacional\",\"publisher\":{\"@id\":\"https:\\\/\\\/www.eldiario.net\\\/portal\\\/#organization\"},\"potentialAction\":[{\"@type\":\"SearchAction\",\"target\":{\"@type\":\"EntryPoint\",\"urlTemplate\":\"https:\\\/\\\/www.eldiario.net\\\/portal\\\/?s={search_term_string}\"},\"query-input\":{\"@type\":\"PropertyValueSpecification\",\"valueRequired\":true,\"valueName\":\"search_term_string\"}}],\"inLanguage\":\"es\"},{\"@type\":\"Organization\",\"@id\":\"https:\\\/\\\/www.eldiario.net\\\/portal\\\/#organization\",\"name\":\"El Diario - Decano de la prensa nacional\",\"url\":\"https:\\\/\\\/www.eldiario.net\\\/portal\\\/\",\"logo\":{\"@type\":\"ImageObject\",\"inLanguage\":\"es\",\"@id\":\"https:\\\/\\\/www.eldiario.net\\\/portal\\\/#\\\/schema\\\/logo\\\/image\\\/\",\"url\":\"https:\\\/\\\/www.eldiario.net\\\/portal\\\/wp-content\\\/uploads\\\/2023\\\/07\\\/logo_ED.jpg\",\"contentUrl\":\"https:\\\/\\\/www.eldiario.net\\\/portal\\\/wp-content\\\/uploads\\\/2023\\\/07\\\/logo_ED.jpg\",\"width\":272,\"height\":52,\"caption\":\"El Diario - Decano de la prensa nacional\"},\"image\":{\"@id\":\"https:\\\/\\\/www.eldiario.net\\\/portal\\\/#\\\/schema\\\/logo\\\/image\\\/\"},\"sameAs\":[\"https:\\\/\\\/www.facebook.com\\\/eldiario.bolivia\\\/\",\"https:\\\/\\\/x.com\\\/eldiario_net\"]},{\"@type\":\"Person\",\"@id\":\"https:\\\/\\\/www.eldiario.net\\\/portal\\\/#\\\/schema\\\/person\\\/cab1ae4db27e5f008a62cbffb05fbfee\",\"name\":\"luis Camacho\",\"image\":{\"@type\":\"ImageObject\",\"inLanguage\":\"es\",\"@id\":\"https:\\\/\\\/secure.gravatar.com\\\/avatar\\\/69ecb836b3826d5a2501bf06ab2a2f2c8ab211cc846758f395df21684cb38313?s=96&d=mm&r=g\",\"url\":\"https:\\\/\\\/secure.gravatar.com\\\/avatar\\\/69ecb836b3826d5a2501bf06ab2a2f2c8ab211cc846758f395df21684cb38313?s=96&d=mm&r=g\",\"contentUrl\":\"https:\\\/\\\/secure.gravatar.com\\\/avatar\\\/69ecb836b3826d5a2501bf06ab2a2f2c8ab211cc846758f395df21684cb38313?s=96&d=mm&r=g\",\"caption\":\"luis Camacho\"},\"url\":\"https:\\\/\\\/www.eldiario.net\\\/portal\\\/author\\\/luis\\\/\"}]}<\/script>\n<!-- \/ Yoast SEO plugin. -->","yoast_head_json":{"title":"Denuncian violencia y \u201ccrimen clim\u00e1tico\u201d contra las mujeres - El Diario - Bolivia","robots":{"index":"index","follow":"follow","max-snippet":"max-snippet:-1","max-image-preview":"max-image-preview:large","max-video-preview":"max-video-preview:-1"},"canonical":"https:\/\/www.eldiario.net\/portal\/2024\/06\/22\/denuncian-violencia-y-crimen-climatico-contra-las-mujeres\/","og_locale":"es_ES","og_type":"article","og_title":"Denuncian violencia y \u201ccrimen clim\u00e1tico\u201d contra las mujeres - El Diario - Bolivia","og_description":"Mujeres, reunidas en el marco del XI Foro Social Panamaz\u00f3nico (Fospa), luego de debatir problem\u00e1ticas comunes en el eje 4 del encuentro emitieron un pronunciamiento, en el que denuncian diversos tipos de violencias y la existencia de un \u201ccrimen clim\u00e1tico\u201d, que tiene una mayor afectaci\u00f3n en las mujeres. \u201cLas afectaciones, impactos diferenciados, violaciones, que genera [&hellip;]","og_url":"https:\/\/www.eldiario.net\/portal\/2024\/06\/22\/denuncian-violencia-y-crimen-climatico-contra-las-mujeres\/","og_site_name":"El Diario - Bolivia","article_publisher":"https:\/\/www.facebook.com\/eldiario.bolivia\/","article_published_time":"2024-06-22T13:23:48+00:00","og_image":[{"width":720,"height":399,"url":"https:\/\/www.eldiario.net\/portal\/wp-content\/uploads\/2024\/06\/P-5.jpeg","type":"image\/jpeg"}],"author":"luis Camacho","twitter_card":"summary_large_image","twitter_creator":"@eldiario_net","twitter_site":"@eldiario_net","twitter_misc":{"Escrito por":"luis Camacho","Tiempo de lectura":"2 minutos"},"schema":{"@context":"https:\/\/schema.org","@graph":[{"@type":"Article","@id":"https:\/\/www.eldiario.net\/portal\/2024\/06\/22\/denuncian-violencia-y-crimen-climatico-contra-las-mujeres\/#article","isPartOf":{"@id":"https:\/\/www.eldiario.net\/portal\/2024\/06\/22\/denuncian-violencia-y-crimen-climatico-contra-las-mujeres\/"},"author":{"name":"luis Camacho","@id":"https:\/\/www.eldiario.net\/portal\/#\/schema\/person\/cab1ae4db27e5f008a62cbffb05fbfee"},"headline":"Denuncian violencia y \u201ccrimen clim\u00e1tico\u201d contra las mujeres","datePublished":"2024-06-22T13:23:48+00:00","mainEntityOfPage":{"@id":"https:\/\/www.eldiario.net\/portal\/2024\/06\/22\/denuncian-violencia-y-crimen-climatico-contra-las-mujeres\/"},"wordCount":396,"commentCount":0,"publisher":{"@id":"https:\/\/www.eldiario.net\/portal\/#organization"},"image":{"@id":"https:\/\/www.eldiario.net\/portal\/2024\/06\/22\/denuncian-violencia-y-crimen-climatico-contra-las-mujeres\/#primaryimage"},"thumbnailUrl":"https:\/\/www.eldiario.net\/portal\/wp-content\/uploads\/2024\/06\/P-5.jpeg","articleSection":["Portada"],"inLanguage":"es","potentialAction":[{"@type":"CommentAction","name":"Comment","target":["https:\/\/www.eldiario.net\/portal\/2024\/06\/22\/denuncian-violencia-y-crimen-climatico-contra-las-mujeres\/#respond"]}]},{"@type":"WebPage","@id":"https:\/\/www.eldiario.net\/portal\/2024\/06\/22\/denuncian-violencia-y-crimen-climatico-contra-las-mujeres\/","url":"https:\/\/www.eldiario.net\/portal\/2024\/06\/22\/denuncian-violencia-y-crimen-climatico-contra-las-mujeres\/","name":"Denuncian violencia y \u201ccrimen clim\u00e1tico\u201d contra las mujeres - El Diario - Bolivia","isPartOf":{"@id":"https:\/\/www.eldiario.net\/portal\/#website"},"primaryImageOfPage":{"@id":"https:\/\/www.eldiario.net\/portal\/2024\/06\/22\/denuncian-violencia-y-crimen-climatico-contra-las-mujeres\/#primaryimage"},"image":{"@id":"https:\/\/www.eldiario.net\/portal\/2024\/06\/22\/denuncian-violencia-y-crimen-climatico-contra-las-mujeres\/#primaryimage"},"thumbnailUrl":"https:\/\/www.eldiario.net\/portal\/wp-content\/uploads\/2024\/06\/P-5.jpeg","datePublished":"2024-06-22T13:23:48+00:00","breadcrumb":{"@id":"https:\/\/www.eldiario.net\/portal\/2024\/06\/22\/denuncian-violencia-y-crimen-climatico-contra-las-mujeres\/#breadcrumb"},"inLanguage":"es","potentialAction":[{"@type":"ReadAction","target":["https:\/\/www.eldiario.net\/portal\/2024\/06\/22\/denuncian-violencia-y-crimen-climatico-contra-las-mujeres\/"]}]},{"@type":"ImageObject","inLanguage":"es","@id":"https:\/\/www.eldiario.net\/portal\/2024\/06\/22\/denuncian-violencia-y-crimen-climatico-contra-las-mujeres\/#primaryimage","url":"https:\/\/www.eldiario.net\/portal\/wp-content\/uploads\/2024\/06\/P-5.jpeg","contentUrl":"https:\/\/www.eldiario.net\/portal\/wp-content\/uploads\/2024\/06\/P-5.jpeg","width":720,"height":399,"caption":"Las mujeres deliberaron en el eje 4 del Fospa."},{"@type":"BreadcrumbList","@id":"https:\/\/www.eldiario.net\/portal\/2024\/06\/22\/denuncian-violencia-y-crimen-climatico-contra-las-mujeres\/#breadcrumb","itemListElement":[{"@type":"ListItem","position":1,"name":"Portada","item":"https:\/\/www.eldiario.net\/portal\/"},{"@type":"ListItem","position":2,"name":"Denuncian violencia y \u201ccrimen clim\u00e1tico\u201d contra las mujeres"}]},{"@type":"WebSite","@id":"https:\/\/www.eldiario.net\/portal\/#website","url":"https:\/\/www.eldiario.net\/portal\/","name":"El Diario - Decano de la prensa nacional","description":"El Diario - Decano de la prensa nacional","publisher":{"@id":"https:\/\/www.eldiario.net\/portal\/#organization"},"potentialAction":[{"@type":"SearchAction","target":{"@type":"EntryPoint","urlTemplate":"https:\/\/www.eldiario.net\/portal\/?s={search_term_string}"},"query-input":{"@type":"PropertyValueSpecification","valueRequired":true,"valueName":"search_term_string"}}],"inLanguage":"es"},{"@type":"Organization","@id":"https:\/\/www.eldiario.net\/portal\/#organization","name":"El Diario - Decano de la prensa nacional","url":"https:\/\/www.eldiario.net\/portal\/","logo":{"@type":"ImageObject","inLanguage":"es","@id":"https:\/\/www.eldiario.net\/portal\/#\/schema\/logo\/image\/","url":"https:\/\/www.eldiario.net\/portal\/wp-content\/uploads\/2023\/07\/logo_ED.jpg","contentUrl":"https:\/\/www.eldiario.net\/portal\/wp-content\/uploads\/2023\/07\/logo_ED.jpg","width":272,"height":52,"caption":"El Diario - Decano de la prensa nacional"},"image":{"@id":"https:\/\/www.eldiario.net\/portal\/#\/schema\/logo\/image\/"},"sameAs":["https:\/\/www.facebook.com\/eldiario.bolivia\/","https:\/\/x.com\/eldiario_net"]},{"@type":"Person","@id":"https:\/\/www.eldiario.net\/portal\/#\/schema\/person\/cab1ae4db27e5f008a62cbffb05fbfee","name":"luis Camacho","image":{"@type":"ImageObject","inLanguage":"es","@id":"https:\/\/secure.gravatar.com\/avatar\/69ecb836b3826d5a2501bf06ab2a2f2c8ab211cc846758f395df21684cb38313?s=96&d=mm&r=g","url":"https:\/\/secure.gravatar.com\/avatar\/69ecb836b3826d5a2501bf06ab2a2f2c8ab211cc846758f395df21684cb38313?s=96&d=mm&r=g","contentUrl":"https:\/\/secure.gravatar.com\/avatar\/69ecb836b3826d5a2501bf06ab2a2f2c8ab211cc846758f395df21684cb38313?s=96&d=mm&r=g","caption":"luis Camacho"},"url":"https:\/\/www.eldiario.net\/portal\/author\/luis\/"}]}},"_links":{"self":[{"href":"https:\/\/www.eldiario.net\/portal\/wp-json\/wp\/v2\/posts\/228815","targetHints":{"allow":["GET"]}}],"collection":[{"href":"https:\/\/www.eldiario.net\/portal\/wp-json\/wp\/v2\/posts"}],"about":[{"href":"https:\/\/www.eldiario.net\/portal\/wp-json\/wp\/v2\/types\/post"}],"author":[{"embeddable":true,"href":"https:\/\/www.eldiario.net\/portal\/wp-json\/wp\/v2\/users\/2"}],"replies":[{"embeddable":true,"href":"https:\/\/www.eldiario.net\/portal\/wp-json\/wp\/v2\/comments?post=228815"}],"version-history":[{"count":1,"href":"https:\/\/www.eldiario.net\/portal\/wp-json\/wp\/v2\/posts\/228815\/revisions"}],"predecessor-version":[{"id":228818,"href":"https:\/\/www.eldiario.net\/portal\/wp-json\/wp\/v2\/posts\/228815\/revisions\/228818"}],"wp:featuredmedia":[{"embeddable":true,"href":"https:\/\/www.eldiario.net\/portal\/wp-json\/wp\/v2\/media\/228817"}],"wp:attachment":[{"href":"https:\/\/www.eldiario.net\/portal\/wp-json\/wp\/v2\/media?parent=228815"}],"wp:term":[{"taxonomy":"category","embeddable":true,"href":"https:\/\/www.eldiario.net\/portal\/wp-json\/wp\/v2\/categories?post=228815"},{"taxonomy":"post_tag","embeddable":true,"href":"https:\/\/www.eldiario.net\/portal\/wp-json\/wp\/v2\/tags?post=228815"}],"curies":[{"name":"wp","href":"https:\/\/api.w.org\/{rel}","templated":true}]}}