{"id":228793,"date":"2024-06-21T13:55:07","date_gmt":"2024-06-21T17:55:07","guid":{"rendered":"https:\/\/www.eldiario.net\/portal\/?p=228793"},"modified":"2024-06-21T13:55:07","modified_gmt":"2024-06-21T17:55:07","slug":"the-strongest-ruge-en-su-debut","status":"publish","type":"post","link":"https:\/\/www.eldiario.net\/portal\/2024\/06\/21\/the-strongest-ruge-en-su-debut\/","title":{"rendered":"The Strongest ruge en su debut"},"content":{"rendered":"<p>El cuadro de The Strongest venci\u00f3 sin problemas a Independiente de Oruro, en el arranque de la Liga Femenina del F\u00fatbol Boliviano. Las atigradas mostraron un plantel renovado de cara a este certamen nacional, cual campe\u00f3n ser\u00e1 el representante del pa\u00eds en la Copa Libertadores.<\/p>\n<p>The Strongest fue efectivo en los primeros minutos, mientras que en el resto s\u00f3lo supo controlar la pelota y no recibir muchos ataques de peligro en contra de su arco.<\/p>\n<p>El primer gol fue de Noelia Huanca, a los 6 minutos del primer tiempo. La jugadora recibi\u00f3 un pase y remat\u00f3 desde fuera del \u00e1rea para anotar el tanto.<\/p>\n<p>El segundo gol lleg\u00f3 a los 8 minutos. Esta vez por un disparo de Jhylian Mamani, inalcanzable para las orure\u00f1as.<\/p>\n<p>En la segunda parte, Independiente mejor\u00f3 e insisti\u00f3 para descontar. As\u00ed lleg\u00f3 el gol de Lourdes Mart\u00ednez, a los 87&#8242;.<\/p>\n<p>De ah\u00ed en adelante, el partido no tuvo muchas emociones. The Strongest tuvo algunas chances que no se concretaron. Independiente tuvo lo suyo en contadas ocasiones, pero sin \u00e9xito.<\/p>\n<p>Texto: Erwin Quispe Perca<br \/>\nFoto: Alberto Valero<\/p>\n","protected":false},"excerpt":{"rendered":"<p>El cuadro de The Strongest venci\u00f3 sin problemas a Independiente de Oruro, en el arranque de la Liga Femenina del F\u00fatbol Boliviano. Las atigradas mostraron un plantel renovado de cara a este certamen nacional, cual campe\u00f3n ser\u00e1 el representante del pa\u00eds en la Copa Libertadores. The Strongest fue efectivo en los primeros minutos, mientras que [&hellip;]<\/p>\n","protected":false},"author":2,"featured_media":228794,"comment_status":"open","ping_status":"open","sticky":false,"template":"","format":"standard","meta":{"_acf_changed":false,"footnotes":""},"categories":[6],"tags":[],"class_list":["post-228793","post","type-post","status-publish","format-standard","has-post-thumbnail","category-deportes"],"acf":{"antetitulo":""},"yoast_head":"<!-- This site is optimized with the Yoast SEO plugin v28.3 - https:\/\/yoast.com\/product\/yoast-seo-wordpress\/ -->\n<title>The Strongest ruge en su debut - El Diario - Bolivia<\/title>\n<meta name=\"robots\" content=\"index, follow, max-snippet:-1, max-image-preview:large, max-video-preview:-1\" \/>\n<link rel=\"canonical\" href=\"https:\/\/www.eldiario.net\/portal\/2024\/06\/21\/the-strongest-ruge-en-su-debut\/\" \/>\n<meta property=\"og:locale\" content=\"es_ES\" \/>\n<meta property=\"og:type\" content=\"article\" \/>\n<meta property=\"og:title\" content=\"The Strongest ruge en su debut - El Diario - Bolivia\" \/>\n<meta property=\"og:description\" content=\"El cuadro de The Strongest venci\u00f3 sin problemas a Independiente de Oruro, en el arranque de la Liga Femenina del F\u00fatbol Boliviano. Las atigradas mostraron un plantel renovado de cara a este certamen nacional, cual campe\u00f3n ser\u00e1 el representante del pa\u00eds en la Copa Libertadores. The Strongest fue efectivo en los primeros minutos, mientras que [&hellip;]\" \/>\n<meta property=\"og:url\" content=\"https:\/\/www.eldiario.net\/portal\/2024\/06\/21\/the-strongest-ruge-en-su-debut\/\" \/>\n<meta property=\"og:site_name\" content=\"El Diario - Bolivia\" \/>\n<meta property=\"article:publisher\" content=\"https:\/\/www.facebook.com\/eldiario.bolivia\/\" \/>\n<meta property=\"article:published_time\" content=\"2024-06-21T17:55:07+00:00\" \/>\n<meta property=\"og:image\" content=\"https:\/\/www.eldiario.net\/portal\/wp-content\/uploads\/2024\/06\/WhatsApp-Image-2024-06-21-at-12.52.31-scaled.jpeg\" \/>\n\t<meta property=\"og:image:width\" content=\"2560\" \/>\n\t<meta property=\"og:image:height\" content=\"1708\" \/>\n\t<meta property=\"og:image:type\" content=\"image\/jpeg\" \/>\n<meta name=\"author\" content=\"luis Camacho\" \/>\n<meta name=\"twitter:card\" content=\"summary_large_image\" \/>\n<meta name=\"twitter:creator\" content=\"@eldiario_net\" \/>\n<meta name=\"twitter:site\" content=\"@eldiario_net\" \/>\n<meta name=\"twitter:label1\" content=\"Escrito por\" \/>\n\t<meta name=\"twitter:data1\" content=\"luis Camacho\" \/>\n\t<meta name=\"twitter:label2\" content=\"Tiempo de lectura\" \/>\n\t<meta name=\"twitter:data2\" content=\"2 minutos\" \/>\n<script type=\"application\/ld+json\" class=\"yoast-schema-graph\">{\"@context\":\"https:\\\/\\\/schema.org\",\"@graph\":[{\"@type\":\"Article\",\"@id\":\"https:\\\/\\\/www.eldiario.net\\\/portal\\\/2024\\\/06\\\/21\\\/the-strongest-ruge-en-su-debut\\\/#article\",\"isPartOf\":{\"@id\":\"https:\\\/\\\/www.eldiario.net\\\/portal\\\/2024\\\/06\\\/21\\\/the-strongest-ruge-en-su-debut\\\/\"},\"author\":{\"name\":\"luis Camacho\",\"@id\":\"https:\\\/\\\/www.eldiario.net\\\/portal\\\/#\\\/schema\\\/person\\\/cab1ae4db27e5f008a62cbffb05fbfee\"},\"headline\":\"The Strongest ruge en su debut\",\"datePublished\":\"2024-06-21T17:55:07+00:00\",\"mainEntityOfPage\":{\"@id\":\"https:\\\/\\\/www.eldiario.net\\\/portal\\\/2024\\\/06\\\/21\\\/the-strongest-ruge-en-su-debut\\\/\"},\"wordCount\":189,\"commentCount\":0,\"publisher\":{\"@id\":\"https:\\\/\\\/www.eldiario.net\\\/portal\\\/#organization\"},\"image\":{\"@id\":\"https:\\\/\\\/www.eldiario.net\\\/portal\\\/2024\\\/06\\\/21\\\/the-strongest-ruge-en-su-debut\\\/#primaryimage\"},\"thumbnailUrl\":\"https:\\\/\\\/www.eldiario.net\\\/portal\\\/wp-content\\\/uploads\\\/2024\\\/06\\\/WhatsApp-Image-2024-06-21-at-12.52.31-scaled.jpeg\",\"articleSection\":[\"Deportes\"],\"inLanguage\":\"es\",\"potentialAction\":[{\"@type\":\"CommentAction\",\"name\":\"Comment\",\"target\":[\"https:\\\/\\\/www.eldiario.net\\\/portal\\\/2024\\\/06\\\/21\\\/the-strongest-ruge-en-su-debut\\\/#respond\"]}]},{\"@type\":\"WebPage\",\"@id\":\"https:\\\/\\\/www.eldiario.net\\\/portal\\\/2024\\\/06\\\/21\\\/the-strongest-ruge-en-su-debut\\\/\",\"url\":\"https:\\\/\\\/www.eldiario.net\\\/portal\\\/2024\\\/06\\\/21\\\/the-strongest-ruge-en-su-debut\\\/\",\"name\":\"The Strongest ruge en su debut - El Diario - Bolivia\",\"isPartOf\":{\"@id\":\"https:\\\/\\\/www.eldiario.net\\\/portal\\\/#website\"},\"primaryImageOfPage\":{\"@id\":\"https:\\\/\\\/www.eldiario.net\\\/portal\\\/2024\\\/06\\\/21\\\/the-strongest-ruge-en-su-debut\\\/#primaryimage\"},\"image\":{\"@id\":\"https:\\\/\\\/www.eldiario.net\\\/portal\\\/2024\\\/06\\\/21\\\/the-strongest-ruge-en-su-debut\\\/#primaryimage\"},\"thumbnailUrl\":\"https:\\\/\\\/www.eldiario.net\\\/portal\\\/wp-content\\\/uploads\\\/2024\\\/06\\\/WhatsApp-Image-2024-06-21-at-12.52.31-scaled.jpeg\",\"datePublished\":\"2024-06-21T17:55:07+00:00\",\"breadcrumb\":{\"@id\":\"https:\\\/\\\/www.eldiario.net\\\/portal\\\/2024\\\/06\\\/21\\\/the-strongest-ruge-en-su-debut\\\/#breadcrumb\"},\"inLanguage\":\"es\",\"potentialAction\":[{\"@type\":\"ReadAction\",\"target\":[\"https:\\\/\\\/www.eldiario.net\\\/portal\\\/2024\\\/06\\\/21\\\/the-strongest-ruge-en-su-debut\\\/\"]}]},{\"@type\":\"ImageObject\",\"inLanguage\":\"es\",\"@id\":\"https:\\\/\\\/www.eldiario.net\\\/portal\\\/2024\\\/06\\\/21\\\/the-strongest-ruge-en-su-debut\\\/#primaryimage\",\"url\":\"https:\\\/\\\/www.eldiario.net\\\/portal\\\/wp-content\\\/uploads\\\/2024\\\/06\\\/WhatsApp-Image-2024-06-21-at-12.52.31-scaled.jpeg\",\"contentUrl\":\"https:\\\/\\\/www.eldiario.net\\\/portal\\\/wp-content\\\/uploads\\\/2024\\\/06\\\/WhatsApp-Image-2024-06-21-at-12.52.31-scaled.jpeg\",\"width\":2560,\"height\":1708},{\"@type\":\"BreadcrumbList\",\"@id\":\"https:\\\/\\\/www.eldiario.net\\\/portal\\\/2024\\\/06\\\/21\\\/the-strongest-ruge-en-su-debut\\\/#breadcrumb\",\"itemListElement\":[{\"@type\":\"ListItem\",\"position\":1,\"name\":\"Portada\",\"item\":\"https:\\\/\\\/www.eldiario.net\\\/portal\\\/\"},{\"@type\":\"ListItem\",\"position\":2,\"name\":\"The Strongest ruge en su debut\"}]},{\"@type\":\"WebSite\",\"@id\":\"https:\\\/\\\/www.eldiario.net\\\/portal\\\/#website\",\"url\":\"https:\\\/\\\/www.eldiario.net\\\/portal\\\/\",\"name\":\"El Diario - Decano de la prensa nacional\",\"description\":\"El Diario - Decano de la prensa nacional\",\"publisher\":{\"@id\":\"https:\\\/\\\/www.eldiario.net\\\/portal\\\/#organization\"},\"potentialAction\":[{\"@type\":\"SearchAction\",\"target\":{\"@type\":\"EntryPoint\",\"urlTemplate\":\"https:\\\/\\\/www.eldiario.net\\\/portal\\\/?s={search_term_string}\"},\"query-input\":{\"@type\":\"PropertyValueSpecification\",\"valueRequired\":true,\"valueName\":\"search_term_string\"}}],\"inLanguage\":\"es\"},{\"@type\":\"Organization\",\"@id\":\"https:\\\/\\\/www.eldiario.net\\\/portal\\\/#organization\",\"name\":\"El Diario - Decano de la prensa nacional\",\"url\":\"https:\\\/\\\/www.eldiario.net\\\/portal\\\/\",\"logo\":{\"@type\":\"ImageObject\",\"inLanguage\":\"es\",\"@id\":\"https:\\\/\\\/www.eldiario.net\\\/portal\\\/#\\\/schema\\\/logo\\\/image\\\/\",\"url\":\"https:\\\/\\\/www.eldiario.net\\\/portal\\\/wp-content\\\/uploads\\\/2023\\\/07\\\/logo_ED.jpg\",\"contentUrl\":\"https:\\\/\\\/www.eldiario.net\\\/portal\\\/wp-content\\\/uploads\\\/2023\\\/07\\\/logo_ED.jpg\",\"width\":272,\"height\":52,\"caption\":\"El Diario - Decano de la prensa nacional\"},\"image\":{\"@id\":\"https:\\\/\\\/www.eldiario.net\\\/portal\\\/#\\\/schema\\\/logo\\\/image\\\/\"},\"sameAs\":[\"https:\\\/\\\/www.facebook.com\\\/eldiario.bolivia\\\/\",\"https:\\\/\\\/x.com\\\/eldiario_net\"]},{\"@type\":\"Person\",\"@id\":\"https:\\\/\\\/www.eldiario.net\\\/portal\\\/#\\\/schema\\\/person\\\/cab1ae4db27e5f008a62cbffb05fbfee\",\"name\":\"luis Camacho\",\"image\":{\"@type\":\"ImageObject\",\"inLanguage\":\"es\",\"@id\":\"https:\\\/\\\/secure.gravatar.com\\\/avatar\\\/69ecb836b3826d5a2501bf06ab2a2f2c8ab211cc846758f395df21684cb38313?s=96&d=mm&r=g\",\"url\":\"https:\\\/\\\/secure.gravatar.com\\\/avatar\\\/69ecb836b3826d5a2501bf06ab2a2f2c8ab211cc846758f395df21684cb38313?s=96&d=mm&r=g\",\"contentUrl\":\"https:\\\/\\\/secure.gravatar.com\\\/avatar\\\/69ecb836b3826d5a2501bf06ab2a2f2c8ab211cc846758f395df21684cb38313?s=96&d=mm&r=g\",\"caption\":\"luis Camacho\"},\"url\":\"https:\\\/\\\/www.eldiario.net\\\/portal\\\/author\\\/luis\\\/\"}]}<\/script>\n<!-- \/ Yoast SEO plugin. -->","yoast_head_json":{"title":"The Strongest ruge en su debut - El Diario - Bolivia","robots":{"index":"index","follow":"follow","max-snippet":"max-snippet:-1","max-image-preview":"max-image-preview:large","max-video-preview":"max-video-preview:-1"},"canonical":"https:\/\/www.eldiario.net\/portal\/2024\/06\/21\/the-strongest-ruge-en-su-debut\/","og_locale":"es_ES","og_type":"article","og_title":"The Strongest ruge en su debut - El Diario - Bolivia","og_description":"El cuadro de The Strongest venci\u00f3 sin problemas a Independiente de Oruro, en el arranque de la Liga Femenina del F\u00fatbol Boliviano. Las atigradas mostraron un plantel renovado de cara a este certamen nacional, cual campe\u00f3n ser\u00e1 el representante del pa\u00eds en la Copa Libertadores. The Strongest fue efectivo en los primeros minutos, mientras que [&hellip;]","og_url":"https:\/\/www.eldiario.net\/portal\/2024\/06\/21\/the-strongest-ruge-en-su-debut\/","og_site_name":"El Diario - Bolivia","article_publisher":"https:\/\/www.facebook.com\/eldiario.bolivia\/","article_published_time":"2024-06-21T17:55:07+00:00","og_image":[{"width":2560,"height":1708,"url":"https:\/\/www.eldiario.net\/portal\/wp-content\/uploads\/2024\/06\/WhatsApp-Image-2024-06-21-at-12.52.31-scaled.jpeg","type":"image\/jpeg"}],"author":"luis Camacho","twitter_card":"summary_large_image","twitter_creator":"@eldiario_net","twitter_site":"@eldiario_net","twitter_misc":{"Escrito por":"luis Camacho","Tiempo de lectura":"2 minutos"},"schema":{"@context":"https:\/\/schema.org","@graph":[{"@type":"Article","@id":"https:\/\/www.eldiario.net\/portal\/2024\/06\/21\/the-strongest-ruge-en-su-debut\/#article","isPartOf":{"@id":"https:\/\/www.eldiario.net\/portal\/2024\/06\/21\/the-strongest-ruge-en-su-debut\/"},"author":{"name":"luis Camacho","@id":"https:\/\/www.eldiario.net\/portal\/#\/schema\/person\/cab1ae4db27e5f008a62cbffb05fbfee"},"headline":"The Strongest ruge en su debut","datePublished":"2024-06-21T17:55:07+00:00","mainEntityOfPage":{"@id":"https:\/\/www.eldiario.net\/portal\/2024\/06\/21\/the-strongest-ruge-en-su-debut\/"},"wordCount":189,"commentCount":0,"publisher":{"@id":"https:\/\/www.eldiario.net\/portal\/#organization"},"image":{"@id":"https:\/\/www.eldiario.net\/portal\/2024\/06\/21\/the-strongest-ruge-en-su-debut\/#primaryimage"},"thumbnailUrl":"https:\/\/www.eldiario.net\/portal\/wp-content\/uploads\/2024\/06\/WhatsApp-Image-2024-06-21-at-12.52.31-scaled.jpeg","articleSection":["Deportes"],"inLanguage":"es","potentialAction":[{"@type":"CommentAction","name":"Comment","target":["https:\/\/www.eldiario.net\/portal\/2024\/06\/21\/the-strongest-ruge-en-su-debut\/#respond"]}]},{"@type":"WebPage","@id":"https:\/\/www.eldiario.net\/portal\/2024\/06\/21\/the-strongest-ruge-en-su-debut\/","url":"https:\/\/www.eldiario.net\/portal\/2024\/06\/21\/the-strongest-ruge-en-su-debut\/","name":"The Strongest ruge en su debut - El Diario - Bolivia","isPartOf":{"@id":"https:\/\/www.eldiario.net\/portal\/#website"},"primaryImageOfPage":{"@id":"https:\/\/www.eldiario.net\/portal\/2024\/06\/21\/the-strongest-ruge-en-su-debut\/#primaryimage"},"image":{"@id":"https:\/\/www.eldiario.net\/portal\/2024\/06\/21\/the-strongest-ruge-en-su-debut\/#primaryimage"},"thumbnailUrl":"https:\/\/www.eldiario.net\/portal\/wp-content\/uploads\/2024\/06\/WhatsApp-Image-2024-06-21-at-12.52.31-scaled.jpeg","datePublished":"2024-06-21T17:55:07+00:00","breadcrumb":{"@id":"https:\/\/www.eldiario.net\/portal\/2024\/06\/21\/the-strongest-ruge-en-su-debut\/#breadcrumb"},"inLanguage":"es","potentialAction":[{"@type":"ReadAction","target":["https:\/\/www.eldiario.net\/portal\/2024\/06\/21\/the-strongest-ruge-en-su-debut\/"]}]},{"@type":"ImageObject","inLanguage":"es","@id":"https:\/\/www.eldiario.net\/portal\/2024\/06\/21\/the-strongest-ruge-en-su-debut\/#primaryimage","url":"https:\/\/www.eldiario.net\/portal\/wp-content\/uploads\/2024\/06\/WhatsApp-Image-2024-06-21-at-12.52.31-scaled.jpeg","contentUrl":"https:\/\/www.eldiario.net\/portal\/wp-content\/uploads\/2024\/06\/WhatsApp-Image-2024-06-21-at-12.52.31-scaled.jpeg","width":2560,"height":1708},{"@type":"BreadcrumbList","@id":"https:\/\/www.eldiario.net\/portal\/2024\/06\/21\/the-strongest-ruge-en-su-debut\/#breadcrumb","itemListElement":[{"@type":"ListItem","position":1,"name":"Portada","item":"https:\/\/www.eldiario.net\/portal\/"},{"@type":"ListItem","position":2,"name":"The Strongest ruge en su debut"}]},{"@type":"WebSite","@id":"https:\/\/www.eldiario.net\/portal\/#website","url":"https:\/\/www.eldiario.net\/portal\/","name":"El Diario - Decano de la prensa nacional","description":"El Diario - Decano de la prensa nacional","publisher":{"@id":"https:\/\/www.eldiario.net\/portal\/#organization"},"potentialAction":[{"@type":"SearchAction","target":{"@type":"EntryPoint","urlTemplate":"https:\/\/www.eldiario.net\/portal\/?s={search_term_string}"},"query-input":{"@type":"PropertyValueSpecification","valueRequired":true,"valueName":"search_term_string"}}],"inLanguage":"es"},{"@type":"Organization","@id":"https:\/\/www.eldiario.net\/portal\/#organization","name":"El Diario - Decano de la prensa nacional","url":"https:\/\/www.eldiario.net\/portal\/","logo":{"@type":"ImageObject","inLanguage":"es","@id":"https:\/\/www.eldiario.net\/portal\/#\/schema\/logo\/image\/","url":"https:\/\/www.eldiario.net\/portal\/wp-content\/uploads\/2023\/07\/logo_ED.jpg","contentUrl":"https:\/\/www.eldiario.net\/portal\/wp-content\/uploads\/2023\/07\/logo_ED.jpg","width":272,"height":52,"caption":"El Diario - Decano de la prensa nacional"},"image":{"@id":"https:\/\/www.eldiario.net\/portal\/#\/schema\/logo\/image\/"},"sameAs":["https:\/\/www.facebook.com\/eldiario.bolivia\/","https:\/\/x.com\/eldiario_net"]},{"@type":"Person","@id":"https:\/\/www.eldiario.net\/portal\/#\/schema\/person\/cab1ae4db27e5f008a62cbffb05fbfee","name":"luis Camacho","image":{"@type":"ImageObject","inLanguage":"es","@id":"https:\/\/secure.gravatar.com\/avatar\/69ecb836b3826d5a2501bf06ab2a2f2c8ab211cc846758f395df21684cb38313?s=96&d=mm&r=g","url":"https:\/\/secure.gravatar.com\/avatar\/69ecb836b3826d5a2501bf06ab2a2f2c8ab211cc846758f395df21684cb38313?s=96&d=mm&r=g","contentUrl":"https:\/\/secure.gravatar.com\/avatar\/69ecb836b3826d5a2501bf06ab2a2f2c8ab211cc846758f395df21684cb38313?s=96&d=mm&r=g","caption":"luis Camacho"},"url":"https:\/\/www.eldiario.net\/portal\/author\/luis\/"}]}},"_links":{"self":[{"href":"https:\/\/www.eldiario.net\/portal\/wp-json\/wp\/v2\/posts\/228793","targetHints":{"allow":["GET"]}}],"collection":[{"href":"https:\/\/www.eldiario.net\/portal\/wp-json\/wp\/v2\/posts"}],"about":[{"href":"https:\/\/www.eldiario.net\/portal\/wp-json\/wp\/v2\/types\/post"}],"author":[{"embeddable":true,"href":"https:\/\/www.eldiario.net\/portal\/wp-json\/wp\/v2\/users\/2"}],"replies":[{"embeddable":true,"href":"https:\/\/www.eldiario.net\/portal\/wp-json\/wp\/v2\/comments?post=228793"}],"version-history":[{"count":1,"href":"https:\/\/www.eldiario.net\/portal\/wp-json\/wp\/v2\/posts\/228793\/revisions"}],"predecessor-version":[{"id":228795,"href":"https:\/\/www.eldiario.net\/portal\/wp-json\/wp\/v2\/posts\/228793\/revisions\/228795"}],"wp:featuredmedia":[{"embeddable":true,"href":"https:\/\/www.eldiario.net\/portal\/wp-json\/wp\/v2\/media\/228794"}],"wp:attachment":[{"href":"https:\/\/www.eldiario.net\/portal\/wp-json\/wp\/v2\/media?parent=228793"}],"wp:term":[{"taxonomy":"category","embeddable":true,"href":"https:\/\/www.eldiario.net\/portal\/wp-json\/wp\/v2\/categories?post=228793"},{"taxonomy":"post_tag","embeddable":true,"href":"https:\/\/www.eldiario.net\/portal\/wp-json\/wp\/v2\/tags?post=228793"}],"curies":[{"name":"wp","href":"https:\/\/api.w.org\/{rel}","templated":true}]}}