{"id":228785,"date":"2024-06-21T11:13:32","date_gmt":"2024-06-21T15:13:32","guid":{"rendered":"https:\/\/www.eldiario.net\/portal\/?p=228785"},"modified":"2024-06-21T11:13:32","modified_gmt":"2024-06-21T15:13:32","slug":"eurocopa-ucrania-remonta-y-le-gana-a-eslovaquia","status":"publish","type":"post","link":"https:\/\/www.eldiario.net\/portal\/2024\/06\/21\/eurocopa-ucrania-remonta-y-le-gana-a-eslovaquia\/","title":{"rendered":"Eurocopa: Ucrania remonta y le gana a Eslovaquia"},"content":{"rendered":"<p>Ucrania supo reponerse del contraste y someti\u00f3 por 2- 1 a su similar de Eslovaquia por 2-1, esta ma\u00f1ana, por el grupo E de la Eurocopa 2024,\u00a0 en cotejo que se disput\u00f3 en el estadioMerkur Spiel-Arena, D\u00fcsseldorf (Alemania).<\/p>\n<p>Eslovaquia inaugur\u00f3 el marcador a trav\u00e9s de Iv\u00e1n Ischranz a los 17\u2019. Empat\u00f3 para Ucrania Mikola Shaparenko a los 54\u2019 y el gol del triunfo fue anotado por Rom\u00e1n Yaremchuk a los 80\u2019.<\/p>\n<p><img loading=\"lazy\" decoding=\"async\" class=\"aligncenter size-full wp-image-228786\" src=\"https:\/\/www.eldiario.net\/portal\/wp-content\/uploads\/2024\/06\/WhatsApp-Image-2024-06-21-at-11.10.35.jpeg\" alt=\"\" width=\"720\" height=\"530\" srcset=\"https:\/\/www.eldiario.net\/portal\/wp-content\/uploads\/2024\/06\/WhatsApp-Image-2024-06-21-at-11.10.35.jpeg 720w, https:\/\/www.eldiario.net\/portal\/wp-content\/uploads\/2024\/06\/WhatsApp-Image-2024-06-21-at-11.10.35-300x221.jpeg 300w, https:\/\/www.eldiario.net\/portal\/wp-content\/uploads\/2024\/06\/WhatsApp-Image-2024-06-21-at-11.10.35-571x420.jpeg 571w, https:\/\/www.eldiario.net\/portal\/wp-content\/uploads\/2024\/06\/WhatsApp-Image-2024-06-21-at-11.10.35-80x60.jpeg 80w, https:\/\/www.eldiario.net\/portal\/wp-content\/uploads\/2024\/06\/WhatsApp-Image-2024-06-21-at-11.10.35-696x512.jpeg 696w\" sizes=\"auto, (max-width: 720px) 100vw, 720px\" \/><\/p>\n","protected":false},"excerpt":{"rendered":"<p>Ucrania supo reponerse del contraste y someti\u00f3 por 2- 1 a su similar de Eslovaquia por 2-1, esta ma\u00f1ana, por el grupo E de la Eurocopa 2024,\u00a0 en cotejo que se disput\u00f3 en el estadioMerkur Spiel-Arena, D\u00fcsseldorf (Alemania). Eslovaquia inaugur\u00f3 el marcador a trav\u00e9s de Iv\u00e1n Ischranz a los 17\u2019. Empat\u00f3 para Ucrania Mikola Shaparenko [&hellip;]<\/p>\n","protected":false},"author":2,"featured_media":228787,"comment_status":"open","ping_status":"open","sticky":false,"template":"","format":"standard","meta":{"_acf_changed":false,"footnotes":""},"categories":[6,53],"tags":[],"class_list":["post-228785","post","type-post","status-publish","format-standard","has-post-thumbnail","category-deportes","category-eurocopa-2024"],"acf":{"antetitulo":""},"yoast_head":"<!-- This site is optimized with the Yoast SEO plugin v28.3 - https:\/\/yoast.com\/product\/yoast-seo-wordpress\/ -->\n<title>Eurocopa: Ucrania remonta y le gana a Eslovaquia - El Diario - Bolivia<\/title>\n<meta name=\"robots\" content=\"index, follow, max-snippet:-1, max-image-preview:large, max-video-preview:-1\" \/>\n<link rel=\"canonical\" href=\"https:\/\/www.eldiario.net\/portal\/2024\/06\/21\/eurocopa-ucrania-remonta-y-le-gana-a-eslovaquia\/\" \/>\n<meta property=\"og:locale\" content=\"es_ES\" \/>\n<meta property=\"og:type\" content=\"article\" \/>\n<meta property=\"og:title\" content=\"Eurocopa: Ucrania remonta y le gana a Eslovaquia - El Diario - Bolivia\" \/>\n<meta property=\"og:description\" content=\"Ucrania supo reponerse del contraste y someti\u00f3 por 2- 1 a su similar de Eslovaquia por 2-1, esta ma\u00f1ana, por el grupo E de la Eurocopa 2024,\u00a0 en cotejo que se disput\u00f3 en el estadioMerkur Spiel-Arena, D\u00fcsseldorf (Alemania). Eslovaquia inaugur\u00f3 el marcador a trav\u00e9s de Iv\u00e1n Ischranz a los 17\u2019. Empat\u00f3 para Ucrania Mikola Shaparenko [&hellip;]\" \/>\n<meta property=\"og:url\" content=\"https:\/\/www.eldiario.net\/portal\/2024\/06\/21\/eurocopa-ucrania-remonta-y-le-gana-a-eslovaquia\/\" \/>\n<meta property=\"og:site_name\" content=\"El Diario - Bolivia\" \/>\n<meta property=\"article:publisher\" content=\"https:\/\/www.facebook.com\/eldiario.bolivia\/\" \/>\n<meta property=\"article:published_time\" content=\"2024-06-21T15:13:32+00:00\" \/>\n<meta property=\"og:image\" content=\"https:\/\/www.eldiario.net\/portal\/wp-content\/uploads\/2024\/06\/WhatsApp-Image-2024-06-21-at-11.10.27.jpeg\" \/>\n\t<meta property=\"og:image:width\" content=\"570\" \/>\n\t<meta property=\"og:image:height\" content=\"356\" \/>\n\t<meta property=\"og:image:type\" content=\"image\/jpeg\" \/>\n<meta name=\"author\" content=\"luis Camacho\" \/>\n<meta name=\"twitter:card\" content=\"summary_large_image\" \/>\n<meta name=\"twitter:creator\" content=\"@eldiario_net\" \/>\n<meta name=\"twitter:site\" content=\"@eldiario_net\" \/>\n<meta name=\"twitter:label1\" content=\"Escrito por\" \/>\n\t<meta name=\"twitter:data1\" content=\"luis Camacho\" \/>\n\t<meta name=\"twitter:label2\" content=\"Tiempo de lectura\" \/>\n\t<meta name=\"twitter:data2\" content=\"1 minuto\" \/>\n<script type=\"application\/ld+json\" class=\"yoast-schema-graph\">{\"@context\":\"https:\\\/\\\/schema.org\",\"@graph\":[{\"@type\":\"Article\",\"@id\":\"https:\\\/\\\/www.eldiario.net\\\/portal\\\/2024\\\/06\\\/21\\\/eurocopa-ucrania-remonta-y-le-gana-a-eslovaquia\\\/#article\",\"isPartOf\":{\"@id\":\"https:\\\/\\\/www.eldiario.net\\\/portal\\\/2024\\\/06\\\/21\\\/eurocopa-ucrania-remonta-y-le-gana-a-eslovaquia\\\/\"},\"author\":{\"name\":\"luis Camacho\",\"@id\":\"https:\\\/\\\/www.eldiario.net\\\/portal\\\/#\\\/schema\\\/person\\\/cab1ae4db27e5f008a62cbffb05fbfee\"},\"headline\":\"Eurocopa: Ucrania remonta y le gana a Eslovaquia\",\"datePublished\":\"2024-06-21T15:13:32+00:00\",\"mainEntityOfPage\":{\"@id\":\"https:\\\/\\\/www.eldiario.net\\\/portal\\\/2024\\\/06\\\/21\\\/eurocopa-ucrania-remonta-y-le-gana-a-eslovaquia\\\/\"},\"wordCount\":79,\"commentCount\":0,\"publisher\":{\"@id\":\"https:\\\/\\\/www.eldiario.net\\\/portal\\\/#organization\"},\"image\":{\"@id\":\"https:\\\/\\\/www.eldiario.net\\\/portal\\\/2024\\\/06\\\/21\\\/eurocopa-ucrania-remonta-y-le-gana-a-eslovaquia\\\/#primaryimage\"},\"thumbnailUrl\":\"https:\\\/\\\/www.eldiario.net\\\/portal\\\/wp-content\\\/uploads\\\/2024\\\/06\\\/WhatsApp-Image-2024-06-21-at-11.10.27.jpeg\",\"articleSection\":[\"Deportes\",\"Eurocopa 2024\"],\"inLanguage\":\"es\",\"potentialAction\":[{\"@type\":\"CommentAction\",\"name\":\"Comment\",\"target\":[\"https:\\\/\\\/www.eldiario.net\\\/portal\\\/2024\\\/06\\\/21\\\/eurocopa-ucrania-remonta-y-le-gana-a-eslovaquia\\\/#respond\"]}]},{\"@type\":\"WebPage\",\"@id\":\"https:\\\/\\\/www.eldiario.net\\\/portal\\\/2024\\\/06\\\/21\\\/eurocopa-ucrania-remonta-y-le-gana-a-eslovaquia\\\/\",\"url\":\"https:\\\/\\\/www.eldiario.net\\\/portal\\\/2024\\\/06\\\/21\\\/eurocopa-ucrania-remonta-y-le-gana-a-eslovaquia\\\/\",\"name\":\"Eurocopa: Ucrania remonta y le gana a Eslovaquia - El Diario - Bolivia\",\"isPartOf\":{\"@id\":\"https:\\\/\\\/www.eldiario.net\\\/portal\\\/#website\"},\"primaryImageOfPage\":{\"@id\":\"https:\\\/\\\/www.eldiario.net\\\/portal\\\/2024\\\/06\\\/21\\\/eurocopa-ucrania-remonta-y-le-gana-a-eslovaquia\\\/#primaryimage\"},\"image\":{\"@id\":\"https:\\\/\\\/www.eldiario.net\\\/portal\\\/2024\\\/06\\\/21\\\/eurocopa-ucrania-remonta-y-le-gana-a-eslovaquia\\\/#primaryimage\"},\"thumbnailUrl\":\"https:\\\/\\\/www.eldiario.net\\\/portal\\\/wp-content\\\/uploads\\\/2024\\\/06\\\/WhatsApp-Image-2024-06-21-at-11.10.27.jpeg\",\"datePublished\":\"2024-06-21T15:13:32+00:00\",\"breadcrumb\":{\"@id\":\"https:\\\/\\\/www.eldiario.net\\\/portal\\\/2024\\\/06\\\/21\\\/eurocopa-ucrania-remonta-y-le-gana-a-eslovaquia\\\/#breadcrumb\"},\"inLanguage\":\"es\",\"potentialAction\":[{\"@type\":\"ReadAction\",\"target\":[\"https:\\\/\\\/www.eldiario.net\\\/portal\\\/2024\\\/06\\\/21\\\/eurocopa-ucrania-remonta-y-le-gana-a-eslovaquia\\\/\"]}]},{\"@type\":\"ImageObject\",\"inLanguage\":\"es\",\"@id\":\"https:\\\/\\\/www.eldiario.net\\\/portal\\\/2024\\\/06\\\/21\\\/eurocopa-ucrania-remonta-y-le-gana-a-eslovaquia\\\/#primaryimage\",\"url\":\"https:\\\/\\\/www.eldiario.net\\\/portal\\\/wp-content\\\/uploads\\\/2024\\\/06\\\/WhatsApp-Image-2024-06-21-at-11.10.27.jpeg\",\"contentUrl\":\"https:\\\/\\\/www.eldiario.net\\\/portal\\\/wp-content\\\/uploads\\\/2024\\\/06\\\/WhatsApp-Image-2024-06-21-at-11.10.27.jpeg\",\"width\":570,\"height\":356},{\"@type\":\"BreadcrumbList\",\"@id\":\"https:\\\/\\\/www.eldiario.net\\\/portal\\\/2024\\\/06\\\/21\\\/eurocopa-ucrania-remonta-y-le-gana-a-eslovaquia\\\/#breadcrumb\",\"itemListElement\":[{\"@type\":\"ListItem\",\"position\":1,\"name\":\"Portada\",\"item\":\"https:\\\/\\\/www.eldiario.net\\\/portal\\\/\"},{\"@type\":\"ListItem\",\"position\":2,\"name\":\"Eurocopa: Ucrania remonta y le gana a Eslovaquia\"}]},{\"@type\":\"WebSite\",\"@id\":\"https:\\\/\\\/www.eldiario.net\\\/portal\\\/#website\",\"url\":\"https:\\\/\\\/www.eldiario.net\\\/portal\\\/\",\"name\":\"El Diario - Decano de la prensa nacional\",\"description\":\"El Diario - Decano de la prensa nacional\",\"publisher\":{\"@id\":\"https:\\\/\\\/www.eldiario.net\\\/portal\\\/#organization\"},\"potentialAction\":[{\"@type\":\"SearchAction\",\"target\":{\"@type\":\"EntryPoint\",\"urlTemplate\":\"https:\\\/\\\/www.eldiario.net\\\/portal\\\/?s={search_term_string}\"},\"query-input\":{\"@type\":\"PropertyValueSpecification\",\"valueRequired\":true,\"valueName\":\"search_term_string\"}}],\"inLanguage\":\"es\"},{\"@type\":\"Organization\",\"@id\":\"https:\\\/\\\/www.eldiario.net\\\/portal\\\/#organization\",\"name\":\"El Diario - Decano de la prensa nacional\",\"url\":\"https:\\\/\\\/www.eldiario.net\\\/portal\\\/\",\"logo\":{\"@type\":\"ImageObject\",\"inLanguage\":\"es\",\"@id\":\"https:\\\/\\\/www.eldiario.net\\\/portal\\\/#\\\/schema\\\/logo\\\/image\\\/\",\"url\":\"https:\\\/\\\/www.eldiario.net\\\/portal\\\/wp-content\\\/uploads\\\/2023\\\/07\\\/logo_ED.jpg\",\"contentUrl\":\"https:\\\/\\\/www.eldiario.net\\\/portal\\\/wp-content\\\/uploads\\\/2023\\\/07\\\/logo_ED.jpg\",\"width\":272,\"height\":52,\"caption\":\"El Diario - Decano de la prensa nacional\"},\"image\":{\"@id\":\"https:\\\/\\\/www.eldiario.net\\\/portal\\\/#\\\/schema\\\/logo\\\/image\\\/\"},\"sameAs\":[\"https:\\\/\\\/www.facebook.com\\\/eldiario.bolivia\\\/\",\"https:\\\/\\\/x.com\\\/eldiario_net\"]},{\"@type\":\"Person\",\"@id\":\"https:\\\/\\\/www.eldiario.net\\\/portal\\\/#\\\/schema\\\/person\\\/cab1ae4db27e5f008a62cbffb05fbfee\",\"name\":\"luis Camacho\",\"image\":{\"@type\":\"ImageObject\",\"inLanguage\":\"es\",\"@id\":\"https:\\\/\\\/secure.gravatar.com\\\/avatar\\\/69ecb836b3826d5a2501bf06ab2a2f2c8ab211cc846758f395df21684cb38313?s=96&d=mm&r=g\",\"url\":\"https:\\\/\\\/secure.gravatar.com\\\/avatar\\\/69ecb836b3826d5a2501bf06ab2a2f2c8ab211cc846758f395df21684cb38313?s=96&d=mm&r=g\",\"contentUrl\":\"https:\\\/\\\/secure.gravatar.com\\\/avatar\\\/69ecb836b3826d5a2501bf06ab2a2f2c8ab211cc846758f395df21684cb38313?s=96&d=mm&r=g\",\"caption\":\"luis Camacho\"},\"url\":\"https:\\\/\\\/www.eldiario.net\\\/portal\\\/author\\\/luis\\\/\"}]}<\/script>\n<!-- \/ Yoast SEO plugin. -->","yoast_head_json":{"title":"Eurocopa: Ucrania remonta y le gana a Eslovaquia - El Diario - Bolivia","robots":{"index":"index","follow":"follow","max-snippet":"max-snippet:-1","max-image-preview":"max-image-preview:large","max-video-preview":"max-video-preview:-1"},"canonical":"https:\/\/www.eldiario.net\/portal\/2024\/06\/21\/eurocopa-ucrania-remonta-y-le-gana-a-eslovaquia\/","og_locale":"es_ES","og_type":"article","og_title":"Eurocopa: Ucrania remonta y le gana a Eslovaquia - El Diario - Bolivia","og_description":"Ucrania supo reponerse del contraste y someti\u00f3 por 2- 1 a su similar de Eslovaquia por 2-1, esta ma\u00f1ana, por el grupo E de la Eurocopa 2024,\u00a0 en cotejo que se disput\u00f3 en el estadioMerkur Spiel-Arena, D\u00fcsseldorf (Alemania). Eslovaquia inaugur\u00f3 el marcador a trav\u00e9s de Iv\u00e1n Ischranz a los 17\u2019. Empat\u00f3 para Ucrania Mikola Shaparenko [&hellip;]","og_url":"https:\/\/www.eldiario.net\/portal\/2024\/06\/21\/eurocopa-ucrania-remonta-y-le-gana-a-eslovaquia\/","og_site_name":"El Diario - Bolivia","article_publisher":"https:\/\/www.facebook.com\/eldiario.bolivia\/","article_published_time":"2024-06-21T15:13:32+00:00","og_image":[{"width":570,"height":356,"url":"https:\/\/www.eldiario.net\/portal\/wp-content\/uploads\/2024\/06\/WhatsApp-Image-2024-06-21-at-11.10.27.jpeg","type":"image\/jpeg"}],"author":"luis Camacho","twitter_card":"summary_large_image","twitter_creator":"@eldiario_net","twitter_site":"@eldiario_net","twitter_misc":{"Escrito por":"luis Camacho","Tiempo de lectura":"1 minuto"},"schema":{"@context":"https:\/\/schema.org","@graph":[{"@type":"Article","@id":"https:\/\/www.eldiario.net\/portal\/2024\/06\/21\/eurocopa-ucrania-remonta-y-le-gana-a-eslovaquia\/#article","isPartOf":{"@id":"https:\/\/www.eldiario.net\/portal\/2024\/06\/21\/eurocopa-ucrania-remonta-y-le-gana-a-eslovaquia\/"},"author":{"name":"luis Camacho","@id":"https:\/\/www.eldiario.net\/portal\/#\/schema\/person\/cab1ae4db27e5f008a62cbffb05fbfee"},"headline":"Eurocopa: Ucrania remonta y le gana a Eslovaquia","datePublished":"2024-06-21T15:13:32+00:00","mainEntityOfPage":{"@id":"https:\/\/www.eldiario.net\/portal\/2024\/06\/21\/eurocopa-ucrania-remonta-y-le-gana-a-eslovaquia\/"},"wordCount":79,"commentCount":0,"publisher":{"@id":"https:\/\/www.eldiario.net\/portal\/#organization"},"image":{"@id":"https:\/\/www.eldiario.net\/portal\/2024\/06\/21\/eurocopa-ucrania-remonta-y-le-gana-a-eslovaquia\/#primaryimage"},"thumbnailUrl":"https:\/\/www.eldiario.net\/portal\/wp-content\/uploads\/2024\/06\/WhatsApp-Image-2024-06-21-at-11.10.27.jpeg","articleSection":["Deportes","Eurocopa 2024"],"inLanguage":"es","potentialAction":[{"@type":"CommentAction","name":"Comment","target":["https:\/\/www.eldiario.net\/portal\/2024\/06\/21\/eurocopa-ucrania-remonta-y-le-gana-a-eslovaquia\/#respond"]}]},{"@type":"WebPage","@id":"https:\/\/www.eldiario.net\/portal\/2024\/06\/21\/eurocopa-ucrania-remonta-y-le-gana-a-eslovaquia\/","url":"https:\/\/www.eldiario.net\/portal\/2024\/06\/21\/eurocopa-ucrania-remonta-y-le-gana-a-eslovaquia\/","name":"Eurocopa: Ucrania remonta y le gana a Eslovaquia - El Diario - Bolivia","isPartOf":{"@id":"https:\/\/www.eldiario.net\/portal\/#website"},"primaryImageOfPage":{"@id":"https:\/\/www.eldiario.net\/portal\/2024\/06\/21\/eurocopa-ucrania-remonta-y-le-gana-a-eslovaquia\/#primaryimage"},"image":{"@id":"https:\/\/www.eldiario.net\/portal\/2024\/06\/21\/eurocopa-ucrania-remonta-y-le-gana-a-eslovaquia\/#primaryimage"},"thumbnailUrl":"https:\/\/www.eldiario.net\/portal\/wp-content\/uploads\/2024\/06\/WhatsApp-Image-2024-06-21-at-11.10.27.jpeg","datePublished":"2024-06-21T15:13:32+00:00","breadcrumb":{"@id":"https:\/\/www.eldiario.net\/portal\/2024\/06\/21\/eurocopa-ucrania-remonta-y-le-gana-a-eslovaquia\/#breadcrumb"},"inLanguage":"es","potentialAction":[{"@type":"ReadAction","target":["https:\/\/www.eldiario.net\/portal\/2024\/06\/21\/eurocopa-ucrania-remonta-y-le-gana-a-eslovaquia\/"]}]},{"@type":"ImageObject","inLanguage":"es","@id":"https:\/\/www.eldiario.net\/portal\/2024\/06\/21\/eurocopa-ucrania-remonta-y-le-gana-a-eslovaquia\/#primaryimage","url":"https:\/\/www.eldiario.net\/portal\/wp-content\/uploads\/2024\/06\/WhatsApp-Image-2024-06-21-at-11.10.27.jpeg","contentUrl":"https:\/\/www.eldiario.net\/portal\/wp-content\/uploads\/2024\/06\/WhatsApp-Image-2024-06-21-at-11.10.27.jpeg","width":570,"height":356},{"@type":"BreadcrumbList","@id":"https:\/\/www.eldiario.net\/portal\/2024\/06\/21\/eurocopa-ucrania-remonta-y-le-gana-a-eslovaquia\/#breadcrumb","itemListElement":[{"@type":"ListItem","position":1,"name":"Portada","item":"https:\/\/www.eldiario.net\/portal\/"},{"@type":"ListItem","position":2,"name":"Eurocopa: Ucrania remonta y le gana a Eslovaquia"}]},{"@type":"WebSite","@id":"https:\/\/www.eldiario.net\/portal\/#website","url":"https:\/\/www.eldiario.net\/portal\/","name":"El Diario - Decano de la prensa nacional","description":"El Diario - Decano de la prensa nacional","publisher":{"@id":"https:\/\/www.eldiario.net\/portal\/#organization"},"potentialAction":[{"@type":"SearchAction","target":{"@type":"EntryPoint","urlTemplate":"https:\/\/www.eldiario.net\/portal\/?s={search_term_string}"},"query-input":{"@type":"PropertyValueSpecification","valueRequired":true,"valueName":"search_term_string"}}],"inLanguage":"es"},{"@type":"Organization","@id":"https:\/\/www.eldiario.net\/portal\/#organization","name":"El Diario - Decano de la prensa nacional","url":"https:\/\/www.eldiario.net\/portal\/","logo":{"@type":"ImageObject","inLanguage":"es","@id":"https:\/\/www.eldiario.net\/portal\/#\/schema\/logo\/image\/","url":"https:\/\/www.eldiario.net\/portal\/wp-content\/uploads\/2023\/07\/logo_ED.jpg","contentUrl":"https:\/\/www.eldiario.net\/portal\/wp-content\/uploads\/2023\/07\/logo_ED.jpg","width":272,"height":52,"caption":"El Diario - Decano de la prensa nacional"},"image":{"@id":"https:\/\/www.eldiario.net\/portal\/#\/schema\/logo\/image\/"},"sameAs":["https:\/\/www.facebook.com\/eldiario.bolivia\/","https:\/\/x.com\/eldiario_net"]},{"@type":"Person","@id":"https:\/\/www.eldiario.net\/portal\/#\/schema\/person\/cab1ae4db27e5f008a62cbffb05fbfee","name":"luis Camacho","image":{"@type":"ImageObject","inLanguage":"es","@id":"https:\/\/secure.gravatar.com\/avatar\/69ecb836b3826d5a2501bf06ab2a2f2c8ab211cc846758f395df21684cb38313?s=96&d=mm&r=g","url":"https:\/\/secure.gravatar.com\/avatar\/69ecb836b3826d5a2501bf06ab2a2f2c8ab211cc846758f395df21684cb38313?s=96&d=mm&r=g","contentUrl":"https:\/\/secure.gravatar.com\/avatar\/69ecb836b3826d5a2501bf06ab2a2f2c8ab211cc846758f395df21684cb38313?s=96&d=mm&r=g","caption":"luis Camacho"},"url":"https:\/\/www.eldiario.net\/portal\/author\/luis\/"}]}},"_links":{"self":[{"href":"https:\/\/www.eldiario.net\/portal\/wp-json\/wp\/v2\/posts\/228785","targetHints":{"allow":["GET"]}}],"collection":[{"href":"https:\/\/www.eldiario.net\/portal\/wp-json\/wp\/v2\/posts"}],"about":[{"href":"https:\/\/www.eldiario.net\/portal\/wp-json\/wp\/v2\/types\/post"}],"author":[{"embeddable":true,"href":"https:\/\/www.eldiario.net\/portal\/wp-json\/wp\/v2\/users\/2"}],"replies":[{"embeddable":true,"href":"https:\/\/www.eldiario.net\/portal\/wp-json\/wp\/v2\/comments?post=228785"}],"version-history":[{"count":1,"href":"https:\/\/www.eldiario.net\/portal\/wp-json\/wp\/v2\/posts\/228785\/revisions"}],"predecessor-version":[{"id":228788,"href":"https:\/\/www.eldiario.net\/portal\/wp-json\/wp\/v2\/posts\/228785\/revisions\/228788"}],"wp:featuredmedia":[{"embeddable":true,"href":"https:\/\/www.eldiario.net\/portal\/wp-json\/wp\/v2\/media\/228787"}],"wp:attachment":[{"href":"https:\/\/www.eldiario.net\/portal\/wp-json\/wp\/v2\/media?parent=228785"}],"wp:term":[{"taxonomy":"category","embeddable":true,"href":"https:\/\/www.eldiario.net\/portal\/wp-json\/wp\/v2\/categories?post=228785"},{"taxonomy":"post_tag","embeddable":true,"href":"https:\/\/www.eldiario.net\/portal\/wp-json\/wp\/v2\/tags?post=228785"}],"curies":[{"name":"wp","href":"https:\/\/api.w.org\/{rel}","templated":true}]}}