{"id":228589,"date":"2024-06-21T06:09:14","date_gmt":"2024-06-21T10:09:14","guid":{"rendered":"https:\/\/www.eldiario.net\/portal\/?p=228589"},"modified":"2024-06-21T06:09:14","modified_gmt":"2024-06-21T10:09:14","slug":"peru-y-chile-se-ven-las-caras-con-gareca-en-la-mira","status":"publish","type":"post","link":"https:\/\/www.eldiario.net\/portal\/2024\/06\/21\/peru-y-chile-se-ven-las-caras-con-gareca-en-la-mira\/","title":{"rendered":"Per\u00fa y Chile se ven las caras con Gareca en la mira"},"content":{"rendered":"<p>El entrenador argentino Ricardo Gareca volver\u00e1 a cruzar hoy (20:00HB) sus caminos con Per\u00fa, esta vez como director t\u00e9cnico de Chile, en el arranque de ambas selecciones en la Copa Am\u00e9rica 2024. El ciclo de Gareca dej\u00f3 un recuerdo imborrable en Per\u00fa, pa\u00eds al que llev\u00f3 en Rusia-2018 de regreso al Mundial despu\u00e9s de 36 a\u00f1os de ausencia.<br \/>\nHoy, &#8216;El Tigre&#8217; est\u00e1 encargado de la reconstrucci\u00f3n de Chile, que tuvo un decepcionante comienzo en la actual clasificatoria mundialista bajo las \u00f3rdenes de su compatriota Eduardo Berizzo.<br \/>\nLa Bicolor tambi\u00e9n est\u00e1 viviendo una nueva etapa, con el uruguayo Jorge Fossati en el banquillo.<br \/>\nEl Chile de Gareca tuvo prometedores amistosos hacia la Copa Am\u00e9rica, el \u00faltimo de los cuales acab\u00f3 en s\u00f3lida victoria de 3-0 ante Paraguay, con goles de V\u00edctor D\u00e1vila por partida doble y Eduardo Vargas.<br \/>\nHab\u00eda vencido con id\u00e9ntico marcador a Albania y hab\u00eda perdido contra la poderosa Francia, aunque con un ajustado tanteador de 3-2.<\/p>\n","protected":false},"excerpt":{"rendered":"<p>El entrenador argentino Ricardo Gareca volver\u00e1 a cruzar hoy (20:00HB) sus caminos con Per\u00fa, esta vez como director t\u00e9cnico de Chile, en el arranque de ambas selecciones en la Copa Am\u00e9rica 2024. El ciclo de Gareca dej\u00f3 un recuerdo imborrable en Per\u00fa, pa\u00eds al que llev\u00f3 en Rusia-2018 de regreso al Mundial despu\u00e9s de 36 [&hellip;]<\/p>\n","protected":false},"author":1,"featured_media":228590,"comment_status":"open","ping_status":"open","sticky":false,"template":"","format":"standard","meta":{"_acf_changed":false,"footnotes":""},"categories":[6],"tags":[],"class_list":["post-228589","post","type-post","status-publish","format-standard","has-post-thumbnail","category-deportes"],"acf":{"antetitulo":""},"yoast_head":"<!-- This site is optimized with the Yoast SEO plugin v28.3 - https:\/\/yoast.com\/product\/yoast-seo-wordpress\/ -->\n<title>Per\u00fa y Chile se ven las caras con Gareca en la mira - El Diario - Bolivia<\/title>\n<meta name=\"robots\" content=\"index, follow, max-snippet:-1, max-image-preview:large, max-video-preview:-1\" \/>\n<link rel=\"canonical\" href=\"https:\/\/www.eldiario.net\/portal\/2024\/06\/21\/peru-y-chile-se-ven-las-caras-con-gareca-en-la-mira\/\" \/>\n<meta property=\"og:locale\" content=\"es_ES\" \/>\n<meta property=\"og:type\" content=\"article\" \/>\n<meta property=\"og:title\" content=\"Per\u00fa y Chile se ven las caras con Gareca en la mira - El Diario - Bolivia\" \/>\n<meta property=\"og:description\" content=\"El entrenador argentino Ricardo Gareca volver\u00e1 a cruzar hoy (20:00HB) sus caminos con Per\u00fa, esta vez como director t\u00e9cnico de Chile, en el arranque de ambas selecciones en la Copa Am\u00e9rica 2024. El ciclo de Gareca dej\u00f3 un recuerdo imborrable en Per\u00fa, pa\u00eds al que llev\u00f3 en Rusia-2018 de regreso al Mundial despu\u00e9s de 36 [&hellip;]\" \/>\n<meta property=\"og:url\" content=\"https:\/\/www.eldiario.net\/portal\/2024\/06\/21\/peru-y-chile-se-ven-las-caras-con-gareca-en-la-mira\/\" \/>\n<meta property=\"og:site_name\" content=\"El Diario - Bolivia\" \/>\n<meta property=\"article:publisher\" content=\"https:\/\/www.facebook.com\/eldiario.bolivia\/\" \/>\n<meta property=\"article:published_time\" content=\"2024-06-21T10:09:14+00:00\" \/>\n<meta property=\"og:image\" content=\"https:\/\/www.eldiario.net\/portal\/wp-content\/uploads\/2024\/06\/peru-chile.jpg\" \/>\n\t<meta property=\"og:image:width\" content=\"798\" \/>\n\t<meta property=\"og:image:height\" content=\"530\" \/>\n\t<meta property=\"og:image:type\" content=\"image\/jpeg\" \/>\n<meta name=\"author\" content=\"Jeanette\" \/>\n<meta name=\"twitter:card\" content=\"summary_large_image\" \/>\n<meta name=\"twitter:creator\" content=\"@eldiario_net\" \/>\n<meta name=\"twitter:site\" content=\"@eldiario_net\" \/>\n<meta name=\"twitter:label1\" content=\"Escrito por\" \/>\n\t<meta name=\"twitter:data1\" content=\"Jeanette\" \/>\n\t<meta name=\"twitter:label2\" content=\"Tiempo de lectura\" \/>\n\t<meta name=\"twitter:data2\" content=\"1 minuto\" \/>\n<script type=\"application\/ld+json\" class=\"yoast-schema-graph\">{\"@context\":\"https:\\\/\\\/schema.org\",\"@graph\":[{\"@type\":\"Article\",\"@id\":\"https:\\\/\\\/www.eldiario.net\\\/portal\\\/2024\\\/06\\\/21\\\/peru-y-chile-se-ven-las-caras-con-gareca-en-la-mira\\\/#article\",\"isPartOf\":{\"@id\":\"https:\\\/\\\/www.eldiario.net\\\/portal\\\/2024\\\/06\\\/21\\\/peru-y-chile-se-ven-las-caras-con-gareca-en-la-mira\\\/\"},\"author\":{\"name\":\"Jeanette\",\"@id\":\"https:\\\/\\\/www.eldiario.net\\\/portal\\\/#\\\/schema\\\/person\\\/f46445640444750d7d753ccd04ae01b7\"},\"headline\":\"Per\u00fa y Chile se ven las caras con Gareca en la mira\",\"datePublished\":\"2024-06-21T10:09:14+00:00\",\"mainEntityOfPage\":{\"@id\":\"https:\\\/\\\/www.eldiario.net\\\/portal\\\/2024\\\/06\\\/21\\\/peru-y-chile-se-ven-las-caras-con-gareca-en-la-mira\\\/\"},\"wordCount\":182,\"commentCount\":0,\"publisher\":{\"@id\":\"https:\\\/\\\/www.eldiario.net\\\/portal\\\/#organization\"},\"image\":{\"@id\":\"https:\\\/\\\/www.eldiario.net\\\/portal\\\/2024\\\/06\\\/21\\\/peru-y-chile-se-ven-las-caras-con-gareca-en-la-mira\\\/#primaryimage\"},\"thumbnailUrl\":\"https:\\\/\\\/www.eldiario.net\\\/portal\\\/wp-content\\\/uploads\\\/2024\\\/06\\\/peru-chile.jpg\",\"articleSection\":[\"Deportes\"],\"inLanguage\":\"es\",\"potentialAction\":[{\"@type\":\"CommentAction\",\"name\":\"Comment\",\"target\":[\"https:\\\/\\\/www.eldiario.net\\\/portal\\\/2024\\\/06\\\/21\\\/peru-y-chile-se-ven-las-caras-con-gareca-en-la-mira\\\/#respond\"]}]},{\"@type\":\"WebPage\",\"@id\":\"https:\\\/\\\/www.eldiario.net\\\/portal\\\/2024\\\/06\\\/21\\\/peru-y-chile-se-ven-las-caras-con-gareca-en-la-mira\\\/\",\"url\":\"https:\\\/\\\/www.eldiario.net\\\/portal\\\/2024\\\/06\\\/21\\\/peru-y-chile-se-ven-las-caras-con-gareca-en-la-mira\\\/\",\"name\":\"Per\u00fa y Chile se ven las caras con Gareca en la mira - El Diario - Bolivia\",\"isPartOf\":{\"@id\":\"https:\\\/\\\/www.eldiario.net\\\/portal\\\/#website\"},\"primaryImageOfPage\":{\"@id\":\"https:\\\/\\\/www.eldiario.net\\\/portal\\\/2024\\\/06\\\/21\\\/peru-y-chile-se-ven-las-caras-con-gareca-en-la-mira\\\/#primaryimage\"},\"image\":{\"@id\":\"https:\\\/\\\/www.eldiario.net\\\/portal\\\/2024\\\/06\\\/21\\\/peru-y-chile-se-ven-las-caras-con-gareca-en-la-mira\\\/#primaryimage\"},\"thumbnailUrl\":\"https:\\\/\\\/www.eldiario.net\\\/portal\\\/wp-content\\\/uploads\\\/2024\\\/06\\\/peru-chile.jpg\",\"datePublished\":\"2024-06-21T10:09:14+00:00\",\"breadcrumb\":{\"@id\":\"https:\\\/\\\/www.eldiario.net\\\/portal\\\/2024\\\/06\\\/21\\\/peru-y-chile-se-ven-las-caras-con-gareca-en-la-mira\\\/#breadcrumb\"},\"inLanguage\":\"es\",\"potentialAction\":[{\"@type\":\"ReadAction\",\"target\":[\"https:\\\/\\\/www.eldiario.net\\\/portal\\\/2024\\\/06\\\/21\\\/peru-y-chile-se-ven-las-caras-con-gareca-en-la-mira\\\/\"]}]},{\"@type\":\"ImageObject\",\"inLanguage\":\"es\",\"@id\":\"https:\\\/\\\/www.eldiario.net\\\/portal\\\/2024\\\/06\\\/21\\\/peru-y-chile-se-ven-las-caras-con-gareca-en-la-mira\\\/#primaryimage\",\"url\":\"https:\\\/\\\/www.eldiario.net\\\/portal\\\/wp-content\\\/uploads\\\/2024\\\/06\\\/peru-chile.jpg\",\"contentUrl\":\"https:\\\/\\\/www.eldiario.net\\\/portal\\\/wp-content\\\/uploads\\\/2024\\\/06\\\/peru-chile.jpg\",\"width\":798,\"height\":530},{\"@type\":\"BreadcrumbList\",\"@id\":\"https:\\\/\\\/www.eldiario.net\\\/portal\\\/2024\\\/06\\\/21\\\/peru-y-chile-se-ven-las-caras-con-gareca-en-la-mira\\\/#breadcrumb\",\"itemListElement\":[{\"@type\":\"ListItem\",\"position\":1,\"name\":\"Portada\",\"item\":\"https:\\\/\\\/www.eldiario.net\\\/portal\\\/\"},{\"@type\":\"ListItem\",\"position\":2,\"name\":\"Per\u00fa y Chile se ven las caras con Gareca en la mira\"}]},{\"@type\":\"WebSite\",\"@id\":\"https:\\\/\\\/www.eldiario.net\\\/portal\\\/#website\",\"url\":\"https:\\\/\\\/www.eldiario.net\\\/portal\\\/\",\"name\":\"El Diario - Decano de la prensa nacional\",\"description\":\"El Diario - Decano de la prensa nacional\",\"publisher\":{\"@id\":\"https:\\\/\\\/www.eldiario.net\\\/portal\\\/#organization\"},\"potentialAction\":[{\"@type\":\"SearchAction\",\"target\":{\"@type\":\"EntryPoint\",\"urlTemplate\":\"https:\\\/\\\/www.eldiario.net\\\/portal\\\/?s={search_term_string}\"},\"query-input\":{\"@type\":\"PropertyValueSpecification\",\"valueRequired\":true,\"valueName\":\"search_term_string\"}}],\"inLanguage\":\"es\"},{\"@type\":\"Organization\",\"@id\":\"https:\\\/\\\/www.eldiario.net\\\/portal\\\/#organization\",\"name\":\"El Diario - Decano de la prensa nacional\",\"url\":\"https:\\\/\\\/www.eldiario.net\\\/portal\\\/\",\"logo\":{\"@type\":\"ImageObject\",\"inLanguage\":\"es\",\"@id\":\"https:\\\/\\\/www.eldiario.net\\\/portal\\\/#\\\/schema\\\/logo\\\/image\\\/\",\"url\":\"https:\\\/\\\/www.eldiario.net\\\/portal\\\/wp-content\\\/uploads\\\/2023\\\/07\\\/logo_ED.jpg\",\"contentUrl\":\"https:\\\/\\\/www.eldiario.net\\\/portal\\\/wp-content\\\/uploads\\\/2023\\\/07\\\/logo_ED.jpg\",\"width\":272,\"height\":52,\"caption\":\"El Diario - Decano de la prensa nacional\"},\"image\":{\"@id\":\"https:\\\/\\\/www.eldiario.net\\\/portal\\\/#\\\/schema\\\/logo\\\/image\\\/\"},\"sameAs\":[\"https:\\\/\\\/www.facebook.com\\\/eldiario.bolivia\\\/\",\"https:\\\/\\\/x.com\\\/eldiario_net\"]},{\"@type\":\"Person\",\"@id\":\"https:\\\/\\\/www.eldiario.net\\\/portal\\\/#\\\/schema\\\/person\\\/f46445640444750d7d753ccd04ae01b7\",\"name\":\"Jeanette\",\"image\":{\"@type\":\"ImageObject\",\"inLanguage\":\"es\",\"@id\":\"https:\\\/\\\/secure.gravatar.com\\\/avatar\\\/3ea2118a5f7dad2b7138b1187a6b7ee55f160b9968b66013c3a3ef39dd7e5798?s=96&d=mm&r=g\",\"url\":\"https:\\\/\\\/secure.gravatar.com\\\/avatar\\\/3ea2118a5f7dad2b7138b1187a6b7ee55f160b9968b66013c3a3ef39dd7e5798?s=96&d=mm&r=g\",\"contentUrl\":\"https:\\\/\\\/secure.gravatar.com\\\/avatar\\\/3ea2118a5f7dad2b7138b1187a6b7ee55f160b9968b66013c3a3ef39dd7e5798?s=96&d=mm&r=g\",\"caption\":\"Jeanette\"},\"sameAs\":[\"https:\\\/\\\/www.eldiario.net\\\/portal\"],\"url\":\"https:\\\/\\\/www.eldiario.net\\\/portal\\\/author\\\/jeanette\\\/\"}]}<\/script>\n<!-- \/ Yoast SEO plugin. -->","yoast_head_json":{"title":"Per\u00fa y Chile se ven las caras con Gareca en la mira - El Diario - Bolivia","robots":{"index":"index","follow":"follow","max-snippet":"max-snippet:-1","max-image-preview":"max-image-preview:large","max-video-preview":"max-video-preview:-1"},"canonical":"https:\/\/www.eldiario.net\/portal\/2024\/06\/21\/peru-y-chile-se-ven-las-caras-con-gareca-en-la-mira\/","og_locale":"es_ES","og_type":"article","og_title":"Per\u00fa y Chile se ven las caras con Gareca en la mira - El Diario - Bolivia","og_description":"El entrenador argentino Ricardo Gareca volver\u00e1 a cruzar hoy (20:00HB) sus caminos con Per\u00fa, esta vez como director t\u00e9cnico de Chile, en el arranque de ambas selecciones en la Copa Am\u00e9rica 2024. El ciclo de Gareca dej\u00f3 un recuerdo imborrable en Per\u00fa, pa\u00eds al que llev\u00f3 en Rusia-2018 de regreso al Mundial despu\u00e9s de 36 [&hellip;]","og_url":"https:\/\/www.eldiario.net\/portal\/2024\/06\/21\/peru-y-chile-se-ven-las-caras-con-gareca-en-la-mira\/","og_site_name":"El Diario - Bolivia","article_publisher":"https:\/\/www.facebook.com\/eldiario.bolivia\/","article_published_time":"2024-06-21T10:09:14+00:00","og_image":[{"width":798,"height":530,"url":"https:\/\/www.eldiario.net\/portal\/wp-content\/uploads\/2024\/06\/peru-chile.jpg","type":"image\/jpeg"}],"author":"Jeanette","twitter_card":"summary_large_image","twitter_creator":"@eldiario_net","twitter_site":"@eldiario_net","twitter_misc":{"Escrito por":"Jeanette","Tiempo de lectura":"1 minuto"},"schema":{"@context":"https:\/\/schema.org","@graph":[{"@type":"Article","@id":"https:\/\/www.eldiario.net\/portal\/2024\/06\/21\/peru-y-chile-se-ven-las-caras-con-gareca-en-la-mira\/#article","isPartOf":{"@id":"https:\/\/www.eldiario.net\/portal\/2024\/06\/21\/peru-y-chile-se-ven-las-caras-con-gareca-en-la-mira\/"},"author":{"name":"Jeanette","@id":"https:\/\/www.eldiario.net\/portal\/#\/schema\/person\/f46445640444750d7d753ccd04ae01b7"},"headline":"Per\u00fa y Chile se ven las caras con Gareca en la mira","datePublished":"2024-06-21T10:09:14+00:00","mainEntityOfPage":{"@id":"https:\/\/www.eldiario.net\/portal\/2024\/06\/21\/peru-y-chile-se-ven-las-caras-con-gareca-en-la-mira\/"},"wordCount":182,"commentCount":0,"publisher":{"@id":"https:\/\/www.eldiario.net\/portal\/#organization"},"image":{"@id":"https:\/\/www.eldiario.net\/portal\/2024\/06\/21\/peru-y-chile-se-ven-las-caras-con-gareca-en-la-mira\/#primaryimage"},"thumbnailUrl":"https:\/\/www.eldiario.net\/portal\/wp-content\/uploads\/2024\/06\/peru-chile.jpg","articleSection":["Deportes"],"inLanguage":"es","potentialAction":[{"@type":"CommentAction","name":"Comment","target":["https:\/\/www.eldiario.net\/portal\/2024\/06\/21\/peru-y-chile-se-ven-las-caras-con-gareca-en-la-mira\/#respond"]}]},{"@type":"WebPage","@id":"https:\/\/www.eldiario.net\/portal\/2024\/06\/21\/peru-y-chile-se-ven-las-caras-con-gareca-en-la-mira\/","url":"https:\/\/www.eldiario.net\/portal\/2024\/06\/21\/peru-y-chile-se-ven-las-caras-con-gareca-en-la-mira\/","name":"Per\u00fa y Chile se ven las caras con Gareca en la mira - El Diario - Bolivia","isPartOf":{"@id":"https:\/\/www.eldiario.net\/portal\/#website"},"primaryImageOfPage":{"@id":"https:\/\/www.eldiario.net\/portal\/2024\/06\/21\/peru-y-chile-se-ven-las-caras-con-gareca-en-la-mira\/#primaryimage"},"image":{"@id":"https:\/\/www.eldiario.net\/portal\/2024\/06\/21\/peru-y-chile-se-ven-las-caras-con-gareca-en-la-mira\/#primaryimage"},"thumbnailUrl":"https:\/\/www.eldiario.net\/portal\/wp-content\/uploads\/2024\/06\/peru-chile.jpg","datePublished":"2024-06-21T10:09:14+00:00","breadcrumb":{"@id":"https:\/\/www.eldiario.net\/portal\/2024\/06\/21\/peru-y-chile-se-ven-las-caras-con-gareca-en-la-mira\/#breadcrumb"},"inLanguage":"es","potentialAction":[{"@type":"ReadAction","target":["https:\/\/www.eldiario.net\/portal\/2024\/06\/21\/peru-y-chile-se-ven-las-caras-con-gareca-en-la-mira\/"]}]},{"@type":"ImageObject","inLanguage":"es","@id":"https:\/\/www.eldiario.net\/portal\/2024\/06\/21\/peru-y-chile-se-ven-las-caras-con-gareca-en-la-mira\/#primaryimage","url":"https:\/\/www.eldiario.net\/portal\/wp-content\/uploads\/2024\/06\/peru-chile.jpg","contentUrl":"https:\/\/www.eldiario.net\/portal\/wp-content\/uploads\/2024\/06\/peru-chile.jpg","width":798,"height":530},{"@type":"BreadcrumbList","@id":"https:\/\/www.eldiario.net\/portal\/2024\/06\/21\/peru-y-chile-se-ven-las-caras-con-gareca-en-la-mira\/#breadcrumb","itemListElement":[{"@type":"ListItem","position":1,"name":"Portada","item":"https:\/\/www.eldiario.net\/portal\/"},{"@type":"ListItem","position":2,"name":"Per\u00fa y Chile se ven las caras con Gareca en la mira"}]},{"@type":"WebSite","@id":"https:\/\/www.eldiario.net\/portal\/#website","url":"https:\/\/www.eldiario.net\/portal\/","name":"El Diario - Decano de la prensa nacional","description":"El Diario - Decano de la prensa nacional","publisher":{"@id":"https:\/\/www.eldiario.net\/portal\/#organization"},"potentialAction":[{"@type":"SearchAction","target":{"@type":"EntryPoint","urlTemplate":"https:\/\/www.eldiario.net\/portal\/?s={search_term_string}"},"query-input":{"@type":"PropertyValueSpecification","valueRequired":true,"valueName":"search_term_string"}}],"inLanguage":"es"},{"@type":"Organization","@id":"https:\/\/www.eldiario.net\/portal\/#organization","name":"El Diario - Decano de la prensa nacional","url":"https:\/\/www.eldiario.net\/portal\/","logo":{"@type":"ImageObject","inLanguage":"es","@id":"https:\/\/www.eldiario.net\/portal\/#\/schema\/logo\/image\/","url":"https:\/\/www.eldiario.net\/portal\/wp-content\/uploads\/2023\/07\/logo_ED.jpg","contentUrl":"https:\/\/www.eldiario.net\/portal\/wp-content\/uploads\/2023\/07\/logo_ED.jpg","width":272,"height":52,"caption":"El Diario - Decano de la prensa nacional"},"image":{"@id":"https:\/\/www.eldiario.net\/portal\/#\/schema\/logo\/image\/"},"sameAs":["https:\/\/www.facebook.com\/eldiario.bolivia\/","https:\/\/x.com\/eldiario_net"]},{"@type":"Person","@id":"https:\/\/www.eldiario.net\/portal\/#\/schema\/person\/f46445640444750d7d753ccd04ae01b7","name":"Jeanette","image":{"@type":"ImageObject","inLanguage":"es","@id":"https:\/\/secure.gravatar.com\/avatar\/3ea2118a5f7dad2b7138b1187a6b7ee55f160b9968b66013c3a3ef39dd7e5798?s=96&d=mm&r=g","url":"https:\/\/secure.gravatar.com\/avatar\/3ea2118a5f7dad2b7138b1187a6b7ee55f160b9968b66013c3a3ef39dd7e5798?s=96&d=mm&r=g","contentUrl":"https:\/\/secure.gravatar.com\/avatar\/3ea2118a5f7dad2b7138b1187a6b7ee55f160b9968b66013c3a3ef39dd7e5798?s=96&d=mm&r=g","caption":"Jeanette"},"sameAs":["https:\/\/www.eldiario.net\/portal"],"url":"https:\/\/www.eldiario.net\/portal\/author\/jeanette\/"}]}},"_links":{"self":[{"href":"https:\/\/www.eldiario.net\/portal\/wp-json\/wp\/v2\/posts\/228589","targetHints":{"allow":["GET"]}}],"collection":[{"href":"https:\/\/www.eldiario.net\/portal\/wp-json\/wp\/v2\/posts"}],"about":[{"href":"https:\/\/www.eldiario.net\/portal\/wp-json\/wp\/v2\/types\/post"}],"author":[{"embeddable":true,"href":"https:\/\/www.eldiario.net\/portal\/wp-json\/wp\/v2\/users\/1"}],"replies":[{"embeddable":true,"href":"https:\/\/www.eldiario.net\/portal\/wp-json\/wp\/v2\/comments?post=228589"}],"version-history":[{"count":1,"href":"https:\/\/www.eldiario.net\/portal\/wp-json\/wp\/v2\/posts\/228589\/revisions"}],"predecessor-version":[{"id":228591,"href":"https:\/\/www.eldiario.net\/portal\/wp-json\/wp\/v2\/posts\/228589\/revisions\/228591"}],"wp:featuredmedia":[{"embeddable":true,"href":"https:\/\/www.eldiario.net\/portal\/wp-json\/wp\/v2\/media\/228590"}],"wp:attachment":[{"href":"https:\/\/www.eldiario.net\/portal\/wp-json\/wp\/v2\/media?parent=228589"}],"wp:term":[{"taxonomy":"category","embeddable":true,"href":"https:\/\/www.eldiario.net\/portal\/wp-json\/wp\/v2\/categories?post=228589"},{"taxonomy":"post_tag","embeddable":true,"href":"https:\/\/www.eldiario.net\/portal\/wp-json\/wp\/v2\/tags?post=228589"}],"curies":[{"name":"wp","href":"https:\/\/api.w.org\/{rel}","templated":true}]}}