{"id":228530,"date":"2024-06-20T06:31:55","date_gmt":"2024-06-20T10:31:55","guid":{"rendered":"https:\/\/www.eldiario.net\/portal\/?p=228530"},"modified":"2024-06-20T06:31:55","modified_gmt":"2024-06-20T10:31:55","slug":"bolivia-tendra-cuatro-practicas-antes-del-debut-en-la-copa-america","status":"publish","type":"post","link":"https:\/\/www.eldiario.net\/portal\/2024\/06\/20\/bolivia-tendra-cuatro-practicas-antes-del-debut-en-la-copa-america\/","title":{"rendered":"Bolivia tendr\u00e1 cuatro pr\u00e1cticas antes del debut en la Copa Am\u00e9rica"},"content":{"rendered":"<div dir=\"auto\">La selecci\u00f3n boliviana de f\u00fatbol lleg\u00f3 ayer a Arlington, Dallas, y de inmediato se instal\u00f3 en el Omni Hotels Resorts.\u00a0 Algunos jugadores se sometieron a las pruebas de doping, controles que dispone la Conmebol antes de encarar la Copa Am\u00e9rica, Estados Unidos 2024.<\/div>\n<div dir=\"auto\"><\/div>\n<div dir=\"auto\">Al mando de Antonio Carlos Zago, la selecci\u00f3n nacional tendr\u00e1 cuatro entrenamientos m\u00e1s en las canchas del Dallas College Brookhaven, seg\u00fan la agenda de trabajo que dio a conocer el equipo de comunicaciones de la Verde, donde el brasile\u00f1o comenzar\u00e1 a delinear el equipo titular para encarar el debut en el torneo internacional frente al equipo de Estados Unidos, este domingo 23 de junio, en el AT&amp;T Stadium de Arlington, a las 18:00 HB.<\/div>\n<div dir=\"auto\"><\/div>\n<div dir=\"auto\">El preparador f\u00edsico de la selecci\u00f3n absoluta, Rodrigo Gambaro, se\u00f1al\u00f3 que Zago cuenta con equipo completo para enfrentar al equipo de las Barras y las Estrellas.<\/div>\n<div dir=\"auto\"><\/div>\n<div dir=\"auto\">\u00abEstamos manejando todas las cargas y gracias a dios no tenemos ning\u00fan problema para el estreno\u00bb, se\u00f1al\u00f3 el colaborador del entrenador.<\/div>\n<div dir=\"auto\">Bolivia forma parte del Grupo C de la Copa Am\u00e9rica 2024, en el que tambi\u00e9n est\u00e1 el anfitri\u00f3n Estados Unidos, Uruguay y Panam\u00e1.<\/div>\n","protected":false},"excerpt":{"rendered":"<p>La selecci\u00f3n boliviana de f\u00fatbol lleg\u00f3 ayer a Arlington, Dallas, y de inmediato se instal\u00f3 en el Omni Hotels Resorts.\u00a0 Algunos jugadores se sometieron a las pruebas de doping, controles que dispone la Conmebol antes de encarar la Copa Am\u00e9rica, Estados Unidos 2024. Al mando de Antonio Carlos Zago, la selecci\u00f3n nacional tendr\u00e1 cuatro entrenamientos [&hellip;]<\/p>\n","protected":false},"author":1,"featured_media":228531,"comment_status":"open","ping_status":"open","sticky":false,"template":"","format":"standard","meta":{"_acf_changed":false,"footnotes":""},"categories":[6],"tags":[],"class_list":["post-228530","post","type-post","status-publish","format-standard","has-post-thumbnail","category-deportes"],"acf":{"antetitulo":""},"yoast_head":"<!-- This site is optimized with the Yoast SEO plugin v28.3 - https:\/\/yoast.com\/product\/yoast-seo-wordpress\/ -->\n<title>Bolivia tendr\u00e1 cuatro pr\u00e1cticas antes del debut en la Copa Am\u00e9rica - El Diario - Bolivia<\/title>\n<meta name=\"robots\" content=\"index, follow, max-snippet:-1, max-image-preview:large, max-video-preview:-1\" \/>\n<link rel=\"canonical\" href=\"https:\/\/www.eldiario.net\/portal\/2024\/06\/20\/bolivia-tendra-cuatro-practicas-antes-del-debut-en-la-copa-america\/\" \/>\n<meta property=\"og:locale\" content=\"es_ES\" \/>\n<meta property=\"og:type\" content=\"article\" \/>\n<meta property=\"og:title\" content=\"Bolivia tendr\u00e1 cuatro pr\u00e1cticas antes del debut en la Copa Am\u00e9rica - El Diario - Bolivia\" \/>\n<meta property=\"og:description\" content=\"La selecci\u00f3n boliviana de f\u00fatbol lleg\u00f3 ayer a Arlington, Dallas, y de inmediato se instal\u00f3 en el Omni Hotels Resorts.\u00a0 Algunos jugadores se sometieron a las pruebas de doping, controles que dispone la Conmebol antes de encarar la Copa Am\u00e9rica, Estados Unidos 2024. Al mando de Antonio Carlos Zago, la selecci\u00f3n nacional tendr\u00e1 cuatro entrenamientos [&hellip;]\" \/>\n<meta property=\"og:url\" content=\"https:\/\/www.eldiario.net\/portal\/2024\/06\/20\/bolivia-tendra-cuatro-practicas-antes-del-debut-en-la-copa-america\/\" \/>\n<meta property=\"og:site_name\" content=\"El Diario - Bolivia\" \/>\n<meta property=\"article:publisher\" content=\"https:\/\/www.facebook.com\/eldiario.bolivia\/\" \/>\n<meta property=\"article:published_time\" content=\"2024-06-20T10:31:55+00:00\" \/>\n<meta property=\"og:image\" content=\"https:\/\/www.eldiario.net\/portal\/wp-content\/uploads\/2024\/06\/IMG-20240619-WA0115.jpg\" \/>\n\t<meta property=\"og:image:width\" content=\"1440\" \/>\n\t<meta property=\"og:image:height\" content=\"957\" \/>\n\t<meta property=\"og:image:type\" content=\"image\/jpeg\" \/>\n<meta name=\"author\" content=\"Jeanette\" \/>\n<meta name=\"twitter:card\" content=\"summary_large_image\" \/>\n<meta name=\"twitter:creator\" content=\"@eldiario_net\" \/>\n<meta name=\"twitter:site\" content=\"@eldiario_net\" \/>\n<meta name=\"twitter:label1\" content=\"Escrito por\" \/>\n\t<meta name=\"twitter:data1\" content=\"Jeanette\" \/>\n\t<meta name=\"twitter:label2\" content=\"Tiempo de lectura\" \/>\n\t<meta name=\"twitter:data2\" content=\"2 minutos\" \/>\n<script type=\"application\/ld+json\" class=\"yoast-schema-graph\">{\"@context\":\"https:\\\/\\\/schema.org\",\"@graph\":[{\"@type\":\"Article\",\"@id\":\"https:\\\/\\\/www.eldiario.net\\\/portal\\\/2024\\\/06\\\/20\\\/bolivia-tendra-cuatro-practicas-antes-del-debut-en-la-copa-america\\\/#article\",\"isPartOf\":{\"@id\":\"https:\\\/\\\/www.eldiario.net\\\/portal\\\/2024\\\/06\\\/20\\\/bolivia-tendra-cuatro-practicas-antes-del-debut-en-la-copa-america\\\/\"},\"author\":{\"name\":\"Jeanette\",\"@id\":\"https:\\\/\\\/www.eldiario.net\\\/portal\\\/#\\\/schema\\\/person\\\/f46445640444750d7d753ccd04ae01b7\"},\"headline\":\"Bolivia tendr\u00e1 cuatro pr\u00e1cticas antes del debut en la Copa Am\u00e9rica\",\"datePublished\":\"2024-06-20T10:31:55+00:00\",\"mainEntityOfPage\":{\"@id\":\"https:\\\/\\\/www.eldiario.net\\\/portal\\\/2024\\\/06\\\/20\\\/bolivia-tendra-cuatro-practicas-antes-del-debut-en-la-copa-america\\\/\"},\"wordCount\":213,\"commentCount\":0,\"publisher\":{\"@id\":\"https:\\\/\\\/www.eldiario.net\\\/portal\\\/#organization\"},\"image\":{\"@id\":\"https:\\\/\\\/www.eldiario.net\\\/portal\\\/2024\\\/06\\\/20\\\/bolivia-tendra-cuatro-practicas-antes-del-debut-en-la-copa-america\\\/#primaryimage\"},\"thumbnailUrl\":\"https:\\\/\\\/www.eldiario.net\\\/portal\\\/wp-content\\\/uploads\\\/2024\\\/06\\\/IMG-20240619-WA0115.jpg\",\"articleSection\":[\"Deportes\"],\"inLanguage\":\"es\",\"potentialAction\":[{\"@type\":\"CommentAction\",\"name\":\"Comment\",\"target\":[\"https:\\\/\\\/www.eldiario.net\\\/portal\\\/2024\\\/06\\\/20\\\/bolivia-tendra-cuatro-practicas-antes-del-debut-en-la-copa-america\\\/#respond\"]}]},{\"@type\":\"WebPage\",\"@id\":\"https:\\\/\\\/www.eldiario.net\\\/portal\\\/2024\\\/06\\\/20\\\/bolivia-tendra-cuatro-practicas-antes-del-debut-en-la-copa-america\\\/\",\"url\":\"https:\\\/\\\/www.eldiario.net\\\/portal\\\/2024\\\/06\\\/20\\\/bolivia-tendra-cuatro-practicas-antes-del-debut-en-la-copa-america\\\/\",\"name\":\"Bolivia tendr\u00e1 cuatro pr\u00e1cticas antes del debut en la Copa Am\u00e9rica - El Diario - Bolivia\",\"isPartOf\":{\"@id\":\"https:\\\/\\\/www.eldiario.net\\\/portal\\\/#website\"},\"primaryImageOfPage\":{\"@id\":\"https:\\\/\\\/www.eldiario.net\\\/portal\\\/2024\\\/06\\\/20\\\/bolivia-tendra-cuatro-practicas-antes-del-debut-en-la-copa-america\\\/#primaryimage\"},\"image\":{\"@id\":\"https:\\\/\\\/www.eldiario.net\\\/portal\\\/2024\\\/06\\\/20\\\/bolivia-tendra-cuatro-practicas-antes-del-debut-en-la-copa-america\\\/#primaryimage\"},\"thumbnailUrl\":\"https:\\\/\\\/www.eldiario.net\\\/portal\\\/wp-content\\\/uploads\\\/2024\\\/06\\\/IMG-20240619-WA0115.jpg\",\"datePublished\":\"2024-06-20T10:31:55+00:00\",\"breadcrumb\":{\"@id\":\"https:\\\/\\\/www.eldiario.net\\\/portal\\\/2024\\\/06\\\/20\\\/bolivia-tendra-cuatro-practicas-antes-del-debut-en-la-copa-america\\\/#breadcrumb\"},\"inLanguage\":\"es\",\"potentialAction\":[{\"@type\":\"ReadAction\",\"target\":[\"https:\\\/\\\/www.eldiario.net\\\/portal\\\/2024\\\/06\\\/20\\\/bolivia-tendra-cuatro-practicas-antes-del-debut-en-la-copa-america\\\/\"]}]},{\"@type\":\"ImageObject\",\"inLanguage\":\"es\",\"@id\":\"https:\\\/\\\/www.eldiario.net\\\/portal\\\/2024\\\/06\\\/20\\\/bolivia-tendra-cuatro-practicas-antes-del-debut-en-la-copa-america\\\/#primaryimage\",\"url\":\"https:\\\/\\\/www.eldiario.net\\\/portal\\\/wp-content\\\/uploads\\\/2024\\\/06\\\/IMG-20240619-WA0115.jpg\",\"contentUrl\":\"https:\\\/\\\/www.eldiario.net\\\/portal\\\/wp-content\\\/uploads\\\/2024\\\/06\\\/IMG-20240619-WA0115.jpg\",\"width\":1440,\"height\":957},{\"@type\":\"BreadcrumbList\",\"@id\":\"https:\\\/\\\/www.eldiario.net\\\/portal\\\/2024\\\/06\\\/20\\\/bolivia-tendra-cuatro-practicas-antes-del-debut-en-la-copa-america\\\/#breadcrumb\",\"itemListElement\":[{\"@type\":\"ListItem\",\"position\":1,\"name\":\"Portada\",\"item\":\"https:\\\/\\\/www.eldiario.net\\\/portal\\\/\"},{\"@type\":\"ListItem\",\"position\":2,\"name\":\"Bolivia tendr\u00e1 cuatro pr\u00e1cticas antes del debut en la Copa Am\u00e9rica\"}]},{\"@type\":\"WebSite\",\"@id\":\"https:\\\/\\\/www.eldiario.net\\\/portal\\\/#website\",\"url\":\"https:\\\/\\\/www.eldiario.net\\\/portal\\\/\",\"name\":\"El Diario - Decano de la prensa nacional\",\"description\":\"El Diario - Decano de la prensa nacional\",\"publisher\":{\"@id\":\"https:\\\/\\\/www.eldiario.net\\\/portal\\\/#organization\"},\"potentialAction\":[{\"@type\":\"SearchAction\",\"target\":{\"@type\":\"EntryPoint\",\"urlTemplate\":\"https:\\\/\\\/www.eldiario.net\\\/portal\\\/?s={search_term_string}\"},\"query-input\":{\"@type\":\"PropertyValueSpecification\",\"valueRequired\":true,\"valueName\":\"search_term_string\"}}],\"inLanguage\":\"es\"},{\"@type\":\"Organization\",\"@id\":\"https:\\\/\\\/www.eldiario.net\\\/portal\\\/#organization\",\"name\":\"El Diario - Decano de la prensa nacional\",\"url\":\"https:\\\/\\\/www.eldiario.net\\\/portal\\\/\",\"logo\":{\"@type\":\"ImageObject\",\"inLanguage\":\"es\",\"@id\":\"https:\\\/\\\/www.eldiario.net\\\/portal\\\/#\\\/schema\\\/logo\\\/image\\\/\",\"url\":\"https:\\\/\\\/www.eldiario.net\\\/portal\\\/wp-content\\\/uploads\\\/2023\\\/07\\\/logo_ED.jpg\",\"contentUrl\":\"https:\\\/\\\/www.eldiario.net\\\/portal\\\/wp-content\\\/uploads\\\/2023\\\/07\\\/logo_ED.jpg\",\"width\":272,\"height\":52,\"caption\":\"El Diario - Decano de la prensa nacional\"},\"image\":{\"@id\":\"https:\\\/\\\/www.eldiario.net\\\/portal\\\/#\\\/schema\\\/logo\\\/image\\\/\"},\"sameAs\":[\"https:\\\/\\\/www.facebook.com\\\/eldiario.bolivia\\\/\",\"https:\\\/\\\/x.com\\\/eldiario_net\"]},{\"@type\":\"Person\",\"@id\":\"https:\\\/\\\/www.eldiario.net\\\/portal\\\/#\\\/schema\\\/person\\\/f46445640444750d7d753ccd04ae01b7\",\"name\":\"Jeanette\",\"image\":{\"@type\":\"ImageObject\",\"inLanguage\":\"es\",\"@id\":\"https:\\\/\\\/secure.gravatar.com\\\/avatar\\\/3ea2118a5f7dad2b7138b1187a6b7ee55f160b9968b66013c3a3ef39dd7e5798?s=96&d=mm&r=g\",\"url\":\"https:\\\/\\\/secure.gravatar.com\\\/avatar\\\/3ea2118a5f7dad2b7138b1187a6b7ee55f160b9968b66013c3a3ef39dd7e5798?s=96&d=mm&r=g\",\"contentUrl\":\"https:\\\/\\\/secure.gravatar.com\\\/avatar\\\/3ea2118a5f7dad2b7138b1187a6b7ee55f160b9968b66013c3a3ef39dd7e5798?s=96&d=mm&r=g\",\"caption\":\"Jeanette\"},\"sameAs\":[\"https:\\\/\\\/www.eldiario.net\\\/portal\"],\"url\":\"https:\\\/\\\/www.eldiario.net\\\/portal\\\/author\\\/jeanette\\\/\"}]}<\/script>\n<!-- \/ Yoast SEO plugin. -->","yoast_head_json":{"title":"Bolivia tendr\u00e1 cuatro pr\u00e1cticas antes del debut en la Copa Am\u00e9rica - El Diario - Bolivia","robots":{"index":"index","follow":"follow","max-snippet":"max-snippet:-1","max-image-preview":"max-image-preview:large","max-video-preview":"max-video-preview:-1"},"canonical":"https:\/\/www.eldiario.net\/portal\/2024\/06\/20\/bolivia-tendra-cuatro-practicas-antes-del-debut-en-la-copa-america\/","og_locale":"es_ES","og_type":"article","og_title":"Bolivia tendr\u00e1 cuatro pr\u00e1cticas antes del debut en la Copa Am\u00e9rica - El Diario - Bolivia","og_description":"La selecci\u00f3n boliviana de f\u00fatbol lleg\u00f3 ayer a Arlington, Dallas, y de inmediato se instal\u00f3 en el Omni Hotels Resorts.\u00a0 Algunos jugadores se sometieron a las pruebas de doping, controles que dispone la Conmebol antes de encarar la Copa Am\u00e9rica, Estados Unidos 2024. Al mando de Antonio Carlos Zago, la selecci\u00f3n nacional tendr\u00e1 cuatro entrenamientos [&hellip;]","og_url":"https:\/\/www.eldiario.net\/portal\/2024\/06\/20\/bolivia-tendra-cuatro-practicas-antes-del-debut-en-la-copa-america\/","og_site_name":"El Diario - Bolivia","article_publisher":"https:\/\/www.facebook.com\/eldiario.bolivia\/","article_published_time":"2024-06-20T10:31:55+00:00","og_image":[{"width":1440,"height":957,"url":"https:\/\/www.eldiario.net\/portal\/wp-content\/uploads\/2024\/06\/IMG-20240619-WA0115.jpg","type":"image\/jpeg"}],"author":"Jeanette","twitter_card":"summary_large_image","twitter_creator":"@eldiario_net","twitter_site":"@eldiario_net","twitter_misc":{"Escrito por":"Jeanette","Tiempo de lectura":"2 minutos"},"schema":{"@context":"https:\/\/schema.org","@graph":[{"@type":"Article","@id":"https:\/\/www.eldiario.net\/portal\/2024\/06\/20\/bolivia-tendra-cuatro-practicas-antes-del-debut-en-la-copa-america\/#article","isPartOf":{"@id":"https:\/\/www.eldiario.net\/portal\/2024\/06\/20\/bolivia-tendra-cuatro-practicas-antes-del-debut-en-la-copa-america\/"},"author":{"name":"Jeanette","@id":"https:\/\/www.eldiario.net\/portal\/#\/schema\/person\/f46445640444750d7d753ccd04ae01b7"},"headline":"Bolivia tendr\u00e1 cuatro pr\u00e1cticas antes del debut en la Copa Am\u00e9rica","datePublished":"2024-06-20T10:31:55+00:00","mainEntityOfPage":{"@id":"https:\/\/www.eldiario.net\/portal\/2024\/06\/20\/bolivia-tendra-cuatro-practicas-antes-del-debut-en-la-copa-america\/"},"wordCount":213,"commentCount":0,"publisher":{"@id":"https:\/\/www.eldiario.net\/portal\/#organization"},"image":{"@id":"https:\/\/www.eldiario.net\/portal\/2024\/06\/20\/bolivia-tendra-cuatro-practicas-antes-del-debut-en-la-copa-america\/#primaryimage"},"thumbnailUrl":"https:\/\/www.eldiario.net\/portal\/wp-content\/uploads\/2024\/06\/IMG-20240619-WA0115.jpg","articleSection":["Deportes"],"inLanguage":"es","potentialAction":[{"@type":"CommentAction","name":"Comment","target":["https:\/\/www.eldiario.net\/portal\/2024\/06\/20\/bolivia-tendra-cuatro-practicas-antes-del-debut-en-la-copa-america\/#respond"]}]},{"@type":"WebPage","@id":"https:\/\/www.eldiario.net\/portal\/2024\/06\/20\/bolivia-tendra-cuatro-practicas-antes-del-debut-en-la-copa-america\/","url":"https:\/\/www.eldiario.net\/portal\/2024\/06\/20\/bolivia-tendra-cuatro-practicas-antes-del-debut-en-la-copa-america\/","name":"Bolivia tendr\u00e1 cuatro pr\u00e1cticas antes del debut en la Copa Am\u00e9rica - El Diario - Bolivia","isPartOf":{"@id":"https:\/\/www.eldiario.net\/portal\/#website"},"primaryImageOfPage":{"@id":"https:\/\/www.eldiario.net\/portal\/2024\/06\/20\/bolivia-tendra-cuatro-practicas-antes-del-debut-en-la-copa-america\/#primaryimage"},"image":{"@id":"https:\/\/www.eldiario.net\/portal\/2024\/06\/20\/bolivia-tendra-cuatro-practicas-antes-del-debut-en-la-copa-america\/#primaryimage"},"thumbnailUrl":"https:\/\/www.eldiario.net\/portal\/wp-content\/uploads\/2024\/06\/IMG-20240619-WA0115.jpg","datePublished":"2024-06-20T10:31:55+00:00","breadcrumb":{"@id":"https:\/\/www.eldiario.net\/portal\/2024\/06\/20\/bolivia-tendra-cuatro-practicas-antes-del-debut-en-la-copa-america\/#breadcrumb"},"inLanguage":"es","potentialAction":[{"@type":"ReadAction","target":["https:\/\/www.eldiario.net\/portal\/2024\/06\/20\/bolivia-tendra-cuatro-practicas-antes-del-debut-en-la-copa-america\/"]}]},{"@type":"ImageObject","inLanguage":"es","@id":"https:\/\/www.eldiario.net\/portal\/2024\/06\/20\/bolivia-tendra-cuatro-practicas-antes-del-debut-en-la-copa-america\/#primaryimage","url":"https:\/\/www.eldiario.net\/portal\/wp-content\/uploads\/2024\/06\/IMG-20240619-WA0115.jpg","contentUrl":"https:\/\/www.eldiario.net\/portal\/wp-content\/uploads\/2024\/06\/IMG-20240619-WA0115.jpg","width":1440,"height":957},{"@type":"BreadcrumbList","@id":"https:\/\/www.eldiario.net\/portal\/2024\/06\/20\/bolivia-tendra-cuatro-practicas-antes-del-debut-en-la-copa-america\/#breadcrumb","itemListElement":[{"@type":"ListItem","position":1,"name":"Portada","item":"https:\/\/www.eldiario.net\/portal\/"},{"@type":"ListItem","position":2,"name":"Bolivia tendr\u00e1 cuatro pr\u00e1cticas antes del debut en la Copa Am\u00e9rica"}]},{"@type":"WebSite","@id":"https:\/\/www.eldiario.net\/portal\/#website","url":"https:\/\/www.eldiario.net\/portal\/","name":"El Diario - Decano de la prensa nacional","description":"El Diario - Decano de la prensa nacional","publisher":{"@id":"https:\/\/www.eldiario.net\/portal\/#organization"},"potentialAction":[{"@type":"SearchAction","target":{"@type":"EntryPoint","urlTemplate":"https:\/\/www.eldiario.net\/portal\/?s={search_term_string}"},"query-input":{"@type":"PropertyValueSpecification","valueRequired":true,"valueName":"search_term_string"}}],"inLanguage":"es"},{"@type":"Organization","@id":"https:\/\/www.eldiario.net\/portal\/#organization","name":"El Diario - Decano de la prensa nacional","url":"https:\/\/www.eldiario.net\/portal\/","logo":{"@type":"ImageObject","inLanguage":"es","@id":"https:\/\/www.eldiario.net\/portal\/#\/schema\/logo\/image\/","url":"https:\/\/www.eldiario.net\/portal\/wp-content\/uploads\/2023\/07\/logo_ED.jpg","contentUrl":"https:\/\/www.eldiario.net\/portal\/wp-content\/uploads\/2023\/07\/logo_ED.jpg","width":272,"height":52,"caption":"El Diario - Decano de la prensa nacional"},"image":{"@id":"https:\/\/www.eldiario.net\/portal\/#\/schema\/logo\/image\/"},"sameAs":["https:\/\/www.facebook.com\/eldiario.bolivia\/","https:\/\/x.com\/eldiario_net"]},{"@type":"Person","@id":"https:\/\/www.eldiario.net\/portal\/#\/schema\/person\/f46445640444750d7d753ccd04ae01b7","name":"Jeanette","image":{"@type":"ImageObject","inLanguage":"es","@id":"https:\/\/secure.gravatar.com\/avatar\/3ea2118a5f7dad2b7138b1187a6b7ee55f160b9968b66013c3a3ef39dd7e5798?s=96&d=mm&r=g","url":"https:\/\/secure.gravatar.com\/avatar\/3ea2118a5f7dad2b7138b1187a6b7ee55f160b9968b66013c3a3ef39dd7e5798?s=96&d=mm&r=g","contentUrl":"https:\/\/secure.gravatar.com\/avatar\/3ea2118a5f7dad2b7138b1187a6b7ee55f160b9968b66013c3a3ef39dd7e5798?s=96&d=mm&r=g","caption":"Jeanette"},"sameAs":["https:\/\/www.eldiario.net\/portal"],"url":"https:\/\/www.eldiario.net\/portal\/author\/jeanette\/"}]}},"_links":{"self":[{"href":"https:\/\/www.eldiario.net\/portal\/wp-json\/wp\/v2\/posts\/228530","targetHints":{"allow":["GET"]}}],"collection":[{"href":"https:\/\/www.eldiario.net\/portal\/wp-json\/wp\/v2\/posts"}],"about":[{"href":"https:\/\/www.eldiario.net\/portal\/wp-json\/wp\/v2\/types\/post"}],"author":[{"embeddable":true,"href":"https:\/\/www.eldiario.net\/portal\/wp-json\/wp\/v2\/users\/1"}],"replies":[{"embeddable":true,"href":"https:\/\/www.eldiario.net\/portal\/wp-json\/wp\/v2\/comments?post=228530"}],"version-history":[{"count":1,"href":"https:\/\/www.eldiario.net\/portal\/wp-json\/wp\/v2\/posts\/228530\/revisions"}],"predecessor-version":[{"id":228532,"href":"https:\/\/www.eldiario.net\/portal\/wp-json\/wp\/v2\/posts\/228530\/revisions\/228532"}],"wp:featuredmedia":[{"embeddable":true,"href":"https:\/\/www.eldiario.net\/portal\/wp-json\/wp\/v2\/media\/228531"}],"wp:attachment":[{"href":"https:\/\/www.eldiario.net\/portal\/wp-json\/wp\/v2\/media?parent=228530"}],"wp:term":[{"taxonomy":"category","embeddable":true,"href":"https:\/\/www.eldiario.net\/portal\/wp-json\/wp\/v2\/categories?post=228530"},{"taxonomy":"post_tag","embeddable":true,"href":"https:\/\/www.eldiario.net\/portal\/wp-json\/wp\/v2\/tags?post=228530"}],"curies":[{"name":"wp","href":"https:\/\/api.w.org\/{rel}","templated":true}]}}