{"id":228387,"date":"2024-06-20T05:51:23","date_gmt":"2024-06-20T09:51:23","guid":{"rendered":"https:\/\/www.eldiario.net\/portal\/?p=228387"},"modified":"2024-06-20T05:51:23","modified_gmt":"2024-06-20T09:51:23","slug":"precios-de-alimentos-y-productos-que-se-incrementan-no-bajan","status":"publish","type":"post","link":"https:\/\/www.eldiario.net\/portal\/2024\/06\/20\/precios-de-alimentos-y-productos-que-se-incrementan-no-bajan\/","title":{"rendered":"Precios de alimentos y productos que se incrementan no bajan"},"content":{"rendered":"<p>La ciudadan\u00eda en general coincidi\u00f3 en que los productos que subieron de precios nunca bajan y de esa manera el costo de vida se incrementa, lo que afecta a la econom\u00eda de las familias.<\/p>\n<p>Esta situaci\u00f3n se volvi\u00f3 recurrente durante los \u00faltimos meses, indicaron las personas que fueron consultadas por EL DIARIO ayer en un sondeo de opini\u00f3n que se realiz\u00f3 en el mercado Rodr\u00edguez, Miraflores, Villa F\u00e1tima y Chasquipampa.<\/p>\n<p>\u201cLas cosas que suben jam\u00e1s bajan de precio, ya sea en los mercados, tiendas o inclusive supermercados\u201d, coincidieron en se\u00f1alar los entrevistados, que prefirieron no dar a conocer sus nombres.<\/p>\n<p>Solo por hacer referencia a esto, por ejemplo, el kilo de la carne de cerdo subi\u00f3 en los \u00faltimos d\u00edas hasta en tres bolivianos, las vendedoras del mercado Rodr\u00edguez atribuyen la subida a la falta de di\u00e9sel y d\u00f3lares, y porque supuestamente los productores prefieren venderlo en la frontera con Per\u00fa para conseguir la divisa estadounidense.<\/p>\n<p>El precio del kilo de la pierna de chancho sol\u00eda estar en 22 bolivianos, pero ahora trep\u00f3 a 25 bolivianos. La chuleta, que antes costaba entre 26 y 27 bolivianos, ahora est\u00e1 en 29. La costilla, que estaba en 27 bolivianos por kilo, ahora est\u00e1 en 30.<\/p>\n<p>Otro factor que tambi\u00e9n aumenta el precio de la carne de cerdo, seg\u00fan las vendedoras, es la falta de di\u00e9sel en Santa Cruz, donde se cr\u00edan chanchos de manera masiva. Adem\u00e1s, de la necesidad de los d\u00f3lares para la compra de medicamentos que se necesita para la crianza de cerdos.<\/p>\n<p>\u201cLas vacunas para los cerditos las compran en d\u00f3lares es por eso que ha empezado a subir el precio (del kilo de carne de cerdo)\u201d, afirma Ang\u00e9lica, quien indica que desde hace una semana se vio el incremento de este producto en mercados pace\u00f1os.<\/p>\n<p>CARNE DE POLLO<\/p>\n<p>Otro producto que tambi\u00e9n ha incrementado su precio es la carne de pollo. El kilo, que sol\u00eda estar a 13,50 o 14 bolivianos, ahora cuesta entre 15,80 y 16 bolivianos.<\/p>\n<p>\u201cAntes vend\u00edamos a 14 bolivianos, ahora est\u00e1 en 16, pero siempre es as\u00ed en esta \u00e9poca: junio, julio hasta agosto, una vez pase el fr\u00edo va a empezar a bajar\u201d, afirm\u00f3 una de las vendedoras en el mercado Rodr\u00edguez.\u00a0 En cuanto a la carne de res, el precio no ha aumentado.<\/p>\n<p>Ante esta situaci\u00f3n y conocidas las causas (falta de di\u00e9sel y d\u00f3lares), el Gobierno hasta el momento no tom\u00f3 medidas efectivas para controlar la subida de precios, que tambi\u00e9n afecta a los medicamentos y casi todo lo que se vende.<\/p>\n<p>Urge que el \u00d3rgano Ejecutivo sea sincero con la poblaci\u00f3n, reconozca la crisis econ\u00f3mica que atraviesa el pa\u00eds e implemente medidas concretas y efectivas para frenar la misma, a fin de que no se afronte, en breve, situaciones extremas, afirmaron analistas en repetidas oportunidades. (EL DIARIO\/Br\u00fajula Digital)<\/p>\n","protected":false},"excerpt":{"rendered":"<p>La ciudadan\u00eda en general coincidi\u00f3 en que los productos que subieron de precios nunca bajan y de esa manera el costo de vida se incrementa, lo que afecta a la econom\u00eda de las familias. Esta situaci\u00f3n se volvi\u00f3 recurrente durante los \u00faltimos meses, indicaron las personas que fueron consultadas por EL DIARIO ayer en un [&hellip;]<\/p>\n","protected":false},"author":1,"featured_media":228388,"comment_status":"open","ping_status":"open","sticky":false,"template":"","format":"standard","meta":{"_acf_changed":false,"footnotes":""},"categories":[15],"tags":[],"class_list":["post-228387","post","type-post","status-publish","format-standard","has-post-thumbnail","category-portada"],"acf":{"antetitulo":"Sondeo de EL DIARIO"},"yoast_head":"<!-- This site is optimized with the Yoast SEO plugin v28.4 - https:\/\/yoast.com\/product\/yoast-seo-wordpress\/ -->\n<title>Precios de alimentos y productos que se incrementan no bajan - El Diario - Bolivia<\/title>\n<meta name=\"robots\" content=\"index, follow, max-snippet:-1, max-image-preview:large, max-video-preview:-1\" \/>\n<link rel=\"canonical\" href=\"https:\/\/www.eldiario.net\/portal\/2024\/06\/20\/precios-de-alimentos-y-productos-que-se-incrementan-no-bajan\/\" \/>\n<meta property=\"og:locale\" content=\"es_ES\" \/>\n<meta property=\"og:type\" content=\"article\" \/>\n<meta property=\"og:title\" content=\"Precios de alimentos y productos que se incrementan no bajan - El Diario - Bolivia\" \/>\n<meta property=\"og:description\" content=\"La ciudadan\u00eda en general coincidi\u00f3 en que los productos que subieron de precios nunca bajan y de esa manera el costo de vida se incrementa, lo que afecta a la econom\u00eda de las familias. Esta situaci\u00f3n se volvi\u00f3 recurrente durante los \u00faltimos meses, indicaron las personas que fueron consultadas por EL DIARIO ayer en un [&hellip;]\" \/>\n<meta property=\"og:url\" content=\"https:\/\/www.eldiario.net\/portal\/2024\/06\/20\/precios-de-alimentos-y-productos-que-se-incrementan-no-bajan\/\" \/>\n<meta property=\"og:site_name\" content=\"El Diario - Bolivia\" \/>\n<meta property=\"article:publisher\" content=\"https:\/\/www.facebook.com\/eldiario.bolivia\/\" \/>\n<meta property=\"article:published_time\" content=\"2024-06-20T09:51:23+00:00\" \/>\n<meta property=\"og:image\" content=\"https:\/\/www.eldiario.net\/portal\/wp-content\/uploads\/2024\/06\/BAJAN-FOTO.jpeg\" \/>\n\t<meta property=\"og:image:width\" content=\"720\" \/>\n\t<meta property=\"og:image:height\" content=\"399\" \/>\n\t<meta property=\"og:image:type\" content=\"image\/jpeg\" \/>\n<meta name=\"author\" content=\"Jeanette\" \/>\n<meta name=\"twitter:card\" content=\"summary_large_image\" \/>\n<meta name=\"twitter:creator\" content=\"@eldiario_net\" \/>\n<meta name=\"twitter:site\" content=\"@eldiario_net\" \/>\n<meta name=\"twitter:label1\" content=\"Escrito por\" \/>\n\t<meta name=\"twitter:data1\" content=\"Jeanette\" \/>\n\t<meta name=\"twitter:label2\" content=\"Tiempo de lectura\" \/>\n\t<meta name=\"twitter:data2\" content=\"3 minutos\" \/>\n<script type=\"application\/ld+json\" class=\"yoast-schema-graph\">{\"@context\":\"https:\\\/\\\/schema.org\",\"@graph\":[{\"@type\":\"Article\",\"@id\":\"https:\\\/\\\/www.eldiario.net\\\/portal\\\/2024\\\/06\\\/20\\\/precios-de-alimentos-y-productos-que-se-incrementan-no-bajan\\\/#article\",\"isPartOf\":{\"@id\":\"https:\\\/\\\/www.eldiario.net\\\/portal\\\/2024\\\/06\\\/20\\\/precios-de-alimentos-y-productos-que-se-incrementan-no-bajan\\\/\"},\"author\":{\"name\":\"Jeanette\",\"@id\":\"https:\\\/\\\/www.eldiario.net\\\/portal\\\/#\\\/schema\\\/person\\\/f46445640444750d7d753ccd04ae01b7\"},\"headline\":\"Precios de alimentos y productos que se incrementan no bajan\",\"datePublished\":\"2024-06-20T09:51:23+00:00\",\"mainEntityOfPage\":{\"@id\":\"https:\\\/\\\/www.eldiario.net\\\/portal\\\/2024\\\/06\\\/20\\\/precios-de-alimentos-y-productos-que-se-incrementan-no-bajan\\\/\"},\"wordCount\":501,\"commentCount\":0,\"publisher\":{\"@id\":\"https:\\\/\\\/www.eldiario.net\\\/portal\\\/#organization\"},\"image\":{\"@id\":\"https:\\\/\\\/www.eldiario.net\\\/portal\\\/2024\\\/06\\\/20\\\/precios-de-alimentos-y-productos-que-se-incrementan-no-bajan\\\/#primaryimage\"},\"thumbnailUrl\":\"https:\\\/\\\/www.eldiario.net\\\/portal\\\/wp-content\\\/uploads\\\/2024\\\/06\\\/BAJAN-FOTO.jpeg\",\"articleSection\":[\"Portada\"],\"inLanguage\":\"es\",\"potentialAction\":[{\"@type\":\"CommentAction\",\"name\":\"Comment\",\"target\":[\"https:\\\/\\\/www.eldiario.net\\\/portal\\\/2024\\\/06\\\/20\\\/precios-de-alimentos-y-productos-que-se-incrementan-no-bajan\\\/#respond\"]}]},{\"@type\":\"WebPage\",\"@id\":\"https:\\\/\\\/www.eldiario.net\\\/portal\\\/2024\\\/06\\\/20\\\/precios-de-alimentos-y-productos-que-se-incrementan-no-bajan\\\/\",\"url\":\"https:\\\/\\\/www.eldiario.net\\\/portal\\\/2024\\\/06\\\/20\\\/precios-de-alimentos-y-productos-que-se-incrementan-no-bajan\\\/\",\"name\":\"Precios de alimentos y productos que se incrementan no bajan - El Diario - Bolivia\",\"isPartOf\":{\"@id\":\"https:\\\/\\\/www.eldiario.net\\\/portal\\\/#website\"},\"primaryImageOfPage\":{\"@id\":\"https:\\\/\\\/www.eldiario.net\\\/portal\\\/2024\\\/06\\\/20\\\/precios-de-alimentos-y-productos-que-se-incrementan-no-bajan\\\/#primaryimage\"},\"image\":{\"@id\":\"https:\\\/\\\/www.eldiario.net\\\/portal\\\/2024\\\/06\\\/20\\\/precios-de-alimentos-y-productos-que-se-incrementan-no-bajan\\\/#primaryimage\"},\"thumbnailUrl\":\"https:\\\/\\\/www.eldiario.net\\\/portal\\\/wp-content\\\/uploads\\\/2024\\\/06\\\/BAJAN-FOTO.jpeg\",\"datePublished\":\"2024-06-20T09:51:23+00:00\",\"breadcrumb\":{\"@id\":\"https:\\\/\\\/www.eldiario.net\\\/portal\\\/2024\\\/06\\\/20\\\/precios-de-alimentos-y-productos-que-se-incrementan-no-bajan\\\/#breadcrumb\"},\"inLanguage\":\"es\",\"potentialAction\":[{\"@type\":\"ReadAction\",\"target\":[\"https:\\\/\\\/www.eldiario.net\\\/portal\\\/2024\\\/06\\\/20\\\/precios-de-alimentos-y-productos-que-se-incrementan-no-bajan\\\/\"]}]},{\"@type\":\"ImageObject\",\"inLanguage\":\"es\",\"@id\":\"https:\\\/\\\/www.eldiario.net\\\/portal\\\/2024\\\/06\\\/20\\\/precios-de-alimentos-y-productos-que-se-incrementan-no-bajan\\\/#primaryimage\",\"url\":\"https:\\\/\\\/www.eldiario.net\\\/portal\\\/wp-content\\\/uploads\\\/2024\\\/06\\\/BAJAN-FOTO.jpeg\",\"contentUrl\":\"https:\\\/\\\/www.eldiario.net\\\/portal\\\/wp-content\\\/uploads\\\/2024\\\/06\\\/BAJAN-FOTO.jpeg\",\"width\":720,\"height\":399,\"caption\":\"El sector de carne en el mercado Rodr\u00edguez. Foto: BS\"},{\"@type\":\"BreadcrumbList\",\"@id\":\"https:\\\/\\\/www.eldiario.net\\\/portal\\\/2024\\\/06\\\/20\\\/precios-de-alimentos-y-productos-que-se-incrementan-no-bajan\\\/#breadcrumb\",\"itemListElement\":[{\"@type\":\"ListItem\",\"position\":1,\"name\":\"Portada\",\"item\":\"https:\\\/\\\/www.eldiario.net\\\/portal\\\/\"},{\"@type\":\"ListItem\",\"position\":2,\"name\":\"Precios de alimentos y productos que se incrementan no bajan\"}]},{\"@type\":\"WebSite\",\"@id\":\"https:\\\/\\\/www.eldiario.net\\\/portal\\\/#website\",\"url\":\"https:\\\/\\\/www.eldiario.net\\\/portal\\\/\",\"name\":\"El Diario - Decano de la prensa nacional\",\"description\":\"El Diario - Decano de la prensa nacional\",\"publisher\":{\"@id\":\"https:\\\/\\\/www.eldiario.net\\\/portal\\\/#organization\"},\"potentialAction\":[{\"@type\":\"SearchAction\",\"target\":{\"@type\":\"EntryPoint\",\"urlTemplate\":\"https:\\\/\\\/www.eldiario.net\\\/portal\\\/?s={search_term_string}\"},\"query-input\":{\"@type\":\"PropertyValueSpecification\",\"valueRequired\":true,\"valueName\":\"search_term_string\"}}],\"inLanguage\":\"es\"},{\"@type\":\"Organization\",\"@id\":\"https:\\\/\\\/www.eldiario.net\\\/portal\\\/#organization\",\"name\":\"El Diario - Decano de la prensa nacional\",\"url\":\"https:\\\/\\\/www.eldiario.net\\\/portal\\\/\",\"logo\":{\"@type\":\"ImageObject\",\"inLanguage\":\"es\",\"@id\":\"https:\\\/\\\/www.eldiario.net\\\/portal\\\/#\\\/schema\\\/logo\\\/image\\\/\",\"url\":\"https:\\\/\\\/www.eldiario.net\\\/portal\\\/wp-content\\\/uploads\\\/2023\\\/07\\\/logo_ED.jpg\",\"contentUrl\":\"https:\\\/\\\/www.eldiario.net\\\/portal\\\/wp-content\\\/uploads\\\/2023\\\/07\\\/logo_ED.jpg\",\"width\":272,\"height\":52,\"caption\":\"El Diario - Decano de la prensa nacional\"},\"image\":{\"@id\":\"https:\\\/\\\/www.eldiario.net\\\/portal\\\/#\\\/schema\\\/logo\\\/image\\\/\"},\"sameAs\":[\"https:\\\/\\\/www.facebook.com\\\/eldiario.bolivia\\\/\",\"https:\\\/\\\/x.com\\\/eldiario_net\"]},{\"@type\":\"Person\",\"@id\":\"https:\\\/\\\/www.eldiario.net\\\/portal\\\/#\\\/schema\\\/person\\\/f46445640444750d7d753ccd04ae01b7\",\"name\":\"Jeanette\",\"image\":{\"@type\":\"ImageObject\",\"inLanguage\":\"es\",\"@id\":\"https:\\\/\\\/secure.gravatar.com\\\/avatar\\\/3ea2118a5f7dad2b7138b1187a6b7ee55f160b9968b66013c3a3ef39dd7e5798?s=96&d=mm&r=g\",\"url\":\"https:\\\/\\\/secure.gravatar.com\\\/avatar\\\/3ea2118a5f7dad2b7138b1187a6b7ee55f160b9968b66013c3a3ef39dd7e5798?s=96&d=mm&r=g\",\"contentUrl\":\"https:\\\/\\\/secure.gravatar.com\\\/avatar\\\/3ea2118a5f7dad2b7138b1187a6b7ee55f160b9968b66013c3a3ef39dd7e5798?s=96&d=mm&r=g\",\"caption\":\"Jeanette\"},\"sameAs\":[\"https:\\\/\\\/www.eldiario.net\\\/portal\"],\"url\":\"https:\\\/\\\/www.eldiario.net\\\/portal\\\/author\\\/jeanette\\\/\"}]}<\/script>\n<!-- \/ Yoast SEO plugin. -->","yoast_head_json":{"title":"Precios de alimentos y productos que se incrementan no bajan - El Diario - Bolivia","robots":{"index":"index","follow":"follow","max-snippet":"max-snippet:-1","max-image-preview":"max-image-preview:large","max-video-preview":"max-video-preview:-1"},"canonical":"https:\/\/www.eldiario.net\/portal\/2024\/06\/20\/precios-de-alimentos-y-productos-que-se-incrementan-no-bajan\/","og_locale":"es_ES","og_type":"article","og_title":"Precios de alimentos y productos que se incrementan no bajan - El Diario - Bolivia","og_description":"La ciudadan\u00eda en general coincidi\u00f3 en que los productos que subieron de precios nunca bajan y de esa manera el costo de vida se incrementa, lo que afecta a la econom\u00eda de las familias. Esta situaci\u00f3n se volvi\u00f3 recurrente durante los \u00faltimos meses, indicaron las personas que fueron consultadas por EL DIARIO ayer en un [&hellip;]","og_url":"https:\/\/www.eldiario.net\/portal\/2024\/06\/20\/precios-de-alimentos-y-productos-que-se-incrementan-no-bajan\/","og_site_name":"El Diario - Bolivia","article_publisher":"https:\/\/www.facebook.com\/eldiario.bolivia\/","article_published_time":"2024-06-20T09:51:23+00:00","og_image":[{"width":720,"height":399,"url":"https:\/\/www.eldiario.net\/portal\/wp-content\/uploads\/2024\/06\/BAJAN-FOTO.jpeg","type":"image\/jpeg"}],"author":"Jeanette","twitter_card":"summary_large_image","twitter_creator":"@eldiario_net","twitter_site":"@eldiario_net","twitter_misc":{"Escrito por":"Jeanette","Tiempo de lectura":"3 minutos"},"schema":{"@context":"https:\/\/schema.org","@graph":[{"@type":"Article","@id":"https:\/\/www.eldiario.net\/portal\/2024\/06\/20\/precios-de-alimentos-y-productos-que-se-incrementan-no-bajan\/#article","isPartOf":{"@id":"https:\/\/www.eldiario.net\/portal\/2024\/06\/20\/precios-de-alimentos-y-productos-que-se-incrementan-no-bajan\/"},"author":{"name":"Jeanette","@id":"https:\/\/www.eldiario.net\/portal\/#\/schema\/person\/f46445640444750d7d753ccd04ae01b7"},"headline":"Precios de alimentos y productos que se incrementan no bajan","datePublished":"2024-06-20T09:51:23+00:00","mainEntityOfPage":{"@id":"https:\/\/www.eldiario.net\/portal\/2024\/06\/20\/precios-de-alimentos-y-productos-que-se-incrementan-no-bajan\/"},"wordCount":501,"commentCount":0,"publisher":{"@id":"https:\/\/www.eldiario.net\/portal\/#organization"},"image":{"@id":"https:\/\/www.eldiario.net\/portal\/2024\/06\/20\/precios-de-alimentos-y-productos-que-se-incrementan-no-bajan\/#primaryimage"},"thumbnailUrl":"https:\/\/www.eldiario.net\/portal\/wp-content\/uploads\/2024\/06\/BAJAN-FOTO.jpeg","articleSection":["Portada"],"inLanguage":"es","potentialAction":[{"@type":"CommentAction","name":"Comment","target":["https:\/\/www.eldiario.net\/portal\/2024\/06\/20\/precios-de-alimentos-y-productos-que-se-incrementan-no-bajan\/#respond"]}]},{"@type":"WebPage","@id":"https:\/\/www.eldiario.net\/portal\/2024\/06\/20\/precios-de-alimentos-y-productos-que-se-incrementan-no-bajan\/","url":"https:\/\/www.eldiario.net\/portal\/2024\/06\/20\/precios-de-alimentos-y-productos-que-se-incrementan-no-bajan\/","name":"Precios de alimentos y productos que se incrementan no bajan - El Diario - Bolivia","isPartOf":{"@id":"https:\/\/www.eldiario.net\/portal\/#website"},"primaryImageOfPage":{"@id":"https:\/\/www.eldiario.net\/portal\/2024\/06\/20\/precios-de-alimentos-y-productos-que-se-incrementan-no-bajan\/#primaryimage"},"image":{"@id":"https:\/\/www.eldiario.net\/portal\/2024\/06\/20\/precios-de-alimentos-y-productos-que-se-incrementan-no-bajan\/#primaryimage"},"thumbnailUrl":"https:\/\/www.eldiario.net\/portal\/wp-content\/uploads\/2024\/06\/BAJAN-FOTO.jpeg","datePublished":"2024-06-20T09:51:23+00:00","breadcrumb":{"@id":"https:\/\/www.eldiario.net\/portal\/2024\/06\/20\/precios-de-alimentos-y-productos-que-se-incrementan-no-bajan\/#breadcrumb"},"inLanguage":"es","potentialAction":[{"@type":"ReadAction","target":["https:\/\/www.eldiario.net\/portal\/2024\/06\/20\/precios-de-alimentos-y-productos-que-se-incrementan-no-bajan\/"]}]},{"@type":"ImageObject","inLanguage":"es","@id":"https:\/\/www.eldiario.net\/portal\/2024\/06\/20\/precios-de-alimentos-y-productos-que-se-incrementan-no-bajan\/#primaryimage","url":"https:\/\/www.eldiario.net\/portal\/wp-content\/uploads\/2024\/06\/BAJAN-FOTO.jpeg","contentUrl":"https:\/\/www.eldiario.net\/portal\/wp-content\/uploads\/2024\/06\/BAJAN-FOTO.jpeg","width":720,"height":399,"caption":"El sector de carne en el mercado Rodr\u00edguez. Foto: BS"},{"@type":"BreadcrumbList","@id":"https:\/\/www.eldiario.net\/portal\/2024\/06\/20\/precios-de-alimentos-y-productos-que-se-incrementan-no-bajan\/#breadcrumb","itemListElement":[{"@type":"ListItem","position":1,"name":"Portada","item":"https:\/\/www.eldiario.net\/portal\/"},{"@type":"ListItem","position":2,"name":"Precios de alimentos y productos que se incrementan no bajan"}]},{"@type":"WebSite","@id":"https:\/\/www.eldiario.net\/portal\/#website","url":"https:\/\/www.eldiario.net\/portal\/","name":"El Diario - Decano de la prensa nacional","description":"El Diario - Decano de la prensa nacional","publisher":{"@id":"https:\/\/www.eldiario.net\/portal\/#organization"},"potentialAction":[{"@type":"SearchAction","target":{"@type":"EntryPoint","urlTemplate":"https:\/\/www.eldiario.net\/portal\/?s={search_term_string}"},"query-input":{"@type":"PropertyValueSpecification","valueRequired":true,"valueName":"search_term_string"}}],"inLanguage":"es"},{"@type":"Organization","@id":"https:\/\/www.eldiario.net\/portal\/#organization","name":"El Diario - Decano de la prensa nacional","url":"https:\/\/www.eldiario.net\/portal\/","logo":{"@type":"ImageObject","inLanguage":"es","@id":"https:\/\/www.eldiario.net\/portal\/#\/schema\/logo\/image\/","url":"https:\/\/www.eldiario.net\/portal\/wp-content\/uploads\/2023\/07\/logo_ED.jpg","contentUrl":"https:\/\/www.eldiario.net\/portal\/wp-content\/uploads\/2023\/07\/logo_ED.jpg","width":272,"height":52,"caption":"El Diario - Decano de la prensa nacional"},"image":{"@id":"https:\/\/www.eldiario.net\/portal\/#\/schema\/logo\/image\/"},"sameAs":["https:\/\/www.facebook.com\/eldiario.bolivia\/","https:\/\/x.com\/eldiario_net"]},{"@type":"Person","@id":"https:\/\/www.eldiario.net\/portal\/#\/schema\/person\/f46445640444750d7d753ccd04ae01b7","name":"Jeanette","image":{"@type":"ImageObject","inLanguage":"es","@id":"https:\/\/secure.gravatar.com\/avatar\/3ea2118a5f7dad2b7138b1187a6b7ee55f160b9968b66013c3a3ef39dd7e5798?s=96&d=mm&r=g","url":"https:\/\/secure.gravatar.com\/avatar\/3ea2118a5f7dad2b7138b1187a6b7ee55f160b9968b66013c3a3ef39dd7e5798?s=96&d=mm&r=g","contentUrl":"https:\/\/secure.gravatar.com\/avatar\/3ea2118a5f7dad2b7138b1187a6b7ee55f160b9968b66013c3a3ef39dd7e5798?s=96&d=mm&r=g","caption":"Jeanette"},"sameAs":["https:\/\/www.eldiario.net\/portal"],"url":"https:\/\/www.eldiario.net\/portal\/author\/jeanette\/"}]}},"_links":{"self":[{"href":"https:\/\/www.eldiario.net\/portal\/wp-json\/wp\/v2\/posts\/228387","targetHints":{"allow":["GET"]}}],"collection":[{"href":"https:\/\/www.eldiario.net\/portal\/wp-json\/wp\/v2\/posts"}],"about":[{"href":"https:\/\/www.eldiario.net\/portal\/wp-json\/wp\/v2\/types\/post"}],"author":[{"embeddable":true,"href":"https:\/\/www.eldiario.net\/portal\/wp-json\/wp\/v2\/users\/1"}],"replies":[{"embeddable":true,"href":"https:\/\/www.eldiario.net\/portal\/wp-json\/wp\/v2\/comments?post=228387"}],"version-history":[{"count":1,"href":"https:\/\/www.eldiario.net\/portal\/wp-json\/wp\/v2\/posts\/228387\/revisions"}],"predecessor-version":[{"id":228389,"href":"https:\/\/www.eldiario.net\/portal\/wp-json\/wp\/v2\/posts\/228387\/revisions\/228389"}],"wp:featuredmedia":[{"embeddable":true,"href":"https:\/\/www.eldiario.net\/portal\/wp-json\/wp\/v2\/media\/228388"}],"wp:attachment":[{"href":"https:\/\/www.eldiario.net\/portal\/wp-json\/wp\/v2\/media?parent=228387"}],"wp:term":[{"taxonomy":"category","embeddable":true,"href":"https:\/\/www.eldiario.net\/portal\/wp-json\/wp\/v2\/categories?post=228387"},{"taxonomy":"post_tag","embeddable":true,"href":"https:\/\/www.eldiario.net\/portal\/wp-json\/wp\/v2\/tags?post=228387"}],"curies":[{"name":"wp","href":"https:\/\/api.w.org\/{rel}","templated":true}]}}