{"id":228384,"date":"2024-06-20T05:50:44","date_gmt":"2024-06-20T09:50:44","guid":{"rendered":"https:\/\/www.eldiario.net\/portal\/?p=228384"},"modified":"2024-06-20T05:50:44","modified_gmt":"2024-06-20T09:50:44","slug":"comienza-la-copa-america-por-segunda-vez-juegan-16-selecciones","status":"publish","type":"post","link":"https:\/\/www.eldiario.net\/portal\/2024\/06\/20\/comienza-la-copa-america-por-segunda-vez-juegan-16-selecciones\/","title":{"rendered":"Comienza la Copa Am\u00e9rica, por  segunda vez juegan 16 selecciones"},"content":{"rendered":"<p>El partido de hoy a las 20.00 hora boliviana en Atlanta, entre Argentina y Canad\u00e1 (Grupo A), pondr\u00e1 en marcha la cuadrag\u00e9sima octava edici\u00f3n de la Copa Am\u00e9rica de f\u00fatbol, un torneo tradicional para las 10 selecciones de la Conmebol, aunque ahora, por segunda vez en su historia, fue ampliada a 16 participantes, incluidos los 6 equipos invitados de la Concacaf.<\/p>\n<p>La vigente campeona del mundo Argentina con su astro Lionel Messi, Brasil de la mano de Vinicius Junior y la renovada Uruguay con la direcci\u00f3n t\u00e9cnica de Marcelo Bielsa se postulan como principales favoritas para luchar por el t\u00edtulo, sin descartar a Colombia, que llega a esta cita con una racha de 23 partidos sin perder entre competiciones oficiales y amistosos.<\/p>\n<p>Bolivia acude con pocas posibilidades de avanzar m\u00e1s all\u00e1 de la primera fase, y en procura de romper la cantidad de ediciones de la Copa, tres en total, sin ganar ni empatar un solo partido, desde la \u00faltima vez que lo consigui\u00f3 en Chile 2015.<\/p>\n<p>LOS PARTICIPANTES Y EL FORMATO<\/p>\n<p>Los 10 seleccionados de la Conmebol presentes son: Brasil, Argentina, Uruguay, Colombia, Ecuador, Per\u00fa, Venezuela, Paraguay, Chile y Bolivia; a ellos se agregan 6 de la Confederaci\u00f3n de F\u00fatbol de Norte, Centroam\u00e9rica y el Caribe (Concacaf): M\u00e9xico, Estados Unidos, Panam\u00e1, Jamaica, Canad\u00e1 y Costa Rica.<\/p>\n<p>Las 16 selecciones fueron divididas por sorteo en cuatro grupos, cada uno conformado por cuatro selecciones.<\/p>\n<p>El certamen se llevar\u00e1 a cabo del 20 de junio al 14 de julio, en total habr\u00e1 32 partidos entre fase de grupos, cuartos de final, semifinal, tercer puesto y final, que proclamar\u00e1 a la selecci\u00f3n campeona.<\/p>\n<p>Los dos primeros de cada grupo avanzar\u00e1n a cuartos, donde comenzar\u00e1 la modalidad por llaves de eliminaci\u00f3n directa.<\/p>\n<p>Grupo A: Argentina, Per\u00fa, Chile y Canad\u00e1.<\/p>\n<p>Grupo B: M\u00e9xico, Ecuador, Venezuela y Jamaica.<\/p>\n<p>Grupo C: Estados Unidos, Uruguay, Panam\u00e1 y Bolivia.<\/p>\n<p>Grupo D: Brasil, Colombia, Paraguay y Costa Rica.<\/p>\n<p>SEDES Y ESTADIOS<\/p>\n<p>En total han sido elegidas 14 ciudades sedes con sus respetivos estadios, en 10 diferentes Estados que est\u00e1n ubicados en la Costa Oste, Zona Central y Costa Este de Estados Unidos.<\/p>\n<p>El certamen se llevar\u00e1 a cabo en Austin, Atlanta, Arlington, Charlotte, East Rutherford, Glendale, Houston, Inglewood, Kansas City (Kansas), Kansas City (Missouri), Las Vegas, Miami, Santa Clara y Orlando.<\/p>\n<p>Bolivia debutar\u00e1 en Arlington, Dallas, el 23 de junio contra Estados Unidos; el 27 se medir\u00e1 con Uruguay en East Rutherford, New Jersey; y el 1 de julio rivalizar\u00e1 ante Panam\u00e1 en Orlando, Florida. (Br\u00fajula Digital)<\/p>\n","protected":false},"excerpt":{"rendered":"<p>El partido de hoy a las 20.00 hora boliviana en Atlanta, entre Argentina y Canad\u00e1 (Grupo A), pondr\u00e1 en marcha la cuadrag\u00e9sima octava edici\u00f3n de la Copa Am\u00e9rica de f\u00fatbol, un torneo tradicional para las 10 selecciones de la Conmebol, aunque ahora, por segunda vez en su historia, fue ampliada a 16 participantes, incluidos los [&hellip;]<\/p>\n","protected":false},"author":1,"featured_media":228385,"comment_status":"open","ping_status":"open","sticky":false,"template":"","format":"standard","meta":{"_acf_changed":false,"footnotes":""},"categories":[15],"tags":[],"class_list":["post-228384","post","type-post","status-publish","format-standard","has-post-thumbnail","category-portada"],"acf":{"antetitulo":""},"yoast_head":"<!-- This site is optimized with the Yoast SEO plugin v28.3 - https:\/\/yoast.com\/product\/yoast-seo-wordpress\/ -->\n<title>Comienza la Copa Am\u00e9rica, por segunda vez juegan 16 selecciones - El Diario - Bolivia<\/title>\n<meta name=\"robots\" content=\"index, follow, max-snippet:-1, max-image-preview:large, max-video-preview:-1\" \/>\n<link rel=\"canonical\" href=\"https:\/\/www.eldiario.net\/portal\/2024\/06\/20\/comienza-la-copa-america-por-segunda-vez-juegan-16-selecciones\/\" \/>\n<meta property=\"og:locale\" content=\"es_ES\" \/>\n<meta property=\"og:type\" content=\"article\" \/>\n<meta property=\"og:title\" content=\"Comienza la Copa Am\u00e9rica, por segunda vez juegan 16 selecciones - El Diario - Bolivia\" \/>\n<meta property=\"og:description\" content=\"El partido de hoy a las 20.00 hora boliviana en Atlanta, entre Argentina y Canad\u00e1 (Grupo A), pondr\u00e1 en marcha la cuadrag\u00e9sima octava edici\u00f3n de la Copa Am\u00e9rica de f\u00fatbol, un torneo tradicional para las 10 selecciones de la Conmebol, aunque ahora, por segunda vez en su historia, fue ampliada a 16 participantes, incluidos los [&hellip;]\" \/>\n<meta property=\"og:url\" content=\"https:\/\/www.eldiario.net\/portal\/2024\/06\/20\/comienza-la-copa-america-por-segunda-vez-juegan-16-selecciones\/\" \/>\n<meta property=\"og:site_name\" content=\"El Diario - Bolivia\" \/>\n<meta property=\"article:publisher\" content=\"https:\/\/www.facebook.com\/eldiario.bolivia\/\" \/>\n<meta property=\"article:published_time\" content=\"2024-06-20T09:50:44+00:00\" \/>\n<meta property=\"og:image\" content=\"https:\/\/www.eldiario.net\/portal\/wp-content\/uploads\/2024\/06\/COMIENZA-FOTO.jpg\" \/>\n\t<meta property=\"og:image:width\" content=\"1000\" \/>\n\t<meta property=\"og:image:height\" content=\"562\" \/>\n\t<meta property=\"og:image:type\" content=\"image\/jpeg\" \/>\n<meta name=\"author\" content=\"Jeanette\" \/>\n<meta name=\"twitter:card\" content=\"summary_large_image\" \/>\n<meta name=\"twitter:creator\" content=\"@eldiario_net\" \/>\n<meta name=\"twitter:site\" content=\"@eldiario_net\" \/>\n<meta name=\"twitter:label1\" content=\"Escrito por\" \/>\n\t<meta name=\"twitter:data1\" content=\"Jeanette\" \/>\n\t<meta name=\"twitter:label2\" content=\"Tiempo de lectura\" \/>\n\t<meta name=\"twitter:data2\" content=\"3 minutos\" \/>\n<script type=\"application\/ld+json\" class=\"yoast-schema-graph\">{\"@context\":\"https:\\\/\\\/schema.org\",\"@graph\":[{\"@type\":\"Article\",\"@id\":\"https:\\\/\\\/www.eldiario.net\\\/portal\\\/2024\\\/06\\\/20\\\/comienza-la-copa-america-por-segunda-vez-juegan-16-selecciones\\\/#article\",\"isPartOf\":{\"@id\":\"https:\\\/\\\/www.eldiario.net\\\/portal\\\/2024\\\/06\\\/20\\\/comienza-la-copa-america-por-segunda-vez-juegan-16-selecciones\\\/\"},\"author\":{\"name\":\"Jeanette\",\"@id\":\"https:\\\/\\\/www.eldiario.net\\\/portal\\\/#\\\/schema\\\/person\\\/f46445640444750d7d753ccd04ae01b7\"},\"headline\":\"Comienza la Copa Am\u00e9rica, por segunda vez juegan 16 selecciones\",\"datePublished\":\"2024-06-20T09:50:44+00:00\",\"mainEntityOfPage\":{\"@id\":\"https:\\\/\\\/www.eldiario.net\\\/portal\\\/2024\\\/06\\\/20\\\/comienza-la-copa-america-por-segunda-vez-juegan-16-selecciones\\\/\"},\"wordCount\":428,\"commentCount\":0,\"publisher\":{\"@id\":\"https:\\\/\\\/www.eldiario.net\\\/portal\\\/#organization\"},\"image\":{\"@id\":\"https:\\\/\\\/www.eldiario.net\\\/portal\\\/2024\\\/06\\\/20\\\/comienza-la-copa-america-por-segunda-vez-juegan-16-selecciones\\\/#primaryimage\"},\"thumbnailUrl\":\"https:\\\/\\\/www.eldiario.net\\\/portal\\\/wp-content\\\/uploads\\\/2024\\\/06\\\/COMIENZA-FOTO.jpg\",\"articleSection\":[\"Portada\"],\"inLanguage\":\"es\",\"potentialAction\":[{\"@type\":\"CommentAction\",\"name\":\"Comment\",\"target\":[\"https:\\\/\\\/www.eldiario.net\\\/portal\\\/2024\\\/06\\\/20\\\/comienza-la-copa-america-por-segunda-vez-juegan-16-selecciones\\\/#respond\"]}]},{\"@type\":\"WebPage\",\"@id\":\"https:\\\/\\\/www.eldiario.net\\\/portal\\\/2024\\\/06\\\/20\\\/comienza-la-copa-america-por-segunda-vez-juegan-16-selecciones\\\/\",\"url\":\"https:\\\/\\\/www.eldiario.net\\\/portal\\\/2024\\\/06\\\/20\\\/comienza-la-copa-america-por-segunda-vez-juegan-16-selecciones\\\/\",\"name\":\"Comienza la Copa Am\u00e9rica, por segunda vez juegan 16 selecciones - El Diario - Bolivia\",\"isPartOf\":{\"@id\":\"https:\\\/\\\/www.eldiario.net\\\/portal\\\/#website\"},\"primaryImageOfPage\":{\"@id\":\"https:\\\/\\\/www.eldiario.net\\\/portal\\\/2024\\\/06\\\/20\\\/comienza-la-copa-america-por-segunda-vez-juegan-16-selecciones\\\/#primaryimage\"},\"image\":{\"@id\":\"https:\\\/\\\/www.eldiario.net\\\/portal\\\/2024\\\/06\\\/20\\\/comienza-la-copa-america-por-segunda-vez-juegan-16-selecciones\\\/#primaryimage\"},\"thumbnailUrl\":\"https:\\\/\\\/www.eldiario.net\\\/portal\\\/wp-content\\\/uploads\\\/2024\\\/06\\\/COMIENZA-FOTO.jpg\",\"datePublished\":\"2024-06-20T09:50:44+00:00\",\"breadcrumb\":{\"@id\":\"https:\\\/\\\/www.eldiario.net\\\/portal\\\/2024\\\/06\\\/20\\\/comienza-la-copa-america-por-segunda-vez-juegan-16-selecciones\\\/#breadcrumb\"},\"inLanguage\":\"es\",\"potentialAction\":[{\"@type\":\"ReadAction\",\"target\":[\"https:\\\/\\\/www.eldiario.net\\\/portal\\\/2024\\\/06\\\/20\\\/comienza-la-copa-america-por-segunda-vez-juegan-16-selecciones\\\/\"]}]},{\"@type\":\"ImageObject\",\"inLanguage\":\"es\",\"@id\":\"https:\\\/\\\/www.eldiario.net\\\/portal\\\/2024\\\/06\\\/20\\\/comienza-la-copa-america-por-segunda-vez-juegan-16-selecciones\\\/#primaryimage\",\"url\":\"https:\\\/\\\/www.eldiario.net\\\/portal\\\/wp-content\\\/uploads\\\/2024\\\/06\\\/COMIENZA-FOTO.jpg\",\"contentUrl\":\"https:\\\/\\\/www.eldiario.net\\\/portal\\\/wp-content\\\/uploads\\\/2024\\\/06\\\/COMIENZA-FOTO.jpg\",\"width\":1000,\"height\":562,\"caption\":\"El trofeo de la Copa Am\u00e9rica que estar\u00e1 en juego en EEUU. Foto: Conmebol\"},{\"@type\":\"BreadcrumbList\",\"@id\":\"https:\\\/\\\/www.eldiario.net\\\/portal\\\/2024\\\/06\\\/20\\\/comienza-la-copa-america-por-segunda-vez-juegan-16-selecciones\\\/#breadcrumb\",\"itemListElement\":[{\"@type\":\"ListItem\",\"position\":1,\"name\":\"Portada\",\"item\":\"https:\\\/\\\/www.eldiario.net\\\/portal\\\/\"},{\"@type\":\"ListItem\",\"position\":2,\"name\":\"Comienza la Copa Am\u00e9rica, por segunda vez juegan 16 selecciones\"}]},{\"@type\":\"WebSite\",\"@id\":\"https:\\\/\\\/www.eldiario.net\\\/portal\\\/#website\",\"url\":\"https:\\\/\\\/www.eldiario.net\\\/portal\\\/\",\"name\":\"El Diario - Decano de la prensa nacional\",\"description\":\"El Diario - Decano de la prensa nacional\",\"publisher\":{\"@id\":\"https:\\\/\\\/www.eldiario.net\\\/portal\\\/#organization\"},\"potentialAction\":[{\"@type\":\"SearchAction\",\"target\":{\"@type\":\"EntryPoint\",\"urlTemplate\":\"https:\\\/\\\/www.eldiario.net\\\/portal\\\/?s={search_term_string}\"},\"query-input\":{\"@type\":\"PropertyValueSpecification\",\"valueRequired\":true,\"valueName\":\"search_term_string\"}}],\"inLanguage\":\"es\"},{\"@type\":\"Organization\",\"@id\":\"https:\\\/\\\/www.eldiario.net\\\/portal\\\/#organization\",\"name\":\"El Diario - Decano de la prensa nacional\",\"url\":\"https:\\\/\\\/www.eldiario.net\\\/portal\\\/\",\"logo\":{\"@type\":\"ImageObject\",\"inLanguage\":\"es\",\"@id\":\"https:\\\/\\\/www.eldiario.net\\\/portal\\\/#\\\/schema\\\/logo\\\/image\\\/\",\"url\":\"https:\\\/\\\/www.eldiario.net\\\/portal\\\/wp-content\\\/uploads\\\/2023\\\/07\\\/logo_ED.jpg\",\"contentUrl\":\"https:\\\/\\\/www.eldiario.net\\\/portal\\\/wp-content\\\/uploads\\\/2023\\\/07\\\/logo_ED.jpg\",\"width\":272,\"height\":52,\"caption\":\"El Diario - Decano de la prensa nacional\"},\"image\":{\"@id\":\"https:\\\/\\\/www.eldiario.net\\\/portal\\\/#\\\/schema\\\/logo\\\/image\\\/\"},\"sameAs\":[\"https:\\\/\\\/www.facebook.com\\\/eldiario.bolivia\\\/\",\"https:\\\/\\\/x.com\\\/eldiario_net\"]},{\"@type\":\"Person\",\"@id\":\"https:\\\/\\\/www.eldiario.net\\\/portal\\\/#\\\/schema\\\/person\\\/f46445640444750d7d753ccd04ae01b7\",\"name\":\"Jeanette\",\"image\":{\"@type\":\"ImageObject\",\"inLanguage\":\"es\",\"@id\":\"https:\\\/\\\/secure.gravatar.com\\\/avatar\\\/3ea2118a5f7dad2b7138b1187a6b7ee55f160b9968b66013c3a3ef39dd7e5798?s=96&d=mm&r=g\",\"url\":\"https:\\\/\\\/secure.gravatar.com\\\/avatar\\\/3ea2118a5f7dad2b7138b1187a6b7ee55f160b9968b66013c3a3ef39dd7e5798?s=96&d=mm&r=g\",\"contentUrl\":\"https:\\\/\\\/secure.gravatar.com\\\/avatar\\\/3ea2118a5f7dad2b7138b1187a6b7ee55f160b9968b66013c3a3ef39dd7e5798?s=96&d=mm&r=g\",\"caption\":\"Jeanette\"},\"sameAs\":[\"https:\\\/\\\/www.eldiario.net\\\/portal\"],\"url\":\"https:\\\/\\\/www.eldiario.net\\\/portal\\\/author\\\/jeanette\\\/\"}]}<\/script>\n<!-- \/ Yoast SEO plugin. -->","yoast_head_json":{"title":"Comienza la Copa Am\u00e9rica, por segunda vez juegan 16 selecciones - El Diario - Bolivia","robots":{"index":"index","follow":"follow","max-snippet":"max-snippet:-1","max-image-preview":"max-image-preview:large","max-video-preview":"max-video-preview:-1"},"canonical":"https:\/\/www.eldiario.net\/portal\/2024\/06\/20\/comienza-la-copa-america-por-segunda-vez-juegan-16-selecciones\/","og_locale":"es_ES","og_type":"article","og_title":"Comienza la Copa Am\u00e9rica, por segunda vez juegan 16 selecciones - El Diario - Bolivia","og_description":"El partido de hoy a las 20.00 hora boliviana en Atlanta, entre Argentina y Canad\u00e1 (Grupo A), pondr\u00e1 en marcha la cuadrag\u00e9sima octava edici\u00f3n de la Copa Am\u00e9rica de f\u00fatbol, un torneo tradicional para las 10 selecciones de la Conmebol, aunque ahora, por segunda vez en su historia, fue ampliada a 16 participantes, incluidos los [&hellip;]","og_url":"https:\/\/www.eldiario.net\/portal\/2024\/06\/20\/comienza-la-copa-america-por-segunda-vez-juegan-16-selecciones\/","og_site_name":"El Diario - Bolivia","article_publisher":"https:\/\/www.facebook.com\/eldiario.bolivia\/","article_published_time":"2024-06-20T09:50:44+00:00","og_image":[{"width":1000,"height":562,"url":"https:\/\/www.eldiario.net\/portal\/wp-content\/uploads\/2024\/06\/COMIENZA-FOTO.jpg","type":"image\/jpeg"}],"author":"Jeanette","twitter_card":"summary_large_image","twitter_creator":"@eldiario_net","twitter_site":"@eldiario_net","twitter_misc":{"Escrito por":"Jeanette","Tiempo de lectura":"3 minutos"},"schema":{"@context":"https:\/\/schema.org","@graph":[{"@type":"Article","@id":"https:\/\/www.eldiario.net\/portal\/2024\/06\/20\/comienza-la-copa-america-por-segunda-vez-juegan-16-selecciones\/#article","isPartOf":{"@id":"https:\/\/www.eldiario.net\/portal\/2024\/06\/20\/comienza-la-copa-america-por-segunda-vez-juegan-16-selecciones\/"},"author":{"name":"Jeanette","@id":"https:\/\/www.eldiario.net\/portal\/#\/schema\/person\/f46445640444750d7d753ccd04ae01b7"},"headline":"Comienza la Copa Am\u00e9rica, por segunda vez juegan 16 selecciones","datePublished":"2024-06-20T09:50:44+00:00","mainEntityOfPage":{"@id":"https:\/\/www.eldiario.net\/portal\/2024\/06\/20\/comienza-la-copa-america-por-segunda-vez-juegan-16-selecciones\/"},"wordCount":428,"commentCount":0,"publisher":{"@id":"https:\/\/www.eldiario.net\/portal\/#organization"},"image":{"@id":"https:\/\/www.eldiario.net\/portal\/2024\/06\/20\/comienza-la-copa-america-por-segunda-vez-juegan-16-selecciones\/#primaryimage"},"thumbnailUrl":"https:\/\/www.eldiario.net\/portal\/wp-content\/uploads\/2024\/06\/COMIENZA-FOTO.jpg","articleSection":["Portada"],"inLanguage":"es","potentialAction":[{"@type":"CommentAction","name":"Comment","target":["https:\/\/www.eldiario.net\/portal\/2024\/06\/20\/comienza-la-copa-america-por-segunda-vez-juegan-16-selecciones\/#respond"]}]},{"@type":"WebPage","@id":"https:\/\/www.eldiario.net\/portal\/2024\/06\/20\/comienza-la-copa-america-por-segunda-vez-juegan-16-selecciones\/","url":"https:\/\/www.eldiario.net\/portal\/2024\/06\/20\/comienza-la-copa-america-por-segunda-vez-juegan-16-selecciones\/","name":"Comienza la Copa Am\u00e9rica, por segunda vez juegan 16 selecciones - El Diario - Bolivia","isPartOf":{"@id":"https:\/\/www.eldiario.net\/portal\/#website"},"primaryImageOfPage":{"@id":"https:\/\/www.eldiario.net\/portal\/2024\/06\/20\/comienza-la-copa-america-por-segunda-vez-juegan-16-selecciones\/#primaryimage"},"image":{"@id":"https:\/\/www.eldiario.net\/portal\/2024\/06\/20\/comienza-la-copa-america-por-segunda-vez-juegan-16-selecciones\/#primaryimage"},"thumbnailUrl":"https:\/\/www.eldiario.net\/portal\/wp-content\/uploads\/2024\/06\/COMIENZA-FOTO.jpg","datePublished":"2024-06-20T09:50:44+00:00","breadcrumb":{"@id":"https:\/\/www.eldiario.net\/portal\/2024\/06\/20\/comienza-la-copa-america-por-segunda-vez-juegan-16-selecciones\/#breadcrumb"},"inLanguage":"es","potentialAction":[{"@type":"ReadAction","target":["https:\/\/www.eldiario.net\/portal\/2024\/06\/20\/comienza-la-copa-america-por-segunda-vez-juegan-16-selecciones\/"]}]},{"@type":"ImageObject","inLanguage":"es","@id":"https:\/\/www.eldiario.net\/portal\/2024\/06\/20\/comienza-la-copa-america-por-segunda-vez-juegan-16-selecciones\/#primaryimage","url":"https:\/\/www.eldiario.net\/portal\/wp-content\/uploads\/2024\/06\/COMIENZA-FOTO.jpg","contentUrl":"https:\/\/www.eldiario.net\/portal\/wp-content\/uploads\/2024\/06\/COMIENZA-FOTO.jpg","width":1000,"height":562,"caption":"El trofeo de la Copa Am\u00e9rica que estar\u00e1 en juego en EEUU. Foto: Conmebol"},{"@type":"BreadcrumbList","@id":"https:\/\/www.eldiario.net\/portal\/2024\/06\/20\/comienza-la-copa-america-por-segunda-vez-juegan-16-selecciones\/#breadcrumb","itemListElement":[{"@type":"ListItem","position":1,"name":"Portada","item":"https:\/\/www.eldiario.net\/portal\/"},{"@type":"ListItem","position":2,"name":"Comienza la Copa Am\u00e9rica, por segunda vez juegan 16 selecciones"}]},{"@type":"WebSite","@id":"https:\/\/www.eldiario.net\/portal\/#website","url":"https:\/\/www.eldiario.net\/portal\/","name":"El Diario - Decano de la prensa nacional","description":"El Diario - Decano de la prensa nacional","publisher":{"@id":"https:\/\/www.eldiario.net\/portal\/#organization"},"potentialAction":[{"@type":"SearchAction","target":{"@type":"EntryPoint","urlTemplate":"https:\/\/www.eldiario.net\/portal\/?s={search_term_string}"},"query-input":{"@type":"PropertyValueSpecification","valueRequired":true,"valueName":"search_term_string"}}],"inLanguage":"es"},{"@type":"Organization","@id":"https:\/\/www.eldiario.net\/portal\/#organization","name":"El Diario - Decano de la prensa nacional","url":"https:\/\/www.eldiario.net\/portal\/","logo":{"@type":"ImageObject","inLanguage":"es","@id":"https:\/\/www.eldiario.net\/portal\/#\/schema\/logo\/image\/","url":"https:\/\/www.eldiario.net\/portal\/wp-content\/uploads\/2023\/07\/logo_ED.jpg","contentUrl":"https:\/\/www.eldiario.net\/portal\/wp-content\/uploads\/2023\/07\/logo_ED.jpg","width":272,"height":52,"caption":"El Diario - Decano de la prensa nacional"},"image":{"@id":"https:\/\/www.eldiario.net\/portal\/#\/schema\/logo\/image\/"},"sameAs":["https:\/\/www.facebook.com\/eldiario.bolivia\/","https:\/\/x.com\/eldiario_net"]},{"@type":"Person","@id":"https:\/\/www.eldiario.net\/portal\/#\/schema\/person\/f46445640444750d7d753ccd04ae01b7","name":"Jeanette","image":{"@type":"ImageObject","inLanguage":"es","@id":"https:\/\/secure.gravatar.com\/avatar\/3ea2118a5f7dad2b7138b1187a6b7ee55f160b9968b66013c3a3ef39dd7e5798?s=96&d=mm&r=g","url":"https:\/\/secure.gravatar.com\/avatar\/3ea2118a5f7dad2b7138b1187a6b7ee55f160b9968b66013c3a3ef39dd7e5798?s=96&d=mm&r=g","contentUrl":"https:\/\/secure.gravatar.com\/avatar\/3ea2118a5f7dad2b7138b1187a6b7ee55f160b9968b66013c3a3ef39dd7e5798?s=96&d=mm&r=g","caption":"Jeanette"},"sameAs":["https:\/\/www.eldiario.net\/portal"],"url":"https:\/\/www.eldiario.net\/portal\/author\/jeanette\/"}]}},"_links":{"self":[{"href":"https:\/\/www.eldiario.net\/portal\/wp-json\/wp\/v2\/posts\/228384","targetHints":{"allow":["GET"]}}],"collection":[{"href":"https:\/\/www.eldiario.net\/portal\/wp-json\/wp\/v2\/posts"}],"about":[{"href":"https:\/\/www.eldiario.net\/portal\/wp-json\/wp\/v2\/types\/post"}],"author":[{"embeddable":true,"href":"https:\/\/www.eldiario.net\/portal\/wp-json\/wp\/v2\/users\/1"}],"replies":[{"embeddable":true,"href":"https:\/\/www.eldiario.net\/portal\/wp-json\/wp\/v2\/comments?post=228384"}],"version-history":[{"count":1,"href":"https:\/\/www.eldiario.net\/portal\/wp-json\/wp\/v2\/posts\/228384\/revisions"}],"predecessor-version":[{"id":228386,"href":"https:\/\/www.eldiario.net\/portal\/wp-json\/wp\/v2\/posts\/228384\/revisions\/228386"}],"wp:featuredmedia":[{"embeddable":true,"href":"https:\/\/www.eldiario.net\/portal\/wp-json\/wp\/v2\/media\/228385"}],"wp:attachment":[{"href":"https:\/\/www.eldiario.net\/portal\/wp-json\/wp\/v2\/media?parent=228384"}],"wp:term":[{"taxonomy":"category","embeddable":true,"href":"https:\/\/www.eldiario.net\/portal\/wp-json\/wp\/v2\/categories?post=228384"},{"taxonomy":"post_tag","embeddable":true,"href":"https:\/\/www.eldiario.net\/portal\/wp-json\/wp\/v2\/tags?post=228384"}],"curies":[{"name":"wp","href":"https:\/\/api.w.org\/{rel}","templated":true}]}}