{"id":228381,"date":"2024-06-20T05:49:56","date_gmt":"2024-06-20T09:49:56","guid":{"rendered":"https:\/\/www.eldiario.net\/portal\/?p=228381"},"modified":"2024-06-20T05:49:56","modified_gmt":"2024-06-20T09:49:56","slug":"amenazas-de-muerte-contra-lider-opositora-maria-corina-machado","status":"publish","type":"post","link":"https:\/\/www.eldiario.net\/portal\/2024\/06\/20\/amenazas-de-muerte-contra-lider-opositora-maria-corina-machado\/","title":{"rendered":"Amenazas de muerte contra l\u00edder opositora Mar\u00eda Corina Machado"},"content":{"rendered":"<p>Zaraza, una poblaci\u00f3n ubicada en el estado Gu\u00e1rico, en el llano venezolano, despert\u00f3 con una alarmante serie de graffitis cargados de amenazas de muerte dirigidas hacia la dirigente pol\u00edtica venezolana, Mar\u00eda Corina Machado. Los mensajes, presuntamente atribuidos al grupo delincuencial conocido como Tren del Llano, repet\u00edan insistentemente la frase: \u201cTe vamos a matar, el Tren del Llano te espera.\u201d<\/p>\n<p>Tamara Suju, abogada defensora de derechos humanos, fue quien dio la voz de alarma sobre estos hechos. \u201cAtenci\u00f3n: as\u00ed amaneci\u00f3 Zaraza, estado Gu\u00e1rico, con varios graffitis que se atribuye el Tren del Llano amenazando de muerte a Mar\u00eda Corina Machado\u201d, comunic\u00f3 Suju a trav\u00e9s de su cuenta en la red social X. Los mensajes amenazantes cubr\u00edan varias paredes de la ciudad, generando gran preocupaci\u00f3n entre los habitantes y seguidores de la l\u00edder pol\u00edtica.<\/p>\n<p>Este hallazgo eleva la alerta en un contexto ya tenso para los defensores de los derechos humanos y opositores pol\u00edticos en Venezuela, en medio del proceso electoral, pr\u00f3ximo a celebrarse en el pa\u00eds. El Tren del Llano, conocido por sus actividades delictivas, parece haber centrado ahora su mira en una figura reconocida por su cr\u00edtica al r\u00e9gimen chavista. Las amenazas contra Machado, quien es la l\u00edder prominente de la oposici\u00f3n, reflejan un ambiente cada vez m\u00e1s hostil para quienes disienten del r\u00e9gimen.<\/p>\n<p>Suju enfatiz\u00f3 la gravedad de la situaci\u00f3n: \u201cEste tipo de amenazas no solo ponen en riesgo la vida de Mar\u00eda Corina Machado, sino que tambi\u00e9n buscan infundir miedo y coartar la libertad de expresi\u00f3n en el pa\u00eds\u201d. Estas acciones vand\u00e1licas, adem\u00e1s, revelan un nivel de impunidad y la falta de control de las autoridades sobre grupos violentos como el Tren del Llano.<\/p>\n<p>La comunidad internacional mantuvo su atenci\u00f3n en Venezuela debido a repetidas denuncias de violaciones de derechos humanos. Organismos internacionales, defensores de los derechos humanos, y pol\u00edticos tanto nacionales como extranjeros, podr\u00edan condenar estas nuevas amenazas y exigir medidas de protecci\u00f3n para Machado y otros l\u00edderes opositores bajo riesgo. \u201cEn todos se repite el mismo mensaje\u201d, acentu\u00f3 Suju, subrayando la sistematicidad y violencia del mensaje.<\/p>\n<p>Gu\u00e1rico, y en particular la localidad de Zaraza, no es ajena a la violencia ejercida por bandas delictivas. No obstante, la aparici\u00f3n de estos graffitis, estremecieron a\u00fan m\u00e1s a la poblaci\u00f3n local. Los residentes de la ciudad demandan acciones concretas por parte de las autoridades para combatir a estos grupos y garantizar la seguridad y el orden p\u00fablico.<\/p>\n<p>Asimismo, la ONG Laboratorio de Paz denunci\u00f3 que el r\u00e9gimen de Nicol\u00e1s Maduro realiza detenciones arbitrarias en Venezuela para \u201csocavar la eficacia de la campa\u00f1a del candidato Edmundo Gonz\u00e1lez Urrutia\u201d e indic\u00f3 que las mismas \u201cvulneran el derecho de asociaci\u00f3n, reuni\u00f3n y libertad de expresi\u00f3n\u201d en el pa\u00eds caribe\u00f1o.<\/p>\n<p>\u201cLos diferentes patrones de violaci\u00f3n a derechos humanos documentados en el contexto previo a las elecciones del 28 de julio pudieran aumentar exponencialmente a partir del 4 de julio, fecha de inicio formal de la campa\u00f1a\u201d, manifest\u00f3 la ONG en su m\u00e1s reciente informe.<\/p>\n<p>Laboratorio de Paz se\u00f1al\u00f3 que las detenciones arbitrarias registradas \u201cformar\u00edan parte de un patr\u00f3n sistem\u00e1tico de violaciones a derechos humanos como estrategia oficial para erosionar<\/p>\n<p>la legitimidad y eficacia de la candidatura de su principal contendiente: Edmundo Gonz\u00e1lez Urrutia\u201d.<\/p>\n<p>\u201cHasta el 17 de junio, el Laboratorio de Paz contabiliz\u00f3 que durante el primer semestre del a\u00f1o 2024 ocurrieron 46 detenciones arbitrarias en Venezuela, 37 de ellas por razones pol\u00edticas y 9 a personas por ejercer su derecho de libertad de expresi\u00f3n\u201d, a\u00f1adi\u00f3.<\/p>\n<p>El informe detall\u00f3 que, en las 37 por razones pol\u00edticas, 33 son hombres y 4 mujeres. Seg\u00fan sus perfiles, 16 de estas personas est\u00e1n vinculadas al partido Vente Venezuela, 2 al partido Voluntad Popular y 1 al partido Primero Justicia; 1 persona es defensora de derechos humanos, 1 es l\u00edder social, 3 son sindicalistas, 6 fueron aprehendidos por suministrar bienes y servicios a la campa\u00f1a del candidato Edmundo Gonz\u00e1lez y 6 personas fueron detenidas por ser familiares de los anteriores. 1 persona no tiene adherencia a ninguna organizaci\u00f3n pol\u00edtica y social, siendo un abogado que fue detenido por grabar im\u00e1genes de Alex Saab. (Infobae)<\/p>\n","protected":false},"excerpt":{"rendered":"<p>Zaraza, una poblaci\u00f3n ubicada en el estado Gu\u00e1rico, en el llano venezolano, despert\u00f3 con una alarmante serie de graffitis cargados de amenazas de muerte dirigidas hacia la dirigente pol\u00edtica venezolana, Mar\u00eda Corina Machado. Los mensajes, presuntamente atribuidos al grupo delincuencial conocido como Tren del Llano, repet\u00edan insistentemente la frase: \u201cTe vamos a matar, el Tren [&hellip;]<\/p>\n","protected":false},"author":1,"featured_media":228382,"comment_status":"open","ping_status":"open","sticky":false,"template":"","format":"standard","meta":{"_acf_changed":false,"footnotes":""},"categories":[15],"tags":[],"class_list":["post-228381","post","type-post","status-publish","format-standard","has-post-thumbnail","category-portada"],"acf":{"antetitulo":"Persecuci\u00f3n en Venezuela"},"yoast_head":"<!-- This site is optimized with the Yoast SEO plugin v28.3 - https:\/\/yoast.com\/product\/yoast-seo-wordpress\/ -->\n<title>Amenazas de muerte contra l\u00edder opositora Mar\u00eda Corina Machado - El Diario - Bolivia<\/title>\n<meta name=\"robots\" content=\"index, follow, max-snippet:-1, max-image-preview:large, max-video-preview:-1\" \/>\n<link rel=\"canonical\" href=\"https:\/\/www.eldiario.net\/portal\/2024\/06\/20\/amenazas-de-muerte-contra-lider-opositora-maria-corina-machado\/\" \/>\n<meta property=\"og:locale\" content=\"es_ES\" \/>\n<meta property=\"og:type\" content=\"article\" \/>\n<meta property=\"og:title\" content=\"Amenazas de muerte contra l\u00edder opositora Mar\u00eda Corina Machado - El Diario - Bolivia\" \/>\n<meta property=\"og:description\" content=\"Zaraza, una poblaci\u00f3n ubicada en el estado Gu\u00e1rico, en el llano venezolano, despert\u00f3 con una alarmante serie de graffitis cargados de amenazas de muerte dirigidas hacia la dirigente pol\u00edtica venezolana, Mar\u00eda Corina Machado. Los mensajes, presuntamente atribuidos al grupo delincuencial conocido como Tren del Llano, repet\u00edan insistentemente la frase: \u201cTe vamos a matar, el Tren [&hellip;]\" \/>\n<meta property=\"og:url\" content=\"https:\/\/www.eldiario.net\/portal\/2024\/06\/20\/amenazas-de-muerte-contra-lider-opositora-maria-corina-machado\/\" \/>\n<meta property=\"og:site_name\" content=\"El Diario - Bolivia\" \/>\n<meta property=\"article:publisher\" content=\"https:\/\/www.facebook.com\/eldiario.bolivia\/\" \/>\n<meta property=\"article:published_time\" content=\"2024-06-20T09:49:56+00:00\" \/>\n<meta property=\"og:image\" content=\"https:\/\/www.eldiario.net\/portal\/wp-content\/uploads\/2024\/06\/VENE-FOTO.jpg\" \/>\n\t<meta property=\"og:image:width\" content=\"992\" \/>\n\t<meta property=\"og:image:height\" content=\"606\" \/>\n\t<meta property=\"og:image:type\" content=\"image\/jpeg\" \/>\n<meta name=\"author\" content=\"Jeanette\" \/>\n<meta name=\"twitter:card\" content=\"summary_large_image\" \/>\n<meta name=\"twitter:creator\" content=\"@eldiario_net\" \/>\n<meta name=\"twitter:site\" content=\"@eldiario_net\" \/>\n<meta name=\"twitter:label1\" content=\"Escrito por\" \/>\n\t<meta name=\"twitter:data1\" content=\"Jeanette\" \/>\n\t<meta name=\"twitter:label2\" content=\"Tiempo de lectura\" \/>\n\t<meta name=\"twitter:data2\" content=\"4 minutos\" \/>\n<script type=\"application\/ld+json\" class=\"yoast-schema-graph\">{\"@context\":\"https:\\\/\\\/schema.org\",\"@graph\":[{\"@type\":\"Article\",\"@id\":\"https:\\\/\\\/www.eldiario.net\\\/portal\\\/2024\\\/06\\\/20\\\/amenazas-de-muerte-contra-lider-opositora-maria-corina-machado\\\/#article\",\"isPartOf\":{\"@id\":\"https:\\\/\\\/www.eldiario.net\\\/portal\\\/2024\\\/06\\\/20\\\/amenazas-de-muerte-contra-lider-opositora-maria-corina-machado\\\/\"},\"author\":{\"name\":\"Jeanette\",\"@id\":\"https:\\\/\\\/www.eldiario.net\\\/portal\\\/#\\\/schema\\\/person\\\/f46445640444750d7d753ccd04ae01b7\"},\"headline\":\"Amenazas de muerte contra l\u00edder opositora Mar\u00eda Corina Machado\",\"datePublished\":\"2024-06-20T09:49:56+00:00\",\"mainEntityOfPage\":{\"@id\":\"https:\\\/\\\/www.eldiario.net\\\/portal\\\/2024\\\/06\\\/20\\\/amenazas-de-muerte-contra-lider-opositora-maria-corina-machado\\\/\"},\"wordCount\":739,\"commentCount\":0,\"publisher\":{\"@id\":\"https:\\\/\\\/www.eldiario.net\\\/portal\\\/#organization\"},\"image\":{\"@id\":\"https:\\\/\\\/www.eldiario.net\\\/portal\\\/2024\\\/06\\\/20\\\/amenazas-de-muerte-contra-lider-opositora-maria-corina-machado\\\/#primaryimage\"},\"thumbnailUrl\":\"https:\\\/\\\/www.eldiario.net\\\/portal\\\/wp-content\\\/uploads\\\/2024\\\/06\\\/VENE-FOTO.jpg\",\"articleSection\":[\"Portada\"],\"inLanguage\":\"es\",\"potentialAction\":[{\"@type\":\"CommentAction\",\"name\":\"Comment\",\"target\":[\"https:\\\/\\\/www.eldiario.net\\\/portal\\\/2024\\\/06\\\/20\\\/amenazas-de-muerte-contra-lider-opositora-maria-corina-machado\\\/#respond\"]}]},{\"@type\":\"WebPage\",\"@id\":\"https:\\\/\\\/www.eldiario.net\\\/portal\\\/2024\\\/06\\\/20\\\/amenazas-de-muerte-contra-lider-opositora-maria-corina-machado\\\/\",\"url\":\"https:\\\/\\\/www.eldiario.net\\\/portal\\\/2024\\\/06\\\/20\\\/amenazas-de-muerte-contra-lider-opositora-maria-corina-machado\\\/\",\"name\":\"Amenazas de muerte contra l\u00edder opositora Mar\u00eda Corina Machado - El Diario - Bolivia\",\"isPartOf\":{\"@id\":\"https:\\\/\\\/www.eldiario.net\\\/portal\\\/#website\"},\"primaryImageOfPage\":{\"@id\":\"https:\\\/\\\/www.eldiario.net\\\/portal\\\/2024\\\/06\\\/20\\\/amenazas-de-muerte-contra-lider-opositora-maria-corina-machado\\\/#primaryimage\"},\"image\":{\"@id\":\"https:\\\/\\\/www.eldiario.net\\\/portal\\\/2024\\\/06\\\/20\\\/amenazas-de-muerte-contra-lider-opositora-maria-corina-machado\\\/#primaryimage\"},\"thumbnailUrl\":\"https:\\\/\\\/www.eldiario.net\\\/portal\\\/wp-content\\\/uploads\\\/2024\\\/06\\\/VENE-FOTO.jpg\",\"datePublished\":\"2024-06-20T09:49:56+00:00\",\"breadcrumb\":{\"@id\":\"https:\\\/\\\/www.eldiario.net\\\/portal\\\/2024\\\/06\\\/20\\\/amenazas-de-muerte-contra-lider-opositora-maria-corina-machado\\\/#breadcrumb\"},\"inLanguage\":\"es\",\"potentialAction\":[{\"@type\":\"ReadAction\",\"target\":[\"https:\\\/\\\/www.eldiario.net\\\/portal\\\/2024\\\/06\\\/20\\\/amenazas-de-muerte-contra-lider-opositora-maria-corina-machado\\\/\"]}]},{\"@type\":\"ImageObject\",\"inLanguage\":\"es\",\"@id\":\"https:\\\/\\\/www.eldiario.net\\\/portal\\\/2024\\\/06\\\/20\\\/amenazas-de-muerte-contra-lider-opositora-maria-corina-machado\\\/#primaryimage\",\"url\":\"https:\\\/\\\/www.eldiario.net\\\/portal\\\/wp-content\\\/uploads\\\/2024\\\/06\\\/VENE-FOTO.jpg\",\"contentUrl\":\"https:\\\/\\\/www.eldiario.net\\\/portal\\\/wp-content\\\/uploads\\\/2024\\\/06\\\/VENE-FOTO.jpg\",\"width\":992,\"height\":606,\"caption\":\"GRAFITIS QUE SE ATRIBUYE EL TREN DEL LLANO AMENAZANDO DE MUERTE A MAR\u00cdA CORINA MACHADO. FOTO: Infobae\"},{\"@type\":\"BreadcrumbList\",\"@id\":\"https:\\\/\\\/www.eldiario.net\\\/portal\\\/2024\\\/06\\\/20\\\/amenazas-de-muerte-contra-lider-opositora-maria-corina-machado\\\/#breadcrumb\",\"itemListElement\":[{\"@type\":\"ListItem\",\"position\":1,\"name\":\"Portada\",\"item\":\"https:\\\/\\\/www.eldiario.net\\\/portal\\\/\"},{\"@type\":\"ListItem\",\"position\":2,\"name\":\"Amenazas de muerte contra l\u00edder opositora Mar\u00eda Corina Machado\"}]},{\"@type\":\"WebSite\",\"@id\":\"https:\\\/\\\/www.eldiario.net\\\/portal\\\/#website\",\"url\":\"https:\\\/\\\/www.eldiario.net\\\/portal\\\/\",\"name\":\"El Diario - Decano de la prensa nacional\",\"description\":\"El Diario - Decano de la prensa nacional\",\"publisher\":{\"@id\":\"https:\\\/\\\/www.eldiario.net\\\/portal\\\/#organization\"},\"potentialAction\":[{\"@type\":\"SearchAction\",\"target\":{\"@type\":\"EntryPoint\",\"urlTemplate\":\"https:\\\/\\\/www.eldiario.net\\\/portal\\\/?s={search_term_string}\"},\"query-input\":{\"@type\":\"PropertyValueSpecification\",\"valueRequired\":true,\"valueName\":\"search_term_string\"}}],\"inLanguage\":\"es\"},{\"@type\":\"Organization\",\"@id\":\"https:\\\/\\\/www.eldiario.net\\\/portal\\\/#organization\",\"name\":\"El Diario - Decano de la prensa nacional\",\"url\":\"https:\\\/\\\/www.eldiario.net\\\/portal\\\/\",\"logo\":{\"@type\":\"ImageObject\",\"inLanguage\":\"es\",\"@id\":\"https:\\\/\\\/www.eldiario.net\\\/portal\\\/#\\\/schema\\\/logo\\\/image\\\/\",\"url\":\"https:\\\/\\\/www.eldiario.net\\\/portal\\\/wp-content\\\/uploads\\\/2023\\\/07\\\/logo_ED.jpg\",\"contentUrl\":\"https:\\\/\\\/www.eldiario.net\\\/portal\\\/wp-content\\\/uploads\\\/2023\\\/07\\\/logo_ED.jpg\",\"width\":272,\"height\":52,\"caption\":\"El Diario - Decano de la prensa nacional\"},\"image\":{\"@id\":\"https:\\\/\\\/www.eldiario.net\\\/portal\\\/#\\\/schema\\\/logo\\\/image\\\/\"},\"sameAs\":[\"https:\\\/\\\/www.facebook.com\\\/eldiario.bolivia\\\/\",\"https:\\\/\\\/x.com\\\/eldiario_net\"]},{\"@type\":\"Person\",\"@id\":\"https:\\\/\\\/www.eldiario.net\\\/portal\\\/#\\\/schema\\\/person\\\/f46445640444750d7d753ccd04ae01b7\",\"name\":\"Jeanette\",\"image\":{\"@type\":\"ImageObject\",\"inLanguage\":\"es\",\"@id\":\"https:\\\/\\\/secure.gravatar.com\\\/avatar\\\/3ea2118a5f7dad2b7138b1187a6b7ee55f160b9968b66013c3a3ef39dd7e5798?s=96&d=mm&r=g\",\"url\":\"https:\\\/\\\/secure.gravatar.com\\\/avatar\\\/3ea2118a5f7dad2b7138b1187a6b7ee55f160b9968b66013c3a3ef39dd7e5798?s=96&d=mm&r=g\",\"contentUrl\":\"https:\\\/\\\/secure.gravatar.com\\\/avatar\\\/3ea2118a5f7dad2b7138b1187a6b7ee55f160b9968b66013c3a3ef39dd7e5798?s=96&d=mm&r=g\",\"caption\":\"Jeanette\"},\"sameAs\":[\"https:\\\/\\\/www.eldiario.net\\\/portal\"],\"url\":\"https:\\\/\\\/www.eldiario.net\\\/portal\\\/author\\\/jeanette\\\/\"}]}<\/script>\n<!-- \/ Yoast SEO plugin. -->","yoast_head_json":{"title":"Amenazas de muerte contra l\u00edder opositora Mar\u00eda Corina Machado - El Diario - Bolivia","robots":{"index":"index","follow":"follow","max-snippet":"max-snippet:-1","max-image-preview":"max-image-preview:large","max-video-preview":"max-video-preview:-1"},"canonical":"https:\/\/www.eldiario.net\/portal\/2024\/06\/20\/amenazas-de-muerte-contra-lider-opositora-maria-corina-machado\/","og_locale":"es_ES","og_type":"article","og_title":"Amenazas de muerte contra l\u00edder opositora Mar\u00eda Corina Machado - El Diario - Bolivia","og_description":"Zaraza, una poblaci\u00f3n ubicada en el estado Gu\u00e1rico, en el llano venezolano, despert\u00f3 con una alarmante serie de graffitis cargados de amenazas de muerte dirigidas hacia la dirigente pol\u00edtica venezolana, Mar\u00eda Corina Machado. Los mensajes, presuntamente atribuidos al grupo delincuencial conocido como Tren del Llano, repet\u00edan insistentemente la frase: \u201cTe vamos a matar, el Tren [&hellip;]","og_url":"https:\/\/www.eldiario.net\/portal\/2024\/06\/20\/amenazas-de-muerte-contra-lider-opositora-maria-corina-machado\/","og_site_name":"El Diario - Bolivia","article_publisher":"https:\/\/www.facebook.com\/eldiario.bolivia\/","article_published_time":"2024-06-20T09:49:56+00:00","og_image":[{"width":992,"height":606,"url":"https:\/\/www.eldiario.net\/portal\/wp-content\/uploads\/2024\/06\/VENE-FOTO.jpg","type":"image\/jpeg"}],"author":"Jeanette","twitter_card":"summary_large_image","twitter_creator":"@eldiario_net","twitter_site":"@eldiario_net","twitter_misc":{"Escrito por":"Jeanette","Tiempo de lectura":"4 minutos"},"schema":{"@context":"https:\/\/schema.org","@graph":[{"@type":"Article","@id":"https:\/\/www.eldiario.net\/portal\/2024\/06\/20\/amenazas-de-muerte-contra-lider-opositora-maria-corina-machado\/#article","isPartOf":{"@id":"https:\/\/www.eldiario.net\/portal\/2024\/06\/20\/amenazas-de-muerte-contra-lider-opositora-maria-corina-machado\/"},"author":{"name":"Jeanette","@id":"https:\/\/www.eldiario.net\/portal\/#\/schema\/person\/f46445640444750d7d753ccd04ae01b7"},"headline":"Amenazas de muerte contra l\u00edder opositora Mar\u00eda Corina Machado","datePublished":"2024-06-20T09:49:56+00:00","mainEntityOfPage":{"@id":"https:\/\/www.eldiario.net\/portal\/2024\/06\/20\/amenazas-de-muerte-contra-lider-opositora-maria-corina-machado\/"},"wordCount":739,"commentCount":0,"publisher":{"@id":"https:\/\/www.eldiario.net\/portal\/#organization"},"image":{"@id":"https:\/\/www.eldiario.net\/portal\/2024\/06\/20\/amenazas-de-muerte-contra-lider-opositora-maria-corina-machado\/#primaryimage"},"thumbnailUrl":"https:\/\/www.eldiario.net\/portal\/wp-content\/uploads\/2024\/06\/VENE-FOTO.jpg","articleSection":["Portada"],"inLanguage":"es","potentialAction":[{"@type":"CommentAction","name":"Comment","target":["https:\/\/www.eldiario.net\/portal\/2024\/06\/20\/amenazas-de-muerte-contra-lider-opositora-maria-corina-machado\/#respond"]}]},{"@type":"WebPage","@id":"https:\/\/www.eldiario.net\/portal\/2024\/06\/20\/amenazas-de-muerte-contra-lider-opositora-maria-corina-machado\/","url":"https:\/\/www.eldiario.net\/portal\/2024\/06\/20\/amenazas-de-muerte-contra-lider-opositora-maria-corina-machado\/","name":"Amenazas de muerte contra l\u00edder opositora Mar\u00eda Corina Machado - El Diario - Bolivia","isPartOf":{"@id":"https:\/\/www.eldiario.net\/portal\/#website"},"primaryImageOfPage":{"@id":"https:\/\/www.eldiario.net\/portal\/2024\/06\/20\/amenazas-de-muerte-contra-lider-opositora-maria-corina-machado\/#primaryimage"},"image":{"@id":"https:\/\/www.eldiario.net\/portal\/2024\/06\/20\/amenazas-de-muerte-contra-lider-opositora-maria-corina-machado\/#primaryimage"},"thumbnailUrl":"https:\/\/www.eldiario.net\/portal\/wp-content\/uploads\/2024\/06\/VENE-FOTO.jpg","datePublished":"2024-06-20T09:49:56+00:00","breadcrumb":{"@id":"https:\/\/www.eldiario.net\/portal\/2024\/06\/20\/amenazas-de-muerte-contra-lider-opositora-maria-corina-machado\/#breadcrumb"},"inLanguage":"es","potentialAction":[{"@type":"ReadAction","target":["https:\/\/www.eldiario.net\/portal\/2024\/06\/20\/amenazas-de-muerte-contra-lider-opositora-maria-corina-machado\/"]}]},{"@type":"ImageObject","inLanguage":"es","@id":"https:\/\/www.eldiario.net\/portal\/2024\/06\/20\/amenazas-de-muerte-contra-lider-opositora-maria-corina-machado\/#primaryimage","url":"https:\/\/www.eldiario.net\/portal\/wp-content\/uploads\/2024\/06\/VENE-FOTO.jpg","contentUrl":"https:\/\/www.eldiario.net\/portal\/wp-content\/uploads\/2024\/06\/VENE-FOTO.jpg","width":992,"height":606,"caption":"GRAFITIS QUE SE ATRIBUYE EL TREN DEL LLANO AMENAZANDO DE MUERTE A MAR\u00cdA CORINA MACHADO. FOTO: Infobae"},{"@type":"BreadcrumbList","@id":"https:\/\/www.eldiario.net\/portal\/2024\/06\/20\/amenazas-de-muerte-contra-lider-opositora-maria-corina-machado\/#breadcrumb","itemListElement":[{"@type":"ListItem","position":1,"name":"Portada","item":"https:\/\/www.eldiario.net\/portal\/"},{"@type":"ListItem","position":2,"name":"Amenazas de muerte contra l\u00edder opositora Mar\u00eda Corina Machado"}]},{"@type":"WebSite","@id":"https:\/\/www.eldiario.net\/portal\/#website","url":"https:\/\/www.eldiario.net\/portal\/","name":"El Diario - Decano de la prensa nacional","description":"El Diario - Decano de la prensa nacional","publisher":{"@id":"https:\/\/www.eldiario.net\/portal\/#organization"},"potentialAction":[{"@type":"SearchAction","target":{"@type":"EntryPoint","urlTemplate":"https:\/\/www.eldiario.net\/portal\/?s={search_term_string}"},"query-input":{"@type":"PropertyValueSpecification","valueRequired":true,"valueName":"search_term_string"}}],"inLanguage":"es"},{"@type":"Organization","@id":"https:\/\/www.eldiario.net\/portal\/#organization","name":"El Diario - Decano de la prensa nacional","url":"https:\/\/www.eldiario.net\/portal\/","logo":{"@type":"ImageObject","inLanguage":"es","@id":"https:\/\/www.eldiario.net\/portal\/#\/schema\/logo\/image\/","url":"https:\/\/www.eldiario.net\/portal\/wp-content\/uploads\/2023\/07\/logo_ED.jpg","contentUrl":"https:\/\/www.eldiario.net\/portal\/wp-content\/uploads\/2023\/07\/logo_ED.jpg","width":272,"height":52,"caption":"El Diario - Decano de la prensa nacional"},"image":{"@id":"https:\/\/www.eldiario.net\/portal\/#\/schema\/logo\/image\/"},"sameAs":["https:\/\/www.facebook.com\/eldiario.bolivia\/","https:\/\/x.com\/eldiario_net"]},{"@type":"Person","@id":"https:\/\/www.eldiario.net\/portal\/#\/schema\/person\/f46445640444750d7d753ccd04ae01b7","name":"Jeanette","image":{"@type":"ImageObject","inLanguage":"es","@id":"https:\/\/secure.gravatar.com\/avatar\/3ea2118a5f7dad2b7138b1187a6b7ee55f160b9968b66013c3a3ef39dd7e5798?s=96&d=mm&r=g","url":"https:\/\/secure.gravatar.com\/avatar\/3ea2118a5f7dad2b7138b1187a6b7ee55f160b9968b66013c3a3ef39dd7e5798?s=96&d=mm&r=g","contentUrl":"https:\/\/secure.gravatar.com\/avatar\/3ea2118a5f7dad2b7138b1187a6b7ee55f160b9968b66013c3a3ef39dd7e5798?s=96&d=mm&r=g","caption":"Jeanette"},"sameAs":["https:\/\/www.eldiario.net\/portal"],"url":"https:\/\/www.eldiario.net\/portal\/author\/jeanette\/"}]}},"_links":{"self":[{"href":"https:\/\/www.eldiario.net\/portal\/wp-json\/wp\/v2\/posts\/228381","targetHints":{"allow":["GET"]}}],"collection":[{"href":"https:\/\/www.eldiario.net\/portal\/wp-json\/wp\/v2\/posts"}],"about":[{"href":"https:\/\/www.eldiario.net\/portal\/wp-json\/wp\/v2\/types\/post"}],"author":[{"embeddable":true,"href":"https:\/\/www.eldiario.net\/portal\/wp-json\/wp\/v2\/users\/1"}],"replies":[{"embeddable":true,"href":"https:\/\/www.eldiario.net\/portal\/wp-json\/wp\/v2\/comments?post=228381"}],"version-history":[{"count":1,"href":"https:\/\/www.eldiario.net\/portal\/wp-json\/wp\/v2\/posts\/228381\/revisions"}],"predecessor-version":[{"id":228383,"href":"https:\/\/www.eldiario.net\/portal\/wp-json\/wp\/v2\/posts\/228381\/revisions\/228383"}],"wp:featuredmedia":[{"embeddable":true,"href":"https:\/\/www.eldiario.net\/portal\/wp-json\/wp\/v2\/media\/228382"}],"wp:attachment":[{"href":"https:\/\/www.eldiario.net\/portal\/wp-json\/wp\/v2\/media?parent=228381"}],"wp:term":[{"taxonomy":"category","embeddable":true,"href":"https:\/\/www.eldiario.net\/portal\/wp-json\/wp\/v2\/categories?post=228381"},{"taxonomy":"post_tag","embeddable":true,"href":"https:\/\/www.eldiario.net\/portal\/wp-json\/wp\/v2\/tags?post=228381"}],"curies":[{"name":"wp","href":"https:\/\/api.w.org\/{rel}","templated":true}]}}