{"id":228304,"date":"2024-06-19T06:19:16","date_gmt":"2024-06-19T10:19:16","guid":{"rendered":"https:\/\/www.eldiario.net\/portal\/?p=228304"},"modified":"2024-06-19T06:19:16","modified_gmt":"2024-06-19T10:19:16","slug":"por-octava-vez-cbn-es-la-empresa-con-mejor-reputacion-merco","status":"publish","type":"post","link":"https:\/\/www.eldiario.net\/portal\/2024\/06\/19\/por-octava-vez-cbn-es-la-empresa-con-mejor-reputacion-merco\/","title":{"rendered":"Por octava vez, CBN es la empresa con Mejor Reputaci\u00f3n MERCO"},"content":{"rendered":"<p>Una vez m\u00e1s, Cervecer\u00eda Boliviana Nacional (CBN) ha sido reconocida por su destacada reputaci\u00f3n corporativa, obteniendo el primer lugar en el ranking MERCO. Este galard\u00f3n, que premia a las empresas m\u00e1s sobresalientes de Bolivia, ha sido otorgado a CBN por octava vez, reafirmando su liderazgo y compromiso con la excelencia empresarial. Adem\u00e1s, la compa\u00f1\u00eda cervecera lidera la categor\u00eda de bebidas, posicion\u00e1ndose como la empresa n\u00famero uno en el rubro.<\/p>\n<p>\u00abLa reputaci\u00f3n corporativa es uno de los activos m\u00e1s valiosos para las empresas, y en nuestro caso, este reconocimiento es el reflejo del esfuerzo que realizamos cada d\u00eda por generar valor compartido para la sociedad y el pa\u00eds. \u00ab, sostiene el gerente General de CBN, Jos\u00e9 Andr\u00e9s Abraham.<\/p>\n<p>CBN ha demostrado consistentemente su compromiso con el desarrollo de Bolivia, realizando iniciativas que no solo buscan y consolidan el crecimiento comercial y econ\u00f3mico, sino tambi\u00e9n el bienestar de las comunidades en las que opera, el fortalecimiento de la cadena de valor y la protecci\u00f3n del medio ambiente, lo que ha contribuido a fortalecer su reputaci\u00f3n.<\/p>\n<p>\u00abPara nosotros, es muy gratificante recibir estos reconocimientos. Sin duda, resaltan nuestro rol como empresa ante la sociedad y son fruto del compromiso y la responsabilidad de cada uno de nuestros colaboradores. Agradecemos, tambi\u00e9n, el respaldo de nuestros grupos de inter\u00e9s, nuestra cadena de valor y, por supuesto, nuestros consumidores, cuya percepci\u00f3n nos ha permitido alcanzar, por octavo a\u00f1o consecutivo, el reconocimiento como la empresa con mejor reputaci\u00f3n corporativa del pa\u00eds\u00bb, refiere Abraham.<\/p>\n<p><strong>Compromiso de CBN<\/strong><\/p>\n<p>MERCO (Monitor Empresarial de Reputaci\u00f3n Corporativa) es una instituci\u00f3n internacional que eval\u00faa la reputaci\u00f3n empresarial y otros temas de gesti\u00f3n en 100 empresas del pa\u00eds, bas\u00e1ndose en una metodolog\u00eda exhaustiva que incluye sondeos a diferentes grupos de inter\u00e9s como directivos, analistas financieros, periodistas, ONG\u2019s, sindicatos y expertos en responsabilidad social corporativa.<\/p>\n<p>En el tiempo que MERCO ha venido trabajando en Bolivia, CBN se ha posicionado en el primer lugar del ranking reputacional. Desde sus inicios, hace m\u00e1s de 137 a\u00f1os, la compa\u00f1\u00eda cervecera construye d\u00eda a d\u00eda su reputaci\u00f3n liderando acciones que responden a las demandas sociales y econ\u00f3micas del pa\u00eds, la comunidad y el medio ambiente. Esto implica invertir en la creaci\u00f3n de un futuro con m\u00e1s motivos para brindar.<\/p>\n\r\n                <style type=\"text\/css\">\r\n                    \r\n                    #tdi_1  .td-doubleSlider-2 .td-item1 {\r\n                        background: url(https:\/\/www.eldiario.net\/portal\/wp-content\/uploads\/2024\/06\/NOTA-5-FOTO-3-80x60.jpg) 0 0 no-repeat;\r\n                    }\r\n                    #tdi_1  .td-doubleSlider-2 .td-item2 {\r\n                        background: url(https:\/\/www.eldiario.net\/portal\/wp-content\/uploads\/2024\/06\/NOTA-5-FOTO-4-80x60.jpg) 0 0 no-repeat;\r\n                    }\r\n                    #tdi_1  .td-doubleSlider-2 .td-item3 {\r\n                        background: url(https:\/\/www.eldiario.net\/portal\/wp-content\/uploads\/2024\/06\/NOTA-5-FOTO-1-2-80x60.jpg) 0 0 no-repeat;\r\n                    }\r\n                    #tdi_1  .td-doubleSlider-2 .td-item4 {\r\n                        background: url(https:\/\/www.eldiario.net\/portal\/wp-content\/uploads\/2024\/06\/NOTA-5-FOTO-2-2-80x60.jpg) 0 0 no-repeat;\r\n                    }\r\n                <\/style>\r\n\r\n                <div id=\"tdi_1\" class=\"td-gallery td-slide-on-2-columns\">\r\n                    <div class=\"post_td_gallery\">\r\n                        <div class=\"td-gallery-slide-top\">\r\n                           <div class=\"td-gallery-title\"><\/div>\r\n\r\n                            <div class=\"td-gallery-controls-wrapper\">\r\n                                <div class=\"td-gallery-slide-count\"><span class=\"td-gallery-slide-item-focus\">1<\/span> de 4<\/div>\r\n                                <div class=\"td-gallery-slide-prev-next-but\">\r\n                                    <i class = \"td-icon-left doubleSliderPrevButton\"><\/i>\r\n                                    <i class = \"td-icon-right doubleSliderNextButton\"><\/i>\r\n                                <\/div>\r\n                            <\/div>\r\n                        <\/div>\r\n\r\n                        <div class = \"td-doubleSlider-1 \">\r\n                            <div class = \"td-slider\">\r\n                                \r\n                    <div class = \"td-slide-item td-item1\">\r\n                        <figure class=\"td-slide-galery-figure td-slide-popup-gallery\">\r\n                            <a class=\"slide-gallery-image-link\" href=\"https:\/\/www.eldiario.net\/portal\/wp-content\/uploads\/2024\/06\/NOTA-5-FOTO-3.jpg\" title=\"NOTA-5-FOTO-3\"  data-caption=\"EL PREMIO ES UN RECONOCIMIENTO A SU FUERZA LABORAL.\"  data-description=\"\">\r\n                                <img decoding=\"async\" src=\"https:\/\/www.eldiario.net\/portal\/wp-content\/uploads\/2024\/06\/NOTA-5-FOTO-3-631x420.jpg\" srcset=\"https:\/\/www.eldiario.net\/portal\/wp-content\/uploads\/2024\/06\/NOTA-5-FOTO-3-631x420.jpg 631w, https:\/\/www.eldiario.net\/portal\/wp-content\/uploads\/2024\/06\/NOTA-5-FOTO-3-300x200.jpg 300w, https:\/\/www.eldiario.net\/portal\/wp-content\/uploads\/2024\/06\/NOTA-5-FOTO-3-768x512.jpg 768w, https:\/\/www.eldiario.net\/portal\/wp-content\/uploads\/2024\/06\/NOTA-5-FOTO-3-696x464.jpg 696w, https:\/\/www.eldiario.net\/portal\/wp-content\/uploads\/2024\/06\/NOTA-5-FOTO-3.jpg 1024w\" sizes=\"(max-width: 631px) 100vw, 631px\" alt=\"\">\r\n                            <\/a>\r\n                            <figcaption class = \"td-slide-caption td-gallery-slide-content\"><div class = \"td-gallery-slide-copywrite\">EL PREMIO ES UN RECONOCIMIENTO A SU FUERZA LABORAL.<\/div><\/figcaption>\r\n                        <\/figure>\r\n                    <\/div>\r\n                    <div class = \"td-slide-item td-item2\">\r\n                        <figure class=\"td-slide-galery-figure td-slide-popup-gallery\">\r\n                            <a class=\"slide-gallery-image-link\" href=\"https:\/\/www.eldiario.net\/portal\/wp-content\/uploads\/2024\/06\/NOTA-5-FOTO-4.jpg\" title=\"NOTA-5-FOTO-4\"  data-caption=\"EL GALARD\u00d3N PREMIA A LAS EMPRESAS M\u00c1S RELEVANTES.\"  data-description=\"\">\r\n                                <img decoding=\"async\" src=\"https:\/\/www.eldiario.net\/portal\/wp-content\/uploads\/2024\/06\/NOTA-5-FOTO-4-629x420.jpg\" srcset=\"https:\/\/www.eldiario.net\/portal\/wp-content\/uploads\/2024\/06\/NOTA-5-FOTO-4-629x420.jpg 629w, https:\/\/www.eldiario.net\/portal\/wp-content\/uploads\/2024\/06\/NOTA-5-FOTO-4-300x200.jpg 300w, https:\/\/www.eldiario.net\/portal\/wp-content\/uploads\/2024\/06\/NOTA-5-FOTO-4-1024x684.jpg 1024w, https:\/\/www.eldiario.net\/portal\/wp-content\/uploads\/2024\/06\/NOTA-5-FOTO-4-768x513.jpg 768w, https:\/\/www.eldiario.net\/portal\/wp-content\/uploads\/2024\/06\/NOTA-5-FOTO-4-696x465.jpg 696w, https:\/\/www.eldiario.net\/portal\/wp-content\/uploads\/2024\/06\/NOTA-5-FOTO-4-1068x713.jpg 1068w, https:\/\/www.eldiario.net\/portal\/wp-content\/uploads\/2024\/06\/NOTA-5-FOTO-4.jpg 1200w\" sizes=\"(max-width: 629px) 100vw, 629px\" alt=\"\">\r\n                            <\/a>\r\n                            <figcaption class = \"td-slide-caption td-gallery-slide-content\"><div class = \"td-gallery-slide-copywrite\">EL GALARD\u00d3N PREMIA A LAS EMPRESAS M\u00c1S RELEVANTES.<\/div><\/figcaption>\r\n                        <\/figure>\r\n                    <\/div>\r\n                    <div class = \"td-slide-item td-item3\">\r\n                        <figure class=\"td-slide-galery-figure td-slide-popup-gallery\">\r\n                            <a class=\"slide-gallery-image-link\" href=\"https:\/\/www.eldiario.net\/portal\/wp-content\/uploads\/2024\/06\/NOTA-5-FOTO-1-2.jpg\" title=\"NOTA-5-FOTO-1\"  data-caption=\"CBN ES UNA DE LAS INDUSTRIAS M\u00c1S S\u00d3LIDAS DEL PA\u00cdS.\"  data-description=\"\">\r\n                                <img decoding=\"async\" src=\"https:\/\/www.eldiario.net\/portal\/wp-content\/uploads\/2024\/06\/NOTA-5-FOTO-1-2-604x420.jpg\" srcset=\"https:\/\/www.eldiario.net\/portal\/wp-content\/uploads\/2024\/06\/NOTA-5-FOTO-1-2-604x420.jpg 604w, https:\/\/www.eldiario.net\/portal\/wp-content\/uploads\/2024\/06\/NOTA-5-FOTO-1-2-300x209.jpg 300w, https:\/\/www.eldiario.net\/portal\/wp-content\/uploads\/2024\/06\/NOTA-5-FOTO-1-2-1024x712.jpg 1024w, https:\/\/www.eldiario.net\/portal\/wp-content\/uploads\/2024\/06\/NOTA-5-FOTO-1-2-768x534.jpg 768w, https:\/\/www.eldiario.net\/portal\/wp-content\/uploads\/2024\/06\/NOTA-5-FOTO-1-2-696x484.jpg 696w, https:\/\/www.eldiario.net\/portal\/wp-content\/uploads\/2024\/06\/NOTA-5-FOTO-1-2-1068x742.jpg 1068w, https:\/\/www.eldiario.net\/portal\/wp-content\/uploads\/2024\/06\/NOTA-5-FOTO-1-2.jpg 1200w\" sizes=\"(max-width: 604px) 100vw, 604px\" alt=\"\">\r\n                            <\/a>\r\n                            <figcaption class = \"td-slide-caption td-gallery-slide-content\"><div class = \"td-gallery-slide-copywrite\">CBN ES UNA DE LAS INDUSTRIAS M\u00c1S S\u00d3LIDAS DEL PA\u00cdS.<\/div><\/figcaption>\r\n                        <\/figure>\r\n                    <\/div>\r\n                    <div class = \"td-slide-item td-item4\">\r\n                        <figure class=\"td-slide-galery-figure td-slide-popup-gallery\">\r\n                            <a class=\"slide-gallery-image-link\" href=\"https:\/\/www.eldiario.net\/portal\/wp-content\/uploads\/2024\/06\/NOTA-5-FOTO-2-2.jpg\" title=\"NOTA-5-FOTO-2\"  data-caption=\"LA INDUSTRIA CERVECERA EST\u00c1 COMPROMETIDA CON EL DESARROLLO DE BOLIVIA.\"  data-description=\"\">\r\n                                <img decoding=\"async\" src=\"https:\/\/www.eldiario.net\/portal\/wp-content\/uploads\/2024\/06\/NOTA-5-FOTO-2-2-571x420.jpg\" srcset=\"https:\/\/www.eldiario.net\/portal\/wp-content\/uploads\/2024\/06\/NOTA-5-FOTO-2-2-571x420.jpg 571w, https:\/\/www.eldiario.net\/portal\/wp-content\/uploads\/2024\/06\/NOTA-5-FOTO-2-2-300x221.jpg 300w, https:\/\/www.eldiario.net\/portal\/wp-content\/uploads\/2024\/06\/NOTA-5-FOTO-2-2-1024x753.jpg 1024w, https:\/\/www.eldiario.net\/portal\/wp-content\/uploads\/2024\/06\/NOTA-5-FOTO-2-2-768x564.jpg 768w, https:\/\/www.eldiario.net\/portal\/wp-content\/uploads\/2024\/06\/NOTA-5-FOTO-2-2-80x60.jpg 80w, https:\/\/www.eldiario.net\/portal\/wp-content\/uploads\/2024\/06\/NOTA-5-FOTO-2-2-696x512.jpg 696w, https:\/\/www.eldiario.net\/portal\/wp-content\/uploads\/2024\/06\/NOTA-5-FOTO-2-2-1068x785.jpg 1068w, https:\/\/www.eldiario.net\/portal\/wp-content\/uploads\/2024\/06\/NOTA-5-FOTO-2-2.jpg 1200w\" sizes=\"(max-width: 571px) 100vw, 571px\" alt=\"\">\r\n                            <\/a>\r\n                            <figcaption class = \"td-slide-caption td-gallery-slide-content\"><div class = \"td-gallery-slide-copywrite\">LA INDUSTRIA CERVECERA EST\u00c1 COMPROMETIDA CON EL DESARROLLO DE BOLIVIA.<\/div><\/figcaption>\r\n                        <\/figure>\r\n                    <\/div>\r\n                            <\/div>\r\n                        <\/div>\r\n\r\n                        <div class = \"td-doubleSlider-2\">\r\n                            <div class = \"td-slider\">\r\n                                \r\n                    <div class = \"td-button td-item1\">\r\n                        <div class = \"td-border\"><\/div>\r\n                    <\/div>\r\n                    <div class = \"td-button td-item2\">\r\n                        <div class = \"td-border\"><\/div>\r\n                    <\/div>\r\n                    <div class = \"td-button td-item3\">\r\n                        <div class = \"td-border\"><\/div>\r\n                    <\/div>\r\n                    <div class = \"td-button td-item4\">\r\n                        <div class = \"td-border\"><\/div>\r\n                    <\/div>\r\n                            <\/div>\r\n                        <\/div>\r\n\r\n                    <\/div>\r\n\r\n                <\/div>\r\n                \n","protected":false},"excerpt":{"rendered":"<p>Una vez m\u00e1s, Cervecer\u00eda Boliviana Nacional (CBN) ha sido reconocida por su destacada reputaci\u00f3n corporativa, obteniendo el primer lugar en el ranking MERCO. Este galard\u00f3n, que premia a las empresas m\u00e1s sobresalientes de Bolivia, ha sido otorgado a CBN por octava vez, reafirmando su liderazgo y compromiso con la excelencia empresarial. Adem\u00e1s, la compa\u00f1\u00eda cervecera [&hellip;]<\/p>\n","protected":false},"author":1,"featured_media":228307,"comment_status":"open","ping_status":"open","sticky":false,"template":"","format":"standard","meta":{"_acf_changed":false,"footnotes":""},"categories":[42],"tags":[],"class_list":["post-228304","post","type-post","status-publish","format-standard","has-post-thumbnail","category-femenina"],"acf":{"antetitulo":"Empresas"},"yoast_head":"<!-- This site is optimized with the Yoast SEO plugin v28.3 - https:\/\/yoast.com\/product\/yoast-seo-wordpress\/ -->\n<title>Por octava vez, CBN es la empresa con Mejor Reputaci\u00f3n MERCO - El Diario - Bolivia<\/title>\n<meta name=\"robots\" content=\"index, follow, max-snippet:-1, max-image-preview:large, max-video-preview:-1\" \/>\n<link rel=\"canonical\" href=\"https:\/\/www.eldiario.net\/portal\/2024\/06\/19\/por-octava-vez-cbn-es-la-empresa-con-mejor-reputacion-merco\/\" \/>\n<meta property=\"og:locale\" content=\"es_ES\" \/>\n<meta property=\"og:type\" content=\"article\" \/>\n<meta property=\"og:title\" content=\"Por octava vez, CBN es la empresa con Mejor Reputaci\u00f3n MERCO - El Diario - Bolivia\" \/>\n<meta property=\"og:description\" content=\"Una vez m\u00e1s, Cervecer\u00eda Boliviana Nacional (CBN) ha sido reconocida por su destacada reputaci\u00f3n corporativa, obteniendo el primer lugar en el ranking MERCO. Este galard\u00f3n, que premia a las empresas m\u00e1s sobresalientes de Bolivia, ha sido otorgado a CBN por octava vez, reafirmando su liderazgo y compromiso con la excelencia empresarial. Adem\u00e1s, la compa\u00f1\u00eda cervecera [&hellip;]\" \/>\n<meta property=\"og:url\" content=\"https:\/\/www.eldiario.net\/portal\/2024\/06\/19\/por-octava-vez-cbn-es-la-empresa-con-mejor-reputacion-merco\/\" \/>\n<meta property=\"og:site_name\" content=\"El Diario - Bolivia\" \/>\n<meta property=\"article:publisher\" content=\"https:\/\/www.facebook.com\/eldiario.bolivia\/\" \/>\n<meta property=\"article:published_time\" content=\"2024-06-19T10:19:16+00:00\" \/>\n<meta property=\"og:image\" content=\"https:\/\/www.eldiario.net\/portal\/wp-content\/uploads\/2024\/06\/NOTA-5-FOTO-1-2.jpg\" \/>\n\t<meta property=\"og:image:width\" content=\"1200\" \/>\n\t<meta property=\"og:image:height\" content=\"834\" \/>\n\t<meta property=\"og:image:type\" content=\"image\/jpeg\" \/>\n<meta name=\"author\" content=\"Jeanette\" \/>\n<meta name=\"twitter:card\" content=\"summary_large_image\" \/>\n<meta name=\"twitter:creator\" content=\"@eldiario_net\" \/>\n<meta name=\"twitter:site\" content=\"@eldiario_net\" \/>\n<meta name=\"twitter:label1\" content=\"Escrito por\" \/>\n\t<meta name=\"twitter:data1\" content=\"Jeanette\" \/>\n\t<meta name=\"twitter:label2\" content=\"Tiempo de lectura\" \/>\n\t<meta name=\"twitter:data2\" content=\"2 minutos\" \/>\n<script type=\"application\/ld+json\" class=\"yoast-schema-graph\">{\"@context\":\"https:\\\/\\\/schema.org\",\"@graph\":[{\"@type\":\"Article\",\"@id\":\"https:\\\/\\\/www.eldiario.net\\\/portal\\\/2024\\\/06\\\/19\\\/por-octava-vez-cbn-es-la-empresa-con-mejor-reputacion-merco\\\/#article\",\"isPartOf\":{\"@id\":\"https:\\\/\\\/www.eldiario.net\\\/portal\\\/2024\\\/06\\\/19\\\/por-octava-vez-cbn-es-la-empresa-con-mejor-reputacion-merco\\\/\"},\"author\":{\"name\":\"Jeanette\",\"@id\":\"https:\\\/\\\/www.eldiario.net\\\/portal\\\/#\\\/schema\\\/person\\\/f46445640444750d7d753ccd04ae01b7\"},\"headline\":\"Por octava vez, CBN es la empresa con Mejor Reputaci\u00f3n MERCO\",\"datePublished\":\"2024-06-19T10:19:16+00:00\",\"mainEntityOfPage\":{\"@id\":\"https:\\\/\\\/www.eldiario.net\\\/portal\\\/2024\\\/06\\\/19\\\/por-octava-vez-cbn-es-la-empresa-con-mejor-reputacion-merco\\\/\"},\"wordCount\":433,\"commentCount\":0,\"publisher\":{\"@id\":\"https:\\\/\\\/www.eldiario.net\\\/portal\\\/#organization\"},\"image\":{\"@id\":\"https:\\\/\\\/www.eldiario.net\\\/portal\\\/2024\\\/06\\\/19\\\/por-octava-vez-cbn-es-la-empresa-con-mejor-reputacion-merco\\\/#primaryimage\"},\"thumbnailUrl\":\"https:\\\/\\\/www.eldiario.net\\\/portal\\\/wp-content\\\/uploads\\\/2024\\\/06\\\/NOTA-5-FOTO-1-2.jpg\",\"articleSection\":[\"Femenina\"],\"inLanguage\":\"es\",\"potentialAction\":[{\"@type\":\"CommentAction\",\"name\":\"Comment\",\"target\":[\"https:\\\/\\\/www.eldiario.net\\\/portal\\\/2024\\\/06\\\/19\\\/por-octava-vez-cbn-es-la-empresa-con-mejor-reputacion-merco\\\/#respond\"]}]},{\"@type\":\"WebPage\",\"@id\":\"https:\\\/\\\/www.eldiario.net\\\/portal\\\/2024\\\/06\\\/19\\\/por-octava-vez-cbn-es-la-empresa-con-mejor-reputacion-merco\\\/\",\"url\":\"https:\\\/\\\/www.eldiario.net\\\/portal\\\/2024\\\/06\\\/19\\\/por-octava-vez-cbn-es-la-empresa-con-mejor-reputacion-merco\\\/\",\"name\":\"Por octava vez, CBN es la empresa con Mejor Reputaci\u00f3n MERCO - El Diario - Bolivia\",\"isPartOf\":{\"@id\":\"https:\\\/\\\/www.eldiario.net\\\/portal\\\/#website\"},\"primaryImageOfPage\":{\"@id\":\"https:\\\/\\\/www.eldiario.net\\\/portal\\\/2024\\\/06\\\/19\\\/por-octava-vez-cbn-es-la-empresa-con-mejor-reputacion-merco\\\/#primaryimage\"},\"image\":{\"@id\":\"https:\\\/\\\/www.eldiario.net\\\/portal\\\/2024\\\/06\\\/19\\\/por-octava-vez-cbn-es-la-empresa-con-mejor-reputacion-merco\\\/#primaryimage\"},\"thumbnailUrl\":\"https:\\\/\\\/www.eldiario.net\\\/portal\\\/wp-content\\\/uploads\\\/2024\\\/06\\\/NOTA-5-FOTO-1-2.jpg\",\"datePublished\":\"2024-06-19T10:19:16+00:00\",\"breadcrumb\":{\"@id\":\"https:\\\/\\\/www.eldiario.net\\\/portal\\\/2024\\\/06\\\/19\\\/por-octava-vez-cbn-es-la-empresa-con-mejor-reputacion-merco\\\/#breadcrumb\"},\"inLanguage\":\"es\",\"potentialAction\":[{\"@type\":\"ReadAction\",\"target\":[\"https:\\\/\\\/www.eldiario.net\\\/portal\\\/2024\\\/06\\\/19\\\/por-octava-vez-cbn-es-la-empresa-con-mejor-reputacion-merco\\\/\"]}]},{\"@type\":\"ImageObject\",\"inLanguage\":\"es\",\"@id\":\"https:\\\/\\\/www.eldiario.net\\\/portal\\\/2024\\\/06\\\/19\\\/por-octava-vez-cbn-es-la-empresa-con-mejor-reputacion-merco\\\/#primaryimage\",\"url\":\"https:\\\/\\\/www.eldiario.net\\\/portal\\\/wp-content\\\/uploads\\\/2024\\\/06\\\/NOTA-5-FOTO-1-2.jpg\",\"contentUrl\":\"https:\\\/\\\/www.eldiario.net\\\/portal\\\/wp-content\\\/uploads\\\/2024\\\/06\\\/NOTA-5-FOTO-1-2.jpg\",\"width\":1200,\"height\":834,\"caption\":\"CBN ES UNA DE LAS INDUSTRIAS M\u00c1S S\u00d3LIDAS DEL PA\u00cdS.\"},{\"@type\":\"BreadcrumbList\",\"@id\":\"https:\\\/\\\/www.eldiario.net\\\/portal\\\/2024\\\/06\\\/19\\\/por-octava-vez-cbn-es-la-empresa-con-mejor-reputacion-merco\\\/#breadcrumb\",\"itemListElement\":[{\"@type\":\"ListItem\",\"position\":1,\"name\":\"Portada\",\"item\":\"https:\\\/\\\/www.eldiario.net\\\/portal\\\/\"},{\"@type\":\"ListItem\",\"position\":2,\"name\":\"Por octava vez, CBN es la empresa con Mejor Reputaci\u00f3n MERCO\"}]},{\"@type\":\"WebSite\",\"@id\":\"https:\\\/\\\/www.eldiario.net\\\/portal\\\/#website\",\"url\":\"https:\\\/\\\/www.eldiario.net\\\/portal\\\/\",\"name\":\"El Diario - Decano de la prensa nacional\",\"description\":\"El Diario - Decano de la prensa nacional\",\"publisher\":{\"@id\":\"https:\\\/\\\/www.eldiario.net\\\/portal\\\/#organization\"},\"potentialAction\":[{\"@type\":\"SearchAction\",\"target\":{\"@type\":\"EntryPoint\",\"urlTemplate\":\"https:\\\/\\\/www.eldiario.net\\\/portal\\\/?s={search_term_string}\"},\"query-input\":{\"@type\":\"PropertyValueSpecification\",\"valueRequired\":true,\"valueName\":\"search_term_string\"}}],\"inLanguage\":\"es\"},{\"@type\":\"Organization\",\"@id\":\"https:\\\/\\\/www.eldiario.net\\\/portal\\\/#organization\",\"name\":\"El Diario - Decano de la prensa nacional\",\"url\":\"https:\\\/\\\/www.eldiario.net\\\/portal\\\/\",\"logo\":{\"@type\":\"ImageObject\",\"inLanguage\":\"es\",\"@id\":\"https:\\\/\\\/www.eldiario.net\\\/portal\\\/#\\\/schema\\\/logo\\\/image\\\/\",\"url\":\"https:\\\/\\\/www.eldiario.net\\\/portal\\\/wp-content\\\/uploads\\\/2023\\\/07\\\/logo_ED.jpg\",\"contentUrl\":\"https:\\\/\\\/www.eldiario.net\\\/portal\\\/wp-content\\\/uploads\\\/2023\\\/07\\\/logo_ED.jpg\",\"width\":272,\"height\":52,\"caption\":\"El Diario - Decano de la prensa nacional\"},\"image\":{\"@id\":\"https:\\\/\\\/www.eldiario.net\\\/portal\\\/#\\\/schema\\\/logo\\\/image\\\/\"},\"sameAs\":[\"https:\\\/\\\/www.facebook.com\\\/eldiario.bolivia\\\/\",\"https:\\\/\\\/x.com\\\/eldiario_net\"]},{\"@type\":\"Person\",\"@id\":\"https:\\\/\\\/www.eldiario.net\\\/portal\\\/#\\\/schema\\\/person\\\/f46445640444750d7d753ccd04ae01b7\",\"name\":\"Jeanette\",\"image\":{\"@type\":\"ImageObject\",\"inLanguage\":\"es\",\"@id\":\"https:\\\/\\\/secure.gravatar.com\\\/avatar\\\/3ea2118a5f7dad2b7138b1187a6b7ee55f160b9968b66013c3a3ef39dd7e5798?s=96&d=mm&r=g\",\"url\":\"https:\\\/\\\/secure.gravatar.com\\\/avatar\\\/3ea2118a5f7dad2b7138b1187a6b7ee55f160b9968b66013c3a3ef39dd7e5798?s=96&d=mm&r=g\",\"contentUrl\":\"https:\\\/\\\/secure.gravatar.com\\\/avatar\\\/3ea2118a5f7dad2b7138b1187a6b7ee55f160b9968b66013c3a3ef39dd7e5798?s=96&d=mm&r=g\",\"caption\":\"Jeanette\"},\"sameAs\":[\"https:\\\/\\\/www.eldiario.net\\\/portal\"],\"url\":\"https:\\\/\\\/www.eldiario.net\\\/portal\\\/author\\\/jeanette\\\/\"}]}<\/script>\n<!-- \/ Yoast SEO plugin. -->","yoast_head_json":{"title":"Por octava vez, CBN es la empresa con Mejor Reputaci\u00f3n MERCO - El Diario - Bolivia","robots":{"index":"index","follow":"follow","max-snippet":"max-snippet:-1","max-image-preview":"max-image-preview:large","max-video-preview":"max-video-preview:-1"},"canonical":"https:\/\/www.eldiario.net\/portal\/2024\/06\/19\/por-octava-vez-cbn-es-la-empresa-con-mejor-reputacion-merco\/","og_locale":"es_ES","og_type":"article","og_title":"Por octava vez, CBN es la empresa con Mejor Reputaci\u00f3n MERCO - El Diario - Bolivia","og_description":"Una vez m\u00e1s, Cervecer\u00eda Boliviana Nacional (CBN) ha sido reconocida por su destacada reputaci\u00f3n corporativa, obteniendo el primer lugar en el ranking MERCO. Este galard\u00f3n, que premia a las empresas m\u00e1s sobresalientes de Bolivia, ha sido otorgado a CBN por octava vez, reafirmando su liderazgo y compromiso con la excelencia empresarial. Adem\u00e1s, la compa\u00f1\u00eda cervecera [&hellip;]","og_url":"https:\/\/www.eldiario.net\/portal\/2024\/06\/19\/por-octava-vez-cbn-es-la-empresa-con-mejor-reputacion-merco\/","og_site_name":"El Diario - Bolivia","article_publisher":"https:\/\/www.facebook.com\/eldiario.bolivia\/","article_published_time":"2024-06-19T10:19:16+00:00","og_image":[{"width":1200,"height":834,"url":"https:\/\/www.eldiario.net\/portal\/wp-content\/uploads\/2024\/06\/NOTA-5-FOTO-1-2.jpg","type":"image\/jpeg"}],"author":"Jeanette","twitter_card":"summary_large_image","twitter_creator":"@eldiario_net","twitter_site":"@eldiario_net","twitter_misc":{"Escrito por":"Jeanette","Tiempo de lectura":"2 minutos"},"schema":{"@context":"https:\/\/schema.org","@graph":[{"@type":"Article","@id":"https:\/\/www.eldiario.net\/portal\/2024\/06\/19\/por-octava-vez-cbn-es-la-empresa-con-mejor-reputacion-merco\/#article","isPartOf":{"@id":"https:\/\/www.eldiario.net\/portal\/2024\/06\/19\/por-octava-vez-cbn-es-la-empresa-con-mejor-reputacion-merco\/"},"author":{"name":"Jeanette","@id":"https:\/\/www.eldiario.net\/portal\/#\/schema\/person\/f46445640444750d7d753ccd04ae01b7"},"headline":"Por octava vez, CBN es la empresa con Mejor Reputaci\u00f3n MERCO","datePublished":"2024-06-19T10:19:16+00:00","mainEntityOfPage":{"@id":"https:\/\/www.eldiario.net\/portal\/2024\/06\/19\/por-octava-vez-cbn-es-la-empresa-con-mejor-reputacion-merco\/"},"wordCount":433,"commentCount":0,"publisher":{"@id":"https:\/\/www.eldiario.net\/portal\/#organization"},"image":{"@id":"https:\/\/www.eldiario.net\/portal\/2024\/06\/19\/por-octava-vez-cbn-es-la-empresa-con-mejor-reputacion-merco\/#primaryimage"},"thumbnailUrl":"https:\/\/www.eldiario.net\/portal\/wp-content\/uploads\/2024\/06\/NOTA-5-FOTO-1-2.jpg","articleSection":["Femenina"],"inLanguage":"es","potentialAction":[{"@type":"CommentAction","name":"Comment","target":["https:\/\/www.eldiario.net\/portal\/2024\/06\/19\/por-octava-vez-cbn-es-la-empresa-con-mejor-reputacion-merco\/#respond"]}]},{"@type":"WebPage","@id":"https:\/\/www.eldiario.net\/portal\/2024\/06\/19\/por-octava-vez-cbn-es-la-empresa-con-mejor-reputacion-merco\/","url":"https:\/\/www.eldiario.net\/portal\/2024\/06\/19\/por-octava-vez-cbn-es-la-empresa-con-mejor-reputacion-merco\/","name":"Por octava vez, CBN es la empresa con Mejor Reputaci\u00f3n MERCO - El Diario - Bolivia","isPartOf":{"@id":"https:\/\/www.eldiario.net\/portal\/#website"},"primaryImageOfPage":{"@id":"https:\/\/www.eldiario.net\/portal\/2024\/06\/19\/por-octava-vez-cbn-es-la-empresa-con-mejor-reputacion-merco\/#primaryimage"},"image":{"@id":"https:\/\/www.eldiario.net\/portal\/2024\/06\/19\/por-octava-vez-cbn-es-la-empresa-con-mejor-reputacion-merco\/#primaryimage"},"thumbnailUrl":"https:\/\/www.eldiario.net\/portal\/wp-content\/uploads\/2024\/06\/NOTA-5-FOTO-1-2.jpg","datePublished":"2024-06-19T10:19:16+00:00","breadcrumb":{"@id":"https:\/\/www.eldiario.net\/portal\/2024\/06\/19\/por-octava-vez-cbn-es-la-empresa-con-mejor-reputacion-merco\/#breadcrumb"},"inLanguage":"es","potentialAction":[{"@type":"ReadAction","target":["https:\/\/www.eldiario.net\/portal\/2024\/06\/19\/por-octava-vez-cbn-es-la-empresa-con-mejor-reputacion-merco\/"]}]},{"@type":"ImageObject","inLanguage":"es","@id":"https:\/\/www.eldiario.net\/portal\/2024\/06\/19\/por-octava-vez-cbn-es-la-empresa-con-mejor-reputacion-merco\/#primaryimage","url":"https:\/\/www.eldiario.net\/portal\/wp-content\/uploads\/2024\/06\/NOTA-5-FOTO-1-2.jpg","contentUrl":"https:\/\/www.eldiario.net\/portal\/wp-content\/uploads\/2024\/06\/NOTA-5-FOTO-1-2.jpg","width":1200,"height":834,"caption":"CBN ES UNA DE LAS INDUSTRIAS M\u00c1S S\u00d3LIDAS DEL PA\u00cdS."},{"@type":"BreadcrumbList","@id":"https:\/\/www.eldiario.net\/portal\/2024\/06\/19\/por-octava-vez-cbn-es-la-empresa-con-mejor-reputacion-merco\/#breadcrumb","itemListElement":[{"@type":"ListItem","position":1,"name":"Portada","item":"https:\/\/www.eldiario.net\/portal\/"},{"@type":"ListItem","position":2,"name":"Por octava vez, CBN es la empresa con Mejor Reputaci\u00f3n MERCO"}]},{"@type":"WebSite","@id":"https:\/\/www.eldiario.net\/portal\/#website","url":"https:\/\/www.eldiario.net\/portal\/","name":"El Diario - Decano de la prensa nacional","description":"El Diario - Decano de la prensa nacional","publisher":{"@id":"https:\/\/www.eldiario.net\/portal\/#organization"},"potentialAction":[{"@type":"SearchAction","target":{"@type":"EntryPoint","urlTemplate":"https:\/\/www.eldiario.net\/portal\/?s={search_term_string}"},"query-input":{"@type":"PropertyValueSpecification","valueRequired":true,"valueName":"search_term_string"}}],"inLanguage":"es"},{"@type":"Organization","@id":"https:\/\/www.eldiario.net\/portal\/#organization","name":"El Diario - Decano de la prensa nacional","url":"https:\/\/www.eldiario.net\/portal\/","logo":{"@type":"ImageObject","inLanguage":"es","@id":"https:\/\/www.eldiario.net\/portal\/#\/schema\/logo\/image\/","url":"https:\/\/www.eldiario.net\/portal\/wp-content\/uploads\/2023\/07\/logo_ED.jpg","contentUrl":"https:\/\/www.eldiario.net\/portal\/wp-content\/uploads\/2023\/07\/logo_ED.jpg","width":272,"height":52,"caption":"El Diario - Decano de la prensa nacional"},"image":{"@id":"https:\/\/www.eldiario.net\/portal\/#\/schema\/logo\/image\/"},"sameAs":["https:\/\/www.facebook.com\/eldiario.bolivia\/","https:\/\/x.com\/eldiario_net"]},{"@type":"Person","@id":"https:\/\/www.eldiario.net\/portal\/#\/schema\/person\/f46445640444750d7d753ccd04ae01b7","name":"Jeanette","image":{"@type":"ImageObject","inLanguage":"es","@id":"https:\/\/secure.gravatar.com\/avatar\/3ea2118a5f7dad2b7138b1187a6b7ee55f160b9968b66013c3a3ef39dd7e5798?s=96&d=mm&r=g","url":"https:\/\/secure.gravatar.com\/avatar\/3ea2118a5f7dad2b7138b1187a6b7ee55f160b9968b66013c3a3ef39dd7e5798?s=96&d=mm&r=g","contentUrl":"https:\/\/secure.gravatar.com\/avatar\/3ea2118a5f7dad2b7138b1187a6b7ee55f160b9968b66013c3a3ef39dd7e5798?s=96&d=mm&r=g","caption":"Jeanette"},"sameAs":["https:\/\/www.eldiario.net\/portal"],"url":"https:\/\/www.eldiario.net\/portal\/author\/jeanette\/"}]}},"_links":{"self":[{"href":"https:\/\/www.eldiario.net\/portal\/wp-json\/wp\/v2\/posts\/228304","targetHints":{"allow":["GET"]}}],"collection":[{"href":"https:\/\/www.eldiario.net\/portal\/wp-json\/wp\/v2\/posts"}],"about":[{"href":"https:\/\/www.eldiario.net\/portal\/wp-json\/wp\/v2\/types\/post"}],"author":[{"embeddable":true,"href":"https:\/\/www.eldiario.net\/portal\/wp-json\/wp\/v2\/users\/1"}],"replies":[{"embeddable":true,"href":"https:\/\/www.eldiario.net\/portal\/wp-json\/wp\/v2\/comments?post=228304"}],"version-history":[{"count":1,"href":"https:\/\/www.eldiario.net\/portal\/wp-json\/wp\/v2\/posts\/228304\/revisions"}],"predecessor-version":[{"id":228309,"href":"https:\/\/www.eldiario.net\/portal\/wp-json\/wp\/v2\/posts\/228304\/revisions\/228309"}],"wp:featuredmedia":[{"embeddable":true,"href":"https:\/\/www.eldiario.net\/portal\/wp-json\/wp\/v2\/media\/228307"}],"wp:attachment":[{"href":"https:\/\/www.eldiario.net\/portal\/wp-json\/wp\/v2\/media?parent=228304"}],"wp:term":[{"taxonomy":"category","embeddable":true,"href":"https:\/\/www.eldiario.net\/portal\/wp-json\/wp\/v2\/categories?post=228304"},{"taxonomy":"post_tag","embeddable":true,"href":"https:\/\/www.eldiario.net\/portal\/wp-json\/wp\/v2\/tags?post=228304"}],"curies":[{"name":"wp","href":"https:\/\/api.w.org\/{rel}","templated":true}]}}