{"id":228275,"date":"2024-06-19T06:03:52","date_gmt":"2024-06-19T10:03:52","guid":{"rendered":"https:\/\/www.eldiario.net\/portal\/?p=228275"},"modified":"2024-06-19T06:03:52","modified_gmt":"2024-06-19T10:03:52","slug":"obdefolk-y-acfo-convocan-a-bailar-contra-el-plagio-puneno","status":"publish","type":"post","link":"https:\/\/www.eldiario.net\/portal\/2024\/06\/19\/obdefolk-y-acfo-convocan-a-bailar-contra-el-plagio-puneno\/","title":{"rendered":"OBDEFOLK y ACFO convocan  a bailar contra el plagio pune\u00f1o"},"content":{"rendered":"<p>La Organizaci\u00f3n de Defensa del Folklore Boliviano, antes OBDEFO, hoy OBDEFOLK, con presencia de una directiva en 15 pa\u00edses, llevar\u00e1 adelante la d\u00e9cimo cuarta defensa internacional de las danzas bolivianas el pr\u00f3ximo 4 de agosto.<\/p>\n<p>Son 20 a\u00f1os que OBDEFOLK de forma independiente, voluntaria, sin fines de lucro y con el firme prop\u00f3sito de promocionar, difundir y defender el patrimonio cultural de Bolivia, viene consolidando un trabajo con los bolivianos en diferentes partes del mundo, quienes se suman a la tarea de sentar soberan\u00eda sobre las danzas con sello nacional.<\/p>\n<p>\u201cEn la actual coyuntura hemos sido espectadores de c\u00f3mo un pa\u00eds, Per\u00fa, guiado por una de sus regiones, Puno,\u00a0 ha cometido una apropiaci\u00f3n indebida y descarada al nombrar las danzas patrimoniales bolivianas como si fuesen parte del\u00a0 patrimonio peruano. De esta forma, danzas como la morenada, diablada, tinku, caporal, son difundidas en redes sociales, inclusive en la \u00faltima gesti\u00f3n han proclamado a la llamerada como danza patrimonial peruana. Ante este actuar c\u00ednico, OBDEFOLK ha decidido llevar adelante la defensa de las danzas bolivianas con la\u00a0 participaci\u00f3n de connacionales y simpatizantes del folklore boliviano en el mundo\u201d, expres\u00f3 su presidente, Napole\u00f3n G\u00f3mez.<\/p>\n<p>Buscando la unidad de los bolivianos, en esta tarea de difusi\u00f3n mundial, el pasado viernes 6 de junio, en el sal\u00f3n rojo de la Alcald\u00eda de Oruro, los representantes de la Organizaci\u00f3n Boliviana de Defensa y Difusi\u00f3n del Folklore, Napole\u00f3n G\u00f3mez, y de la Asociaci\u00f3n de Conjuntos Folkl\u00f3ricos de Oruro, \u00c1ngel Arancibia, se unieron y dieron a conocer una convocatoria conjunta para que los bolivianos en el mundo bailen en protesta contra el plagio pune\u00f1o, dentro el marco de la protecci\u00f3n y salvaguarda del patrimonio cultural inmaterial de Bolivia.<\/p>\n<p>\u201cDe esta manera, la ACFO concreta su importante participaci\u00f3n. La cita es el pr\u00f3ximo 4 de agosto. Las inscripciones son gratuitas. Se pretende alcanzar a 100 ciudades participantes que a partir del mediod\u00eda (en sus respectivos horarios) bailar\u00e1n diferentes danzas bolivianas durante una hora, transmitiendo en vivo y haciendo flamear las banderas bolivianas, con carteles que reflejen el malestar ante el plagio pune\u00f1o\u201d, anunci\u00f3 G\u00f3mez.<\/p>\n<p>\u201cLos bolivianos bailamos en contra del plagio pune\u00f1o\u201d, as\u00ed rezar\u00e1 el reclamo leg\u00edtimo a la UNESCO\u201d, subray\u00f3.<\/p>\n<p>Actualmente hay 95 ciudades y municipios inscritos.<\/p>\n<p><strong>HISTORIA DE OBDEFOLK<\/strong><\/p>\n<p>OBDEFOLK, antes OBDEFO (Organizaci\u00f3n Boliviana de Defensa y Difusi\u00f3n del Folklore), fue fundada el 10 de julio de 2004 por iniciativa de Napole\u00f3n G\u00f3mez, Enrique Koziner y un grupo de personas, quienes se organizaron para repudiar el plagio y la apropiaci\u00f3n indebida de las danzas y m\u00fasica nacionales por parte de pa\u00edses vecinos.<\/p>\n<p>El principal objetivo siempre fue promocionar y difundir el patrimonio cultural inmaterial. En otras palabras, defender la identidad boliviana y lo aut\u00e9ntico, para lograr el reconocimiento del folklore boliviano en el mundo. Para este cometido se propusieron organizar eventos multitudinarios desde Bolivia, que trascendieran fronteras y poner el sello boliviano, con la participaci\u00f3n de miles de bolivianos dentro y fuera del pa\u00eds.<\/p>\n<p>Han transcurrido 20 a\u00f1os, hoy OBDEFOLK es una organizaci\u00f3n mundial, con una directiva y coordinadores en 15 pa\u00edses y tiene presencia en 4 continentes del mundo.<\/p>\n<p>El primer impacto mundial de OBDEFOLK fue cuando marc\u00f3 historia al reunir \u201cEl mayor conjunto de zampo\u00f1istas con 2.317 m\u00fasicos\u201d. Con la participaci\u00f3n de ni\u00f1os, j\u00f3venes y adultos se logr\u00f3 inscribir el nombre de Bolivia en el famoso libro de los Records Guinness. As\u00ed, se bati\u00f3 el primer r\u00e9cord Guinness de Bolivia. Con la participaci\u00f3n y apoyo de voluntarios bolivianos que aman el folklore nacional, se hizo posible este impresionante inolvidable e hist\u00f3rico r\u00e9cord mundial, mostrando al mundo entero que la zampo\u00f1a es de Bolivia.<\/p>\n<p>El 2005 se organiz\u00f3 el R\u00e9cord Nacional de Caporales con m\u00e1s de 3.000 bailarines llegados de diferentes ciudades de Bolivia, quienes bailaron en La Paz con todo su entusiasmo y pasi\u00f3n por la danza, colmando el centro pace\u00f1o ante la atenci\u00f3n de la prensa nacional e internacional. Este evento cre\u00f3 la atenci\u00f3n de residentes bolivianos en el extranjero, quienes anoticiados de este logro se unieron para realizar el 19 de julio del a\u00f1o 2010 el 1er. Encuentro Mundial de Caporales 100% Boliviano. En esa oportunidad, m\u00e1s de 20.000 participantes bailaron a la misma hora en 45 ciudades en 18 pa\u00edses del mundo.<\/p>\n<p>El entusiasmo y la emoci\u00f3n fue creciendo y el a\u00f1o 2011 se organiz\u00f3 el Encuentro Mundial del Tinku 100% boliviano. Este ancestral ritual hecho danza tambi\u00e9n tuvo mucho \u00e9xito, contando con la participaci\u00f3n de miles de danzarines en 38 ciudades de 16 pa\u00edses.<\/p>\n<p>En el a\u00f1o 2016, OBDEFOLK llev\u00f3 la \u201cMorenada 100% boliviana\u201d, conformada por 120 bailarines, al Carnaval de San Francisco en Estados Unidos, donde gan\u00f3 el primer premio entre 25 pa\u00edses. El impacto fue tal en Las Vegas, que la alcaldesa de esa ciudad declaro d\u00eda de OBDEFOLK cada 26 de mayo.<\/p>\n<p>OBDEFOLK, en sus 20 a\u00f1os, bajo la direcci\u00f3n de su presidente vitalicio, Napole\u00f3n G\u00f3mez Silva, bati\u00f3 cuatro records guinness, y apoy\u00f3 y asesor\u00f3 la inscripci\u00f3n del Charango m\u00e1s Grande del Mundo de Villa Serrano, Sucre.<\/p>\n<p>\u201cCon la convocatoria de este a\u00f1o \u201cLos bolivianos bailaremos contra el plagio y en reclamo a la Unesco\u201d son 14 Encuentros mundiales que realizamos, adem\u00e1s de dos virtuales que organizamos durante la pandemia. En estas dos d\u00e9cadas de trabajo voluntario y sin fines de lucro, cabe resaltar que OBDEFOLK nunca cobr\u00f3 inscripciones de participaci\u00f3n, siempre fueron gratuitas. Por ello se tiene miles de seguidores en el mundo, con quienes de manera unida se llev\u00f3 muy en alto la cultura boliviana y la tricolor en actividades de impacto mundial que los peruanos y chilenos nunca podr\u00e1n organizar\u201d, destac\u00f3 el directivo.<\/p>\n<p><strong>OBDEFOLK<\/strong><\/p>\n<p><strong>VISI\u00d3N <\/strong><\/p>\n<p>Defender y difundir el folklore por ser una de las mayores riquezas de Bolivia y por constituirse en una de las manifestaciones culturales y expresivas de la identidad nacional, y lograr el reconocimiento del folklore boliviano en el \u00e1mbito nacional e internacional.<\/p>\n<p><strong>MISI\u00d3N<\/strong><\/p>\n<p>Trabajar en pro de nuestro folklore, de la danza, del vestuario, de la m\u00fasica y de nuestros instrumentos, porque OBDEFO defiende la identidad y lo aut\u00e9ntico de Bolivia.<\/p>\n<p>Para el 4 de agosto, las inscripciones son gratuitas y pueden visitar la p\u00e1gina de Facebook: OBDEFOLK<\/p>\n<p>WhatsApp: +59172518725<\/p>\n\r\n                <style type=\"text\/css\">\r\n                    \r\n                    #tdi_1  .td-doubleSlider-2 .td-item1 {\r\n                        background: url(https:\/\/www.eldiario.net\/portal\/wp-content\/uploads\/2024\/06\/1-PRINCIPAL-1-80x60.jpg) 0 0 no-repeat;\r\n                    }\r\n                    #tdi_1  .td-doubleSlider-2 .td-item2 {\r\n                        background: url(https:\/\/www.eldiario.net\/portal\/wp-content\/uploads\/2024\/06\/2--80x60.jpg) 0 0 no-repeat;\r\n                    }\r\n                    #tdi_1  .td-doubleSlider-2 .td-item3 {\r\n                        background: url(https:\/\/www.eldiario.net\/portal\/wp-content\/uploads\/2024\/06\/3-1-2-80x60.jpg) 0 0 no-repeat;\r\n                    }\r\n                    #tdi_1  .td-doubleSlider-2 .td-item4 {\r\n                        background: url(https:\/\/www.eldiario.net\/portal\/wp-content\/uploads\/2024\/06\/4--80x60.jpg) 0 0 no-repeat;\r\n                    }\r\n                    #tdi_1  .td-doubleSlider-2 .td-item5 {\r\n                        background: url(https:\/\/www.eldiario.net\/portal\/wp-content\/uploads\/2024\/06\/5-1-1-80x60.jpg) 0 0 no-repeat;\r\n                    }\r\n                <\/style>\r\n\r\n                <div id=\"tdi_1\" class=\"td-gallery td-slide-on-2-columns\">\r\n                    <div class=\"post_td_gallery\">\r\n                        <div class=\"td-gallery-slide-top\">\r\n                           <div class=\"td-gallery-title\"><\/div>\r\n\r\n                            <div class=\"td-gallery-controls-wrapper\">\r\n                                <div class=\"td-gallery-slide-count\"><span class=\"td-gallery-slide-item-focus\">1<\/span> de 5<\/div>\r\n                                <div class=\"td-gallery-slide-prev-next-but\">\r\n                                    <i class = \"td-icon-left doubleSliderPrevButton\"><\/i>\r\n                                    <i class = \"td-icon-right doubleSliderNextButton\"><\/i>\r\n                                <\/div>\r\n                            <\/div>\r\n                        <\/div>\r\n\r\n                        <div class = \"td-doubleSlider-1 \">\r\n                            <div class = \"td-slider\">\r\n                                \r\n                    <div class = \"td-slide-item td-item1\">\r\n                        <figure class=\"td-slide-galery-figure td-slide-popup-gallery\">\r\n                            <a class=\"slide-gallery-image-link\" href=\"https:\/\/www.eldiario.net\/portal\/wp-content\/uploads\/2024\/06\/1-PRINCIPAL-1.jpg\" title=\"1-PRINCIPAL\"  data-caption=\"\"  data-description=\"\">\r\n                                <img decoding=\"async\" src=\"https:\/\/www.eldiario.net\/portal\/wp-content\/uploads\/2024\/06\/1-PRINCIPAL-1-840x420.jpg\" srcset=\"https:\/\/www.eldiario.net\/portal\/wp-content\/uploads\/2024\/06\/1-PRINCIPAL-1-840x420.jpg 840w, https:\/\/www.eldiario.net\/portal\/wp-content\/uploads\/2024\/06\/1-PRINCIPAL-1-300x150.jpg 300w, https:\/\/www.eldiario.net\/portal\/wp-content\/uploads\/2024\/06\/1-PRINCIPAL-1-1024x512.jpg 1024w, https:\/\/www.eldiario.net\/portal\/wp-content\/uploads\/2024\/06\/1-PRINCIPAL-1-768x384.jpg 768w, https:\/\/www.eldiario.net\/portal\/wp-content\/uploads\/2024\/06\/1-PRINCIPAL-1-696x348.jpg 696w, https:\/\/www.eldiario.net\/portal\/wp-content\/uploads\/2024\/06\/1-PRINCIPAL-1-1068x534.jpg 1068w, https:\/\/www.eldiario.net\/portal\/wp-content\/uploads\/2024\/06\/1-PRINCIPAL-1.jpg 1200w\" sizes=\"(max-width: 840px) 100vw, 840px\" alt=\"\">\r\n                            <\/a>\r\n                            \r\n                        <\/figure>\r\n                    <\/div>\r\n                    <div class = \"td-slide-item td-item2\">\r\n                        <figure class=\"td-slide-galery-figure td-slide-popup-gallery\">\r\n                            <a class=\"slide-gallery-image-link\" href=\"https:\/\/www.eldiario.net\/portal\/wp-content\/uploads\/2024\/06\/2-.jpg\" title=\"2-\"  data-caption=\"\"  data-description=\"\">\r\n                                <img decoding=\"async\" src=\"https:\/\/www.eldiario.net\/portal\/wp-content\/uploads\/2024\/06\/2--333x420.jpg\" srcset=\"https:\/\/www.eldiario.net\/portal\/wp-content\/uploads\/2024\/06\/2--333x420.jpg 333w, https:\/\/www.eldiario.net\/portal\/wp-content\/uploads\/2024\/06\/2--238x300.jpg 238w, https:\/\/www.eldiario.net\/portal\/wp-content\/uploads\/2024\/06\/2--811x1024.jpg 811w, https:\/\/www.eldiario.net\/portal\/wp-content\/uploads\/2024\/06\/2--768x970.jpg 768w, https:\/\/www.eldiario.net\/portal\/wp-content\/uploads\/2024\/06\/2--696x879.jpg 696w, https:\/\/www.eldiario.net\/portal\/wp-content\/uploads\/2024\/06\/2--1068x1348.jpg 1068w, https:\/\/www.eldiario.net\/portal\/wp-content\/uploads\/2024\/06\/2-.jpg 1200w\" sizes=\"(max-width: 333px) 100vw, 333px\" alt=\"\">\r\n                            <\/a>\r\n                            \r\n                        <\/figure>\r\n                    <\/div>\r\n                    <div class = \"td-slide-item td-item3\">\r\n                        <figure class=\"td-slide-galery-figure td-slide-popup-gallery\">\r\n                            <a class=\"slide-gallery-image-link\" href=\"https:\/\/www.eldiario.net\/portal\/wp-content\/uploads\/2024\/06\/3-1-2.jpg\" title=\"3-\"  data-caption=\"\"  data-description=\"\">\r\n                                <img decoding=\"async\" src=\"https:\/\/www.eldiario.net\/portal\/wp-content\/uploads\/2024\/06\/3-1-2-630x420.jpg\" srcset=\"https:\/\/www.eldiario.net\/portal\/wp-content\/uploads\/2024\/06\/3-1-2-630x420.jpg 630w, https:\/\/www.eldiario.net\/portal\/wp-content\/uploads\/2024\/06\/3-1-2-300x200.jpg 300w, https:\/\/www.eldiario.net\/portal\/wp-content\/uploads\/2024\/06\/3-1-2-768x512.jpg 768w, https:\/\/www.eldiario.net\/portal\/wp-content\/uploads\/2024\/06\/3-1-2-696x464.jpg 696w, https:\/\/www.eldiario.net\/portal\/wp-content\/uploads\/2024\/06\/3-1-2.jpg 990w\" sizes=\"(max-width: 630px) 100vw, 630px\" alt=\"\">\r\n                            <\/a>\r\n                            \r\n                        <\/figure>\r\n                    <\/div>\r\n                    <div class = \"td-slide-item td-item4\">\r\n                        <figure class=\"td-slide-galery-figure td-slide-popup-gallery\">\r\n                            <a class=\"slide-gallery-image-link\" href=\"https:\/\/www.eldiario.net\/portal\/wp-content\/uploads\/2024\/06\/4-.jpg\" title=\"4-\"  data-caption=\"\"  data-description=\"\">\r\n                                <img decoding=\"async\" src=\"https:\/\/www.eldiario.net\/portal\/wp-content\/uploads\/2024\/06\/4--560x420.jpg\" srcset=\"https:\/\/www.eldiario.net\/portal\/wp-content\/uploads\/2024\/06\/4--560x420.jpg 560w, https:\/\/www.eldiario.net\/portal\/wp-content\/uploads\/2024\/06\/4--300x225.jpg 300w, https:\/\/www.eldiario.net\/portal\/wp-content\/uploads\/2024\/06\/4--1024x768.jpg 1024w, https:\/\/www.eldiario.net\/portal\/wp-content\/uploads\/2024\/06\/4--768x576.jpg 768w, https:\/\/www.eldiario.net\/portal\/wp-content\/uploads\/2024\/06\/4--80x60.jpg 80w, https:\/\/www.eldiario.net\/portal\/wp-content\/uploads\/2024\/06\/4--696x522.jpg 696w, https:\/\/www.eldiario.net\/portal\/wp-content\/uploads\/2024\/06\/4--1068x801.jpg 1068w, https:\/\/www.eldiario.net\/portal\/wp-content\/uploads\/2024\/06\/4-.jpg 1152w\" sizes=\"(max-width: 560px) 100vw, 560px\" alt=\"\">\r\n                            <\/a>\r\n                            \r\n                        <\/figure>\r\n                    <\/div>\r\n                    <div class = \"td-slide-item td-item5\">\r\n                        <figure class=\"td-slide-galery-figure td-slide-popup-gallery\">\r\n                            <a class=\"slide-gallery-image-link\" href=\"https:\/\/www.eldiario.net\/portal\/wp-content\/uploads\/2024\/06\/5-1-1.jpg\" title=\"5-\"  data-caption=\"\"  data-description=\"\">\r\n                                <img decoding=\"async\" src=\"https:\/\/www.eldiario.net\/portal\/wp-content\/uploads\/2024\/06\/5-1-1-956x420.jpg\" srcset=\"https:\/\/www.eldiario.net\/portal\/wp-content\/uploads\/2024\/06\/5-1-1-956x420.jpg 956w, https:\/\/www.eldiario.net\/portal\/wp-content\/uploads\/2024\/06\/5-1-1-300x132.jpg 300w, https:\/\/www.eldiario.net\/portal\/wp-content\/uploads\/2024\/06\/5-1-1-1024x450.jpg 1024w, https:\/\/www.eldiario.net\/portal\/wp-content\/uploads\/2024\/06\/5-1-1-768x337.jpg 768w, https:\/\/www.eldiario.net\/portal\/wp-content\/uploads\/2024\/06\/5-1-1-696x306.jpg 696w, https:\/\/www.eldiario.net\/portal\/wp-content\/uploads\/2024\/06\/5-1-1-1068x469.jpg 1068w, https:\/\/www.eldiario.net\/portal\/wp-content\/uploads\/2024\/06\/5-1-1.jpg 1200w\" sizes=\"(max-width: 956px) 100vw, 956px\" alt=\"\">\r\n                            <\/a>\r\n                            \r\n                        <\/figure>\r\n                    <\/div>\r\n                            <\/div>\r\n                        <\/div>\r\n\r\n                        <div class = \"td-doubleSlider-2\">\r\n                            <div class = \"td-slider\">\r\n                                \r\n                    <div class = \"td-button td-item1\">\r\n                        <div class = \"td-border\"><\/div>\r\n                    <\/div>\r\n                    <div class = \"td-button td-item2\">\r\n                        <div class = \"td-border\"><\/div>\r\n                    <\/div>\r\n                    <div class = \"td-button td-item3\">\r\n                        <div class = \"td-border\"><\/div>\r\n                    <\/div>\r\n                    <div class = \"td-button td-item4\">\r\n                        <div class = \"td-border\"><\/div>\r\n                    <\/div>\r\n                    <div class = \"td-button td-item5\">\r\n                        <div class = \"td-border\"><\/div>\r\n                    <\/div>\r\n                            <\/div>\r\n                        <\/div>\r\n\r\n                    <\/div>\r\n\r\n                <\/div>\r\n                \n","protected":false},"excerpt":{"rendered":"<p>La Organizaci\u00f3n de Defensa del Folklore Boliviano, antes OBDEFO, hoy OBDEFOLK, con presencia de una directiva en 15 pa\u00edses, llevar\u00e1 adelante la d\u00e9cimo cuarta defensa internacional de las danzas bolivianas el pr\u00f3ximo 4 de agosto. Son 20 a\u00f1os que OBDEFOLK de forma independiente, voluntaria, sin fines de lucro y con el firme prop\u00f3sito de promocionar, [&hellip;]<\/p>\n","protected":false},"author":1,"featured_media":228276,"comment_status":"open","ping_status":"open","sticky":false,"template":"","format":"standard","meta":{"_acf_changed":false,"footnotes":""},"categories":[41],"tags":[],"class_list":["post-228275","post","type-post","status-publish","format-standard","has-post-thumbnail","category-la-guia"],"acf":{"antetitulo":""},"yoast_head":"<!-- This site is optimized with the Yoast SEO plugin v28.3 - https:\/\/yoast.com\/product\/yoast-seo-wordpress\/ -->\n<title>OBDEFOLK y ACFO convocan a bailar contra el plagio pune\u00f1o - El Diario - Bolivia<\/title>\n<meta name=\"robots\" content=\"index, follow, max-snippet:-1, max-image-preview:large, max-video-preview:-1\" \/>\n<link rel=\"canonical\" href=\"https:\/\/www.eldiario.net\/portal\/2024\/06\/19\/obdefolk-y-acfo-convocan-a-bailar-contra-el-plagio-puneno\/\" \/>\n<meta property=\"og:locale\" content=\"es_ES\" \/>\n<meta property=\"og:type\" content=\"article\" \/>\n<meta property=\"og:title\" content=\"OBDEFOLK y ACFO convocan a bailar contra el plagio pune\u00f1o - El Diario - Bolivia\" \/>\n<meta property=\"og:description\" content=\"La Organizaci\u00f3n de Defensa del Folklore Boliviano, antes OBDEFO, hoy OBDEFOLK, con presencia de una directiva en 15 pa\u00edses, llevar\u00e1 adelante la d\u00e9cimo cuarta defensa internacional de las danzas bolivianas el pr\u00f3ximo 4 de agosto. Son 20 a\u00f1os que OBDEFOLK de forma independiente, voluntaria, sin fines de lucro y con el firme prop\u00f3sito de promocionar, [&hellip;]\" \/>\n<meta property=\"og:url\" content=\"https:\/\/www.eldiario.net\/portal\/2024\/06\/19\/obdefolk-y-acfo-convocan-a-bailar-contra-el-plagio-puneno\/\" \/>\n<meta property=\"og:site_name\" content=\"El Diario - Bolivia\" \/>\n<meta property=\"article:publisher\" content=\"https:\/\/www.facebook.com\/eldiario.bolivia\/\" \/>\n<meta property=\"article:published_time\" content=\"2024-06-19T10:03:52+00:00\" \/>\n<meta property=\"og:image\" content=\"https:\/\/www.eldiario.net\/portal\/wp-content\/uploads\/2024\/06\/1-PRINCIPAL-1.jpg\" \/>\n\t<meta property=\"og:image:width\" content=\"1200\" \/>\n\t<meta property=\"og:image:height\" content=\"600\" \/>\n\t<meta property=\"og:image:type\" content=\"image\/jpeg\" \/>\n<meta name=\"author\" content=\"Jeanette\" \/>\n<meta name=\"twitter:card\" content=\"summary_large_image\" \/>\n<meta name=\"twitter:creator\" content=\"@eldiario_net\" \/>\n<meta name=\"twitter:site\" content=\"@eldiario_net\" \/>\n<meta name=\"twitter:label1\" content=\"Escrito por\" \/>\n\t<meta name=\"twitter:data1\" content=\"Jeanette\" \/>\n\t<meta name=\"twitter:label2\" content=\"Tiempo de lectura\" \/>\n\t<meta name=\"twitter:data2\" content=\"5 minutos\" \/>\n<script type=\"application\/ld+json\" class=\"yoast-schema-graph\">{\"@context\":\"https:\\\/\\\/schema.org\",\"@graph\":[{\"@type\":\"Article\",\"@id\":\"https:\\\/\\\/www.eldiario.net\\\/portal\\\/2024\\\/06\\\/19\\\/obdefolk-y-acfo-convocan-a-bailar-contra-el-plagio-puneno\\\/#article\",\"isPartOf\":{\"@id\":\"https:\\\/\\\/www.eldiario.net\\\/portal\\\/2024\\\/06\\\/19\\\/obdefolk-y-acfo-convocan-a-bailar-contra-el-plagio-puneno\\\/\"},\"author\":{\"name\":\"Jeanette\",\"@id\":\"https:\\\/\\\/www.eldiario.net\\\/portal\\\/#\\\/schema\\\/person\\\/f46445640444750d7d753ccd04ae01b7\"},\"headline\":\"OBDEFOLK y ACFO convocan a bailar contra el plagio pune\u00f1o\",\"datePublished\":\"2024-06-19T10:03:52+00:00\",\"mainEntityOfPage\":{\"@id\":\"https:\\\/\\\/www.eldiario.net\\\/portal\\\/2024\\\/06\\\/19\\\/obdefolk-y-acfo-convocan-a-bailar-contra-el-plagio-puneno\\\/\"},\"wordCount\":1096,\"commentCount\":0,\"publisher\":{\"@id\":\"https:\\\/\\\/www.eldiario.net\\\/portal\\\/#organization\"},\"image\":{\"@id\":\"https:\\\/\\\/www.eldiario.net\\\/portal\\\/2024\\\/06\\\/19\\\/obdefolk-y-acfo-convocan-a-bailar-contra-el-plagio-puneno\\\/#primaryimage\"},\"thumbnailUrl\":\"https:\\\/\\\/www.eldiario.net\\\/portal\\\/wp-content\\\/uploads\\\/2024\\\/06\\\/1-PRINCIPAL-1.jpg\",\"articleSection\":[\"La Gu\u00eda\"],\"inLanguage\":\"es\",\"potentialAction\":[{\"@type\":\"CommentAction\",\"name\":\"Comment\",\"target\":[\"https:\\\/\\\/www.eldiario.net\\\/portal\\\/2024\\\/06\\\/19\\\/obdefolk-y-acfo-convocan-a-bailar-contra-el-plagio-puneno\\\/#respond\"]}]},{\"@type\":\"WebPage\",\"@id\":\"https:\\\/\\\/www.eldiario.net\\\/portal\\\/2024\\\/06\\\/19\\\/obdefolk-y-acfo-convocan-a-bailar-contra-el-plagio-puneno\\\/\",\"url\":\"https:\\\/\\\/www.eldiario.net\\\/portal\\\/2024\\\/06\\\/19\\\/obdefolk-y-acfo-convocan-a-bailar-contra-el-plagio-puneno\\\/\",\"name\":\"OBDEFOLK y ACFO convocan a bailar contra el plagio pune\u00f1o - El Diario - Bolivia\",\"isPartOf\":{\"@id\":\"https:\\\/\\\/www.eldiario.net\\\/portal\\\/#website\"},\"primaryImageOfPage\":{\"@id\":\"https:\\\/\\\/www.eldiario.net\\\/portal\\\/2024\\\/06\\\/19\\\/obdefolk-y-acfo-convocan-a-bailar-contra-el-plagio-puneno\\\/#primaryimage\"},\"image\":{\"@id\":\"https:\\\/\\\/www.eldiario.net\\\/portal\\\/2024\\\/06\\\/19\\\/obdefolk-y-acfo-convocan-a-bailar-contra-el-plagio-puneno\\\/#primaryimage\"},\"thumbnailUrl\":\"https:\\\/\\\/www.eldiario.net\\\/portal\\\/wp-content\\\/uploads\\\/2024\\\/06\\\/1-PRINCIPAL-1.jpg\",\"datePublished\":\"2024-06-19T10:03:52+00:00\",\"breadcrumb\":{\"@id\":\"https:\\\/\\\/www.eldiario.net\\\/portal\\\/2024\\\/06\\\/19\\\/obdefolk-y-acfo-convocan-a-bailar-contra-el-plagio-puneno\\\/#breadcrumb\"},\"inLanguage\":\"es\",\"potentialAction\":[{\"@type\":\"ReadAction\",\"target\":[\"https:\\\/\\\/www.eldiario.net\\\/portal\\\/2024\\\/06\\\/19\\\/obdefolk-y-acfo-convocan-a-bailar-contra-el-plagio-puneno\\\/\"]}]},{\"@type\":\"ImageObject\",\"inLanguage\":\"es\",\"@id\":\"https:\\\/\\\/www.eldiario.net\\\/portal\\\/2024\\\/06\\\/19\\\/obdefolk-y-acfo-convocan-a-bailar-contra-el-plagio-puneno\\\/#primaryimage\",\"url\":\"https:\\\/\\\/www.eldiario.net\\\/portal\\\/wp-content\\\/uploads\\\/2024\\\/06\\\/1-PRINCIPAL-1.jpg\",\"contentUrl\":\"https:\\\/\\\/www.eldiario.net\\\/portal\\\/wp-content\\\/uploads\\\/2024\\\/06\\\/1-PRINCIPAL-1.jpg\",\"width\":1200,\"height\":600},{\"@type\":\"BreadcrumbList\",\"@id\":\"https:\\\/\\\/www.eldiario.net\\\/portal\\\/2024\\\/06\\\/19\\\/obdefolk-y-acfo-convocan-a-bailar-contra-el-plagio-puneno\\\/#breadcrumb\",\"itemListElement\":[{\"@type\":\"ListItem\",\"position\":1,\"name\":\"Portada\",\"item\":\"https:\\\/\\\/www.eldiario.net\\\/portal\\\/\"},{\"@type\":\"ListItem\",\"position\":2,\"name\":\"OBDEFOLK y ACFO convocan a bailar contra el plagio pune\u00f1o\"}]},{\"@type\":\"WebSite\",\"@id\":\"https:\\\/\\\/www.eldiario.net\\\/portal\\\/#website\",\"url\":\"https:\\\/\\\/www.eldiario.net\\\/portal\\\/\",\"name\":\"El Diario - Decano de la prensa nacional\",\"description\":\"El Diario - Decano de la prensa nacional\",\"publisher\":{\"@id\":\"https:\\\/\\\/www.eldiario.net\\\/portal\\\/#organization\"},\"potentialAction\":[{\"@type\":\"SearchAction\",\"target\":{\"@type\":\"EntryPoint\",\"urlTemplate\":\"https:\\\/\\\/www.eldiario.net\\\/portal\\\/?s={search_term_string}\"},\"query-input\":{\"@type\":\"PropertyValueSpecification\",\"valueRequired\":true,\"valueName\":\"search_term_string\"}}],\"inLanguage\":\"es\"},{\"@type\":\"Organization\",\"@id\":\"https:\\\/\\\/www.eldiario.net\\\/portal\\\/#organization\",\"name\":\"El Diario - Decano de la prensa nacional\",\"url\":\"https:\\\/\\\/www.eldiario.net\\\/portal\\\/\",\"logo\":{\"@type\":\"ImageObject\",\"inLanguage\":\"es\",\"@id\":\"https:\\\/\\\/www.eldiario.net\\\/portal\\\/#\\\/schema\\\/logo\\\/image\\\/\",\"url\":\"https:\\\/\\\/www.eldiario.net\\\/portal\\\/wp-content\\\/uploads\\\/2023\\\/07\\\/logo_ED.jpg\",\"contentUrl\":\"https:\\\/\\\/www.eldiario.net\\\/portal\\\/wp-content\\\/uploads\\\/2023\\\/07\\\/logo_ED.jpg\",\"width\":272,\"height\":52,\"caption\":\"El Diario - Decano de la prensa nacional\"},\"image\":{\"@id\":\"https:\\\/\\\/www.eldiario.net\\\/portal\\\/#\\\/schema\\\/logo\\\/image\\\/\"},\"sameAs\":[\"https:\\\/\\\/www.facebook.com\\\/eldiario.bolivia\\\/\",\"https:\\\/\\\/x.com\\\/eldiario_net\"]},{\"@type\":\"Person\",\"@id\":\"https:\\\/\\\/www.eldiario.net\\\/portal\\\/#\\\/schema\\\/person\\\/f46445640444750d7d753ccd04ae01b7\",\"name\":\"Jeanette\",\"image\":{\"@type\":\"ImageObject\",\"inLanguage\":\"es\",\"@id\":\"https:\\\/\\\/secure.gravatar.com\\\/avatar\\\/3ea2118a5f7dad2b7138b1187a6b7ee55f160b9968b66013c3a3ef39dd7e5798?s=96&d=mm&r=g\",\"url\":\"https:\\\/\\\/secure.gravatar.com\\\/avatar\\\/3ea2118a5f7dad2b7138b1187a6b7ee55f160b9968b66013c3a3ef39dd7e5798?s=96&d=mm&r=g\",\"contentUrl\":\"https:\\\/\\\/secure.gravatar.com\\\/avatar\\\/3ea2118a5f7dad2b7138b1187a6b7ee55f160b9968b66013c3a3ef39dd7e5798?s=96&d=mm&r=g\",\"caption\":\"Jeanette\"},\"sameAs\":[\"https:\\\/\\\/www.eldiario.net\\\/portal\"],\"url\":\"https:\\\/\\\/www.eldiario.net\\\/portal\\\/author\\\/jeanette\\\/\"}]}<\/script>\n<!-- \/ Yoast SEO plugin. -->","yoast_head_json":{"title":"OBDEFOLK y ACFO convocan a bailar contra el plagio pune\u00f1o - El Diario - Bolivia","robots":{"index":"index","follow":"follow","max-snippet":"max-snippet:-1","max-image-preview":"max-image-preview:large","max-video-preview":"max-video-preview:-1"},"canonical":"https:\/\/www.eldiario.net\/portal\/2024\/06\/19\/obdefolk-y-acfo-convocan-a-bailar-contra-el-plagio-puneno\/","og_locale":"es_ES","og_type":"article","og_title":"OBDEFOLK y ACFO convocan a bailar contra el plagio pune\u00f1o - El Diario - Bolivia","og_description":"La Organizaci\u00f3n de Defensa del Folklore Boliviano, antes OBDEFO, hoy OBDEFOLK, con presencia de una directiva en 15 pa\u00edses, llevar\u00e1 adelante la d\u00e9cimo cuarta defensa internacional de las danzas bolivianas el pr\u00f3ximo 4 de agosto. Son 20 a\u00f1os que OBDEFOLK de forma independiente, voluntaria, sin fines de lucro y con el firme prop\u00f3sito de promocionar, [&hellip;]","og_url":"https:\/\/www.eldiario.net\/portal\/2024\/06\/19\/obdefolk-y-acfo-convocan-a-bailar-contra-el-plagio-puneno\/","og_site_name":"El Diario - Bolivia","article_publisher":"https:\/\/www.facebook.com\/eldiario.bolivia\/","article_published_time":"2024-06-19T10:03:52+00:00","og_image":[{"width":1200,"height":600,"url":"https:\/\/www.eldiario.net\/portal\/wp-content\/uploads\/2024\/06\/1-PRINCIPAL-1.jpg","type":"image\/jpeg"}],"author":"Jeanette","twitter_card":"summary_large_image","twitter_creator":"@eldiario_net","twitter_site":"@eldiario_net","twitter_misc":{"Escrito por":"Jeanette","Tiempo de lectura":"5 minutos"},"schema":{"@context":"https:\/\/schema.org","@graph":[{"@type":"Article","@id":"https:\/\/www.eldiario.net\/portal\/2024\/06\/19\/obdefolk-y-acfo-convocan-a-bailar-contra-el-plagio-puneno\/#article","isPartOf":{"@id":"https:\/\/www.eldiario.net\/portal\/2024\/06\/19\/obdefolk-y-acfo-convocan-a-bailar-contra-el-plagio-puneno\/"},"author":{"name":"Jeanette","@id":"https:\/\/www.eldiario.net\/portal\/#\/schema\/person\/f46445640444750d7d753ccd04ae01b7"},"headline":"OBDEFOLK y ACFO convocan a bailar contra el plagio pune\u00f1o","datePublished":"2024-06-19T10:03:52+00:00","mainEntityOfPage":{"@id":"https:\/\/www.eldiario.net\/portal\/2024\/06\/19\/obdefolk-y-acfo-convocan-a-bailar-contra-el-plagio-puneno\/"},"wordCount":1096,"commentCount":0,"publisher":{"@id":"https:\/\/www.eldiario.net\/portal\/#organization"},"image":{"@id":"https:\/\/www.eldiario.net\/portal\/2024\/06\/19\/obdefolk-y-acfo-convocan-a-bailar-contra-el-plagio-puneno\/#primaryimage"},"thumbnailUrl":"https:\/\/www.eldiario.net\/portal\/wp-content\/uploads\/2024\/06\/1-PRINCIPAL-1.jpg","articleSection":["La Gu\u00eda"],"inLanguage":"es","potentialAction":[{"@type":"CommentAction","name":"Comment","target":["https:\/\/www.eldiario.net\/portal\/2024\/06\/19\/obdefolk-y-acfo-convocan-a-bailar-contra-el-plagio-puneno\/#respond"]}]},{"@type":"WebPage","@id":"https:\/\/www.eldiario.net\/portal\/2024\/06\/19\/obdefolk-y-acfo-convocan-a-bailar-contra-el-plagio-puneno\/","url":"https:\/\/www.eldiario.net\/portal\/2024\/06\/19\/obdefolk-y-acfo-convocan-a-bailar-contra-el-plagio-puneno\/","name":"OBDEFOLK y ACFO convocan a bailar contra el plagio pune\u00f1o - El Diario - Bolivia","isPartOf":{"@id":"https:\/\/www.eldiario.net\/portal\/#website"},"primaryImageOfPage":{"@id":"https:\/\/www.eldiario.net\/portal\/2024\/06\/19\/obdefolk-y-acfo-convocan-a-bailar-contra-el-plagio-puneno\/#primaryimage"},"image":{"@id":"https:\/\/www.eldiario.net\/portal\/2024\/06\/19\/obdefolk-y-acfo-convocan-a-bailar-contra-el-plagio-puneno\/#primaryimage"},"thumbnailUrl":"https:\/\/www.eldiario.net\/portal\/wp-content\/uploads\/2024\/06\/1-PRINCIPAL-1.jpg","datePublished":"2024-06-19T10:03:52+00:00","breadcrumb":{"@id":"https:\/\/www.eldiario.net\/portal\/2024\/06\/19\/obdefolk-y-acfo-convocan-a-bailar-contra-el-plagio-puneno\/#breadcrumb"},"inLanguage":"es","potentialAction":[{"@type":"ReadAction","target":["https:\/\/www.eldiario.net\/portal\/2024\/06\/19\/obdefolk-y-acfo-convocan-a-bailar-contra-el-plagio-puneno\/"]}]},{"@type":"ImageObject","inLanguage":"es","@id":"https:\/\/www.eldiario.net\/portal\/2024\/06\/19\/obdefolk-y-acfo-convocan-a-bailar-contra-el-plagio-puneno\/#primaryimage","url":"https:\/\/www.eldiario.net\/portal\/wp-content\/uploads\/2024\/06\/1-PRINCIPAL-1.jpg","contentUrl":"https:\/\/www.eldiario.net\/portal\/wp-content\/uploads\/2024\/06\/1-PRINCIPAL-1.jpg","width":1200,"height":600},{"@type":"BreadcrumbList","@id":"https:\/\/www.eldiario.net\/portal\/2024\/06\/19\/obdefolk-y-acfo-convocan-a-bailar-contra-el-plagio-puneno\/#breadcrumb","itemListElement":[{"@type":"ListItem","position":1,"name":"Portada","item":"https:\/\/www.eldiario.net\/portal\/"},{"@type":"ListItem","position":2,"name":"OBDEFOLK y ACFO convocan a bailar contra el plagio pune\u00f1o"}]},{"@type":"WebSite","@id":"https:\/\/www.eldiario.net\/portal\/#website","url":"https:\/\/www.eldiario.net\/portal\/","name":"El Diario - Decano de la prensa nacional","description":"El Diario - Decano de la prensa nacional","publisher":{"@id":"https:\/\/www.eldiario.net\/portal\/#organization"},"potentialAction":[{"@type":"SearchAction","target":{"@type":"EntryPoint","urlTemplate":"https:\/\/www.eldiario.net\/portal\/?s={search_term_string}"},"query-input":{"@type":"PropertyValueSpecification","valueRequired":true,"valueName":"search_term_string"}}],"inLanguage":"es"},{"@type":"Organization","@id":"https:\/\/www.eldiario.net\/portal\/#organization","name":"El Diario - Decano de la prensa nacional","url":"https:\/\/www.eldiario.net\/portal\/","logo":{"@type":"ImageObject","inLanguage":"es","@id":"https:\/\/www.eldiario.net\/portal\/#\/schema\/logo\/image\/","url":"https:\/\/www.eldiario.net\/portal\/wp-content\/uploads\/2023\/07\/logo_ED.jpg","contentUrl":"https:\/\/www.eldiario.net\/portal\/wp-content\/uploads\/2023\/07\/logo_ED.jpg","width":272,"height":52,"caption":"El Diario - Decano de la prensa nacional"},"image":{"@id":"https:\/\/www.eldiario.net\/portal\/#\/schema\/logo\/image\/"},"sameAs":["https:\/\/www.facebook.com\/eldiario.bolivia\/","https:\/\/x.com\/eldiario_net"]},{"@type":"Person","@id":"https:\/\/www.eldiario.net\/portal\/#\/schema\/person\/f46445640444750d7d753ccd04ae01b7","name":"Jeanette","image":{"@type":"ImageObject","inLanguage":"es","@id":"https:\/\/secure.gravatar.com\/avatar\/3ea2118a5f7dad2b7138b1187a6b7ee55f160b9968b66013c3a3ef39dd7e5798?s=96&d=mm&r=g","url":"https:\/\/secure.gravatar.com\/avatar\/3ea2118a5f7dad2b7138b1187a6b7ee55f160b9968b66013c3a3ef39dd7e5798?s=96&d=mm&r=g","contentUrl":"https:\/\/secure.gravatar.com\/avatar\/3ea2118a5f7dad2b7138b1187a6b7ee55f160b9968b66013c3a3ef39dd7e5798?s=96&d=mm&r=g","caption":"Jeanette"},"sameAs":["https:\/\/www.eldiario.net\/portal"],"url":"https:\/\/www.eldiario.net\/portal\/author\/jeanette\/"}]}},"_links":{"self":[{"href":"https:\/\/www.eldiario.net\/portal\/wp-json\/wp\/v2\/posts\/228275","targetHints":{"allow":["GET"]}}],"collection":[{"href":"https:\/\/www.eldiario.net\/portal\/wp-json\/wp\/v2\/posts"}],"about":[{"href":"https:\/\/www.eldiario.net\/portal\/wp-json\/wp\/v2\/types\/post"}],"author":[{"embeddable":true,"href":"https:\/\/www.eldiario.net\/portal\/wp-json\/wp\/v2\/users\/1"}],"replies":[{"embeddable":true,"href":"https:\/\/www.eldiario.net\/portal\/wp-json\/wp\/v2\/comments?post=228275"}],"version-history":[{"count":1,"href":"https:\/\/www.eldiario.net\/portal\/wp-json\/wp\/v2\/posts\/228275\/revisions"}],"predecessor-version":[{"id":228281,"href":"https:\/\/www.eldiario.net\/portal\/wp-json\/wp\/v2\/posts\/228275\/revisions\/228281"}],"wp:featuredmedia":[{"embeddable":true,"href":"https:\/\/www.eldiario.net\/portal\/wp-json\/wp\/v2\/media\/228276"}],"wp:attachment":[{"href":"https:\/\/www.eldiario.net\/portal\/wp-json\/wp\/v2\/media?parent=228275"}],"wp:term":[{"taxonomy":"category","embeddable":true,"href":"https:\/\/www.eldiario.net\/portal\/wp-json\/wp\/v2\/categories?post=228275"},{"taxonomy":"post_tag","embeddable":true,"href":"https:\/\/www.eldiario.net\/portal\/wp-json\/wp\/v2\/tags?post=228275"}],"curies":[{"name":"wp","href":"https:\/\/api.w.org\/{rel}","templated":true}]}}