{"id":228269,"date":"2024-06-19T06:00:52","date_gmt":"2024-06-19T10:00:52","guid":{"rendered":"https:\/\/www.eldiario.net\/portal\/?p=228269"},"modified":"2024-06-19T06:00:52","modified_gmt":"2024-06-19T10:00:52","slug":"zago-lo-mas-alto-posible","status":"publish","type":"post","link":"https:\/\/www.eldiario.net\/portal\/2024\/06\/19\/zago-lo-mas-alto-posible\/","title":{"rendered":"ZAGO: &#8216;LO M\u00c1S ALTO POSIBLE&#8217;"},"content":{"rendered":"<p>&nbsp;<\/p>\n<p>El entrenador de la Selecci\u00f3n Boliviana de F\u00fatbol, Antonio Carlos Zago, en di\u00e1logo con el programa televisivo Deporte Total, ayer expres\u00f3 su deseo de jugar la eliminatoria en el estadio municipal de Villa Ingenio, en El Alto.<br \/>\n\u201cMientras m\u00e1s alto podamos jugar (las eliminatorias) mejor para nosotros\u201d sentencio y abri\u00f3 la posibilidad de que la Verde juegue, los compromisos que le resta en la Eliminatoria Sudamericana, en El Alto.<br \/>\n\u201cYo creo que para las eliminatorias vamos a tener mejores condiciones porque jugaremos en El Alto\u201d, reiter\u00f3, dando por hecho esta determinaci\u00f3n<br \/>\n\u201cNo importa d\u00f3nde vamos a jugar cuanto m\u00e1s alto mejor, es un arma que tenemos\u201d, insisti\u00f3 Zago.<br \/>\nBolivia deber\u00e1 recibir a Venezuela el 5 de septiembre, a Colombia el 10 de octubre y a Paraguay el 12 de noviembre. La sede de los partidos reci\u00e9n ser\u00e1 definida y podr\u00eda ser el estadio alte\u00f1o, a decir del propio DT de la Verde. En este a\u00f1o, el equipo Bolivia tambi\u00e9n har\u00e1 la visita a Chile y Colombia.<br \/>\nHasta el momento ha sumado 3 puntos en 6 presentaciones, por lo que la urgencia es ganar lo que le resta de los partidos para llegar al Mundial del 2026.<br \/>\n\u201cLa gente pregunta por qu\u00e9 no jugamos en el llano. Y nosotros reflexionados que la mayor\u00eda de nuestros futbolistas juegan en El Alto, en la altura. Hay que sacar provecho de ello\u201d, insisti\u00f3.<br \/>\nEstudios de Medicina de la Altura concluyen que jugar f\u00fatbol a m\u00e1s de 2.500 metros de altura sobre el nivel del mar es posible, siempre y cuando el estado f\u00edsico y psicol\u00f3gico de los deportistas, sea adecuado, de manera correcta, a las condiciones del contexto geogr\u00e1fico.<br \/>\nEl estadio de Villa Ingenio en la ciudad de El Alto est\u00e1 ubicado a 4.090 metros sobre el nivel del mar, en el 2023 recibi\u00f3 partidos de car\u00e1cter internacional con Always Ready , pertenecientes a la Copa CONMEBOL Libertadores(fase previa) y Copa Sudamericana (fase de grupos). Cuenta con c\u00e9sped natural colocado por encima del sint\u00e9tico originalmente implementado.<br \/>\nFinalmente, Zago tambi\u00e9n se refiri\u00f3 al objetivo en la Copa Am\u00e9rica, torneo que comenzar\u00e1 el jueves y en el que Bolivia debutar\u00e1 el pr\u00f3ximo domingo frente al anfitri\u00f3n, Estados Unidos.<br \/>\n\u201cQueremos competir, pero en esta Copa Am\u00e9rica tambi\u00e9n queremos ganar partidos\u201d, dijo.<br \/>\nEl entrenador prefiri\u00f3 no dar pistas sobre la propuesta de juego que presentar\u00e1 en el debut en el AT&amp;T Stadium de Arlington (Texas) por el Grupo C.<\/p>\n<p><em><strong>GUSTAVO SALGUERO <\/strong><\/em><\/p>\n","protected":false},"excerpt":{"rendered":"<p>&nbsp; El entrenador de la Selecci\u00f3n Boliviana de F\u00fatbol, Antonio Carlos Zago, en di\u00e1logo con el programa televisivo Deporte Total, ayer expres\u00f3 su deseo de jugar la eliminatoria en el estadio municipal de Villa Ingenio, en El Alto. \u201cMientras m\u00e1s alto podamos jugar (las eliminatorias) mejor para nosotros\u201d sentencio y abri\u00f3 la posibilidad de que [&hellip;]<\/p>\n","protected":false},"author":1,"featured_media":228270,"comment_status":"open","ping_status":"open","sticky":false,"template":"","format":"standard","meta":{"_acf_changed":false,"footnotes":""},"categories":[6],"tags":[],"class_list":["post-228269","post","type-post","status-publish","format-standard","has-post-thumbnail","category-deportes"],"acf":{"antetitulo":""},"yoast_head":"<!-- This site is optimized with the Yoast SEO plugin v28.3 - https:\/\/yoast.com\/product\/yoast-seo-wordpress\/ -->\n<title>ZAGO: &#039;LO M\u00c1S ALTO POSIBLE&#039; - El Diario - Bolivia<\/title>\n<meta name=\"robots\" content=\"index, follow, max-snippet:-1, max-image-preview:large, max-video-preview:-1\" \/>\n<link rel=\"canonical\" href=\"https:\/\/www.eldiario.net\/portal\/2024\/06\/19\/zago-lo-mas-alto-posible\/\" \/>\n<meta property=\"og:locale\" content=\"es_ES\" \/>\n<meta property=\"og:type\" content=\"article\" \/>\n<meta property=\"og:title\" content=\"ZAGO: &#039;LO M\u00c1S ALTO POSIBLE&#039; - El Diario - Bolivia\" \/>\n<meta property=\"og:description\" content=\"&nbsp; El entrenador de la Selecci\u00f3n Boliviana de F\u00fatbol, Antonio Carlos Zago, en di\u00e1logo con el programa televisivo Deporte Total, ayer expres\u00f3 su deseo de jugar la eliminatoria en el estadio municipal de Villa Ingenio, en El Alto. \u201cMientras m\u00e1s alto podamos jugar (las eliminatorias) mejor para nosotros\u201d sentencio y abri\u00f3 la posibilidad de que [&hellip;]\" \/>\n<meta property=\"og:url\" content=\"https:\/\/www.eldiario.net\/portal\/2024\/06\/19\/zago-lo-mas-alto-posible\/\" \/>\n<meta property=\"og:site_name\" content=\"El Diario - Bolivia\" \/>\n<meta property=\"article:publisher\" content=\"https:\/\/www.facebook.com\/eldiario.bolivia\/\" \/>\n<meta property=\"article:published_time\" content=\"2024-06-19T10:00:52+00:00\" \/>\n<meta property=\"og:image\" content=\"https:\/\/www.eldiario.net\/portal\/wp-content\/uploads\/2024\/06\/FOTO-70-2.jpg\" \/>\n\t<meta property=\"og:image:width\" content=\"1200\" \/>\n\t<meta property=\"og:image:height\" content=\"900\" \/>\n\t<meta property=\"og:image:type\" content=\"image\/jpeg\" \/>\n<meta name=\"author\" content=\"Jeanette\" \/>\n<meta name=\"twitter:card\" content=\"summary_large_image\" \/>\n<meta name=\"twitter:creator\" content=\"@eldiario_net\" \/>\n<meta name=\"twitter:site\" content=\"@eldiario_net\" \/>\n<meta name=\"twitter:label1\" content=\"Escrito por\" \/>\n\t<meta name=\"twitter:data1\" content=\"Jeanette\" \/>\n\t<meta name=\"twitter:label2\" content=\"Tiempo de lectura\" \/>\n\t<meta name=\"twitter:data2\" content=\"3 minutos\" \/>\n<script type=\"application\/ld+json\" class=\"yoast-schema-graph\">{\"@context\":\"https:\\\/\\\/schema.org\",\"@graph\":[{\"@type\":\"Article\",\"@id\":\"https:\\\/\\\/www.eldiario.net\\\/portal\\\/2024\\\/06\\\/19\\\/zago-lo-mas-alto-posible\\\/#article\",\"isPartOf\":{\"@id\":\"https:\\\/\\\/www.eldiario.net\\\/portal\\\/2024\\\/06\\\/19\\\/zago-lo-mas-alto-posible\\\/\"},\"author\":{\"name\":\"Jeanette\",\"@id\":\"https:\\\/\\\/www.eldiario.net\\\/portal\\\/#\\\/schema\\\/person\\\/f46445640444750d7d753ccd04ae01b7\"},\"headline\":\"ZAGO: &#8216;LO M\u00c1S ALTO POSIBLE&#8217;\",\"datePublished\":\"2024-06-19T10:00:52+00:00\",\"mainEntityOfPage\":{\"@id\":\"https:\\\/\\\/www.eldiario.net\\\/portal\\\/2024\\\/06\\\/19\\\/zago-lo-mas-alto-posible\\\/\"},\"wordCount\":430,\"commentCount\":0,\"publisher\":{\"@id\":\"https:\\\/\\\/www.eldiario.net\\\/portal\\\/#organization\"},\"image\":{\"@id\":\"https:\\\/\\\/www.eldiario.net\\\/portal\\\/2024\\\/06\\\/19\\\/zago-lo-mas-alto-posible\\\/#primaryimage\"},\"thumbnailUrl\":\"https:\\\/\\\/www.eldiario.net\\\/portal\\\/wp-content\\\/uploads\\\/2024\\\/06\\\/FOTO-70-2.jpg\",\"articleSection\":[\"Deportes\"],\"inLanguage\":\"es\",\"potentialAction\":[{\"@type\":\"CommentAction\",\"name\":\"Comment\",\"target\":[\"https:\\\/\\\/www.eldiario.net\\\/portal\\\/2024\\\/06\\\/19\\\/zago-lo-mas-alto-posible\\\/#respond\"]}]},{\"@type\":\"WebPage\",\"@id\":\"https:\\\/\\\/www.eldiario.net\\\/portal\\\/2024\\\/06\\\/19\\\/zago-lo-mas-alto-posible\\\/\",\"url\":\"https:\\\/\\\/www.eldiario.net\\\/portal\\\/2024\\\/06\\\/19\\\/zago-lo-mas-alto-posible\\\/\",\"name\":\"ZAGO: 'LO M\u00c1S ALTO POSIBLE' - El Diario - Bolivia\",\"isPartOf\":{\"@id\":\"https:\\\/\\\/www.eldiario.net\\\/portal\\\/#website\"},\"primaryImageOfPage\":{\"@id\":\"https:\\\/\\\/www.eldiario.net\\\/portal\\\/2024\\\/06\\\/19\\\/zago-lo-mas-alto-posible\\\/#primaryimage\"},\"image\":{\"@id\":\"https:\\\/\\\/www.eldiario.net\\\/portal\\\/2024\\\/06\\\/19\\\/zago-lo-mas-alto-posible\\\/#primaryimage\"},\"thumbnailUrl\":\"https:\\\/\\\/www.eldiario.net\\\/portal\\\/wp-content\\\/uploads\\\/2024\\\/06\\\/FOTO-70-2.jpg\",\"datePublished\":\"2024-06-19T10:00:52+00:00\",\"breadcrumb\":{\"@id\":\"https:\\\/\\\/www.eldiario.net\\\/portal\\\/2024\\\/06\\\/19\\\/zago-lo-mas-alto-posible\\\/#breadcrumb\"},\"inLanguage\":\"es\",\"potentialAction\":[{\"@type\":\"ReadAction\",\"target\":[\"https:\\\/\\\/www.eldiario.net\\\/portal\\\/2024\\\/06\\\/19\\\/zago-lo-mas-alto-posible\\\/\"]}]},{\"@type\":\"ImageObject\",\"inLanguage\":\"es\",\"@id\":\"https:\\\/\\\/www.eldiario.net\\\/portal\\\/2024\\\/06\\\/19\\\/zago-lo-mas-alto-posible\\\/#primaryimage\",\"url\":\"https:\\\/\\\/www.eldiario.net\\\/portal\\\/wp-content\\\/uploads\\\/2024\\\/06\\\/FOTO-70-2.jpg\",\"contentUrl\":\"https:\\\/\\\/www.eldiario.net\\\/portal\\\/wp-content\\\/uploads\\\/2024\\\/06\\\/FOTO-70-2.jpg\",\"width\":1200,\"height\":900},{\"@type\":\"BreadcrumbList\",\"@id\":\"https:\\\/\\\/www.eldiario.net\\\/portal\\\/2024\\\/06\\\/19\\\/zago-lo-mas-alto-posible\\\/#breadcrumb\",\"itemListElement\":[{\"@type\":\"ListItem\",\"position\":1,\"name\":\"Portada\",\"item\":\"https:\\\/\\\/www.eldiario.net\\\/portal\\\/\"},{\"@type\":\"ListItem\",\"position\":2,\"name\":\"ZAGO: &#8216;LO M\u00c1S ALTO POSIBLE&#8217;\"}]},{\"@type\":\"WebSite\",\"@id\":\"https:\\\/\\\/www.eldiario.net\\\/portal\\\/#website\",\"url\":\"https:\\\/\\\/www.eldiario.net\\\/portal\\\/\",\"name\":\"El Diario - Decano de la prensa nacional\",\"description\":\"El Diario - Decano de la prensa nacional\",\"publisher\":{\"@id\":\"https:\\\/\\\/www.eldiario.net\\\/portal\\\/#organization\"},\"potentialAction\":[{\"@type\":\"SearchAction\",\"target\":{\"@type\":\"EntryPoint\",\"urlTemplate\":\"https:\\\/\\\/www.eldiario.net\\\/portal\\\/?s={search_term_string}\"},\"query-input\":{\"@type\":\"PropertyValueSpecification\",\"valueRequired\":true,\"valueName\":\"search_term_string\"}}],\"inLanguage\":\"es\"},{\"@type\":\"Organization\",\"@id\":\"https:\\\/\\\/www.eldiario.net\\\/portal\\\/#organization\",\"name\":\"El Diario - Decano de la prensa nacional\",\"url\":\"https:\\\/\\\/www.eldiario.net\\\/portal\\\/\",\"logo\":{\"@type\":\"ImageObject\",\"inLanguage\":\"es\",\"@id\":\"https:\\\/\\\/www.eldiario.net\\\/portal\\\/#\\\/schema\\\/logo\\\/image\\\/\",\"url\":\"https:\\\/\\\/www.eldiario.net\\\/portal\\\/wp-content\\\/uploads\\\/2023\\\/07\\\/logo_ED.jpg\",\"contentUrl\":\"https:\\\/\\\/www.eldiario.net\\\/portal\\\/wp-content\\\/uploads\\\/2023\\\/07\\\/logo_ED.jpg\",\"width\":272,\"height\":52,\"caption\":\"El Diario - Decano de la prensa nacional\"},\"image\":{\"@id\":\"https:\\\/\\\/www.eldiario.net\\\/portal\\\/#\\\/schema\\\/logo\\\/image\\\/\"},\"sameAs\":[\"https:\\\/\\\/www.facebook.com\\\/eldiario.bolivia\\\/\",\"https:\\\/\\\/x.com\\\/eldiario_net\"]},{\"@type\":\"Person\",\"@id\":\"https:\\\/\\\/www.eldiario.net\\\/portal\\\/#\\\/schema\\\/person\\\/f46445640444750d7d753ccd04ae01b7\",\"name\":\"Jeanette\",\"image\":{\"@type\":\"ImageObject\",\"inLanguage\":\"es\",\"@id\":\"https:\\\/\\\/secure.gravatar.com\\\/avatar\\\/3ea2118a5f7dad2b7138b1187a6b7ee55f160b9968b66013c3a3ef39dd7e5798?s=96&d=mm&r=g\",\"url\":\"https:\\\/\\\/secure.gravatar.com\\\/avatar\\\/3ea2118a5f7dad2b7138b1187a6b7ee55f160b9968b66013c3a3ef39dd7e5798?s=96&d=mm&r=g\",\"contentUrl\":\"https:\\\/\\\/secure.gravatar.com\\\/avatar\\\/3ea2118a5f7dad2b7138b1187a6b7ee55f160b9968b66013c3a3ef39dd7e5798?s=96&d=mm&r=g\",\"caption\":\"Jeanette\"},\"sameAs\":[\"https:\\\/\\\/www.eldiario.net\\\/portal\"],\"url\":\"https:\\\/\\\/www.eldiario.net\\\/portal\\\/author\\\/jeanette\\\/\"}]}<\/script>\n<!-- \/ Yoast SEO plugin. -->","yoast_head_json":{"title":"ZAGO: 'LO M\u00c1S ALTO POSIBLE' - El Diario - Bolivia","robots":{"index":"index","follow":"follow","max-snippet":"max-snippet:-1","max-image-preview":"max-image-preview:large","max-video-preview":"max-video-preview:-1"},"canonical":"https:\/\/www.eldiario.net\/portal\/2024\/06\/19\/zago-lo-mas-alto-posible\/","og_locale":"es_ES","og_type":"article","og_title":"ZAGO: 'LO M\u00c1S ALTO POSIBLE' - El Diario - Bolivia","og_description":"&nbsp; El entrenador de la Selecci\u00f3n Boliviana de F\u00fatbol, Antonio Carlos Zago, en di\u00e1logo con el programa televisivo Deporte Total, ayer expres\u00f3 su deseo de jugar la eliminatoria en el estadio municipal de Villa Ingenio, en El Alto. \u201cMientras m\u00e1s alto podamos jugar (las eliminatorias) mejor para nosotros\u201d sentencio y abri\u00f3 la posibilidad de que [&hellip;]","og_url":"https:\/\/www.eldiario.net\/portal\/2024\/06\/19\/zago-lo-mas-alto-posible\/","og_site_name":"El Diario - Bolivia","article_publisher":"https:\/\/www.facebook.com\/eldiario.bolivia\/","article_published_time":"2024-06-19T10:00:52+00:00","og_image":[{"width":1200,"height":900,"url":"https:\/\/www.eldiario.net\/portal\/wp-content\/uploads\/2024\/06\/FOTO-70-2.jpg","type":"image\/jpeg"}],"author":"Jeanette","twitter_card":"summary_large_image","twitter_creator":"@eldiario_net","twitter_site":"@eldiario_net","twitter_misc":{"Escrito por":"Jeanette","Tiempo de lectura":"3 minutos"},"schema":{"@context":"https:\/\/schema.org","@graph":[{"@type":"Article","@id":"https:\/\/www.eldiario.net\/portal\/2024\/06\/19\/zago-lo-mas-alto-posible\/#article","isPartOf":{"@id":"https:\/\/www.eldiario.net\/portal\/2024\/06\/19\/zago-lo-mas-alto-posible\/"},"author":{"name":"Jeanette","@id":"https:\/\/www.eldiario.net\/portal\/#\/schema\/person\/f46445640444750d7d753ccd04ae01b7"},"headline":"ZAGO: &#8216;LO M\u00c1S ALTO POSIBLE&#8217;","datePublished":"2024-06-19T10:00:52+00:00","mainEntityOfPage":{"@id":"https:\/\/www.eldiario.net\/portal\/2024\/06\/19\/zago-lo-mas-alto-posible\/"},"wordCount":430,"commentCount":0,"publisher":{"@id":"https:\/\/www.eldiario.net\/portal\/#organization"},"image":{"@id":"https:\/\/www.eldiario.net\/portal\/2024\/06\/19\/zago-lo-mas-alto-posible\/#primaryimage"},"thumbnailUrl":"https:\/\/www.eldiario.net\/portal\/wp-content\/uploads\/2024\/06\/FOTO-70-2.jpg","articleSection":["Deportes"],"inLanguage":"es","potentialAction":[{"@type":"CommentAction","name":"Comment","target":["https:\/\/www.eldiario.net\/portal\/2024\/06\/19\/zago-lo-mas-alto-posible\/#respond"]}]},{"@type":"WebPage","@id":"https:\/\/www.eldiario.net\/portal\/2024\/06\/19\/zago-lo-mas-alto-posible\/","url":"https:\/\/www.eldiario.net\/portal\/2024\/06\/19\/zago-lo-mas-alto-posible\/","name":"ZAGO: 'LO M\u00c1S ALTO POSIBLE' - El Diario - Bolivia","isPartOf":{"@id":"https:\/\/www.eldiario.net\/portal\/#website"},"primaryImageOfPage":{"@id":"https:\/\/www.eldiario.net\/portal\/2024\/06\/19\/zago-lo-mas-alto-posible\/#primaryimage"},"image":{"@id":"https:\/\/www.eldiario.net\/portal\/2024\/06\/19\/zago-lo-mas-alto-posible\/#primaryimage"},"thumbnailUrl":"https:\/\/www.eldiario.net\/portal\/wp-content\/uploads\/2024\/06\/FOTO-70-2.jpg","datePublished":"2024-06-19T10:00:52+00:00","breadcrumb":{"@id":"https:\/\/www.eldiario.net\/portal\/2024\/06\/19\/zago-lo-mas-alto-posible\/#breadcrumb"},"inLanguage":"es","potentialAction":[{"@type":"ReadAction","target":["https:\/\/www.eldiario.net\/portal\/2024\/06\/19\/zago-lo-mas-alto-posible\/"]}]},{"@type":"ImageObject","inLanguage":"es","@id":"https:\/\/www.eldiario.net\/portal\/2024\/06\/19\/zago-lo-mas-alto-posible\/#primaryimage","url":"https:\/\/www.eldiario.net\/portal\/wp-content\/uploads\/2024\/06\/FOTO-70-2.jpg","contentUrl":"https:\/\/www.eldiario.net\/portal\/wp-content\/uploads\/2024\/06\/FOTO-70-2.jpg","width":1200,"height":900},{"@type":"BreadcrumbList","@id":"https:\/\/www.eldiario.net\/portal\/2024\/06\/19\/zago-lo-mas-alto-posible\/#breadcrumb","itemListElement":[{"@type":"ListItem","position":1,"name":"Portada","item":"https:\/\/www.eldiario.net\/portal\/"},{"@type":"ListItem","position":2,"name":"ZAGO: &#8216;LO M\u00c1S ALTO POSIBLE&#8217;"}]},{"@type":"WebSite","@id":"https:\/\/www.eldiario.net\/portal\/#website","url":"https:\/\/www.eldiario.net\/portal\/","name":"El Diario - Decano de la prensa nacional","description":"El Diario - Decano de la prensa nacional","publisher":{"@id":"https:\/\/www.eldiario.net\/portal\/#organization"},"potentialAction":[{"@type":"SearchAction","target":{"@type":"EntryPoint","urlTemplate":"https:\/\/www.eldiario.net\/portal\/?s={search_term_string}"},"query-input":{"@type":"PropertyValueSpecification","valueRequired":true,"valueName":"search_term_string"}}],"inLanguage":"es"},{"@type":"Organization","@id":"https:\/\/www.eldiario.net\/portal\/#organization","name":"El Diario - Decano de la prensa nacional","url":"https:\/\/www.eldiario.net\/portal\/","logo":{"@type":"ImageObject","inLanguage":"es","@id":"https:\/\/www.eldiario.net\/portal\/#\/schema\/logo\/image\/","url":"https:\/\/www.eldiario.net\/portal\/wp-content\/uploads\/2023\/07\/logo_ED.jpg","contentUrl":"https:\/\/www.eldiario.net\/portal\/wp-content\/uploads\/2023\/07\/logo_ED.jpg","width":272,"height":52,"caption":"El Diario - Decano de la prensa nacional"},"image":{"@id":"https:\/\/www.eldiario.net\/portal\/#\/schema\/logo\/image\/"},"sameAs":["https:\/\/www.facebook.com\/eldiario.bolivia\/","https:\/\/x.com\/eldiario_net"]},{"@type":"Person","@id":"https:\/\/www.eldiario.net\/portal\/#\/schema\/person\/f46445640444750d7d753ccd04ae01b7","name":"Jeanette","image":{"@type":"ImageObject","inLanguage":"es","@id":"https:\/\/secure.gravatar.com\/avatar\/3ea2118a5f7dad2b7138b1187a6b7ee55f160b9968b66013c3a3ef39dd7e5798?s=96&d=mm&r=g","url":"https:\/\/secure.gravatar.com\/avatar\/3ea2118a5f7dad2b7138b1187a6b7ee55f160b9968b66013c3a3ef39dd7e5798?s=96&d=mm&r=g","contentUrl":"https:\/\/secure.gravatar.com\/avatar\/3ea2118a5f7dad2b7138b1187a6b7ee55f160b9968b66013c3a3ef39dd7e5798?s=96&d=mm&r=g","caption":"Jeanette"},"sameAs":["https:\/\/www.eldiario.net\/portal"],"url":"https:\/\/www.eldiario.net\/portal\/author\/jeanette\/"}]}},"_links":{"self":[{"href":"https:\/\/www.eldiario.net\/portal\/wp-json\/wp\/v2\/posts\/228269","targetHints":{"allow":["GET"]}}],"collection":[{"href":"https:\/\/www.eldiario.net\/portal\/wp-json\/wp\/v2\/posts"}],"about":[{"href":"https:\/\/www.eldiario.net\/portal\/wp-json\/wp\/v2\/types\/post"}],"author":[{"embeddable":true,"href":"https:\/\/www.eldiario.net\/portal\/wp-json\/wp\/v2\/users\/1"}],"replies":[{"embeddable":true,"href":"https:\/\/www.eldiario.net\/portal\/wp-json\/wp\/v2\/comments?post=228269"}],"version-history":[{"count":1,"href":"https:\/\/www.eldiario.net\/portal\/wp-json\/wp\/v2\/posts\/228269\/revisions"}],"predecessor-version":[{"id":228271,"href":"https:\/\/www.eldiario.net\/portal\/wp-json\/wp\/v2\/posts\/228269\/revisions\/228271"}],"wp:featuredmedia":[{"embeddable":true,"href":"https:\/\/www.eldiario.net\/portal\/wp-json\/wp\/v2\/media\/228270"}],"wp:attachment":[{"href":"https:\/\/www.eldiario.net\/portal\/wp-json\/wp\/v2\/media?parent=228269"}],"wp:term":[{"taxonomy":"category","embeddable":true,"href":"https:\/\/www.eldiario.net\/portal\/wp-json\/wp\/v2\/categories?post=228269"},{"taxonomy":"post_tag","embeddable":true,"href":"https:\/\/www.eldiario.net\/portal\/wp-json\/wp\/v2\/tags?post=228269"}],"curies":[{"name":"wp","href":"https:\/\/api.w.org\/{rel}","templated":true}]}}