{"id":228098,"date":"2024-06-18T10:31:15","date_gmt":"2024-06-18T14:31:15","guid":{"rendered":"https:\/\/www.eldiario.net\/portal\/?p=228098"},"modified":"2024-06-18T10:31:15","modified_gmt":"2024-06-18T14:31:15","slug":"demandan-a-pfizer-por-afirmaciones-enganosas-sobre-su-vacuna-contra-el-covid-19","status":"publish","type":"post","link":"https:\/\/www.eldiario.net\/portal\/2024\/06\/18\/demandan-a-pfizer-por-afirmaciones-enganosas-sobre-su-vacuna-contra-el-covid-19\/","title":{"rendered":"Demandan a Pfizer por \u201cafirmaciones enga\u00f1osas\u201d sobre su vacuna contra el COVID-19"},"content":{"rendered":"<p><span lang=\"ES-MX\">El Estado de Kansas ha iniciado acciones legales contra la empresa Pfizer, por supuestas \u00abafirmaciones enga\u00f1osas\u00bb que el gigante farmac\u00e9utico habr\u00eda hecho respecto a la efectividad de su vacuna contra el COVID-19 y los riesgos asociados a la misma, inform\u00f3 el canal de noticias RT.com.<\/span><\/p>\n<p><span lang=\"ES-MX\">El lunes, el Fiscal General de Kansas, Kris Kobach, present\u00f3 una demanda alegando que Pfizer hab\u00eda ocultado deliberadamente evidencia que relacionaba la vacuna con miocarditis y complicaciones durante el embarazo.<\/span><\/p>\n<p><span lang=\"ES-MX\">\u00abPfizer hizo m\u00faltiples declaraciones enga\u00f1osas para enga\u00f1ar al p\u00fablico sobre su vacuna en un momento en que los estadounidenses necesitaban la verdad\u00bb, dijo Kobach en un comunicado.<\/span><\/p>\n<p><span lang=\"ES-MX\">En junio de 2021, la Administraci\u00f3n de Alimentos y Medicamentos de Estados Unidos emiti\u00f3 una advertencia respecto a las vacunas contra el COVID-19 de Pfizer y Moderna sobre el riesgo elevado de miocarditis y pericarditis, ambas condiciones raras de inflamaci\u00f3n del coraz\u00f3n.<\/span><\/p>\n<p><span lang=\"ES-MX\">Seg\u00fan la denuncia del Fiscal General de Kansas, la compa\u00f1\u00eda farmac\u00e9utica estadounidense tambi\u00e9n hab\u00eda afirmado falsamente que sus vacunas eran efectivas, a pesar de saber que la protecci\u00f3n que ofrec\u00edan contra el virus se debilitaba con el tiempo y no era suficiente para combatir ciertas cepas del COVID-19.<\/span><\/p>\n<p><span lang=\"ES-MX\">Kobach tambi\u00e9n argument\u00f3 que Pfizer hab\u00eda afirmado de manera enga\u00f1osa que su vacuna preven\u00eda la transmisi\u00f3n del coronavirus, aunque posteriormente la compa\u00f1\u00eda reconoci\u00f3 que nunca hab\u00eda estudiado realmente este aspecto.<\/span><\/p>\n<p><span lang=\"ES-MX\">Adem\u00e1s, Kobach acus\u00f3 a la empresa farmac\u00e9utica de colaborar con las redes sociales para \u00abcensurar discursos cr\u00edticos\u00bb sobre las vacunas contra el COVID-19. La demanda sostiene que las supuestas declaraciones enga\u00f1osas de Pfizer constituyen una violaci\u00f3n de la Ley de Protecci\u00f3n al Consumidor de Kansas. El Estado est\u00e1 buscando da\u00f1os monetarios no especificados.<\/span><\/p>\n<p><span lang=\"ES-MX\">The Hill cit\u00f3 a un representante de la compa\u00f1\u00eda diciendo que la demanda \u00abcarece de m\u00e9rito\u00bb e insistiendo en que \u00ablas representaciones hechas por Pfizer sobre su vacuna COVID-19 han sido precisas y basadas en la ciencia\u00bb.<\/span><\/p>\n","protected":false},"excerpt":{"rendered":"<p>El Estado de Kansas ha iniciado acciones legales contra la empresa Pfizer, por supuestas \u00abafirmaciones enga\u00f1osas\u00bb que el gigante farmac\u00e9utico habr\u00eda hecho respecto a la efectividad de su vacuna contra el COVID-19 y los riesgos asociados a la misma, inform\u00f3 el canal de noticias RT.com. El lunes, el Fiscal General de Kansas, Kris Kobach, present\u00f3 [&hellip;]<\/p>\n","protected":false},"author":2,"featured_media":228099,"comment_status":"open","ping_status":"open","sticky":false,"template":"","format":"standard","meta":{"_acf_changed":false,"footnotes":""},"categories":[51],"tags":[],"class_list":["post-228098","post","type-post","status-publish","format-standard","has-post-thumbnail","category-ultima-hora"],"acf":{"antetitulo":""},"yoast_head":"<!-- This site is optimized with the Yoast SEO plugin v28.3 - https:\/\/yoast.com\/product\/yoast-seo-wordpress\/ -->\n<title>Demandan a Pfizer por \u201cafirmaciones enga\u00f1osas\u201d sobre su vacuna contra el COVID-19 - El Diario - Bolivia<\/title>\n<meta name=\"robots\" content=\"index, follow, max-snippet:-1, max-image-preview:large, max-video-preview:-1\" \/>\n<link rel=\"canonical\" href=\"https:\/\/www.eldiario.net\/portal\/2024\/06\/18\/demandan-a-pfizer-por-afirmaciones-enganosas-sobre-su-vacuna-contra-el-covid-19\/\" \/>\n<meta property=\"og:locale\" content=\"es_ES\" \/>\n<meta property=\"og:type\" content=\"article\" \/>\n<meta property=\"og:title\" content=\"Demandan a Pfizer por \u201cafirmaciones enga\u00f1osas\u201d sobre su vacuna contra el COVID-19 - El Diario - Bolivia\" \/>\n<meta property=\"og:description\" content=\"El Estado de Kansas ha iniciado acciones legales contra la empresa Pfizer, por supuestas \u00abafirmaciones enga\u00f1osas\u00bb que el gigante farmac\u00e9utico habr\u00eda hecho respecto a la efectividad de su vacuna contra el COVID-19 y los riesgos asociados a la misma, inform\u00f3 el canal de noticias RT.com. El lunes, el Fiscal General de Kansas, Kris Kobach, present\u00f3 [&hellip;]\" \/>\n<meta property=\"og:url\" content=\"https:\/\/www.eldiario.net\/portal\/2024\/06\/18\/demandan-a-pfizer-por-afirmaciones-enganosas-sobre-su-vacuna-contra-el-covid-19\/\" \/>\n<meta property=\"og:site_name\" content=\"El Diario - Bolivia\" \/>\n<meta property=\"article:publisher\" content=\"https:\/\/www.facebook.com\/eldiario.bolivia\/\" \/>\n<meta property=\"article:published_time\" content=\"2024-06-18T14:31:15+00:00\" \/>\n<meta property=\"og:image\" content=\"https:\/\/www.eldiario.net\/portal\/wp-content\/uploads\/2024\/06\/PFIZER.jpg\" \/>\n\t<meta property=\"og:image:width\" content=\"600\" \/>\n\t<meta property=\"og:image:height\" content=\"337\" \/>\n\t<meta property=\"og:image:type\" content=\"image\/jpeg\" \/>\n<meta name=\"author\" content=\"luis Camacho\" \/>\n<meta name=\"twitter:card\" content=\"summary_large_image\" \/>\n<meta name=\"twitter:creator\" content=\"@eldiario_net\" \/>\n<meta name=\"twitter:site\" content=\"@eldiario_net\" \/>\n<meta name=\"twitter:label1\" content=\"Escrito por\" \/>\n\t<meta name=\"twitter:data1\" content=\"luis Camacho\" \/>\n\t<meta name=\"twitter:label2\" content=\"Tiempo de lectura\" \/>\n\t<meta name=\"twitter:data2\" content=\"2 minutos\" \/>\n<script type=\"application\/ld+json\" class=\"yoast-schema-graph\">{\"@context\":\"https:\\\/\\\/schema.org\",\"@graph\":[{\"@type\":\"Article\",\"@id\":\"https:\\\/\\\/www.eldiario.net\\\/portal\\\/2024\\\/06\\\/18\\\/demandan-a-pfizer-por-afirmaciones-enganosas-sobre-su-vacuna-contra-el-covid-19\\\/#article\",\"isPartOf\":{\"@id\":\"https:\\\/\\\/www.eldiario.net\\\/portal\\\/2024\\\/06\\\/18\\\/demandan-a-pfizer-por-afirmaciones-enganosas-sobre-su-vacuna-contra-el-covid-19\\\/\"},\"author\":{\"name\":\"luis Camacho\",\"@id\":\"https:\\\/\\\/www.eldiario.net\\\/portal\\\/#\\\/schema\\\/person\\\/cab1ae4db27e5f008a62cbffb05fbfee\"},\"headline\":\"Demandan a Pfizer por \u201cafirmaciones enga\u00f1osas\u201d sobre su vacuna contra el COVID-19\",\"datePublished\":\"2024-06-18T14:31:15+00:00\",\"mainEntityOfPage\":{\"@id\":\"https:\\\/\\\/www.eldiario.net\\\/portal\\\/2024\\\/06\\\/18\\\/demandan-a-pfizer-por-afirmaciones-enganosas-sobre-su-vacuna-contra-el-covid-19\\\/\"},\"wordCount\":359,\"commentCount\":0,\"publisher\":{\"@id\":\"https:\\\/\\\/www.eldiario.net\\\/portal\\\/#organization\"},\"image\":{\"@id\":\"https:\\\/\\\/www.eldiario.net\\\/portal\\\/2024\\\/06\\\/18\\\/demandan-a-pfizer-por-afirmaciones-enganosas-sobre-su-vacuna-contra-el-covid-19\\\/#primaryimage\"},\"thumbnailUrl\":\"https:\\\/\\\/www.eldiario.net\\\/portal\\\/wp-content\\\/uploads\\\/2024\\\/06\\\/PFIZER.jpg\",\"articleSection\":[\"\u00daltima Hora\"],\"inLanguage\":\"es\",\"potentialAction\":[{\"@type\":\"CommentAction\",\"name\":\"Comment\",\"target\":[\"https:\\\/\\\/www.eldiario.net\\\/portal\\\/2024\\\/06\\\/18\\\/demandan-a-pfizer-por-afirmaciones-enganosas-sobre-su-vacuna-contra-el-covid-19\\\/#respond\"]}]},{\"@type\":\"WebPage\",\"@id\":\"https:\\\/\\\/www.eldiario.net\\\/portal\\\/2024\\\/06\\\/18\\\/demandan-a-pfizer-por-afirmaciones-enganosas-sobre-su-vacuna-contra-el-covid-19\\\/\",\"url\":\"https:\\\/\\\/www.eldiario.net\\\/portal\\\/2024\\\/06\\\/18\\\/demandan-a-pfizer-por-afirmaciones-enganosas-sobre-su-vacuna-contra-el-covid-19\\\/\",\"name\":\"Demandan a Pfizer por \u201cafirmaciones enga\u00f1osas\u201d sobre su vacuna contra el COVID-19 - El Diario - Bolivia\",\"isPartOf\":{\"@id\":\"https:\\\/\\\/www.eldiario.net\\\/portal\\\/#website\"},\"primaryImageOfPage\":{\"@id\":\"https:\\\/\\\/www.eldiario.net\\\/portal\\\/2024\\\/06\\\/18\\\/demandan-a-pfizer-por-afirmaciones-enganosas-sobre-su-vacuna-contra-el-covid-19\\\/#primaryimage\"},\"image\":{\"@id\":\"https:\\\/\\\/www.eldiario.net\\\/portal\\\/2024\\\/06\\\/18\\\/demandan-a-pfizer-por-afirmaciones-enganosas-sobre-su-vacuna-contra-el-covid-19\\\/#primaryimage\"},\"thumbnailUrl\":\"https:\\\/\\\/www.eldiario.net\\\/portal\\\/wp-content\\\/uploads\\\/2024\\\/06\\\/PFIZER.jpg\",\"datePublished\":\"2024-06-18T14:31:15+00:00\",\"breadcrumb\":{\"@id\":\"https:\\\/\\\/www.eldiario.net\\\/portal\\\/2024\\\/06\\\/18\\\/demandan-a-pfizer-por-afirmaciones-enganosas-sobre-su-vacuna-contra-el-covid-19\\\/#breadcrumb\"},\"inLanguage\":\"es\",\"potentialAction\":[{\"@type\":\"ReadAction\",\"target\":[\"https:\\\/\\\/www.eldiario.net\\\/portal\\\/2024\\\/06\\\/18\\\/demandan-a-pfizer-por-afirmaciones-enganosas-sobre-su-vacuna-contra-el-covid-19\\\/\"]}]},{\"@type\":\"ImageObject\",\"inLanguage\":\"es\",\"@id\":\"https:\\\/\\\/www.eldiario.net\\\/portal\\\/2024\\\/06\\\/18\\\/demandan-a-pfizer-por-afirmaciones-enganosas-sobre-su-vacuna-contra-el-covid-19\\\/#primaryimage\",\"url\":\"https:\\\/\\\/www.eldiario.net\\\/portal\\\/wp-content\\\/uploads\\\/2024\\\/06\\\/PFIZER.jpg\",\"contentUrl\":\"https:\\\/\\\/www.eldiario.net\\\/portal\\\/wp-content\\\/uploads\\\/2024\\\/06\\\/PFIZER.jpg\",\"width\":600,\"height\":337,\"caption\":\"Foto: RT.\"},{\"@type\":\"BreadcrumbList\",\"@id\":\"https:\\\/\\\/www.eldiario.net\\\/portal\\\/2024\\\/06\\\/18\\\/demandan-a-pfizer-por-afirmaciones-enganosas-sobre-su-vacuna-contra-el-covid-19\\\/#breadcrumb\",\"itemListElement\":[{\"@type\":\"ListItem\",\"position\":1,\"name\":\"Portada\",\"item\":\"https:\\\/\\\/www.eldiario.net\\\/portal\\\/\"},{\"@type\":\"ListItem\",\"position\":2,\"name\":\"Demandan a Pfizer por \u201cafirmaciones enga\u00f1osas\u201d sobre su vacuna contra el COVID-19\"}]},{\"@type\":\"WebSite\",\"@id\":\"https:\\\/\\\/www.eldiario.net\\\/portal\\\/#website\",\"url\":\"https:\\\/\\\/www.eldiario.net\\\/portal\\\/\",\"name\":\"El Diario - Decano de la prensa nacional\",\"description\":\"El Diario - Decano de la prensa nacional\",\"publisher\":{\"@id\":\"https:\\\/\\\/www.eldiario.net\\\/portal\\\/#organization\"},\"potentialAction\":[{\"@type\":\"SearchAction\",\"target\":{\"@type\":\"EntryPoint\",\"urlTemplate\":\"https:\\\/\\\/www.eldiario.net\\\/portal\\\/?s={search_term_string}\"},\"query-input\":{\"@type\":\"PropertyValueSpecification\",\"valueRequired\":true,\"valueName\":\"search_term_string\"}}],\"inLanguage\":\"es\"},{\"@type\":\"Organization\",\"@id\":\"https:\\\/\\\/www.eldiario.net\\\/portal\\\/#organization\",\"name\":\"El Diario - Decano de la prensa nacional\",\"url\":\"https:\\\/\\\/www.eldiario.net\\\/portal\\\/\",\"logo\":{\"@type\":\"ImageObject\",\"inLanguage\":\"es\",\"@id\":\"https:\\\/\\\/www.eldiario.net\\\/portal\\\/#\\\/schema\\\/logo\\\/image\\\/\",\"url\":\"https:\\\/\\\/www.eldiario.net\\\/portal\\\/wp-content\\\/uploads\\\/2023\\\/07\\\/logo_ED.jpg\",\"contentUrl\":\"https:\\\/\\\/www.eldiario.net\\\/portal\\\/wp-content\\\/uploads\\\/2023\\\/07\\\/logo_ED.jpg\",\"width\":272,\"height\":52,\"caption\":\"El Diario - Decano de la prensa nacional\"},\"image\":{\"@id\":\"https:\\\/\\\/www.eldiario.net\\\/portal\\\/#\\\/schema\\\/logo\\\/image\\\/\"},\"sameAs\":[\"https:\\\/\\\/www.facebook.com\\\/eldiario.bolivia\\\/\",\"https:\\\/\\\/x.com\\\/eldiario_net\"]},{\"@type\":\"Person\",\"@id\":\"https:\\\/\\\/www.eldiario.net\\\/portal\\\/#\\\/schema\\\/person\\\/cab1ae4db27e5f008a62cbffb05fbfee\",\"name\":\"luis Camacho\",\"image\":{\"@type\":\"ImageObject\",\"inLanguage\":\"es\",\"@id\":\"https:\\\/\\\/secure.gravatar.com\\\/avatar\\\/69ecb836b3826d5a2501bf06ab2a2f2c8ab211cc846758f395df21684cb38313?s=96&d=mm&r=g\",\"url\":\"https:\\\/\\\/secure.gravatar.com\\\/avatar\\\/69ecb836b3826d5a2501bf06ab2a2f2c8ab211cc846758f395df21684cb38313?s=96&d=mm&r=g\",\"contentUrl\":\"https:\\\/\\\/secure.gravatar.com\\\/avatar\\\/69ecb836b3826d5a2501bf06ab2a2f2c8ab211cc846758f395df21684cb38313?s=96&d=mm&r=g\",\"caption\":\"luis Camacho\"},\"url\":\"https:\\\/\\\/www.eldiario.net\\\/portal\\\/author\\\/luis\\\/\"}]}<\/script>\n<!-- \/ Yoast SEO plugin. -->","yoast_head_json":{"title":"Demandan a Pfizer por \u201cafirmaciones enga\u00f1osas\u201d sobre su vacuna contra el COVID-19 - El Diario - Bolivia","robots":{"index":"index","follow":"follow","max-snippet":"max-snippet:-1","max-image-preview":"max-image-preview:large","max-video-preview":"max-video-preview:-1"},"canonical":"https:\/\/www.eldiario.net\/portal\/2024\/06\/18\/demandan-a-pfizer-por-afirmaciones-enganosas-sobre-su-vacuna-contra-el-covid-19\/","og_locale":"es_ES","og_type":"article","og_title":"Demandan a Pfizer por \u201cafirmaciones enga\u00f1osas\u201d sobre su vacuna contra el COVID-19 - El Diario - Bolivia","og_description":"El Estado de Kansas ha iniciado acciones legales contra la empresa Pfizer, por supuestas \u00abafirmaciones enga\u00f1osas\u00bb que el gigante farmac\u00e9utico habr\u00eda hecho respecto a la efectividad de su vacuna contra el COVID-19 y los riesgos asociados a la misma, inform\u00f3 el canal de noticias RT.com. El lunes, el Fiscal General de Kansas, Kris Kobach, present\u00f3 [&hellip;]","og_url":"https:\/\/www.eldiario.net\/portal\/2024\/06\/18\/demandan-a-pfizer-por-afirmaciones-enganosas-sobre-su-vacuna-contra-el-covid-19\/","og_site_name":"El Diario - Bolivia","article_publisher":"https:\/\/www.facebook.com\/eldiario.bolivia\/","article_published_time":"2024-06-18T14:31:15+00:00","og_image":[{"width":600,"height":337,"url":"https:\/\/www.eldiario.net\/portal\/wp-content\/uploads\/2024\/06\/PFIZER.jpg","type":"image\/jpeg"}],"author":"luis Camacho","twitter_card":"summary_large_image","twitter_creator":"@eldiario_net","twitter_site":"@eldiario_net","twitter_misc":{"Escrito por":"luis Camacho","Tiempo de lectura":"2 minutos"},"schema":{"@context":"https:\/\/schema.org","@graph":[{"@type":"Article","@id":"https:\/\/www.eldiario.net\/portal\/2024\/06\/18\/demandan-a-pfizer-por-afirmaciones-enganosas-sobre-su-vacuna-contra-el-covid-19\/#article","isPartOf":{"@id":"https:\/\/www.eldiario.net\/portal\/2024\/06\/18\/demandan-a-pfizer-por-afirmaciones-enganosas-sobre-su-vacuna-contra-el-covid-19\/"},"author":{"name":"luis Camacho","@id":"https:\/\/www.eldiario.net\/portal\/#\/schema\/person\/cab1ae4db27e5f008a62cbffb05fbfee"},"headline":"Demandan a Pfizer por \u201cafirmaciones enga\u00f1osas\u201d sobre su vacuna contra el COVID-19","datePublished":"2024-06-18T14:31:15+00:00","mainEntityOfPage":{"@id":"https:\/\/www.eldiario.net\/portal\/2024\/06\/18\/demandan-a-pfizer-por-afirmaciones-enganosas-sobre-su-vacuna-contra-el-covid-19\/"},"wordCount":359,"commentCount":0,"publisher":{"@id":"https:\/\/www.eldiario.net\/portal\/#organization"},"image":{"@id":"https:\/\/www.eldiario.net\/portal\/2024\/06\/18\/demandan-a-pfizer-por-afirmaciones-enganosas-sobre-su-vacuna-contra-el-covid-19\/#primaryimage"},"thumbnailUrl":"https:\/\/www.eldiario.net\/portal\/wp-content\/uploads\/2024\/06\/PFIZER.jpg","articleSection":["\u00daltima Hora"],"inLanguage":"es","potentialAction":[{"@type":"CommentAction","name":"Comment","target":["https:\/\/www.eldiario.net\/portal\/2024\/06\/18\/demandan-a-pfizer-por-afirmaciones-enganosas-sobre-su-vacuna-contra-el-covid-19\/#respond"]}]},{"@type":"WebPage","@id":"https:\/\/www.eldiario.net\/portal\/2024\/06\/18\/demandan-a-pfizer-por-afirmaciones-enganosas-sobre-su-vacuna-contra-el-covid-19\/","url":"https:\/\/www.eldiario.net\/portal\/2024\/06\/18\/demandan-a-pfizer-por-afirmaciones-enganosas-sobre-su-vacuna-contra-el-covid-19\/","name":"Demandan a Pfizer por \u201cafirmaciones enga\u00f1osas\u201d sobre su vacuna contra el COVID-19 - El Diario - Bolivia","isPartOf":{"@id":"https:\/\/www.eldiario.net\/portal\/#website"},"primaryImageOfPage":{"@id":"https:\/\/www.eldiario.net\/portal\/2024\/06\/18\/demandan-a-pfizer-por-afirmaciones-enganosas-sobre-su-vacuna-contra-el-covid-19\/#primaryimage"},"image":{"@id":"https:\/\/www.eldiario.net\/portal\/2024\/06\/18\/demandan-a-pfizer-por-afirmaciones-enganosas-sobre-su-vacuna-contra-el-covid-19\/#primaryimage"},"thumbnailUrl":"https:\/\/www.eldiario.net\/portal\/wp-content\/uploads\/2024\/06\/PFIZER.jpg","datePublished":"2024-06-18T14:31:15+00:00","breadcrumb":{"@id":"https:\/\/www.eldiario.net\/portal\/2024\/06\/18\/demandan-a-pfizer-por-afirmaciones-enganosas-sobre-su-vacuna-contra-el-covid-19\/#breadcrumb"},"inLanguage":"es","potentialAction":[{"@type":"ReadAction","target":["https:\/\/www.eldiario.net\/portal\/2024\/06\/18\/demandan-a-pfizer-por-afirmaciones-enganosas-sobre-su-vacuna-contra-el-covid-19\/"]}]},{"@type":"ImageObject","inLanguage":"es","@id":"https:\/\/www.eldiario.net\/portal\/2024\/06\/18\/demandan-a-pfizer-por-afirmaciones-enganosas-sobre-su-vacuna-contra-el-covid-19\/#primaryimage","url":"https:\/\/www.eldiario.net\/portal\/wp-content\/uploads\/2024\/06\/PFIZER.jpg","contentUrl":"https:\/\/www.eldiario.net\/portal\/wp-content\/uploads\/2024\/06\/PFIZER.jpg","width":600,"height":337,"caption":"Foto: RT."},{"@type":"BreadcrumbList","@id":"https:\/\/www.eldiario.net\/portal\/2024\/06\/18\/demandan-a-pfizer-por-afirmaciones-enganosas-sobre-su-vacuna-contra-el-covid-19\/#breadcrumb","itemListElement":[{"@type":"ListItem","position":1,"name":"Portada","item":"https:\/\/www.eldiario.net\/portal\/"},{"@type":"ListItem","position":2,"name":"Demandan a Pfizer por \u201cafirmaciones enga\u00f1osas\u201d sobre su vacuna contra el COVID-19"}]},{"@type":"WebSite","@id":"https:\/\/www.eldiario.net\/portal\/#website","url":"https:\/\/www.eldiario.net\/portal\/","name":"El Diario - Decano de la prensa nacional","description":"El Diario - Decano de la prensa nacional","publisher":{"@id":"https:\/\/www.eldiario.net\/portal\/#organization"},"potentialAction":[{"@type":"SearchAction","target":{"@type":"EntryPoint","urlTemplate":"https:\/\/www.eldiario.net\/portal\/?s={search_term_string}"},"query-input":{"@type":"PropertyValueSpecification","valueRequired":true,"valueName":"search_term_string"}}],"inLanguage":"es"},{"@type":"Organization","@id":"https:\/\/www.eldiario.net\/portal\/#organization","name":"El Diario - Decano de la prensa nacional","url":"https:\/\/www.eldiario.net\/portal\/","logo":{"@type":"ImageObject","inLanguage":"es","@id":"https:\/\/www.eldiario.net\/portal\/#\/schema\/logo\/image\/","url":"https:\/\/www.eldiario.net\/portal\/wp-content\/uploads\/2023\/07\/logo_ED.jpg","contentUrl":"https:\/\/www.eldiario.net\/portal\/wp-content\/uploads\/2023\/07\/logo_ED.jpg","width":272,"height":52,"caption":"El Diario - Decano de la prensa nacional"},"image":{"@id":"https:\/\/www.eldiario.net\/portal\/#\/schema\/logo\/image\/"},"sameAs":["https:\/\/www.facebook.com\/eldiario.bolivia\/","https:\/\/x.com\/eldiario_net"]},{"@type":"Person","@id":"https:\/\/www.eldiario.net\/portal\/#\/schema\/person\/cab1ae4db27e5f008a62cbffb05fbfee","name":"luis Camacho","image":{"@type":"ImageObject","inLanguage":"es","@id":"https:\/\/secure.gravatar.com\/avatar\/69ecb836b3826d5a2501bf06ab2a2f2c8ab211cc846758f395df21684cb38313?s=96&d=mm&r=g","url":"https:\/\/secure.gravatar.com\/avatar\/69ecb836b3826d5a2501bf06ab2a2f2c8ab211cc846758f395df21684cb38313?s=96&d=mm&r=g","contentUrl":"https:\/\/secure.gravatar.com\/avatar\/69ecb836b3826d5a2501bf06ab2a2f2c8ab211cc846758f395df21684cb38313?s=96&d=mm&r=g","caption":"luis Camacho"},"url":"https:\/\/www.eldiario.net\/portal\/author\/luis\/"}]}},"_links":{"self":[{"href":"https:\/\/www.eldiario.net\/portal\/wp-json\/wp\/v2\/posts\/228098","targetHints":{"allow":["GET"]}}],"collection":[{"href":"https:\/\/www.eldiario.net\/portal\/wp-json\/wp\/v2\/posts"}],"about":[{"href":"https:\/\/www.eldiario.net\/portal\/wp-json\/wp\/v2\/types\/post"}],"author":[{"embeddable":true,"href":"https:\/\/www.eldiario.net\/portal\/wp-json\/wp\/v2\/users\/2"}],"replies":[{"embeddable":true,"href":"https:\/\/www.eldiario.net\/portal\/wp-json\/wp\/v2\/comments?post=228098"}],"version-history":[{"count":1,"href":"https:\/\/www.eldiario.net\/portal\/wp-json\/wp\/v2\/posts\/228098\/revisions"}],"predecessor-version":[{"id":228100,"href":"https:\/\/www.eldiario.net\/portal\/wp-json\/wp\/v2\/posts\/228098\/revisions\/228100"}],"wp:featuredmedia":[{"embeddable":true,"href":"https:\/\/www.eldiario.net\/portal\/wp-json\/wp\/v2\/media\/228099"}],"wp:attachment":[{"href":"https:\/\/www.eldiario.net\/portal\/wp-json\/wp\/v2\/media?parent=228098"}],"wp:term":[{"taxonomy":"category","embeddable":true,"href":"https:\/\/www.eldiario.net\/portal\/wp-json\/wp\/v2\/categories?post=228098"},{"taxonomy":"post_tag","embeddable":true,"href":"https:\/\/www.eldiario.net\/portal\/wp-json\/wp\/v2\/tags?post=228098"}],"curies":[{"name":"wp","href":"https:\/\/api.w.org\/{rel}","templated":true}]}}