{"id":228092,"date":"2024-06-18T09:00:20","date_gmt":"2024-06-18T13:00:20","guid":{"rendered":"https:\/\/www.eldiario.net\/portal\/?p=228092"},"modified":"2024-06-18T09:00:20","modified_gmt":"2024-06-18T13:00:20","slug":"la-paz-cierran-el-carril-de-subida-de-la-avenida-villazon-para-asfaltado","status":"publish","type":"post","link":"https:\/\/www.eldiario.net\/portal\/2024\/06\/18\/la-paz-cierran-el-carril-de-subida-de-la-avenida-villazon-para-asfaltado\/","title":{"rendered":"La Paz: cierran el carril de subida de la avenida Villaz\u00f3n para asfaltado"},"content":{"rendered":"<p>El carril de subida de la avenida Villaz\u00f3n de la ciudad de La Paz ser\u00e1 cerrado para el cambio de su capa asf\u00e1ltica. El corte del tr\u00e1nsito de motorizados se efectuar\u00e1 entre las 9:30 y las 21:00 horas.<\/p>\n<p>Seg\u00fan un comunicado de la Alcald\u00eda de La Paz, el tr\u00e1nsito de motorizados estar\u00e1 restringido entre la plaza del Estudiante y la calle Goitia.<\/p>\n<p>Los conductores de veh\u00edculos tendr\u00e1n alternativas de circulaci\u00f3n por la avenida Arce y las calles Fernando Guachalla, capit\u00e1n Ravelo, Federico Zuazo, Zapata, Batall\u00f3n Colorados e incluso el carril de bajada de la avenida Villaz\u00f3n.<\/p>\n","protected":false},"excerpt":{"rendered":"<p>El carril de subida de la avenida Villaz\u00f3n de la ciudad de La Paz ser\u00e1 cerrado para el cambio de su capa asf\u00e1ltica. El corte del tr\u00e1nsito de motorizados se efectuar\u00e1 entre las 9:30 y las 21:00 horas. Seg\u00fan un comunicado de la Alcald\u00eda de La Paz, el tr\u00e1nsito de motorizados estar\u00e1 restringido entre la [&hellip;]<\/p>\n","protected":false},"author":2,"featured_media":228093,"comment_status":"open","ping_status":"open","sticky":false,"template":"","format":"standard","meta":{"_acf_changed":false,"footnotes":""},"categories":[51],"tags":[],"class_list":["post-228092","post","type-post","status-publish","format-standard","has-post-thumbnail","category-ultima-hora"],"acf":{"antetitulo":""},"yoast_head":"<!-- This site is optimized with the Yoast SEO plugin v28.3 - https:\/\/yoast.com\/product\/yoast-seo-wordpress\/ -->\n<title>La Paz: cierran el carril de subida de la avenida Villaz\u00f3n para asfaltado - El Diario - Bolivia<\/title>\n<meta name=\"robots\" content=\"index, follow, max-snippet:-1, max-image-preview:large, max-video-preview:-1\" \/>\n<link rel=\"canonical\" href=\"https:\/\/www.eldiario.net\/portal\/2024\/06\/18\/la-paz-cierran-el-carril-de-subida-de-la-avenida-villazon-para-asfaltado\/\" \/>\n<meta property=\"og:locale\" content=\"es_ES\" \/>\n<meta property=\"og:type\" content=\"article\" \/>\n<meta property=\"og:title\" content=\"La Paz: cierran el carril de subida de la avenida Villaz\u00f3n para asfaltado - El Diario - Bolivia\" \/>\n<meta property=\"og:description\" content=\"El carril de subida de la avenida Villaz\u00f3n de la ciudad de La Paz ser\u00e1 cerrado para el cambio de su capa asf\u00e1ltica. El corte del tr\u00e1nsito de motorizados se efectuar\u00e1 entre las 9:30 y las 21:00 horas. Seg\u00fan un comunicado de la Alcald\u00eda de La Paz, el tr\u00e1nsito de motorizados estar\u00e1 restringido entre la [&hellip;]\" \/>\n<meta property=\"og:url\" content=\"https:\/\/www.eldiario.net\/portal\/2024\/06\/18\/la-paz-cierran-el-carril-de-subida-de-la-avenida-villazon-para-asfaltado\/\" \/>\n<meta property=\"og:site_name\" content=\"El Diario - Bolivia\" \/>\n<meta property=\"article:publisher\" content=\"https:\/\/www.facebook.com\/eldiario.bolivia\/\" \/>\n<meta property=\"article:published_time\" content=\"2024-06-18T13:00:20+00:00\" \/>\n<meta property=\"og:image\" content=\"https:\/\/www.eldiario.net\/portal\/wp-content\/uploads\/2024\/06\/VILLAZON-18.jpg\" \/>\n\t<meta property=\"og:image:width\" content=\"696\" \/>\n\t<meta property=\"og:image:height\" content=\"464\" \/>\n\t<meta property=\"og:image:type\" content=\"image\/jpeg\" \/>\n<meta name=\"author\" content=\"luis Camacho\" \/>\n<meta name=\"twitter:card\" content=\"summary_large_image\" \/>\n<meta name=\"twitter:creator\" content=\"@eldiario_net\" \/>\n<meta name=\"twitter:site\" content=\"@eldiario_net\" \/>\n<meta name=\"twitter:label1\" content=\"Escrito por\" \/>\n\t<meta name=\"twitter:data1\" content=\"luis Camacho\" \/>\n\t<meta name=\"twitter:label2\" content=\"Tiempo de lectura\" \/>\n\t<meta name=\"twitter:data2\" content=\"1 minuto\" \/>\n<script type=\"application\/ld+json\" class=\"yoast-schema-graph\">{\"@context\":\"https:\\\/\\\/schema.org\",\"@graph\":[{\"@type\":\"Article\",\"@id\":\"https:\\\/\\\/www.eldiario.net\\\/portal\\\/2024\\\/06\\\/18\\\/la-paz-cierran-el-carril-de-subida-de-la-avenida-villazon-para-asfaltado\\\/#article\",\"isPartOf\":{\"@id\":\"https:\\\/\\\/www.eldiario.net\\\/portal\\\/2024\\\/06\\\/18\\\/la-paz-cierran-el-carril-de-subida-de-la-avenida-villazon-para-asfaltado\\\/\"},\"author\":{\"name\":\"luis Camacho\",\"@id\":\"https:\\\/\\\/www.eldiario.net\\\/portal\\\/#\\\/schema\\\/person\\\/cab1ae4db27e5f008a62cbffb05fbfee\"},\"headline\":\"La Paz: cierran el carril de subida de la avenida Villaz\u00f3n para asfaltado\",\"datePublished\":\"2024-06-18T13:00:20+00:00\",\"mainEntityOfPage\":{\"@id\":\"https:\\\/\\\/www.eldiario.net\\\/portal\\\/2024\\\/06\\\/18\\\/la-paz-cierran-el-carril-de-subida-de-la-avenida-villazon-para-asfaltado\\\/\"},\"wordCount\":120,\"commentCount\":0,\"publisher\":{\"@id\":\"https:\\\/\\\/www.eldiario.net\\\/portal\\\/#organization\"},\"image\":{\"@id\":\"https:\\\/\\\/www.eldiario.net\\\/portal\\\/2024\\\/06\\\/18\\\/la-paz-cierran-el-carril-de-subida-de-la-avenida-villazon-para-asfaltado\\\/#primaryimage\"},\"thumbnailUrl\":\"https:\\\/\\\/www.eldiario.net\\\/portal\\\/wp-content\\\/uploads\\\/2024\\\/06\\\/VILLAZON-18.jpg\",\"articleSection\":[\"\u00daltima Hora\"],\"inLanguage\":\"es\",\"potentialAction\":[{\"@type\":\"CommentAction\",\"name\":\"Comment\",\"target\":[\"https:\\\/\\\/www.eldiario.net\\\/portal\\\/2024\\\/06\\\/18\\\/la-paz-cierran-el-carril-de-subida-de-la-avenida-villazon-para-asfaltado\\\/#respond\"]}]},{\"@type\":\"WebPage\",\"@id\":\"https:\\\/\\\/www.eldiario.net\\\/portal\\\/2024\\\/06\\\/18\\\/la-paz-cierran-el-carril-de-subida-de-la-avenida-villazon-para-asfaltado\\\/\",\"url\":\"https:\\\/\\\/www.eldiario.net\\\/portal\\\/2024\\\/06\\\/18\\\/la-paz-cierran-el-carril-de-subida-de-la-avenida-villazon-para-asfaltado\\\/\",\"name\":\"La Paz: cierran el carril de subida de la avenida Villaz\u00f3n para asfaltado - El Diario - Bolivia\",\"isPartOf\":{\"@id\":\"https:\\\/\\\/www.eldiario.net\\\/portal\\\/#website\"},\"primaryImageOfPage\":{\"@id\":\"https:\\\/\\\/www.eldiario.net\\\/portal\\\/2024\\\/06\\\/18\\\/la-paz-cierran-el-carril-de-subida-de-la-avenida-villazon-para-asfaltado\\\/#primaryimage\"},\"image\":{\"@id\":\"https:\\\/\\\/www.eldiario.net\\\/portal\\\/2024\\\/06\\\/18\\\/la-paz-cierran-el-carril-de-subida-de-la-avenida-villazon-para-asfaltado\\\/#primaryimage\"},\"thumbnailUrl\":\"https:\\\/\\\/www.eldiario.net\\\/portal\\\/wp-content\\\/uploads\\\/2024\\\/06\\\/VILLAZON-18.jpg\",\"datePublished\":\"2024-06-18T13:00:20+00:00\",\"breadcrumb\":{\"@id\":\"https:\\\/\\\/www.eldiario.net\\\/portal\\\/2024\\\/06\\\/18\\\/la-paz-cierran-el-carril-de-subida-de-la-avenida-villazon-para-asfaltado\\\/#breadcrumb\"},\"inLanguage\":\"es\",\"potentialAction\":[{\"@type\":\"ReadAction\",\"target\":[\"https:\\\/\\\/www.eldiario.net\\\/portal\\\/2024\\\/06\\\/18\\\/la-paz-cierran-el-carril-de-subida-de-la-avenida-villazon-para-asfaltado\\\/\"]}]},{\"@type\":\"ImageObject\",\"inLanguage\":\"es\",\"@id\":\"https:\\\/\\\/www.eldiario.net\\\/portal\\\/2024\\\/06\\\/18\\\/la-paz-cierran-el-carril-de-subida-de-la-avenida-villazon-para-asfaltado\\\/#primaryimage\",\"url\":\"https:\\\/\\\/www.eldiario.net\\\/portal\\\/wp-content\\\/uploads\\\/2024\\\/06\\\/VILLAZON-18.jpg\",\"contentUrl\":\"https:\\\/\\\/www.eldiario.net\\\/portal\\\/wp-content\\\/uploads\\\/2024\\\/06\\\/VILLAZON-18.jpg\",\"width\":696,\"height\":464,\"caption\":\"Foto: Agencia Municipal de Noticias.\"},{\"@type\":\"BreadcrumbList\",\"@id\":\"https:\\\/\\\/www.eldiario.net\\\/portal\\\/2024\\\/06\\\/18\\\/la-paz-cierran-el-carril-de-subida-de-la-avenida-villazon-para-asfaltado\\\/#breadcrumb\",\"itemListElement\":[{\"@type\":\"ListItem\",\"position\":1,\"name\":\"Portada\",\"item\":\"https:\\\/\\\/www.eldiario.net\\\/portal\\\/\"},{\"@type\":\"ListItem\",\"position\":2,\"name\":\"La Paz: cierran el carril de subida de la avenida Villaz\u00f3n para asfaltado\"}]},{\"@type\":\"WebSite\",\"@id\":\"https:\\\/\\\/www.eldiario.net\\\/portal\\\/#website\",\"url\":\"https:\\\/\\\/www.eldiario.net\\\/portal\\\/\",\"name\":\"El Diario - Decano de la prensa nacional\",\"description\":\"El Diario - Decano de la prensa nacional\",\"publisher\":{\"@id\":\"https:\\\/\\\/www.eldiario.net\\\/portal\\\/#organization\"},\"potentialAction\":[{\"@type\":\"SearchAction\",\"target\":{\"@type\":\"EntryPoint\",\"urlTemplate\":\"https:\\\/\\\/www.eldiario.net\\\/portal\\\/?s={search_term_string}\"},\"query-input\":{\"@type\":\"PropertyValueSpecification\",\"valueRequired\":true,\"valueName\":\"search_term_string\"}}],\"inLanguage\":\"es\"},{\"@type\":\"Organization\",\"@id\":\"https:\\\/\\\/www.eldiario.net\\\/portal\\\/#organization\",\"name\":\"El Diario - Decano de la prensa nacional\",\"url\":\"https:\\\/\\\/www.eldiario.net\\\/portal\\\/\",\"logo\":{\"@type\":\"ImageObject\",\"inLanguage\":\"es\",\"@id\":\"https:\\\/\\\/www.eldiario.net\\\/portal\\\/#\\\/schema\\\/logo\\\/image\\\/\",\"url\":\"https:\\\/\\\/www.eldiario.net\\\/portal\\\/wp-content\\\/uploads\\\/2023\\\/07\\\/logo_ED.jpg\",\"contentUrl\":\"https:\\\/\\\/www.eldiario.net\\\/portal\\\/wp-content\\\/uploads\\\/2023\\\/07\\\/logo_ED.jpg\",\"width\":272,\"height\":52,\"caption\":\"El Diario - Decano de la prensa nacional\"},\"image\":{\"@id\":\"https:\\\/\\\/www.eldiario.net\\\/portal\\\/#\\\/schema\\\/logo\\\/image\\\/\"},\"sameAs\":[\"https:\\\/\\\/www.facebook.com\\\/eldiario.bolivia\\\/\",\"https:\\\/\\\/x.com\\\/eldiario_net\"]},{\"@type\":\"Person\",\"@id\":\"https:\\\/\\\/www.eldiario.net\\\/portal\\\/#\\\/schema\\\/person\\\/cab1ae4db27e5f008a62cbffb05fbfee\",\"name\":\"luis Camacho\",\"image\":{\"@type\":\"ImageObject\",\"inLanguage\":\"es\",\"@id\":\"https:\\\/\\\/secure.gravatar.com\\\/avatar\\\/69ecb836b3826d5a2501bf06ab2a2f2c8ab211cc846758f395df21684cb38313?s=96&d=mm&r=g\",\"url\":\"https:\\\/\\\/secure.gravatar.com\\\/avatar\\\/69ecb836b3826d5a2501bf06ab2a2f2c8ab211cc846758f395df21684cb38313?s=96&d=mm&r=g\",\"contentUrl\":\"https:\\\/\\\/secure.gravatar.com\\\/avatar\\\/69ecb836b3826d5a2501bf06ab2a2f2c8ab211cc846758f395df21684cb38313?s=96&d=mm&r=g\",\"caption\":\"luis Camacho\"},\"url\":\"https:\\\/\\\/www.eldiario.net\\\/portal\\\/author\\\/luis\\\/\"}]}<\/script>\n<!-- \/ Yoast SEO plugin. -->","yoast_head_json":{"title":"La Paz: cierran el carril de subida de la avenida Villaz\u00f3n para asfaltado - El Diario - Bolivia","robots":{"index":"index","follow":"follow","max-snippet":"max-snippet:-1","max-image-preview":"max-image-preview:large","max-video-preview":"max-video-preview:-1"},"canonical":"https:\/\/www.eldiario.net\/portal\/2024\/06\/18\/la-paz-cierran-el-carril-de-subida-de-la-avenida-villazon-para-asfaltado\/","og_locale":"es_ES","og_type":"article","og_title":"La Paz: cierran el carril de subida de la avenida Villaz\u00f3n para asfaltado - El Diario - Bolivia","og_description":"El carril de subida de la avenida Villaz\u00f3n de la ciudad de La Paz ser\u00e1 cerrado para el cambio de su capa asf\u00e1ltica. El corte del tr\u00e1nsito de motorizados se efectuar\u00e1 entre las 9:30 y las 21:00 horas. Seg\u00fan un comunicado de la Alcald\u00eda de La Paz, el tr\u00e1nsito de motorizados estar\u00e1 restringido entre la [&hellip;]","og_url":"https:\/\/www.eldiario.net\/portal\/2024\/06\/18\/la-paz-cierran-el-carril-de-subida-de-la-avenida-villazon-para-asfaltado\/","og_site_name":"El Diario - Bolivia","article_publisher":"https:\/\/www.facebook.com\/eldiario.bolivia\/","article_published_time":"2024-06-18T13:00:20+00:00","og_image":[{"width":696,"height":464,"url":"https:\/\/www.eldiario.net\/portal\/wp-content\/uploads\/2024\/06\/VILLAZON-18.jpg","type":"image\/jpeg"}],"author":"luis Camacho","twitter_card":"summary_large_image","twitter_creator":"@eldiario_net","twitter_site":"@eldiario_net","twitter_misc":{"Escrito por":"luis Camacho","Tiempo de lectura":"1 minuto"},"schema":{"@context":"https:\/\/schema.org","@graph":[{"@type":"Article","@id":"https:\/\/www.eldiario.net\/portal\/2024\/06\/18\/la-paz-cierran-el-carril-de-subida-de-la-avenida-villazon-para-asfaltado\/#article","isPartOf":{"@id":"https:\/\/www.eldiario.net\/portal\/2024\/06\/18\/la-paz-cierran-el-carril-de-subida-de-la-avenida-villazon-para-asfaltado\/"},"author":{"name":"luis Camacho","@id":"https:\/\/www.eldiario.net\/portal\/#\/schema\/person\/cab1ae4db27e5f008a62cbffb05fbfee"},"headline":"La Paz: cierran el carril de subida de la avenida Villaz\u00f3n para asfaltado","datePublished":"2024-06-18T13:00:20+00:00","mainEntityOfPage":{"@id":"https:\/\/www.eldiario.net\/portal\/2024\/06\/18\/la-paz-cierran-el-carril-de-subida-de-la-avenida-villazon-para-asfaltado\/"},"wordCount":120,"commentCount":0,"publisher":{"@id":"https:\/\/www.eldiario.net\/portal\/#organization"},"image":{"@id":"https:\/\/www.eldiario.net\/portal\/2024\/06\/18\/la-paz-cierran-el-carril-de-subida-de-la-avenida-villazon-para-asfaltado\/#primaryimage"},"thumbnailUrl":"https:\/\/www.eldiario.net\/portal\/wp-content\/uploads\/2024\/06\/VILLAZON-18.jpg","articleSection":["\u00daltima Hora"],"inLanguage":"es","potentialAction":[{"@type":"CommentAction","name":"Comment","target":["https:\/\/www.eldiario.net\/portal\/2024\/06\/18\/la-paz-cierran-el-carril-de-subida-de-la-avenida-villazon-para-asfaltado\/#respond"]}]},{"@type":"WebPage","@id":"https:\/\/www.eldiario.net\/portal\/2024\/06\/18\/la-paz-cierran-el-carril-de-subida-de-la-avenida-villazon-para-asfaltado\/","url":"https:\/\/www.eldiario.net\/portal\/2024\/06\/18\/la-paz-cierran-el-carril-de-subida-de-la-avenida-villazon-para-asfaltado\/","name":"La Paz: cierran el carril de subida de la avenida Villaz\u00f3n para asfaltado - El Diario - Bolivia","isPartOf":{"@id":"https:\/\/www.eldiario.net\/portal\/#website"},"primaryImageOfPage":{"@id":"https:\/\/www.eldiario.net\/portal\/2024\/06\/18\/la-paz-cierran-el-carril-de-subida-de-la-avenida-villazon-para-asfaltado\/#primaryimage"},"image":{"@id":"https:\/\/www.eldiario.net\/portal\/2024\/06\/18\/la-paz-cierran-el-carril-de-subida-de-la-avenida-villazon-para-asfaltado\/#primaryimage"},"thumbnailUrl":"https:\/\/www.eldiario.net\/portal\/wp-content\/uploads\/2024\/06\/VILLAZON-18.jpg","datePublished":"2024-06-18T13:00:20+00:00","breadcrumb":{"@id":"https:\/\/www.eldiario.net\/portal\/2024\/06\/18\/la-paz-cierran-el-carril-de-subida-de-la-avenida-villazon-para-asfaltado\/#breadcrumb"},"inLanguage":"es","potentialAction":[{"@type":"ReadAction","target":["https:\/\/www.eldiario.net\/portal\/2024\/06\/18\/la-paz-cierran-el-carril-de-subida-de-la-avenida-villazon-para-asfaltado\/"]}]},{"@type":"ImageObject","inLanguage":"es","@id":"https:\/\/www.eldiario.net\/portal\/2024\/06\/18\/la-paz-cierran-el-carril-de-subida-de-la-avenida-villazon-para-asfaltado\/#primaryimage","url":"https:\/\/www.eldiario.net\/portal\/wp-content\/uploads\/2024\/06\/VILLAZON-18.jpg","contentUrl":"https:\/\/www.eldiario.net\/portal\/wp-content\/uploads\/2024\/06\/VILLAZON-18.jpg","width":696,"height":464,"caption":"Foto: Agencia Municipal de Noticias."},{"@type":"BreadcrumbList","@id":"https:\/\/www.eldiario.net\/portal\/2024\/06\/18\/la-paz-cierran-el-carril-de-subida-de-la-avenida-villazon-para-asfaltado\/#breadcrumb","itemListElement":[{"@type":"ListItem","position":1,"name":"Portada","item":"https:\/\/www.eldiario.net\/portal\/"},{"@type":"ListItem","position":2,"name":"La Paz: cierran el carril de subida de la avenida Villaz\u00f3n para asfaltado"}]},{"@type":"WebSite","@id":"https:\/\/www.eldiario.net\/portal\/#website","url":"https:\/\/www.eldiario.net\/portal\/","name":"El Diario - Decano de la prensa nacional","description":"El Diario - Decano de la prensa nacional","publisher":{"@id":"https:\/\/www.eldiario.net\/portal\/#organization"},"potentialAction":[{"@type":"SearchAction","target":{"@type":"EntryPoint","urlTemplate":"https:\/\/www.eldiario.net\/portal\/?s={search_term_string}"},"query-input":{"@type":"PropertyValueSpecification","valueRequired":true,"valueName":"search_term_string"}}],"inLanguage":"es"},{"@type":"Organization","@id":"https:\/\/www.eldiario.net\/portal\/#organization","name":"El Diario - Decano de la prensa nacional","url":"https:\/\/www.eldiario.net\/portal\/","logo":{"@type":"ImageObject","inLanguage":"es","@id":"https:\/\/www.eldiario.net\/portal\/#\/schema\/logo\/image\/","url":"https:\/\/www.eldiario.net\/portal\/wp-content\/uploads\/2023\/07\/logo_ED.jpg","contentUrl":"https:\/\/www.eldiario.net\/portal\/wp-content\/uploads\/2023\/07\/logo_ED.jpg","width":272,"height":52,"caption":"El Diario - Decano de la prensa nacional"},"image":{"@id":"https:\/\/www.eldiario.net\/portal\/#\/schema\/logo\/image\/"},"sameAs":["https:\/\/www.facebook.com\/eldiario.bolivia\/","https:\/\/x.com\/eldiario_net"]},{"@type":"Person","@id":"https:\/\/www.eldiario.net\/portal\/#\/schema\/person\/cab1ae4db27e5f008a62cbffb05fbfee","name":"luis Camacho","image":{"@type":"ImageObject","inLanguage":"es","@id":"https:\/\/secure.gravatar.com\/avatar\/69ecb836b3826d5a2501bf06ab2a2f2c8ab211cc846758f395df21684cb38313?s=96&d=mm&r=g","url":"https:\/\/secure.gravatar.com\/avatar\/69ecb836b3826d5a2501bf06ab2a2f2c8ab211cc846758f395df21684cb38313?s=96&d=mm&r=g","contentUrl":"https:\/\/secure.gravatar.com\/avatar\/69ecb836b3826d5a2501bf06ab2a2f2c8ab211cc846758f395df21684cb38313?s=96&d=mm&r=g","caption":"luis Camacho"},"url":"https:\/\/www.eldiario.net\/portal\/author\/luis\/"}]}},"_links":{"self":[{"href":"https:\/\/www.eldiario.net\/portal\/wp-json\/wp\/v2\/posts\/228092","targetHints":{"allow":["GET"]}}],"collection":[{"href":"https:\/\/www.eldiario.net\/portal\/wp-json\/wp\/v2\/posts"}],"about":[{"href":"https:\/\/www.eldiario.net\/portal\/wp-json\/wp\/v2\/types\/post"}],"author":[{"embeddable":true,"href":"https:\/\/www.eldiario.net\/portal\/wp-json\/wp\/v2\/users\/2"}],"replies":[{"embeddable":true,"href":"https:\/\/www.eldiario.net\/portal\/wp-json\/wp\/v2\/comments?post=228092"}],"version-history":[{"count":1,"href":"https:\/\/www.eldiario.net\/portal\/wp-json\/wp\/v2\/posts\/228092\/revisions"}],"predecessor-version":[{"id":228094,"href":"https:\/\/www.eldiario.net\/portal\/wp-json\/wp\/v2\/posts\/228092\/revisions\/228094"}],"wp:featuredmedia":[{"embeddable":true,"href":"https:\/\/www.eldiario.net\/portal\/wp-json\/wp\/v2\/media\/228093"}],"wp:attachment":[{"href":"https:\/\/www.eldiario.net\/portal\/wp-json\/wp\/v2\/media?parent=228092"}],"wp:term":[{"taxonomy":"category","embeddable":true,"href":"https:\/\/www.eldiario.net\/portal\/wp-json\/wp\/v2\/categories?post=228092"},{"taxonomy":"post_tag","embeddable":true,"href":"https:\/\/www.eldiario.net\/portal\/wp-json\/wp\/v2\/tags?post=228092"}],"curies":[{"name":"wp","href":"https:\/\/api.w.org\/{rel}","templated":true}]}}