{"id":228087,"date":"2024-06-18T08:17:26","date_gmt":"2024-06-18T12:17:26","guid":{"rendered":"https:\/\/www.eldiario.net\/portal\/?p=228087"},"modified":"2024-06-18T08:17:26","modified_gmt":"2024-06-18T12:17:26","slug":"arranca-la-historica-liga-femenina","status":"publish","type":"post","link":"https:\/\/www.eldiario.net\/portal\/2024\/06\/18\/arranca-la-historica-liga-femenina\/","title":{"rendered":"Arranca la hist\u00f3rica Liga Femenina"},"content":{"rendered":"<p>Como un hecho in\u00e9dito, la Federaci\u00f3n Boliviana de F\u00fatbol (FBF) present\u00f3 la Liga Femenina este lunes en La Paz, ingresando a una era en la cual se busca la profesionalizaci\u00f3n de esta disciplina entre las damas como una conquista dentro del plan de reestructuraci\u00f3n. Este torneo contar\u00e1 con la participaci\u00f3n de 22 equipos, 16 de la Divisi\u00f3n Profesional y seis provenientes de las asociaciones.<\/p>\n<p>\u201cA finales del a\u00f1o pasado trabajamos en impulsar el f\u00fatbol femenino, tratar de darles a las futbolistas la posibilidad de disfrutar de este deporte de forma m\u00e1s profesional, que se parezca a lo que hacemos en la Divisi\u00f3n de varones, para ello se dispuso en el plan de reestructuraci\u00f3n una Liga Femenina\u201d, explic\u00f3 Klaus Von Landwust, director de Competencias de la FBF.<\/p>\n<p>Los 22 equipos que jugar\u00e1n fueron divididos en cuatro grupos, dos de cinco y dos de seis, los dos primeros avanzar\u00e1n a los cuartos de final, de ah\u00ed a la semifinal y final. En todas las fases se jugar\u00e1n compromisos de ida y vuelta. El campe\u00f3n representar\u00e1 a Bolivia en la Copa Libertadores de Am\u00e9rica 2024, a jugarse en octubre.<\/p>\n<p>Esta competencia comenzar\u00e1 el 21 de junio y se extender\u00e1 hasta el 1 de septiembre, con transmisi\u00f3n de los partidos por el Canal del F\u00fatbol de la FBF, como una de las novedades como parte del plan de masificaci\u00f3n.<\/p>\n<p>\u201cImagino que est\u00e1n ansiosas de que empiece a rodar el bal\u00f3n y de aqu\u00ed a meses tengamos un representante para la Libertadores\u201d, mencion\u00f3 Von Landwust, quien agreg\u00f3 que este torneo se jugar\u00e1 con un reglamento y convocatoria similares a los que se aplican en el campeonato de varones.<\/p>\n<p>Cada Asociaci\u00f3n Departamental deber\u00eda contar con un representante, pero s\u00f3lo seis cumplieron con los requisitos establecidos por la Federaci\u00f3n y por la CONMEBOL: el subcampe\u00f3n Astor (Cochabamba), Deportivo Fatic (La Paz), Independiente de Challapata (Oruro), Pedro Antonio Flores (Tarija), Bustillos Presto (Chuquisaca) y Deportivo Ita (Santa Cruz).<\/p>\n<p>GRUPOS<br \/>\nLos cuatro equipos est\u00e1n emparejados de acuerdo a la cercan\u00eda por regiones para reducir los costos de traslado en esta primera fase. Cada club registr\u00f3 a tres escenarios deportivos para jugar en condici\u00f3n de local.<\/p>\n<p>Always Ready (campe\u00f3n defensor), The Strongest, Bol\u00edvar, Gualberto Villarroel San Jos\u00e9, Deportivo Fatic e Independiente de Challapata forman el grupo \u201cA\u201d; Aurora, Wilstermann, FC Universitario de Vinto, San Antonio y Astor en el \u201cB\u201d; Nacional Potos\u00ed, Independiente, Real Tomayapo, Pedro Antonio Flores y Bustillos Presto en el \u201cC\u201d; Oriente Petrolero, Blooming, Royal Pari, Guabir\u00e1, Real Santa Cruz y Deportivo Ita en el \u201cD\u201d.<\/p>\n<p>Estos clubes marcaran la sostenibilidad del torneo, cada uno invertir\u00e1 en el traslado, el pago a las jugadoras y la implementaci\u00f3n del seguro de vida contra accidentes, la remuneraci\u00f3n a los \u00e1rbitros y la FBF s\u00f3lo se encargar\u00e1 de la transmisi\u00f3n televisiva.<\/p>\n","protected":false},"excerpt":{"rendered":"<p>Como un hecho in\u00e9dito, la Federaci\u00f3n Boliviana de F\u00fatbol (FBF) present\u00f3 la Liga Femenina este lunes en La Paz, ingresando a una era en la cual se busca la profesionalizaci\u00f3n de esta disciplina entre las damas como una conquista dentro del plan de reestructuraci\u00f3n. Este torneo contar\u00e1 con la participaci\u00f3n de 22 equipos, 16 de [&hellip;]<\/p>\n","protected":false},"author":2,"featured_media":228088,"comment_status":"open","ping_status":"open","sticky":false,"template":"","format":"standard","meta":{"_acf_changed":false,"footnotes":""},"categories":[6],"tags":[],"class_list":["post-228087","post","type-post","status-publish","format-standard","has-post-thumbnail","category-deportes"],"acf":{"antetitulo":""},"yoast_head":"<!-- This site is optimized with the Yoast SEO plugin v28.3 - https:\/\/yoast.com\/product\/yoast-seo-wordpress\/ -->\n<title>Arranca la hist\u00f3rica Liga Femenina - El Diario - Bolivia<\/title>\n<meta name=\"robots\" content=\"index, follow, max-snippet:-1, max-image-preview:large, max-video-preview:-1\" \/>\n<link rel=\"canonical\" href=\"https:\/\/www.eldiario.net\/portal\/2024\/06\/18\/arranca-la-historica-liga-femenina\/\" \/>\n<meta property=\"og:locale\" content=\"es_ES\" \/>\n<meta property=\"og:type\" content=\"article\" \/>\n<meta property=\"og:title\" content=\"Arranca la hist\u00f3rica Liga Femenina - El Diario - Bolivia\" \/>\n<meta property=\"og:description\" content=\"Como un hecho in\u00e9dito, la Federaci\u00f3n Boliviana de F\u00fatbol (FBF) present\u00f3 la Liga Femenina este lunes en La Paz, ingresando a una era en la cual se busca la profesionalizaci\u00f3n de esta disciplina entre las damas como una conquista dentro del plan de reestructuraci\u00f3n. Este torneo contar\u00e1 con la participaci\u00f3n de 22 equipos, 16 de [&hellip;]\" \/>\n<meta property=\"og:url\" content=\"https:\/\/www.eldiario.net\/portal\/2024\/06\/18\/arranca-la-historica-liga-femenina\/\" \/>\n<meta property=\"og:site_name\" content=\"El Diario - Bolivia\" \/>\n<meta property=\"article:publisher\" content=\"https:\/\/www.facebook.com\/eldiario.bolivia\/\" \/>\n<meta property=\"article:published_time\" content=\"2024-06-18T12:17:26+00:00\" \/>\n<meta property=\"og:image\" content=\"https:\/\/www.eldiario.net\/portal\/wp-content\/uploads\/2024\/06\/aaa.jpg\" \/>\n\t<meta property=\"og:image:width\" content=\"1100\" \/>\n\t<meta property=\"og:image:height\" content=\"734\" \/>\n\t<meta property=\"og:image:type\" content=\"image\/jpeg\" \/>\n<meta name=\"author\" content=\"luis Camacho\" \/>\n<meta name=\"twitter:card\" content=\"summary_large_image\" \/>\n<meta name=\"twitter:creator\" content=\"@eldiario_net\" \/>\n<meta name=\"twitter:site\" content=\"@eldiario_net\" \/>\n<meta name=\"twitter:label1\" content=\"Escrito por\" \/>\n\t<meta name=\"twitter:data1\" content=\"luis Camacho\" \/>\n\t<meta name=\"twitter:label2\" content=\"Tiempo de lectura\" \/>\n\t<meta name=\"twitter:data2\" content=\"3 minutos\" \/>\n<script type=\"application\/ld+json\" class=\"yoast-schema-graph\">{\"@context\":\"https:\\\/\\\/schema.org\",\"@graph\":[{\"@type\":\"Article\",\"@id\":\"https:\\\/\\\/www.eldiario.net\\\/portal\\\/2024\\\/06\\\/18\\\/arranca-la-historica-liga-femenina\\\/#article\",\"isPartOf\":{\"@id\":\"https:\\\/\\\/www.eldiario.net\\\/portal\\\/2024\\\/06\\\/18\\\/arranca-la-historica-liga-femenina\\\/\"},\"author\":{\"name\":\"luis Camacho\",\"@id\":\"https:\\\/\\\/www.eldiario.net\\\/portal\\\/#\\\/schema\\\/person\\\/cab1ae4db27e5f008a62cbffb05fbfee\"},\"headline\":\"Arranca la hist\u00f3rica Liga Femenina\",\"datePublished\":\"2024-06-18T12:17:26+00:00\",\"mainEntityOfPage\":{\"@id\":\"https:\\\/\\\/www.eldiario.net\\\/portal\\\/2024\\\/06\\\/18\\\/arranca-la-historica-liga-femenina\\\/\"},\"wordCount\":497,\"commentCount\":0,\"publisher\":{\"@id\":\"https:\\\/\\\/www.eldiario.net\\\/portal\\\/#organization\"},\"image\":{\"@id\":\"https:\\\/\\\/www.eldiario.net\\\/portal\\\/2024\\\/06\\\/18\\\/arranca-la-historica-liga-femenina\\\/#primaryimage\"},\"thumbnailUrl\":\"https:\\\/\\\/www.eldiario.net\\\/portal\\\/wp-content\\\/uploads\\\/2024\\\/06\\\/aaa.jpg\",\"articleSection\":[\"Deportes\"],\"inLanguage\":\"es\",\"potentialAction\":[{\"@type\":\"CommentAction\",\"name\":\"Comment\",\"target\":[\"https:\\\/\\\/www.eldiario.net\\\/portal\\\/2024\\\/06\\\/18\\\/arranca-la-historica-liga-femenina\\\/#respond\"]}]},{\"@type\":\"WebPage\",\"@id\":\"https:\\\/\\\/www.eldiario.net\\\/portal\\\/2024\\\/06\\\/18\\\/arranca-la-historica-liga-femenina\\\/\",\"url\":\"https:\\\/\\\/www.eldiario.net\\\/portal\\\/2024\\\/06\\\/18\\\/arranca-la-historica-liga-femenina\\\/\",\"name\":\"Arranca la hist\u00f3rica Liga Femenina - El Diario - Bolivia\",\"isPartOf\":{\"@id\":\"https:\\\/\\\/www.eldiario.net\\\/portal\\\/#website\"},\"primaryImageOfPage\":{\"@id\":\"https:\\\/\\\/www.eldiario.net\\\/portal\\\/2024\\\/06\\\/18\\\/arranca-la-historica-liga-femenina\\\/#primaryimage\"},\"image\":{\"@id\":\"https:\\\/\\\/www.eldiario.net\\\/portal\\\/2024\\\/06\\\/18\\\/arranca-la-historica-liga-femenina\\\/#primaryimage\"},\"thumbnailUrl\":\"https:\\\/\\\/www.eldiario.net\\\/portal\\\/wp-content\\\/uploads\\\/2024\\\/06\\\/aaa.jpg\",\"datePublished\":\"2024-06-18T12:17:26+00:00\",\"breadcrumb\":{\"@id\":\"https:\\\/\\\/www.eldiario.net\\\/portal\\\/2024\\\/06\\\/18\\\/arranca-la-historica-liga-femenina\\\/#breadcrumb\"},\"inLanguage\":\"es\",\"potentialAction\":[{\"@type\":\"ReadAction\",\"target\":[\"https:\\\/\\\/www.eldiario.net\\\/portal\\\/2024\\\/06\\\/18\\\/arranca-la-historica-liga-femenina\\\/\"]}]},{\"@type\":\"ImageObject\",\"inLanguage\":\"es\",\"@id\":\"https:\\\/\\\/www.eldiario.net\\\/portal\\\/2024\\\/06\\\/18\\\/arranca-la-historica-liga-femenina\\\/#primaryimage\",\"url\":\"https:\\\/\\\/www.eldiario.net\\\/portal\\\/wp-content\\\/uploads\\\/2024\\\/06\\\/aaa.jpg\",\"contentUrl\":\"https:\\\/\\\/www.eldiario.net\\\/portal\\\/wp-content\\\/uploads\\\/2024\\\/06\\\/aaa.jpg\",\"width\":1100,\"height\":734},{\"@type\":\"BreadcrumbList\",\"@id\":\"https:\\\/\\\/www.eldiario.net\\\/portal\\\/2024\\\/06\\\/18\\\/arranca-la-historica-liga-femenina\\\/#breadcrumb\",\"itemListElement\":[{\"@type\":\"ListItem\",\"position\":1,\"name\":\"Portada\",\"item\":\"https:\\\/\\\/www.eldiario.net\\\/portal\\\/\"},{\"@type\":\"ListItem\",\"position\":2,\"name\":\"Arranca la hist\u00f3rica Liga Femenina\"}]},{\"@type\":\"WebSite\",\"@id\":\"https:\\\/\\\/www.eldiario.net\\\/portal\\\/#website\",\"url\":\"https:\\\/\\\/www.eldiario.net\\\/portal\\\/\",\"name\":\"El Diario - Decano de la prensa nacional\",\"description\":\"El Diario - Decano de la prensa nacional\",\"publisher\":{\"@id\":\"https:\\\/\\\/www.eldiario.net\\\/portal\\\/#organization\"},\"potentialAction\":[{\"@type\":\"SearchAction\",\"target\":{\"@type\":\"EntryPoint\",\"urlTemplate\":\"https:\\\/\\\/www.eldiario.net\\\/portal\\\/?s={search_term_string}\"},\"query-input\":{\"@type\":\"PropertyValueSpecification\",\"valueRequired\":true,\"valueName\":\"search_term_string\"}}],\"inLanguage\":\"es\"},{\"@type\":\"Organization\",\"@id\":\"https:\\\/\\\/www.eldiario.net\\\/portal\\\/#organization\",\"name\":\"El Diario - Decano de la prensa nacional\",\"url\":\"https:\\\/\\\/www.eldiario.net\\\/portal\\\/\",\"logo\":{\"@type\":\"ImageObject\",\"inLanguage\":\"es\",\"@id\":\"https:\\\/\\\/www.eldiario.net\\\/portal\\\/#\\\/schema\\\/logo\\\/image\\\/\",\"url\":\"https:\\\/\\\/www.eldiario.net\\\/portal\\\/wp-content\\\/uploads\\\/2023\\\/07\\\/logo_ED.jpg\",\"contentUrl\":\"https:\\\/\\\/www.eldiario.net\\\/portal\\\/wp-content\\\/uploads\\\/2023\\\/07\\\/logo_ED.jpg\",\"width\":272,\"height\":52,\"caption\":\"El Diario - Decano de la prensa nacional\"},\"image\":{\"@id\":\"https:\\\/\\\/www.eldiario.net\\\/portal\\\/#\\\/schema\\\/logo\\\/image\\\/\"},\"sameAs\":[\"https:\\\/\\\/www.facebook.com\\\/eldiario.bolivia\\\/\",\"https:\\\/\\\/x.com\\\/eldiario_net\"]},{\"@type\":\"Person\",\"@id\":\"https:\\\/\\\/www.eldiario.net\\\/portal\\\/#\\\/schema\\\/person\\\/cab1ae4db27e5f008a62cbffb05fbfee\",\"name\":\"luis Camacho\",\"image\":{\"@type\":\"ImageObject\",\"inLanguage\":\"es\",\"@id\":\"https:\\\/\\\/secure.gravatar.com\\\/avatar\\\/69ecb836b3826d5a2501bf06ab2a2f2c8ab211cc846758f395df21684cb38313?s=96&d=mm&r=g\",\"url\":\"https:\\\/\\\/secure.gravatar.com\\\/avatar\\\/69ecb836b3826d5a2501bf06ab2a2f2c8ab211cc846758f395df21684cb38313?s=96&d=mm&r=g\",\"contentUrl\":\"https:\\\/\\\/secure.gravatar.com\\\/avatar\\\/69ecb836b3826d5a2501bf06ab2a2f2c8ab211cc846758f395df21684cb38313?s=96&d=mm&r=g\",\"caption\":\"luis Camacho\"},\"url\":\"https:\\\/\\\/www.eldiario.net\\\/portal\\\/author\\\/luis\\\/\"}]}<\/script>\n<!-- \/ Yoast SEO plugin. -->","yoast_head_json":{"title":"Arranca la hist\u00f3rica Liga Femenina - El Diario - Bolivia","robots":{"index":"index","follow":"follow","max-snippet":"max-snippet:-1","max-image-preview":"max-image-preview:large","max-video-preview":"max-video-preview:-1"},"canonical":"https:\/\/www.eldiario.net\/portal\/2024\/06\/18\/arranca-la-historica-liga-femenina\/","og_locale":"es_ES","og_type":"article","og_title":"Arranca la hist\u00f3rica Liga Femenina - El Diario - Bolivia","og_description":"Como un hecho in\u00e9dito, la Federaci\u00f3n Boliviana de F\u00fatbol (FBF) present\u00f3 la Liga Femenina este lunes en La Paz, ingresando a una era en la cual se busca la profesionalizaci\u00f3n de esta disciplina entre las damas como una conquista dentro del plan de reestructuraci\u00f3n. Este torneo contar\u00e1 con la participaci\u00f3n de 22 equipos, 16 de [&hellip;]","og_url":"https:\/\/www.eldiario.net\/portal\/2024\/06\/18\/arranca-la-historica-liga-femenina\/","og_site_name":"El Diario - Bolivia","article_publisher":"https:\/\/www.facebook.com\/eldiario.bolivia\/","article_published_time":"2024-06-18T12:17:26+00:00","og_image":[{"width":1100,"height":734,"url":"https:\/\/www.eldiario.net\/portal\/wp-content\/uploads\/2024\/06\/aaa.jpg","type":"image\/jpeg"}],"author":"luis Camacho","twitter_card":"summary_large_image","twitter_creator":"@eldiario_net","twitter_site":"@eldiario_net","twitter_misc":{"Escrito por":"luis Camacho","Tiempo de lectura":"3 minutos"},"schema":{"@context":"https:\/\/schema.org","@graph":[{"@type":"Article","@id":"https:\/\/www.eldiario.net\/portal\/2024\/06\/18\/arranca-la-historica-liga-femenina\/#article","isPartOf":{"@id":"https:\/\/www.eldiario.net\/portal\/2024\/06\/18\/arranca-la-historica-liga-femenina\/"},"author":{"name":"luis Camacho","@id":"https:\/\/www.eldiario.net\/portal\/#\/schema\/person\/cab1ae4db27e5f008a62cbffb05fbfee"},"headline":"Arranca la hist\u00f3rica Liga Femenina","datePublished":"2024-06-18T12:17:26+00:00","mainEntityOfPage":{"@id":"https:\/\/www.eldiario.net\/portal\/2024\/06\/18\/arranca-la-historica-liga-femenina\/"},"wordCount":497,"commentCount":0,"publisher":{"@id":"https:\/\/www.eldiario.net\/portal\/#organization"},"image":{"@id":"https:\/\/www.eldiario.net\/portal\/2024\/06\/18\/arranca-la-historica-liga-femenina\/#primaryimage"},"thumbnailUrl":"https:\/\/www.eldiario.net\/portal\/wp-content\/uploads\/2024\/06\/aaa.jpg","articleSection":["Deportes"],"inLanguage":"es","potentialAction":[{"@type":"CommentAction","name":"Comment","target":["https:\/\/www.eldiario.net\/portal\/2024\/06\/18\/arranca-la-historica-liga-femenina\/#respond"]}]},{"@type":"WebPage","@id":"https:\/\/www.eldiario.net\/portal\/2024\/06\/18\/arranca-la-historica-liga-femenina\/","url":"https:\/\/www.eldiario.net\/portal\/2024\/06\/18\/arranca-la-historica-liga-femenina\/","name":"Arranca la hist\u00f3rica Liga Femenina - El Diario - Bolivia","isPartOf":{"@id":"https:\/\/www.eldiario.net\/portal\/#website"},"primaryImageOfPage":{"@id":"https:\/\/www.eldiario.net\/portal\/2024\/06\/18\/arranca-la-historica-liga-femenina\/#primaryimage"},"image":{"@id":"https:\/\/www.eldiario.net\/portal\/2024\/06\/18\/arranca-la-historica-liga-femenina\/#primaryimage"},"thumbnailUrl":"https:\/\/www.eldiario.net\/portal\/wp-content\/uploads\/2024\/06\/aaa.jpg","datePublished":"2024-06-18T12:17:26+00:00","breadcrumb":{"@id":"https:\/\/www.eldiario.net\/portal\/2024\/06\/18\/arranca-la-historica-liga-femenina\/#breadcrumb"},"inLanguage":"es","potentialAction":[{"@type":"ReadAction","target":["https:\/\/www.eldiario.net\/portal\/2024\/06\/18\/arranca-la-historica-liga-femenina\/"]}]},{"@type":"ImageObject","inLanguage":"es","@id":"https:\/\/www.eldiario.net\/portal\/2024\/06\/18\/arranca-la-historica-liga-femenina\/#primaryimage","url":"https:\/\/www.eldiario.net\/portal\/wp-content\/uploads\/2024\/06\/aaa.jpg","contentUrl":"https:\/\/www.eldiario.net\/portal\/wp-content\/uploads\/2024\/06\/aaa.jpg","width":1100,"height":734},{"@type":"BreadcrumbList","@id":"https:\/\/www.eldiario.net\/portal\/2024\/06\/18\/arranca-la-historica-liga-femenina\/#breadcrumb","itemListElement":[{"@type":"ListItem","position":1,"name":"Portada","item":"https:\/\/www.eldiario.net\/portal\/"},{"@type":"ListItem","position":2,"name":"Arranca la hist\u00f3rica Liga Femenina"}]},{"@type":"WebSite","@id":"https:\/\/www.eldiario.net\/portal\/#website","url":"https:\/\/www.eldiario.net\/portal\/","name":"El Diario - Decano de la prensa nacional","description":"El Diario - Decano de la prensa nacional","publisher":{"@id":"https:\/\/www.eldiario.net\/portal\/#organization"},"potentialAction":[{"@type":"SearchAction","target":{"@type":"EntryPoint","urlTemplate":"https:\/\/www.eldiario.net\/portal\/?s={search_term_string}"},"query-input":{"@type":"PropertyValueSpecification","valueRequired":true,"valueName":"search_term_string"}}],"inLanguage":"es"},{"@type":"Organization","@id":"https:\/\/www.eldiario.net\/portal\/#organization","name":"El Diario - Decano de la prensa nacional","url":"https:\/\/www.eldiario.net\/portal\/","logo":{"@type":"ImageObject","inLanguage":"es","@id":"https:\/\/www.eldiario.net\/portal\/#\/schema\/logo\/image\/","url":"https:\/\/www.eldiario.net\/portal\/wp-content\/uploads\/2023\/07\/logo_ED.jpg","contentUrl":"https:\/\/www.eldiario.net\/portal\/wp-content\/uploads\/2023\/07\/logo_ED.jpg","width":272,"height":52,"caption":"El Diario - Decano de la prensa nacional"},"image":{"@id":"https:\/\/www.eldiario.net\/portal\/#\/schema\/logo\/image\/"},"sameAs":["https:\/\/www.facebook.com\/eldiario.bolivia\/","https:\/\/x.com\/eldiario_net"]},{"@type":"Person","@id":"https:\/\/www.eldiario.net\/portal\/#\/schema\/person\/cab1ae4db27e5f008a62cbffb05fbfee","name":"luis Camacho","image":{"@type":"ImageObject","inLanguage":"es","@id":"https:\/\/secure.gravatar.com\/avatar\/69ecb836b3826d5a2501bf06ab2a2f2c8ab211cc846758f395df21684cb38313?s=96&d=mm&r=g","url":"https:\/\/secure.gravatar.com\/avatar\/69ecb836b3826d5a2501bf06ab2a2f2c8ab211cc846758f395df21684cb38313?s=96&d=mm&r=g","contentUrl":"https:\/\/secure.gravatar.com\/avatar\/69ecb836b3826d5a2501bf06ab2a2f2c8ab211cc846758f395df21684cb38313?s=96&d=mm&r=g","caption":"luis Camacho"},"url":"https:\/\/www.eldiario.net\/portal\/author\/luis\/"}]}},"_links":{"self":[{"href":"https:\/\/www.eldiario.net\/portal\/wp-json\/wp\/v2\/posts\/228087","targetHints":{"allow":["GET"]}}],"collection":[{"href":"https:\/\/www.eldiario.net\/portal\/wp-json\/wp\/v2\/posts"}],"about":[{"href":"https:\/\/www.eldiario.net\/portal\/wp-json\/wp\/v2\/types\/post"}],"author":[{"embeddable":true,"href":"https:\/\/www.eldiario.net\/portal\/wp-json\/wp\/v2\/users\/2"}],"replies":[{"embeddable":true,"href":"https:\/\/www.eldiario.net\/portal\/wp-json\/wp\/v2\/comments?post=228087"}],"version-history":[{"count":1,"href":"https:\/\/www.eldiario.net\/portal\/wp-json\/wp\/v2\/posts\/228087\/revisions"}],"predecessor-version":[{"id":228089,"href":"https:\/\/www.eldiario.net\/portal\/wp-json\/wp\/v2\/posts\/228087\/revisions\/228089"}],"wp:featuredmedia":[{"embeddable":true,"href":"https:\/\/www.eldiario.net\/portal\/wp-json\/wp\/v2\/media\/228088"}],"wp:attachment":[{"href":"https:\/\/www.eldiario.net\/portal\/wp-json\/wp\/v2\/media?parent=228087"}],"wp:term":[{"taxonomy":"category","embeddable":true,"href":"https:\/\/www.eldiario.net\/portal\/wp-json\/wp\/v2\/categories?post=228087"},{"taxonomy":"post_tag","embeddable":true,"href":"https:\/\/www.eldiario.net\/portal\/wp-json\/wp\/v2\/tags?post=228087"}],"curies":[{"name":"wp","href":"https:\/\/api.w.org\/{rel}","templated":true}]}}